{"id":17831,"date":"2020-03-16T22:40:22","date_gmt":"2020-03-16T21:40:22","guid":{"rendered":"https:\/\/hijascaridad.sjdigitaldemo.ovh\/fr-tomaz-mavric-cm-superior-general-visits-the-daughters-of-charity-in-australia\/"},"modified":"2024-03-17T18:42:15","modified_gmt":"2024-03-17T17:42:15","slug":"fr-tomaz-mavric-cm-superior-general-visits-the-daughters-of-charity-in-australia","status":"publish","type":"post","link":"https:\/\/filles-de-la-charite.org\/en\/fr-tomaz-mavric-cm-superior-general-visits-the-daughters-of-charity-in-australia\/","title":{"rendered":"Fr. Toma\u017e Mavri\u010d CM, Superior General, visits the Daughters of Charity in Australia"},"content":{"rendered":"\n<p>During his visitation of the Congregation of the Mission, Province of Oceania, Fr Toma\u017e also visited the Daughters of Charity. He arrived on Tuesday, February 11th after a flight back from Melbourne where he met with CM Confreres and our three resident Daughters of Charity.<\/p>\n\n\n\n<p>Twenty-five DCs gathered to welcome Fr Toma\u017e. He entered the Meeting Room and personally greeted every Sister before sitting down to a cup of tea. This gesture put everyone at ease. Fr Toma\u017e then gave us an informal address, followed by questions and answers. We loved his simplicity in responding to Sisters\u2019 questions and we admired his knowledge of world events not necessarily connected to the Vincentian Family.<\/p>\n\n\n\n<div class=\"wp-block-image\"><figure class=\"alignright\"><img decoding=\"async\" src=\"https:\/\/filles-de-la-charite.org\/wp-content\/uploads\/2023\/06\/0316-Australia-2-240x300.jpg\" alt=\"\" class=\"wp-image-40561\" \/><\/figure><\/div>\n\n\n\n<p>After an hour of conversation, I accompanied him on a visit to four of our Sisters who are in Care at our Bethany Villa Nursing Home located next door. Three of these Sisters are well into their nineties but their delight at seeing our Superior General and responding to him was a joy to behold. The third Sister was in bed, her smile was brilliant and her face radiant as she was introduced to Fr Toma\u017e. His visit to the fourth Sister was longer because she was able to engage herself longer! This Sister has admired the writings of Fr Toma\u017e and she gladly let him know of her admiration! She then proceeded to tell him of her activities at Bethany Villa e.g. poetry sessions with a small group of the residents, weekly reflections during the Seasons of Advent and Lent, again with a group of residents. Fr Toma\u017e invited Sister to recite a poem and she did so verse after verse for at least three minutes without a single word in front of her or without any prompting! Fr Toma\u017e was fascinated! In Australia we would say \u201che was gob-smacked\u201d!!!<\/p>\n\n\n\n<p>Fr Toma\u017e and I then walked briefly through the Home visiting very quickly three residents. One had been our Business Manager and on the Provincial Advisory Board for many years. Now he is in his nineties and is resident with his wife at our St. Catherine\u2019s Aged Care Facility. In gratitude for his years of dedicated service to the Community and his loyal friendship with the Sisters, I introduced Fr Toma\u017e to the couple. Next Fr Toma\u017e visited an Italian lady, resident for some time at St. Catherine\u2019s and sadly is now bed-ridden. They shared a great conversation in Italian! Finally, Fr Toma\u017e blessed one of our Sister\u2019s blood sister who is in Care.<\/p>\n\n\n\n<div class=\"wp-block-image\"><figure class=\"aligncenter\"><img decoding=\"async\" src=\"https:\/\/filles-de-la-charite.org\/wp-content\/uploads\/2023\/06\/0316-Australia-1.jpg\" alt=\"\" class=\"wp-image-40560\" \/><\/figure><\/div>\n\n\n\n<p>Back at the Meeting Room Fr Toma\u017e celebrated Eucharist and the evening concluded with a simple meal together. February 11th was not only the Feast of Our Lady of Lourdes but it was also exactly a month before the Provinces of Australia and Great Britain integrate to form the Province of Rosalie Rendu.<\/p>\n\n\n\n<div class=\"wp-block-image\"><figure class=\"aligncenter\"><img decoding=\"async\" src=\"https:\/\/filles-de-la-charite.org\/wp-content\/uploads\/2023\/06\/0316-Australia-5.jpg\" alt=\"\" class=\"wp-image-40564\" \/><\/figure><\/div>\n\n\n\n<p>Fr Toma\u017e was very generous with his time and several of the Sisters took the opportunity to speak with him personally about their past or present ministries, their interest in our Sisters\u2019 engagements in other parts of the world where there is much suffering. They were also interested in Fr Toma\u017e\u2019 reference to being instruments of change through Vincentian representation at the United Nations level.<\/p>\n\n\n\n<div class=\"wp-block-image\"><figure class=\"aligncenter\"><img decoding=\"async\" src=\"https:\/\/filles-de-la-charite.org\/wp-content\/uploads\/2023\/06\/0316-Australia-3.jpg\" alt=\"\" class=\"wp-image-40562\" \/><\/figure><\/div>\n\n\n\n<p>Reference the bush fires which made world news! While our Sisters, their families, homes, and the people we minister to were not affected, thank God, nonetheless there were many tragedies involving loss of lives, properties, and livestock. Australians are very generous and more so when such disasters or tragedies occur. For months our greatest prayer was to intercede for good soaking rains. Eventually God answered by sending down torrential non-stop rains and storms for three whole days. These also caused havoc but God graciously answered world pleas on behalf of our country and the dams are no longer dry. During these non-stop rains a huge tree fell at an angle over the roof of St. Catherine\u2019s Aged Care Facility and five of the residents had to be moved over to another section of the Home. Thank God, however, none of these residents were hurt. Their rooms are still under repair. The evening that Fr Toma\u017e arrived in Sydney was the first of the rainy stormy nights!<\/p>\n\n\n\n<p class=\"has-text-align-right\"><i style=\"color: #0432ff\">Sr Celine Quadros\nDaughter of Charity<\/i><\/p>\n\n\n\n<div class=\"wp-block-image\"><figure class=\"aligncenter\"><img decoding=\"async\" src=\"https:\/\/filles-de-la-charite.org\/wp-content\/uploads\/2023\/06\/0316-Australia-4.jpg\" alt=\"\" class=\"wp-image-40563\" \/><\/figure><\/div>\n","protected":false},"excerpt":{"rendered":"<p>During his visitation of the Congregation of the Mission, Province of Oceania, Fr Toma\u017e also visited the Daughters of Charity. He arrived on Tuesday, February 11th after a flight back from Melbourne where he met with CM Confreres and our three resident Daughters of Charity. Twenty-five DCs gathered to welcome Fr Toma\u017e. He entered the [&hellip;]<\/p>\n","protected":false},"author":1,"featured_media":14587,"comment_status":"closed","ping_status":"closed","sticky":false,"template":"","format":"standard","meta":{"_acf_changed":false,"_et_pb_use_builder":"","_et_pb_old_content":"","_et_gb_content_width":"","footnotes":"","_links_to":"","_links_to_target":""},"categories":[672],"tags":[],"class_list":["post-17831","post","type-post","status-publish","format-standard","has-post-thumbnail","hentry","category-rosalie-rendu-uk-australia-en"],"acf":[],"yoast_head":"<!-- This site is optimized with the Yoast SEO plugin v27.5 - https:\/\/yoast.com\/product\/yoast-seo-wordpress\/ -->\n<title>Fr. Toma\u017e Mavri\u010d CM, Superior General, visits the Daughters of Charity in Australia - Filles de la Charit\u00e9<\/title>\n<meta name=\"robots\" content=\"index, follow, max-snippet:-1, max-image-preview:large, max-video-preview:-1\" \/>\n<link rel=\"canonical\" href=\"https:\/\/filles-de-la-charite.org\/en\/fr-tomaz-mavric-cm-superior-general-visits-the-daughters-of-charity-in-australia\/\" \/>\n<meta property=\"og:locale\" content=\"en_US\" \/>\n<meta property=\"og:type\" content=\"article\" \/>\n<meta property=\"og:title\" content=\"Fr. Toma\u017e Mavri\u010d CM, Superior General, visits the Daughters of Charity in Australia - Filles de la Charit\u00e9\" \/>\n<meta property=\"og:description\" content=\"During his visitation of the Congregation of the Mission, Province of Oceania, Fr Toma\u017e also visited the Daughters of Charity. He arrived on Tuesday, February 11th after a flight back from Melbourne where he met with CM Confreres and our three resident Daughters of Charity. Twenty-five DCs gathered to welcome Fr Toma\u017e. He entered the [&hellip;]\" \/>\n<meta property=\"og:url\" content=\"https:\/\/filles-de-la-charite.org\/en\/fr-tomaz-mavric-cm-superior-general-visits-the-daughters-of-charity-in-australia\/\" \/>\n<meta property=\"og:site_name\" content=\"Filles de la Charit\u00e9\" \/>\n<meta property=\"article:published_time\" content=\"2020-03-16T21:40:22+00:00\" \/>\n<meta property=\"article:modified_time\" content=\"2024-03-17T17:42:15+00:00\" \/>\n<meta property=\"og:image\" content=\"https:\/\/filles-de-la-charite.org\/wp-content\/uploads\/2023\/06\/0316-Australia-5.jpg\" \/>\n\t<meta property=\"og:image:width\" content=\"1280\" \/>\n\t<meta property=\"og:image:height\" content=\"720\" \/>\n\t<meta property=\"og:image:type\" content=\"image\/jpeg\" \/>\n<meta name=\"author\" content=\"admin\" \/>\n<meta name=\"twitter:card\" content=\"summary_large_image\" \/>\n<meta name=\"twitter:label1\" content=\"Written by\" \/>\n\t<meta name=\"twitter:data1\" content=\"admin\" \/>\n\t<meta name=\"twitter:label2\" content=\"Est. reading time\" \/>\n\t<meta name=\"twitter:data2\" content=\"4 minutes\" \/>\n<script type=\"application\/ld+json\" class=\"yoast-schema-graph\">{\"@context\":\"https:\\\/\\\/schema.org\",\"@graph\":[{\"@type\":\"Article\",\"@id\":\"https:\\\/\\\/filles-de-la-charite.org\\\/en\\\/fr-tomaz-mavric-cm-superior-general-visits-the-daughters-of-charity-in-australia\\\/#article\",\"isPartOf\":{\"@id\":\"https:\\\/\\\/filles-de-la-charite.org\\\/en\\\/fr-tomaz-mavric-cm-superior-general-visits-the-daughters-of-charity-in-australia\\\/\"},\"author\":{\"name\":\"admin\",\"@id\":\"https:\\\/\\\/filles-de-la-charite.org\\\/en\\\/#\\\/schema\\\/person\\\/427567b2eccfc2dd7d206da186a1f438\"},\"headline\":\"Fr. Toma\u017e Mavri\u010d CM, Superior General, visits the Daughters of Charity in Australia\",\"datePublished\":\"2020-03-16T21:40:22+00:00\",\"dateModified\":\"2024-03-17T17:42:15+00:00\",\"mainEntityOfPage\":{\"@id\":\"https:\\\/\\\/filles-de-la-charite.org\\\/en\\\/fr-tomaz-mavric-cm-superior-general-visits-the-daughters-of-charity-in-australia\\\/\"},\"wordCount\":726,\"publisher\":{\"@id\":\"https:\\\/\\\/filles-de-la-charite.org\\\/en\\\/#organization\"},\"image\":{\"@id\":\"https:\\\/\\\/filles-de-la-charite.org\\\/en\\\/fr-tomaz-mavric-cm-superior-general-visits-the-daughters-of-charity-in-australia\\\/#primaryimage\"},\"thumbnailUrl\":\"https:\\\/\\\/filles-de-la-charite.org\\\/wp-content\\\/uploads\\\/2023\\\/06\\\/0316-Australia-5.jpg\",\"articleSection\":[\"Rosalie Rendu - UK &amp; Australia\"],\"inLanguage\":\"en-US\"},{\"@type\":\"WebPage\",\"@id\":\"https:\\\/\\\/filles-de-la-charite.org\\\/en\\\/fr-tomaz-mavric-cm-superior-general-visits-the-daughters-of-charity-in-australia\\\/\",\"url\":\"https:\\\/\\\/filles-de-la-charite.org\\\/en\\\/fr-tomaz-mavric-cm-superior-general-visits-the-daughters-of-charity-in-australia\\\/\",\"name\":\"Fr. Toma\u017e Mavri\u010d CM, Superior General, visits the Daughters of Charity in Australia - Filles de la Charit\u00e9\",\"isPartOf\":{\"@id\":\"https:\\\/\\\/filles-de-la-charite.org\\\/en\\\/#website\"},\"primaryImageOfPage\":{\"@id\":\"https:\\\/\\\/filles-de-la-charite.org\\\/en\\\/fr-tomaz-mavric-cm-superior-general-visits-the-daughters-of-charity-in-australia\\\/#primaryimage\"},\"image\":{\"@id\":\"https:\\\/\\\/filles-de-la-charite.org\\\/en\\\/fr-tomaz-mavric-cm-superior-general-visits-the-daughters-of-charity-in-australia\\\/#primaryimage\"},\"thumbnailUrl\":\"https:\\\/\\\/filles-de-la-charite.org\\\/wp-content\\\/uploads\\\/2023\\\/06\\\/0316-Australia-5.jpg\",\"datePublished\":\"2020-03-16T21:40:22+00:00\",\"dateModified\":\"2024-03-17T17:42:15+00:00\",\"breadcrumb\":{\"@id\":\"https:\\\/\\\/filles-de-la-charite.org\\\/en\\\/fr-tomaz-mavric-cm-superior-general-visits-the-daughters-of-charity-in-australia\\\/#breadcrumb\"},\"inLanguage\":\"en-US\",\"potentialAction\":[{\"@type\":\"ReadAction\",\"target\":[\"https:\\\/\\\/filles-de-la-charite.org\\\/en\\\/fr-tomaz-mavric-cm-superior-general-visits-the-daughters-of-charity-in-australia\\\/\"]}]},{\"@type\":\"ImageObject\",\"inLanguage\":\"en-US\",\"@id\":\"https:\\\/\\\/filles-de-la-charite.org\\\/en\\\/fr-tomaz-mavric-cm-superior-general-visits-the-daughters-of-charity-in-australia\\\/#primaryimage\",\"url\":\"https:\\\/\\\/filles-de-la-charite.org\\\/wp-content\\\/uploads\\\/2023\\\/06\\\/0316-Australia-5.jpg\",\"contentUrl\":\"https:\\\/\\\/filles-de-la-charite.org\\\/wp-content\\\/uploads\\\/2023\\\/06\\\/0316-Australia-5.jpg\",\"width\":1280,\"height\":720},{\"@type\":\"BreadcrumbList\",\"@id\":\"https:\\\/\\\/filles-de-la-charite.org\\\/en\\\/fr-tomaz-mavric-cm-superior-general-visits-the-daughters-of-charity-in-australia\\\/#breadcrumb\",\"itemListElement\":[{\"@type\":\"ListItem\",\"position\":1,\"name\":\"Saint Louise \u2013 Asia\",\"item\":\"https:\\\/\\\/filles-de-la-charite.org\\\/en\\\/category\\\/santa-luisa-asia-en\\\/\"},{\"@type\":\"ListItem\",\"position\":2,\"name\":\"Fr. Toma\u017e Mavri\u010d CM, Superior General, visits the Daughters of Charity in Australia\"}]},{\"@type\":\"WebSite\",\"@id\":\"https:\\\/\\\/filles-de-la-charite.org\\\/en\\\/#website\",\"url\":\"https:\\\/\\\/filles-de-la-charite.org\\\/en\\\/\",\"name\":\"Hijas de la Caridad\",\"description\":\"El amor de Jes\u00fas nos urge a cuidar la vida de los m\u00e1s necesitados\",\"publisher\":{\"@id\":\"https:\\\/\\\/filles-de-la-charite.org\\\/en\\\/#organization\"},\"potentialAction\":[{\"@type\":\"SearchAction\",\"target\":{\"@type\":\"EntryPoint\",\"urlTemplate\":\"https:\\\/\\\/filles-de-la-charite.org\\\/en\\\/?s={search_term_string}\"},\"query-input\":{\"@type\":\"PropertyValueSpecification\",\"valueRequired\":true,\"valueName\":\"search_term_string\"}}],\"inLanguage\":\"en-US\"},{\"@type\":\"Organization\",\"@id\":\"https:\\\/\\\/filles-de-la-charite.org\\\/en\\\/#organization\",\"name\":\"Hijas de la Caridad\",\"url\":\"https:\\\/\\\/filles-de-la-charite.org\\\/en\\\/\",\"logo\":{\"@type\":\"ImageObject\",\"inLanguage\":\"en-US\",\"@id\":\"https:\\\/\\\/filles-de-la-charite.org\\\/en\\\/#\\\/schema\\\/logo\\\/image\\\/\",\"url\":\"https:\\\/\\\/filles-de-la-charite.org\\\/wp-content\\\/uploads\\\/2023\\\/03\\\/isotipo-Hijas-de-la-Caridad.png\",\"contentUrl\":\"https:\\\/\\\/filles-de-la-charite.org\\\/wp-content\\\/uploads\\\/2023\\\/03\\\/isotipo-Hijas-de-la-Caridad.png\",\"width\":1417,\"height\":1417,\"caption\":\"Hijas de la Caridad\"},\"image\":{\"@id\":\"https:\\\/\\\/filles-de-la-charite.org\\\/en\\\/#\\\/schema\\\/logo\\\/image\\\/\"}},{\"@type\":\"Person\",\"@id\":\"https:\\\/\\\/filles-de-la-charite.org\\\/en\\\/#\\\/schema\\\/person\\\/427567b2eccfc2dd7d206da186a1f438\",\"name\":\"admin\",\"image\":{\"@type\":\"ImageObject\",\"inLanguage\":\"en-US\",\"@id\":\"https:\\\/\\\/secure.gravatar.com\\\/avatar\\\/948b492cce32b586ac2db0eaa926ee87024f7afe218d73b397ea5ddfc5f43ea1?s=96&d=mm&r=g\",\"url\":\"https:\\\/\\\/secure.gravatar.com\\\/avatar\\\/948b492cce32b586ac2db0eaa926ee87024f7afe218d73b397ea5ddfc5f43ea1?s=96&d=mm&r=g\",\"contentUrl\":\"https:\\\/\\\/secure.gravatar.com\\\/avatar\\\/948b492cce32b586ac2db0eaa926ee87024f7afe218d73b397ea5ddfc5f43ea1?s=96&d=mm&r=g\",\"caption\":\"admin\"},\"sameAs\":[\"https:\\\/\\\/filles-de-la-charite.org\"],\"url\":\"https:\\\/\\\/filles-de-la-charite.org\\\/en\\\/author\\\/caridad\\\/\"}]}<\/script>\n<!-- \/ Yoast SEO plugin. -->","yoast_head_json":{"title":"Fr. Toma\u017e Mavri\u010d CM, Superior General, visits the Daughters of Charity in Australia - Filles de la Charit\u00e9","robots":{"index":"index","follow":"follow","max-snippet":"max-snippet:-1","max-image-preview":"max-image-preview:large","max-video-preview":"max-video-preview:-1"},"canonical":"https:\/\/filles-de-la-charite.org\/en\/fr-tomaz-mavric-cm-superior-general-visits-the-daughters-of-charity-in-australia\/","og_locale":"en_US","og_type":"article","og_title":"Fr. Toma\u017e Mavri\u010d CM, Superior General, visits the Daughters of Charity in Australia - Filles de la Charit\u00e9","og_description":"During his visitation of the Congregation of the Mission, Province of Oceania, Fr Toma\u017e also visited the Daughters of Charity. He arrived on Tuesday, February 11th after a flight back from Melbourne where he met with CM Confreres and our three resident Daughters of Charity. Twenty-five DCs gathered to welcome Fr Toma\u017e. He entered the [&hellip;]","og_url":"https:\/\/filles-de-la-charite.org\/en\/fr-tomaz-mavric-cm-superior-general-visits-the-daughters-of-charity-in-australia\/","og_site_name":"Filles de la Charit\u00e9","article_published_time":"2020-03-16T21:40:22+00:00","article_modified_time":"2024-03-17T17:42:15+00:00","og_image":[{"width":1280,"height":720,"url":"https:\/\/filles-de-la-charite.org\/wp-content\/uploads\/2023\/06\/0316-Australia-5.jpg","type":"image\/jpeg"}],"author":"admin","twitter_card":"summary_large_image","twitter_misc":{"Written by":"admin","Est. reading time":"4 minutes"},"schema":{"@context":"https:\/\/schema.org","@graph":[{"@type":"Article","@id":"https:\/\/filles-de-la-charite.org\/en\/fr-tomaz-mavric-cm-superior-general-visits-the-daughters-of-charity-in-australia\/#article","isPartOf":{"@id":"https:\/\/filles-de-la-charite.org\/en\/fr-tomaz-mavric-cm-superior-general-visits-the-daughters-of-charity-in-australia\/"},"author":{"name":"admin","@id":"https:\/\/filles-de-la-charite.org\/en\/#\/schema\/person\/427567b2eccfc2dd7d206da186a1f438"},"headline":"Fr. Toma\u017e Mavri\u010d CM, Superior General, visits the Daughters of Charity in Australia","datePublished":"2020-03-16T21:40:22+00:00","dateModified":"2024-03-17T17:42:15+00:00","mainEntityOfPage":{"@id":"https:\/\/filles-de-la-charite.org\/en\/fr-tomaz-mavric-cm-superior-general-visits-the-daughters-of-charity-in-australia\/"},"wordCount":726,"publisher":{"@id":"https:\/\/filles-de-la-charite.org\/en\/#organization"},"image":{"@id":"https:\/\/filles-de-la-charite.org\/en\/fr-tomaz-mavric-cm-superior-general-visits-the-daughters-of-charity-in-australia\/#primaryimage"},"thumbnailUrl":"https:\/\/filles-de-la-charite.org\/wp-content\/uploads\/2023\/06\/0316-Australia-5.jpg","articleSection":["Rosalie Rendu - UK &amp; Australia"],"inLanguage":"en-US"},{"@type":"WebPage","@id":"https:\/\/filles-de-la-charite.org\/en\/fr-tomaz-mavric-cm-superior-general-visits-the-daughters-of-charity-in-australia\/","url":"https:\/\/filles-de-la-charite.org\/en\/fr-tomaz-mavric-cm-superior-general-visits-the-daughters-of-charity-in-australia\/","name":"Fr. Toma\u017e Mavri\u010d CM, Superior General, visits the Daughters of Charity in Australia - Filles de la Charit\u00e9","isPartOf":{"@id":"https:\/\/filles-de-la-charite.org\/en\/#website"},"primaryImageOfPage":{"@id":"https:\/\/filles-de-la-charite.org\/en\/fr-tomaz-mavric-cm-superior-general-visits-the-daughters-of-charity-in-australia\/#primaryimage"},"image":{"@id":"https:\/\/filles-de-la-charite.org\/en\/fr-tomaz-mavric-cm-superior-general-visits-the-daughters-of-charity-in-australia\/#primaryimage"},"thumbnailUrl":"https:\/\/filles-de-la-charite.org\/wp-content\/uploads\/2023\/06\/0316-Australia-5.jpg","datePublished":"2020-03-16T21:40:22+00:00","dateModified":"2024-03-17T17:42:15+00:00","breadcrumb":{"@id":"https:\/\/filles-de-la-charite.org\/en\/fr-tomaz-mavric-cm-superior-general-visits-the-daughters-of-charity-in-australia\/#breadcrumb"},"inLanguage":"en-US","potentialAction":[{"@type":"ReadAction","target":["https:\/\/filles-de-la-charite.org\/en\/fr-tomaz-mavric-cm-superior-general-visits-the-daughters-of-charity-in-australia\/"]}]},{"@type":"ImageObject","inLanguage":"en-US","@id":"https:\/\/filles-de-la-charite.org\/en\/fr-tomaz-mavric-cm-superior-general-visits-the-daughters-of-charity-in-australia\/#primaryimage","url":"https:\/\/filles-de-la-charite.org\/wp-content\/uploads\/2023\/06\/0316-Australia-5.jpg","contentUrl":"https:\/\/filles-de-la-charite.org\/wp-content\/uploads\/2023\/06\/0316-Australia-5.jpg","width":1280,"height":720},{"@type":"BreadcrumbList","@id":"https:\/\/filles-de-la-charite.org\/en\/fr-tomaz-mavric-cm-superior-general-visits-the-daughters-of-charity-in-australia\/#breadcrumb","itemListElement":[{"@type":"ListItem","position":1,"name":"Saint Louise \u2013 Asia","item":"https:\/\/filles-de-la-charite.org\/en\/category\/santa-luisa-asia-en\/"},{"@type":"ListItem","position":2,"name":"Fr. Toma\u017e Mavri\u010d CM, Superior General, visits the Daughters of Charity in Australia"}]},{"@type":"WebSite","@id":"https:\/\/filles-de-la-charite.org\/en\/#website","url":"https:\/\/filles-de-la-charite.org\/en\/","name":"Hijas de la Caridad","description":"El amor de Jes\u00fas nos urge a cuidar la vida de los m\u00e1s necesitados","publisher":{"@id":"https:\/\/filles-de-la-charite.org\/en\/#organization"},"potentialAction":[{"@type":"SearchAction","target":{"@type":"EntryPoint","urlTemplate":"https:\/\/filles-de-la-charite.org\/en\/?s={search_term_string}"},"query-input":{"@type":"PropertyValueSpecification","valueRequired":true,"valueName":"search_term_string"}}],"inLanguage":"en-US"},{"@type":"Organization","@id":"https:\/\/filles-de-la-charite.org\/en\/#organization","name":"Hijas de la Caridad","url":"https:\/\/filles-de-la-charite.org\/en\/","logo":{"@type":"ImageObject","inLanguage":"en-US","@id":"https:\/\/filles-de-la-charite.org\/en\/#\/schema\/logo\/image\/","url":"https:\/\/filles-de-la-charite.org\/wp-content\/uploads\/2023\/03\/isotipo-Hijas-de-la-Caridad.png","contentUrl":"https:\/\/filles-de-la-charite.org\/wp-content\/uploads\/2023\/03\/isotipo-Hijas-de-la-Caridad.png","width":1417,"height":1417,"caption":"Hijas de la Caridad"},"image":{"@id":"https:\/\/filles-de-la-charite.org\/en\/#\/schema\/logo\/image\/"}},{"@type":"Person","@id":"https:\/\/filles-de-la-charite.org\/en\/#\/schema\/person\/427567b2eccfc2dd7d206da186a1f438","name":"admin","image":{"@type":"ImageObject","inLanguage":"en-US","@id":"https:\/\/secure.gravatar.com\/avatar\/948b492cce32b586ac2db0eaa926ee87024f7afe218d73b397ea5ddfc5f43ea1?s=96&d=mm&r=g","url":"https:\/\/secure.gravatar.com\/avatar\/948b492cce32b586ac2db0eaa926ee87024f7afe218d73b397ea5ddfc5f43ea1?s=96&d=mm&r=g","contentUrl":"https:\/\/secure.gravatar.com\/avatar\/948b492cce32b586ac2db0eaa926ee87024f7afe218d73b397ea5ddfc5f43ea1?s=96&d=mm&r=g","caption":"admin"},"sameAs":["https:\/\/filles-de-la-charite.org"],"url":"https:\/\/filles-de-la-charite.org\/en\/author\/caridad\/"}]}},"_links":{"self":[{"href":"https:\/\/filles-de-la-charite.org\/en\/wp-json\/wp\/v2\/posts\/17831","targetHints":{"allow":["GET"]}}],"collection":[{"href":"https:\/\/filles-de-la-charite.org\/en\/wp-json\/wp\/v2\/posts"}],"about":[{"href":"https:\/\/filles-de-la-charite.org\/en\/wp-json\/wp\/v2\/types\/post"}],"author":[{"embeddable":true,"href":"https:\/\/filles-de-la-charite.org\/en\/wp-json\/wp\/v2\/users\/1"}],"replies":[{"embeddable":true,"href":"https:\/\/filles-de-la-charite.org\/en\/wp-json\/wp\/v2\/comments?post=17831"}],"version-history":[{"count":1,"href":"https:\/\/filles-de-la-charite.org\/en\/wp-json\/wp\/v2\/posts\/17831\/revisions"}],"predecessor-version":[{"id":17832,"href":"https:\/\/filles-de-la-charite.org\/en\/wp-json\/wp\/v2\/posts\/17831\/revisions\/17832"}],"wp:featuredmedia":[{"embeddable":true,"href":"https:\/\/filles-de-la-charite.org\/en\/wp-json\/wp\/v2\/media\/14587"}],"wp:attachment":[{"href":"https:\/\/filles-de-la-charite.org\/en\/wp-json\/wp\/v2\/media?parent=17831"}],"wp:term":[{"taxonomy":"category","embeddable":true,"href":"https:\/\/filles-de-la-charite.org\/en\/wp-json\/wp\/v2\/categories?post=17831"},{"taxonomy":"post_tag","embeddable":true,"href":"https:\/\/filles-de-la-charite.org\/en\/wp-json\/wp\/v2\/tags?post=17831"}],"curies":[{"name":"wp","href":"https:\/\/api.w.org\/{rel}","templated":true}]}}