{"id":17847,"date":"2020-04-01T20:39:54","date_gmt":"2020-04-01T18:39:54","guid":{"rendered":"https:\/\/hijascaridad.sjdigitaldemo.ovh\/succession-in-the-company\/"},"modified":"2024-03-17T19:15:50","modified_gmt":"2024-03-17T18:15:50","slug":"succession-in-the-company","status":"publish","type":"post","link":"https:\/\/filles-de-la-charite.org\/en\/succession-in-the-company\/","title":{"rendered":"Succession in the Company"},"content":{"rendered":"\n<h3 class=\"wp-block-heading\"><strong>Letter of Fr. Toma\u017e Mavri\u010d, CM<br>Superior General<br>1 April 2020<\/strong><\/h3>\n\n\n\n<p>The death of Sister Kathleen leaves us all saddened, but our firm faith in the Resurrection gives us hope that we will meet again and be together for all eternity\u2026 Every good organization has a succession plan. The Company of the Daughters of Charity is no exception. Your Constitutions provide for it. The purpose of this letter is to inform you of that steps that have been or will be taken in that regard.<\/p>\n\n\n\n<p>Constitution 66g states:&nbsp;<em>Her office&nbsp;<\/em>[that of the Superioress General]<em>becomes vacant when her mandate expires; it likewise becomes vacant by her death\u2026 If the office of Superioress General becomes vacant, the Assistant General fills the office until the next Ordinary General Assembly<\/em>.<\/p>\n\n\n\n<p>Upon Sister Kathleen\u2019s death, Sister Fran\u00e7oise Petit, as Assistant General, immediately took up that role and will remain in it until next year\u2019s General Assembly. I trust you will give Sister Fran\u00e7oise the same support and prayer that you accorded to Sister Kathleen. She had been a wonderful assistance to Sister Kathleen, especially throughout the latter\u2019s illness, and will count on your help<img loading=\"lazy\" decoding=\"async\" width=\"1441\" height=\"960\" src=\"https:\/\/filles-de-la-charite.org\/wp-content\/uploads\/2023\/06\/Appler-Petite-103.jpg\" alt=\"\"><\/p>\n\n\n\n<div class=\"wp-block-image\"><figure class=\"aligncenter size-large\"><img decoding=\"async\" src=\"https:\/\/filles-de-la-charite.org\/wp-content\/uploads\/2023\/06\/Appler-Petite-103-edited.jpg\" alt=\"\" class=\"wp-image-56518\" \/><\/figure><\/div>\n\n\n\n<p>Sister Kathleen\u2019s last visit to a Province. November 2018 in Sardinia with Sister Fran\u00e7oise<\/p>\n","protected":false},"excerpt":{"rendered":"<p>Letter of Fr. Toma\u017e Mavri\u010d, CMSuperior General1 April 2020 The death of Sister Kathleen leaves us all saddened, but our firm faith in the Resurrection gives us hope that we will meet again and be together for all eternity\u2026 Every good organization has a succession plan. The Company of the Daughters of Charity is no [&hellip;]<\/p>\n","protected":false},"author":1,"featured_media":14620,"comment_status":"closed","ping_status":"closed","sticky":false,"template":"","format":"standard","meta":{"_acf_changed":false,"footnotes":"","_links_to":"","_links_to_target":""},"categories":[559],"tags":[],"class_list":["post-17847","post","type-post","status-publish","format-standard","has-post-thumbnail","hentry","category-mother-house"],"acf":[],"yoast_head":"<!-- This site is optimized with the Yoast SEO plugin v27.5 - https:\/\/yoast.com\/product\/yoast-seo-wordpress\/ -->\n<title>Succession in the Company - Filles de la Charit\u00e9<\/title>\n<meta name=\"robots\" content=\"index, follow, max-snippet:-1, max-image-preview:large, max-video-preview:-1\" \/>\n<link rel=\"canonical\" href=\"https:\/\/filles-de-la-charite.org\/en\/succession-in-the-company\/\" \/>\n<meta property=\"og:locale\" content=\"en_US\" \/>\n<meta property=\"og:type\" content=\"article\" \/>\n<meta property=\"og:title\" content=\"Succession in the Company - Filles de la Charit\u00e9\" \/>\n<meta property=\"og:description\" content=\"Letter of Fr. Toma\u017e Mavri\u010d, CMSuperior General1 April 2020 The death of Sister Kathleen leaves us all saddened, but our firm faith in the Resurrection gives us hope that we will meet again and be together for all eternity\u2026 Every good organization has a succession plan. The Company of the Daughters of Charity is no [&hellip;]\" \/>\n<meta property=\"og:url\" content=\"https:\/\/filles-de-la-charite.org\/en\/succession-in-the-company\/\" \/>\n<meta property=\"og:site_name\" content=\"Filles de la Charit\u00e9\" \/>\n<meta property=\"article:published_time\" content=\"2020-04-01T18:39:54+00:00\" \/>\n<meta property=\"article:modified_time\" content=\"2024-03-17T18:15:50+00:00\" \/>\n<meta property=\"og:image\" content=\"https:\/\/filles-de-la-charite.org\/wp-content\/uploads\/2023\/06\/Appler-Petite-103.jpg\" \/>\n\t<meta property=\"og:image:width\" content=\"1441\" \/>\n\t<meta property=\"og:image:height\" content=\"960\" \/>\n\t<meta property=\"og:image:type\" content=\"image\/jpeg\" \/>\n<meta name=\"author\" content=\"admin\" \/>\n<meta name=\"twitter:card\" content=\"summary_large_image\" \/>\n<meta name=\"twitter:label1\" content=\"Written by\" \/>\n\t<meta name=\"twitter:data1\" content=\"admin\" \/>\n\t<meta name=\"twitter:label2\" content=\"Est. reading time\" \/>\n\t<meta name=\"twitter:data2\" content=\"1 minute\" \/>\n<script type=\"application\/ld+json\" class=\"yoast-schema-graph\">{\"@context\":\"https:\\\/\\\/schema.org\",\"@graph\":[{\"@type\":\"Article\",\"@id\":\"https:\\\/\\\/filles-de-la-charite.org\\\/en\\\/succession-in-the-company\\\/#article\",\"isPartOf\":{\"@id\":\"https:\\\/\\\/filles-de-la-charite.org\\\/en\\\/succession-in-the-company\\\/\"},\"author\":{\"name\":\"admin\",\"@id\":\"https:\\\/\\\/filles-de-la-charite.org\\\/en\\\/#\\\/schema\\\/person\\\/427567b2eccfc2dd7d206da186a1f438\"},\"headline\":\"Succession in the Company\",\"datePublished\":\"2020-04-01T18:39:54+00:00\",\"dateModified\":\"2024-03-17T18:15:50+00:00\",\"mainEntityOfPage\":{\"@id\":\"https:\\\/\\\/filles-de-la-charite.org\\\/en\\\/succession-in-the-company\\\/\"},\"wordCount\":214,\"publisher\":{\"@id\":\"https:\\\/\\\/filles-de-la-charite.org\\\/en\\\/#organization\"},\"image\":{\"@id\":\"https:\\\/\\\/filles-de-la-charite.org\\\/en\\\/succession-in-the-company\\\/#primaryimage\"},\"thumbnailUrl\":\"https:\\\/\\\/filles-de-la-charite.org\\\/wp-content\\\/uploads\\\/2023\\\/06\\\/Appler-Petite-103.jpg\",\"articleSection\":[\"Motherhouse\"],\"inLanguage\":\"en-US\"},{\"@type\":\"WebPage\",\"@id\":\"https:\\\/\\\/filles-de-la-charite.org\\\/en\\\/succession-in-the-company\\\/\",\"url\":\"https:\\\/\\\/filles-de-la-charite.org\\\/en\\\/succession-in-the-company\\\/\",\"name\":\"Succession in the Company - Filles de la Charit\u00e9\",\"isPartOf\":{\"@id\":\"https:\\\/\\\/filles-de-la-charite.org\\\/en\\\/#website\"},\"primaryImageOfPage\":{\"@id\":\"https:\\\/\\\/filles-de-la-charite.org\\\/en\\\/succession-in-the-company\\\/#primaryimage\"},\"image\":{\"@id\":\"https:\\\/\\\/filles-de-la-charite.org\\\/en\\\/succession-in-the-company\\\/#primaryimage\"},\"thumbnailUrl\":\"https:\\\/\\\/filles-de-la-charite.org\\\/wp-content\\\/uploads\\\/2023\\\/06\\\/Appler-Petite-103.jpg\",\"datePublished\":\"2020-04-01T18:39:54+00:00\",\"dateModified\":\"2024-03-17T18:15:50+00:00\",\"breadcrumb\":{\"@id\":\"https:\\\/\\\/filles-de-la-charite.org\\\/en\\\/succession-in-the-company\\\/#breadcrumb\"},\"inLanguage\":\"en-US\",\"potentialAction\":[{\"@type\":\"ReadAction\",\"target\":[\"https:\\\/\\\/filles-de-la-charite.org\\\/en\\\/succession-in-the-company\\\/\"]}]},{\"@type\":\"ImageObject\",\"inLanguage\":\"en-US\",\"@id\":\"https:\\\/\\\/filles-de-la-charite.org\\\/en\\\/succession-in-the-company\\\/#primaryimage\",\"url\":\"https:\\\/\\\/filles-de-la-charite.org\\\/wp-content\\\/uploads\\\/2023\\\/06\\\/Appler-Petite-103.jpg\",\"contentUrl\":\"https:\\\/\\\/filles-de-la-charite.org\\\/wp-content\\\/uploads\\\/2023\\\/06\\\/Appler-Petite-103.jpg\",\"width\":1441,\"height\":960},{\"@type\":\"BreadcrumbList\",\"@id\":\"https:\\\/\\\/filles-de-la-charite.org\\\/en\\\/succession-in-the-company\\\/#breadcrumb\",\"itemListElement\":[{\"@type\":\"ListItem\",\"position\":1,\"name\":\"Warsaw - Poland\",\"item\":\"https:\\\/\\\/filles-de-la-charite.org\\\/en\\\/category\\\/warsaw-poland-en\\\/\"},{\"@type\":\"ListItem\",\"position\":2,\"name\":\"Succession in the Company\"}]},{\"@type\":\"WebSite\",\"@id\":\"https:\\\/\\\/filles-de-la-charite.org\\\/en\\\/#website\",\"url\":\"https:\\\/\\\/filles-de-la-charite.org\\\/en\\\/\",\"name\":\"Hijas de la Caridad\",\"description\":\"El amor de Jes\u00fas nos urge a cuidar la vida de los m\u00e1s necesitados\",\"publisher\":{\"@id\":\"https:\\\/\\\/filles-de-la-charite.org\\\/en\\\/#organization\"},\"potentialAction\":[{\"@type\":\"SearchAction\",\"target\":{\"@type\":\"EntryPoint\",\"urlTemplate\":\"https:\\\/\\\/filles-de-la-charite.org\\\/en\\\/?s={search_term_string}\"},\"query-input\":{\"@type\":\"PropertyValueSpecification\",\"valueRequired\":true,\"valueName\":\"search_term_string\"}}],\"inLanguage\":\"en-US\"},{\"@type\":\"Organization\",\"@id\":\"https:\\\/\\\/filles-de-la-charite.org\\\/en\\\/#organization\",\"name\":\"Hijas de la Caridad\",\"url\":\"https:\\\/\\\/filles-de-la-charite.org\\\/en\\\/\",\"logo\":{\"@type\":\"ImageObject\",\"inLanguage\":\"en-US\",\"@id\":\"https:\\\/\\\/filles-de-la-charite.org\\\/en\\\/#\\\/schema\\\/logo\\\/image\\\/\",\"url\":\"https:\\\/\\\/filles-de-la-charite.org\\\/wp-content\\\/uploads\\\/2023\\\/03\\\/isotipo-Hijas-de-la-Caridad.png\",\"contentUrl\":\"https:\\\/\\\/filles-de-la-charite.org\\\/wp-content\\\/uploads\\\/2023\\\/03\\\/isotipo-Hijas-de-la-Caridad.png\",\"width\":1417,\"height\":1417,\"caption\":\"Hijas de la Caridad\"},\"image\":{\"@id\":\"https:\\\/\\\/filles-de-la-charite.org\\\/en\\\/#\\\/schema\\\/logo\\\/image\\\/\"}},{\"@type\":\"Person\",\"@id\":\"https:\\\/\\\/filles-de-la-charite.org\\\/en\\\/#\\\/schema\\\/person\\\/427567b2eccfc2dd7d206da186a1f438\",\"name\":\"admin\",\"image\":{\"@type\":\"ImageObject\",\"inLanguage\":\"en-US\",\"@id\":\"https:\\\/\\\/secure.gravatar.com\\\/avatar\\\/948b492cce32b586ac2db0eaa926ee87024f7afe218d73b397ea5ddfc5f43ea1?s=96&d=mm&r=g\",\"url\":\"https:\\\/\\\/secure.gravatar.com\\\/avatar\\\/948b492cce32b586ac2db0eaa926ee87024f7afe218d73b397ea5ddfc5f43ea1?s=96&d=mm&r=g\",\"contentUrl\":\"https:\\\/\\\/secure.gravatar.com\\\/avatar\\\/948b492cce32b586ac2db0eaa926ee87024f7afe218d73b397ea5ddfc5f43ea1?s=96&d=mm&r=g\",\"caption\":\"admin\"},\"sameAs\":[\"https:\\\/\\\/filles-de-la-charite.org\"],\"url\":\"https:\\\/\\\/filles-de-la-charite.org\\\/en\\\/author\\\/caridad\\\/\"}]}<\/script>\n<!-- \/ Yoast SEO plugin. -->","yoast_head_json":{"title":"Succession in the Company - Filles de la Charit\u00e9","robots":{"index":"index","follow":"follow","max-snippet":"max-snippet:-1","max-image-preview":"max-image-preview:large","max-video-preview":"max-video-preview:-1"},"canonical":"https:\/\/filles-de-la-charite.org\/en\/succession-in-the-company\/","og_locale":"en_US","og_type":"article","og_title":"Succession in the Company - Filles de la Charit\u00e9","og_description":"Letter of Fr. Toma\u017e Mavri\u010d, CMSuperior General1 April 2020 The death of Sister Kathleen leaves us all saddened, but our firm faith in the Resurrection gives us hope that we will meet again and be together for all eternity\u2026 Every good organization has a succession plan. The Company of the Daughters of Charity is no [&hellip;]","og_url":"https:\/\/filles-de-la-charite.org\/en\/succession-in-the-company\/","og_site_name":"Filles de la Charit\u00e9","article_published_time":"2020-04-01T18:39:54+00:00","article_modified_time":"2024-03-17T18:15:50+00:00","og_image":[{"width":1441,"height":960,"url":"https:\/\/filles-de-la-charite.org\/wp-content\/uploads\/2023\/06\/Appler-Petite-103.jpg","type":"image\/jpeg"}],"author":"admin","twitter_card":"summary_large_image","twitter_misc":{"Written by":"admin","Est. reading time":"1 minute"},"schema":{"@context":"https:\/\/schema.org","@graph":[{"@type":"Article","@id":"https:\/\/filles-de-la-charite.org\/en\/succession-in-the-company\/#article","isPartOf":{"@id":"https:\/\/filles-de-la-charite.org\/en\/succession-in-the-company\/"},"author":{"name":"admin","@id":"https:\/\/filles-de-la-charite.org\/en\/#\/schema\/person\/427567b2eccfc2dd7d206da186a1f438"},"headline":"Succession in the Company","datePublished":"2020-04-01T18:39:54+00:00","dateModified":"2024-03-17T18:15:50+00:00","mainEntityOfPage":{"@id":"https:\/\/filles-de-la-charite.org\/en\/succession-in-the-company\/"},"wordCount":214,"publisher":{"@id":"https:\/\/filles-de-la-charite.org\/en\/#organization"},"image":{"@id":"https:\/\/filles-de-la-charite.org\/en\/succession-in-the-company\/#primaryimage"},"thumbnailUrl":"https:\/\/filles-de-la-charite.org\/wp-content\/uploads\/2023\/06\/Appler-Petite-103.jpg","articleSection":["Motherhouse"],"inLanguage":"en-US"},{"@type":"WebPage","@id":"https:\/\/filles-de-la-charite.org\/en\/succession-in-the-company\/","url":"https:\/\/filles-de-la-charite.org\/en\/succession-in-the-company\/","name":"Succession in the Company - Filles de la Charit\u00e9","isPartOf":{"@id":"https:\/\/filles-de-la-charite.org\/en\/#website"},"primaryImageOfPage":{"@id":"https:\/\/filles-de-la-charite.org\/en\/succession-in-the-company\/#primaryimage"},"image":{"@id":"https:\/\/filles-de-la-charite.org\/en\/succession-in-the-company\/#primaryimage"},"thumbnailUrl":"https:\/\/filles-de-la-charite.org\/wp-content\/uploads\/2023\/06\/Appler-Petite-103.jpg","datePublished":"2020-04-01T18:39:54+00:00","dateModified":"2024-03-17T18:15:50+00:00","breadcrumb":{"@id":"https:\/\/filles-de-la-charite.org\/en\/succession-in-the-company\/#breadcrumb"},"inLanguage":"en-US","potentialAction":[{"@type":"ReadAction","target":["https:\/\/filles-de-la-charite.org\/en\/succession-in-the-company\/"]}]},{"@type":"ImageObject","inLanguage":"en-US","@id":"https:\/\/filles-de-la-charite.org\/en\/succession-in-the-company\/#primaryimage","url":"https:\/\/filles-de-la-charite.org\/wp-content\/uploads\/2023\/06\/Appler-Petite-103.jpg","contentUrl":"https:\/\/filles-de-la-charite.org\/wp-content\/uploads\/2023\/06\/Appler-Petite-103.jpg","width":1441,"height":960},{"@type":"BreadcrumbList","@id":"https:\/\/filles-de-la-charite.org\/en\/succession-in-the-company\/#breadcrumb","itemListElement":[{"@type":"ListItem","position":1,"name":"Warsaw - Poland","item":"https:\/\/filles-de-la-charite.org\/en\/category\/warsaw-poland-en\/"},{"@type":"ListItem","position":2,"name":"Succession in the Company"}]},{"@type":"WebSite","@id":"https:\/\/filles-de-la-charite.org\/en\/#website","url":"https:\/\/filles-de-la-charite.org\/en\/","name":"Hijas de la Caridad","description":"El amor de Jes\u00fas nos urge a cuidar la vida de los m\u00e1s necesitados","publisher":{"@id":"https:\/\/filles-de-la-charite.org\/en\/#organization"},"potentialAction":[{"@type":"SearchAction","target":{"@type":"EntryPoint","urlTemplate":"https:\/\/filles-de-la-charite.org\/en\/?s={search_term_string}"},"query-input":{"@type":"PropertyValueSpecification","valueRequired":true,"valueName":"search_term_string"}}],"inLanguage":"en-US"},{"@type":"Organization","@id":"https:\/\/filles-de-la-charite.org\/en\/#organization","name":"Hijas de la Caridad","url":"https:\/\/filles-de-la-charite.org\/en\/","logo":{"@type":"ImageObject","inLanguage":"en-US","@id":"https:\/\/filles-de-la-charite.org\/en\/#\/schema\/logo\/image\/","url":"https:\/\/filles-de-la-charite.org\/wp-content\/uploads\/2023\/03\/isotipo-Hijas-de-la-Caridad.png","contentUrl":"https:\/\/filles-de-la-charite.org\/wp-content\/uploads\/2023\/03\/isotipo-Hijas-de-la-Caridad.png","width":1417,"height":1417,"caption":"Hijas de la Caridad"},"image":{"@id":"https:\/\/filles-de-la-charite.org\/en\/#\/schema\/logo\/image\/"}},{"@type":"Person","@id":"https:\/\/filles-de-la-charite.org\/en\/#\/schema\/person\/427567b2eccfc2dd7d206da186a1f438","name":"admin","image":{"@type":"ImageObject","inLanguage":"en-US","@id":"https:\/\/secure.gravatar.com\/avatar\/948b492cce32b586ac2db0eaa926ee87024f7afe218d73b397ea5ddfc5f43ea1?s=96&d=mm&r=g","url":"https:\/\/secure.gravatar.com\/avatar\/948b492cce32b586ac2db0eaa926ee87024f7afe218d73b397ea5ddfc5f43ea1?s=96&d=mm&r=g","contentUrl":"https:\/\/secure.gravatar.com\/avatar\/948b492cce32b586ac2db0eaa926ee87024f7afe218d73b397ea5ddfc5f43ea1?s=96&d=mm&r=g","caption":"admin"},"sameAs":["https:\/\/filles-de-la-charite.org"],"url":"https:\/\/filles-de-la-charite.org\/en\/author\/caridad\/"}]}},"_links":{"self":[{"href":"https:\/\/filles-de-la-charite.org\/en\/wp-json\/wp\/v2\/posts\/17847","targetHints":{"allow":["GET"]}}],"collection":[{"href":"https:\/\/filles-de-la-charite.org\/en\/wp-json\/wp\/v2\/posts"}],"about":[{"href":"https:\/\/filles-de-la-charite.org\/en\/wp-json\/wp\/v2\/types\/post"}],"author":[{"embeddable":true,"href":"https:\/\/filles-de-la-charite.org\/en\/wp-json\/wp\/v2\/users\/1"}],"replies":[{"embeddable":true,"href":"https:\/\/filles-de-la-charite.org\/en\/wp-json\/wp\/v2\/comments?post=17847"}],"version-history":[{"count":1,"href":"https:\/\/filles-de-la-charite.org\/en\/wp-json\/wp\/v2\/posts\/17847\/revisions"}],"predecessor-version":[{"id":17854,"href":"https:\/\/filles-de-la-charite.org\/en\/wp-json\/wp\/v2\/posts\/17847\/revisions\/17854"}],"wp:featuredmedia":[{"embeddable":true,"href":"https:\/\/filles-de-la-charite.org\/en\/wp-json\/wp\/v2\/media\/14620"}],"wp:attachment":[{"href":"https:\/\/filles-de-la-charite.org\/en\/wp-json\/wp\/v2\/media?parent=17847"}],"wp:term":[{"taxonomy":"category","embeddable":true,"href":"https:\/\/filles-de-la-charite.org\/en\/wp-json\/wp\/v2\/categories?post=17847"},{"taxonomy":"post_tag","embeddable":true,"href":"https:\/\/filles-de-la-charite.org\/en\/wp-json\/wp\/v2\/tags?post=17847"}],"curies":[{"name":"wp","href":"https:\/\/api.w.org\/{rel}","templated":true}]}}