{"id":18368,"date":"2021-05-31T22:00:21","date_gmt":"2021-05-31T20:00:21","guid":{"rendered":"https:\/\/hijascaridad.sjdigitaldemo.ovh\/korea-takes-up-the-superior-generals-challenge\/"},"modified":"2024-03-17T17:34:47","modified_gmt":"2024-03-17T16:34:47","slug":"korea-takes-up-the-superior-generals-challenge","status":"publish","type":"post","link":"https:\/\/filles-de-la-charite.org\/en\/korea-takes-up-the-superior-generals-challenge\/","title":{"rendered":"Korea takes up the Superior General\u2019s Challenge"},"content":{"rendered":"\n<p>When Fr. Toma\u017e Mavri\u010d, CM, Superior General, visited Korea in 2019, he introduced the 13 Houses Campaign and encouraged the Vincentian Family in Korea to work for its success. After his visit, the Vincentian Family Council, Korea invited the branches of the Vincentian Family to take up this project but due to the coronavirus 19 pandemic, the members were not able to actively participate.<\/p>\n\n\n\n<div class=\"wp-block-image\"><figure class=\"alignleft size-large\"><img decoding=\"async\" src=\"https:\/\/filles-de-la-charite.org\/wp-content\/uploads\/2023\/06\/S.-Korea-3a.jpg\" alt=\"\" class=\"wp-image-62471\" \/><\/figure><\/div>\n\n\n\n<p>In 2020, the Vincentian Family Council had a meeting and invited the Daughters of Charity of St. Louise\u2019s Sanctuary who take care of women migrants, victims of domestic violence, to share about their mission. These women are in an extremely difficult situation which was aggravated by the pandemic since they live within the walls of the Sanctuary and cannot go out to work. Moreover, after reaching the maximum number of 2 years of stay in the Sanctuary, they must leave and look for a place and sustain themselves. One of them, a woman with her baby, was in this situation.<\/p>\n\n\n\n<p>This lady and her baby have had to leave the Sanctuary but the Sisters, seeing that this mother and child did not have any financial means, facilitated the process so that they became the recipients of the first of the 13 Houses. The Sisters took it a step further and helped her find a job! Now, she is working while the baby is in a day care center. She provides for the living expenses like food, water, electricity, cell phone fee, etc.; the Sisters also helped her get a government subsidy for the expenses in the day care center. Today, we can say that she is \u201cconscious of her own dignity and an agent of promotion of her own life\u201d (cf. C.24e). Thanks be to GOD and thanks to our Vincentian Family!<\/p>\n\n\n\n<div class=\"wp-block-image\"><figure class=\"aligncenter size-large\"><img decoding=\"async\" src=\"https:\/\/filles-de-la-charite.org\/wp-content\/uploads\/2023\/06\/S.-Korea-2a.jpg\" alt=\"\" class=\"wp-image-62474\" \/><\/figure><\/div>\n","protected":false},"excerpt":{"rendered":"<p>When Fr. Toma\u017e Mavri\u010d, CM, Superior General, visited Korea in 2019, he introduced the 13 Houses Campaign and encouraged the Vincentian Family in Korea to work for its success. After his visit, the Vincentian Family Council, Korea invited the branches of the Vincentian Family to take up this project but due to the coronavirus 19 [&hellip;]<\/p>\n","protected":false},"author":1,"featured_media":15885,"comment_status":"closed","ping_status":"closed","sticky":false,"template":"","format":"standard","meta":{"_acf_changed":false,"_et_pb_use_builder":"","_et_pb_old_content":"","_et_gb_content_width":"","footnotes":"","_links_to":"","_links_to_target":""},"categories":[759],"tags":[],"class_list":["post-18368","post","type-post","status-publish","format-standard","has-post-thumbnail","hentry","category-santa-luisa-asia-en"],"acf":[],"yoast_head":"<!-- This site is optimized with the Yoast SEO plugin v27.4 - https:\/\/yoast.com\/product\/yoast-seo-wordpress\/ -->\n<title>Korea takes up the Superior General\u2019s Challenge - Filles de la Charit\u00e9<\/title>\n<meta name=\"robots\" content=\"index, follow, max-snippet:-1, max-image-preview:large, max-video-preview:-1\" \/>\n<link rel=\"canonical\" href=\"https:\/\/filles-de-la-charite.org\/en\/korea-takes-up-the-superior-generals-challenge\/\" \/>\n<meta property=\"og:locale\" content=\"en_US\" \/>\n<meta property=\"og:type\" content=\"article\" \/>\n<meta property=\"og:title\" content=\"Korea takes up the Superior General\u2019s Challenge - Filles de la Charit\u00e9\" \/>\n<meta property=\"og:description\" content=\"When Fr. Toma\u017e Mavri\u010d, CM, Superior General, visited Korea in 2019, he introduced the 13 Houses Campaign and encouraged the Vincentian Family in Korea to work for its success. After his visit, the Vincentian Family Council, Korea invited the branches of the Vincentian Family to take up this project but due to the coronavirus 19 [&hellip;]\" \/>\n<meta property=\"og:url\" content=\"https:\/\/filles-de-la-charite.org\/en\/korea-takes-up-the-superior-generals-challenge\/\" \/>\n<meta property=\"og:site_name\" content=\"Filles de la Charit\u00e9\" \/>\n<meta property=\"article:published_time\" content=\"2021-05-31T20:00:21+00:00\" \/>\n<meta property=\"article:modified_time\" content=\"2024-03-17T16:34:47+00:00\" \/>\n<meta property=\"og:image\" content=\"https:\/\/filles-de-la-charite.org\/wp-content\/uploads\/2023\/06\/S.-Korea-1a.jpg\" \/>\n\t<meta property=\"og:image:width\" content=\"826\" \/>\n\t<meta property=\"og:image:height\" content=\"397\" \/>\n\t<meta property=\"og:image:type\" content=\"image\/jpeg\" \/>\n<meta name=\"author\" content=\"admin\" \/>\n<meta name=\"twitter:card\" content=\"summary_large_image\" \/>\n<meta name=\"twitter:label1\" content=\"Written by\" \/>\n\t<meta name=\"twitter:data1\" content=\"admin\" \/>\n\t<meta name=\"twitter:label2\" content=\"Est. reading time\" \/>\n\t<meta name=\"twitter:data2\" content=\"2 minutes\" \/>\n<script type=\"application\/ld+json\" class=\"yoast-schema-graph\">{\"@context\":\"https:\\\/\\\/schema.org\",\"@graph\":[{\"@type\":\"Article\",\"@id\":\"https:\\\/\\\/filles-de-la-charite.org\\\/en\\\/korea-takes-up-the-superior-generals-challenge\\\/#article\",\"isPartOf\":{\"@id\":\"https:\\\/\\\/filles-de-la-charite.org\\\/en\\\/korea-takes-up-the-superior-generals-challenge\\\/\"},\"author\":{\"name\":\"admin\",\"@id\":\"https:\\\/\\\/filles-de-la-charite.org\\\/en\\\/#\\\/schema\\\/person\\\/427567b2eccfc2dd7d206da186a1f438\"},\"headline\":\"Korea takes up the Superior General\u2019s Challenge\",\"datePublished\":\"2021-05-31T20:00:21+00:00\",\"dateModified\":\"2024-03-17T16:34:47+00:00\",\"mainEntityOfPage\":{\"@id\":\"https:\\\/\\\/filles-de-la-charite.org\\\/en\\\/korea-takes-up-the-superior-generals-challenge\\\/\"},\"wordCount\":300,\"publisher\":{\"@id\":\"https:\\\/\\\/filles-de-la-charite.org\\\/en\\\/#organization\"},\"image\":{\"@id\":\"https:\\\/\\\/filles-de-la-charite.org\\\/en\\\/korea-takes-up-the-superior-generals-challenge\\\/#primaryimage\"},\"thumbnailUrl\":\"https:\\\/\\\/filles-de-la-charite.org\\\/wp-content\\\/uploads\\\/2023\\\/06\\\/S.-Korea-1a.jpg\",\"articleSection\":[\"Saint Louise \u2013 Asia\"],\"inLanguage\":\"en-US\"},{\"@type\":\"WebPage\",\"@id\":\"https:\\\/\\\/filles-de-la-charite.org\\\/en\\\/korea-takes-up-the-superior-generals-challenge\\\/\",\"url\":\"https:\\\/\\\/filles-de-la-charite.org\\\/en\\\/korea-takes-up-the-superior-generals-challenge\\\/\",\"name\":\"Korea takes up the Superior General\u2019s Challenge - Filles de la Charit\u00e9\",\"isPartOf\":{\"@id\":\"https:\\\/\\\/filles-de-la-charite.org\\\/en\\\/#website\"},\"primaryImageOfPage\":{\"@id\":\"https:\\\/\\\/filles-de-la-charite.org\\\/en\\\/korea-takes-up-the-superior-generals-challenge\\\/#primaryimage\"},\"image\":{\"@id\":\"https:\\\/\\\/filles-de-la-charite.org\\\/en\\\/korea-takes-up-the-superior-generals-challenge\\\/#primaryimage\"},\"thumbnailUrl\":\"https:\\\/\\\/filles-de-la-charite.org\\\/wp-content\\\/uploads\\\/2023\\\/06\\\/S.-Korea-1a.jpg\",\"datePublished\":\"2021-05-31T20:00:21+00:00\",\"dateModified\":\"2024-03-17T16:34:47+00:00\",\"breadcrumb\":{\"@id\":\"https:\\\/\\\/filles-de-la-charite.org\\\/en\\\/korea-takes-up-the-superior-generals-challenge\\\/#breadcrumb\"},\"inLanguage\":\"en-US\",\"potentialAction\":[{\"@type\":\"ReadAction\",\"target\":[\"https:\\\/\\\/filles-de-la-charite.org\\\/en\\\/korea-takes-up-the-superior-generals-challenge\\\/\"]}]},{\"@type\":\"ImageObject\",\"inLanguage\":\"en-US\",\"@id\":\"https:\\\/\\\/filles-de-la-charite.org\\\/en\\\/korea-takes-up-the-superior-generals-challenge\\\/#primaryimage\",\"url\":\"https:\\\/\\\/filles-de-la-charite.org\\\/wp-content\\\/uploads\\\/2023\\\/06\\\/S.-Korea-1a.jpg\",\"contentUrl\":\"https:\\\/\\\/filles-de-la-charite.org\\\/wp-content\\\/uploads\\\/2023\\\/06\\\/S.-Korea-1a.jpg\",\"width\":826,\"height\":397},{\"@type\":\"BreadcrumbList\",\"@id\":\"https:\\\/\\\/filles-de-la-charite.org\\\/en\\\/korea-takes-up-the-superior-generals-challenge\\\/#breadcrumb\",\"itemListElement\":[{\"@type\":\"ListItem\",\"position\":1,\"name\":\"Indonesia\",\"item\":\"https:\\\/\\\/filles-de-la-charite.org\\\/en\\\/category\\\/indonesia-en\\\/\"},{\"@type\":\"ListItem\",\"position\":2,\"name\":\"Korea takes up the Superior General\u2019s Challenge\"}]},{\"@type\":\"WebSite\",\"@id\":\"https:\\\/\\\/filles-de-la-charite.org\\\/en\\\/#website\",\"url\":\"https:\\\/\\\/filles-de-la-charite.org\\\/en\\\/\",\"name\":\"Hijas de la Caridad\",\"description\":\"El amor de Jes\u00fas nos urge a cuidar la vida de los m\u00e1s necesitados\",\"publisher\":{\"@id\":\"https:\\\/\\\/filles-de-la-charite.org\\\/en\\\/#organization\"},\"potentialAction\":[{\"@type\":\"SearchAction\",\"target\":{\"@type\":\"EntryPoint\",\"urlTemplate\":\"https:\\\/\\\/filles-de-la-charite.org\\\/en\\\/?s={search_term_string}\"},\"query-input\":{\"@type\":\"PropertyValueSpecification\",\"valueRequired\":true,\"valueName\":\"search_term_string\"}}],\"inLanguage\":\"en-US\"},{\"@type\":\"Organization\",\"@id\":\"https:\\\/\\\/filles-de-la-charite.org\\\/en\\\/#organization\",\"name\":\"Hijas de la Caridad\",\"url\":\"https:\\\/\\\/filles-de-la-charite.org\\\/en\\\/\",\"logo\":{\"@type\":\"ImageObject\",\"inLanguage\":\"en-US\",\"@id\":\"https:\\\/\\\/filles-de-la-charite.org\\\/en\\\/#\\\/schema\\\/logo\\\/image\\\/\",\"url\":\"https:\\\/\\\/filles-de-la-charite.org\\\/wp-content\\\/uploads\\\/2023\\\/03\\\/isotipo-Hijas-de-la-Caridad.png\",\"contentUrl\":\"https:\\\/\\\/filles-de-la-charite.org\\\/wp-content\\\/uploads\\\/2023\\\/03\\\/isotipo-Hijas-de-la-Caridad.png\",\"width\":1417,\"height\":1417,\"caption\":\"Hijas de la Caridad\"},\"image\":{\"@id\":\"https:\\\/\\\/filles-de-la-charite.org\\\/en\\\/#\\\/schema\\\/logo\\\/image\\\/\"}},{\"@type\":\"Person\",\"@id\":\"https:\\\/\\\/filles-de-la-charite.org\\\/en\\\/#\\\/schema\\\/person\\\/427567b2eccfc2dd7d206da186a1f438\",\"name\":\"admin\",\"image\":{\"@type\":\"ImageObject\",\"inLanguage\":\"en-US\",\"@id\":\"https:\\\/\\\/secure.gravatar.com\\\/avatar\\\/948b492cce32b586ac2db0eaa926ee87024f7afe218d73b397ea5ddfc5f43ea1?s=96&d=mm&r=g\",\"url\":\"https:\\\/\\\/secure.gravatar.com\\\/avatar\\\/948b492cce32b586ac2db0eaa926ee87024f7afe218d73b397ea5ddfc5f43ea1?s=96&d=mm&r=g\",\"contentUrl\":\"https:\\\/\\\/secure.gravatar.com\\\/avatar\\\/948b492cce32b586ac2db0eaa926ee87024f7afe218d73b397ea5ddfc5f43ea1?s=96&d=mm&r=g\",\"caption\":\"admin\"},\"sameAs\":[\"https:\\\/\\\/filles-de-la-charite.org\"],\"url\":\"https:\\\/\\\/filles-de-la-charite.org\\\/en\\\/author\\\/caridad\\\/\"}]}<\/script>\n<!-- \/ Yoast SEO plugin. -->","yoast_head_json":{"title":"Korea takes up the Superior General\u2019s Challenge - Filles de la Charit\u00e9","robots":{"index":"index","follow":"follow","max-snippet":"max-snippet:-1","max-image-preview":"max-image-preview:large","max-video-preview":"max-video-preview:-1"},"canonical":"https:\/\/filles-de-la-charite.org\/en\/korea-takes-up-the-superior-generals-challenge\/","og_locale":"en_US","og_type":"article","og_title":"Korea takes up the Superior General\u2019s Challenge - Filles de la Charit\u00e9","og_description":"When Fr. Toma\u017e Mavri\u010d, CM, Superior General, visited Korea in 2019, he introduced the 13 Houses Campaign and encouraged the Vincentian Family in Korea to work for its success. After his visit, the Vincentian Family Council, Korea invited the branches of the Vincentian Family to take up this project but due to the coronavirus 19 [&hellip;]","og_url":"https:\/\/filles-de-la-charite.org\/en\/korea-takes-up-the-superior-generals-challenge\/","og_site_name":"Filles de la Charit\u00e9","article_published_time":"2021-05-31T20:00:21+00:00","article_modified_time":"2024-03-17T16:34:47+00:00","og_image":[{"width":826,"height":397,"url":"https:\/\/filles-de-la-charite.org\/wp-content\/uploads\/2023\/06\/S.-Korea-1a.jpg","type":"image\/jpeg"}],"author":"admin","twitter_card":"summary_large_image","twitter_misc":{"Written by":"admin","Est. reading time":"2 minutes"},"schema":{"@context":"https:\/\/schema.org","@graph":[{"@type":"Article","@id":"https:\/\/filles-de-la-charite.org\/en\/korea-takes-up-the-superior-generals-challenge\/#article","isPartOf":{"@id":"https:\/\/filles-de-la-charite.org\/en\/korea-takes-up-the-superior-generals-challenge\/"},"author":{"name":"admin","@id":"https:\/\/filles-de-la-charite.org\/en\/#\/schema\/person\/427567b2eccfc2dd7d206da186a1f438"},"headline":"Korea takes up the Superior General\u2019s Challenge","datePublished":"2021-05-31T20:00:21+00:00","dateModified":"2024-03-17T16:34:47+00:00","mainEntityOfPage":{"@id":"https:\/\/filles-de-la-charite.org\/en\/korea-takes-up-the-superior-generals-challenge\/"},"wordCount":300,"publisher":{"@id":"https:\/\/filles-de-la-charite.org\/en\/#organization"},"image":{"@id":"https:\/\/filles-de-la-charite.org\/en\/korea-takes-up-the-superior-generals-challenge\/#primaryimage"},"thumbnailUrl":"https:\/\/filles-de-la-charite.org\/wp-content\/uploads\/2023\/06\/S.-Korea-1a.jpg","articleSection":["Saint Louise \u2013 Asia"],"inLanguage":"en-US"},{"@type":"WebPage","@id":"https:\/\/filles-de-la-charite.org\/en\/korea-takes-up-the-superior-generals-challenge\/","url":"https:\/\/filles-de-la-charite.org\/en\/korea-takes-up-the-superior-generals-challenge\/","name":"Korea takes up the Superior General\u2019s Challenge - Filles de la Charit\u00e9","isPartOf":{"@id":"https:\/\/filles-de-la-charite.org\/en\/#website"},"primaryImageOfPage":{"@id":"https:\/\/filles-de-la-charite.org\/en\/korea-takes-up-the-superior-generals-challenge\/#primaryimage"},"image":{"@id":"https:\/\/filles-de-la-charite.org\/en\/korea-takes-up-the-superior-generals-challenge\/#primaryimage"},"thumbnailUrl":"https:\/\/filles-de-la-charite.org\/wp-content\/uploads\/2023\/06\/S.-Korea-1a.jpg","datePublished":"2021-05-31T20:00:21+00:00","dateModified":"2024-03-17T16:34:47+00:00","breadcrumb":{"@id":"https:\/\/filles-de-la-charite.org\/en\/korea-takes-up-the-superior-generals-challenge\/#breadcrumb"},"inLanguage":"en-US","potentialAction":[{"@type":"ReadAction","target":["https:\/\/filles-de-la-charite.org\/en\/korea-takes-up-the-superior-generals-challenge\/"]}]},{"@type":"ImageObject","inLanguage":"en-US","@id":"https:\/\/filles-de-la-charite.org\/en\/korea-takes-up-the-superior-generals-challenge\/#primaryimage","url":"https:\/\/filles-de-la-charite.org\/wp-content\/uploads\/2023\/06\/S.-Korea-1a.jpg","contentUrl":"https:\/\/filles-de-la-charite.org\/wp-content\/uploads\/2023\/06\/S.-Korea-1a.jpg","width":826,"height":397},{"@type":"BreadcrumbList","@id":"https:\/\/filles-de-la-charite.org\/en\/korea-takes-up-the-superior-generals-challenge\/#breadcrumb","itemListElement":[{"@type":"ListItem","position":1,"name":"Indonesia","item":"https:\/\/filles-de-la-charite.org\/en\/category\/indonesia-en\/"},{"@type":"ListItem","position":2,"name":"Korea takes up the Superior General\u2019s Challenge"}]},{"@type":"WebSite","@id":"https:\/\/filles-de-la-charite.org\/en\/#website","url":"https:\/\/filles-de-la-charite.org\/en\/","name":"Hijas de la Caridad","description":"El amor de Jes\u00fas nos urge a cuidar la vida de los m\u00e1s necesitados","publisher":{"@id":"https:\/\/filles-de-la-charite.org\/en\/#organization"},"potentialAction":[{"@type":"SearchAction","target":{"@type":"EntryPoint","urlTemplate":"https:\/\/filles-de-la-charite.org\/en\/?s={search_term_string}"},"query-input":{"@type":"PropertyValueSpecification","valueRequired":true,"valueName":"search_term_string"}}],"inLanguage":"en-US"},{"@type":"Organization","@id":"https:\/\/filles-de-la-charite.org\/en\/#organization","name":"Hijas de la Caridad","url":"https:\/\/filles-de-la-charite.org\/en\/","logo":{"@type":"ImageObject","inLanguage":"en-US","@id":"https:\/\/filles-de-la-charite.org\/en\/#\/schema\/logo\/image\/","url":"https:\/\/filles-de-la-charite.org\/wp-content\/uploads\/2023\/03\/isotipo-Hijas-de-la-Caridad.png","contentUrl":"https:\/\/filles-de-la-charite.org\/wp-content\/uploads\/2023\/03\/isotipo-Hijas-de-la-Caridad.png","width":1417,"height":1417,"caption":"Hijas de la Caridad"},"image":{"@id":"https:\/\/filles-de-la-charite.org\/en\/#\/schema\/logo\/image\/"}},{"@type":"Person","@id":"https:\/\/filles-de-la-charite.org\/en\/#\/schema\/person\/427567b2eccfc2dd7d206da186a1f438","name":"admin","image":{"@type":"ImageObject","inLanguage":"en-US","@id":"https:\/\/secure.gravatar.com\/avatar\/948b492cce32b586ac2db0eaa926ee87024f7afe218d73b397ea5ddfc5f43ea1?s=96&d=mm&r=g","url":"https:\/\/secure.gravatar.com\/avatar\/948b492cce32b586ac2db0eaa926ee87024f7afe218d73b397ea5ddfc5f43ea1?s=96&d=mm&r=g","contentUrl":"https:\/\/secure.gravatar.com\/avatar\/948b492cce32b586ac2db0eaa926ee87024f7afe218d73b397ea5ddfc5f43ea1?s=96&d=mm&r=g","caption":"admin"},"sameAs":["https:\/\/filles-de-la-charite.org"],"url":"https:\/\/filles-de-la-charite.org\/en\/author\/caridad\/"}]}},"_links":{"self":[{"href":"https:\/\/filles-de-la-charite.org\/en\/wp-json\/wp\/v2\/posts\/18368","targetHints":{"allow":["GET"]}}],"collection":[{"href":"https:\/\/filles-de-la-charite.org\/en\/wp-json\/wp\/v2\/posts"}],"about":[{"href":"https:\/\/filles-de-la-charite.org\/en\/wp-json\/wp\/v2\/types\/post"}],"author":[{"embeddable":true,"href":"https:\/\/filles-de-la-charite.org\/en\/wp-json\/wp\/v2\/users\/1"}],"replies":[{"embeddable":true,"href":"https:\/\/filles-de-la-charite.org\/en\/wp-json\/wp\/v2\/comments?post=18368"}],"version-history":[{"count":1,"href":"https:\/\/filles-de-la-charite.org\/en\/wp-json\/wp\/v2\/posts\/18368\/revisions"}],"predecessor-version":[{"id":18369,"href":"https:\/\/filles-de-la-charite.org\/en\/wp-json\/wp\/v2\/posts\/18368\/revisions\/18369"}],"wp:featuredmedia":[{"embeddable":true,"href":"https:\/\/filles-de-la-charite.org\/en\/wp-json\/wp\/v2\/media\/15885"}],"wp:attachment":[{"href":"https:\/\/filles-de-la-charite.org\/en\/wp-json\/wp\/v2\/media?parent=18368"}],"wp:term":[{"taxonomy":"category","embeddable":true,"href":"https:\/\/filles-de-la-charite.org\/en\/wp-json\/wp\/v2\/categories?post=18368"},{"taxonomy":"post_tag","embeddable":true,"href":"https:\/\/filles-de-la-charite.org\/en\/wp-json\/wp\/v2\/tags?post=18368"}],"curies":[{"name":"wp","href":"https:\/\/api.w.org\/{rel}","templated":true}]}}