{"id":18526,"date":"2021-12-01T20:23:54","date_gmt":"2021-12-01T19:23:54","guid":{"rendered":"https:\/\/hijascaridad.sjdigitaldemo.ovh\/reconfiguration-of-the-provinces-of-madrid-santa-luisa-and-madrid-san-vicente-the-birth-of-the-new-province-espana-centro\/"},"modified":"2024-03-17T16:46:54","modified_gmt":"2024-03-17T15:46:54","slug":"reconfiguration-of-the-provinces-of-madrid-santa-luisa-and-madrid-san-vicente-the-birth-of-the-new-province-espana-centro","status":"publish","type":"post","link":"https:\/\/filles-de-la-charite.org\/en\/reconfiguration-of-the-provinces-of-madrid-santa-luisa-and-madrid-san-vicente-the-birth-of-the-new-province-espana-centro\/","title":{"rendered":"RECONFIGURATION OF THE PROVINCES OF MADRID-SANTA LUISA AND MADRID-SAN VICENTE: THE BIRTH OF THE NEW PROVINCE, ESPA\u00d1A CENTRO."},"content":{"rendered":"\n<h2 class=\"has-text-align-center wp-block-heading\"><strong><strong>\u201cNEW WINE INTO NEW WINESKINS\"<\/strong><\/strong><\/h2>\n\n\n\n<p>These words of Jesus, recorded by the Evangelist Matthew (9,17), are the Spirit\u2019s light that guided, animated and nourished the journey made by the Daughters of Charity of the two Provinces towards the creation of the new Province, Espa\u00f1a Centro.<\/p>\n\n\n\n<p>We briefly highlight some moments during the culminating event that was prepared with devoted attention, love, and joy; it took place within the framework of the well-loved \u201ccommunity feasts\u201d:<\/p>\n\n\n\n<p>On November 26 at 7:30 P.M. two hundred twenty Sisters gathered in the Chapel of Madrid-Santa Luisa Province for a moving and meaningful Evening Prayer entitled \"... in the Potters\u2019 hands.\u201d With them were the General Superiors, the Visitatrixes and Councillors from Spain, the members of the Provincial Councils who are ending their terms, the new Visitatrix, with her Council, and the C.M. Visitors...<\/p>\n\n\n\n<figure class=\"wp-block-embed is-type-video is-provider-youtube wp-block-embed-youtube wp-embed-aspect-16-9 wp-has-aspect-ratio\"><div class=\"wp-block-embed__wrapper\">\n<iframe loading=\"lazy\" title=\"Vigilia de oraci\u00f3n-Madrid 26 de noviembre de 2021\" width=\"1080\" height=\"608\" src=\"https:\/\/www.youtube.com\/embed\/Zxdu8iUpMLc?feature=oembed\"  allow=\"accelerometer; autoplay; clipboard-write; encrypted-media; gyroscope; picture-in-picture; web-share\" allowfullscreen><\/iframe>\n<\/div><\/figure>\n\n\n\n<p>On November 27, at 10:30 am, we gathered again, this time in St. Vincent's House for the reconfiguration ceremony that was beautifully prepared, with deeply meaningful symbols.<\/p>\n\n\n\n<p>Sister Fran\u00e7oise Petit, Superioress General, Sr Concepci\u00f3n Monjas, the new Visitatrix, and the two former Visitatrixes, Sr Mar\u00eda Eugenia Gonz\u00e1lez and Sr Antonia Gonz\u00e1lez gave inspiring messages, full of wisdom and steeped in the Vincentian spirit.<\/p>\n\n\n\n<p>This was followed by the Eucharistic celebration presided by our Superior General, Fr. Toma\u017e Mavri\u010d, at the Miraculous Medal Basilica. He also read the patent of the Provincial Director, Fr. Joaqu\u00edn Gonz\u00e1lez.&nbsp; Members of the different branches of the Vincentian Family were also invited.<\/p>\n\n\n\n<figure class=\"wp-block-embed aligncenter is-type-video is-provider-youtube wp-block-embed-youtube wp-embed-aspect-16-9 wp-has-aspect-ratio\"><div class=\"wp-block-embed__wrapper\">\n<iframe loading=\"lazy\" title=\"EUCARISTIA HC CENTRO. INICIO PROVINCIA, DIA 27. HORA 13,30\" width=\"1080\" height=\"608\" src=\"https:\/\/www.youtube.com\/embed\/rmSS7Hp2A7U?feature=oembed\"  allow=\"accelerometer; autoplay; clipboard-write; encrypted-media; gyroscope; picture-in-picture; web-share\" allowfullscreen><\/iframe>\n<\/div><\/figure>\n\n\n\n<p>The Eucharist was followed by a fraternal meal.<\/p>\n\n\n\n<p>We give thanks to God for all that we have experienced, convinced that \"nothing placed under the protection of Our Lady can fail.\u201d We entrust to her maternal protection this new journey!<\/p>\n\n\n\n<div class=\"wp-block-responsive-lightbox-gallery\"><\/div>\n","protected":false},"excerpt":{"rendered":"<p>\u201cNEW WINE INTO NEW WINESKINS&#8221; These words of Jesus, recorded by the Evangelist Matthew (9,17), are the Spirit\u2019s light that guided, animated and nourished the journey made by the Daughters of Charity of the two Provinces towards the creation of the new Province, Espa\u00f1a Centro. We briefly highlight some moments during the culminating event that [&hellip;]<\/p>\n","protected":false},"author":1,"featured_media":16180,"comment_status":"closed","ping_status":"closed","sticky":false,"template":"","format":"standard","meta":{"_acf_changed":false,"footnotes":"","_links_to":"","_links_to_target":""},"categories":[788],"tags":[],"class_list":["post-18526","post","type-post","status-publish","format-standard","has-post-thumbnail","hentry","category-espana-centro-en"],"acf":[],"yoast_head":"<!-- This site is optimized with the Yoast SEO plugin v27.5 - https:\/\/yoast.com\/product\/yoast-seo-wordpress\/ -->\n<title>RECONFIGURATION OF THE PROVINCES OF MADRID-SANTA LUISA AND MADRID-SAN VICENTE: THE BIRTH OF THE NEW PROVINCE, ESPA\u00d1A CENTRO. - Filles de la Charit\u00e9<\/title>\n<meta name=\"robots\" content=\"index, follow, max-snippet:-1, max-image-preview:large, max-video-preview:-1\" \/>\n<link rel=\"canonical\" href=\"https:\/\/filles-de-la-charite.org\/en\/reconfiguration-of-the-provinces-of-madrid-santa-luisa-and-madrid-san-vicente-the-birth-of-the-new-province-espana-centro\/\" \/>\n<meta property=\"og:locale\" content=\"en_US\" \/>\n<meta property=\"og:type\" content=\"article\" \/>\n<meta property=\"og:title\" content=\"RECONFIGURATION OF THE PROVINCES OF MADRID-SANTA LUISA AND MADRID-SAN VICENTE: THE BIRTH OF THE NEW PROVINCE, ESPA\u00d1A CENTRO. - Filles de la Charit\u00e9\" \/>\n<meta property=\"og:description\" content=\"\u201cNEW WINE INTO NEW WINESKINS&#8221; These words of Jesus, recorded by the Evangelist Matthew (9,17), are the Spirit\u2019s light that guided, animated and nourished the journey made by the Daughters of Charity of the two Provinces towards the creation of the new Province, Espa\u00f1a Centro. We briefly highlight some moments during the culminating event that [&hellip;]\" \/>\n<meta property=\"og:url\" content=\"https:\/\/filles-de-la-charite.org\/en\/reconfiguration-of-the-provinces-of-madrid-santa-luisa-and-madrid-san-vicente-the-birth-of-the-new-province-espana-centro\/\" \/>\n<meta property=\"og:site_name\" content=\"Filles de la Charit\u00e9\" \/>\n<meta property=\"article:published_time\" content=\"2021-12-01T19:23:54+00:00\" \/>\n<meta property=\"article:modified_time\" content=\"2024-03-17T15:46:54+00:00\" \/>\n<meta property=\"og:image\" content=\"https:\/\/filles-de-la-charite.org\/wp-content\/uploads\/2023\/06\/00.-miniatura-scaled-1.jpg\" \/>\n\t<meta property=\"og:image:width\" content=\"2560\" \/>\n\t<meta property=\"og:image:height\" content=\"1707\" \/>\n\t<meta property=\"og:image:type\" content=\"image\/jpeg\" \/>\n<meta name=\"author\" content=\"admin\" \/>\n<meta name=\"twitter:card\" content=\"summary_large_image\" \/>\n<meta name=\"twitter:label1\" content=\"Written by\" \/>\n\t<meta name=\"twitter:data1\" content=\"admin\" \/>\n\t<meta name=\"twitter:label2\" content=\"Est. reading time\" \/>\n\t<meta name=\"twitter:data2\" content=\"2 minutes\" \/>\n<script type=\"application\/ld+json\" class=\"yoast-schema-graph\">{\"@context\":\"https:\\\/\\\/schema.org\",\"@graph\":[{\"@type\":\"Article\",\"@id\":\"https:\\\/\\\/filles-de-la-charite.org\\\/en\\\/reconfiguration-of-the-provinces-of-madrid-santa-luisa-and-madrid-san-vicente-the-birth-of-the-new-province-espana-centro\\\/#article\",\"isPartOf\":{\"@id\":\"https:\\\/\\\/filles-de-la-charite.org\\\/en\\\/reconfiguration-of-the-provinces-of-madrid-santa-luisa-and-madrid-san-vicente-the-birth-of-the-new-province-espana-centro\\\/\"},\"author\":{\"name\":\"admin\",\"@id\":\"https:\\\/\\\/filles-de-la-charite.org\\\/en\\\/#\\\/schema\\\/person\\\/427567b2eccfc2dd7d206da186a1f438\"},\"headline\":\"RECONFIGURATION OF THE PROVINCES OF MADRID-SANTA LUISA AND MADRID-SAN VICENTE: THE BIRTH OF THE NEW PROVINCE, ESPA\u00d1A CENTRO.\",\"datePublished\":\"2021-12-01T19:23:54+00:00\",\"dateModified\":\"2024-03-17T15:46:54+00:00\",\"mainEntityOfPage\":{\"@id\":\"https:\\\/\\\/filles-de-la-charite.org\\\/en\\\/reconfiguration-of-the-provinces-of-madrid-santa-luisa-and-madrid-san-vicente-the-birth-of-the-new-province-espana-centro\\\/\"},\"wordCount\":326,\"publisher\":{\"@id\":\"https:\\\/\\\/filles-de-la-charite.org\\\/en\\\/#organization\"},\"image\":{\"@id\":\"https:\\\/\\\/filles-de-la-charite.org\\\/en\\\/reconfiguration-of-the-provinces-of-madrid-santa-luisa-and-madrid-san-vicente-the-birth-of-the-new-province-espana-centro\\\/#primaryimage\"},\"thumbnailUrl\":\"https:\\\/\\\/filles-de-la-charite.org\\\/wp-content\\\/uploads\\\/2023\\\/06\\\/00.-miniatura-scaled-1.jpg\",\"articleSection\":[\"Espa\u00f1a Centro\"],\"inLanguage\":\"en-US\"},{\"@type\":\"WebPage\",\"@id\":\"https:\\\/\\\/filles-de-la-charite.org\\\/en\\\/reconfiguration-of-the-provinces-of-madrid-santa-luisa-and-madrid-san-vicente-the-birth-of-the-new-province-espana-centro\\\/\",\"url\":\"https:\\\/\\\/filles-de-la-charite.org\\\/en\\\/reconfiguration-of-the-provinces-of-madrid-santa-luisa-and-madrid-san-vicente-the-birth-of-the-new-province-espana-centro\\\/\",\"name\":\"RECONFIGURATION OF THE PROVINCES OF MADRID-SANTA LUISA AND MADRID-SAN VICENTE: THE BIRTH OF THE NEW PROVINCE, ESPA\u00d1A CENTRO. - Filles de la Charit\u00e9\",\"isPartOf\":{\"@id\":\"https:\\\/\\\/filles-de-la-charite.org\\\/en\\\/#website\"},\"primaryImageOfPage\":{\"@id\":\"https:\\\/\\\/filles-de-la-charite.org\\\/en\\\/reconfiguration-of-the-provinces-of-madrid-santa-luisa-and-madrid-san-vicente-the-birth-of-the-new-province-espana-centro\\\/#primaryimage\"},\"image\":{\"@id\":\"https:\\\/\\\/filles-de-la-charite.org\\\/en\\\/reconfiguration-of-the-provinces-of-madrid-santa-luisa-and-madrid-san-vicente-the-birth-of-the-new-province-espana-centro\\\/#primaryimage\"},\"thumbnailUrl\":\"https:\\\/\\\/filles-de-la-charite.org\\\/wp-content\\\/uploads\\\/2023\\\/06\\\/00.-miniatura-scaled-1.jpg\",\"datePublished\":\"2021-12-01T19:23:54+00:00\",\"dateModified\":\"2024-03-17T15:46:54+00:00\",\"breadcrumb\":{\"@id\":\"https:\\\/\\\/filles-de-la-charite.org\\\/en\\\/reconfiguration-of-the-provinces-of-madrid-santa-luisa-and-madrid-san-vicente-the-birth-of-the-new-province-espana-centro\\\/#breadcrumb\"},\"inLanguage\":\"en-US\",\"potentialAction\":[{\"@type\":\"ReadAction\",\"target\":[\"https:\\\/\\\/filles-de-la-charite.org\\\/en\\\/reconfiguration-of-the-provinces-of-madrid-santa-luisa-and-madrid-san-vicente-the-birth-of-the-new-province-espana-centro\\\/\"]}]},{\"@type\":\"ImageObject\",\"inLanguage\":\"en-US\",\"@id\":\"https:\\\/\\\/filles-de-la-charite.org\\\/en\\\/reconfiguration-of-the-provinces-of-madrid-santa-luisa-and-madrid-san-vicente-the-birth-of-the-new-province-espana-centro\\\/#primaryimage\",\"url\":\"https:\\\/\\\/filles-de-la-charite.org\\\/wp-content\\\/uploads\\\/2023\\\/06\\\/00.-miniatura-scaled-1.jpg\",\"contentUrl\":\"https:\\\/\\\/filles-de-la-charite.org\\\/wp-content\\\/uploads\\\/2023\\\/06\\\/00.-miniatura-scaled-1.jpg\",\"width\":2560,\"height\":1707},{\"@type\":\"BreadcrumbList\",\"@id\":\"https:\\\/\\\/filles-de-la-charite.org\\\/en\\\/reconfiguration-of-the-provinces-of-madrid-santa-luisa-and-madrid-san-vicente-the-birth-of-the-new-province-espana-centro\\\/#breadcrumb\",\"itemListElement\":[{\"@type\":\"ListItem\",\"position\":1,\"name\":\"Espa\u00f1a Centro\",\"item\":\"https:\\\/\\\/filles-de-la-charite.org\\\/en\\\/category\\\/espana-centro-en\\\/\"},{\"@type\":\"ListItem\",\"position\":2,\"name\":\"RECONFIGURATION OF THE PROVINCES OF MADRID-SANTA LUISA AND MADRID-SAN VICENTE: THE BIRTH OF THE NEW PROVINCE, ESPA\u00d1A CENTRO.\"}]},{\"@type\":\"WebSite\",\"@id\":\"https:\\\/\\\/filles-de-la-charite.org\\\/en\\\/#website\",\"url\":\"https:\\\/\\\/filles-de-la-charite.org\\\/en\\\/\",\"name\":\"Hijas de la Caridad\",\"description\":\"El amor de Jes\u00fas nos urge a cuidar la vida de los m\u00e1s necesitados\",\"publisher\":{\"@id\":\"https:\\\/\\\/filles-de-la-charite.org\\\/en\\\/#organization\"},\"potentialAction\":[{\"@type\":\"SearchAction\",\"target\":{\"@type\":\"EntryPoint\",\"urlTemplate\":\"https:\\\/\\\/filles-de-la-charite.org\\\/en\\\/?s={search_term_string}\"},\"query-input\":{\"@type\":\"PropertyValueSpecification\",\"valueRequired\":true,\"valueName\":\"search_term_string\"}}],\"inLanguage\":\"en-US\"},{\"@type\":\"Organization\",\"@id\":\"https:\\\/\\\/filles-de-la-charite.org\\\/en\\\/#organization\",\"name\":\"Hijas de la Caridad\",\"url\":\"https:\\\/\\\/filles-de-la-charite.org\\\/en\\\/\",\"logo\":{\"@type\":\"ImageObject\",\"inLanguage\":\"en-US\",\"@id\":\"https:\\\/\\\/filles-de-la-charite.org\\\/en\\\/#\\\/schema\\\/logo\\\/image\\\/\",\"url\":\"https:\\\/\\\/filles-de-la-charite.org\\\/wp-content\\\/uploads\\\/2023\\\/03\\\/isotipo-Hijas-de-la-Caridad.png\",\"contentUrl\":\"https:\\\/\\\/filles-de-la-charite.org\\\/wp-content\\\/uploads\\\/2023\\\/03\\\/isotipo-Hijas-de-la-Caridad.png\",\"width\":1417,\"height\":1417,\"caption\":\"Hijas de la Caridad\"},\"image\":{\"@id\":\"https:\\\/\\\/filles-de-la-charite.org\\\/en\\\/#\\\/schema\\\/logo\\\/image\\\/\"}},{\"@type\":\"Person\",\"@id\":\"https:\\\/\\\/filles-de-la-charite.org\\\/en\\\/#\\\/schema\\\/person\\\/427567b2eccfc2dd7d206da186a1f438\",\"name\":\"admin\",\"image\":{\"@type\":\"ImageObject\",\"inLanguage\":\"en-US\",\"@id\":\"https:\\\/\\\/secure.gravatar.com\\\/avatar\\\/948b492cce32b586ac2db0eaa926ee87024f7afe218d73b397ea5ddfc5f43ea1?s=96&d=mm&r=g\",\"url\":\"https:\\\/\\\/secure.gravatar.com\\\/avatar\\\/948b492cce32b586ac2db0eaa926ee87024f7afe218d73b397ea5ddfc5f43ea1?s=96&d=mm&r=g\",\"contentUrl\":\"https:\\\/\\\/secure.gravatar.com\\\/avatar\\\/948b492cce32b586ac2db0eaa926ee87024f7afe218d73b397ea5ddfc5f43ea1?s=96&d=mm&r=g\",\"caption\":\"admin\"},\"sameAs\":[\"https:\\\/\\\/filles-de-la-charite.org\"],\"url\":\"https:\\\/\\\/filles-de-la-charite.org\\\/en\\\/author\\\/caridad\\\/\"}]}<\/script>\n<!-- \/ Yoast SEO plugin. -->","yoast_head_json":{"title":"RECONFIGURATION OF THE PROVINCES OF MADRID-SANTA LUISA AND MADRID-SAN VICENTE: THE BIRTH OF THE NEW PROVINCE, ESPA\u00d1A CENTRO. - Filles de la Charit\u00e9","robots":{"index":"index","follow":"follow","max-snippet":"max-snippet:-1","max-image-preview":"max-image-preview:large","max-video-preview":"max-video-preview:-1"},"canonical":"https:\/\/filles-de-la-charite.org\/en\/reconfiguration-of-the-provinces-of-madrid-santa-luisa-and-madrid-san-vicente-the-birth-of-the-new-province-espana-centro\/","og_locale":"en_US","og_type":"article","og_title":"RECONFIGURATION OF THE PROVINCES OF MADRID-SANTA LUISA AND MADRID-SAN VICENTE: THE BIRTH OF THE NEW PROVINCE, ESPA\u00d1A CENTRO. - Filles de la Charit\u00e9","og_description":"\u201cNEW WINE INTO NEW WINESKINS&#8221; These words of Jesus, recorded by the Evangelist Matthew (9,17), are the Spirit\u2019s light that guided, animated and nourished the journey made by the Daughters of Charity of the two Provinces towards the creation of the new Province, Espa\u00f1a Centro. We briefly highlight some moments during the culminating event that [&hellip;]","og_url":"https:\/\/filles-de-la-charite.org\/en\/reconfiguration-of-the-provinces-of-madrid-santa-luisa-and-madrid-san-vicente-the-birth-of-the-new-province-espana-centro\/","og_site_name":"Filles de la Charit\u00e9","article_published_time":"2021-12-01T19:23:54+00:00","article_modified_time":"2024-03-17T15:46:54+00:00","og_image":[{"width":2560,"height":1707,"url":"https:\/\/filles-de-la-charite.org\/wp-content\/uploads\/2023\/06\/00.-miniatura-scaled-1.jpg","type":"image\/jpeg"}],"author":"admin","twitter_card":"summary_large_image","twitter_misc":{"Written by":"admin","Est. reading time":"2 minutes"},"schema":{"@context":"https:\/\/schema.org","@graph":[{"@type":"Article","@id":"https:\/\/filles-de-la-charite.org\/en\/reconfiguration-of-the-provinces-of-madrid-santa-luisa-and-madrid-san-vicente-the-birth-of-the-new-province-espana-centro\/#article","isPartOf":{"@id":"https:\/\/filles-de-la-charite.org\/en\/reconfiguration-of-the-provinces-of-madrid-santa-luisa-and-madrid-san-vicente-the-birth-of-the-new-province-espana-centro\/"},"author":{"name":"admin","@id":"https:\/\/filles-de-la-charite.org\/en\/#\/schema\/person\/427567b2eccfc2dd7d206da186a1f438"},"headline":"RECONFIGURATION OF THE PROVINCES OF MADRID-SANTA LUISA AND MADRID-SAN VICENTE: THE BIRTH OF THE NEW PROVINCE, ESPA\u00d1A CENTRO.","datePublished":"2021-12-01T19:23:54+00:00","dateModified":"2024-03-17T15:46:54+00:00","mainEntityOfPage":{"@id":"https:\/\/filles-de-la-charite.org\/en\/reconfiguration-of-the-provinces-of-madrid-santa-luisa-and-madrid-san-vicente-the-birth-of-the-new-province-espana-centro\/"},"wordCount":326,"publisher":{"@id":"https:\/\/filles-de-la-charite.org\/en\/#organization"},"image":{"@id":"https:\/\/filles-de-la-charite.org\/en\/reconfiguration-of-the-provinces-of-madrid-santa-luisa-and-madrid-san-vicente-the-birth-of-the-new-province-espana-centro\/#primaryimage"},"thumbnailUrl":"https:\/\/filles-de-la-charite.org\/wp-content\/uploads\/2023\/06\/00.-miniatura-scaled-1.jpg","articleSection":["Espa\u00f1a Centro"],"inLanguage":"en-US"},{"@type":"WebPage","@id":"https:\/\/filles-de-la-charite.org\/en\/reconfiguration-of-the-provinces-of-madrid-santa-luisa-and-madrid-san-vicente-the-birth-of-the-new-province-espana-centro\/","url":"https:\/\/filles-de-la-charite.org\/en\/reconfiguration-of-the-provinces-of-madrid-santa-luisa-and-madrid-san-vicente-the-birth-of-the-new-province-espana-centro\/","name":"RECONFIGURATION OF THE PROVINCES OF MADRID-SANTA LUISA AND MADRID-SAN VICENTE: THE BIRTH OF THE NEW PROVINCE, ESPA\u00d1A CENTRO. - Filles de la Charit\u00e9","isPartOf":{"@id":"https:\/\/filles-de-la-charite.org\/en\/#website"},"primaryImageOfPage":{"@id":"https:\/\/filles-de-la-charite.org\/en\/reconfiguration-of-the-provinces-of-madrid-santa-luisa-and-madrid-san-vicente-the-birth-of-the-new-province-espana-centro\/#primaryimage"},"image":{"@id":"https:\/\/filles-de-la-charite.org\/en\/reconfiguration-of-the-provinces-of-madrid-santa-luisa-and-madrid-san-vicente-the-birth-of-the-new-province-espana-centro\/#primaryimage"},"thumbnailUrl":"https:\/\/filles-de-la-charite.org\/wp-content\/uploads\/2023\/06\/00.-miniatura-scaled-1.jpg","datePublished":"2021-12-01T19:23:54+00:00","dateModified":"2024-03-17T15:46:54+00:00","breadcrumb":{"@id":"https:\/\/filles-de-la-charite.org\/en\/reconfiguration-of-the-provinces-of-madrid-santa-luisa-and-madrid-san-vicente-the-birth-of-the-new-province-espana-centro\/#breadcrumb"},"inLanguage":"en-US","potentialAction":[{"@type":"ReadAction","target":["https:\/\/filles-de-la-charite.org\/en\/reconfiguration-of-the-provinces-of-madrid-santa-luisa-and-madrid-san-vicente-the-birth-of-the-new-province-espana-centro\/"]}]},{"@type":"ImageObject","inLanguage":"en-US","@id":"https:\/\/filles-de-la-charite.org\/en\/reconfiguration-of-the-provinces-of-madrid-santa-luisa-and-madrid-san-vicente-the-birth-of-the-new-province-espana-centro\/#primaryimage","url":"https:\/\/filles-de-la-charite.org\/wp-content\/uploads\/2023\/06\/00.-miniatura-scaled-1.jpg","contentUrl":"https:\/\/filles-de-la-charite.org\/wp-content\/uploads\/2023\/06\/00.-miniatura-scaled-1.jpg","width":2560,"height":1707},{"@type":"BreadcrumbList","@id":"https:\/\/filles-de-la-charite.org\/en\/reconfiguration-of-the-provinces-of-madrid-santa-luisa-and-madrid-san-vicente-the-birth-of-the-new-province-espana-centro\/#breadcrumb","itemListElement":[{"@type":"ListItem","position":1,"name":"Espa\u00f1a Centro","item":"https:\/\/filles-de-la-charite.org\/en\/category\/espana-centro-en\/"},{"@type":"ListItem","position":2,"name":"RECONFIGURATION OF THE PROVINCES OF MADRID-SANTA LUISA AND MADRID-SAN VICENTE: THE BIRTH OF THE NEW PROVINCE, ESPA\u00d1A CENTRO."}]},{"@type":"WebSite","@id":"https:\/\/filles-de-la-charite.org\/en\/#website","url":"https:\/\/filles-de-la-charite.org\/en\/","name":"Hijas de la Caridad","description":"El amor de Jes\u00fas nos urge a cuidar la vida de los m\u00e1s necesitados","publisher":{"@id":"https:\/\/filles-de-la-charite.org\/en\/#organization"},"potentialAction":[{"@type":"SearchAction","target":{"@type":"EntryPoint","urlTemplate":"https:\/\/filles-de-la-charite.org\/en\/?s={search_term_string}"},"query-input":{"@type":"PropertyValueSpecification","valueRequired":true,"valueName":"search_term_string"}}],"inLanguage":"en-US"},{"@type":"Organization","@id":"https:\/\/filles-de-la-charite.org\/en\/#organization","name":"Hijas de la Caridad","url":"https:\/\/filles-de-la-charite.org\/en\/","logo":{"@type":"ImageObject","inLanguage":"en-US","@id":"https:\/\/filles-de-la-charite.org\/en\/#\/schema\/logo\/image\/","url":"https:\/\/filles-de-la-charite.org\/wp-content\/uploads\/2023\/03\/isotipo-Hijas-de-la-Caridad.png","contentUrl":"https:\/\/filles-de-la-charite.org\/wp-content\/uploads\/2023\/03\/isotipo-Hijas-de-la-Caridad.png","width":1417,"height":1417,"caption":"Hijas de la Caridad"},"image":{"@id":"https:\/\/filles-de-la-charite.org\/en\/#\/schema\/logo\/image\/"}},{"@type":"Person","@id":"https:\/\/filles-de-la-charite.org\/en\/#\/schema\/person\/427567b2eccfc2dd7d206da186a1f438","name":"admin","image":{"@type":"ImageObject","inLanguage":"en-US","@id":"https:\/\/secure.gravatar.com\/avatar\/948b492cce32b586ac2db0eaa926ee87024f7afe218d73b397ea5ddfc5f43ea1?s=96&d=mm&r=g","url":"https:\/\/secure.gravatar.com\/avatar\/948b492cce32b586ac2db0eaa926ee87024f7afe218d73b397ea5ddfc5f43ea1?s=96&d=mm&r=g","contentUrl":"https:\/\/secure.gravatar.com\/avatar\/948b492cce32b586ac2db0eaa926ee87024f7afe218d73b397ea5ddfc5f43ea1?s=96&d=mm&r=g","caption":"admin"},"sameAs":["https:\/\/filles-de-la-charite.org"],"url":"https:\/\/filles-de-la-charite.org\/en\/author\/caridad\/"}]}},"_links":{"self":[{"href":"https:\/\/filles-de-la-charite.org\/en\/wp-json\/wp\/v2\/posts\/18526","targetHints":{"allow":["GET"]}}],"collection":[{"href":"https:\/\/filles-de-la-charite.org\/en\/wp-json\/wp\/v2\/posts"}],"about":[{"href":"https:\/\/filles-de-la-charite.org\/en\/wp-json\/wp\/v2\/types\/post"}],"author":[{"embeddable":true,"href":"https:\/\/filles-de-la-charite.org\/en\/wp-json\/wp\/v2\/users\/1"}],"replies":[{"embeddable":true,"href":"https:\/\/filles-de-la-charite.org\/en\/wp-json\/wp\/v2\/comments?post=18526"}],"version-history":[{"count":1,"href":"https:\/\/filles-de-la-charite.org\/en\/wp-json\/wp\/v2\/posts\/18526\/revisions"}],"predecessor-version":[{"id":34484,"href":"https:\/\/filles-de-la-charite.org\/en\/wp-json\/wp\/v2\/posts\/18526\/revisions\/34484"}],"wp:featuredmedia":[{"embeddable":true,"href":"https:\/\/filles-de-la-charite.org\/en\/wp-json\/wp\/v2\/media\/16180"}],"wp:attachment":[{"href":"https:\/\/filles-de-la-charite.org\/en\/wp-json\/wp\/v2\/media?parent=18526"}],"wp:term":[{"taxonomy":"category","embeddable":true,"href":"https:\/\/filles-de-la-charite.org\/en\/wp-json\/wp\/v2\/categories?post=18526"},{"taxonomy":"post_tag","embeddable":true,"href":"https:\/\/filles-de-la-charite.org\/en\/wp-json\/wp\/v2\/tags?post=18526"}],"curies":[{"name":"wp","href":"https:\/\/api.w.org\/{rel}","templated":true}]}}