{"id":18610,"date":"2022-04-30T22:00:00","date_gmt":"2022-04-30T20:00:00","guid":{"rendered":"https:\/\/hijascaridad.sjdigitaldemo.ovh\/inauguration-of-the-sister-lindalva-justo-de-oliveira-farm-of-hope\/"},"modified":"2024-03-17T16:20:28","modified_gmt":"2024-03-17T15:20:28","slug":"inauguration-of-the-sister-lindalva-justo-de-oliveira-farm-of-hope","status":"publish","type":"post","link":"https:\/\/filles-de-la-charite.org\/en\/inauguration-of-the-sister-lindalva-justo-de-oliveira-farm-of-hope\/","title":{"rendered":"Inauguration of the Sister Lindalva Justo de Oliveira Farm of Hope"},"content":{"rendered":"\n<div class=\"wp-block-image\"><figure class=\"aligncenter size-full\"><img decoding=\"async\" src=\"https:\/\/filles-de-la-charite.org\/wp-content\/uploads\/2023\/06\/fotos-da-Inauguracao-da-fazenda-1.jpeg\" alt=\"\" class=\"wp-image-70280\" \/><\/figure><\/div>\n\n\n\n<p>A year and a half after the laying of the foundation stone, and after much work and perseverance, the Archdiocese of Olinda and Recife inaugurated on 31 March 2022 in Primavera, Pernambuco, Brazil, a new women's unit of the Farm of Hope (Fazenda da Esperan\u00e7a). This unit named \u201cSister Lindalva Justo de Oliveira Farm of Hope,\u201d is intended to welcome women who come to receive help as they go through rehabilitation after being weakened by drug use. The Farm\u2019s name was given by the Archbishop of Recife, Antonio Fernando Saburido, in order to pay homage to the Daughters of Charity who have served or are serving in the Farms especially Sister S\u00f4nia Maria de Lima, and to honor the martyrdom of Blessed Lindalva, who represents today\u2019s women who suffer from violence and femicide.<\/p>\n\n\n\n<p>The inauguration of the new Farm took place during an open-air Mass celebrated by Archbishop Ant\u00f4nio Fernando Saburido and concelebrated with other priests including Father Hans Stapel (founder of the farm) and Father Clistenes Natal, our Provincial Director, from the Congregation of the Mission. In addition to the Mayor and other state authorities, also present to represent the Company of the Daughters of Charity were our Visitatrix, Sister Patr\u00edcia Cala\u00e7a, the members of the Provincial Council, Sister S\u00f4nia Maria de Lima, and many other Daughters of Charity. Nelson Giovanelli, one of the founders of the Farm of Hope (Fazenda da Esperan\u00e7a) also graced this event, as well as the many men and women who are in rehabilitation in existing Farms in the state of Pernambuco. During the entrance procession, an image and a relic of Blessed Lindalva, donated by the Province of Recife to this new Farm, were enthroned.<\/p>\n\n\n\n<div class=\"wp-block-image\"><figure class=\"aligncenter size-full\"><img decoding=\"async\" src=\"https:\/\/filles-de-la-charite.org\/wp-content\/uploads\/2023\/06\/fotos-da-Inauguracao-da-fazenda-2.jpeg\" alt=\"\" class=\"wp-image-70281\" \/><\/figure><\/div>\n\n\n\n<p>The <em>Fazenda da Esperan\u00e7a<\/em> is a therapeutic community that has been operating since 1983 for persons who are in the process of recovery and seeking release from addictions, mainly alcohol and drugs. Its method includes three determining aspects: <strong>work<\/strong> as a pedagogical process, <strong>living together as a family<\/strong>, and <strong>spirituality<\/strong> with a view to find meaning in life.<\/p>\n\n\n\n<p>People who identify with the charism of the Farm can find their vocation in the Church by becoming part of the Family of Hope, a private association of the faithful, international in character and recognized by the Pontifical Council for the Laity, whose mission is to bring Hope, who is Jesus Christ, to as many young people as possible throughout the world, in the words of Pope Benedict XVI.<\/p>\n\n\n\n<div class=\"wp-block-image\"><figure class=\"aligncenter size-full\"><img decoding=\"async\" src=\"https:\/\/filles-de-la-charite.org\/wp-content\/uploads\/2023\/06\/fotos-da-Inauguracao-da-fazenda-3.jpeg\" alt=\"\" class=\"wp-image-70275\" \/><\/figure><\/div>\n\n\n\n<p>The <em>Fazenda<\/em> has its doors open in all Brazilian states to welcome men and women weakened by drug addiction, transforming pain into joy. The number of communities in the world has already surpassed one hundred structured units in countries in Asia, Africa, America and Europe, growing continuously due to the globalization of serious social problems that beset humanity.<\/p>\n\n\n\n<p>The House in Primavera is the fourth Farm of Hope in the state of Pernambuco, with units in the cities of Jaboat\u00e3o dos Guararapes, Garanhuns, and S\u00e3o Joaquim do Monte. It can accommodate twenty-five women and up to twelve babies; this is because it is common for women who seek help to arrive pregnant or with children.<\/p>\n\n\n\n<p><em>Today we have realized a long cherished dream of having in our Archdiocese a Farm of Hope for women, &nbsp;a work of God that will benefit persons weakened by drugs use&nbsp; and people in need. It is necessary therefore that there is sensitivity on the part of all to support this project, to encourage those who are going to give their lives here, for this work,\"<\/em> said Archbishop Fernando Saburido in an interview with \u201cRede Vida de Televis\u00e3o\u201d channel.<\/p>\n\n\n\n<div class=\"wp-block-image\"><figure class=\"aligncenter size-full\"><img decoding=\"async\" src=\"https:\/\/filles-de-la-charite.org\/wp-content\/uploads\/2023\/06\/fotos-da-Inauguracao-da-fazenda-4.jpeg\" alt=\"\" class=\"wp-image-70276\" \/><\/figure><\/div>\n\n\n\n<p>This inauguration, which is part of the celebrations of the 30<sup>th<\/sup> anniversary of the martyrdom of Blessed Lindalva, was preceded by a month's mission that was coordinated by Ana L\u00facia Duarte, consecrated missionary of the Farm of Hope and regional leader of the Women's Farms and accompanied by more than fifteen women who are either ex-drug dependents or in the process of being cured; they visited the communities surrounding the new farm, evangelizing and giving witness to the wonders that the Lord has worked and is working in their lives.<\/p>\n\n\n\n<p>This new Farm of Hope is a sign of God\u2019s Love and Providence in the life of those who are most needy; we give thanks to God for the many collaborators who heard the Lord\u2019s call and let themselves be led by Him, especially Dr. Ilvo Meireilles, a businessman from Pernambuco who not only believed in the project but also donated the land and gave his support to the construction work.<\/p>\n\n\n\n<p>May Sister Lindalva intercede for those who take part in this new work and make it an instrument to save lives for God and to raise many vocations for the service of the Reign of God and of the Church!<\/p>\n\n\n\n<div class=\"wp-block-image\"><figure class=\"aligncenter size-large\"><img decoding=\"async\" src=\"https:\/\/filles-de-la-charite.org\/wp-content\/uploads\/2023\/06\/fotos-da-Inauguracao-da-fazenda-6-768x1024-1.jpeg\" alt=\"\" class=\"wp-image-70279\" \/><\/figure><\/div>\n","protected":false},"excerpt":{"rendered":"<p>A year and a half after the laying of the foundation stone, and after much work and perseverance, the Archdiocese of Olinda and Recife inaugurated on 31 March 2022 in Primavera, Pernambuco, Brazil, a new women&#8217;s unit of the Farm of Hope (Fazenda da Esperan\u00e7a). This unit named \u201cSister Lindalva Justo de Oliveira Farm of [&hellip;]<\/p>\n","protected":false},"author":1,"featured_media":16723,"comment_status":"closed","ping_status":"closed","sticky":false,"template":"","format":"standard","meta":{"_acf_changed":false,"footnotes":"","_links_to":"","_links_to_target":""},"categories":[717],"tags":[],"class_list":["post-18610","post","type-post","status-publish","format-standard","has-post-thumbnail","hentry","category-recife-en"],"acf":[],"yoast_head":"<!-- This site is optimized with the Yoast SEO plugin v27.5 - https:\/\/yoast.com\/product\/yoast-seo-wordpress\/ -->\n<title>Inauguration of the Sister Lindalva Justo de Oliveira Farm of Hope - Filles de la Charit\u00e9<\/title>\n<meta name=\"robots\" content=\"index, follow, max-snippet:-1, max-image-preview:large, max-video-preview:-1\" \/>\n<link rel=\"canonical\" href=\"https:\/\/filles-de-la-charite.org\/en\/inauguration-of-the-sister-lindalva-justo-de-oliveira-farm-of-hope\/\" \/>\n<meta property=\"og:locale\" content=\"en_US\" \/>\n<meta property=\"og:type\" content=\"article\" \/>\n<meta property=\"og:title\" content=\"Inauguration of the Sister Lindalva Justo de Oliveira Farm of Hope - Filles de la Charit\u00e9\" \/>\n<meta property=\"og:description\" content=\"A year and a half after the laying of the foundation stone, and after much work and perseverance, the Archdiocese of Olinda and Recife inaugurated on 31 March 2022 in Primavera, Pernambuco, Brazil, a new women&#8217;s unit of the Farm of Hope (Fazenda da Esperan\u00e7a). This unit named \u201cSister Lindalva Justo de Oliveira Farm of [&hellip;]\" \/>\n<meta property=\"og:url\" content=\"https:\/\/filles-de-la-charite.org\/en\/inauguration-of-the-sister-lindalva-justo-de-oliveira-farm-of-hope\/\" \/>\n<meta property=\"og:site_name\" content=\"Filles de la Charit\u00e9\" \/>\n<meta property=\"article:published_time\" content=\"2022-04-30T20:00:00+00:00\" \/>\n<meta property=\"article:modified_time\" content=\"2024-03-17T15:20:28+00:00\" \/>\n<meta property=\"og:image\" content=\"https:\/\/filles-de-la-charite.org\/wp-content\/uploads\/2023\/06\/fotos-da-Inauguracao-da-fazenda-5-scaled-1.jpeg\" \/>\n\t<meta property=\"og:image:width\" content=\"2560\" \/>\n\t<meta property=\"og:image:height\" content=\"1440\" \/>\n\t<meta property=\"og:image:type\" content=\"image\/jpeg\" \/>\n<meta name=\"author\" content=\"admin\" \/>\n<meta name=\"twitter:card\" content=\"summary_large_image\" \/>\n<meta name=\"twitter:label1\" content=\"Written by\" \/>\n\t<meta name=\"twitter:data1\" content=\"admin\" \/>\n\t<meta name=\"twitter:label2\" content=\"Est. reading time\" \/>\n\t<meta name=\"twitter:data2\" content=\"5 minutes\" \/>\n<script type=\"application\/ld+json\" class=\"yoast-schema-graph\">{\"@context\":\"https:\\\/\\\/schema.org\",\"@graph\":[{\"@type\":\"Article\",\"@id\":\"https:\\\/\\\/filles-de-la-charite.org\\\/en\\\/inauguration-of-the-sister-lindalva-justo-de-oliveira-farm-of-hope\\\/#article\",\"isPartOf\":{\"@id\":\"https:\\\/\\\/filles-de-la-charite.org\\\/en\\\/inauguration-of-the-sister-lindalva-justo-de-oliveira-farm-of-hope\\\/\"},\"author\":{\"name\":\"admin\",\"@id\":\"https:\\\/\\\/filles-de-la-charite.org\\\/en\\\/#\\\/schema\\\/person\\\/427567b2eccfc2dd7d206da186a1f438\"},\"headline\":\"Inauguration of the Sister Lindalva Justo de Oliveira Farm of Hope\",\"datePublished\":\"2022-04-30T20:00:00+00:00\",\"dateModified\":\"2024-03-17T15:20:28+00:00\",\"mainEntityOfPage\":{\"@id\":\"https:\\\/\\\/filles-de-la-charite.org\\\/en\\\/inauguration-of-the-sister-lindalva-justo-de-oliveira-farm-of-hope\\\/\"},\"wordCount\":833,\"publisher\":{\"@id\":\"https:\\\/\\\/filles-de-la-charite.org\\\/en\\\/#organization\"},\"image\":{\"@id\":\"https:\\\/\\\/filles-de-la-charite.org\\\/en\\\/inauguration-of-the-sister-lindalva-justo-de-oliveira-farm-of-hope\\\/#primaryimage\"},\"thumbnailUrl\":\"https:\\\/\\\/filles-de-la-charite.org\\\/wp-content\\\/uploads\\\/2023\\\/06\\\/fotos-da-Inauguracao-da-fazenda-5-scaled-1.jpeg\",\"articleSection\":[\"Recife\"],\"inLanguage\":\"en-US\"},{\"@type\":\"WebPage\",\"@id\":\"https:\\\/\\\/filles-de-la-charite.org\\\/en\\\/inauguration-of-the-sister-lindalva-justo-de-oliveira-farm-of-hope\\\/\",\"url\":\"https:\\\/\\\/filles-de-la-charite.org\\\/en\\\/inauguration-of-the-sister-lindalva-justo-de-oliveira-farm-of-hope\\\/\",\"name\":\"Inauguration of the Sister Lindalva Justo de Oliveira Farm of Hope - Filles de la Charit\u00e9\",\"isPartOf\":{\"@id\":\"https:\\\/\\\/filles-de-la-charite.org\\\/en\\\/#website\"},\"primaryImageOfPage\":{\"@id\":\"https:\\\/\\\/filles-de-la-charite.org\\\/en\\\/inauguration-of-the-sister-lindalva-justo-de-oliveira-farm-of-hope\\\/#primaryimage\"},\"image\":{\"@id\":\"https:\\\/\\\/filles-de-la-charite.org\\\/en\\\/inauguration-of-the-sister-lindalva-justo-de-oliveira-farm-of-hope\\\/#primaryimage\"},\"thumbnailUrl\":\"https:\\\/\\\/filles-de-la-charite.org\\\/wp-content\\\/uploads\\\/2023\\\/06\\\/fotos-da-Inauguracao-da-fazenda-5-scaled-1.jpeg\",\"datePublished\":\"2022-04-30T20:00:00+00:00\",\"dateModified\":\"2024-03-17T15:20:28+00:00\",\"breadcrumb\":{\"@id\":\"https:\\\/\\\/filles-de-la-charite.org\\\/en\\\/inauguration-of-the-sister-lindalva-justo-de-oliveira-farm-of-hope\\\/#breadcrumb\"},\"inLanguage\":\"en-US\",\"potentialAction\":[{\"@type\":\"ReadAction\",\"target\":[\"https:\\\/\\\/filles-de-la-charite.org\\\/en\\\/inauguration-of-the-sister-lindalva-justo-de-oliveira-farm-of-hope\\\/\"]}]},{\"@type\":\"ImageObject\",\"inLanguage\":\"en-US\",\"@id\":\"https:\\\/\\\/filles-de-la-charite.org\\\/en\\\/inauguration-of-the-sister-lindalva-justo-de-oliveira-farm-of-hope\\\/#primaryimage\",\"url\":\"https:\\\/\\\/filles-de-la-charite.org\\\/wp-content\\\/uploads\\\/2023\\\/06\\\/fotos-da-Inauguracao-da-fazenda-5-scaled-1.jpeg\",\"contentUrl\":\"https:\\\/\\\/filles-de-la-charite.org\\\/wp-content\\\/uploads\\\/2023\\\/06\\\/fotos-da-Inauguracao-da-fazenda-5-scaled-1.jpeg\",\"width\":2560,\"height\":1440},{\"@type\":\"BreadcrumbList\",\"@id\":\"https:\\\/\\\/filles-de-la-charite.org\\\/en\\\/inauguration-of-the-sister-lindalva-justo-de-oliveira-farm-of-hope\\\/#breadcrumb\",\"itemListElement\":[{\"@type\":\"ListItem\",\"position\":1,\"name\":\"Recife\",\"item\":\"https:\\\/\\\/filles-de-la-charite.org\\\/en\\\/category\\\/recife-en\\\/\"},{\"@type\":\"ListItem\",\"position\":2,\"name\":\"Inauguration of the Sister Lindalva Justo de Oliveira Farm of Hope\"}]},{\"@type\":\"WebSite\",\"@id\":\"https:\\\/\\\/filles-de-la-charite.org\\\/en\\\/#website\",\"url\":\"https:\\\/\\\/filles-de-la-charite.org\\\/en\\\/\",\"name\":\"Hijas de la Caridad\",\"description\":\"El amor de Jes\u00fas nos urge a cuidar la vida de los m\u00e1s necesitados\",\"publisher\":{\"@id\":\"https:\\\/\\\/filles-de-la-charite.org\\\/en\\\/#organization\"},\"potentialAction\":[{\"@type\":\"SearchAction\",\"target\":{\"@type\":\"EntryPoint\",\"urlTemplate\":\"https:\\\/\\\/filles-de-la-charite.org\\\/en\\\/?s={search_term_string}\"},\"query-input\":{\"@type\":\"PropertyValueSpecification\",\"valueRequired\":true,\"valueName\":\"search_term_string\"}}],\"inLanguage\":\"en-US\"},{\"@type\":\"Organization\",\"@id\":\"https:\\\/\\\/filles-de-la-charite.org\\\/en\\\/#organization\",\"name\":\"Hijas de la Caridad\",\"url\":\"https:\\\/\\\/filles-de-la-charite.org\\\/en\\\/\",\"logo\":{\"@type\":\"ImageObject\",\"inLanguage\":\"en-US\",\"@id\":\"https:\\\/\\\/filles-de-la-charite.org\\\/en\\\/#\\\/schema\\\/logo\\\/image\\\/\",\"url\":\"https:\\\/\\\/filles-de-la-charite.org\\\/wp-content\\\/uploads\\\/2023\\\/03\\\/isotipo-Hijas-de-la-Caridad.png\",\"contentUrl\":\"https:\\\/\\\/filles-de-la-charite.org\\\/wp-content\\\/uploads\\\/2023\\\/03\\\/isotipo-Hijas-de-la-Caridad.png\",\"width\":1417,\"height\":1417,\"caption\":\"Hijas de la Caridad\"},\"image\":{\"@id\":\"https:\\\/\\\/filles-de-la-charite.org\\\/en\\\/#\\\/schema\\\/logo\\\/image\\\/\"}},{\"@type\":\"Person\",\"@id\":\"https:\\\/\\\/filles-de-la-charite.org\\\/en\\\/#\\\/schema\\\/person\\\/427567b2eccfc2dd7d206da186a1f438\",\"name\":\"admin\",\"image\":{\"@type\":\"ImageObject\",\"inLanguage\":\"en-US\",\"@id\":\"https:\\\/\\\/secure.gravatar.com\\\/avatar\\\/948b492cce32b586ac2db0eaa926ee87024f7afe218d73b397ea5ddfc5f43ea1?s=96&d=mm&r=g\",\"url\":\"https:\\\/\\\/secure.gravatar.com\\\/avatar\\\/948b492cce32b586ac2db0eaa926ee87024f7afe218d73b397ea5ddfc5f43ea1?s=96&d=mm&r=g\",\"contentUrl\":\"https:\\\/\\\/secure.gravatar.com\\\/avatar\\\/948b492cce32b586ac2db0eaa926ee87024f7afe218d73b397ea5ddfc5f43ea1?s=96&d=mm&r=g\",\"caption\":\"admin\"},\"sameAs\":[\"https:\\\/\\\/filles-de-la-charite.org\"],\"url\":\"https:\\\/\\\/filles-de-la-charite.org\\\/en\\\/author\\\/caridad\\\/\"}]}<\/script>\n<!-- \/ Yoast SEO plugin. -->","yoast_head_json":{"title":"Inauguration of the Sister Lindalva Justo de Oliveira Farm of Hope - Filles de la Charit\u00e9","robots":{"index":"index","follow":"follow","max-snippet":"max-snippet:-1","max-image-preview":"max-image-preview:large","max-video-preview":"max-video-preview:-1"},"canonical":"https:\/\/filles-de-la-charite.org\/en\/inauguration-of-the-sister-lindalva-justo-de-oliveira-farm-of-hope\/","og_locale":"en_US","og_type":"article","og_title":"Inauguration of the Sister Lindalva Justo de Oliveira Farm of Hope - Filles de la Charit\u00e9","og_description":"A year and a half after the laying of the foundation stone, and after much work and perseverance, the Archdiocese of Olinda and Recife inaugurated on 31 March 2022 in Primavera, Pernambuco, Brazil, a new women&#8217;s unit of the Farm of Hope (Fazenda da Esperan\u00e7a). This unit named \u201cSister Lindalva Justo de Oliveira Farm of [&hellip;]","og_url":"https:\/\/filles-de-la-charite.org\/en\/inauguration-of-the-sister-lindalva-justo-de-oliveira-farm-of-hope\/","og_site_name":"Filles de la Charit\u00e9","article_published_time":"2022-04-30T20:00:00+00:00","article_modified_time":"2024-03-17T15:20:28+00:00","og_image":[{"width":2560,"height":1440,"url":"https:\/\/filles-de-la-charite.org\/wp-content\/uploads\/2023\/06\/fotos-da-Inauguracao-da-fazenda-5-scaled-1.jpeg","type":"image\/jpeg"}],"author":"admin","twitter_card":"summary_large_image","twitter_misc":{"Written by":"admin","Est. reading time":"5 minutes"},"schema":{"@context":"https:\/\/schema.org","@graph":[{"@type":"Article","@id":"https:\/\/filles-de-la-charite.org\/en\/inauguration-of-the-sister-lindalva-justo-de-oliveira-farm-of-hope\/#article","isPartOf":{"@id":"https:\/\/filles-de-la-charite.org\/en\/inauguration-of-the-sister-lindalva-justo-de-oliveira-farm-of-hope\/"},"author":{"name":"admin","@id":"https:\/\/filles-de-la-charite.org\/en\/#\/schema\/person\/427567b2eccfc2dd7d206da186a1f438"},"headline":"Inauguration of the Sister Lindalva Justo de Oliveira Farm of Hope","datePublished":"2022-04-30T20:00:00+00:00","dateModified":"2024-03-17T15:20:28+00:00","mainEntityOfPage":{"@id":"https:\/\/filles-de-la-charite.org\/en\/inauguration-of-the-sister-lindalva-justo-de-oliveira-farm-of-hope\/"},"wordCount":833,"publisher":{"@id":"https:\/\/filles-de-la-charite.org\/en\/#organization"},"image":{"@id":"https:\/\/filles-de-la-charite.org\/en\/inauguration-of-the-sister-lindalva-justo-de-oliveira-farm-of-hope\/#primaryimage"},"thumbnailUrl":"https:\/\/filles-de-la-charite.org\/wp-content\/uploads\/2023\/06\/fotos-da-Inauguracao-da-fazenda-5-scaled-1.jpeg","articleSection":["Recife"],"inLanguage":"en-US"},{"@type":"WebPage","@id":"https:\/\/filles-de-la-charite.org\/en\/inauguration-of-the-sister-lindalva-justo-de-oliveira-farm-of-hope\/","url":"https:\/\/filles-de-la-charite.org\/en\/inauguration-of-the-sister-lindalva-justo-de-oliveira-farm-of-hope\/","name":"Inauguration of the Sister Lindalva Justo de Oliveira Farm of Hope - Filles de la Charit\u00e9","isPartOf":{"@id":"https:\/\/filles-de-la-charite.org\/en\/#website"},"primaryImageOfPage":{"@id":"https:\/\/filles-de-la-charite.org\/en\/inauguration-of-the-sister-lindalva-justo-de-oliveira-farm-of-hope\/#primaryimage"},"image":{"@id":"https:\/\/filles-de-la-charite.org\/en\/inauguration-of-the-sister-lindalva-justo-de-oliveira-farm-of-hope\/#primaryimage"},"thumbnailUrl":"https:\/\/filles-de-la-charite.org\/wp-content\/uploads\/2023\/06\/fotos-da-Inauguracao-da-fazenda-5-scaled-1.jpeg","datePublished":"2022-04-30T20:00:00+00:00","dateModified":"2024-03-17T15:20:28+00:00","breadcrumb":{"@id":"https:\/\/filles-de-la-charite.org\/en\/inauguration-of-the-sister-lindalva-justo-de-oliveira-farm-of-hope\/#breadcrumb"},"inLanguage":"en-US","potentialAction":[{"@type":"ReadAction","target":["https:\/\/filles-de-la-charite.org\/en\/inauguration-of-the-sister-lindalva-justo-de-oliveira-farm-of-hope\/"]}]},{"@type":"ImageObject","inLanguage":"en-US","@id":"https:\/\/filles-de-la-charite.org\/en\/inauguration-of-the-sister-lindalva-justo-de-oliveira-farm-of-hope\/#primaryimage","url":"https:\/\/filles-de-la-charite.org\/wp-content\/uploads\/2023\/06\/fotos-da-Inauguracao-da-fazenda-5-scaled-1.jpeg","contentUrl":"https:\/\/filles-de-la-charite.org\/wp-content\/uploads\/2023\/06\/fotos-da-Inauguracao-da-fazenda-5-scaled-1.jpeg","width":2560,"height":1440},{"@type":"BreadcrumbList","@id":"https:\/\/filles-de-la-charite.org\/en\/inauguration-of-the-sister-lindalva-justo-de-oliveira-farm-of-hope\/#breadcrumb","itemListElement":[{"@type":"ListItem","position":1,"name":"Recife","item":"https:\/\/filles-de-la-charite.org\/en\/category\/recife-en\/"},{"@type":"ListItem","position":2,"name":"Inauguration of the Sister Lindalva Justo de Oliveira Farm of Hope"}]},{"@type":"WebSite","@id":"https:\/\/filles-de-la-charite.org\/en\/#website","url":"https:\/\/filles-de-la-charite.org\/en\/","name":"Hijas de la Caridad","description":"El amor de Jes\u00fas nos urge a cuidar la vida de los m\u00e1s necesitados","publisher":{"@id":"https:\/\/filles-de-la-charite.org\/en\/#organization"},"potentialAction":[{"@type":"SearchAction","target":{"@type":"EntryPoint","urlTemplate":"https:\/\/filles-de-la-charite.org\/en\/?s={search_term_string}"},"query-input":{"@type":"PropertyValueSpecification","valueRequired":true,"valueName":"search_term_string"}}],"inLanguage":"en-US"},{"@type":"Organization","@id":"https:\/\/filles-de-la-charite.org\/en\/#organization","name":"Hijas de la Caridad","url":"https:\/\/filles-de-la-charite.org\/en\/","logo":{"@type":"ImageObject","inLanguage":"en-US","@id":"https:\/\/filles-de-la-charite.org\/en\/#\/schema\/logo\/image\/","url":"https:\/\/filles-de-la-charite.org\/wp-content\/uploads\/2023\/03\/isotipo-Hijas-de-la-Caridad.png","contentUrl":"https:\/\/filles-de-la-charite.org\/wp-content\/uploads\/2023\/03\/isotipo-Hijas-de-la-Caridad.png","width":1417,"height":1417,"caption":"Hijas de la Caridad"},"image":{"@id":"https:\/\/filles-de-la-charite.org\/en\/#\/schema\/logo\/image\/"}},{"@type":"Person","@id":"https:\/\/filles-de-la-charite.org\/en\/#\/schema\/person\/427567b2eccfc2dd7d206da186a1f438","name":"admin","image":{"@type":"ImageObject","inLanguage":"en-US","@id":"https:\/\/secure.gravatar.com\/avatar\/948b492cce32b586ac2db0eaa926ee87024f7afe218d73b397ea5ddfc5f43ea1?s=96&d=mm&r=g","url":"https:\/\/secure.gravatar.com\/avatar\/948b492cce32b586ac2db0eaa926ee87024f7afe218d73b397ea5ddfc5f43ea1?s=96&d=mm&r=g","contentUrl":"https:\/\/secure.gravatar.com\/avatar\/948b492cce32b586ac2db0eaa926ee87024f7afe218d73b397ea5ddfc5f43ea1?s=96&d=mm&r=g","caption":"admin"},"sameAs":["https:\/\/filles-de-la-charite.org"],"url":"https:\/\/filles-de-la-charite.org\/en\/author\/caridad\/"}]}},"_links":{"self":[{"href":"https:\/\/filles-de-la-charite.org\/en\/wp-json\/wp\/v2\/posts\/18610","targetHints":{"allow":["GET"]}}],"collection":[{"href":"https:\/\/filles-de-la-charite.org\/en\/wp-json\/wp\/v2\/posts"}],"about":[{"href":"https:\/\/filles-de-la-charite.org\/en\/wp-json\/wp\/v2\/types\/post"}],"author":[{"embeddable":true,"href":"https:\/\/filles-de-la-charite.org\/en\/wp-json\/wp\/v2\/users\/1"}],"replies":[{"embeddable":true,"href":"https:\/\/filles-de-la-charite.org\/en\/wp-json\/wp\/v2\/comments?post=18610"}],"version-history":[{"count":1,"href":"https:\/\/filles-de-la-charite.org\/en\/wp-json\/wp\/v2\/posts\/18610\/revisions"}],"predecessor-version":[{"id":18611,"href":"https:\/\/filles-de-la-charite.org\/en\/wp-json\/wp\/v2\/posts\/18610\/revisions\/18611"}],"wp:featuredmedia":[{"embeddable":true,"href":"https:\/\/filles-de-la-charite.org\/en\/wp-json\/wp\/v2\/media\/16723"}],"wp:attachment":[{"href":"https:\/\/filles-de-la-charite.org\/en\/wp-json\/wp\/v2\/media?parent=18610"}],"wp:term":[{"taxonomy":"category","embeddable":true,"href":"https:\/\/filles-de-la-charite.org\/en\/wp-json\/wp\/v2\/categories?post=18610"},{"taxonomy":"post_tag","embeddable":true,"href":"https:\/\/filles-de-la-charite.org\/en\/wp-json\/wp\/v2\/tags?post=18610"}],"curies":[{"name":"wp","href":"https:\/\/api.w.org\/{rel}","templated":true}]}}