{"id":18711,"date":"2022-08-31T22:00:00","date_gmt":"2022-08-31T20:00:00","guid":{"rendered":"https:\/\/hijascaridad.sjdigitaldemo.ovh\/project-routes-to-the-future\/"},"modified":"2024-03-17T16:17:43","modified_gmt":"2024-03-17T15:17:43","slug":"project-routes-to-the-future","status":"publish","type":"post","link":"https:\/\/filles-de-la-charite.org\/en\/project-routes-to-the-future\/","title":{"rendered":"Project \u201cRoutes to the Future&#8221;"},"content":{"rendered":"\n<p>\u201cLove is inventive to infinity!\u201d This phrase, spoken by Saint Vincent, referring to the inventiveness of Jesus who remains with us in the Eucharist, may well reflect what the project \"Routes to the Future\" means. This said project arose from listening to the reality of impoverished children and families of our institution and its surroundings. To go out the door, to go out to meet! With creativity, commitment, sweat of the brows, strength of the arms, affection and effectiveness, we put into action the service of Jesus Christ present in poor persons that we serve in the city of Assis\/S\u00e3o Paulo<\/p>\n\n\n\n<p>The \"Routes to the Future\" aims to serve students, their families and the entire community of the children\u2019s home, Dom Antonio Jos\u00e9 dos Santos Vincentian Child Education Center located in Assis, in the interior of S\u00e3o Paulo. The project carries out its activities for children and teenagers between 7 and 13 years old whose socio-cultural and economic contexts are extremely vulnerable, with the aim of promoting their development.<\/p>\n\n\n\n<div class=\"wp-block-image\"><figure class=\"alignleft size-large\"><img decoding=\"async\" src=\"https:\/\/filles-de-la-charite.org\/wp-content\/uploads\/2023\/06\/Sao-Paulo-2-768x1024-1.jpeg\" alt=\"\" class=\"wp-image-71394\"\/><\/figure><\/div>\n\n\n\n<p>Through various activities, we work to avoid the aggravation of social vulnerabilities, even achieving a decrease in the violence and inequality indexes already identified in the municipality of Assis. We seek a better quality of life for the children through sports, cooking and gardening. With these, they are stimulated to grow out of marginalization, strengthening family and community ties.<\/p>\n\n\n\n<p>In sports, the target participants are divided into two groups: boys and girls. They play basketball and daily training takes place, preparing them for competitions in the city or in other municipalities. Sports covers physical, psychological and emotional development, among other benefits.<\/p>\n\n\n\n<p>Gardening aims to make families aware of the importance of healthy eating, conservation and care of food. They are encouraged to plant and consume products of high nutritional value. Vegetables and fruit trees are planted by the children themselves with guidance from competent people.<\/p>\n\n\n\n<p>Cooking aims to show the importance of appreciating food by raising greater awareness of the use of the senses of smell, taste and touch and to acquaint children with various culinary arts. The children partake of the food that they themselves prepared.<\/p>\n\n\n\n<p>We, Sisters, try to be always present to the children to encourage them to fully participate. We seek to provide well-being, better quality of life and deeper learning for each one as well as for their families. We are all beneficiaries of this project: &nbsp;Sisters, parents and members of their families and, society, in general because we are certain that these children will grow with a different outlook on life through the practice of sports and the appreciation of food since they themselves will be able to plant, cultivate, prepare and share with others, thus opening new paths to the future!<\/p>\n\n\n\n<p><em>Sisters in mission at the Children\u2019s Home, Dom Ant\u00f4nio Jos\u00e9 dos Santos, Assis, S\u00e3o Paulo<\/em><\/p>\n\n\n\n<div class=\"wp-block-image\"><figure class=\"aligncenter size-full\"><img decoding=\"async\" src=\"https:\/\/filles-de-la-charite.org\/wp-content\/uploads\/2023\/06\/Sao-Paulo-3.jpeg\" alt=\"\" class=\"wp-image-71395\"\/><\/figure><\/div>\n","protected":false},"excerpt":{"rendered":"<p>\u201cLove is inventive to infinity!\u201d This phrase, spoken by Saint Vincent, referring to the inventiveness of Jesus who remains with us in the Eucharist, may well reflect what the project &#8220;Routes to the Future&#8221; means. This said project arose from listening to the reality of impoverished children and families of our institution and its surroundings. [&hellip;]<\/p>\n","protected":false},"author":1,"featured_media":17068,"comment_status":"closed","ping_status":"closed","sticky":false,"template":"","format":"standard","meta":{"_acf_changed":false,"footnotes":"","_links_to":"","_links_to_target":""},"categories":[647],"tags":[],"class_list":["post-18711","post","type-post","status-publish","format-standard","has-post-thumbnail","hentry","category-province-of-sao-paulo-brazil-en"],"acf":[],"yoast_head":"<!-- This site is optimized with the Yoast SEO plugin v27.5 - https:\/\/yoast.com\/product\/yoast-seo-wordpress\/ -->\n<title>Project \u201cRoutes to the Future&quot; - Filles de la Charit\u00e9<\/title>\n<meta name=\"robots\" content=\"index, follow, max-snippet:-1, max-image-preview:large, max-video-preview:-1\" \/>\n<link rel=\"canonical\" href=\"https:\/\/filles-de-la-charite.org\/en\/project-routes-to-the-future\/\" \/>\n<meta property=\"og:locale\" content=\"en_US\" \/>\n<meta property=\"og:type\" content=\"article\" \/>\n<meta property=\"og:title\" content=\"Project \u201cRoutes to the Future&quot; - Filles de la Charit\u00e9\" \/>\n<meta property=\"og:description\" content=\"\u201cLove is inventive to infinity!\u201d This phrase, spoken by Saint Vincent, referring to the inventiveness of Jesus who remains with us in the Eucharist, may well reflect what the project &#8220;Routes to the Future&#8221; means. This said project arose from listening to the reality of impoverished children and families of our institution and its surroundings. [&hellip;]\" \/>\n<meta property=\"og:url\" content=\"https:\/\/filles-de-la-charite.org\/en\/project-routes-to-the-future\/\" \/>\n<meta property=\"og:site_name\" content=\"Filles de la Charit\u00e9\" \/>\n<meta property=\"article:published_time\" content=\"2022-08-31T20:00:00+00:00\" \/>\n<meta property=\"article:modified_time\" content=\"2024-03-17T15:17:43+00:00\" \/>\n<meta property=\"og:image\" content=\"https:\/\/filles-de-la-charite.org\/wp-content\/uploads\/2023\/06\/Sao-Paulo-1.jpeg\" \/>\n\t<meta property=\"og:image:width\" content=\"1600\" \/>\n\t<meta property=\"og:image:height\" content=\"1200\" \/>\n\t<meta property=\"og:image:type\" content=\"image\/jpeg\" \/>\n<meta name=\"author\" content=\"admin\" \/>\n<meta name=\"twitter:card\" content=\"summary_large_image\" \/>\n<meta name=\"twitter:label1\" content=\"Written by\" \/>\n\t<meta name=\"twitter:data1\" content=\"admin\" \/>\n\t<meta name=\"twitter:label2\" content=\"Est. reading time\" \/>\n\t<meta name=\"twitter:data2\" content=\"2 minutes\" \/>\n<script type=\"application\/ld+json\" class=\"yoast-schema-graph\">{\"@context\":\"https:\\\/\\\/schema.org\",\"@graph\":[{\"@type\":\"Article\",\"@id\":\"https:\\\/\\\/filles-de-la-charite.org\\\/en\\\/project-routes-to-the-future\\\/#article\",\"isPartOf\":{\"@id\":\"https:\\\/\\\/filles-de-la-charite.org\\\/en\\\/project-routes-to-the-future\\\/\"},\"author\":{\"name\":\"admin\",\"@id\":\"https:\\\/\\\/filles-de-la-charite.org\\\/en\\\/#\\\/schema\\\/person\\\/427567b2eccfc2dd7d206da186a1f438\"},\"headline\":\"Project \u201cRoutes to the Future&#8221;\",\"datePublished\":\"2022-08-31T20:00:00+00:00\",\"dateModified\":\"2024-03-17T15:17:43+00:00\",\"mainEntityOfPage\":{\"@id\":\"https:\\\/\\\/filles-de-la-charite.org\\\/en\\\/project-routes-to-the-future\\\/\"},\"wordCount\":483,\"publisher\":{\"@id\":\"https:\\\/\\\/filles-de-la-charite.org\\\/en\\\/#organization\"},\"image\":{\"@id\":\"https:\\\/\\\/filles-de-la-charite.org\\\/en\\\/project-routes-to-the-future\\\/#primaryimage\"},\"thumbnailUrl\":\"https:\\\/\\\/filles-de-la-charite.org\\\/wp-content\\\/uploads\\\/2023\\\/06\\\/Sao-Paulo-1.jpeg\",\"articleSection\":[\"Province of S\u00e3o Paulo, Brazil\"],\"inLanguage\":\"en-US\"},{\"@type\":\"WebPage\",\"@id\":\"https:\\\/\\\/filles-de-la-charite.org\\\/en\\\/project-routes-to-the-future\\\/\",\"url\":\"https:\\\/\\\/filles-de-la-charite.org\\\/en\\\/project-routes-to-the-future\\\/\",\"name\":\"Project \u201cRoutes to the Future\\\" - Filles de la Charit\u00e9\",\"isPartOf\":{\"@id\":\"https:\\\/\\\/filles-de-la-charite.org\\\/en\\\/#website\"},\"primaryImageOfPage\":{\"@id\":\"https:\\\/\\\/filles-de-la-charite.org\\\/en\\\/project-routes-to-the-future\\\/#primaryimage\"},\"image\":{\"@id\":\"https:\\\/\\\/filles-de-la-charite.org\\\/en\\\/project-routes-to-the-future\\\/#primaryimage\"},\"thumbnailUrl\":\"https:\\\/\\\/filles-de-la-charite.org\\\/wp-content\\\/uploads\\\/2023\\\/06\\\/Sao-Paulo-1.jpeg\",\"datePublished\":\"2022-08-31T20:00:00+00:00\",\"dateModified\":\"2024-03-17T15:17:43+00:00\",\"breadcrumb\":{\"@id\":\"https:\\\/\\\/filles-de-la-charite.org\\\/en\\\/project-routes-to-the-future\\\/#breadcrumb\"},\"inLanguage\":\"en-US\",\"potentialAction\":[{\"@type\":\"ReadAction\",\"target\":[\"https:\\\/\\\/filles-de-la-charite.org\\\/en\\\/project-routes-to-the-future\\\/\"]}]},{\"@type\":\"ImageObject\",\"inLanguage\":\"en-US\",\"@id\":\"https:\\\/\\\/filles-de-la-charite.org\\\/en\\\/project-routes-to-the-future\\\/#primaryimage\",\"url\":\"https:\\\/\\\/filles-de-la-charite.org\\\/wp-content\\\/uploads\\\/2023\\\/06\\\/Sao-Paulo-1.jpeg\",\"contentUrl\":\"https:\\\/\\\/filles-de-la-charite.org\\\/wp-content\\\/uploads\\\/2023\\\/06\\\/Sao-Paulo-1.jpeg\",\"width\":1600,\"height\":1200},{\"@type\":\"BreadcrumbList\",\"@id\":\"https:\\\/\\\/filles-de-la-charite.org\\\/en\\\/project-routes-to-the-future\\\/#breadcrumb\",\"itemListElement\":[{\"@type\":\"ListItem\",\"position\":1,\"name\":\"Province of S\u00e3o Paulo, Brazil\",\"item\":\"https:\\\/\\\/filles-de-la-charite.org\\\/en\\\/category\\\/province-of-sao-paulo-brazil-en\\\/\"},{\"@type\":\"ListItem\",\"position\":2,\"name\":\"Project \u201cRoutes to the Future\u00bb\"}]},{\"@type\":\"WebSite\",\"@id\":\"https:\\\/\\\/filles-de-la-charite.org\\\/en\\\/#website\",\"url\":\"https:\\\/\\\/filles-de-la-charite.org\\\/en\\\/\",\"name\":\"Hijas de la Caridad\",\"description\":\"El amor de Jes\u00fas nos urge a cuidar la vida de los m\u00e1s necesitados\",\"publisher\":{\"@id\":\"https:\\\/\\\/filles-de-la-charite.org\\\/en\\\/#organization\"},\"potentialAction\":[{\"@type\":\"SearchAction\",\"target\":{\"@type\":\"EntryPoint\",\"urlTemplate\":\"https:\\\/\\\/filles-de-la-charite.org\\\/en\\\/?s={search_term_string}\"},\"query-input\":{\"@type\":\"PropertyValueSpecification\",\"valueRequired\":true,\"valueName\":\"search_term_string\"}}],\"inLanguage\":\"en-US\"},{\"@type\":\"Organization\",\"@id\":\"https:\\\/\\\/filles-de-la-charite.org\\\/en\\\/#organization\",\"name\":\"Hijas de la Caridad\",\"url\":\"https:\\\/\\\/filles-de-la-charite.org\\\/en\\\/\",\"logo\":{\"@type\":\"ImageObject\",\"inLanguage\":\"en-US\",\"@id\":\"https:\\\/\\\/filles-de-la-charite.org\\\/en\\\/#\\\/schema\\\/logo\\\/image\\\/\",\"url\":\"https:\\\/\\\/filles-de-la-charite.org\\\/wp-content\\\/uploads\\\/2023\\\/03\\\/isotipo-Hijas-de-la-Caridad.png\",\"contentUrl\":\"https:\\\/\\\/filles-de-la-charite.org\\\/wp-content\\\/uploads\\\/2023\\\/03\\\/isotipo-Hijas-de-la-Caridad.png\",\"width\":1417,\"height\":1417,\"caption\":\"Hijas de la Caridad\"},\"image\":{\"@id\":\"https:\\\/\\\/filles-de-la-charite.org\\\/en\\\/#\\\/schema\\\/logo\\\/image\\\/\"}},{\"@type\":\"Person\",\"@id\":\"https:\\\/\\\/filles-de-la-charite.org\\\/en\\\/#\\\/schema\\\/person\\\/427567b2eccfc2dd7d206da186a1f438\",\"name\":\"admin\",\"image\":{\"@type\":\"ImageObject\",\"inLanguage\":\"en-US\",\"@id\":\"https:\\\/\\\/secure.gravatar.com\\\/avatar\\\/948b492cce32b586ac2db0eaa926ee87024f7afe218d73b397ea5ddfc5f43ea1?s=96&d=mm&r=g\",\"url\":\"https:\\\/\\\/secure.gravatar.com\\\/avatar\\\/948b492cce32b586ac2db0eaa926ee87024f7afe218d73b397ea5ddfc5f43ea1?s=96&d=mm&r=g\",\"contentUrl\":\"https:\\\/\\\/secure.gravatar.com\\\/avatar\\\/948b492cce32b586ac2db0eaa926ee87024f7afe218d73b397ea5ddfc5f43ea1?s=96&d=mm&r=g\",\"caption\":\"admin\"},\"sameAs\":[\"https:\\\/\\\/filles-de-la-charite.org\"],\"url\":\"https:\\\/\\\/filles-de-la-charite.org\\\/en\\\/author\\\/caridad\\\/\"}]}<\/script>\n<!-- \/ Yoast SEO plugin. -->","yoast_head_json":{"title":"Project \u201cRoutes to the Future\" - Filles de la Charit\u00e9","robots":{"index":"index","follow":"follow","max-snippet":"max-snippet:-1","max-image-preview":"max-image-preview:large","max-video-preview":"max-video-preview:-1"},"canonical":"https:\/\/filles-de-la-charite.org\/en\/project-routes-to-the-future\/","og_locale":"en_US","og_type":"article","og_title":"Project \u201cRoutes to the Future\" - Filles de la Charit\u00e9","og_description":"\u201cLove is inventive to infinity!\u201d This phrase, spoken by Saint Vincent, referring to the inventiveness of Jesus who remains with us in the Eucharist, may well reflect what the project &#8220;Routes to the Future&#8221; means. This said project arose from listening to the reality of impoverished children and families of our institution and its surroundings. [&hellip;]","og_url":"https:\/\/filles-de-la-charite.org\/en\/project-routes-to-the-future\/","og_site_name":"Filles de la Charit\u00e9","article_published_time":"2022-08-31T20:00:00+00:00","article_modified_time":"2024-03-17T15:17:43+00:00","og_image":[{"width":1600,"height":1200,"url":"https:\/\/filles-de-la-charite.org\/wp-content\/uploads\/2023\/06\/Sao-Paulo-1.jpeg","type":"image\/jpeg"}],"author":"admin","twitter_card":"summary_large_image","twitter_misc":{"Written by":"admin","Est. reading time":"2 minutes"},"schema":{"@context":"https:\/\/schema.org","@graph":[{"@type":"Article","@id":"https:\/\/filles-de-la-charite.org\/en\/project-routes-to-the-future\/#article","isPartOf":{"@id":"https:\/\/filles-de-la-charite.org\/en\/project-routes-to-the-future\/"},"author":{"name":"admin","@id":"https:\/\/filles-de-la-charite.org\/en\/#\/schema\/person\/427567b2eccfc2dd7d206da186a1f438"},"headline":"Project \u201cRoutes to the Future&#8221;","datePublished":"2022-08-31T20:00:00+00:00","dateModified":"2024-03-17T15:17:43+00:00","mainEntityOfPage":{"@id":"https:\/\/filles-de-la-charite.org\/en\/project-routes-to-the-future\/"},"wordCount":483,"publisher":{"@id":"https:\/\/filles-de-la-charite.org\/en\/#organization"},"image":{"@id":"https:\/\/filles-de-la-charite.org\/en\/project-routes-to-the-future\/#primaryimage"},"thumbnailUrl":"https:\/\/filles-de-la-charite.org\/wp-content\/uploads\/2023\/06\/Sao-Paulo-1.jpeg","articleSection":["Province of S\u00e3o Paulo, Brazil"],"inLanguage":"en-US"},{"@type":"WebPage","@id":"https:\/\/filles-de-la-charite.org\/en\/project-routes-to-the-future\/","url":"https:\/\/filles-de-la-charite.org\/en\/project-routes-to-the-future\/","name":"Project \u201cRoutes to the Future\" - Filles de la Charit\u00e9","isPartOf":{"@id":"https:\/\/filles-de-la-charite.org\/en\/#website"},"primaryImageOfPage":{"@id":"https:\/\/filles-de-la-charite.org\/en\/project-routes-to-the-future\/#primaryimage"},"image":{"@id":"https:\/\/filles-de-la-charite.org\/en\/project-routes-to-the-future\/#primaryimage"},"thumbnailUrl":"https:\/\/filles-de-la-charite.org\/wp-content\/uploads\/2023\/06\/Sao-Paulo-1.jpeg","datePublished":"2022-08-31T20:00:00+00:00","dateModified":"2024-03-17T15:17:43+00:00","breadcrumb":{"@id":"https:\/\/filles-de-la-charite.org\/en\/project-routes-to-the-future\/#breadcrumb"},"inLanguage":"en-US","potentialAction":[{"@type":"ReadAction","target":["https:\/\/filles-de-la-charite.org\/en\/project-routes-to-the-future\/"]}]},{"@type":"ImageObject","inLanguage":"en-US","@id":"https:\/\/filles-de-la-charite.org\/en\/project-routes-to-the-future\/#primaryimage","url":"https:\/\/filles-de-la-charite.org\/wp-content\/uploads\/2023\/06\/Sao-Paulo-1.jpeg","contentUrl":"https:\/\/filles-de-la-charite.org\/wp-content\/uploads\/2023\/06\/Sao-Paulo-1.jpeg","width":1600,"height":1200},{"@type":"BreadcrumbList","@id":"https:\/\/filles-de-la-charite.org\/en\/project-routes-to-the-future\/#breadcrumb","itemListElement":[{"@type":"ListItem","position":1,"name":"Province of S\u00e3o Paulo, Brazil","item":"https:\/\/filles-de-la-charite.org\/en\/category\/province-of-sao-paulo-brazil-en\/"},{"@type":"ListItem","position":2,"name":"Project \u201cRoutes to the Future\u00bb"}]},{"@type":"WebSite","@id":"https:\/\/filles-de-la-charite.org\/en\/#website","url":"https:\/\/filles-de-la-charite.org\/en\/","name":"Hijas de la Caridad","description":"El amor de Jes\u00fas nos urge a cuidar la vida de los m\u00e1s necesitados","publisher":{"@id":"https:\/\/filles-de-la-charite.org\/en\/#organization"},"potentialAction":[{"@type":"SearchAction","target":{"@type":"EntryPoint","urlTemplate":"https:\/\/filles-de-la-charite.org\/en\/?s={search_term_string}"},"query-input":{"@type":"PropertyValueSpecification","valueRequired":true,"valueName":"search_term_string"}}],"inLanguage":"en-US"},{"@type":"Organization","@id":"https:\/\/filles-de-la-charite.org\/en\/#organization","name":"Hijas de la Caridad","url":"https:\/\/filles-de-la-charite.org\/en\/","logo":{"@type":"ImageObject","inLanguage":"en-US","@id":"https:\/\/filles-de-la-charite.org\/en\/#\/schema\/logo\/image\/","url":"https:\/\/filles-de-la-charite.org\/wp-content\/uploads\/2023\/03\/isotipo-Hijas-de-la-Caridad.png","contentUrl":"https:\/\/filles-de-la-charite.org\/wp-content\/uploads\/2023\/03\/isotipo-Hijas-de-la-Caridad.png","width":1417,"height":1417,"caption":"Hijas de la Caridad"},"image":{"@id":"https:\/\/filles-de-la-charite.org\/en\/#\/schema\/logo\/image\/"}},{"@type":"Person","@id":"https:\/\/filles-de-la-charite.org\/en\/#\/schema\/person\/427567b2eccfc2dd7d206da186a1f438","name":"admin","image":{"@type":"ImageObject","inLanguage":"en-US","@id":"https:\/\/secure.gravatar.com\/avatar\/948b492cce32b586ac2db0eaa926ee87024f7afe218d73b397ea5ddfc5f43ea1?s=96&d=mm&r=g","url":"https:\/\/secure.gravatar.com\/avatar\/948b492cce32b586ac2db0eaa926ee87024f7afe218d73b397ea5ddfc5f43ea1?s=96&d=mm&r=g","contentUrl":"https:\/\/secure.gravatar.com\/avatar\/948b492cce32b586ac2db0eaa926ee87024f7afe218d73b397ea5ddfc5f43ea1?s=96&d=mm&r=g","caption":"admin"},"sameAs":["https:\/\/filles-de-la-charite.org"],"url":"https:\/\/filles-de-la-charite.org\/en\/author\/caridad\/"}]}},"_links":{"self":[{"href":"https:\/\/filles-de-la-charite.org\/en\/wp-json\/wp\/v2\/posts\/18711","targetHints":{"allow":["GET"]}}],"collection":[{"href":"https:\/\/filles-de-la-charite.org\/en\/wp-json\/wp\/v2\/posts"}],"about":[{"href":"https:\/\/filles-de-la-charite.org\/en\/wp-json\/wp\/v2\/types\/post"}],"author":[{"embeddable":true,"href":"https:\/\/filles-de-la-charite.org\/en\/wp-json\/wp\/v2\/users\/1"}],"replies":[{"embeddable":true,"href":"https:\/\/filles-de-la-charite.org\/en\/wp-json\/wp\/v2\/comments?post=18711"}],"version-history":[{"count":1,"href":"https:\/\/filles-de-la-charite.org\/en\/wp-json\/wp\/v2\/posts\/18711\/revisions"}],"predecessor-version":[{"id":18712,"href":"https:\/\/filles-de-la-charite.org\/en\/wp-json\/wp\/v2\/posts\/18711\/revisions\/18712"}],"wp:featuredmedia":[{"embeddable":true,"href":"https:\/\/filles-de-la-charite.org\/en\/wp-json\/wp\/v2\/media\/17068"}],"wp:attachment":[{"href":"https:\/\/filles-de-la-charite.org\/en\/wp-json\/wp\/v2\/media?parent=18711"}],"wp:term":[{"taxonomy":"category","embeddable":true,"href":"https:\/\/filles-de-la-charite.org\/en\/wp-json\/wp\/v2\/categories?post=18711"},{"taxonomy":"post_tag","embeddable":true,"href":"https:\/\/filles-de-la-charite.org\/en\/wp-json\/wp\/v2\/tags?post=18711"}],"curies":[{"name":"wp","href":"https:\/\/api.w.org\/{rel}","templated":true}]}}