{"id":18911,"date":"2022-11-18T21:08:00","date_gmt":"2022-11-18T20:08:00","guid":{"rendered":"https:\/\/hijascaridad.sjdigitaldemo.ovh\/new-horizons\/"},"modified":"2024-03-17T15:57:45","modified_gmt":"2024-03-17T14:57:45","slug":"new-horizons","status":"publish","type":"post","link":"https:\/\/filles-de-la-charite.org\/en\/new-horizons\/","title":{"rendered":"New horizons"},"content":{"rendered":"\n<p>The 11<sup>th<\/sup> meeting of the Councils of the 4 Spanish Provinces took place in the beautiful city of Seville from 31 October to 3 November 2022, where we were welcomed by the Sisters of the Province of Espa\u00f1a Sur. It opened with the celebration of the Eucharist in the Basilica of the Macarena that was presided by the Archbishop of Seville, Monsignor Jos\u00e9 \u00c1ngel Saiz Meneses, and the warm greetings of welcome from Sister M\u00aa del Carmen Polo, Visitatrix of the Province of Espa\u00f1a Sur; it was a time of searching, reflecting, listening, sharing and exchange to trace together the path that will lead us to see the horizon of God\u2019s will for the Daughters of Charity of the four Provinces. We were given a spyglass as a symbol of the proposed work at hand: to have a glimpse of the horizon and bring our gaze closer to a common point.<\/p>\n\n\n\n<figure class=\"wp-block-image size-full\"><img decoding=\"async\" src=\"https:\/\/filles-de-la-charite.org\/wp-content\/uploads\/2023\/06\/arz.jpg\" alt=\"\" class=\"wp-image-72104\"\/><\/figure>\n\n\n\n<p>The <strong>first look<\/strong> was directed at the statistical data that revealed the need for change and that would take us to search for new ways of responding to reality, which we look at with hope and gratitude.<\/p>\n\n\n\n<figure class=\"wp-block-image size-large\"><img decoding=\"async\" src=\"https:\/\/filles-de-la-charite.org\/wp-content\/uploads\/2023\/06\/21-MISA-FINAL-1024x683-1.jpeg\" alt=\"\" class=\"wp-image-72048\"\/><\/figure>\n\n\n\n<p>Our Superioress General, Sister Fran\u00e7oise Petit led us to take the<strong> second look <\/strong>which was towards \"The future of the Daughters of Charity of Spain, in Europe as well as the involvement of the Spanish Provinces in Africa\".&nbsp; She challenged us to live a life open to the Spirit, faithful to who we are, deeply preserving our identity as servants and remaining in constant dialogue as we continue with the revision of works and with knowing the 4 Provinces in a greater way. Sr. Fran\u00e7oise also invited us to look into our commitment to fraternity and to new ways of living the charism today, given our strengths and frailties. Father Bernard Schoepfer, Director General, focused our attention on the work of accompaniment of the Provincial Director in the Councils as well as the importance of spiritual animation and communication.<\/p>\n\n\n\n<figure class=\"wp-block-image size-full\"><img decoding=\"async\" src=\"https:\/\/filles-de-la-charite.org\/wp-content\/uploads\/2023\/06\/2-sfp.jpg\" alt=\"\" class=\"wp-image-72105\"\/><\/figure>\n\n\n\n<p>The <strong>third focus<\/strong> was on the \"Organizational Structures of our Provinces.\" Our Visitatrix and Jos\u00e9 Mar\u00eda Fern\u00e1ndez, legal counsel of the Province of Espa\u00f1a Sur, invited us to go further, taking into account the challenges posed by a changing and unpredictable environment such as the present one. Sister Antonia Gonz\u00e1lez, General Councillor, helped us to deepen this look through the Inter-Assemblies Document, focusing on the animation of Sisters at each stage of their vocation.<\/p>\n\n\n\n<figure class=\"wp-block-image size-large\"><img decoding=\"async\" src=\"https:\/\/filles-de-la-charite.org\/wp-content\/uploads\/2023\/06\/3-1024x768-1.jpeg\" alt=\"\" class=\"wp-image-72063\"\/><\/figure>\n\n\n\n<p>The <strong>fourth look<\/strong> was coloured with an ecclesial tint and enlarged by several speakers. With Gonzalo Fern\u00e1ndez Sanz, CMF, we delved into the Church\u2019s current orientations for Consecrated Life that was enriched with the experiences of Guillermo Campuzano, CM, Josep Buades Fuster, SJ, Cristina Inog\u00e9s, Theologian and Amelia Ram\u00edrez, SCH. They enlightened us to live with greater authenticity the process of \"working with\" to which we are called.<\/p>\n\n\n\n<figure class=\"wp-block-image size-large\"><img decoding=\"async\" src=\"https:\/\/filles-de-la-charite.org\/wp-content\/uploads\/2023\/06\/4-1024x847-1.jpg\" alt=\"\" class=\"wp-image-72064\"\/><\/figure>\n\n\n\n<p>Father Toma\u017e Mavri\u010d, Superior General, directed us to the <strong>fifth look<\/strong> that was towards the Vincentian Family and challenged us to continue working for the Vincentian formation of the laity.<\/p>\n\n\n\n<figure class=\"wp-block-image size-large\"><img decoding=\"async\" src=\"https:\/\/filles-de-la-charite.org\/wp-content\/uploads\/2023\/06\/5-1024x365-1.jpeg\" alt=\"\" class=\"wp-image-72065\"\/><\/figure>\n\n\n\n<p>The closing Eucharist and the elaboration of the Document that gathered the main lines and the contributions of the work of the groups brought the meeting to an end. The retina of our eyes, having broadened its capacity to look at new horizons together, also <strong>sent<\/strong> us indelible images: of moments of living together, of exploring the city, and of enjoying the music of the choir of the Rociero and of the prayer concert led by the interprovincial choir of the Daughters of Charity and the Vincentians.<\/p>\n\n\n\n<div class=\"wp-block-responsive-lightbox-gallery\"><\/div>\n","protected":false},"excerpt":{"rendered":"<p>The 11th meeting of the Councils of the 4 Spanish Provinces took place in the beautiful city of Seville from 31 October to 3 November 2022, where we were welcomed by the Sisters of the Province of Espa\u00f1a Sur. It opened with the celebration of the Eucharist in the Basilica of the Macarena that was [&hellip;]<\/p>\n","protected":false},"author":1,"featured_media":17376,"comment_status":"closed","ping_status":"closed","sticky":false,"template":"","format":"standard","meta":{"_acf_changed":false,"footnotes":"","_links_to":"","_links_to_target":""},"categories":[764],"tags":[],"class_list":["post-18911","post","type-post","status-publish","format-standard","has-post-thumbnail","hentry","category-espana-en"],"acf":[],"yoast_head":"<!-- This site is optimized with the Yoast SEO plugin v27.5 - https:\/\/yoast.com\/product\/yoast-seo-wordpress\/ -->\n<title>New horizons - Filles de la Charit\u00e9<\/title>\n<meta name=\"robots\" content=\"index, follow, max-snippet:-1, max-image-preview:large, max-video-preview:-1\" \/>\n<link rel=\"canonical\" href=\"https:\/\/filles-de-la-charite.org\/en\/new-horizons\/\" \/>\n<meta property=\"og:locale\" content=\"en_US\" \/>\n<meta property=\"og:type\" content=\"article\" \/>\n<meta property=\"og:title\" content=\"New horizons - Filles de la Charit\u00e9\" \/>\n<meta property=\"og:description\" content=\"The 11th meeting of the Councils of the 4 Spanish Provinces took place in the beautiful city of Seville from 31 October to 3 November 2022, where we were welcomed by the Sisters of the Province of Espa\u00f1a Sur. It opened with the celebration of the Eucharist in the Basilica of the Macarena that was [&hellip;]\" \/>\n<meta property=\"og:url\" content=\"https:\/\/filles-de-la-charite.org\/en\/new-horizons\/\" \/>\n<meta property=\"og:site_name\" content=\"Filles de la Charit\u00e9\" \/>\n<meta property=\"article:published_time\" content=\"2022-11-18T20:08:00+00:00\" \/>\n<meta property=\"article:modified_time\" content=\"2024-03-17T14:57:45+00:00\" \/>\n<meta property=\"og:image\" content=\"https:\/\/filles-de-la-charite.org\/wp-content\/uploads\/2023\/06\/26-TODAS.jpeg\" \/>\n\t<meta property=\"og:image:width\" content=\"1384\" \/>\n\t<meta property=\"og:image:height\" content=\"676\" \/>\n\t<meta property=\"og:image:type\" content=\"image\/jpeg\" \/>\n<meta name=\"author\" content=\"admin\" \/>\n<meta name=\"twitter:card\" content=\"summary_large_image\" \/>\n<meta name=\"twitter:label1\" content=\"Written by\" \/>\n\t<meta name=\"twitter:data1\" content=\"admin\" \/>\n\t<meta name=\"twitter:label2\" content=\"Est. reading time\" \/>\n\t<meta name=\"twitter:data2\" content=\"3 minutes\" \/>\n<script type=\"application\/ld+json\" class=\"yoast-schema-graph\">{\"@context\":\"https:\\\/\\\/schema.org\",\"@graph\":[{\"@type\":\"Article\",\"@id\":\"https:\\\/\\\/filles-de-la-charite.org\\\/en\\\/new-horizons\\\/#article\",\"isPartOf\":{\"@id\":\"https:\\\/\\\/filles-de-la-charite.org\\\/en\\\/new-horizons\\\/\"},\"author\":{\"name\":\"admin\",\"@id\":\"https:\\\/\\\/filles-de-la-charite.org\\\/en\\\/#\\\/schema\\\/person\\\/427567b2eccfc2dd7d206da186a1f438\"},\"headline\":\"New horizons\",\"datePublished\":\"2022-11-18T20:08:00+00:00\",\"dateModified\":\"2024-03-17T14:57:45+00:00\",\"mainEntityOfPage\":{\"@id\":\"https:\\\/\\\/filles-de-la-charite.org\\\/en\\\/new-horizons\\\/\"},\"wordCount\":600,\"publisher\":{\"@id\":\"https:\\\/\\\/filles-de-la-charite.org\\\/en\\\/#organization\"},\"image\":{\"@id\":\"https:\\\/\\\/filles-de-la-charite.org\\\/en\\\/new-horizons\\\/#primaryimage\"},\"thumbnailUrl\":\"https:\\\/\\\/filles-de-la-charite.org\\\/wp-content\\\/uploads\\\/2023\\\/06\\\/26-TODAS.jpeg\",\"articleSection\":[\"Spain\"],\"inLanguage\":\"en-US\"},{\"@type\":\"WebPage\",\"@id\":\"https:\\\/\\\/filles-de-la-charite.org\\\/en\\\/new-horizons\\\/\",\"url\":\"https:\\\/\\\/filles-de-la-charite.org\\\/en\\\/new-horizons\\\/\",\"name\":\"New horizons - Filles de la Charit\u00e9\",\"isPartOf\":{\"@id\":\"https:\\\/\\\/filles-de-la-charite.org\\\/en\\\/#website\"},\"primaryImageOfPage\":{\"@id\":\"https:\\\/\\\/filles-de-la-charite.org\\\/en\\\/new-horizons\\\/#primaryimage\"},\"image\":{\"@id\":\"https:\\\/\\\/filles-de-la-charite.org\\\/en\\\/new-horizons\\\/#primaryimage\"},\"thumbnailUrl\":\"https:\\\/\\\/filles-de-la-charite.org\\\/wp-content\\\/uploads\\\/2023\\\/06\\\/26-TODAS.jpeg\",\"datePublished\":\"2022-11-18T20:08:00+00:00\",\"dateModified\":\"2024-03-17T14:57:45+00:00\",\"breadcrumb\":{\"@id\":\"https:\\\/\\\/filles-de-la-charite.org\\\/en\\\/new-horizons\\\/#breadcrumb\"},\"inLanguage\":\"en-US\",\"potentialAction\":[{\"@type\":\"ReadAction\",\"target\":[\"https:\\\/\\\/filles-de-la-charite.org\\\/en\\\/new-horizons\\\/\"]}]},{\"@type\":\"ImageObject\",\"inLanguage\":\"en-US\",\"@id\":\"https:\\\/\\\/filles-de-la-charite.org\\\/en\\\/new-horizons\\\/#primaryimage\",\"url\":\"https:\\\/\\\/filles-de-la-charite.org\\\/wp-content\\\/uploads\\\/2023\\\/06\\\/26-TODAS.jpeg\",\"contentUrl\":\"https:\\\/\\\/filles-de-la-charite.org\\\/wp-content\\\/uploads\\\/2023\\\/06\\\/26-TODAS.jpeg\",\"width\":1384,\"height\":676},{\"@type\":\"BreadcrumbList\",\"@id\":\"https:\\\/\\\/filles-de-la-charite.org\\\/en\\\/new-horizons\\\/#breadcrumb\",\"itemListElement\":[{\"@type\":\"ListItem\",\"position\":1,\"name\":\"Spain\",\"item\":\"https:\\\/\\\/filles-de-la-charite.org\\\/en\\\/category\\\/espana-en\\\/\"},{\"@type\":\"ListItem\",\"position\":2,\"name\":\"New horizons\"}]},{\"@type\":\"WebSite\",\"@id\":\"https:\\\/\\\/filles-de-la-charite.org\\\/en\\\/#website\",\"url\":\"https:\\\/\\\/filles-de-la-charite.org\\\/en\\\/\",\"name\":\"Hijas de la Caridad\",\"description\":\"El amor de Jes\u00fas nos urge a cuidar la vida de los m\u00e1s necesitados\",\"publisher\":{\"@id\":\"https:\\\/\\\/filles-de-la-charite.org\\\/en\\\/#organization\"},\"potentialAction\":[{\"@type\":\"SearchAction\",\"target\":{\"@type\":\"EntryPoint\",\"urlTemplate\":\"https:\\\/\\\/filles-de-la-charite.org\\\/en\\\/?s={search_term_string}\"},\"query-input\":{\"@type\":\"PropertyValueSpecification\",\"valueRequired\":true,\"valueName\":\"search_term_string\"}}],\"inLanguage\":\"en-US\"},{\"@type\":\"Organization\",\"@id\":\"https:\\\/\\\/filles-de-la-charite.org\\\/en\\\/#organization\",\"name\":\"Hijas de la Caridad\",\"url\":\"https:\\\/\\\/filles-de-la-charite.org\\\/en\\\/\",\"logo\":{\"@type\":\"ImageObject\",\"inLanguage\":\"en-US\",\"@id\":\"https:\\\/\\\/filles-de-la-charite.org\\\/en\\\/#\\\/schema\\\/logo\\\/image\\\/\",\"url\":\"https:\\\/\\\/filles-de-la-charite.org\\\/wp-content\\\/uploads\\\/2023\\\/03\\\/isotipo-Hijas-de-la-Caridad.png\",\"contentUrl\":\"https:\\\/\\\/filles-de-la-charite.org\\\/wp-content\\\/uploads\\\/2023\\\/03\\\/isotipo-Hijas-de-la-Caridad.png\",\"width\":1417,\"height\":1417,\"caption\":\"Hijas de la Caridad\"},\"image\":{\"@id\":\"https:\\\/\\\/filles-de-la-charite.org\\\/en\\\/#\\\/schema\\\/logo\\\/image\\\/\"}},{\"@type\":\"Person\",\"@id\":\"https:\\\/\\\/filles-de-la-charite.org\\\/en\\\/#\\\/schema\\\/person\\\/427567b2eccfc2dd7d206da186a1f438\",\"name\":\"admin\",\"image\":{\"@type\":\"ImageObject\",\"inLanguage\":\"en-US\",\"@id\":\"https:\\\/\\\/secure.gravatar.com\\\/avatar\\\/948b492cce32b586ac2db0eaa926ee87024f7afe218d73b397ea5ddfc5f43ea1?s=96&d=mm&r=g\",\"url\":\"https:\\\/\\\/secure.gravatar.com\\\/avatar\\\/948b492cce32b586ac2db0eaa926ee87024f7afe218d73b397ea5ddfc5f43ea1?s=96&d=mm&r=g\",\"contentUrl\":\"https:\\\/\\\/secure.gravatar.com\\\/avatar\\\/948b492cce32b586ac2db0eaa926ee87024f7afe218d73b397ea5ddfc5f43ea1?s=96&d=mm&r=g\",\"caption\":\"admin\"},\"sameAs\":[\"https:\\\/\\\/filles-de-la-charite.org\"],\"url\":\"https:\\\/\\\/filles-de-la-charite.org\\\/en\\\/author\\\/caridad\\\/\"}]}<\/script>\n<!-- \/ Yoast SEO plugin. -->","yoast_head_json":{"title":"New horizons - Filles de la Charit\u00e9","robots":{"index":"index","follow":"follow","max-snippet":"max-snippet:-1","max-image-preview":"max-image-preview:large","max-video-preview":"max-video-preview:-1"},"canonical":"https:\/\/filles-de-la-charite.org\/en\/new-horizons\/","og_locale":"en_US","og_type":"article","og_title":"New horizons - Filles de la Charit\u00e9","og_description":"The 11th meeting of the Councils of the 4 Spanish Provinces took place in the beautiful city of Seville from 31 October to 3 November 2022, where we were welcomed by the Sisters of the Province of Espa\u00f1a Sur. It opened with the celebration of the Eucharist in the Basilica of the Macarena that was [&hellip;]","og_url":"https:\/\/filles-de-la-charite.org\/en\/new-horizons\/","og_site_name":"Filles de la Charit\u00e9","article_published_time":"2022-11-18T20:08:00+00:00","article_modified_time":"2024-03-17T14:57:45+00:00","og_image":[{"width":1384,"height":676,"url":"https:\/\/filles-de-la-charite.org\/wp-content\/uploads\/2023\/06\/26-TODAS.jpeg","type":"image\/jpeg"}],"author":"admin","twitter_card":"summary_large_image","twitter_misc":{"Written by":"admin","Est. reading time":"3 minutes"},"schema":{"@context":"https:\/\/schema.org","@graph":[{"@type":"Article","@id":"https:\/\/filles-de-la-charite.org\/en\/new-horizons\/#article","isPartOf":{"@id":"https:\/\/filles-de-la-charite.org\/en\/new-horizons\/"},"author":{"name":"admin","@id":"https:\/\/filles-de-la-charite.org\/en\/#\/schema\/person\/427567b2eccfc2dd7d206da186a1f438"},"headline":"New horizons","datePublished":"2022-11-18T20:08:00+00:00","dateModified":"2024-03-17T14:57:45+00:00","mainEntityOfPage":{"@id":"https:\/\/filles-de-la-charite.org\/en\/new-horizons\/"},"wordCount":600,"publisher":{"@id":"https:\/\/filles-de-la-charite.org\/en\/#organization"},"image":{"@id":"https:\/\/filles-de-la-charite.org\/en\/new-horizons\/#primaryimage"},"thumbnailUrl":"https:\/\/filles-de-la-charite.org\/wp-content\/uploads\/2023\/06\/26-TODAS.jpeg","articleSection":["Spain"],"inLanguage":"en-US"},{"@type":"WebPage","@id":"https:\/\/filles-de-la-charite.org\/en\/new-horizons\/","url":"https:\/\/filles-de-la-charite.org\/en\/new-horizons\/","name":"New horizons - Filles de la Charit\u00e9","isPartOf":{"@id":"https:\/\/filles-de-la-charite.org\/en\/#website"},"primaryImageOfPage":{"@id":"https:\/\/filles-de-la-charite.org\/en\/new-horizons\/#primaryimage"},"image":{"@id":"https:\/\/filles-de-la-charite.org\/en\/new-horizons\/#primaryimage"},"thumbnailUrl":"https:\/\/filles-de-la-charite.org\/wp-content\/uploads\/2023\/06\/26-TODAS.jpeg","datePublished":"2022-11-18T20:08:00+00:00","dateModified":"2024-03-17T14:57:45+00:00","breadcrumb":{"@id":"https:\/\/filles-de-la-charite.org\/en\/new-horizons\/#breadcrumb"},"inLanguage":"en-US","potentialAction":[{"@type":"ReadAction","target":["https:\/\/filles-de-la-charite.org\/en\/new-horizons\/"]}]},{"@type":"ImageObject","inLanguage":"en-US","@id":"https:\/\/filles-de-la-charite.org\/en\/new-horizons\/#primaryimage","url":"https:\/\/filles-de-la-charite.org\/wp-content\/uploads\/2023\/06\/26-TODAS.jpeg","contentUrl":"https:\/\/filles-de-la-charite.org\/wp-content\/uploads\/2023\/06\/26-TODAS.jpeg","width":1384,"height":676},{"@type":"BreadcrumbList","@id":"https:\/\/filles-de-la-charite.org\/en\/new-horizons\/#breadcrumb","itemListElement":[{"@type":"ListItem","position":1,"name":"Spain","item":"https:\/\/filles-de-la-charite.org\/en\/category\/espana-en\/"},{"@type":"ListItem","position":2,"name":"New horizons"}]},{"@type":"WebSite","@id":"https:\/\/filles-de-la-charite.org\/en\/#website","url":"https:\/\/filles-de-la-charite.org\/en\/","name":"Hijas de la Caridad","description":"El amor de Jes\u00fas nos urge a cuidar la vida de los m\u00e1s necesitados","publisher":{"@id":"https:\/\/filles-de-la-charite.org\/en\/#organization"},"potentialAction":[{"@type":"SearchAction","target":{"@type":"EntryPoint","urlTemplate":"https:\/\/filles-de-la-charite.org\/en\/?s={search_term_string}"},"query-input":{"@type":"PropertyValueSpecification","valueRequired":true,"valueName":"search_term_string"}}],"inLanguage":"en-US"},{"@type":"Organization","@id":"https:\/\/filles-de-la-charite.org\/en\/#organization","name":"Hijas de la Caridad","url":"https:\/\/filles-de-la-charite.org\/en\/","logo":{"@type":"ImageObject","inLanguage":"en-US","@id":"https:\/\/filles-de-la-charite.org\/en\/#\/schema\/logo\/image\/","url":"https:\/\/filles-de-la-charite.org\/wp-content\/uploads\/2023\/03\/isotipo-Hijas-de-la-Caridad.png","contentUrl":"https:\/\/filles-de-la-charite.org\/wp-content\/uploads\/2023\/03\/isotipo-Hijas-de-la-Caridad.png","width":1417,"height":1417,"caption":"Hijas de la Caridad"},"image":{"@id":"https:\/\/filles-de-la-charite.org\/en\/#\/schema\/logo\/image\/"}},{"@type":"Person","@id":"https:\/\/filles-de-la-charite.org\/en\/#\/schema\/person\/427567b2eccfc2dd7d206da186a1f438","name":"admin","image":{"@type":"ImageObject","inLanguage":"en-US","@id":"https:\/\/secure.gravatar.com\/avatar\/948b492cce32b586ac2db0eaa926ee87024f7afe218d73b397ea5ddfc5f43ea1?s=96&d=mm&r=g","url":"https:\/\/secure.gravatar.com\/avatar\/948b492cce32b586ac2db0eaa926ee87024f7afe218d73b397ea5ddfc5f43ea1?s=96&d=mm&r=g","contentUrl":"https:\/\/secure.gravatar.com\/avatar\/948b492cce32b586ac2db0eaa926ee87024f7afe218d73b397ea5ddfc5f43ea1?s=96&d=mm&r=g","caption":"admin"},"sameAs":["https:\/\/filles-de-la-charite.org"],"url":"https:\/\/filles-de-la-charite.org\/en\/author\/caridad\/"}]}},"_links":{"self":[{"href":"https:\/\/filles-de-la-charite.org\/en\/wp-json\/wp\/v2\/posts\/18911","targetHints":{"allow":["GET"]}}],"collection":[{"href":"https:\/\/filles-de-la-charite.org\/en\/wp-json\/wp\/v2\/posts"}],"about":[{"href":"https:\/\/filles-de-la-charite.org\/en\/wp-json\/wp\/v2\/types\/post"}],"author":[{"embeddable":true,"href":"https:\/\/filles-de-la-charite.org\/en\/wp-json\/wp\/v2\/users\/1"}],"replies":[{"embeddable":true,"href":"https:\/\/filles-de-la-charite.org\/en\/wp-json\/wp\/v2\/comments?post=18911"}],"version-history":[{"count":1,"href":"https:\/\/filles-de-la-charite.org\/en\/wp-json\/wp\/v2\/posts\/18911\/revisions"}],"predecessor-version":[{"id":18912,"href":"https:\/\/filles-de-la-charite.org\/en\/wp-json\/wp\/v2\/posts\/18911\/revisions\/18912"}],"wp:featuredmedia":[{"embeddable":true,"href":"https:\/\/filles-de-la-charite.org\/en\/wp-json\/wp\/v2\/media\/17376"}],"wp:attachment":[{"href":"https:\/\/filles-de-la-charite.org\/en\/wp-json\/wp\/v2\/media?parent=18911"}],"wp:term":[{"taxonomy":"category","embeddable":true,"href":"https:\/\/filles-de-la-charite.org\/en\/wp-json\/wp\/v2\/categories?post=18911"},{"taxonomy":"post_tag","embeddable":true,"href":"https:\/\/filles-de-la-charite.org\/en\/wp-json\/wp\/v2\/tags?post=18911"}],"curies":[{"name":"wp","href":"https:\/\/api.w.org\/{rel}","templated":true}]}}