{"id":39049,"date":"2024-08-08T00:14:43","date_gmt":"2024-08-07T22:14:43","guid":{"rendered":"https:\/\/filles-de-la-charite.org\/?p=39049"},"modified":"2024-09-06T00:51:47","modified_gmt":"2024-09-05T22:51:47","slug":"meeting-with-sister-francoise-petit-sister-alicia-margarita-cortes-and-father-jose-antonio-gonzalez-prieto-in-mexico","status":"publish","type":"post","link":"https:\/\/filles-de-la-charite.org\/en\/meeting-with-sister-francoise-petit-sister-alicia-margarita-cortes-and-father-jose-antonio-gonzalez-prieto-in-mexico\/","title":{"rendered":"Meeting with Sister Fran\u00e7oise Petit, Sister Alicia Margarita Cort\u00e9s, and Father Jos\u00e9 Antonio Gonz\u00e1lez Prieto, in Mexico."},"content":{"rendered":"\n<p>On 20 July, the Province of Mexico and the Young Sisters of Latin America and the Caribbean, participants in CIEVI 2024, rejoiced to welcome Sister Fran\u00e7oise Petit, Superioress General, Sister Alicia Margarita Cort\u00e9s, General Councillor, and Father Jos\u00e9 Antonio Gonz\u00e1lez Prieto, Director General, recalling as we have experienced in the Company, that \u2018The presence of the Superiors among us is the presence of God\u2019.<\/p>\n\n\n\n<figure class=\"wp-block-image size-large\"><img loading=\"lazy\" decoding=\"async\" width=\"1024\" height=\"461\" src=\"https:\/\/filles-de-la-charite.org\/wp-content\/uploads\/2024\/09\/Participantes-CIEVI-modalidad-presencial-y-virtual-con-Hnas.-de-Ecuador--1024x461.jpeg\" alt=\"\" class=\"wp-image-38968\" srcset=\"https:\/\/filles-de-la-charite.org\/wp-content\/uploads\/2024\/09\/Participantes-CIEVI-modalidad-presencial-y-virtual-con-Hnas.-de-Ecuador--1024x461.jpeg 1024w, https:\/\/filles-de-la-charite.org\/wp-content\/uploads\/2024\/09\/Participantes-CIEVI-modalidad-presencial-y-virtual-con-Hnas.-de-Ecuador--980x441.jpeg 980w, https:\/\/filles-de-la-charite.org\/wp-content\/uploads\/2024\/09\/Participantes-CIEVI-modalidad-presencial-y-virtual-con-Hnas.-de-Ecuador--480x216.jpeg 480w\" sizes=\"(min-width: 0px) and (max-width: 480px) 480px, (min-width: 481px) and (max-width: 980px) 980px, (min-width: 981px) 1024px, 100vw\" \/><\/figure>\n\n\n\n<p>The bells of the Provincial House were rung, joyfully summoning the Sisters present and those who were able to come from nearby communities. Greetings, hugs, smiles&#8230; full of joy, they make us brothers and sisters and enlarge our hearts.<\/p>\n\n\n\n<p>We went to the Chapel to express our gratitude for this wonderful VISIT OF OUR SUPERIORS, and at the same time to entrust to our Blessed Mother, Guardian of the Company, the coming days of our meeting.<\/p>\n\n\n\n<p>During this short visit, we had the grace of experiencing important moments that will mark the life of the Province of Mexico, as well as moving encounters within the CIEVI 2024.&nbsp; \u00a0<\/p>\n\n\n\n<figure class=\"wp-block-image size-large\"><img loading=\"lazy\" decoding=\"async\" width=\"1024\" height=\"576\" src=\"https:\/\/filles-de-la-charite.org\/wp-content\/uploads\/2024\/09\/Foto-con-Hermanas-Jubilares-25-50-y-60-anos-1024x576.jpg\" alt=\"\" class=\"wp-image-39004\" srcset=\"https:\/\/filles-de-la-charite.org\/wp-content\/uploads\/2024\/09\/Foto-con-Hermanas-Jubilares-25-50-y-60-anos-980x551.jpg 980w, https:\/\/filles-de-la-charite.org\/wp-content\/uploads\/2024\/09\/Foto-con-Hermanas-Jubilares-25-50-y-60-anos-480x270.jpg 480w\" sizes=\"(min-width: 0px) and (max-width: 480px) 480px, (min-width: 481px) and (max-width: 980px) 980px, (min-width: 981px) 1024px, 100vw\" \/><\/figure>\n\n\n\n<p>The opening Eucharist was celebrated with special joy and gratitude, the jovial voices of the Sisters harmonised joyfully in praises to Our Good God, which allowed us to begin our \u2018CIEVI 2024 Meeting\u2019, which this year welcomes the Young Sisters between 4 and 6 years of vocation, to accompany them in their preparation for their first vows, under the motto: \u2018With a faith in love we give ourselves to God\u2019.<\/p>\n\n\n\n<figure class=\"wp-block-image size-large\"><img loading=\"lazy\" decoding=\"async\" width=\"1024\" height=\"607\" src=\"https:\/\/filles-de-la-charite.org\/wp-content\/uploads\/2024\/09\/Eucaristia-casa-Provincial-Mexico-1024x607.jpeg\" alt=\"\" class=\"wp-image-38974\" srcset=\"https:\/\/filles-de-la-charite.org\/wp-content\/uploads\/2024\/09\/Eucaristia-casa-Provincial-Mexico-980x581.jpeg 980w, https:\/\/filles-de-la-charite.org\/wp-content\/uploads\/2024\/09\/Eucaristia-casa-Provincial-Mexico-480x284.jpeg 480w\" sizes=\"(min-width: 0px) and (max-width: 480px) 480px, (min-width: 481px) and (max-width: 980px) 980px, (min-width: 981px) 1024px, 100vw\" \/><\/figure>\n\n\n\n<p>Our first meeting to greet and listen to each other was very moving. We expressed our joys, dreams, fears and questions. Sister Fran\u00e7oise invited us to trust more and more in Jesus and not to tire of dreaming together, for that is the basis of fraternal life. Sr Fran\u00e7oise, Sr Alicia Margarita and our Director, Fr Jos\u00e9 Antonio, patiently welcomed our sharing.<\/p>\n\n\n\n<figure class=\"wp-block-image size-large\"><img loading=\"lazy\" decoding=\"async\" width=\"1024\" height=\"576\" src=\"https:\/\/filles-de-la-charite.org\/wp-content\/uploads\/2024\/09\/Mexico-y-Ecuador--1024x576.jpeg\" alt=\"\" class=\"wp-image-38962\" srcset=\"https:\/\/filles-de-la-charite.org\/wp-content\/uploads\/2024\/09\/Mexico-y-Ecuador--980x551.jpeg 980w, https:\/\/filles-de-la-charite.org\/wp-content\/uploads\/2024\/09\/Mexico-y-Ecuador--480x270.jpeg 480w\" sizes=\"(min-width: 0px) and (max-width: 480px) 480px, (min-width: 481px) and (max-width: 980px) 980px, (min-width: 981px) 1024px, 100vw\" \/><\/figure>\n\n\n\n<p>As was to be expected at the beginning of our meeting, we visited together the Basilica of Our Lady of Guadalupe, and there, at the feet of the Little Virgin of Tepeyac, we presented our hearts with all the intercessions of the Company and entrusted this CIEVI 2024.<\/p>\n\n\n\n<figure class=\"wp-block-image size-large\"><img loading=\"lazy\" decoding=\"async\" width=\"1024\" height=\"683\" src=\"https:\/\/filles-de-la-charite.org\/wp-content\/uploads\/2024\/09\/Basilica-3-1024x683.jpg\" alt=\"\" class=\"wp-image-38986\" srcset=\"https:\/\/filles-de-la-charite.org\/wp-content\/uploads\/2024\/09\/Basilica-3-980x653.jpg 980w, https:\/\/filles-de-la-charite.org\/wp-content\/uploads\/2024\/09\/Basilica-3-480x320.jpg 480w\" sizes=\"(min-width: 0px) and (max-width: 480px) 480px, (min-width: 481px) and (max-width: 980px) 980px, (min-width: 981px) 1024px, 100vw\" \/><\/figure>\n\n\n\n<p>On our return to the House, we celebrated Sister Fran\u00e7oise&#8217;s birthday, with each participating Province presenting a representative dance or song in her honour. It was a very joyful and fraternal day.\u00a0<\/p>\n\n\n\n<figure class=\"wp-block-image size-large\"><img loading=\"lazy\" decoding=\"async\" width=\"1024\" height=\"768\" src=\"https:\/\/filles-de-la-charite.org\/wp-content\/uploads\/2024\/09\/Comuniad-Ramon-Arbide-1024x768.jpg\" alt=\"\" class=\"wp-image-38950\" srcset=\"https:\/\/filles-de-la-charite.org\/wp-content\/uploads\/2024\/09\/Comuniad-Ramon-Arbide-980x735.jpg 980w, https:\/\/filles-de-la-charite.org\/wp-content\/uploads\/2024\/09\/Comuniad-Ramon-Arbide-480x360.jpg 480w\" sizes=\"(min-width: 0px) and (max-width: 480px) 480px, (min-width: 481px) and (max-width: 980px) 980px, (min-width: 981px) 1024px, 100vw\" \/><\/figure>\n\n\n\n<p>Sister Fran\u00e7oise, in her conferences for the preparation of the vows, encouraged us to live the evangelical counsels, following the example of our Lord and the evangelical virtues of humility, simplicity and charity, wherever we were. To cultivate a life of prayer and not to forget our being servants.<\/p>\n\n\n\n<figure class=\"wp-block-image size-large\"><img loading=\"lazy\" decoding=\"async\" width=\"1024\" height=\"768\" src=\"https:\/\/filles-de-la-charite.org\/wp-content\/uploads\/2024\/09\/Conferencia-Casa-Provincial-1024x768.jpg\" alt=\"\" class=\"wp-image-38938\" srcset=\"https:\/\/filles-de-la-charite.org\/wp-content\/uploads\/2024\/09\/Conferencia-Casa-Provincial-980x735.jpg 980w, https:\/\/filles-de-la-charite.org\/wp-content\/uploads\/2024\/09\/Conferencia-Casa-Provincial-480x360.jpg 480w\" sizes=\"(min-width: 0px) and (max-width: 480px) 480px, (min-width: 481px) and (max-width: 980px) 980px, (min-width: 981px) 1024px, 100vw\" \/><\/figure>\n\n\n\n<p>She also visited some of the different communities of the Province where she got to know the realities and contexts where we serve our poor brothers and sisters.<\/p>\n\n\n\n<figure class=\"wp-block-image size-large\"><img loading=\"lazy\" decoding=\"async\" width=\"1024\" height=\"768\" src=\"https:\/\/filles-de-la-charite.org\/wp-content\/uploads\/2024\/09\/Comunidad-Marillac-1024x768.jpg\" alt=\"\" class=\"wp-image-39034\" srcset=\"https:\/\/filles-de-la-charite.org\/wp-content\/uploads\/2024\/09\/Comunidad-Marillac-980x735.jpg 980w, https:\/\/filles-de-la-charite.org\/wp-content\/uploads\/2024\/09\/Comunidad-Marillac-480x360.jpg 480w\" sizes=\"(min-width: 0px) and (max-width: 480px) 480px, (min-width: 481px) and (max-width: 980px) 980px, (min-width: 981px) 1024px, 100vw\" \/><\/figure>\n\n\n\n<p>Our grateful heart is the best offering that we present to God for allowing us to experience this visit of our Superioress General, at the same time as this formation meeting for our sisters in Latin America and the Caribbean.<\/p>\n\n\n\n<figure class=\"wp-block-image size-large\"><img loading=\"lazy\" decoding=\"async\" width=\"1024\" height=\"461\" src=\"https:\/\/filles-de-la-charite.org\/wp-content\/uploads\/2024\/09\/Final-CIEVI-1024x461.jpeg\" alt=\"\" class=\"wp-image-38956\" srcset=\"https:\/\/filles-de-la-charite.org\/wp-content\/uploads\/2024\/09\/Final-CIEVI-980x441.jpeg 980w, https:\/\/filles-de-la-charite.org\/wp-content\/uploads\/2024\/09\/Final-CIEVI-480x216.jpeg 480w\" sizes=\"(min-width: 0px) and (max-width: 480px) 480px, (min-width: 481px) and (max-width: 980px) 980px, (min-width: 981px) 1024px, 100vw\" \/><\/figure>\n\n\n\n<p>All this disposes us to open ourselves to God&#8217;s will. Thank you to our Superioress General for their visit, their simplicity and closeness, but especially for their words which continue to motivate and encourage us to break through the gate&#8230; of our heart, to go towards&#8230; the newness of our charism and to encounter&#8230; every human being to be signs of tenderness, as Saint Vincent and Saint Louise invited us. From the bottom of our hearts.\u00a0 Thank you.<\/p>\n\n\n\n<figure class=\"wp-block-image size-large\"><img loading=\"lazy\" decoding=\"async\" width=\"1024\" height=\"768\" src=\"https:\/\/filles-de-la-charite.org\/wp-content\/uploads\/2024\/09\/Aeropuerto-Merida-Yuc-1024x768.jpg\" alt=\"\" class=\"wp-image-38944\" srcset=\"https:\/\/filles-de-la-charite.org\/wp-content\/uploads\/2024\/09\/Aeropuerto-Merida-Yuc-1024x768.jpg 1024w, https:\/\/filles-de-la-charite.org\/wp-content\/uploads\/2024\/09\/Aeropuerto-Merida-Yuc-980x735.jpg 980w, https:\/\/filles-de-la-charite.org\/wp-content\/uploads\/2024\/09\/Aeropuerto-Merida-Yuc-480x360.jpg 480w\" sizes=\"(min-width: 0px) and (max-width: 480px) 480px, (min-width: 481px) and (max-width: 980px) 980px, (min-width: 981px) 1024px, 100vw\" \/><\/figure>\n","protected":false},"excerpt":{"rendered":"<p>On 20 July, the Province of Mexico and the Young Sisters of Latin America and the Caribbean, participants in CIEVI 2024, rejoiced to welcome Sister Fran\u00e7oise Petit, Superioress General, Sister Alicia Margarita Cort\u00e9s, General Councillor, and Father Jos\u00e9 Antonio Gonz\u00e1lez Prieto, Director General, recalling as we have experienced in the Company, that \u2018The presence of [&hellip;]<\/p>\n","protected":false},"author":5,"featured_media":38999,"comment_status":"closed","ping_status":"closed","sticky":false,"template":"","format":"standard","meta":{"_acf_changed":false,"_et_pb_use_builder":"","_et_pb_old_content":"","_et_gb_content_width":"","footnotes":"","_links_to":"","_links_to_target":""},"categories":[830],"tags":[],"class_list":["post-39049","post","type-post","status-publish","format-standard","has-post-thumbnail","hentry","category-mexico-en"],"acf":[],"yoast_head":"<!-- This site is optimized with the Yoast SEO plugin v27.5 - https:\/\/yoast.com\/product\/yoast-seo-wordpress\/ -->\n<title>Meeting with Sister Fran\u00e7oise Petit, Sister Alicia Margarita Cort\u00e9s, and Father Jos\u00e9 Antonio Gonz\u00e1lez Prieto, in Mexico. - Filles de la Charit\u00e9<\/title>\n<meta name=\"robots\" content=\"index, follow, max-snippet:-1, max-image-preview:large, max-video-preview:-1\" \/>\n<link rel=\"canonical\" href=\"https:\/\/filles-de-la-charite.org\/en\/meeting-with-sister-francoise-petit-sister-alicia-margarita-cortes-and-father-jose-antonio-gonzalez-prieto-in-mexico\/\" \/>\n<meta property=\"og:locale\" content=\"en_US\" \/>\n<meta property=\"og:type\" content=\"article\" \/>\n<meta property=\"og:title\" content=\"Meeting with Sister Fran\u00e7oise Petit, Sister Alicia Margarita Cort\u00e9s, and Father Jos\u00e9 Antonio Gonz\u00e1lez Prieto, in Mexico. - Filles de la Charit\u00e9\" \/>\n<meta property=\"og:description\" content=\"On 20 July, the Province of Mexico and the Young Sisters of Latin America and the Caribbean, participants in CIEVI 2024, rejoiced to welcome Sister Fran\u00e7oise Petit, Superioress General, Sister Alicia Margarita Cort\u00e9s, General Councillor, and Father Jos\u00e9 Antonio Gonz\u00e1lez Prieto, Director General, recalling as we have experienced in the Company, that \u2018The presence of [&hellip;]\" \/>\n<meta property=\"og:url\" content=\"https:\/\/filles-de-la-charite.org\/en\/meeting-with-sister-francoise-petit-sister-alicia-margarita-cortes-and-father-jose-antonio-gonzalez-prieto-in-mexico\/\" \/>\n<meta property=\"og:site_name\" content=\"Filles de la Charit\u00e9\" \/>\n<meta property=\"article:published_time\" content=\"2024-08-07T22:14:43+00:00\" \/>\n<meta property=\"article:modified_time\" content=\"2024-09-05T22:51:47+00:00\" \/>\n<meta property=\"og:image\" content=\"https:\/\/filles-de-la-charite.org\/wp-content\/uploads\/2024\/09\/Basilica-4-scaled.jpg\" \/>\n\t<meta property=\"og:image:width\" content=\"2560\" \/>\n\t<meta property=\"og:image:height\" content=\"1707\" \/>\n\t<meta property=\"og:image:type\" content=\"image\/jpeg\" \/>\n<meta name=\"author\" content=\"SOR MARTA\" \/>\n<meta name=\"twitter:card\" content=\"summary_large_image\" \/>\n<meta name=\"twitter:label1\" content=\"Written by\" \/>\n\t<meta name=\"twitter:data1\" content=\"SOR MARTA\" \/>\n\t<meta name=\"twitter:label2\" content=\"Est. reading time\" \/>\n\t<meta name=\"twitter:data2\" content=\"5 minutes\" \/>\n<script type=\"application\/ld+json\" class=\"yoast-schema-graph\">{\"@context\":\"https:\\\/\\\/schema.org\",\"@graph\":[{\"@type\":\"Article\",\"@id\":\"https:\\\/\\\/filles-de-la-charite.org\\\/en\\\/meeting-with-sister-francoise-petit-sister-alicia-margarita-cortes-and-father-jose-antonio-gonzalez-prieto-in-mexico\\\/#article\",\"isPartOf\":{\"@id\":\"https:\\\/\\\/filles-de-la-charite.org\\\/en\\\/meeting-with-sister-francoise-petit-sister-alicia-margarita-cortes-and-father-jose-antonio-gonzalez-prieto-in-mexico\\\/\"},\"author\":{\"name\":\"SOR MARTA\",\"@id\":\"https:\\\/\\\/filles-de-la-charite.org\\\/en\\\/#\\\/schema\\\/person\\\/0c922b6ca71280639858d297b3a7209f\"},\"headline\":\"Meeting with Sister Fran\u00e7oise Petit, Sister Alicia Margarita Cort\u00e9s, and Father Jos\u00e9 Antonio Gonz\u00e1lez Prieto, in Mexico.\",\"datePublished\":\"2024-08-07T22:14:43+00:00\",\"dateModified\":\"2024-09-05T22:51:47+00:00\",\"mainEntityOfPage\":{\"@id\":\"https:\\\/\\\/filles-de-la-charite.org\\\/en\\\/meeting-with-sister-francoise-petit-sister-alicia-margarita-cortes-and-father-jose-antonio-gonzalez-prieto-in-mexico\\\/\"},\"wordCount\":601,\"publisher\":{\"@id\":\"https:\\\/\\\/filles-de-la-charite.org\\\/en\\\/#organization\"},\"image\":{\"@id\":\"https:\\\/\\\/filles-de-la-charite.org\\\/en\\\/meeting-with-sister-francoise-petit-sister-alicia-margarita-cortes-and-father-jose-antonio-gonzalez-prieto-in-mexico\\\/#primaryimage\"},\"thumbnailUrl\":\"https:\\\/\\\/filles-de-la-charite.org\\\/wp-content\\\/uploads\\\/2024\\\/09\\\/Basilica-4-scaled.jpg\",\"articleSection\":[\"Mexico\"],\"inLanguage\":\"en-US\"},{\"@type\":\"WebPage\",\"@id\":\"https:\\\/\\\/filles-de-la-charite.org\\\/en\\\/meeting-with-sister-francoise-petit-sister-alicia-margarita-cortes-and-father-jose-antonio-gonzalez-prieto-in-mexico\\\/\",\"url\":\"https:\\\/\\\/filles-de-la-charite.org\\\/en\\\/meeting-with-sister-francoise-petit-sister-alicia-margarita-cortes-and-father-jose-antonio-gonzalez-prieto-in-mexico\\\/\",\"name\":\"Meeting with Sister Fran\u00e7oise Petit, Sister Alicia Margarita Cort\u00e9s, and Father Jos\u00e9 Antonio Gonz\u00e1lez Prieto, in Mexico. - Filles de la Charit\u00e9\",\"isPartOf\":{\"@id\":\"https:\\\/\\\/filles-de-la-charite.org\\\/en\\\/#website\"},\"primaryImageOfPage\":{\"@id\":\"https:\\\/\\\/filles-de-la-charite.org\\\/en\\\/meeting-with-sister-francoise-petit-sister-alicia-margarita-cortes-and-father-jose-antonio-gonzalez-prieto-in-mexico\\\/#primaryimage\"},\"image\":{\"@id\":\"https:\\\/\\\/filles-de-la-charite.org\\\/en\\\/meeting-with-sister-francoise-petit-sister-alicia-margarita-cortes-and-father-jose-antonio-gonzalez-prieto-in-mexico\\\/#primaryimage\"},\"thumbnailUrl\":\"https:\\\/\\\/filles-de-la-charite.org\\\/wp-content\\\/uploads\\\/2024\\\/09\\\/Basilica-4-scaled.jpg\",\"datePublished\":\"2024-08-07T22:14:43+00:00\",\"dateModified\":\"2024-09-05T22:51:47+00:00\",\"breadcrumb\":{\"@id\":\"https:\\\/\\\/filles-de-la-charite.org\\\/en\\\/meeting-with-sister-francoise-petit-sister-alicia-margarita-cortes-and-father-jose-antonio-gonzalez-prieto-in-mexico\\\/#breadcrumb\"},\"inLanguage\":\"en-US\",\"potentialAction\":[{\"@type\":\"ReadAction\",\"target\":[\"https:\\\/\\\/filles-de-la-charite.org\\\/en\\\/meeting-with-sister-francoise-petit-sister-alicia-margarita-cortes-and-father-jose-antonio-gonzalez-prieto-in-mexico\\\/\"]}]},{\"@type\":\"ImageObject\",\"inLanguage\":\"en-US\",\"@id\":\"https:\\\/\\\/filles-de-la-charite.org\\\/en\\\/meeting-with-sister-francoise-petit-sister-alicia-margarita-cortes-and-father-jose-antonio-gonzalez-prieto-in-mexico\\\/#primaryimage\",\"url\":\"https:\\\/\\\/filles-de-la-charite.org\\\/wp-content\\\/uploads\\\/2024\\\/09\\\/Basilica-4-scaled.jpg\",\"contentUrl\":\"https:\\\/\\\/filles-de-la-charite.org\\\/wp-content\\\/uploads\\\/2024\\\/09\\\/Basilica-4-scaled.jpg\",\"width\":2560,\"height\":1707},{\"@type\":\"BreadcrumbList\",\"@id\":\"https:\\\/\\\/filles-de-la-charite.org\\\/en\\\/meeting-with-sister-francoise-petit-sister-alicia-margarita-cortes-and-father-jose-antonio-gonzalez-prieto-in-mexico\\\/#breadcrumb\",\"itemListElement\":[{\"@type\":\"ListItem\",\"position\":1,\"name\":\"Mexico\",\"item\":\"https:\\\/\\\/filles-de-la-charite.org\\\/en\\\/category\\\/mexico-en\\\/\"},{\"@type\":\"ListItem\",\"position\":2,\"name\":\"Meeting with Sister Fran\u00e7oise Petit, Sister Alicia Margarita Cort\u00e9s, and Father Jos\u00e9 Antonio Gonz\u00e1lez Prieto, in Mexico.\"}]},{\"@type\":\"WebSite\",\"@id\":\"https:\\\/\\\/filles-de-la-charite.org\\\/en\\\/#website\",\"url\":\"https:\\\/\\\/filles-de-la-charite.org\\\/en\\\/\",\"name\":\"Hijas de la Caridad\",\"description\":\"El amor de Jes\u00fas nos urge a cuidar la vida de los m\u00e1s necesitados\",\"publisher\":{\"@id\":\"https:\\\/\\\/filles-de-la-charite.org\\\/en\\\/#organization\"},\"potentialAction\":[{\"@type\":\"SearchAction\",\"target\":{\"@type\":\"EntryPoint\",\"urlTemplate\":\"https:\\\/\\\/filles-de-la-charite.org\\\/en\\\/?s={search_term_string}\"},\"query-input\":{\"@type\":\"PropertyValueSpecification\",\"valueRequired\":true,\"valueName\":\"search_term_string\"}}],\"inLanguage\":\"en-US\"},{\"@type\":\"Organization\",\"@id\":\"https:\\\/\\\/filles-de-la-charite.org\\\/en\\\/#organization\",\"name\":\"Hijas de la Caridad\",\"url\":\"https:\\\/\\\/filles-de-la-charite.org\\\/en\\\/\",\"logo\":{\"@type\":\"ImageObject\",\"inLanguage\":\"en-US\",\"@id\":\"https:\\\/\\\/filles-de-la-charite.org\\\/en\\\/#\\\/schema\\\/logo\\\/image\\\/\",\"url\":\"https:\\\/\\\/filles-de-la-charite.org\\\/wp-content\\\/uploads\\\/2023\\\/03\\\/isotipo-Hijas-de-la-Caridad.png\",\"contentUrl\":\"https:\\\/\\\/filles-de-la-charite.org\\\/wp-content\\\/uploads\\\/2023\\\/03\\\/isotipo-Hijas-de-la-Caridad.png\",\"width\":1417,\"height\":1417,\"caption\":\"Hijas de la Caridad\"},\"image\":{\"@id\":\"https:\\\/\\\/filles-de-la-charite.org\\\/en\\\/#\\\/schema\\\/logo\\\/image\\\/\"}},{\"@type\":\"Person\",\"@id\":\"https:\\\/\\\/filles-de-la-charite.org\\\/en\\\/#\\\/schema\\\/person\\\/0c922b6ca71280639858d297b3a7209f\",\"name\":\"SOR MARTA\",\"image\":{\"@type\":\"ImageObject\",\"inLanguage\":\"en-US\",\"@id\":\"https:\\\/\\\/secure.gravatar.com\\\/avatar\\\/d2c45b0fd6bf2d3e2670ab3d112257c24ac80fa960360bba1bdc0676485d1d09?s=96&d=mm&r=g\",\"url\":\"https:\\\/\\\/secure.gravatar.com\\\/avatar\\\/d2c45b0fd6bf2d3e2670ab3d112257c24ac80fa960360bba1bdc0676485d1d09?s=96&d=mm&r=g\",\"contentUrl\":\"https:\\\/\\\/secure.gravatar.com\\\/avatar\\\/d2c45b0fd6bf2d3e2670ab3d112257c24ac80fa960360bba1bdc0676485d1d09?s=96&d=mm&r=g\",\"caption\":\"SOR MARTA\"},\"url\":\"https:\\\/\\\/filles-de-la-charite.org\\\/en\\\/author\\\/martaemn\\\/\"}]}<\/script>\n<!-- \/ Yoast SEO plugin. -->","yoast_head_json":{"title":"Meeting with Sister Fran\u00e7oise Petit, Sister Alicia Margarita Cort\u00e9s, and Father Jos\u00e9 Antonio Gonz\u00e1lez Prieto, in Mexico. - Filles de la Charit\u00e9","robots":{"index":"index","follow":"follow","max-snippet":"max-snippet:-1","max-image-preview":"max-image-preview:large","max-video-preview":"max-video-preview:-1"},"canonical":"https:\/\/filles-de-la-charite.org\/en\/meeting-with-sister-francoise-petit-sister-alicia-margarita-cortes-and-father-jose-antonio-gonzalez-prieto-in-mexico\/","og_locale":"en_US","og_type":"article","og_title":"Meeting with Sister Fran\u00e7oise Petit, Sister Alicia Margarita Cort\u00e9s, and Father Jos\u00e9 Antonio Gonz\u00e1lez Prieto, in Mexico. - Filles de la Charit\u00e9","og_description":"On 20 July, the Province of Mexico and the Young Sisters of Latin America and the Caribbean, participants in CIEVI 2024, rejoiced to welcome Sister Fran\u00e7oise Petit, Superioress General, Sister Alicia Margarita Cort\u00e9s, General Councillor, and Father Jos\u00e9 Antonio Gonz\u00e1lez Prieto, Director General, recalling as we have experienced in the Company, that \u2018The presence of [&hellip;]","og_url":"https:\/\/filles-de-la-charite.org\/en\/meeting-with-sister-francoise-petit-sister-alicia-margarita-cortes-and-father-jose-antonio-gonzalez-prieto-in-mexico\/","og_site_name":"Filles de la Charit\u00e9","article_published_time":"2024-08-07T22:14:43+00:00","article_modified_time":"2024-09-05T22:51:47+00:00","og_image":[{"width":2560,"height":1707,"url":"https:\/\/filles-de-la-charite.org\/wp-content\/uploads\/2024\/09\/Basilica-4-scaled.jpg","type":"image\/jpeg"}],"author":"SOR MARTA","twitter_card":"summary_large_image","twitter_misc":{"Written by":"SOR MARTA","Est. reading time":"5 minutes"},"schema":{"@context":"https:\/\/schema.org","@graph":[{"@type":"Article","@id":"https:\/\/filles-de-la-charite.org\/en\/meeting-with-sister-francoise-petit-sister-alicia-margarita-cortes-and-father-jose-antonio-gonzalez-prieto-in-mexico\/#article","isPartOf":{"@id":"https:\/\/filles-de-la-charite.org\/en\/meeting-with-sister-francoise-petit-sister-alicia-margarita-cortes-and-father-jose-antonio-gonzalez-prieto-in-mexico\/"},"author":{"name":"SOR MARTA","@id":"https:\/\/filles-de-la-charite.org\/en\/#\/schema\/person\/0c922b6ca71280639858d297b3a7209f"},"headline":"Meeting with Sister Fran\u00e7oise Petit, Sister Alicia Margarita Cort\u00e9s, and Father Jos\u00e9 Antonio Gonz\u00e1lez Prieto, in Mexico.","datePublished":"2024-08-07T22:14:43+00:00","dateModified":"2024-09-05T22:51:47+00:00","mainEntityOfPage":{"@id":"https:\/\/filles-de-la-charite.org\/en\/meeting-with-sister-francoise-petit-sister-alicia-margarita-cortes-and-father-jose-antonio-gonzalez-prieto-in-mexico\/"},"wordCount":601,"publisher":{"@id":"https:\/\/filles-de-la-charite.org\/en\/#organization"},"image":{"@id":"https:\/\/filles-de-la-charite.org\/en\/meeting-with-sister-francoise-petit-sister-alicia-margarita-cortes-and-father-jose-antonio-gonzalez-prieto-in-mexico\/#primaryimage"},"thumbnailUrl":"https:\/\/filles-de-la-charite.org\/wp-content\/uploads\/2024\/09\/Basilica-4-scaled.jpg","articleSection":["Mexico"],"inLanguage":"en-US"},{"@type":"WebPage","@id":"https:\/\/filles-de-la-charite.org\/en\/meeting-with-sister-francoise-petit-sister-alicia-margarita-cortes-and-father-jose-antonio-gonzalez-prieto-in-mexico\/","url":"https:\/\/filles-de-la-charite.org\/en\/meeting-with-sister-francoise-petit-sister-alicia-margarita-cortes-and-father-jose-antonio-gonzalez-prieto-in-mexico\/","name":"Meeting with Sister Fran\u00e7oise Petit, Sister Alicia Margarita Cort\u00e9s, and Father Jos\u00e9 Antonio Gonz\u00e1lez Prieto, in Mexico. - Filles de la Charit\u00e9","isPartOf":{"@id":"https:\/\/filles-de-la-charite.org\/en\/#website"},"primaryImageOfPage":{"@id":"https:\/\/filles-de-la-charite.org\/en\/meeting-with-sister-francoise-petit-sister-alicia-margarita-cortes-and-father-jose-antonio-gonzalez-prieto-in-mexico\/#primaryimage"},"image":{"@id":"https:\/\/filles-de-la-charite.org\/en\/meeting-with-sister-francoise-petit-sister-alicia-margarita-cortes-and-father-jose-antonio-gonzalez-prieto-in-mexico\/#primaryimage"},"thumbnailUrl":"https:\/\/filles-de-la-charite.org\/wp-content\/uploads\/2024\/09\/Basilica-4-scaled.jpg","datePublished":"2024-08-07T22:14:43+00:00","dateModified":"2024-09-05T22:51:47+00:00","breadcrumb":{"@id":"https:\/\/filles-de-la-charite.org\/en\/meeting-with-sister-francoise-petit-sister-alicia-margarita-cortes-and-father-jose-antonio-gonzalez-prieto-in-mexico\/#breadcrumb"},"inLanguage":"en-US","potentialAction":[{"@type":"ReadAction","target":["https:\/\/filles-de-la-charite.org\/en\/meeting-with-sister-francoise-petit-sister-alicia-margarita-cortes-and-father-jose-antonio-gonzalez-prieto-in-mexico\/"]}]},{"@type":"ImageObject","inLanguage":"en-US","@id":"https:\/\/filles-de-la-charite.org\/en\/meeting-with-sister-francoise-petit-sister-alicia-margarita-cortes-and-father-jose-antonio-gonzalez-prieto-in-mexico\/#primaryimage","url":"https:\/\/filles-de-la-charite.org\/wp-content\/uploads\/2024\/09\/Basilica-4-scaled.jpg","contentUrl":"https:\/\/filles-de-la-charite.org\/wp-content\/uploads\/2024\/09\/Basilica-4-scaled.jpg","width":2560,"height":1707},{"@type":"BreadcrumbList","@id":"https:\/\/filles-de-la-charite.org\/en\/meeting-with-sister-francoise-petit-sister-alicia-margarita-cortes-and-father-jose-antonio-gonzalez-prieto-in-mexico\/#breadcrumb","itemListElement":[{"@type":"ListItem","position":1,"name":"Mexico","item":"https:\/\/filles-de-la-charite.org\/en\/category\/mexico-en\/"},{"@type":"ListItem","position":2,"name":"Meeting with Sister Fran\u00e7oise Petit, Sister Alicia Margarita Cort\u00e9s, and Father Jos\u00e9 Antonio Gonz\u00e1lez Prieto, in Mexico."}]},{"@type":"WebSite","@id":"https:\/\/filles-de-la-charite.org\/en\/#website","url":"https:\/\/filles-de-la-charite.org\/en\/","name":"Hijas de la Caridad","description":"El amor de Jes\u00fas nos urge a cuidar la vida de los m\u00e1s necesitados","publisher":{"@id":"https:\/\/filles-de-la-charite.org\/en\/#organization"},"potentialAction":[{"@type":"SearchAction","target":{"@type":"EntryPoint","urlTemplate":"https:\/\/filles-de-la-charite.org\/en\/?s={search_term_string}"},"query-input":{"@type":"PropertyValueSpecification","valueRequired":true,"valueName":"search_term_string"}}],"inLanguage":"en-US"},{"@type":"Organization","@id":"https:\/\/filles-de-la-charite.org\/en\/#organization","name":"Hijas de la Caridad","url":"https:\/\/filles-de-la-charite.org\/en\/","logo":{"@type":"ImageObject","inLanguage":"en-US","@id":"https:\/\/filles-de-la-charite.org\/en\/#\/schema\/logo\/image\/","url":"https:\/\/filles-de-la-charite.org\/wp-content\/uploads\/2023\/03\/isotipo-Hijas-de-la-Caridad.png","contentUrl":"https:\/\/filles-de-la-charite.org\/wp-content\/uploads\/2023\/03\/isotipo-Hijas-de-la-Caridad.png","width":1417,"height":1417,"caption":"Hijas de la Caridad"},"image":{"@id":"https:\/\/filles-de-la-charite.org\/en\/#\/schema\/logo\/image\/"}},{"@type":"Person","@id":"https:\/\/filles-de-la-charite.org\/en\/#\/schema\/person\/0c922b6ca71280639858d297b3a7209f","name":"SOR MARTA","image":{"@type":"ImageObject","inLanguage":"en-US","@id":"https:\/\/secure.gravatar.com\/avatar\/d2c45b0fd6bf2d3e2670ab3d112257c24ac80fa960360bba1bdc0676485d1d09?s=96&d=mm&r=g","url":"https:\/\/secure.gravatar.com\/avatar\/d2c45b0fd6bf2d3e2670ab3d112257c24ac80fa960360bba1bdc0676485d1d09?s=96&d=mm&r=g","contentUrl":"https:\/\/secure.gravatar.com\/avatar\/d2c45b0fd6bf2d3e2670ab3d112257c24ac80fa960360bba1bdc0676485d1d09?s=96&d=mm&r=g","caption":"SOR MARTA"},"url":"https:\/\/filles-de-la-charite.org\/en\/author\/martaemn\/"}]}},"_links":{"self":[{"href":"https:\/\/filles-de-la-charite.org\/en\/wp-json\/wp\/v2\/posts\/39049","targetHints":{"allow":["GET"]}}],"collection":[{"href":"https:\/\/filles-de-la-charite.org\/en\/wp-json\/wp\/v2\/posts"}],"about":[{"href":"https:\/\/filles-de-la-charite.org\/en\/wp-json\/wp\/v2\/types\/post"}],"author":[{"embeddable":true,"href":"https:\/\/filles-de-la-charite.org\/en\/wp-json\/wp\/v2\/users\/5"}],"replies":[{"embeddable":true,"href":"https:\/\/filles-de-la-charite.org\/en\/wp-json\/wp\/v2\/comments?post=39049"}],"version-history":[{"count":1,"href":"https:\/\/filles-de-la-charite.org\/en\/wp-json\/wp\/v2\/posts\/39049\/revisions"}],"predecessor-version":[{"id":39054,"href":"https:\/\/filles-de-la-charite.org\/en\/wp-json\/wp\/v2\/posts\/39049\/revisions\/39054"}],"wp:featuredmedia":[{"embeddable":true,"href":"https:\/\/filles-de-la-charite.org\/en\/wp-json\/wp\/v2\/media\/38999"}],"wp:attachment":[{"href":"https:\/\/filles-de-la-charite.org\/en\/wp-json\/wp\/v2\/media?parent=39049"}],"wp:term":[{"taxonomy":"category","embeddable":true,"href":"https:\/\/filles-de-la-charite.org\/en\/wp-json\/wp\/v2\/categories?post=39049"},{"taxonomy":"post_tag","embeddable":true,"href":"https:\/\/filles-de-la-charite.org\/en\/wp-json\/wp\/v2\/tags?post=39049"}],"curies":[{"name":"wp","href":"https:\/\/api.w.org\/{rel}","templated":true}]}}