{"id":47717,"date":"2025-11-13T12:24:37","date_gmt":"2025-11-13T11:24:37","guid":{"rendered":"https:\/\/filles-de-la-charite.org\/?p=47717"},"modified":"2025-11-29T22:48:27","modified_gmt":"2025-11-29T21:48:27","slug":"amazonia-tierra-de-esperanza-y-encuentro-vicenciano","status":"publish","type":"post","link":"https:\/\/filles-de-la-charite.org\/en\/amazonia-tierra-de-esperanza-y-encuentro-vicenciano\/","title":{"rendered":"Amazon: Land of Hope and Vincentian Encounter"},"content":{"rendered":"\n<p><strong><strong>The Visit of the Superioress General and the Director General of the Daughters of Charity during the C\u00edrio de Nazar\u00e9 2025 (<em>C\u00edrio de Nazar\u00e9 \u2013 one of the largest Marian processions in the world<\/em>)<\/strong><\/strong><\/p>\n\n\n\n<figure class=\"wp-block-image size-large\"><img loading=\"lazy\" decoding=\"async\" width=\"1024\" height=\"576\" src=\"https:\/\/filles-de-la-charite.org\/wp-content\/uploads\/2025\/11\/WhatsApp-Image-2025-11-10-at-01.26.27-3-1024x576.jpeg\" alt=\"\" class=\"wp-image-47703\" srcset=\"https:\/\/filles-de-la-charite.org\/wp-content\/uploads\/2025\/11\/WhatsApp-Image-2025-11-10-at-01.26.27-3-980x551.jpeg 980w, https:\/\/filles-de-la-charite.org\/wp-content\/uploads\/2025\/11\/WhatsApp-Image-2025-11-10-at-01.26.27-3-480x270.jpeg 480w\" sizes=\"(min-width: 0px) and (max-width: 480px) 480px, (min-width: 481px) and (max-width: 980px) 980px, (min-width: 981px) 1024px, 100vw\" \/><\/figure>\n\n\n\n<p>In October 2025, Bel\u00e9m do Par\u00e1, the gateway to the Brazilian Amazon, became the stage for a profoundly symbolic encounter between Vincentian charism and popular spirituality. During the celebrations of the C\u00edrio de Nazar\u00e9 (<em>C\u00edrio de Nazar\u00e9 \u2013 one of the largest Marian processions in the world<\/em>), the Superioress General of the Daughters of Charity of Saint Vincent de Paul, Sister Fran\u00e7oise Petit, and the Director General, Father Jos\u00e9 Antonio Gonz\u00e1lez Prieto, CM, visited the Amazon Province, bringing with them a message of peace, attentive listening, and hope.<\/p>\n\n\n\n<h2 class=\"wp-block-heading\"><strong>A Presence That Consoles and Inspires<\/strong><\/h2>\n\n\n\n<p>From October 9 to 14, Sister Fran\u00e7oise immersed herself in the soul of the Amazon. She visited riverside communities, learned about social projects such as \u201cA\u00e7\u00e3o Partilha\u201d (<em>Sharing Action<\/em>) and \u201cDo Lixo ao Luxo\u201d (<em>From Trash to Treasure<\/em>), and participated in the C\u00edrio pilgrimages with the people of Par\u00e1. Her discreet and fraternal presence revealed the heart of the Vincentian charism: to be present, to listen, to serve with tenderness, and to love the poor.<\/p>\n\n\n\n<p>During the Fluvial Pilgrimage, boats adorned with flowers and songs transformed the river into a moving sanctuary. The image of Our Lady of Nazar\u00e9 advanced through the waters of Guajar\u00e1 Bay, accompanied by thousands of faithful. It was as if Mary were walking upon the waters of the Amazon, blessing her people with hope.<\/p>\n\n\n\n<figure class=\"wp-block-image size-large\"><img loading=\"lazy\" decoding=\"async\" width=\"1024\" height=\"768\" src=\"https:\/\/filles-de-la-charite.org\/wp-content\/uploads\/2025\/11\/WhatsApp-Image-2025-11-10-at-01.26.27-2-1024x768.jpeg\" alt=\"\" class=\"wp-image-47702\" srcset=\"https:\/\/filles-de-la-charite.org\/wp-content\/uploads\/2025\/11\/WhatsApp-Image-2025-11-10-at-01.26.27-2-1024x768.jpeg 1024w, https:\/\/filles-de-la-charite.org\/wp-content\/uploads\/2025\/11\/WhatsApp-Image-2025-11-10-at-01.26.27-2-980x735.jpeg 980w, https:\/\/filles-de-la-charite.org\/wp-content\/uploads\/2025\/11\/WhatsApp-Image-2025-11-10-at-01.26.27-2-480x360.jpeg 480w\" sizes=\"(min-width: 0px) and (max-width: 480px) 480px, (min-width: 481px) and (max-width: 980px) 980px, (min-width: 981px) 1024px, 100vw\" \/><\/figure>\n\n\n\n<h2 class=\"wp-block-heading\"><strong>A Spirituality Born of the Land<\/strong><\/h2>\n\n\n\n<p>During her stay, Sister Fran\u00e7oise was enchanted by the local culture. She tasted traditional dishes such as <em>pato no tucupi<\/em> (duck in tucupi sauce), <em>a\u00e7a\u00ed<\/em>, and fresh river fish, danced to the rhythm of <em>carimb\u00f3<\/em> (a traditional Amazonian dance), and learned the popular song \u201cNaza, Nazarezinha, Nazar\u00e9 Rainha&#8230;\u201d (<em>\u201cNaza, Little Nazareth, Nazareth Queen&#8230;\u201d<\/em>), sung with enthusiasm by the people. Each gesture expressed communion and respect for Amazonian identity.<\/p>\n\n\n\n<p>Faith in the Amazon carries the scent of wet earth and manifests itself in the streets, markets, homes, and riverbanks. It is an incarnate spirituality, made of simple and welcoming gestures, reflecting the way the Daughters of Charity have lived their vocation in the region for over 90 years.<\/p>\n\n\n\n<figure class=\"wp-block-image size-large\"><img loading=\"lazy\" decoding=\"async\" width=\"768\" height=\"1024\" src=\"https:\/\/filles-de-la-charite.org\/wp-content\/uploads\/2025\/11\/WhatsApp-Image-2025-11-10-at-01.26.27-768x1024.jpeg\" alt=\"\" class=\"wp-image-47704\"\/><\/figure>\n\n\n\n<h2 class=\"wp-block-heading\"><strong>A Call to Integral Ecology and Fraternity<\/strong><\/h2>\n\n\n\n<p>Inspired by <em>Laudato Si\u2019<\/em> by Pope Francis, the visit reinforced the connection between care for the poor and care for our Common Home. The theme of the 2025 C\u00edrio, \u201cMary, Mother and Queen of All Creation,\u201d echoed this call to collective responsibility for the future of the Earth.<\/p>\n\n\n\n<p>In a deeply moving gesture, Sister Fran\u00e7oise consecrated the entire Company to the \u201cLady of the Berlinda\u201d (<em>Senhora da Berlinda<\/em> \u2013 the title given to Our Lady of Nazar\u00e9 during the procession), repeating the act of Saint Louise de Marillac in Chartres. Her visit, during the Jubilee Holy Year of Hope, was a living testimony of resilient faith, concrete hope, and a charity that never tires of serving.<\/p>\n\n\n\n<figure class=\"wp-block-image size-large\"><img loading=\"lazy\" decoding=\"async\" width=\"768\" height=\"1024\" src=\"https:\/\/filles-de-la-charite.org\/wp-content\/uploads\/2025\/11\/WhatsApp-Image-2025-11-10-at-01.26.27-1-768x1024.jpeg\" alt=\"\" class=\"wp-image-47701\"\/><\/figure>\n\n\n\n<h2 class=\"wp-block-heading\"><strong>A Visit That Continues in Communion<\/strong><\/h2>\n\n\n\n<p>On October 20 and 21, while Bel\u00e9m still pulsed with the faith of the C\u00edrio, the city received another visit of profound spiritual significance: the Director General of the Company, Father Jos\u00e9 Antonio Gonz\u00e1lez Prieto, CM, who participated in the <em>Quinzena Nazarena<\/em> (<em>Nazarene Fortnight<\/em> \u2013 a period of intense religious devotion and fraternal sharing).<\/p>\n\n\n\n<p>Father Jos\u00e9 Antonio met with the Sisters who serve with silent dedication along the rivers and on the outskirts. Enchanted by the biodiversity and natural beauty of the Amazon, he recognised in it a living Gospel: each tree, each river, each human face reveals the creative and loving presence of God.<\/p>\n\n\n\n<p>Inspired by the theme of the Company\u2019s Assembly, \u201cArtisans of Peace and Hope,\u201d he highlighted the role of the Sisters as witnesses of reconciliation in a world wounded by division. His words deeply touched the communities, affirming vocations and encouraging the joyful and grateful living of fraternity.<\/p>\n\n\n\n<figure class=\"wp-block-image size-large\"><img loading=\"lazy\" decoding=\"async\" width=\"1024\" height=\"768\" src=\"https:\/\/filles-de-la-charite.org\/wp-content\/uploads\/2025\/11\/WhatsApp-Image-2025-11-10-at-01.26.26-1024x768.jpeg\" alt=\"\" class=\"wp-image-47700\" srcset=\"https:\/\/filles-de-la-charite.org\/wp-content\/uploads\/2025\/11\/WhatsApp-Image-2025-11-10-at-01.26.26-980x735.jpeg 980w, https:\/\/filles-de-la-charite.org\/wp-content\/uploads\/2025\/11\/WhatsApp-Image-2025-11-10-at-01.26.26-480x360.jpeg 480w\" sizes=\"(min-width: 0px) and (max-width: 480px) 480px, (min-width: 481px) and (max-width: 980px) 980px, (min-width: 981px) 1024px, 100vw\" \/><\/figure>\n\n\n\n<h2 class=\"wp-block-heading\"><strong>A Testimony for the World<\/strong><\/h2>\n\n\n\n<p>The visit of the Superioress General and the Director General to Bel\u00e9m do Par\u00e1 will be remembered as a prophetic gesture of universal communion. In times of environmental crisis, inequality, and conflict, the Amazon rises as a sign that hope is possible. The faith that smiles even when weary, the charity that never tires of serving, and the spirituality that sings among rivers and markets reveal that God walks with us.<\/p>\n\n\n\n<p>May the C\u00edrio continue to be a light for the world, a reminder that peace begins when we learn to draw near to one another with love. Between the scent of incense and the aroma of <em>tucupi<\/em>, between the songs of the processions and the murmur of the rivers, one certainty remains: peace and hope are still possible when they are lovingly woven with faith, love, and closeness.<\/p>\n\n\n\n<figure class=\"wp-block-image size-large\"><img loading=\"lazy\" decoding=\"async\" width=\"576\" height=\"1024\" src=\"https:\/\/filles-de-la-charite.org\/wp-content\/uploads\/2025\/11\/WhatsApp-Image-2025-11-10-at-01.26.26-1-576x1024.jpeg\" alt=\"\" class=\"wp-image-47699\" srcset=\"https:\/\/filles-de-la-charite.org\/wp-content\/uploads\/2025\/11\/WhatsApp-Image-2025-11-10-at-01.26.26-1-576x1024.jpeg 576w, https:\/\/filles-de-la-charite.org\/wp-content\/uploads\/2025\/11\/WhatsApp-Image-2025-11-10-at-01.26.26-1-480x853.jpeg 480w\" sizes=\"(min-width: 0px) and (max-width: 480px) 480px, (min-width: 481px) 576px, 100vw\" \/><\/figure>\n\n\n\n<p>Thank you, Lord, for these visits so full of fraternity and hope, which reveal Your gentle divine caresses upon us, who belong to this sacred soil of the Amazon.<\/p>\n\n\n\n<p><strong>Praise be to God!<\/strong><\/p>\n\n\n\n<p><em>Sr. Maria Rejiane da Mata Dias, DC<\/em><br><em>Sr. Anagilsa Sampaio Bentes, DC<br><\/em><\/p>\n","protected":false},"excerpt":{"rendered":"<p>The Visit of the Superioress General and the Director General of the Daughters of Charity during the C\u00edrio de Nazar\u00e9 2025 (C\u00edrio de Nazar\u00e9 \u2013 one of the largest Marian processions in the world) In October 2025, Bel\u00e9m do Par\u00e1, the gateway to the Brazilian Amazon, became the stage for a profoundly symbolic encounter between [&hellip;]<\/p>\n","protected":false},"author":5,"featured_media":48029,"comment_status":"closed","ping_status":"closed","sticky":false,"template":"","format":"standard","meta":{"_acf_changed":false,"_et_pb_use_builder":"","_et_pb_old_content":"","_et_gb_content_width":"","footnotes":"","_links_to":"","_links_to_target":""},"categories":[884],"tags":[],"class_list":["post-47717","post","type-post","status-publish","format-standard","has-post-thumbnail","hentry","category-amazonia-en"],"acf":[],"yoast_head":"<!-- This site is optimized with the Yoast SEO plugin v27.5 - https:\/\/yoast.com\/product\/yoast-seo-wordpress\/ -->\n<title>Amazon: Land of Hope and Vincentian Encounter - Filles de la Charit\u00e9<\/title>\n<meta name=\"robots\" content=\"index, follow, max-snippet:-1, max-image-preview:large, max-video-preview:-1\" \/>\n<link rel=\"canonical\" href=\"https:\/\/filles-de-la-charite.org\/en\/amazonia-tierra-de-esperanza-y-encuentro-vicenciano\/\" \/>\n<meta property=\"og:locale\" content=\"en_US\" \/>\n<meta property=\"og:type\" content=\"article\" \/>\n<meta property=\"og:title\" content=\"Amazon: Land of Hope and Vincentian Encounter - Filles de la Charit\u00e9\" \/>\n<meta property=\"og:description\" content=\"The Visit of the Superioress General and the Director General of the Daughters of Charity during the C\u00edrio de Nazar\u00e9 2025 (C\u00edrio de Nazar\u00e9 \u2013 one of the largest Marian processions in the world) In October 2025, Bel\u00e9m do Par\u00e1, the gateway to the Brazilian Amazon, became the stage for a profoundly symbolic encounter between [&hellip;]\" \/>\n<meta property=\"og:url\" content=\"https:\/\/filles-de-la-charite.org\/en\/amazonia-tierra-de-esperanza-y-encuentro-vicenciano\/\" \/>\n<meta property=\"og:site_name\" content=\"Filles de la Charit\u00e9\" \/>\n<meta property=\"article:published_time\" content=\"2025-11-13T11:24:37+00:00\" \/>\n<meta property=\"article:modified_time\" content=\"2025-11-29T21:48:27+00:00\" \/>\n<meta property=\"og:image\" content=\"https:\/\/filles-de-la-charite.org\/wp-content\/uploads\/2025\/11\/WhatsApp-Image-2025-11-10-at-01.26.27-3-1.jpeg\" \/>\n\t<meta property=\"og:image:width\" content=\"1600\" \/>\n\t<meta property=\"og:image:height\" content=\"900\" \/>\n\t<meta property=\"og:image:type\" content=\"image\/jpeg\" \/>\n<meta name=\"author\" content=\"SOR MARTA\" \/>\n<meta name=\"twitter:card\" content=\"summary_large_image\" \/>\n<meta name=\"twitter:label1\" content=\"Written by\" \/>\n\t<meta name=\"twitter:data1\" content=\"SOR MARTA\" \/>\n\t<meta name=\"twitter:label2\" content=\"Est. reading time\" \/>\n\t<meta name=\"twitter:data2\" content=\"6 minutes\" \/>\n<script type=\"application\/ld+json\" class=\"yoast-schema-graph\">{\"@context\":\"https:\\\/\\\/schema.org\",\"@graph\":[{\"@type\":\"Article\",\"@id\":\"https:\\\/\\\/filles-de-la-charite.org\\\/en\\\/amazonia-tierra-de-esperanza-y-encuentro-vicenciano\\\/#article\",\"isPartOf\":{\"@id\":\"https:\\\/\\\/filles-de-la-charite.org\\\/en\\\/amazonia-tierra-de-esperanza-y-encuentro-vicenciano\\\/\"},\"author\":{\"name\":\"SOR MARTA\",\"@id\":\"https:\\\/\\\/filles-de-la-charite.org\\\/en\\\/#\\\/schema\\\/person\\\/0c922b6ca71280639858d297b3a7209f\"},\"headline\":\"Amazon: Land of Hope and Vincentian Encounter\",\"datePublished\":\"2025-11-13T11:24:37+00:00\",\"dateModified\":\"2025-11-29T21:48:27+00:00\",\"mainEntityOfPage\":{\"@id\":\"https:\\\/\\\/filles-de-la-charite.org\\\/en\\\/amazonia-tierra-de-esperanza-y-encuentro-vicenciano\\\/\"},\"wordCount\":865,\"publisher\":{\"@id\":\"https:\\\/\\\/filles-de-la-charite.org\\\/en\\\/#organization\"},\"image\":{\"@id\":\"https:\\\/\\\/filles-de-la-charite.org\\\/en\\\/amazonia-tierra-de-esperanza-y-encuentro-vicenciano\\\/#primaryimage\"},\"thumbnailUrl\":\"https:\\\/\\\/filles-de-la-charite.org\\\/wp-content\\\/uploads\\\/2025\\\/11\\\/WhatsApp-Image-2025-11-10-at-01.26.27-3-1.jpeg\",\"articleSection\":[\"Amazonia\"],\"inLanguage\":\"en-US\"},{\"@type\":\"WebPage\",\"@id\":\"https:\\\/\\\/filles-de-la-charite.org\\\/en\\\/amazonia-tierra-de-esperanza-y-encuentro-vicenciano\\\/\",\"url\":\"https:\\\/\\\/filles-de-la-charite.org\\\/en\\\/amazonia-tierra-de-esperanza-y-encuentro-vicenciano\\\/\",\"name\":\"Amazon: Land of Hope and Vincentian Encounter - Filles de la Charit\u00e9\",\"isPartOf\":{\"@id\":\"https:\\\/\\\/filles-de-la-charite.org\\\/en\\\/#website\"},\"primaryImageOfPage\":{\"@id\":\"https:\\\/\\\/filles-de-la-charite.org\\\/en\\\/amazonia-tierra-de-esperanza-y-encuentro-vicenciano\\\/#primaryimage\"},\"image\":{\"@id\":\"https:\\\/\\\/filles-de-la-charite.org\\\/en\\\/amazonia-tierra-de-esperanza-y-encuentro-vicenciano\\\/#primaryimage\"},\"thumbnailUrl\":\"https:\\\/\\\/filles-de-la-charite.org\\\/wp-content\\\/uploads\\\/2025\\\/11\\\/WhatsApp-Image-2025-11-10-at-01.26.27-3-1.jpeg\",\"datePublished\":\"2025-11-13T11:24:37+00:00\",\"dateModified\":\"2025-11-29T21:48:27+00:00\",\"breadcrumb\":{\"@id\":\"https:\\\/\\\/filles-de-la-charite.org\\\/en\\\/amazonia-tierra-de-esperanza-y-encuentro-vicenciano\\\/#breadcrumb\"},\"inLanguage\":\"en-US\",\"potentialAction\":[{\"@type\":\"ReadAction\",\"target\":[\"https:\\\/\\\/filles-de-la-charite.org\\\/en\\\/amazonia-tierra-de-esperanza-y-encuentro-vicenciano\\\/\"]}]},{\"@type\":\"ImageObject\",\"inLanguage\":\"en-US\",\"@id\":\"https:\\\/\\\/filles-de-la-charite.org\\\/en\\\/amazonia-tierra-de-esperanza-y-encuentro-vicenciano\\\/#primaryimage\",\"url\":\"https:\\\/\\\/filles-de-la-charite.org\\\/wp-content\\\/uploads\\\/2025\\\/11\\\/WhatsApp-Image-2025-11-10-at-01.26.27-3-1.jpeg\",\"contentUrl\":\"https:\\\/\\\/filles-de-la-charite.org\\\/wp-content\\\/uploads\\\/2025\\\/11\\\/WhatsApp-Image-2025-11-10-at-01.26.27-3-1.jpeg\",\"width\":1600,\"height\":900},{\"@type\":\"BreadcrumbList\",\"@id\":\"https:\\\/\\\/filles-de-la-charite.org\\\/en\\\/amazonia-tierra-de-esperanza-y-encuentro-vicenciano\\\/#breadcrumb\",\"itemListElement\":[{\"@type\":\"ListItem\",\"position\":1,\"name\":\"Amazonia\",\"item\":\"https:\\\/\\\/filles-de-la-charite.org\\\/en\\\/category\\\/amazonia-en\\\/\"},{\"@type\":\"ListItem\",\"position\":2,\"name\":\"Amazon: Land of Hope and Vincentian Encounter\"}]},{\"@type\":\"WebSite\",\"@id\":\"https:\\\/\\\/filles-de-la-charite.org\\\/en\\\/#website\",\"url\":\"https:\\\/\\\/filles-de-la-charite.org\\\/en\\\/\",\"name\":\"Hijas de la Caridad\",\"description\":\"El amor de Jes\u00fas nos urge a cuidar la vida de los m\u00e1s necesitados\",\"publisher\":{\"@id\":\"https:\\\/\\\/filles-de-la-charite.org\\\/en\\\/#organization\"},\"potentialAction\":[{\"@type\":\"SearchAction\",\"target\":{\"@type\":\"EntryPoint\",\"urlTemplate\":\"https:\\\/\\\/filles-de-la-charite.org\\\/en\\\/?s={search_term_string}\"},\"query-input\":{\"@type\":\"PropertyValueSpecification\",\"valueRequired\":true,\"valueName\":\"search_term_string\"}}],\"inLanguage\":\"en-US\"},{\"@type\":\"Organization\",\"@id\":\"https:\\\/\\\/filles-de-la-charite.org\\\/en\\\/#organization\",\"name\":\"Hijas de la Caridad\",\"url\":\"https:\\\/\\\/filles-de-la-charite.org\\\/en\\\/\",\"logo\":{\"@type\":\"ImageObject\",\"inLanguage\":\"en-US\",\"@id\":\"https:\\\/\\\/filles-de-la-charite.org\\\/en\\\/#\\\/schema\\\/logo\\\/image\\\/\",\"url\":\"https:\\\/\\\/filles-de-la-charite.org\\\/wp-content\\\/uploads\\\/2023\\\/03\\\/isotipo-Hijas-de-la-Caridad.png\",\"contentUrl\":\"https:\\\/\\\/filles-de-la-charite.org\\\/wp-content\\\/uploads\\\/2023\\\/03\\\/isotipo-Hijas-de-la-Caridad.png\",\"width\":1417,\"height\":1417,\"caption\":\"Hijas de la Caridad\"},\"image\":{\"@id\":\"https:\\\/\\\/filles-de-la-charite.org\\\/en\\\/#\\\/schema\\\/logo\\\/image\\\/\"}},{\"@type\":\"Person\",\"@id\":\"https:\\\/\\\/filles-de-la-charite.org\\\/en\\\/#\\\/schema\\\/person\\\/0c922b6ca71280639858d297b3a7209f\",\"name\":\"SOR MARTA\",\"image\":{\"@type\":\"ImageObject\",\"inLanguage\":\"en-US\",\"@id\":\"https:\\\/\\\/secure.gravatar.com\\\/avatar\\\/d2c45b0fd6bf2d3e2670ab3d112257c24ac80fa960360bba1bdc0676485d1d09?s=96&d=mm&r=g\",\"url\":\"https:\\\/\\\/secure.gravatar.com\\\/avatar\\\/d2c45b0fd6bf2d3e2670ab3d112257c24ac80fa960360bba1bdc0676485d1d09?s=96&d=mm&r=g\",\"contentUrl\":\"https:\\\/\\\/secure.gravatar.com\\\/avatar\\\/d2c45b0fd6bf2d3e2670ab3d112257c24ac80fa960360bba1bdc0676485d1d09?s=96&d=mm&r=g\",\"caption\":\"SOR MARTA\"},\"url\":\"https:\\\/\\\/filles-de-la-charite.org\\\/en\\\/author\\\/martaemn\\\/\"}]}<\/script>\n<!-- \/ Yoast SEO plugin. -->","yoast_head_json":{"title":"Amazon: Land of Hope and Vincentian Encounter - Filles de la Charit\u00e9","robots":{"index":"index","follow":"follow","max-snippet":"max-snippet:-1","max-image-preview":"max-image-preview:large","max-video-preview":"max-video-preview:-1"},"canonical":"https:\/\/filles-de-la-charite.org\/en\/amazonia-tierra-de-esperanza-y-encuentro-vicenciano\/","og_locale":"en_US","og_type":"article","og_title":"Amazon: Land of Hope and Vincentian Encounter - Filles de la Charit\u00e9","og_description":"The Visit of the Superioress General and the Director General of the Daughters of Charity during the C\u00edrio de Nazar\u00e9 2025 (C\u00edrio de Nazar\u00e9 \u2013 one of the largest Marian processions in the world) In October 2025, Bel\u00e9m do Par\u00e1, the gateway to the Brazilian Amazon, became the stage for a profoundly symbolic encounter between [&hellip;]","og_url":"https:\/\/filles-de-la-charite.org\/en\/amazonia-tierra-de-esperanza-y-encuentro-vicenciano\/","og_site_name":"Filles de la Charit\u00e9","article_published_time":"2025-11-13T11:24:37+00:00","article_modified_time":"2025-11-29T21:48:27+00:00","og_image":[{"width":1600,"height":900,"url":"https:\/\/filles-de-la-charite.org\/wp-content\/uploads\/2025\/11\/WhatsApp-Image-2025-11-10-at-01.26.27-3-1.jpeg","type":"image\/jpeg"}],"author":"SOR MARTA","twitter_card":"summary_large_image","twitter_misc":{"Written by":"SOR MARTA","Est. reading time":"6 minutes"},"schema":{"@context":"https:\/\/schema.org","@graph":[{"@type":"Article","@id":"https:\/\/filles-de-la-charite.org\/en\/amazonia-tierra-de-esperanza-y-encuentro-vicenciano\/#article","isPartOf":{"@id":"https:\/\/filles-de-la-charite.org\/en\/amazonia-tierra-de-esperanza-y-encuentro-vicenciano\/"},"author":{"name":"SOR MARTA","@id":"https:\/\/filles-de-la-charite.org\/en\/#\/schema\/person\/0c922b6ca71280639858d297b3a7209f"},"headline":"Amazon: Land of Hope and Vincentian Encounter","datePublished":"2025-11-13T11:24:37+00:00","dateModified":"2025-11-29T21:48:27+00:00","mainEntityOfPage":{"@id":"https:\/\/filles-de-la-charite.org\/en\/amazonia-tierra-de-esperanza-y-encuentro-vicenciano\/"},"wordCount":865,"publisher":{"@id":"https:\/\/filles-de-la-charite.org\/en\/#organization"},"image":{"@id":"https:\/\/filles-de-la-charite.org\/en\/amazonia-tierra-de-esperanza-y-encuentro-vicenciano\/#primaryimage"},"thumbnailUrl":"https:\/\/filles-de-la-charite.org\/wp-content\/uploads\/2025\/11\/WhatsApp-Image-2025-11-10-at-01.26.27-3-1.jpeg","articleSection":["Amazonia"],"inLanguage":"en-US"},{"@type":"WebPage","@id":"https:\/\/filles-de-la-charite.org\/en\/amazonia-tierra-de-esperanza-y-encuentro-vicenciano\/","url":"https:\/\/filles-de-la-charite.org\/en\/amazonia-tierra-de-esperanza-y-encuentro-vicenciano\/","name":"Amazon: Land of Hope and Vincentian Encounter - Filles de la Charit\u00e9","isPartOf":{"@id":"https:\/\/filles-de-la-charite.org\/en\/#website"},"primaryImageOfPage":{"@id":"https:\/\/filles-de-la-charite.org\/en\/amazonia-tierra-de-esperanza-y-encuentro-vicenciano\/#primaryimage"},"image":{"@id":"https:\/\/filles-de-la-charite.org\/en\/amazonia-tierra-de-esperanza-y-encuentro-vicenciano\/#primaryimage"},"thumbnailUrl":"https:\/\/filles-de-la-charite.org\/wp-content\/uploads\/2025\/11\/WhatsApp-Image-2025-11-10-at-01.26.27-3-1.jpeg","datePublished":"2025-11-13T11:24:37+00:00","dateModified":"2025-11-29T21:48:27+00:00","breadcrumb":{"@id":"https:\/\/filles-de-la-charite.org\/en\/amazonia-tierra-de-esperanza-y-encuentro-vicenciano\/#breadcrumb"},"inLanguage":"en-US","potentialAction":[{"@type":"ReadAction","target":["https:\/\/filles-de-la-charite.org\/en\/amazonia-tierra-de-esperanza-y-encuentro-vicenciano\/"]}]},{"@type":"ImageObject","inLanguage":"en-US","@id":"https:\/\/filles-de-la-charite.org\/en\/amazonia-tierra-de-esperanza-y-encuentro-vicenciano\/#primaryimage","url":"https:\/\/filles-de-la-charite.org\/wp-content\/uploads\/2025\/11\/WhatsApp-Image-2025-11-10-at-01.26.27-3-1.jpeg","contentUrl":"https:\/\/filles-de-la-charite.org\/wp-content\/uploads\/2025\/11\/WhatsApp-Image-2025-11-10-at-01.26.27-3-1.jpeg","width":1600,"height":900},{"@type":"BreadcrumbList","@id":"https:\/\/filles-de-la-charite.org\/en\/amazonia-tierra-de-esperanza-y-encuentro-vicenciano\/#breadcrumb","itemListElement":[{"@type":"ListItem","position":1,"name":"Amazonia","item":"https:\/\/filles-de-la-charite.org\/en\/category\/amazonia-en\/"},{"@type":"ListItem","position":2,"name":"Amazon: Land of Hope and Vincentian Encounter"}]},{"@type":"WebSite","@id":"https:\/\/filles-de-la-charite.org\/en\/#website","url":"https:\/\/filles-de-la-charite.org\/en\/","name":"Hijas de la Caridad","description":"El amor de Jes\u00fas nos urge a cuidar la vida de los m\u00e1s necesitados","publisher":{"@id":"https:\/\/filles-de-la-charite.org\/en\/#organization"},"potentialAction":[{"@type":"SearchAction","target":{"@type":"EntryPoint","urlTemplate":"https:\/\/filles-de-la-charite.org\/en\/?s={search_term_string}"},"query-input":{"@type":"PropertyValueSpecification","valueRequired":true,"valueName":"search_term_string"}}],"inLanguage":"en-US"},{"@type":"Organization","@id":"https:\/\/filles-de-la-charite.org\/en\/#organization","name":"Hijas de la Caridad","url":"https:\/\/filles-de-la-charite.org\/en\/","logo":{"@type":"ImageObject","inLanguage":"en-US","@id":"https:\/\/filles-de-la-charite.org\/en\/#\/schema\/logo\/image\/","url":"https:\/\/filles-de-la-charite.org\/wp-content\/uploads\/2023\/03\/isotipo-Hijas-de-la-Caridad.png","contentUrl":"https:\/\/filles-de-la-charite.org\/wp-content\/uploads\/2023\/03\/isotipo-Hijas-de-la-Caridad.png","width":1417,"height":1417,"caption":"Hijas de la Caridad"},"image":{"@id":"https:\/\/filles-de-la-charite.org\/en\/#\/schema\/logo\/image\/"}},{"@type":"Person","@id":"https:\/\/filles-de-la-charite.org\/en\/#\/schema\/person\/0c922b6ca71280639858d297b3a7209f","name":"SOR MARTA","image":{"@type":"ImageObject","inLanguage":"en-US","@id":"https:\/\/secure.gravatar.com\/avatar\/d2c45b0fd6bf2d3e2670ab3d112257c24ac80fa960360bba1bdc0676485d1d09?s=96&d=mm&r=g","url":"https:\/\/secure.gravatar.com\/avatar\/d2c45b0fd6bf2d3e2670ab3d112257c24ac80fa960360bba1bdc0676485d1d09?s=96&d=mm&r=g","contentUrl":"https:\/\/secure.gravatar.com\/avatar\/d2c45b0fd6bf2d3e2670ab3d112257c24ac80fa960360bba1bdc0676485d1d09?s=96&d=mm&r=g","caption":"SOR MARTA"},"url":"https:\/\/filles-de-la-charite.org\/en\/author\/martaemn\/"}]}},"_links":{"self":[{"href":"https:\/\/filles-de-la-charite.org\/en\/wp-json\/wp\/v2\/posts\/47717","targetHints":{"allow":["GET"]}}],"collection":[{"href":"https:\/\/filles-de-la-charite.org\/en\/wp-json\/wp\/v2\/posts"}],"about":[{"href":"https:\/\/filles-de-la-charite.org\/en\/wp-json\/wp\/v2\/types\/post"}],"author":[{"embeddable":true,"href":"https:\/\/filles-de-la-charite.org\/en\/wp-json\/wp\/v2\/users\/5"}],"replies":[{"embeddable":true,"href":"https:\/\/filles-de-la-charite.org\/en\/wp-json\/wp\/v2\/comments?post=47717"}],"version-history":[{"count":1,"href":"https:\/\/filles-de-la-charite.org\/en\/wp-json\/wp\/v2\/posts\/47717\/revisions"}],"predecessor-version":[{"id":47731,"href":"https:\/\/filles-de-la-charite.org\/en\/wp-json\/wp\/v2\/posts\/47717\/revisions\/47731"}],"wp:featuredmedia":[{"embeddable":true,"href":"https:\/\/filles-de-la-charite.org\/en\/wp-json\/wp\/v2\/media\/48029"}],"wp:attachment":[{"href":"https:\/\/filles-de-la-charite.org\/en\/wp-json\/wp\/v2\/media?parent=47717"}],"wp:term":[{"taxonomy":"category","embeddable":true,"href":"https:\/\/filles-de-la-charite.org\/en\/wp-json\/wp\/v2\/categories?post=47717"},{"taxonomy":"post_tag","embeddable":true,"href":"https:\/\/filles-de-la-charite.org\/en\/wp-json\/wp\/v2\/tags?post=47717"}],"curies":[{"name":"wp","href":"https:\/\/api.w.org\/{rel}","templated":true}]}}