{"id":47871,"date":"2025-11-13T17:38:23","date_gmt":"2025-11-13T16:38:23","guid":{"rendered":"https:\/\/filles-de-la-charite.org\/?p=47871"},"modified":"2025-11-13T17:22:44","modified_gmt":"2025-11-13T16:22:44","slug":"un-nuevo-tiempo-de-gracia-nace-la-provincia-luisa-de-marillac-brasil","status":"publish","type":"post","link":"https:\/\/filles-de-la-charite.org\/en\/un-nuevo-tiempo-de-gracia-nace-la-provincia-luisa-de-marillac-brasil\/","title":{"rendered":"A New Time of Grace: the birth of the Luisa de Marillac Province \u2013 Brazil"},"content":{"rendered":"\n<h6 class=\"wp-block-heading\"><strong>Historic Celebration at the Miraculous Medal Shrine<\/strong><\/h6>\n\n\n\n<p>On October 19, 2025, the Shrine of Our Lady of Graces of the Miraculous Medal in Rio de Janeiro joyfully and gratefully hosted the Eucharistic Celebration that officially marked the reconfiguration of the Provinces of Rio de Janeiro and Belo Horizonte. This historic moment gave rise to the new Province of the Daughters of Charity of Luisa de Marillac \u2013 Brazil, the result of a long process of discernment, prayer, sharing, and preparation.<\/p>\n\n\n\n<figure class=\"wp-block-image size-large\"><img loading=\"lazy\" decoding=\"async\" width=\"1024\" height=\"683\" src=\"https:\/\/filles-de-la-charite.org\/wp-content\/uploads\/2025\/11\/IMG_7307-1024x683.jpg\" alt=\"\" class=\"wp-image-47851\" srcset=\"https:\/\/filles-de-la-charite.org\/wp-content\/uploads\/2025\/11\/IMG_7307-980x653.jpg 980w, https:\/\/filles-de-la-charite.org\/wp-content\/uploads\/2025\/11\/IMG_7307-480x320.jpg 480w\" sizes=\"(min-width: 0px) and (max-width: 480px) 480px, (min-width: 481px) and (max-width: 980px) 980px, (min-width: 981px) 1024px, 100vw\" \/><\/figure>\n\n\n\n<h2 class=\"wp-block-heading\"><strong>Presences That Strengthen Communion<\/strong><\/h2>\n\n\n\n<p>The celebration brought together the Superioress General, Sister Fran\u00e7oise Petit, the General Director, Fr. Jos\u00e9 Antonio Gonz\u00e1lez Prieto, the Visitatrices and Provincial Directors from various regions of Brazil. Also present were Sisters from local Communities, members of the Miraculous Medal Association, MISEVI, the Society of Saint Vincent de Paul, pastoral agents, and faithful who frequent the shrine. The presence of so many voices and hearts reinforced the spirit of unity and renewal that marks this new chapter.<\/p>\n\n\n\n<h2 class=\"wp-block-heading\"><strong>The Eucharist as the Centre of Mission<\/strong><\/h2>\n\n\n\n<p>Presided over by Fr. Jos\u00e9 Antonio, the Mass was carefully prepared by the Sisters responsible for liturgy and music. In his homily, the celebrant emphasised the Eucharist as the centre of the life and mission of the Daughters of Charity\u2014a space of encounter with Christ and with the poor. He reflected on the reconfiguration as an act of trust in God, who calls us to live with hope even amid uncertainty. Inspired by the biblical readings, he reminded everyone that God&#8217;s faithfulness sustains the paths of mission and renews vocational commitment.<\/p>\n\n\n\n<figure class=\"wp-block-image size-large\"><img loading=\"lazy\" decoding=\"async\" width=\"1024\" height=\"683\" src=\"https:\/\/filles-de-la-charite.org\/wp-content\/uploads\/2025\/11\/IMG_7310-1024x683.jpg\" alt=\"\" class=\"wp-image-47850\" srcset=\"https:\/\/filles-de-la-charite.org\/wp-content\/uploads\/2025\/11\/IMG_7310-980x653.jpg 980w, https:\/\/filles-de-la-charite.org\/wp-content\/uploads\/2025\/11\/IMG_7310-480x320.jpg 480w\" sizes=\"(min-width: 0px) and (max-width: 480px) 480px, (min-width: 481px) and (max-width: 980px) 980px, (min-width: 981px) 1024px, 100vw\" \/><\/figure>\n\n\n\n<h2 class=\"wp-block-heading\"><strong>Reconfiguration: A Call to Trust<\/strong><\/h2>\n\n\n\n<p>The Word of God proclaimed that day illuminated the deep meaning of reconfiguration. The first reading, from the book of Exodus, showed that the victory of God&#8217;s people comes not from strength but from trust. The psalm reinforced this certainty: \u201cMy help comes from the Lord, who made heaven and earth.\u201d Paul&#8217;s letter to Timothy and the Gospel of the persistent widow invited everyone to persevering prayer and trust in divine mercy. To be reconfigured is to renew the missionary commitment, allowing charity to flourish in new forms and paths. It is believed that God welcomes the sincere efforts of those who wish to better serve the poor and that, with faith, it is possible to overcome fears and embrace the new with courage and gratitude.<\/p>\n\n\n\n<figure class=\"wp-block-image size-large\"><img loading=\"lazy\" decoding=\"async\" width=\"1024\" height=\"683\" src=\"https:\/\/filles-de-la-charite.org\/wp-content\/uploads\/2025\/11\/IMG_7641-1024x683.jpg\" alt=\"\" class=\"wp-image-47847\" srcset=\"https:\/\/filles-de-la-charite.org\/wp-content\/uploads\/2025\/11\/IMG_7641-980x653.jpg 980w, https:\/\/filles-de-la-charite.org\/wp-content\/uploads\/2025\/11\/IMG_7641-480x320.jpg 480w\" sizes=\"(min-width: 0px) and (max-width: 480px) 480px, (min-width: 481px) and (max-width: 980px) 980px, (min-width: 981px) 1024px, 100vw\" \/><\/figure>\n\n\n\n<h2 class=\"wp-block-heading\"><strong>Prayer as a Source of Communion and Mission<\/strong><\/h2>\n\n\n\n<p>The celebration was marked by a deep spiritual dimension. Prayer was presented as an essential path to strengthen trust and renew hope, inspired by the example of Jesus, who prayed in all circumstances: in joy, in pain, in silence, and in communion. Reconfiguration is understood as a call to inner communion and the prophecy of charity. Contemplative prayer, combined with committed solidarity, is seen as a source of unity and fruitfulness for the mission.<\/p>\n\n\n\n<figure class=\"wp-block-image size-large\"><img loading=\"lazy\" decoding=\"async\" width=\"683\" height=\"1024\" src=\"https:\/\/filles-de-la-charite.org\/wp-content\/uploads\/2025\/11\/IMG_7444-scaled-e1763049053578-683x1024.jpg\" alt=\"\" class=\"wp-image-47849\"\/><\/figure>\n\n\n\n<h2 class=\"wp-block-heading\"><strong>Gratitude for the Journey and Service<\/strong><\/h2>\n\n\n\n<p>Sister Selma Aparecida dos Santos expressed her gratitude for the journey toward reconfiguration. She thanked the Provincial Council for their dedicated service, the Superior General and her Council for their fraternal support, and the Sisters of the Provinces of Rio de Janeiro and Belo Horizonte for their shared responsibility and communion. With faith and hope, she entrusted this new stage of the mission to the Lord, sustained by the intercession of Mary, Saint Vincent de Paul, and Saint Luisa de Marillac. \u201cThus far the Lord has led us&#8230; And surely from now on He will continue to lead us.\u201d<\/p>\n\n\n\n<h2 class=\"wp-block-heading\">Installation of the New Visitatrice and Council<\/h2>\n\n\n\n<p>During the ceremony, Sister Fran\u00e7oise Petit highlighted the historical importance of the union of the Provinces and thanked the Sisters and Provincial Councils for their courage and spirit of synodality. She officially installed Sister Maria C\u00e9lia Costa S\u00e1 as Visitatrice of the new Province, entrusting her with the mission of leading this new time with faith, creativity, and generosity.<\/p>\n\n\n\n<p>In her first message as Visitatrice, Sister Maria C\u00e9lia expressed deep gratitude and joy, reaffirming that this is a time of grace and renewal guided by the Holy Spirit. She thanked the leadership of the Company and the Sisters of the former Provinces, recognising their courageous service and joint construction of this new path. \u201cThis new Province is more than an organisational structure. It is a call to communion, shared mission, and the prophecy of charity.\u201d<\/p>\n\n\n\n<p>She installed the new Provincial Council, composed of Sister Shirley Santos Silva (Provincial Assistant), Sister Jane Carla Gomes de Souza, Sister Maria Aparecida Cirico Maciel, Sister Maria Cristina D\u2019Abruzzo, Sister M\u00e1rcia Helena do Ros\u00e1rio Santos, and Sister Selma Aparecida dos Santos. Sister Sandilene Bocafoli was appointed Provincial Secretary, and Sister Rizomar Figueiredo, Provincial Treasurer. Fr. Agnaldo Aparecido de Paula was installed as Provincial Director.<\/p>\n\n\n\n<figure class=\"wp-block-image size-large\"><img loading=\"lazy\" decoding=\"async\" width=\"1024\" height=\"683\" src=\"https:\/\/filles-de-la-charite.org\/wp-content\/uploads\/2025\/11\/IMG_7474-1024x683.jpg\" alt=\"\" class=\"wp-image-47848\" srcset=\"https:\/\/filles-de-la-charite.org\/wp-content\/uploads\/2025\/11\/IMG_7474-980x653.jpg 980w, https:\/\/filles-de-la-charite.org\/wp-content\/uploads\/2025\/11\/IMG_7474-480x320.jpg 480w\" sizes=\"(min-width: 0px) and (max-width: 480px) 480px, (min-width: 481px) and (max-width: 980px) 980px, (min-width: 981px) 1024px, 100vw\" \/><\/figure>\n\n\n\n<h2 class=\"wp-block-heading\"><strong>A Gesture of Affection and Hope<\/strong><\/h2>\n\n\n\n<p>As a gesture of affection, Sister Maria C\u00e9lia gifted Sister Fran\u00e7oise Petit with a handcrafted piece made by Sister Maria L\u00facia Rocha, 93 years old, as a symbol of gratitude and hope. The celebration concluded with a fraternal lunch, marked by joy and communion among the Sisters.<\/p>\n\n\n\n<h2 class=\"wp-block-heading\"><strong>Walking with Hope and Fidelity<\/strong><\/h2>\n\n\n\n<p>This new time is lived with faith, courage, and availability, as an expression of trust that \u201cthe charity of Christ impels us\u201d and that hope never disappoints. The Luisa de Marillac Province \u2013 Brazil was born as a sign of communion and renewal of the Vincentian mission, to continue joyfully serving God\u2019s beloved ones.<\/p>\n","protected":false},"excerpt":{"rendered":"<p>Historic Celebration at the Miraculous Medal Shrine On October 19, 2025, the Shrine of Our Lady of Graces of the Miraculous Medal in Rio de Janeiro joyfully and gratefully hosted the Eucharistic Celebration that officially marked the reconfiguration of the Provinces of Rio de Janeiro and Belo Horizonte. This historic moment gave rise to the [&hellip;]<\/p>\n","protected":false},"author":5,"featured_media":47872,"comment_status":"closed","ping_status":"closed","sticky":false,"template":"","format":"standard","meta":{"_acf_changed":false,"_et_pb_use_builder":"","_et_pb_old_content":"","_et_gb_content_width":"","footnotes":"","_links_to":"","_links_to_target":""},"categories":[850],"tags":[],"class_list":["post-47871","post","type-post","status-publish","format-standard","has-post-thumbnail","hentry","category-brazil"],"acf":[],"yoast_head":"<!-- This site is optimized with the Yoast SEO plugin v27.5 - https:\/\/yoast.com\/product\/yoast-seo-wordpress\/ -->\n<title>A New Time of Grace: the birth of the Luisa de Marillac Province \u2013 Brazil - Filles de la Charit\u00e9<\/title>\n<meta name=\"robots\" content=\"index, follow, max-snippet:-1, max-image-preview:large, max-video-preview:-1\" \/>\n<link rel=\"canonical\" href=\"https:\/\/filles-de-la-charite.org\/en\/un-nuevo-tiempo-de-gracia-nace-la-provincia-luisa-de-marillac-brasil\/\" \/>\n<meta property=\"og:locale\" content=\"en_US\" \/>\n<meta property=\"og:type\" content=\"article\" \/>\n<meta property=\"og:title\" content=\"A New Time of Grace: the birth of the Luisa de Marillac Province \u2013 Brazil - Filles de la Charit\u00e9\" \/>\n<meta property=\"og:description\" content=\"Historic Celebration at the Miraculous Medal Shrine On October 19, 2025, the Shrine of Our Lady of Graces of the Miraculous Medal in Rio de Janeiro joyfully and gratefully hosted the Eucharistic Celebration that officially marked the reconfiguration of the Provinces of Rio de Janeiro and Belo Horizonte. This historic moment gave rise to the [&hellip;]\" \/>\n<meta property=\"og:url\" content=\"https:\/\/filles-de-la-charite.org\/en\/un-nuevo-tiempo-de-gracia-nace-la-provincia-luisa-de-marillac-brasil\/\" \/>\n<meta property=\"og:site_name\" content=\"Filles de la Charit\u00e9\" \/>\n<meta property=\"article:published_time\" content=\"2025-11-13T16:38:23+00:00\" \/>\n<meta property=\"og:image\" content=\"https:\/\/filles-de-la-charite.org\/wp-content\/uploads\/2025\/11\/IMG_7275-scaled.jpg\" \/>\n\t<meta property=\"og:image:width\" content=\"2560\" \/>\n\t<meta property=\"og:image:height\" content=\"1707\" \/>\n\t<meta property=\"og:image:type\" content=\"image\/jpeg\" \/>\n<meta name=\"author\" content=\"SOR MARTA\" \/>\n<meta name=\"twitter:card\" content=\"summary_large_image\" \/>\n<meta name=\"twitter:label1\" content=\"Written by\" \/>\n\t<meta name=\"twitter:data1\" content=\"SOR MARTA\" \/>\n\t<meta name=\"twitter:label2\" content=\"Est. reading time\" \/>\n\t<meta name=\"twitter:data2\" content=\"6 minutes\" \/>\n<script type=\"application\/ld+json\" class=\"yoast-schema-graph\">{\"@context\":\"https:\\\/\\\/schema.org\",\"@graph\":[{\"@type\":\"Article\",\"@id\":\"https:\\\/\\\/filles-de-la-charite.org\\\/en\\\/un-nuevo-tiempo-de-gracia-nace-la-provincia-luisa-de-marillac-brasil\\\/#article\",\"isPartOf\":{\"@id\":\"https:\\\/\\\/filles-de-la-charite.org\\\/en\\\/un-nuevo-tiempo-de-gracia-nace-la-provincia-luisa-de-marillac-brasil\\\/\"},\"author\":{\"name\":\"SOR MARTA\",\"@id\":\"https:\\\/\\\/filles-de-la-charite.org\\\/en\\\/#\\\/schema\\\/person\\\/0c922b6ca71280639858d297b3a7209f\"},\"headline\":\"A New Time of Grace: the birth of the Luisa de Marillac Province \u2013 Brazil\",\"datePublished\":\"2025-11-13T16:38:23+00:00\",\"mainEntityOfPage\":{\"@id\":\"https:\\\/\\\/filles-de-la-charite.org\\\/en\\\/un-nuevo-tiempo-de-gracia-nace-la-provincia-luisa-de-marillac-brasil\\\/\"},\"wordCount\":920,\"publisher\":{\"@id\":\"https:\\\/\\\/filles-de-la-charite.org\\\/en\\\/#organization\"},\"image\":{\"@id\":\"https:\\\/\\\/filles-de-la-charite.org\\\/en\\\/un-nuevo-tiempo-de-gracia-nace-la-provincia-luisa-de-marillac-brasil\\\/#primaryimage\"},\"thumbnailUrl\":\"https:\\\/\\\/filles-de-la-charite.org\\\/wp-content\\\/uploads\\\/2025\\\/11\\\/IMG_7275-scaled.jpg\",\"articleSection\":[\"Brazil\"],\"inLanguage\":\"en-US\"},{\"@type\":\"WebPage\",\"@id\":\"https:\\\/\\\/filles-de-la-charite.org\\\/en\\\/un-nuevo-tiempo-de-gracia-nace-la-provincia-luisa-de-marillac-brasil\\\/\",\"url\":\"https:\\\/\\\/filles-de-la-charite.org\\\/en\\\/un-nuevo-tiempo-de-gracia-nace-la-provincia-luisa-de-marillac-brasil\\\/\",\"name\":\"A New Time of Grace: the birth of the Luisa de Marillac Province \u2013 Brazil - Filles de la Charit\u00e9\",\"isPartOf\":{\"@id\":\"https:\\\/\\\/filles-de-la-charite.org\\\/en\\\/#website\"},\"primaryImageOfPage\":{\"@id\":\"https:\\\/\\\/filles-de-la-charite.org\\\/en\\\/un-nuevo-tiempo-de-gracia-nace-la-provincia-luisa-de-marillac-brasil\\\/#primaryimage\"},\"image\":{\"@id\":\"https:\\\/\\\/filles-de-la-charite.org\\\/en\\\/un-nuevo-tiempo-de-gracia-nace-la-provincia-luisa-de-marillac-brasil\\\/#primaryimage\"},\"thumbnailUrl\":\"https:\\\/\\\/filles-de-la-charite.org\\\/wp-content\\\/uploads\\\/2025\\\/11\\\/IMG_7275-scaled.jpg\",\"datePublished\":\"2025-11-13T16:38:23+00:00\",\"breadcrumb\":{\"@id\":\"https:\\\/\\\/filles-de-la-charite.org\\\/en\\\/un-nuevo-tiempo-de-gracia-nace-la-provincia-luisa-de-marillac-brasil\\\/#breadcrumb\"},\"inLanguage\":\"en-US\",\"potentialAction\":[{\"@type\":\"ReadAction\",\"target\":[\"https:\\\/\\\/filles-de-la-charite.org\\\/en\\\/un-nuevo-tiempo-de-gracia-nace-la-provincia-luisa-de-marillac-brasil\\\/\"]}]},{\"@type\":\"ImageObject\",\"inLanguage\":\"en-US\",\"@id\":\"https:\\\/\\\/filles-de-la-charite.org\\\/en\\\/un-nuevo-tiempo-de-gracia-nace-la-provincia-luisa-de-marillac-brasil\\\/#primaryimage\",\"url\":\"https:\\\/\\\/filles-de-la-charite.org\\\/wp-content\\\/uploads\\\/2025\\\/11\\\/IMG_7275-scaled.jpg\",\"contentUrl\":\"https:\\\/\\\/filles-de-la-charite.org\\\/wp-content\\\/uploads\\\/2025\\\/11\\\/IMG_7275-scaled.jpg\",\"width\":2560,\"height\":1707},{\"@type\":\"BreadcrumbList\",\"@id\":\"https:\\\/\\\/filles-de-la-charite.org\\\/en\\\/un-nuevo-tiempo-de-gracia-nace-la-provincia-luisa-de-marillac-brasil\\\/#breadcrumb\",\"itemListElement\":[{\"@type\":\"ListItem\",\"position\":1,\"name\":\"Brazil\",\"item\":\"https:\\\/\\\/filles-de-la-charite.org\\\/en\\\/category\\\/brazil\\\/\"},{\"@type\":\"ListItem\",\"position\":2,\"name\":\"A New Time of Grace: the birth of the Luisa de Marillac Province \u2013 Brazil\"}]},{\"@type\":\"WebSite\",\"@id\":\"https:\\\/\\\/filles-de-la-charite.org\\\/en\\\/#website\",\"url\":\"https:\\\/\\\/filles-de-la-charite.org\\\/en\\\/\",\"name\":\"Hijas de la Caridad\",\"description\":\"El amor de Jes\u00fas nos urge a cuidar la vida de los m\u00e1s necesitados\",\"publisher\":{\"@id\":\"https:\\\/\\\/filles-de-la-charite.org\\\/en\\\/#organization\"},\"potentialAction\":[{\"@type\":\"SearchAction\",\"target\":{\"@type\":\"EntryPoint\",\"urlTemplate\":\"https:\\\/\\\/filles-de-la-charite.org\\\/en\\\/?s={search_term_string}\"},\"query-input\":{\"@type\":\"PropertyValueSpecification\",\"valueRequired\":true,\"valueName\":\"search_term_string\"}}],\"inLanguage\":\"en-US\"},{\"@type\":\"Organization\",\"@id\":\"https:\\\/\\\/filles-de-la-charite.org\\\/en\\\/#organization\",\"name\":\"Hijas de la Caridad\",\"url\":\"https:\\\/\\\/filles-de-la-charite.org\\\/en\\\/\",\"logo\":{\"@type\":\"ImageObject\",\"inLanguage\":\"en-US\",\"@id\":\"https:\\\/\\\/filles-de-la-charite.org\\\/en\\\/#\\\/schema\\\/logo\\\/image\\\/\",\"url\":\"https:\\\/\\\/filles-de-la-charite.org\\\/wp-content\\\/uploads\\\/2023\\\/03\\\/isotipo-Hijas-de-la-Caridad.png\",\"contentUrl\":\"https:\\\/\\\/filles-de-la-charite.org\\\/wp-content\\\/uploads\\\/2023\\\/03\\\/isotipo-Hijas-de-la-Caridad.png\",\"width\":1417,\"height\":1417,\"caption\":\"Hijas de la Caridad\"},\"image\":{\"@id\":\"https:\\\/\\\/filles-de-la-charite.org\\\/en\\\/#\\\/schema\\\/logo\\\/image\\\/\"}},{\"@type\":\"Person\",\"@id\":\"https:\\\/\\\/filles-de-la-charite.org\\\/en\\\/#\\\/schema\\\/person\\\/0c922b6ca71280639858d297b3a7209f\",\"name\":\"SOR MARTA\",\"image\":{\"@type\":\"ImageObject\",\"inLanguage\":\"en-US\",\"@id\":\"https:\\\/\\\/secure.gravatar.com\\\/avatar\\\/d2c45b0fd6bf2d3e2670ab3d112257c24ac80fa960360bba1bdc0676485d1d09?s=96&d=mm&r=g\",\"url\":\"https:\\\/\\\/secure.gravatar.com\\\/avatar\\\/d2c45b0fd6bf2d3e2670ab3d112257c24ac80fa960360bba1bdc0676485d1d09?s=96&d=mm&r=g\",\"contentUrl\":\"https:\\\/\\\/secure.gravatar.com\\\/avatar\\\/d2c45b0fd6bf2d3e2670ab3d112257c24ac80fa960360bba1bdc0676485d1d09?s=96&d=mm&r=g\",\"caption\":\"SOR MARTA\"},\"url\":\"https:\\\/\\\/filles-de-la-charite.org\\\/en\\\/author\\\/martaemn\\\/\"}]}<\/script>\n<!-- \/ Yoast SEO plugin. -->","yoast_head_json":{"title":"A New Time of Grace: the birth of the Luisa de Marillac Province \u2013 Brazil - Filles de la Charit\u00e9","robots":{"index":"index","follow":"follow","max-snippet":"max-snippet:-1","max-image-preview":"max-image-preview:large","max-video-preview":"max-video-preview:-1"},"canonical":"https:\/\/filles-de-la-charite.org\/en\/un-nuevo-tiempo-de-gracia-nace-la-provincia-luisa-de-marillac-brasil\/","og_locale":"en_US","og_type":"article","og_title":"A New Time of Grace: the birth of the Luisa de Marillac Province \u2013 Brazil - Filles de la Charit\u00e9","og_description":"Historic Celebration at the Miraculous Medal Shrine On October 19, 2025, the Shrine of Our Lady of Graces of the Miraculous Medal in Rio de Janeiro joyfully and gratefully hosted the Eucharistic Celebration that officially marked the reconfiguration of the Provinces of Rio de Janeiro and Belo Horizonte. This historic moment gave rise to the [&hellip;]","og_url":"https:\/\/filles-de-la-charite.org\/en\/un-nuevo-tiempo-de-gracia-nace-la-provincia-luisa-de-marillac-brasil\/","og_site_name":"Filles de la Charit\u00e9","article_published_time":"2025-11-13T16:38:23+00:00","og_image":[{"width":2560,"height":1707,"url":"https:\/\/filles-de-la-charite.org\/wp-content\/uploads\/2025\/11\/IMG_7275-scaled.jpg","type":"image\/jpeg"}],"author":"SOR MARTA","twitter_card":"summary_large_image","twitter_misc":{"Written by":"SOR MARTA","Est. reading time":"6 minutes"},"schema":{"@context":"https:\/\/schema.org","@graph":[{"@type":"Article","@id":"https:\/\/filles-de-la-charite.org\/en\/un-nuevo-tiempo-de-gracia-nace-la-provincia-luisa-de-marillac-brasil\/#article","isPartOf":{"@id":"https:\/\/filles-de-la-charite.org\/en\/un-nuevo-tiempo-de-gracia-nace-la-provincia-luisa-de-marillac-brasil\/"},"author":{"name":"SOR MARTA","@id":"https:\/\/filles-de-la-charite.org\/en\/#\/schema\/person\/0c922b6ca71280639858d297b3a7209f"},"headline":"A New Time of Grace: the birth of the Luisa de Marillac Province \u2013 Brazil","datePublished":"2025-11-13T16:38:23+00:00","mainEntityOfPage":{"@id":"https:\/\/filles-de-la-charite.org\/en\/un-nuevo-tiempo-de-gracia-nace-la-provincia-luisa-de-marillac-brasil\/"},"wordCount":920,"publisher":{"@id":"https:\/\/filles-de-la-charite.org\/en\/#organization"},"image":{"@id":"https:\/\/filles-de-la-charite.org\/en\/un-nuevo-tiempo-de-gracia-nace-la-provincia-luisa-de-marillac-brasil\/#primaryimage"},"thumbnailUrl":"https:\/\/filles-de-la-charite.org\/wp-content\/uploads\/2025\/11\/IMG_7275-scaled.jpg","articleSection":["Brazil"],"inLanguage":"en-US"},{"@type":"WebPage","@id":"https:\/\/filles-de-la-charite.org\/en\/un-nuevo-tiempo-de-gracia-nace-la-provincia-luisa-de-marillac-brasil\/","url":"https:\/\/filles-de-la-charite.org\/en\/un-nuevo-tiempo-de-gracia-nace-la-provincia-luisa-de-marillac-brasil\/","name":"A New Time of Grace: the birth of the Luisa de Marillac Province \u2013 Brazil - Filles de la Charit\u00e9","isPartOf":{"@id":"https:\/\/filles-de-la-charite.org\/en\/#website"},"primaryImageOfPage":{"@id":"https:\/\/filles-de-la-charite.org\/en\/un-nuevo-tiempo-de-gracia-nace-la-provincia-luisa-de-marillac-brasil\/#primaryimage"},"image":{"@id":"https:\/\/filles-de-la-charite.org\/en\/un-nuevo-tiempo-de-gracia-nace-la-provincia-luisa-de-marillac-brasil\/#primaryimage"},"thumbnailUrl":"https:\/\/filles-de-la-charite.org\/wp-content\/uploads\/2025\/11\/IMG_7275-scaled.jpg","datePublished":"2025-11-13T16:38:23+00:00","breadcrumb":{"@id":"https:\/\/filles-de-la-charite.org\/en\/un-nuevo-tiempo-de-gracia-nace-la-provincia-luisa-de-marillac-brasil\/#breadcrumb"},"inLanguage":"en-US","potentialAction":[{"@type":"ReadAction","target":["https:\/\/filles-de-la-charite.org\/en\/un-nuevo-tiempo-de-gracia-nace-la-provincia-luisa-de-marillac-brasil\/"]}]},{"@type":"ImageObject","inLanguage":"en-US","@id":"https:\/\/filles-de-la-charite.org\/en\/un-nuevo-tiempo-de-gracia-nace-la-provincia-luisa-de-marillac-brasil\/#primaryimage","url":"https:\/\/filles-de-la-charite.org\/wp-content\/uploads\/2025\/11\/IMG_7275-scaled.jpg","contentUrl":"https:\/\/filles-de-la-charite.org\/wp-content\/uploads\/2025\/11\/IMG_7275-scaled.jpg","width":2560,"height":1707},{"@type":"BreadcrumbList","@id":"https:\/\/filles-de-la-charite.org\/en\/un-nuevo-tiempo-de-gracia-nace-la-provincia-luisa-de-marillac-brasil\/#breadcrumb","itemListElement":[{"@type":"ListItem","position":1,"name":"Brazil","item":"https:\/\/filles-de-la-charite.org\/en\/category\/brazil\/"},{"@type":"ListItem","position":2,"name":"A New Time of Grace: the birth of the Luisa de Marillac Province \u2013 Brazil"}]},{"@type":"WebSite","@id":"https:\/\/filles-de-la-charite.org\/en\/#website","url":"https:\/\/filles-de-la-charite.org\/en\/","name":"Hijas de la Caridad","description":"El amor de Jes\u00fas nos urge a cuidar la vida de los m\u00e1s necesitados","publisher":{"@id":"https:\/\/filles-de-la-charite.org\/en\/#organization"},"potentialAction":[{"@type":"SearchAction","target":{"@type":"EntryPoint","urlTemplate":"https:\/\/filles-de-la-charite.org\/en\/?s={search_term_string}"},"query-input":{"@type":"PropertyValueSpecification","valueRequired":true,"valueName":"search_term_string"}}],"inLanguage":"en-US"},{"@type":"Organization","@id":"https:\/\/filles-de-la-charite.org\/en\/#organization","name":"Hijas de la Caridad","url":"https:\/\/filles-de-la-charite.org\/en\/","logo":{"@type":"ImageObject","inLanguage":"en-US","@id":"https:\/\/filles-de-la-charite.org\/en\/#\/schema\/logo\/image\/","url":"https:\/\/filles-de-la-charite.org\/wp-content\/uploads\/2023\/03\/isotipo-Hijas-de-la-Caridad.png","contentUrl":"https:\/\/filles-de-la-charite.org\/wp-content\/uploads\/2023\/03\/isotipo-Hijas-de-la-Caridad.png","width":1417,"height":1417,"caption":"Hijas de la Caridad"},"image":{"@id":"https:\/\/filles-de-la-charite.org\/en\/#\/schema\/logo\/image\/"}},{"@type":"Person","@id":"https:\/\/filles-de-la-charite.org\/en\/#\/schema\/person\/0c922b6ca71280639858d297b3a7209f","name":"SOR MARTA","image":{"@type":"ImageObject","inLanguage":"en-US","@id":"https:\/\/secure.gravatar.com\/avatar\/d2c45b0fd6bf2d3e2670ab3d112257c24ac80fa960360bba1bdc0676485d1d09?s=96&d=mm&r=g","url":"https:\/\/secure.gravatar.com\/avatar\/d2c45b0fd6bf2d3e2670ab3d112257c24ac80fa960360bba1bdc0676485d1d09?s=96&d=mm&r=g","contentUrl":"https:\/\/secure.gravatar.com\/avatar\/d2c45b0fd6bf2d3e2670ab3d112257c24ac80fa960360bba1bdc0676485d1d09?s=96&d=mm&r=g","caption":"SOR MARTA"},"url":"https:\/\/filles-de-la-charite.org\/en\/author\/martaemn\/"}]}},"_links":{"self":[{"href":"https:\/\/filles-de-la-charite.org\/en\/wp-json\/wp\/v2\/posts\/47871","targetHints":{"allow":["GET"]}}],"collection":[{"href":"https:\/\/filles-de-la-charite.org\/en\/wp-json\/wp\/v2\/posts"}],"about":[{"href":"https:\/\/filles-de-la-charite.org\/en\/wp-json\/wp\/v2\/types\/post"}],"author":[{"embeddable":true,"href":"https:\/\/filles-de-la-charite.org\/en\/wp-json\/wp\/v2\/users\/5"}],"replies":[{"embeddable":true,"href":"https:\/\/filles-de-la-charite.org\/en\/wp-json\/wp\/v2\/comments?post=47871"}],"version-history":[{"count":1,"href":"https:\/\/filles-de-la-charite.org\/en\/wp-json\/wp\/v2\/posts\/47871\/revisions"}],"predecessor-version":[{"id":47883,"href":"https:\/\/filles-de-la-charite.org\/en\/wp-json\/wp\/v2\/posts\/47871\/revisions\/47883"}],"wp:featuredmedia":[{"embeddable":true,"href":"https:\/\/filles-de-la-charite.org\/en\/wp-json\/wp\/v2\/media\/47872"}],"wp:attachment":[{"href":"https:\/\/filles-de-la-charite.org\/en\/wp-json\/wp\/v2\/media?parent=47871"}],"wp:term":[{"taxonomy":"category","embeddable":true,"href":"https:\/\/filles-de-la-charite.org\/en\/wp-json\/wp\/v2\/categories?post=47871"},{"taxonomy":"post_tag","embeddable":true,"href":"https:\/\/filles-de-la-charite.org\/en\/wp-json\/wp\/v2\/tags?post=47871"}],"curies":[{"name":"wp","href":"https:\/\/api.w.org\/{rel}","templated":true}]}}