{"id":48344,"date":"2026-01-04T12:11:30","date_gmt":"2026-01-04T11:11:30","guid":{"rendered":"https:\/\/filles-de-la-charite.org\/?p=48344"},"modified":"2026-01-04T10:48:54","modified_gmt":"2026-01-04T09:48:54","slug":"encuentro-europeo-de-taize-en-paris","status":"publish","type":"post","link":"https:\/\/filles-de-la-charite.org\/en\/encuentro-europeo-de-taize-en-paris\/","title":{"rendered":"Taiz\u00e9 European Meeting in Paris"},"content":{"rendered":"\n<p>From Sunday 28 December 2025 to Thursday 1 January 2026, the 48th Taiz\u00e9 European Meeting was held in Paris and the \u00cele-de-France region, on the theme &#8220;What are you looking for? For the occasion, 15,000 young people from different countries travelled to various locations in the Paris region to experience moments of prayer and fellowship.<\/p>\n\n\n\n<p>During these days, the young people were welcomed into families or parishes. They received many messages of support, beginning with Pope Leo XIV, who encouraged them to deepen their faith by discerning more and more how to live the Gospel in the concrete realities of their lives. For his part, Brother Matthew, prior of Taiz\u00e9, invited the young people to seek silence, direction, joy, meaning, a more just world, community and peace.<\/p>\n\n\n\n<p>The Mother House of the Daughters of Charity also participated in this event by welcoming more than 90 young people from Italy, Spain and Poland, accompanied by Sisters from their respective countries. They were offered \u2018Vincentian moments\u2019: a meeting and exchange with Sister Fran\u00e7oise Petit, Superioress General, a prayer vigil at the Chapel of Our Lady of the Miraculous Medal, a visit to the Archives and Vincentian sites, time for sharing in groups, etc.<\/p>\n\n\n\n<p>The meeting was marked by the joy and enthusiasm of the young people, as well as their seriousness in their search for truth, meaning in life, and faith.<\/p>\n\n\n\n<div class=\"wp-block-responsive-lightbox-gallery\"><div class=\"et_pb_slider et_pb_slider_fullwidth_off et_pb_gallery_post_type\">\n\t\t\t\t<div class=\"et_pb_slides\">\n\t\t\t\t\t<div class=\"et_pb_slide\" style=\"background: url(https:\/\/filles-de-la-charite.org\/wp-content\/uploads\/2026\/01\/WhatsApp-Image-2026-01-02-at-21.11.21-1.jpeg);\"><\/div><div class=\"et_pb_slide\" style=\"background: url(https:\/\/filles-de-la-charite.org\/wp-content\/uploads\/2026\/01\/WhatsApp-Image-2026-01-02-at-22.06.59-1.jpeg);\"><\/div><div class=\"et_pb_slide\" style=\"background: url(https:\/\/filles-de-la-charite.org\/wp-content\/uploads\/2026\/01\/WhatsApp-Image-2026-01-02-at-22.06.59-2.jpeg);\"><\/div><div class=\"et_pb_slide\" style=\"background: url(https:\/\/filles-de-la-charite.org\/wp-content\/uploads\/2026\/01\/WhatsApp-Image-2026-01-02-at-22.06.59-3.jpeg);\"><\/div><div class=\"et_pb_slide\" style=\"background: url(https:\/\/filles-de-la-charite.org\/wp-content\/uploads\/2026\/01\/WhatsApp-Image-2026-01-02-at-22.06.59.jpeg);\"><\/div><div class=\"et_pb_slide\" style=\"background: url(https:\/\/filles-de-la-charite.org\/wp-content\/uploads\/2026\/01\/WhatsApp-Image-2026-01-02-at-22.07.00-1.jpeg);\"><\/div><div class=\"et_pb_slide\" style=\"background: url(https:\/\/filles-de-la-charite.org\/wp-content\/uploads\/2026\/01\/WhatsApp-Image-2026-01-02-at-22.07.00.jpeg);\"><\/div><div class=\"et_pb_slide\" style=\"background: url(https:\/\/filles-de-la-charite.org\/wp-content\/uploads\/2026\/01\/WhatsApp-Image-2025-12-30-at-23.45.54.jpeg);\"><\/div><div class=\"et_pb_slide\" style=\"background: url(https:\/\/filles-de-la-charite.org\/wp-content\/uploads\/2026\/01\/WhatsApp-Image-2025-12-30-at-23.41.28-1.jpeg);\"><\/div><div class=\"et_pb_slide\" style=\"background: url(https:\/\/filles-de-la-charite.org\/wp-content\/uploads\/2026\/01\/WhatsApp-Image-2025-12-30-at-23.42.52.jpeg);\"><\/div><div class=\"et_pb_slide\" style=\"background: url(https:\/\/filles-de-la-charite.org\/wp-content\/uploads\/2026\/01\/WhatsApp-Image-2025-12-30-at-23.41.28.jpeg);\"><\/div><div class=\"et_pb_slide\" style=\"background: url(https:\/\/filles-de-la-charite.org\/wp-content\/uploads\/2026\/01\/WhatsApp-Image-2026-01-05-at-10.37.46-2.jpeg);\"><\/div><div class=\"et_pb_slide\" style=\"background: url(https:\/\/filles-de-la-charite.org\/wp-content\/uploads\/2026\/01\/WhatsApp-Image-2026-01-05-at-10.37.46-3.jpeg);\"><\/div><div class=\"et_pb_slide\" style=\"background: url(https:\/\/filles-de-la-charite.org\/wp-content\/uploads\/2026\/01\/WhatsApp-Image-2026-01-05-at-10.37.46.jpeg);\"><\/div><div class=\"et_pb_slide\" style=\"background: url(https:\/\/filles-de-la-charite.org\/wp-content\/uploads\/2026\/01\/WhatsApp-Image-2026-01-02-at-22.01.54.jpeg);\"><\/div><div class=\"et_pb_slide\" style=\"background: url(https:\/\/filles-de-la-charite.org\/wp-content\/uploads\/2026\/01\/WhatsApp-Image-2026-01-02-at-22.01.54-3.jpeg);\"><\/div><div class=\"et_pb_slide\" style=\"background: url(https:\/\/filles-de-la-charite.org\/wp-content\/uploads\/2026\/01\/WhatsApp-Image-2026-01-02-at-21.11.21.jpeg);\"><\/div><div class=\"et_pb_slide\" style=\"background: url(https:\/\/filles-de-la-charite.org\/wp-content\/uploads\/2026\/01\/WhatsApp-Image-2026-01-02-at-21.11.22-2.jpeg);\"><\/div><div class=\"et_pb_slide\" style=\"background: url(https:\/\/filles-de-la-charite.org\/wp-content\/uploads\/2026\/01\/WhatsApp-Image-2026-01-02-at-21.18.04-1.jpeg);\"><\/div><div class=\"et_pb_slide\" style=\"background: url(https:\/\/filles-de-la-charite.org\/wp-content\/uploads\/2026\/01\/WhatsApp-Image-2026-01-02-at-21.18.04-2.jpeg);\"><\/div><div class=\"et_pb_slide\" style=\"background: url(https:\/\/filles-de-la-charite.org\/wp-content\/uploads\/2026\/01\/WhatsApp-Image-2026-01-02-at-21.18.04-3.jpeg);\"><\/div><div class=\"et_pb_slide\" style=\"background: url(https:\/\/filles-de-la-charite.org\/wp-content\/uploads\/2026\/01\/WhatsApp-Image-2026-01-02-at-21.18.04-4.jpeg);\"><\/div><div class=\"et_pb_slide\" style=\"background: url(https:\/\/filles-de-la-charite.org\/wp-content\/uploads\/2026\/01\/WhatsApp-Image-2026-01-02-at-21.18.04.jpeg);\"><\/div><div class=\"et_pb_slide\" style=\"background: url(https:\/\/filles-de-la-charite.org\/wp-content\/uploads\/2026\/01\/WhatsApp-Image-2026-01-02-at-21.18.05.jpeg);\"><\/div><div class=\"et_pb_slide\" style=\"background: url(https:\/\/filles-de-la-charite.org\/wp-content\/uploads\/2026\/01\/WhatsApp-Image-2026-01-02-at-22.01.53-1.jpeg);\"><\/div><div class=\"et_pb_slide\" style=\"background: url(https:\/\/filles-de-la-charite.org\/wp-content\/uploads\/2026\/01\/WhatsApp-Image-2026-01-02-at-22.01.53-3.jpeg);\"><\/div><div class=\"et_pb_slide\" style=\"background: url(https:\/\/filles-de-la-charite.org\/wp-content\/uploads\/2026\/01\/WhatsApp-Image-2026-01-02-at-22.01.53.jpeg);\"><\/div><div class=\"et_pb_slide\" style=\"background: url(https:\/\/filles-de-la-charite.org\/wp-content\/uploads\/2026\/01\/WhatsApp-Image-2026-01-02-at-22.01.54-1.jpeg);\"><\/div><div class=\"et_pb_slide\" style=\"background: url(https:\/\/filles-de-la-charite.org\/wp-content\/uploads\/2026\/01\/WhatsApp-Image-2026-01-02-at-22.01.54-2.jpeg);\"><\/div><div class=\"et_pb_slide\" style=\"background: url(https:\/\/filles-de-la-charite.org\/wp-content\/uploads\/2026\/01\/WhatsApp-Image-2025-12-28-at-22.46.21.jpeg);\"><\/div>\n\t\t\t\t<\/div>\n\t\t\t<\/div><\/div>\n","protected":false},"excerpt":{"rendered":"<p>From Sunday 28 December 2025 to Thursday 1 January 2026, the 48th Taiz\u00e9 European Meeting was held in Paris and the \u00cele-de-France region, on the theme &#8220;What are you looking for? For the occasion, 15,000 young people from different countries travelled to various locations in the Paris region to experience moments of prayer and fellowship. [&hellip;]<\/p>\n","protected":false},"author":5,"featured_media":48345,"comment_status":"closed","ping_status":"closed","sticky":false,"template":"","format":"standard","meta":{"_acf_changed":false,"_et_pb_use_builder":"","_et_pb_old_content":"","_et_gb_content_width":"","footnotes":"","_links_to":"","_links_to_target":""},"categories":[842,559],"tags":[],"class_list":["post-48344","post","type-post","status-publish","format-standard","has-post-thumbnail","hentry","category-international","category-mother-house"],"acf":[],"yoast_head":"<!-- This site is optimized with the Yoast SEO plugin v27.5 - https:\/\/yoast.com\/product\/yoast-seo-wordpress\/ -->\n<title>Taiz\u00e9 European Meeting in Paris - Filles de la Charit\u00e9<\/title>\n<meta name=\"robots\" content=\"index, follow, max-snippet:-1, max-image-preview:large, max-video-preview:-1\" \/>\n<link rel=\"canonical\" href=\"https:\/\/filles-de-la-charite.org\/en\/encuentro-europeo-de-taize-en-paris\/\" \/>\n<meta property=\"og:locale\" content=\"en_US\" \/>\n<meta property=\"og:type\" content=\"article\" \/>\n<meta property=\"og:title\" content=\"Taiz\u00e9 European Meeting in Paris - Filles de la Charit\u00e9\" \/>\n<meta property=\"og:description\" content=\"From Sunday 28 December 2025 to Thursday 1 January 2026, the 48th Taiz\u00e9 European Meeting was held in Paris and the \u00cele-de-France region, on the theme &#8220;What are you looking for? For the occasion, 15,000 young people from different countries travelled to various locations in the Paris region to experience moments of prayer and fellowship. [&hellip;]\" \/>\n<meta property=\"og:url\" content=\"https:\/\/filles-de-la-charite.org\/en\/encuentro-europeo-de-taize-en-paris\/\" \/>\n<meta property=\"og:site_name\" content=\"Filles de la Charit\u00e9\" \/>\n<meta property=\"article:published_time\" content=\"2026-01-04T11:11:30+00:00\" \/>\n<meta property=\"og:image\" content=\"https:\/\/filles-de-la-charite.org\/wp-content\/uploads\/2026\/01\/WhatsApp-Image-2025-12-30-at-23.41.28.jpeg\" \/>\n\t<meta property=\"og:image:width\" content=\"1600\" \/>\n\t<meta property=\"og:image:height\" content=\"1200\" \/>\n\t<meta property=\"og:image:type\" content=\"image\/jpeg\" \/>\n<meta name=\"author\" content=\"SOR MARTA\" \/>\n<meta name=\"twitter:card\" content=\"summary_large_image\" \/>\n<meta name=\"twitter:label1\" content=\"Written by\" \/>\n\t<meta name=\"twitter:data1\" content=\"SOR MARTA\" \/>\n\t<meta name=\"twitter:label2\" content=\"Est. reading time\" \/>\n\t<meta name=\"twitter:data2\" content=\"2 minutes\" \/>\n<script type=\"application\/ld+json\" class=\"yoast-schema-graph\">{\"@context\":\"https:\\\/\\\/schema.org\",\"@graph\":[{\"@type\":\"Article\",\"@id\":\"https:\\\/\\\/filles-de-la-charite.org\\\/en\\\/encuentro-europeo-de-taize-en-paris\\\/#article\",\"isPartOf\":{\"@id\":\"https:\\\/\\\/filles-de-la-charite.org\\\/en\\\/encuentro-europeo-de-taize-en-paris\\\/\"},\"author\":{\"name\":\"SOR MARTA\",\"@id\":\"https:\\\/\\\/filles-de-la-charite.org\\\/en\\\/#\\\/schema\\\/person\\\/0c922b6ca71280639858d297b3a7209f\"},\"headline\":\"Taiz\u00e9 European Meeting in Paris\",\"datePublished\":\"2026-01-04T11:11:30+00:00\",\"mainEntityOfPage\":{\"@id\":\"https:\\\/\\\/filles-de-la-charite.org\\\/en\\\/encuentro-europeo-de-taize-en-paris\\\/\"},\"wordCount\":232,\"publisher\":{\"@id\":\"https:\\\/\\\/filles-de-la-charite.org\\\/en\\\/#organization\"},\"image\":{\"@id\":\"https:\\\/\\\/filles-de-la-charite.org\\\/en\\\/encuentro-europeo-de-taize-en-paris\\\/#primaryimage\"},\"thumbnailUrl\":\"https:\\\/\\\/filles-de-la-charite.org\\\/wp-content\\\/uploads\\\/2026\\\/01\\\/WhatsApp-Image-2025-12-30-at-23.41.28.jpeg\",\"articleSection\":[\"International\",\"Motherhouse\"],\"inLanguage\":\"en-US\"},{\"@type\":\"WebPage\",\"@id\":\"https:\\\/\\\/filles-de-la-charite.org\\\/en\\\/encuentro-europeo-de-taize-en-paris\\\/\",\"url\":\"https:\\\/\\\/filles-de-la-charite.org\\\/en\\\/encuentro-europeo-de-taize-en-paris\\\/\",\"name\":\"Taiz\u00e9 European Meeting in Paris - Filles de la Charit\u00e9\",\"isPartOf\":{\"@id\":\"https:\\\/\\\/filles-de-la-charite.org\\\/en\\\/#website\"},\"primaryImageOfPage\":{\"@id\":\"https:\\\/\\\/filles-de-la-charite.org\\\/en\\\/encuentro-europeo-de-taize-en-paris\\\/#primaryimage\"},\"image\":{\"@id\":\"https:\\\/\\\/filles-de-la-charite.org\\\/en\\\/encuentro-europeo-de-taize-en-paris\\\/#primaryimage\"},\"thumbnailUrl\":\"https:\\\/\\\/filles-de-la-charite.org\\\/wp-content\\\/uploads\\\/2026\\\/01\\\/WhatsApp-Image-2025-12-30-at-23.41.28.jpeg\",\"datePublished\":\"2026-01-04T11:11:30+00:00\",\"breadcrumb\":{\"@id\":\"https:\\\/\\\/filles-de-la-charite.org\\\/en\\\/encuentro-europeo-de-taize-en-paris\\\/#breadcrumb\"},\"inLanguage\":\"en-US\",\"potentialAction\":[{\"@type\":\"ReadAction\",\"target\":[\"https:\\\/\\\/filles-de-la-charite.org\\\/en\\\/encuentro-europeo-de-taize-en-paris\\\/\"]}]},{\"@type\":\"ImageObject\",\"inLanguage\":\"en-US\",\"@id\":\"https:\\\/\\\/filles-de-la-charite.org\\\/en\\\/encuentro-europeo-de-taize-en-paris\\\/#primaryimage\",\"url\":\"https:\\\/\\\/filles-de-la-charite.org\\\/wp-content\\\/uploads\\\/2026\\\/01\\\/WhatsApp-Image-2025-12-30-at-23.41.28.jpeg\",\"contentUrl\":\"https:\\\/\\\/filles-de-la-charite.org\\\/wp-content\\\/uploads\\\/2026\\\/01\\\/WhatsApp-Image-2025-12-30-at-23.41.28.jpeg\",\"width\":1600,\"height\":1200},{\"@type\":\"BreadcrumbList\",\"@id\":\"https:\\\/\\\/filles-de-la-charite.org\\\/en\\\/encuentro-europeo-de-taize-en-paris\\\/#breadcrumb\",\"itemListElement\":[{\"@type\":\"ListItem\",\"position\":1,\"name\":\"International\",\"item\":\"https:\\\/\\\/filles-de-la-charite.org\\\/en\\\/category\\\/international\\\/\"},{\"@type\":\"ListItem\",\"position\":2,\"name\":\"Taiz\u00e9 European Meeting in Paris\"}]},{\"@type\":\"WebSite\",\"@id\":\"https:\\\/\\\/filles-de-la-charite.org\\\/en\\\/#website\",\"url\":\"https:\\\/\\\/filles-de-la-charite.org\\\/en\\\/\",\"name\":\"Hijas de la Caridad\",\"description\":\"El amor de Jes\u00fas nos urge a cuidar la vida de los m\u00e1s necesitados\",\"publisher\":{\"@id\":\"https:\\\/\\\/filles-de-la-charite.org\\\/en\\\/#organization\"},\"potentialAction\":[{\"@type\":\"SearchAction\",\"target\":{\"@type\":\"EntryPoint\",\"urlTemplate\":\"https:\\\/\\\/filles-de-la-charite.org\\\/en\\\/?s={search_term_string}\"},\"query-input\":{\"@type\":\"PropertyValueSpecification\",\"valueRequired\":true,\"valueName\":\"search_term_string\"}}],\"inLanguage\":\"en-US\"},{\"@type\":\"Organization\",\"@id\":\"https:\\\/\\\/filles-de-la-charite.org\\\/en\\\/#organization\",\"name\":\"Hijas de la Caridad\",\"url\":\"https:\\\/\\\/filles-de-la-charite.org\\\/en\\\/\",\"logo\":{\"@type\":\"ImageObject\",\"inLanguage\":\"en-US\",\"@id\":\"https:\\\/\\\/filles-de-la-charite.org\\\/en\\\/#\\\/schema\\\/logo\\\/image\\\/\",\"url\":\"https:\\\/\\\/filles-de-la-charite.org\\\/wp-content\\\/uploads\\\/2023\\\/03\\\/isotipo-Hijas-de-la-Caridad.png\",\"contentUrl\":\"https:\\\/\\\/filles-de-la-charite.org\\\/wp-content\\\/uploads\\\/2023\\\/03\\\/isotipo-Hijas-de-la-Caridad.png\",\"width\":1417,\"height\":1417,\"caption\":\"Hijas de la Caridad\"},\"image\":{\"@id\":\"https:\\\/\\\/filles-de-la-charite.org\\\/en\\\/#\\\/schema\\\/logo\\\/image\\\/\"}},{\"@type\":\"Person\",\"@id\":\"https:\\\/\\\/filles-de-la-charite.org\\\/en\\\/#\\\/schema\\\/person\\\/0c922b6ca71280639858d297b3a7209f\",\"name\":\"SOR MARTA\",\"image\":{\"@type\":\"ImageObject\",\"inLanguage\":\"en-US\",\"@id\":\"https:\\\/\\\/secure.gravatar.com\\\/avatar\\\/d2c45b0fd6bf2d3e2670ab3d112257c24ac80fa960360bba1bdc0676485d1d09?s=96&d=mm&r=g\",\"url\":\"https:\\\/\\\/secure.gravatar.com\\\/avatar\\\/d2c45b0fd6bf2d3e2670ab3d112257c24ac80fa960360bba1bdc0676485d1d09?s=96&d=mm&r=g\",\"contentUrl\":\"https:\\\/\\\/secure.gravatar.com\\\/avatar\\\/d2c45b0fd6bf2d3e2670ab3d112257c24ac80fa960360bba1bdc0676485d1d09?s=96&d=mm&r=g\",\"caption\":\"SOR MARTA\"},\"url\":\"https:\\\/\\\/filles-de-la-charite.org\\\/en\\\/author\\\/martaemn\\\/\"}]}<\/script>\n<!-- \/ Yoast SEO plugin. -->","yoast_head_json":{"title":"Taiz\u00e9 European Meeting in Paris - Filles de la Charit\u00e9","robots":{"index":"index","follow":"follow","max-snippet":"max-snippet:-1","max-image-preview":"max-image-preview:large","max-video-preview":"max-video-preview:-1"},"canonical":"https:\/\/filles-de-la-charite.org\/en\/encuentro-europeo-de-taize-en-paris\/","og_locale":"en_US","og_type":"article","og_title":"Taiz\u00e9 European Meeting in Paris - Filles de la Charit\u00e9","og_description":"From Sunday 28 December 2025 to Thursday 1 January 2026, the 48th Taiz\u00e9 European Meeting was held in Paris and the \u00cele-de-France region, on the theme &#8220;What are you looking for? For the occasion, 15,000 young people from different countries travelled to various locations in the Paris region to experience moments of prayer and fellowship. [&hellip;]","og_url":"https:\/\/filles-de-la-charite.org\/en\/encuentro-europeo-de-taize-en-paris\/","og_site_name":"Filles de la Charit\u00e9","article_published_time":"2026-01-04T11:11:30+00:00","og_image":[{"width":1600,"height":1200,"url":"https:\/\/filles-de-la-charite.org\/wp-content\/uploads\/2026\/01\/WhatsApp-Image-2025-12-30-at-23.41.28.jpeg","type":"image\/jpeg"}],"author":"SOR MARTA","twitter_card":"summary_large_image","twitter_misc":{"Written by":"SOR MARTA","Est. reading time":"2 minutes"},"schema":{"@context":"https:\/\/schema.org","@graph":[{"@type":"Article","@id":"https:\/\/filles-de-la-charite.org\/en\/encuentro-europeo-de-taize-en-paris\/#article","isPartOf":{"@id":"https:\/\/filles-de-la-charite.org\/en\/encuentro-europeo-de-taize-en-paris\/"},"author":{"name":"SOR MARTA","@id":"https:\/\/filles-de-la-charite.org\/en\/#\/schema\/person\/0c922b6ca71280639858d297b3a7209f"},"headline":"Taiz\u00e9 European Meeting in Paris","datePublished":"2026-01-04T11:11:30+00:00","mainEntityOfPage":{"@id":"https:\/\/filles-de-la-charite.org\/en\/encuentro-europeo-de-taize-en-paris\/"},"wordCount":232,"publisher":{"@id":"https:\/\/filles-de-la-charite.org\/en\/#organization"},"image":{"@id":"https:\/\/filles-de-la-charite.org\/en\/encuentro-europeo-de-taize-en-paris\/#primaryimage"},"thumbnailUrl":"https:\/\/filles-de-la-charite.org\/wp-content\/uploads\/2026\/01\/WhatsApp-Image-2025-12-30-at-23.41.28.jpeg","articleSection":["International","Motherhouse"],"inLanguage":"en-US"},{"@type":"WebPage","@id":"https:\/\/filles-de-la-charite.org\/en\/encuentro-europeo-de-taize-en-paris\/","url":"https:\/\/filles-de-la-charite.org\/en\/encuentro-europeo-de-taize-en-paris\/","name":"Taiz\u00e9 European Meeting in Paris - Filles de la Charit\u00e9","isPartOf":{"@id":"https:\/\/filles-de-la-charite.org\/en\/#website"},"primaryImageOfPage":{"@id":"https:\/\/filles-de-la-charite.org\/en\/encuentro-europeo-de-taize-en-paris\/#primaryimage"},"image":{"@id":"https:\/\/filles-de-la-charite.org\/en\/encuentro-europeo-de-taize-en-paris\/#primaryimage"},"thumbnailUrl":"https:\/\/filles-de-la-charite.org\/wp-content\/uploads\/2026\/01\/WhatsApp-Image-2025-12-30-at-23.41.28.jpeg","datePublished":"2026-01-04T11:11:30+00:00","breadcrumb":{"@id":"https:\/\/filles-de-la-charite.org\/en\/encuentro-europeo-de-taize-en-paris\/#breadcrumb"},"inLanguage":"en-US","potentialAction":[{"@type":"ReadAction","target":["https:\/\/filles-de-la-charite.org\/en\/encuentro-europeo-de-taize-en-paris\/"]}]},{"@type":"ImageObject","inLanguage":"en-US","@id":"https:\/\/filles-de-la-charite.org\/en\/encuentro-europeo-de-taize-en-paris\/#primaryimage","url":"https:\/\/filles-de-la-charite.org\/wp-content\/uploads\/2026\/01\/WhatsApp-Image-2025-12-30-at-23.41.28.jpeg","contentUrl":"https:\/\/filles-de-la-charite.org\/wp-content\/uploads\/2026\/01\/WhatsApp-Image-2025-12-30-at-23.41.28.jpeg","width":1600,"height":1200},{"@type":"BreadcrumbList","@id":"https:\/\/filles-de-la-charite.org\/en\/encuentro-europeo-de-taize-en-paris\/#breadcrumb","itemListElement":[{"@type":"ListItem","position":1,"name":"International","item":"https:\/\/filles-de-la-charite.org\/en\/category\/international\/"},{"@type":"ListItem","position":2,"name":"Taiz\u00e9 European Meeting in Paris"}]},{"@type":"WebSite","@id":"https:\/\/filles-de-la-charite.org\/en\/#website","url":"https:\/\/filles-de-la-charite.org\/en\/","name":"Hijas de la Caridad","description":"El amor de Jes\u00fas nos urge a cuidar la vida de los m\u00e1s necesitados","publisher":{"@id":"https:\/\/filles-de-la-charite.org\/en\/#organization"},"potentialAction":[{"@type":"SearchAction","target":{"@type":"EntryPoint","urlTemplate":"https:\/\/filles-de-la-charite.org\/en\/?s={search_term_string}"},"query-input":{"@type":"PropertyValueSpecification","valueRequired":true,"valueName":"search_term_string"}}],"inLanguage":"en-US"},{"@type":"Organization","@id":"https:\/\/filles-de-la-charite.org\/en\/#organization","name":"Hijas de la Caridad","url":"https:\/\/filles-de-la-charite.org\/en\/","logo":{"@type":"ImageObject","inLanguage":"en-US","@id":"https:\/\/filles-de-la-charite.org\/en\/#\/schema\/logo\/image\/","url":"https:\/\/filles-de-la-charite.org\/wp-content\/uploads\/2023\/03\/isotipo-Hijas-de-la-Caridad.png","contentUrl":"https:\/\/filles-de-la-charite.org\/wp-content\/uploads\/2023\/03\/isotipo-Hijas-de-la-Caridad.png","width":1417,"height":1417,"caption":"Hijas de la Caridad"},"image":{"@id":"https:\/\/filles-de-la-charite.org\/en\/#\/schema\/logo\/image\/"}},{"@type":"Person","@id":"https:\/\/filles-de-la-charite.org\/en\/#\/schema\/person\/0c922b6ca71280639858d297b3a7209f","name":"SOR MARTA","image":{"@type":"ImageObject","inLanguage":"en-US","@id":"https:\/\/secure.gravatar.com\/avatar\/d2c45b0fd6bf2d3e2670ab3d112257c24ac80fa960360bba1bdc0676485d1d09?s=96&d=mm&r=g","url":"https:\/\/secure.gravatar.com\/avatar\/d2c45b0fd6bf2d3e2670ab3d112257c24ac80fa960360bba1bdc0676485d1d09?s=96&d=mm&r=g","contentUrl":"https:\/\/secure.gravatar.com\/avatar\/d2c45b0fd6bf2d3e2670ab3d112257c24ac80fa960360bba1bdc0676485d1d09?s=96&d=mm&r=g","caption":"SOR MARTA"},"url":"https:\/\/filles-de-la-charite.org\/en\/author\/martaemn\/"}]}},"_links":{"self":[{"href":"https:\/\/filles-de-la-charite.org\/en\/wp-json\/wp\/v2\/posts\/48344","targetHints":{"allow":["GET"]}}],"collection":[{"href":"https:\/\/filles-de-la-charite.org\/en\/wp-json\/wp\/v2\/posts"}],"about":[{"href":"https:\/\/filles-de-la-charite.org\/en\/wp-json\/wp\/v2\/types\/post"}],"author":[{"embeddable":true,"href":"https:\/\/filles-de-la-charite.org\/en\/wp-json\/wp\/v2\/users\/5"}],"replies":[{"embeddable":true,"href":"https:\/\/filles-de-la-charite.org\/en\/wp-json\/wp\/v2\/comments?post=48344"}],"version-history":[{"count":1,"href":"https:\/\/filles-de-la-charite.org\/en\/wp-json\/wp\/v2\/posts\/48344\/revisions"}],"predecessor-version":[{"id":48350,"href":"https:\/\/filles-de-la-charite.org\/en\/wp-json\/wp\/v2\/posts\/48344\/revisions\/48350"}],"wp:featuredmedia":[{"embeddable":true,"href":"https:\/\/filles-de-la-charite.org\/en\/wp-json\/wp\/v2\/media\/48345"}],"wp:attachment":[{"href":"https:\/\/filles-de-la-charite.org\/en\/wp-json\/wp\/v2\/media?parent=48344"}],"wp:term":[{"taxonomy":"category","embeddable":true,"href":"https:\/\/filles-de-la-charite.org\/en\/wp-json\/wp\/v2\/categories?post=48344"},{"taxonomy":"post_tag","embeddable":true,"href":"https:\/\/filles-de-la-charite.org\/en\/wp-json\/wp\/v2\/tags?post=48344"}],"curies":[{"name":"wp","href":"https:\/\/api.w.org\/{rel}","templated":true}]}}