{"id":49253,"date":"2026-03-26T22:42:00","date_gmt":"2026-03-26T21:42:00","guid":{"rendered":"https:\/\/filles-de-la-charite.org\/?p=49253"},"modified":"2026-03-26T22:47:14","modified_gmt":"2026-03-26T21:47:14","slug":"message-of-father-tomaz-mavric-to-the-daughters-of-charity","status":"publish","type":"post","link":"https:\/\/filles-de-la-charite.org\/en\/message-of-father-tomaz-mavric-to-the-daughters-of-charity\/","title":{"rendered":"Message of Father Toma\u017e Mavri\u010d to the Daughters of Charity"},"content":{"rendered":"\n<p>Every year on March 25, the Feast of the Annunciation, the Daughters of Charity throughout the world renew their vows of chastity, poverty, obedience, and service to the poor. On this occasion, Father Toma\u017e Mavri\u010d, Superior General, visited their Mother House in Paris and celebrated the Eucharist at the Chapel of Our Lady of the Miraculous Medal, where the Sisters renewed their commitment.<\/p>\n\n\n\n<figure class=\"wp-block-embed is-type-video is-provider-youtube wp-block-embed-youtube wp-embed-aspect-4-3 wp-has-aspect-ratio\"><div class=\"wp-block-embed__wrapper\">\n<iframe loading=\"lazy\" title=\"EN_Message of Father Toma\u017e Mavri\u010d to the Daughters of Charity\" width=\"1080\" height=\"608\" src=\"https:\/\/www.youtube.com\/embed\/xZrfhfe3DvY?feature=oembed\"  allow=\"accelerometer; autoplay; clipboard-write; encrypted-media; gyroscope; picture-in-picture; web-share\" referrerpolicy=\"strict-origin-when-cross-origin\" allowfullscreen><\/iframe>\n<\/div><\/figure>\n","protected":false},"excerpt":{"rendered":"<p>Every year on March 25, the Feast of the Annunciation, the Daughters of Charity throughout the world renew their vows of chastity, poverty, obedience, and service to the poor. On this occasion, Father Toma\u017e Mavri\u010d, Superior General, visited their Mother House in Paris and celebrated the Eucharist at the Chapel of Our Lady of the [&hellip;]<\/p>\n","protected":false},"author":5,"featured_media":49254,"comment_status":"closed","ping_status":"closed","sticky":false,"template":"","format":"standard","meta":{"_acf_changed":false,"_et_pb_use_builder":"","_et_pb_old_content":"","_et_gb_content_width":"","footnotes":"","_links_to":"","_links_to_target":""},"categories":[842,559],"tags":[],"class_list":["post-49253","post","type-post","status-publish","format-standard","has-post-thumbnail","hentry","category-international","category-mother-house"],"acf":[],"yoast_head":"<!-- This site is optimized with the Yoast SEO plugin v27.5 - https:\/\/yoast.com\/product\/yoast-seo-wordpress\/ -->\n<title>Message of Father Toma\u017e Mavri\u010d to the Daughters of Charity - Filles de la Charit\u00e9<\/title>\n<meta name=\"robots\" content=\"index, follow, max-snippet:-1, max-image-preview:large, max-video-preview:-1\" \/>\n<link rel=\"canonical\" href=\"https:\/\/filles-de-la-charite.org\/en\/message-of-father-tomaz-mavric-to-the-daughters-of-charity\/\" \/>\n<meta property=\"og:locale\" content=\"en_US\" \/>\n<meta property=\"og:type\" content=\"article\" \/>\n<meta property=\"og:title\" content=\"Message of Father Toma\u017e Mavri\u010d to the Daughters of Charity - Filles de la Charit\u00e9\" \/>\n<meta property=\"og:description\" content=\"Every year on March 25, the Feast of the Annunciation, the Daughters of Charity throughout the world renew their vows of chastity, poverty, obedience, and service to the poor. On this occasion, Father Toma\u017e Mavri\u010d, Superior General, visited their Mother House in Paris and celebrated the Eucharist at the Chapel of Our Lady of the [&hellip;]\" \/>\n<meta property=\"og:url\" content=\"https:\/\/filles-de-la-charite.org\/en\/message-of-father-tomaz-mavric-to-the-daughters-of-charity\/\" \/>\n<meta property=\"og:site_name\" content=\"Filles de la Charit\u00e9\" \/>\n<meta property=\"article:published_time\" content=\"2026-03-26T21:42:00+00:00\" \/>\n<meta property=\"article:modified_time\" content=\"2026-03-26T21:47:14+00:00\" \/>\n<meta property=\"og:image\" content=\"https:\/\/filles-de-la-charite.org\/wp-content\/uploads\/2026\/03\/WhatsApp-Image-2026-03-26-at-22.24.23.jpeg\" \/>\n\t<meta property=\"og:image:width\" content=\"1600\" \/>\n\t<meta property=\"og:image:height\" content=\"1063\" \/>\n\t<meta property=\"og:image:type\" content=\"image\/jpeg\" \/>\n<meta name=\"author\" content=\"SOR MARTA\" \/>\n<meta name=\"twitter:card\" content=\"summary_large_image\" \/>\n<meta name=\"twitter:label1\" content=\"Written by\" \/>\n\t<meta name=\"twitter:data1\" content=\"SOR MARTA\" \/>\n\t<meta name=\"twitter:label2\" content=\"Est. reading time\" \/>\n\t<meta name=\"twitter:data2\" content=\"1 minute\" \/>\n<script type=\"application\/ld+json\" class=\"yoast-schema-graph\">{\"@context\":\"https:\\\/\\\/schema.org\",\"@graph\":[{\"@type\":\"Article\",\"@id\":\"https:\\\/\\\/filles-de-la-charite.org\\\/en\\\/message-of-father-tomaz-mavric-to-the-daughters-of-charity\\\/#article\",\"isPartOf\":{\"@id\":\"https:\\\/\\\/filles-de-la-charite.org\\\/en\\\/message-of-father-tomaz-mavric-to-the-daughters-of-charity\\\/\"},\"author\":{\"name\":\"SOR MARTA\",\"@id\":\"https:\\\/\\\/filles-de-la-charite.org\\\/en\\\/#\\\/schema\\\/person\\\/0c922b6ca71280639858d297b3a7209f\"},\"headline\":\"Message of Father Toma\u017e Mavri\u010d to the Daughters of Charity\",\"datePublished\":\"2026-03-26T21:42:00+00:00\",\"dateModified\":\"2026-03-26T21:47:14+00:00\",\"mainEntityOfPage\":{\"@id\":\"https:\\\/\\\/filles-de-la-charite.org\\\/en\\\/message-of-father-tomaz-mavric-to-the-daughters-of-charity\\\/\"},\"wordCount\":77,\"publisher\":{\"@id\":\"https:\\\/\\\/filles-de-la-charite.org\\\/en\\\/#organization\"},\"image\":{\"@id\":\"https:\\\/\\\/filles-de-la-charite.org\\\/en\\\/message-of-father-tomaz-mavric-to-the-daughters-of-charity\\\/#primaryimage\"},\"thumbnailUrl\":\"https:\\\/\\\/filles-de-la-charite.org\\\/wp-content\\\/uploads\\\/2026\\\/03\\\/WhatsApp-Image-2026-03-26-at-22.24.23.jpeg\",\"articleSection\":[\"International\",\"Motherhouse\"],\"inLanguage\":\"en-US\"},{\"@type\":\"WebPage\",\"@id\":\"https:\\\/\\\/filles-de-la-charite.org\\\/en\\\/message-of-father-tomaz-mavric-to-the-daughters-of-charity\\\/\",\"url\":\"https:\\\/\\\/filles-de-la-charite.org\\\/en\\\/message-of-father-tomaz-mavric-to-the-daughters-of-charity\\\/\",\"name\":\"Message of Father Toma\u017e Mavri\u010d to the Daughters of Charity - Filles de la Charit\u00e9\",\"isPartOf\":{\"@id\":\"https:\\\/\\\/filles-de-la-charite.org\\\/en\\\/#website\"},\"primaryImageOfPage\":{\"@id\":\"https:\\\/\\\/filles-de-la-charite.org\\\/en\\\/message-of-father-tomaz-mavric-to-the-daughters-of-charity\\\/#primaryimage\"},\"image\":{\"@id\":\"https:\\\/\\\/filles-de-la-charite.org\\\/en\\\/message-of-father-tomaz-mavric-to-the-daughters-of-charity\\\/#primaryimage\"},\"thumbnailUrl\":\"https:\\\/\\\/filles-de-la-charite.org\\\/wp-content\\\/uploads\\\/2026\\\/03\\\/WhatsApp-Image-2026-03-26-at-22.24.23.jpeg\",\"datePublished\":\"2026-03-26T21:42:00+00:00\",\"dateModified\":\"2026-03-26T21:47:14+00:00\",\"breadcrumb\":{\"@id\":\"https:\\\/\\\/filles-de-la-charite.org\\\/en\\\/message-of-father-tomaz-mavric-to-the-daughters-of-charity\\\/#breadcrumb\"},\"inLanguage\":\"en-US\",\"potentialAction\":[{\"@type\":\"ReadAction\",\"target\":[\"https:\\\/\\\/filles-de-la-charite.org\\\/en\\\/message-of-father-tomaz-mavric-to-the-daughters-of-charity\\\/\"]}]},{\"@type\":\"ImageObject\",\"inLanguage\":\"en-US\",\"@id\":\"https:\\\/\\\/filles-de-la-charite.org\\\/en\\\/message-of-father-tomaz-mavric-to-the-daughters-of-charity\\\/#primaryimage\",\"url\":\"https:\\\/\\\/filles-de-la-charite.org\\\/wp-content\\\/uploads\\\/2026\\\/03\\\/WhatsApp-Image-2026-03-26-at-22.24.23.jpeg\",\"contentUrl\":\"https:\\\/\\\/filles-de-la-charite.org\\\/wp-content\\\/uploads\\\/2026\\\/03\\\/WhatsApp-Image-2026-03-26-at-22.24.23.jpeg\",\"width\":1600,\"height\":1063},{\"@type\":\"BreadcrumbList\",\"@id\":\"https:\\\/\\\/filles-de-la-charite.org\\\/en\\\/message-of-father-tomaz-mavric-to-the-daughters-of-charity\\\/#breadcrumb\",\"itemListElement\":[{\"@type\":\"ListItem\",\"position\":1,\"name\":\"International\",\"item\":\"https:\\\/\\\/filles-de-la-charite.org\\\/en\\\/category\\\/international\\\/\"},{\"@type\":\"ListItem\",\"position\":2,\"name\":\"Message of Father Toma\u017e Mavri\u010d to the Daughters of Charity\"}]},{\"@type\":\"WebSite\",\"@id\":\"https:\\\/\\\/filles-de-la-charite.org\\\/en\\\/#website\",\"url\":\"https:\\\/\\\/filles-de-la-charite.org\\\/en\\\/\",\"name\":\"Hijas de la Caridad\",\"description\":\"El amor de Jes\u00fas nos urge a cuidar la vida de los m\u00e1s necesitados\",\"publisher\":{\"@id\":\"https:\\\/\\\/filles-de-la-charite.org\\\/en\\\/#organization\"},\"potentialAction\":[{\"@type\":\"SearchAction\",\"target\":{\"@type\":\"EntryPoint\",\"urlTemplate\":\"https:\\\/\\\/filles-de-la-charite.org\\\/en\\\/?s={search_term_string}\"},\"query-input\":{\"@type\":\"PropertyValueSpecification\",\"valueRequired\":true,\"valueName\":\"search_term_string\"}}],\"inLanguage\":\"en-US\"},{\"@type\":\"Organization\",\"@id\":\"https:\\\/\\\/filles-de-la-charite.org\\\/en\\\/#organization\",\"name\":\"Hijas de la Caridad\",\"url\":\"https:\\\/\\\/filles-de-la-charite.org\\\/en\\\/\",\"logo\":{\"@type\":\"ImageObject\",\"inLanguage\":\"en-US\",\"@id\":\"https:\\\/\\\/filles-de-la-charite.org\\\/en\\\/#\\\/schema\\\/logo\\\/image\\\/\",\"url\":\"https:\\\/\\\/filles-de-la-charite.org\\\/wp-content\\\/uploads\\\/2023\\\/03\\\/isotipo-Hijas-de-la-Caridad.png\",\"contentUrl\":\"https:\\\/\\\/filles-de-la-charite.org\\\/wp-content\\\/uploads\\\/2023\\\/03\\\/isotipo-Hijas-de-la-Caridad.png\",\"width\":1417,\"height\":1417,\"caption\":\"Hijas de la Caridad\"},\"image\":{\"@id\":\"https:\\\/\\\/filles-de-la-charite.org\\\/en\\\/#\\\/schema\\\/logo\\\/image\\\/\"}},{\"@type\":\"Person\",\"@id\":\"https:\\\/\\\/filles-de-la-charite.org\\\/en\\\/#\\\/schema\\\/person\\\/0c922b6ca71280639858d297b3a7209f\",\"name\":\"SOR MARTA\",\"image\":{\"@type\":\"ImageObject\",\"inLanguage\":\"en-US\",\"@id\":\"https:\\\/\\\/secure.gravatar.com\\\/avatar\\\/d2c45b0fd6bf2d3e2670ab3d112257c24ac80fa960360bba1bdc0676485d1d09?s=96&d=mm&r=g\",\"url\":\"https:\\\/\\\/secure.gravatar.com\\\/avatar\\\/d2c45b0fd6bf2d3e2670ab3d112257c24ac80fa960360bba1bdc0676485d1d09?s=96&d=mm&r=g\",\"contentUrl\":\"https:\\\/\\\/secure.gravatar.com\\\/avatar\\\/d2c45b0fd6bf2d3e2670ab3d112257c24ac80fa960360bba1bdc0676485d1d09?s=96&d=mm&r=g\",\"caption\":\"SOR MARTA\"},\"url\":\"https:\\\/\\\/filles-de-la-charite.org\\\/en\\\/author\\\/martaemn\\\/\"}]}<\/script>\n<!-- \/ Yoast SEO plugin. -->","yoast_head_json":{"title":"Message of Father Toma\u017e Mavri\u010d to the Daughters of Charity - Filles de la Charit\u00e9","robots":{"index":"index","follow":"follow","max-snippet":"max-snippet:-1","max-image-preview":"max-image-preview:large","max-video-preview":"max-video-preview:-1"},"canonical":"https:\/\/filles-de-la-charite.org\/en\/message-of-father-tomaz-mavric-to-the-daughters-of-charity\/","og_locale":"en_US","og_type":"article","og_title":"Message of Father Toma\u017e Mavri\u010d to the Daughters of Charity - Filles de la Charit\u00e9","og_description":"Every year on March 25, the Feast of the Annunciation, the Daughters of Charity throughout the world renew their vows of chastity, poverty, obedience, and service to the poor. On this occasion, Father Toma\u017e Mavri\u010d, Superior General, visited their Mother House in Paris and celebrated the Eucharist at the Chapel of Our Lady of the [&hellip;]","og_url":"https:\/\/filles-de-la-charite.org\/en\/message-of-father-tomaz-mavric-to-the-daughters-of-charity\/","og_site_name":"Filles de la Charit\u00e9","article_published_time":"2026-03-26T21:42:00+00:00","article_modified_time":"2026-03-26T21:47:14+00:00","og_image":[{"width":1600,"height":1063,"url":"https:\/\/filles-de-la-charite.org\/wp-content\/uploads\/2026\/03\/WhatsApp-Image-2026-03-26-at-22.24.23.jpeg","type":"image\/jpeg"}],"author":"SOR MARTA","twitter_card":"summary_large_image","twitter_misc":{"Written by":"SOR MARTA","Est. reading time":"1 minute"},"schema":{"@context":"https:\/\/schema.org","@graph":[{"@type":"Article","@id":"https:\/\/filles-de-la-charite.org\/en\/message-of-father-tomaz-mavric-to-the-daughters-of-charity\/#article","isPartOf":{"@id":"https:\/\/filles-de-la-charite.org\/en\/message-of-father-tomaz-mavric-to-the-daughters-of-charity\/"},"author":{"name":"SOR MARTA","@id":"https:\/\/filles-de-la-charite.org\/en\/#\/schema\/person\/0c922b6ca71280639858d297b3a7209f"},"headline":"Message of Father Toma\u017e Mavri\u010d to the Daughters of Charity","datePublished":"2026-03-26T21:42:00+00:00","dateModified":"2026-03-26T21:47:14+00:00","mainEntityOfPage":{"@id":"https:\/\/filles-de-la-charite.org\/en\/message-of-father-tomaz-mavric-to-the-daughters-of-charity\/"},"wordCount":77,"publisher":{"@id":"https:\/\/filles-de-la-charite.org\/en\/#organization"},"image":{"@id":"https:\/\/filles-de-la-charite.org\/en\/message-of-father-tomaz-mavric-to-the-daughters-of-charity\/#primaryimage"},"thumbnailUrl":"https:\/\/filles-de-la-charite.org\/wp-content\/uploads\/2026\/03\/WhatsApp-Image-2026-03-26-at-22.24.23.jpeg","articleSection":["International","Motherhouse"],"inLanguage":"en-US"},{"@type":"WebPage","@id":"https:\/\/filles-de-la-charite.org\/en\/message-of-father-tomaz-mavric-to-the-daughters-of-charity\/","url":"https:\/\/filles-de-la-charite.org\/en\/message-of-father-tomaz-mavric-to-the-daughters-of-charity\/","name":"Message of Father Toma\u017e Mavri\u010d to the Daughters of Charity - Filles de la Charit\u00e9","isPartOf":{"@id":"https:\/\/filles-de-la-charite.org\/en\/#website"},"primaryImageOfPage":{"@id":"https:\/\/filles-de-la-charite.org\/en\/message-of-father-tomaz-mavric-to-the-daughters-of-charity\/#primaryimage"},"image":{"@id":"https:\/\/filles-de-la-charite.org\/en\/message-of-father-tomaz-mavric-to-the-daughters-of-charity\/#primaryimage"},"thumbnailUrl":"https:\/\/filles-de-la-charite.org\/wp-content\/uploads\/2026\/03\/WhatsApp-Image-2026-03-26-at-22.24.23.jpeg","datePublished":"2026-03-26T21:42:00+00:00","dateModified":"2026-03-26T21:47:14+00:00","breadcrumb":{"@id":"https:\/\/filles-de-la-charite.org\/en\/message-of-father-tomaz-mavric-to-the-daughters-of-charity\/#breadcrumb"},"inLanguage":"en-US","potentialAction":[{"@type":"ReadAction","target":["https:\/\/filles-de-la-charite.org\/en\/message-of-father-tomaz-mavric-to-the-daughters-of-charity\/"]}]},{"@type":"ImageObject","inLanguage":"en-US","@id":"https:\/\/filles-de-la-charite.org\/en\/message-of-father-tomaz-mavric-to-the-daughters-of-charity\/#primaryimage","url":"https:\/\/filles-de-la-charite.org\/wp-content\/uploads\/2026\/03\/WhatsApp-Image-2026-03-26-at-22.24.23.jpeg","contentUrl":"https:\/\/filles-de-la-charite.org\/wp-content\/uploads\/2026\/03\/WhatsApp-Image-2026-03-26-at-22.24.23.jpeg","width":1600,"height":1063},{"@type":"BreadcrumbList","@id":"https:\/\/filles-de-la-charite.org\/en\/message-of-father-tomaz-mavric-to-the-daughters-of-charity\/#breadcrumb","itemListElement":[{"@type":"ListItem","position":1,"name":"International","item":"https:\/\/filles-de-la-charite.org\/en\/category\/international\/"},{"@type":"ListItem","position":2,"name":"Message of Father Toma\u017e Mavri\u010d to the Daughters of Charity"}]},{"@type":"WebSite","@id":"https:\/\/filles-de-la-charite.org\/en\/#website","url":"https:\/\/filles-de-la-charite.org\/en\/","name":"Hijas de la Caridad","description":"El amor de Jes\u00fas nos urge a cuidar la vida de los m\u00e1s necesitados","publisher":{"@id":"https:\/\/filles-de-la-charite.org\/en\/#organization"},"potentialAction":[{"@type":"SearchAction","target":{"@type":"EntryPoint","urlTemplate":"https:\/\/filles-de-la-charite.org\/en\/?s={search_term_string}"},"query-input":{"@type":"PropertyValueSpecification","valueRequired":true,"valueName":"search_term_string"}}],"inLanguage":"en-US"},{"@type":"Organization","@id":"https:\/\/filles-de-la-charite.org\/en\/#organization","name":"Hijas de la Caridad","url":"https:\/\/filles-de-la-charite.org\/en\/","logo":{"@type":"ImageObject","inLanguage":"en-US","@id":"https:\/\/filles-de-la-charite.org\/en\/#\/schema\/logo\/image\/","url":"https:\/\/filles-de-la-charite.org\/wp-content\/uploads\/2023\/03\/isotipo-Hijas-de-la-Caridad.png","contentUrl":"https:\/\/filles-de-la-charite.org\/wp-content\/uploads\/2023\/03\/isotipo-Hijas-de-la-Caridad.png","width":1417,"height":1417,"caption":"Hijas de la Caridad"},"image":{"@id":"https:\/\/filles-de-la-charite.org\/en\/#\/schema\/logo\/image\/"}},{"@type":"Person","@id":"https:\/\/filles-de-la-charite.org\/en\/#\/schema\/person\/0c922b6ca71280639858d297b3a7209f","name":"SOR MARTA","image":{"@type":"ImageObject","inLanguage":"en-US","@id":"https:\/\/secure.gravatar.com\/avatar\/d2c45b0fd6bf2d3e2670ab3d112257c24ac80fa960360bba1bdc0676485d1d09?s=96&d=mm&r=g","url":"https:\/\/secure.gravatar.com\/avatar\/d2c45b0fd6bf2d3e2670ab3d112257c24ac80fa960360bba1bdc0676485d1d09?s=96&d=mm&r=g","contentUrl":"https:\/\/secure.gravatar.com\/avatar\/d2c45b0fd6bf2d3e2670ab3d112257c24ac80fa960360bba1bdc0676485d1d09?s=96&d=mm&r=g","caption":"SOR MARTA"},"url":"https:\/\/filles-de-la-charite.org\/en\/author\/martaemn\/"}]}},"_links":{"self":[{"href":"https:\/\/filles-de-la-charite.org\/en\/wp-json\/wp\/v2\/posts\/49253","targetHints":{"allow":["GET"]}}],"collection":[{"href":"https:\/\/filles-de-la-charite.org\/en\/wp-json\/wp\/v2\/posts"}],"about":[{"href":"https:\/\/filles-de-la-charite.org\/en\/wp-json\/wp\/v2\/types\/post"}],"author":[{"embeddable":true,"href":"https:\/\/filles-de-la-charite.org\/en\/wp-json\/wp\/v2\/users\/5"}],"replies":[{"embeddable":true,"href":"https:\/\/filles-de-la-charite.org\/en\/wp-json\/wp\/v2\/comments?post=49253"}],"version-history":[{"count":2,"href":"https:\/\/filles-de-la-charite.org\/en\/wp-json\/wp\/v2\/posts\/49253\/revisions"}],"predecessor-version":[{"id":49262,"href":"https:\/\/filles-de-la-charite.org\/en\/wp-json\/wp\/v2\/posts\/49253\/revisions\/49262"}],"wp:featuredmedia":[{"embeddable":true,"href":"https:\/\/filles-de-la-charite.org\/en\/wp-json\/wp\/v2\/media\/49254"}],"wp:attachment":[{"href":"https:\/\/filles-de-la-charite.org\/en\/wp-json\/wp\/v2\/media?parent=49253"}],"wp:term":[{"taxonomy":"category","embeddable":true,"href":"https:\/\/filles-de-la-charite.org\/en\/wp-json\/wp\/v2\/categories?post=49253"},{"taxonomy":"post_tag","embeddable":true,"href":"https:\/\/filles-de-la-charite.org\/en\/wp-json\/wp\/v2\/tags?post=49253"}],"curies":[{"name":"wp","href":"https:\/\/api.w.org\/{rel}","templated":true}]}}