{"id":19090,"date":"2019-11-28T23:14:37","date_gmt":"2019-11-28T22:14:37","guid":{"rendered":"https:\/\/hijascaridad.sjdigitaldemo.ovh\/sharing-the-same-charism-chronicle-of-the-vincentian-week-at-the-santander-economic-kitchen-workshops-2\/"},"modified":"2024-03-17T18:48:02","modified_gmt":"2024-03-17T17:48:02","slug":"sharing-the-same-charism-chronicle-of-the-vincentian-week-at-the-santander-economic-kitchen-workshops-2","status":"publish","type":"post","link":"https:\/\/filles-de-la-charite.org\/fr\/sharing-the-same-charism-chronicle-of-the-vincentian-week-at-the-santander-economic-kitchen-workshops-2\/","title":{"rendered":"Partage du m\u00eame charisme -chronique de la semaine vincentienne aux ateliers de cuisine de Santander"},"content":{"rendered":"\n<p><p style=\"text-align: justify;\">La f\u00eate de saint Vincent de Paul approchait et, dans les ateliers de cuisine de Santander, nous voulions prendre conscience de la vie de ce grand personnage, puisque nous \u00e9tions dans une maison des Filles de la Charit\u00e9.<\/p> <p style=\"text-align: justify;\">Nous avons commenc\u00e9 la semaine en regardant le film M.Vincent. Mercredi, nous avons divis\u00e9 l\u2019apr\u00e8s-midi en quatre moments sp\u00e9cifiques :<\/p> <ol>   <li style=\"text-align: justify;\">En \u00e9crivant le r\u00e9sum\u00e9 de ce que chaque personne avait compris du film, nous avons eu de belles surprises. Parmi les gar\u00e7ons, certains ne maitrisaient pas bien la langue et ils ont eu des difficult\u00e9s de compr\u00e9hension, ce sont les images qui les ont le plus touch\u00e9s.<\/li>   <li style=\"text-align: justify;\">Apr\u00e8s ce temps de r\u00e9sum\u00e9, nous leur avons demand\u00e9, ce qu\u2019ils aimaient ou ce qui les avait marqu\u00e9s dans le film.<\/li>   <li style=\"text-align: justify;\">Une question a \u00e9t\u00e9 pos\u00e9e \u00e0 l\u2019une des s\u0153urs de la communaut\u00e9 de Santander.<\/li>   <li style=\"text-align: justify;\">Le lendemain la communaut\u00e9 allait venir nous voir et nous avons pr\u00e9par\u00e9 cette rencontre.<\/li> <\/ol> <p style=\"text-align: justify;\">Le jeudi 26 septembre \u00e0 17h30, la communaut\u00e9 est venue vivre un temps de partage avec les enfants.<\/p> <img loading=\"lazy\" decoding=\"async\" width=\"1280\" height=\"720\" class=\"aligncenter size-full wp-image-40097\" src=\"https:\/\/filles-de-la-charite.org\/wp-content\/uploads\/2023\/06\/191129-FiestaSV-3.jpg\" alt=\"\"> <p style=\"text-align: justify;\">Nous avons accueilli chaque s\u0153ur et nous nous sommes pr\u00e9sent\u00e9s. M\u00eame si nous vivons sous le m\u00eame toit, tout le monde ne se connaissait pas et les questions ont imm\u00e9diatement fus\u00e9. Nous avons \u00e9galement eu la visite du nouveau directeur de la cuisine.<\/p> <ul>   <li style=\"text-align: justify;\">Pourquoi nous aidez-vous ?<\/li>   <li style=\"text-align: justify;\">Comment Saint Vincent de Paul a-t-il fait les choses, du fond de son c\u0153ur, sans hypocrisie ?<\/li>   <li style=\"text-align: justify;\">Pourquoi aimes-tu vivre en s\u0153ur ?<\/li>   <li style=\"text-align: justify;\">Pourquoi saint Vincent a-t-il d\u00e9cid\u00e9 de changer totalement de vie ?<\/li>   <li style=\"text-align: justify;\">Qu'avez-vous fait avant d\u2019\u00eatre Fille de la Charit\u00e9 ?<\/li>   <li style=\"text-align: justify;\">Pourquoi avez-vous suivi ce chemin de Fille de la Charit\u00e9, apr\u00e8s avoir \u00e9t\u00e9 enseignante, m\u00e9decin, infirmi\u00e8re, avocate, etc. ?<\/li>   <li style=\"text-align: justify;\">Quel r\u00eave vous a motiv\u00e9 pour devenir Fille de la Charit\u00e9, pourquoi, et \u00e0 quel \u00e2ge ?<\/li>   <li style=\"text-align: justify;\">Qu'est-ce que \u00e7a fait d'\u00eatre une s\u0153ur de la Charit\u00e9 ?<\/li>   <li style=\"text-align: justify;\">Pourquoi n'y a-t-il pas plus de gens comme vous, Filles de la Charit\u00e9, aujourd'hui pour aider les pauvres ?<\/li>   <li style=\"text-align: justify;\">\u00c0 quel \u00e2ge avez-vous d\u00e9cid\u00e9 de servir les n\u00e9cessiteux et de devenir Fille de la Charit\u00e9 ?<\/li>   <li style=\"text-align: justify;\">Pourquoi aidez-vous les gens ?<\/li>   <li style=\"text-align: justify;\">Depuis combien de temps \u00eates-vous Fille de la Charit\u00e9 ?<\/li> <\/ul> <p style=\"text-align: justify;\">Ce fut un moment de vraie fraternit\u00e9, nous sommes tous fr\u00e8res et s\u0153urs dans la Mission, puisque nous vivons et travaillons sur le m\u00eame lieu avec le m\u00eame charisme, celui de Saint-Vincent. Cet apr\u00e8s-midi \u00e9tait un temps intense de partage. Le lendemain, nous avons rencontr\u00e9 des s\u0153urs, des travailleurs, des b\u00e9n\u00e9voles et des personnes qui viennent dans notre centre pour c\u00e9l\u00e9brer solennellement, \u00e0 la chapelle, l\u2019eucharistie en l\u2019honneur de saint Vincent.<\/p> <p style=\"text-align: justify;\">MERCI au Seigneur de nous soutenir, car nous sommes tous partenaires de la m\u00eame mission et du m\u00eame charisme.<\/p> <img loading=\"lazy\" decoding=\"async\" width=\"1280\" height=\"720\" class=\"aligncenter size-full wp-image-40095\" src=\"https:\/\/filles-de-la-charite.org\/wp-content\/uploads\/2023\/06\/191129-FiestaSV-1.jpg\" alt=\"\"> <img loading=\"lazy\" decoding=\"async\" width=\"960\" height=\"539\" class=\"aligncenter size-full wp-image-40098\" src=\"https:\/\/filles-de-la-charite.org\/wp-content\/uploads\/2023\/06\/191129-FiestaSV-4.jpg\" alt=\"\"> <img loading=\"lazy\" decoding=\"async\" width=\"1280\" height=\"719\" class=\"aligncenter size-full wp-image-40096\" src=\"https:\/\/filles-de-la-charite.org\/wp-content\/uploads\/2023\/06\/191129-FiestaSV-2.jpg\" alt=\"\"><\/p>\n","protected":false},"excerpt":{"rendered":"<p>La f\u00eate de saint Vincent de Paul approchait et, dans les ateliers de cuisine de Santander, nous voulions prendre conscience de la vie de ce grand personnage, puisque nous \u00e9tions dans une maison des Filles de la Charit\u00e9. Nous avons commenc\u00e9 la semaine en regardant le film M.Vincent. Mercredi, nous avons divis\u00e9 l\u2019apr\u00e8s-midi en quatre [&hellip;]<\/p>\n","protected":false},"author":1,"featured_media":14284,"comment_status":"closed","ping_status":"closed","sticky":false,"template":"","format":"standard","meta":{"_acf_changed":false,"footnotes":"","_links_to":"","_links_to_target":""},"categories":[799],"tags":[],"class_list":["post-19090","post","type-post","status-publish","format-standard","has-post-thumbnail","hentry","category-espana-norte-fr"],"acf":[],"yoast_head":"<!-- This site is optimized with the Yoast SEO plugin v27.5 - https:\/\/yoast.com\/product\/yoast-seo-wordpress\/ -->\n<title>Partage du m\u00eame charisme -chronique de la semaine vincentienne aux ateliers de cuisine de Santander - Filles de la Charit\u00e9<\/title>\n<meta name=\"robots\" content=\"index, follow, max-snippet:-1, max-image-preview:large, max-video-preview:-1\" \/>\n<link rel=\"canonical\" href=\"https:\/\/filles-de-la-charite.org\/fr\/sharing-the-same-charism-chronicle-of-the-vincentian-week-at-the-santander-economic-kitchen-workshops-2\/\" \/>\n<meta property=\"og:locale\" content=\"fr_FR\" \/>\n<meta property=\"og:type\" content=\"article\" \/>\n<meta property=\"og:title\" content=\"Partage du m\u00eame charisme -chronique de la semaine vincentienne aux ateliers de cuisine de Santander - Filles de la Charit\u00e9\" \/>\n<meta property=\"og:description\" content=\"La f\u00eate de saint Vincent de Paul approchait et, dans les ateliers de cuisine de Santander, nous voulions prendre conscience de la vie de ce grand personnage, puisque nous \u00e9tions dans une maison des Filles de la Charit\u00e9. Nous avons commenc\u00e9 la semaine en regardant le film M.Vincent. Mercredi, nous avons divis\u00e9 l\u2019apr\u00e8s-midi en quatre [&hellip;]\" \/>\n<meta property=\"og:url\" content=\"https:\/\/filles-de-la-charite.org\/fr\/sharing-the-same-charism-chronicle-of-the-vincentian-week-at-the-santander-economic-kitchen-workshops-2\/\" \/>\n<meta property=\"og:site_name\" content=\"Filles de la Charit\u00e9\" \/>\n<meta property=\"article:published_time\" content=\"2019-11-28T22:14:37+00:00\" \/>\n<meta property=\"article:modified_time\" content=\"2024-03-17T17:48:02+00:00\" \/>\n<meta property=\"og:image\" content=\"https:\/\/filles-de-la-charite.org\/wp-content\/uploads\/2023\/06\/191129-FiestaSV-FTD-1.jpg\" \/>\n\t<meta property=\"og:image:width\" content=\"1200\" \/>\n\t<meta property=\"og:image:height\" content=\"630\" \/>\n\t<meta property=\"og:image:type\" content=\"image\/jpeg\" \/>\n<meta name=\"author\" content=\"admin\" \/>\n<meta name=\"twitter:card\" content=\"summary_large_image\" \/>\n<meta name=\"twitter:label1\" content=\"\u00c9crit par\" \/>\n\t<meta name=\"twitter:data1\" content=\"admin\" \/>\n\t<meta name=\"twitter:label2\" content=\"Dur\u00e9e de lecture estim\u00e9e\" \/>\n\t<meta name=\"twitter:data2\" content=\"2 minutes\" \/>\n<script type=\"application\/ld+json\" class=\"yoast-schema-graph\">{\"@context\":\"https:\\\/\\\/schema.org\",\"@graph\":[{\"@type\":\"Article\",\"@id\":\"https:\\\/\\\/filles-de-la-charite.org\\\/fr\\\/sharing-the-same-charism-chronicle-of-the-vincentian-week-at-the-santander-economic-kitchen-workshops-2\\\/#article\",\"isPartOf\":{\"@id\":\"https:\\\/\\\/filles-de-la-charite.org\\\/fr\\\/sharing-the-same-charism-chronicle-of-the-vincentian-week-at-the-santander-economic-kitchen-workshops-2\\\/\"},\"author\":{\"name\":\"admin\",\"@id\":\"https:\\\/\\\/filles-de-la-charite.org\\\/fr\\\/#\\\/schema\\\/person\\\/427567b2eccfc2dd7d206da186a1f438\"},\"headline\":\"Partage du m\u00eame charisme -chronique de la semaine vincentienne aux ateliers de cuisine de Santander\",\"datePublished\":\"2019-11-28T22:14:37+00:00\",\"dateModified\":\"2024-03-17T17:48:02+00:00\",\"mainEntityOfPage\":{\"@id\":\"https:\\\/\\\/filles-de-la-charite.org\\\/fr\\\/sharing-the-same-charism-chronicle-of-the-vincentian-week-at-the-santander-economic-kitchen-workshops-2\\\/\"},\"wordCount\":501,\"publisher\":{\"@id\":\"https:\\\/\\\/filles-de-la-charite.org\\\/fr\\\/#organization\"},\"image\":{\"@id\":\"https:\\\/\\\/filles-de-la-charite.org\\\/fr\\\/sharing-the-same-charism-chronicle-of-the-vincentian-week-at-the-santander-economic-kitchen-workshops-2\\\/#primaryimage\"},\"thumbnailUrl\":\"https:\\\/\\\/filles-de-la-charite.org\\\/wp-content\\\/uploads\\\/2023\\\/06\\\/191129-FiestaSV-FTD-1.jpg\",\"articleSection\":[\"Espa\u00f1a-Norte\"],\"inLanguage\":\"fr-FR\"},{\"@type\":\"WebPage\",\"@id\":\"https:\\\/\\\/filles-de-la-charite.org\\\/fr\\\/sharing-the-same-charism-chronicle-of-the-vincentian-week-at-the-santander-economic-kitchen-workshops-2\\\/\",\"url\":\"https:\\\/\\\/filles-de-la-charite.org\\\/fr\\\/sharing-the-same-charism-chronicle-of-the-vincentian-week-at-the-santander-economic-kitchen-workshops-2\\\/\",\"name\":\"Partage du m\u00eame charisme -chronique de la semaine vincentienne aux ateliers de cuisine de Santander - Filles de la Charit\u00e9\",\"isPartOf\":{\"@id\":\"https:\\\/\\\/filles-de-la-charite.org\\\/fr\\\/#website\"},\"primaryImageOfPage\":{\"@id\":\"https:\\\/\\\/filles-de-la-charite.org\\\/fr\\\/sharing-the-same-charism-chronicle-of-the-vincentian-week-at-the-santander-economic-kitchen-workshops-2\\\/#primaryimage\"},\"image\":{\"@id\":\"https:\\\/\\\/filles-de-la-charite.org\\\/fr\\\/sharing-the-same-charism-chronicle-of-the-vincentian-week-at-the-santander-economic-kitchen-workshops-2\\\/#primaryimage\"},\"thumbnailUrl\":\"https:\\\/\\\/filles-de-la-charite.org\\\/wp-content\\\/uploads\\\/2023\\\/06\\\/191129-FiestaSV-FTD-1.jpg\",\"datePublished\":\"2019-11-28T22:14:37+00:00\",\"dateModified\":\"2024-03-17T17:48:02+00:00\",\"breadcrumb\":{\"@id\":\"https:\\\/\\\/filles-de-la-charite.org\\\/fr\\\/sharing-the-same-charism-chronicle-of-the-vincentian-week-at-the-santander-economic-kitchen-workshops-2\\\/#breadcrumb\"},\"inLanguage\":\"fr-FR\",\"potentialAction\":[{\"@type\":\"ReadAction\",\"target\":[\"https:\\\/\\\/filles-de-la-charite.org\\\/fr\\\/sharing-the-same-charism-chronicle-of-the-vincentian-week-at-the-santander-economic-kitchen-workshops-2\\\/\"]}]},{\"@type\":\"ImageObject\",\"inLanguage\":\"fr-FR\",\"@id\":\"https:\\\/\\\/filles-de-la-charite.org\\\/fr\\\/sharing-the-same-charism-chronicle-of-the-vincentian-week-at-the-santander-economic-kitchen-workshops-2\\\/#primaryimage\",\"url\":\"https:\\\/\\\/filles-de-la-charite.org\\\/wp-content\\\/uploads\\\/2023\\\/06\\\/191129-FiestaSV-FTD-1.jpg\",\"contentUrl\":\"https:\\\/\\\/filles-de-la-charite.org\\\/wp-content\\\/uploads\\\/2023\\\/06\\\/191129-FiestaSV-FTD-1.jpg\",\"width\":1200,\"height\":630},{\"@type\":\"BreadcrumbList\",\"@id\":\"https:\\\/\\\/filles-de-la-charite.org\\\/fr\\\/sharing-the-same-charism-chronicle-of-the-vincentian-week-at-the-santander-economic-kitchen-workshops-2\\\/#breadcrumb\",\"itemListElement\":[{\"@type\":\"ListItem\",\"position\":1,\"name\":\"Espa\u00f1a-Norte\",\"item\":\"https:\\\/\\\/filles-de-la-charite.org\\\/fr\\\/category\\\/espana-norte-fr\\\/\"},{\"@type\":\"ListItem\",\"position\":2,\"name\":\"Partage du m\u00eame charisme -chronique de la semaine vincentienne aux ateliers de cuisine de Santander\"}]},{\"@type\":\"WebSite\",\"@id\":\"https:\\\/\\\/filles-de-la-charite.org\\\/fr\\\/#website\",\"url\":\"https:\\\/\\\/filles-de-la-charite.org\\\/fr\\\/\",\"name\":\"Hijas de la Caridad\",\"description\":\"L\u2019amour de J\u00e9sus nous presse \u00e0 prendre soin des personnes les plus d\u00e9munies\",\"publisher\":{\"@id\":\"https:\\\/\\\/filles-de-la-charite.org\\\/fr\\\/#organization\"},\"potentialAction\":[{\"@type\":\"SearchAction\",\"target\":{\"@type\":\"EntryPoint\",\"urlTemplate\":\"https:\\\/\\\/filles-de-la-charite.org\\\/fr\\\/?s={search_term_string}\"},\"query-input\":{\"@type\":\"PropertyValueSpecification\",\"valueRequired\":true,\"valueName\":\"search_term_string\"}}],\"inLanguage\":\"fr-FR\"},{\"@type\":\"Organization\",\"@id\":\"https:\\\/\\\/filles-de-la-charite.org\\\/fr\\\/#organization\",\"name\":\"Hijas de la Caridad\",\"url\":\"https:\\\/\\\/filles-de-la-charite.org\\\/fr\\\/\",\"logo\":{\"@type\":\"ImageObject\",\"inLanguage\":\"fr-FR\",\"@id\":\"https:\\\/\\\/filles-de-la-charite.org\\\/fr\\\/#\\\/schema\\\/logo\\\/image\\\/\",\"url\":\"https:\\\/\\\/filles-de-la-charite.org\\\/wp-content\\\/uploads\\\/2023\\\/03\\\/isotipo-Hijas-de-la-Caridad.png\",\"contentUrl\":\"https:\\\/\\\/filles-de-la-charite.org\\\/wp-content\\\/uploads\\\/2023\\\/03\\\/isotipo-Hijas-de-la-Caridad.png\",\"width\":1417,\"height\":1417,\"caption\":\"Hijas de la Caridad\"},\"image\":{\"@id\":\"https:\\\/\\\/filles-de-la-charite.org\\\/fr\\\/#\\\/schema\\\/logo\\\/image\\\/\"}},{\"@type\":\"Person\",\"@id\":\"https:\\\/\\\/filles-de-la-charite.org\\\/fr\\\/#\\\/schema\\\/person\\\/427567b2eccfc2dd7d206da186a1f438\",\"name\":\"admin\",\"image\":{\"@type\":\"ImageObject\",\"inLanguage\":\"fr-FR\",\"@id\":\"https:\\\/\\\/secure.gravatar.com\\\/avatar\\\/948b492cce32b586ac2db0eaa926ee87024f7afe218d73b397ea5ddfc5f43ea1?s=96&d=mm&r=g\",\"url\":\"https:\\\/\\\/secure.gravatar.com\\\/avatar\\\/948b492cce32b586ac2db0eaa926ee87024f7afe218d73b397ea5ddfc5f43ea1?s=96&d=mm&r=g\",\"contentUrl\":\"https:\\\/\\\/secure.gravatar.com\\\/avatar\\\/948b492cce32b586ac2db0eaa926ee87024f7afe218d73b397ea5ddfc5f43ea1?s=96&d=mm&r=g\",\"caption\":\"admin\"},\"sameAs\":[\"https:\\\/\\\/filles-de-la-charite.org\"],\"url\":\"https:\\\/\\\/filles-de-la-charite.org\\\/fr\\\/author\\\/caridad\\\/\"}]}<\/script>\n<!-- \/ Yoast SEO plugin. -->","yoast_head_json":{"title":"Partage du m\u00eame charisme -chronique de la semaine vincentienne aux ateliers de cuisine de Santander - Filles de la Charit\u00e9","robots":{"index":"index","follow":"follow","max-snippet":"max-snippet:-1","max-image-preview":"max-image-preview:large","max-video-preview":"max-video-preview:-1"},"canonical":"https:\/\/filles-de-la-charite.org\/fr\/sharing-the-same-charism-chronicle-of-the-vincentian-week-at-the-santander-economic-kitchen-workshops-2\/","og_locale":"fr_FR","og_type":"article","og_title":"Partage du m\u00eame charisme -chronique de la semaine vincentienne aux ateliers de cuisine de Santander - Filles de la Charit\u00e9","og_description":"La f\u00eate de saint Vincent de Paul approchait et, dans les ateliers de cuisine de Santander, nous voulions prendre conscience de la vie de ce grand personnage, puisque nous \u00e9tions dans une maison des Filles de la Charit\u00e9. Nous avons commenc\u00e9 la semaine en regardant le film M.Vincent. Mercredi, nous avons divis\u00e9 l\u2019apr\u00e8s-midi en quatre [&hellip;]","og_url":"https:\/\/filles-de-la-charite.org\/fr\/sharing-the-same-charism-chronicle-of-the-vincentian-week-at-the-santander-economic-kitchen-workshops-2\/","og_site_name":"Filles de la Charit\u00e9","article_published_time":"2019-11-28T22:14:37+00:00","article_modified_time":"2024-03-17T17:48:02+00:00","og_image":[{"width":1200,"height":630,"url":"https:\/\/filles-de-la-charite.org\/wp-content\/uploads\/2023\/06\/191129-FiestaSV-FTD-1.jpg","type":"image\/jpeg"}],"author":"admin","twitter_card":"summary_large_image","twitter_misc":{"\u00c9crit par":"admin","Dur\u00e9e de lecture estim\u00e9e":"2 minutes"},"schema":{"@context":"https:\/\/schema.org","@graph":[{"@type":"Article","@id":"https:\/\/filles-de-la-charite.org\/fr\/sharing-the-same-charism-chronicle-of-the-vincentian-week-at-the-santander-economic-kitchen-workshops-2\/#article","isPartOf":{"@id":"https:\/\/filles-de-la-charite.org\/fr\/sharing-the-same-charism-chronicle-of-the-vincentian-week-at-the-santander-economic-kitchen-workshops-2\/"},"author":{"name":"admin","@id":"https:\/\/filles-de-la-charite.org\/fr\/#\/schema\/person\/427567b2eccfc2dd7d206da186a1f438"},"headline":"Partage du m\u00eame charisme -chronique de la semaine vincentienne aux ateliers de cuisine de Santander","datePublished":"2019-11-28T22:14:37+00:00","dateModified":"2024-03-17T17:48:02+00:00","mainEntityOfPage":{"@id":"https:\/\/filles-de-la-charite.org\/fr\/sharing-the-same-charism-chronicle-of-the-vincentian-week-at-the-santander-economic-kitchen-workshops-2\/"},"wordCount":501,"publisher":{"@id":"https:\/\/filles-de-la-charite.org\/fr\/#organization"},"image":{"@id":"https:\/\/filles-de-la-charite.org\/fr\/sharing-the-same-charism-chronicle-of-the-vincentian-week-at-the-santander-economic-kitchen-workshops-2\/#primaryimage"},"thumbnailUrl":"https:\/\/filles-de-la-charite.org\/wp-content\/uploads\/2023\/06\/191129-FiestaSV-FTD-1.jpg","articleSection":["Espa\u00f1a-Norte"],"inLanguage":"fr-FR"},{"@type":"WebPage","@id":"https:\/\/filles-de-la-charite.org\/fr\/sharing-the-same-charism-chronicle-of-the-vincentian-week-at-the-santander-economic-kitchen-workshops-2\/","url":"https:\/\/filles-de-la-charite.org\/fr\/sharing-the-same-charism-chronicle-of-the-vincentian-week-at-the-santander-economic-kitchen-workshops-2\/","name":"Partage du m\u00eame charisme -chronique de la semaine vincentienne aux ateliers de cuisine de Santander - Filles de la Charit\u00e9","isPartOf":{"@id":"https:\/\/filles-de-la-charite.org\/fr\/#website"},"primaryImageOfPage":{"@id":"https:\/\/filles-de-la-charite.org\/fr\/sharing-the-same-charism-chronicle-of-the-vincentian-week-at-the-santander-economic-kitchen-workshops-2\/#primaryimage"},"image":{"@id":"https:\/\/filles-de-la-charite.org\/fr\/sharing-the-same-charism-chronicle-of-the-vincentian-week-at-the-santander-economic-kitchen-workshops-2\/#primaryimage"},"thumbnailUrl":"https:\/\/filles-de-la-charite.org\/wp-content\/uploads\/2023\/06\/191129-FiestaSV-FTD-1.jpg","datePublished":"2019-11-28T22:14:37+00:00","dateModified":"2024-03-17T17:48:02+00:00","breadcrumb":{"@id":"https:\/\/filles-de-la-charite.org\/fr\/sharing-the-same-charism-chronicle-of-the-vincentian-week-at-the-santander-economic-kitchen-workshops-2\/#breadcrumb"},"inLanguage":"fr-FR","potentialAction":[{"@type":"ReadAction","target":["https:\/\/filles-de-la-charite.org\/fr\/sharing-the-same-charism-chronicle-of-the-vincentian-week-at-the-santander-economic-kitchen-workshops-2\/"]}]},{"@type":"ImageObject","inLanguage":"fr-FR","@id":"https:\/\/filles-de-la-charite.org\/fr\/sharing-the-same-charism-chronicle-of-the-vincentian-week-at-the-santander-economic-kitchen-workshops-2\/#primaryimage","url":"https:\/\/filles-de-la-charite.org\/wp-content\/uploads\/2023\/06\/191129-FiestaSV-FTD-1.jpg","contentUrl":"https:\/\/filles-de-la-charite.org\/wp-content\/uploads\/2023\/06\/191129-FiestaSV-FTD-1.jpg","width":1200,"height":630},{"@type":"BreadcrumbList","@id":"https:\/\/filles-de-la-charite.org\/fr\/sharing-the-same-charism-chronicle-of-the-vincentian-week-at-the-santander-economic-kitchen-workshops-2\/#breadcrumb","itemListElement":[{"@type":"ListItem","position":1,"name":"Espa\u00f1a-Norte","item":"https:\/\/filles-de-la-charite.org\/fr\/category\/espana-norte-fr\/"},{"@type":"ListItem","position":2,"name":"Partage du m\u00eame charisme -chronique de la semaine vincentienne aux ateliers de cuisine de Santander"}]},{"@type":"WebSite","@id":"https:\/\/filles-de-la-charite.org\/fr\/#website","url":"https:\/\/filles-de-la-charite.org\/fr\/","name":"Hijas de la Caridad","description":"L\u2019amour de J\u00e9sus nous presse \u00e0 prendre soin des personnes les plus d\u00e9munies","publisher":{"@id":"https:\/\/filles-de-la-charite.org\/fr\/#organization"},"potentialAction":[{"@type":"SearchAction","target":{"@type":"EntryPoint","urlTemplate":"https:\/\/filles-de-la-charite.org\/fr\/?s={search_term_string}"},"query-input":{"@type":"PropertyValueSpecification","valueRequired":true,"valueName":"search_term_string"}}],"inLanguage":"fr-FR"},{"@type":"Organization","@id":"https:\/\/filles-de-la-charite.org\/fr\/#organization","name":"Hijas de la Caridad","url":"https:\/\/filles-de-la-charite.org\/fr\/","logo":{"@type":"ImageObject","inLanguage":"fr-FR","@id":"https:\/\/filles-de-la-charite.org\/fr\/#\/schema\/logo\/image\/","url":"https:\/\/filles-de-la-charite.org\/wp-content\/uploads\/2023\/03\/isotipo-Hijas-de-la-Caridad.png","contentUrl":"https:\/\/filles-de-la-charite.org\/wp-content\/uploads\/2023\/03\/isotipo-Hijas-de-la-Caridad.png","width":1417,"height":1417,"caption":"Hijas de la Caridad"},"image":{"@id":"https:\/\/filles-de-la-charite.org\/fr\/#\/schema\/logo\/image\/"}},{"@type":"Person","@id":"https:\/\/filles-de-la-charite.org\/fr\/#\/schema\/person\/427567b2eccfc2dd7d206da186a1f438","name":"admin","image":{"@type":"ImageObject","inLanguage":"fr-FR","@id":"https:\/\/secure.gravatar.com\/avatar\/948b492cce32b586ac2db0eaa926ee87024f7afe218d73b397ea5ddfc5f43ea1?s=96&d=mm&r=g","url":"https:\/\/secure.gravatar.com\/avatar\/948b492cce32b586ac2db0eaa926ee87024f7afe218d73b397ea5ddfc5f43ea1?s=96&d=mm&r=g","contentUrl":"https:\/\/secure.gravatar.com\/avatar\/948b492cce32b586ac2db0eaa926ee87024f7afe218d73b397ea5ddfc5f43ea1?s=96&d=mm&r=g","caption":"admin"},"sameAs":["https:\/\/filles-de-la-charite.org"],"url":"https:\/\/filles-de-la-charite.org\/fr\/author\/caridad\/"}]}},"_links":{"self":[{"href":"https:\/\/filles-de-la-charite.org\/fr\/wp-json\/wp\/v2\/posts\/19090","targetHints":{"allow":["GET"]}}],"collection":[{"href":"https:\/\/filles-de-la-charite.org\/fr\/wp-json\/wp\/v2\/posts"}],"about":[{"href":"https:\/\/filles-de-la-charite.org\/fr\/wp-json\/wp\/v2\/types\/post"}],"author":[{"embeddable":true,"href":"https:\/\/filles-de-la-charite.org\/fr\/wp-json\/wp\/v2\/users\/1"}],"replies":[{"embeddable":true,"href":"https:\/\/filles-de-la-charite.org\/fr\/wp-json\/wp\/v2\/comments?post=19090"}],"version-history":[{"count":1,"href":"https:\/\/filles-de-la-charite.org\/fr\/wp-json\/wp\/v2\/posts\/19090\/revisions"}],"predecessor-version":[{"id":19091,"href":"https:\/\/filles-de-la-charite.org\/fr\/wp-json\/wp\/v2\/posts\/19090\/revisions\/19091"}],"wp:featuredmedia":[{"embeddable":true,"href":"https:\/\/filles-de-la-charite.org\/fr\/wp-json\/wp\/v2\/media\/14284"}],"wp:attachment":[{"href":"https:\/\/filles-de-la-charite.org\/fr\/wp-json\/wp\/v2\/media?parent=19090"}],"wp:term":[{"taxonomy":"category","embeddable":true,"href":"https:\/\/filles-de-la-charite.org\/fr\/wp-json\/wp\/v2\/categories?post=19090"},{"taxonomy":"post_tag","embeddable":true,"href":"https:\/\/filles-de-la-charite.org\/fr\/wp-json\/wp\/v2\/tags?post=19090"}],"curies":[{"name":"wp","href":"https:\/\/api.w.org\/{rel}","templated":true}]}}