{"id":19098,"date":"2019-12-28T18:21:05","date_gmt":"2019-12-28T17:21:05","guid":{"rendered":"https:\/\/hijascaridad.sjdigitaldemo.ovh\/rencontre-interprovinciale-des-soeurs-en-formation-initiale-despagne\/"},"modified":"2024-03-17T18:47:53","modified_gmt":"2024-03-17T17:47:53","slug":"rencontre-interprovinciale-des-soeurs-en-formation-initiale-despagne","status":"publish","type":"post","link":"https:\/\/filles-de-la-charite.org\/fr\/rencontre-interprovinciale-des-soeurs-en-formation-initiale-despagne\/","title":{"rendered":"Rencontre interprovinciale des S\u0153urs en formation initiale d\u2019Espagne"},"content":{"rendered":"\nDu 28 novembre au 1er d\u00e9cembre a eu lieu la r\u00e9union des s\u0153urs en formation initiale, \u00e0 Los Almendros (Madrid). Nous avons \u00e9t\u00e9 rejointes par Lola Arrieta et Cova Orejas, s\u0153urs carm\u00e9lites de la Charit\u00e9 de Vedruna. Elles participent au projet d'accompagnement \"Ruaj\" qui a pour th\u00e8me&nbsp;: \u00ab&nbsp;<strong>La vie, histoire d\u2019une vocation<\/strong>&nbsp;\u00bb. Elles nous ont aid\u00e9es \u00e0 <strong>repenser notre vie comme une histoire de vocation en faisant m\u00e9moire du pass\u00e9, en la gardant dans nos c\u0153urs et en nous ouvrant \u00e0 l'avenir avec reconnaissance et une foi pleine d'espoir<\/strong>.<!--more--><\/p>\n<p style=\"text-align: justify;\">\u00c0 travers une ligne imaginaire qui repr\u00e9sentait nos ann\u00e9es de vie dans la Compagnie, nous avons observ\u00e9 les points importants, les moments de <strong>tristesse, de joie, de doute, de malaise<\/strong>... Certains d'entre eux ont \u00e9t\u00e9 cach\u00e9s dans un coffre, mais ce sont ces moments qui ont construit notre aujourd'hui. C'\u00e9tait tr\u00e8s instructif de partager \u00e0 deux la relecture de notre parcours et de la partager plus tard en groupe. Nous avons \u00e9galement \u00e9t\u00e9 invit\u00e9s \u00e0 prendre conscience de l'endroit o\u00f9 nous marchions et \u00e0 d\u00e9tecter les pr\u00e9occupations et les difficult\u00e9s qui nous inqui\u00e9taient.<\/p>\n<p style=\"text-align: justify;\"><img loading=\"lazy\" decoding=\"async\" class=\"alignright size-medium wp-image-40159\" src=\"https:\/\/filles-de-la-charite.org\/wp-content\/uploads\/2023\/06\/191228-formacion-4-240x300.jpg\" alt=\"\" width=\"240\" height=\"300\">Nous avons fait un pas de plus, gr\u00e2ce au proph\u00e8te Isa\u00efe&nbsp;: \u00ab <strong>Me voici, envoie-moi<\/strong>\u00bb (Is 6,8). Nous avons approfondi cet itin\u00e9raire p\u00e9dagogique, en nous focalisant sur 3 \u00e9l\u00e9ments essentiels de la vocation : <strong>l'exp\u00e9rience th\u00e9ophanie, le processus de cons\u00e9cration qui nous forge et l'envoie en mission<\/strong>.<\/p>\n<p style=\"text-align: justify;\">Avec le d\u00e9sir de vivre chaque jour plus enracin\u00e9 en Christ, de vivre sa vie comme une mission, nous commen\u00e7ons la journ\u00e9e par marcher ensemble dans la \u00ab&nbsp;<strong>Rue des T\u00e2ches \u00e0 accomplir<\/strong>&nbsp;\u00bb. <strong>\u00catre adulte<\/strong>c\u2019est avoir la capacit\u00e9 de travailler, sachant que les t\u00e2ches \u00e0 accomplir, ne suffisent pas \u00e0 remplir la mission ; les appels de notre voisinage sont importants, mais plus encore, <strong>ce qui nous invite<\/strong>\u00e0 y r\u00e9pondre. Il est important d'identifier nos principales motivations pour am\u00e9liorer la gratuit\u00e9 de notre don. Nous avons \u00e9t\u00e9 encourag\u00e9es \u00e0 demander le don de l'Esprit, pour cheminer vers une unification de notre \u00eatre et de \u00ab <strong>vivre la vie comme une mission<\/strong>\u00bb et &nbsp;<strong>la Fraternit\u00e9 de quartier<\/strong>, dans une attitude de filles, de fils, de fr\u00e8res et de s\u0153urs.<\/p>\n<p style=\"text-align: justify;\"><img loading=\"lazy\" decoding=\"async\" class=\"alignleft size-medium wp-image-40160\" src=\"https:\/\/filles-de-la-charite.org\/wp-content\/uploads\/2023\/06\/191228-formacion-5-300x300.jpg\" alt=\"\" width=\"300\" height=\"300\">Nous avons consacr\u00e9 le dimanche \u00e0 approfondir diff\u00e9rents points de notre cheminement vocationnel. Nous avons \u00e9cout\u00e9 des t\u00e9moins qui empruntent d'autres voies qui sont chemins de m\u00e9diation, pour se tourner vers J\u00e9sus. Nous avons \u00e9voqu\u00e9 les difficult\u00e9s \u00e0 consid\u00e9rer la vie comme une mission, les besoins qui sous-tendent nos motivations principales, nos valeurs, nos int\u00e9r\u00eats vitaux, notre relation avec Dieu dans les moments d'adversit\u00e9, la perte de personnes importantes, l'importance de <strong>prendre conscience de la pr\u00e9sence de Dieu dans notre vie, \u00e0 travers des moments d'intimit\u00e9 avec Lui. <\/strong>Nous avons parl\u00e9 de notre vocation personnelle au sein de la vocation commune et de la difficult\u00e9 de se donner \u00e0 Dieu, centre de notre vie.<\/p>\n<p style=\"text-align: justify;\">Nous avons termin\u00e9 cette magnifique rencontre en remerciant Dieu pour tout ce qu'il nous avait donn\u00e9. Nous devons continuer \u00e0 approfondir notre formation humaine, pour \u00eatre les Servantes du Seigneur et r\u00e9pondre aux besoins des gens. Nous remercions vivement les s\u0153urs de la Maison qui nous ont accueilli comme toujours, avec une grande joie.<\/p>\n<p style=\"text-align: right;\"><em>Soeur M\u00aa Jos\u00e9 Alias, Fille de la Charit\u00e9.<\/em><\/p>\n<img loading=\"lazy\" decoding=\"async\" class=\"aligncenter wp-image-40158 size-full\" src=\"https:\/\/filles-de-la-charite.org\/wp-content\/uploads\/2023\/06\/191228-formacion-3.jpg\" alt=\"\" width=\"1280\" height=\"720\"> <img loading=\"lazy\" decoding=\"async\" class=\"alignleft wp-image-40157 size-full\" src=\"https:\/\/filles-de-la-charite.org\/wp-content\/uploads\/2023\/06\/191228-formacion-2.jpg\" alt=\"\" width=\"1280\" height=\"720\">\n<img loading=\"lazy\" decoding=\"async\" class=\"aligncenter size-full wp-image-40156\" src=\"https:\/\/filles-de-la-charite.org\/wp-content\/uploads\/2023\/06\/191228-formacion-1.jpg\" alt=\"\" width=\"1280\" height=\"720\"><\/p>\n","protected":false},"excerpt":{"rendered":"<p>Du 28 novembre au 1er d\u00e9cembre a eu lieu la r\u00e9union des s\u0153urs en formation initiale, \u00e0 Los Almendros (Madrid). Nous avons \u00e9t\u00e9 rejointes par Lola Arrieta et Cova Orejas, s\u0153urs carm\u00e9lites de la Charit\u00e9 de Vedruna. Elles participent au projet d&rsquo;accompagnement \u00ab\u00a0Ruaj\u00a0\u00bb qui a pour th\u00e8me&nbsp;: \u00ab&nbsp;La vie, histoire d\u2019une vocation&nbsp;\u00bb. Elles nous ont [&hellip;]<\/p>\n","protected":false},"author":1,"featured_media":14322,"comment_status":"closed","ping_status":"closed","sticky":false,"template":"","format":"standard","meta":{"_acf_changed":false,"footnotes":"","_links_to":"","_links_to_target":""},"categories":[765],"tags":[],"class_list":["post-19098","post","type-post","status-publish","format-standard","has-post-thumbnail","hentry","category-espana-fr"],"acf":[],"yoast_head":"<!-- This site is optimized with the Yoast SEO plugin v27.5 - https:\/\/yoast.com\/product\/yoast-seo-wordpress\/ -->\n<title>Rencontre interprovinciale des S\u0153urs en formation initiale d\u2019Espagne - Filles de la Charit\u00e9<\/title>\n<meta name=\"robots\" content=\"index, follow, max-snippet:-1, max-image-preview:large, max-video-preview:-1\" \/>\n<link rel=\"canonical\" href=\"https:\/\/filles-de-la-charite.org\/fr\/rencontre-interprovinciale-des-soeurs-en-formation-initiale-despagne\/\" \/>\n<meta property=\"og:locale\" content=\"fr_FR\" \/>\n<meta property=\"og:type\" content=\"article\" \/>\n<meta property=\"og:title\" content=\"Rencontre interprovinciale des S\u0153urs en formation initiale d\u2019Espagne - Filles de la Charit\u00e9\" \/>\n<meta property=\"og:description\" content=\"Du 28 novembre au 1er d\u00e9cembre a eu lieu la r\u00e9union des s\u0153urs en formation initiale, \u00e0 Los Almendros (Madrid). Nous avons \u00e9t\u00e9 rejointes par Lola Arrieta et Cova Orejas, s\u0153urs carm\u00e9lites de la Charit\u00e9 de Vedruna. Elles participent au projet d&rsquo;accompagnement \u00ab\u00a0Ruaj\u00a0\u00bb qui a pour th\u00e8me&nbsp;: \u00ab&nbsp;La vie, histoire d\u2019une vocation&nbsp;\u00bb. Elles nous ont [&hellip;]\" \/>\n<meta property=\"og:url\" content=\"https:\/\/filles-de-la-charite.org\/fr\/rencontre-interprovinciale-des-soeurs-en-formation-initiale-despagne\/\" \/>\n<meta property=\"og:site_name\" content=\"Filles de la Charit\u00e9\" \/>\n<meta property=\"article:published_time\" content=\"2019-12-28T17:21:05+00:00\" \/>\n<meta property=\"article:modified_time\" content=\"2024-03-17T17:47:53+00:00\" \/>\n<meta property=\"og:image\" content=\"https:\/\/filles-de-la-charite.org\/wp-content\/uploads\/2023\/06\/191228-formacion-5-1.jpg\" \/>\n\t<meta property=\"og:image:width\" content=\"1200\" \/>\n\t<meta property=\"og:image:height\" content=\"1200\" \/>\n\t<meta property=\"og:image:type\" content=\"image\/jpeg\" \/>\n<meta name=\"author\" content=\"admin\" \/>\n<meta name=\"twitter:card\" content=\"summary_large_image\" \/>\n<meta name=\"twitter:label1\" content=\"\u00c9crit par\" \/>\n\t<meta name=\"twitter:data1\" content=\"admin\" \/>\n\t<meta name=\"twitter:label2\" content=\"Dur\u00e9e de lecture estim\u00e9e\" \/>\n\t<meta name=\"twitter:data2\" content=\"3 minutes\" \/>\n<script type=\"application\/ld+json\" class=\"yoast-schema-graph\">{\"@context\":\"https:\\\/\\\/schema.org\",\"@graph\":[{\"@type\":\"Article\",\"@id\":\"https:\\\/\\\/filles-de-la-charite.org\\\/fr\\\/rencontre-interprovinciale-des-soeurs-en-formation-initiale-despagne\\\/#article\",\"isPartOf\":{\"@id\":\"https:\\\/\\\/filles-de-la-charite.org\\\/fr\\\/rencontre-interprovinciale-des-soeurs-en-formation-initiale-despagne\\\/\"},\"author\":{\"name\":\"admin\",\"@id\":\"https:\\\/\\\/filles-de-la-charite.org\\\/fr\\\/#\\\/schema\\\/person\\\/427567b2eccfc2dd7d206da186a1f438\"},\"headline\":\"Rencontre interprovinciale des S\u0153urs en formation initiale d\u2019Espagne\",\"datePublished\":\"2019-12-28T17:21:05+00:00\",\"dateModified\":\"2024-03-17T17:47:53+00:00\",\"mainEntityOfPage\":{\"@id\":\"https:\\\/\\\/filles-de-la-charite.org\\\/fr\\\/rencontre-interprovinciale-des-soeurs-en-formation-initiale-despagne\\\/\"},\"wordCount\":592,\"publisher\":{\"@id\":\"https:\\\/\\\/filles-de-la-charite.org\\\/fr\\\/#organization\"},\"image\":{\"@id\":\"https:\\\/\\\/filles-de-la-charite.org\\\/fr\\\/rencontre-interprovinciale-des-soeurs-en-formation-initiale-despagne\\\/#primaryimage\"},\"thumbnailUrl\":\"https:\\\/\\\/filles-de-la-charite.org\\\/wp-content\\\/uploads\\\/2023\\\/06\\\/191228-formacion-5-1.jpg\",\"articleSection\":[\"Espagne\"],\"inLanguage\":\"fr-FR\"},{\"@type\":\"WebPage\",\"@id\":\"https:\\\/\\\/filles-de-la-charite.org\\\/fr\\\/rencontre-interprovinciale-des-soeurs-en-formation-initiale-despagne\\\/\",\"url\":\"https:\\\/\\\/filles-de-la-charite.org\\\/fr\\\/rencontre-interprovinciale-des-soeurs-en-formation-initiale-despagne\\\/\",\"name\":\"Rencontre interprovinciale des S\u0153urs en formation initiale d\u2019Espagne - Filles de la Charit\u00e9\",\"isPartOf\":{\"@id\":\"https:\\\/\\\/filles-de-la-charite.org\\\/fr\\\/#website\"},\"primaryImageOfPage\":{\"@id\":\"https:\\\/\\\/filles-de-la-charite.org\\\/fr\\\/rencontre-interprovinciale-des-soeurs-en-formation-initiale-despagne\\\/#primaryimage\"},\"image\":{\"@id\":\"https:\\\/\\\/filles-de-la-charite.org\\\/fr\\\/rencontre-interprovinciale-des-soeurs-en-formation-initiale-despagne\\\/#primaryimage\"},\"thumbnailUrl\":\"https:\\\/\\\/filles-de-la-charite.org\\\/wp-content\\\/uploads\\\/2023\\\/06\\\/191228-formacion-5-1.jpg\",\"datePublished\":\"2019-12-28T17:21:05+00:00\",\"dateModified\":\"2024-03-17T17:47:53+00:00\",\"breadcrumb\":{\"@id\":\"https:\\\/\\\/filles-de-la-charite.org\\\/fr\\\/rencontre-interprovinciale-des-soeurs-en-formation-initiale-despagne\\\/#breadcrumb\"},\"inLanguage\":\"fr-FR\",\"potentialAction\":[{\"@type\":\"ReadAction\",\"target\":[\"https:\\\/\\\/filles-de-la-charite.org\\\/fr\\\/rencontre-interprovinciale-des-soeurs-en-formation-initiale-despagne\\\/\"]}]},{\"@type\":\"ImageObject\",\"inLanguage\":\"fr-FR\",\"@id\":\"https:\\\/\\\/filles-de-la-charite.org\\\/fr\\\/rencontre-interprovinciale-des-soeurs-en-formation-initiale-despagne\\\/#primaryimage\",\"url\":\"https:\\\/\\\/filles-de-la-charite.org\\\/wp-content\\\/uploads\\\/2023\\\/06\\\/191228-formacion-5-1.jpg\",\"contentUrl\":\"https:\\\/\\\/filles-de-la-charite.org\\\/wp-content\\\/uploads\\\/2023\\\/06\\\/191228-formacion-5-1.jpg\",\"width\":1200,\"height\":1200},{\"@type\":\"BreadcrumbList\",\"@id\":\"https:\\\/\\\/filles-de-la-charite.org\\\/fr\\\/rencontre-interprovinciale-des-soeurs-en-formation-initiale-despagne\\\/#breadcrumb\",\"itemListElement\":[{\"@type\":\"ListItem\",\"position\":1,\"name\":\"Espagne\",\"item\":\"https:\\\/\\\/filles-de-la-charite.org\\\/fr\\\/category\\\/espana-fr\\\/\"},{\"@type\":\"ListItem\",\"position\":2,\"name\":\"Rencontre interprovinciale des S\u0153urs en formation initiale d\u2019Espagne\"}]},{\"@type\":\"WebSite\",\"@id\":\"https:\\\/\\\/filles-de-la-charite.org\\\/fr\\\/#website\",\"url\":\"https:\\\/\\\/filles-de-la-charite.org\\\/fr\\\/\",\"name\":\"Hijas de la Caridad\",\"description\":\"L\u2019amour de J\u00e9sus nous presse \u00e0 prendre soin des personnes les plus d\u00e9munies\",\"publisher\":{\"@id\":\"https:\\\/\\\/filles-de-la-charite.org\\\/fr\\\/#organization\"},\"potentialAction\":[{\"@type\":\"SearchAction\",\"target\":{\"@type\":\"EntryPoint\",\"urlTemplate\":\"https:\\\/\\\/filles-de-la-charite.org\\\/fr\\\/?s={search_term_string}\"},\"query-input\":{\"@type\":\"PropertyValueSpecification\",\"valueRequired\":true,\"valueName\":\"search_term_string\"}}],\"inLanguage\":\"fr-FR\"},{\"@type\":\"Organization\",\"@id\":\"https:\\\/\\\/filles-de-la-charite.org\\\/fr\\\/#organization\",\"name\":\"Hijas de la Caridad\",\"url\":\"https:\\\/\\\/filles-de-la-charite.org\\\/fr\\\/\",\"logo\":{\"@type\":\"ImageObject\",\"inLanguage\":\"fr-FR\",\"@id\":\"https:\\\/\\\/filles-de-la-charite.org\\\/fr\\\/#\\\/schema\\\/logo\\\/image\\\/\",\"url\":\"https:\\\/\\\/filles-de-la-charite.org\\\/wp-content\\\/uploads\\\/2023\\\/03\\\/isotipo-Hijas-de-la-Caridad.png\",\"contentUrl\":\"https:\\\/\\\/filles-de-la-charite.org\\\/wp-content\\\/uploads\\\/2023\\\/03\\\/isotipo-Hijas-de-la-Caridad.png\",\"width\":1417,\"height\":1417,\"caption\":\"Hijas de la Caridad\"},\"image\":{\"@id\":\"https:\\\/\\\/filles-de-la-charite.org\\\/fr\\\/#\\\/schema\\\/logo\\\/image\\\/\"}},{\"@type\":\"Person\",\"@id\":\"https:\\\/\\\/filles-de-la-charite.org\\\/fr\\\/#\\\/schema\\\/person\\\/427567b2eccfc2dd7d206da186a1f438\",\"name\":\"admin\",\"image\":{\"@type\":\"ImageObject\",\"inLanguage\":\"fr-FR\",\"@id\":\"https:\\\/\\\/secure.gravatar.com\\\/avatar\\\/948b492cce32b586ac2db0eaa926ee87024f7afe218d73b397ea5ddfc5f43ea1?s=96&d=mm&r=g\",\"url\":\"https:\\\/\\\/secure.gravatar.com\\\/avatar\\\/948b492cce32b586ac2db0eaa926ee87024f7afe218d73b397ea5ddfc5f43ea1?s=96&d=mm&r=g\",\"contentUrl\":\"https:\\\/\\\/secure.gravatar.com\\\/avatar\\\/948b492cce32b586ac2db0eaa926ee87024f7afe218d73b397ea5ddfc5f43ea1?s=96&d=mm&r=g\",\"caption\":\"admin\"},\"sameAs\":[\"https:\\\/\\\/filles-de-la-charite.org\"],\"url\":\"https:\\\/\\\/filles-de-la-charite.org\\\/fr\\\/author\\\/caridad\\\/\"}]}<\/script>\n<!-- \/ Yoast SEO plugin. -->","yoast_head_json":{"title":"Rencontre interprovinciale des S\u0153urs en formation initiale d\u2019Espagne - Filles de la Charit\u00e9","robots":{"index":"index","follow":"follow","max-snippet":"max-snippet:-1","max-image-preview":"max-image-preview:large","max-video-preview":"max-video-preview:-1"},"canonical":"https:\/\/filles-de-la-charite.org\/fr\/rencontre-interprovinciale-des-soeurs-en-formation-initiale-despagne\/","og_locale":"fr_FR","og_type":"article","og_title":"Rencontre interprovinciale des S\u0153urs en formation initiale d\u2019Espagne - Filles de la Charit\u00e9","og_description":"Du 28 novembre au 1er d\u00e9cembre a eu lieu la r\u00e9union des s\u0153urs en formation initiale, \u00e0 Los Almendros (Madrid). Nous avons \u00e9t\u00e9 rejointes par Lola Arrieta et Cova Orejas, s\u0153urs carm\u00e9lites de la Charit\u00e9 de Vedruna. Elles participent au projet d&rsquo;accompagnement \u00ab\u00a0Ruaj\u00a0\u00bb qui a pour th\u00e8me&nbsp;: \u00ab&nbsp;La vie, histoire d\u2019une vocation&nbsp;\u00bb. Elles nous ont [&hellip;]","og_url":"https:\/\/filles-de-la-charite.org\/fr\/rencontre-interprovinciale-des-soeurs-en-formation-initiale-despagne\/","og_site_name":"Filles de la Charit\u00e9","article_published_time":"2019-12-28T17:21:05+00:00","article_modified_time":"2024-03-17T17:47:53+00:00","og_image":[{"width":1200,"height":1200,"url":"https:\/\/filles-de-la-charite.org\/wp-content\/uploads\/2023\/06\/191228-formacion-5-1.jpg","type":"image\/jpeg"}],"author":"admin","twitter_card":"summary_large_image","twitter_misc":{"\u00c9crit par":"admin","Dur\u00e9e de lecture estim\u00e9e":"3 minutes"},"schema":{"@context":"https:\/\/schema.org","@graph":[{"@type":"Article","@id":"https:\/\/filles-de-la-charite.org\/fr\/rencontre-interprovinciale-des-soeurs-en-formation-initiale-despagne\/#article","isPartOf":{"@id":"https:\/\/filles-de-la-charite.org\/fr\/rencontre-interprovinciale-des-soeurs-en-formation-initiale-despagne\/"},"author":{"name":"admin","@id":"https:\/\/filles-de-la-charite.org\/fr\/#\/schema\/person\/427567b2eccfc2dd7d206da186a1f438"},"headline":"Rencontre interprovinciale des S\u0153urs en formation initiale d\u2019Espagne","datePublished":"2019-12-28T17:21:05+00:00","dateModified":"2024-03-17T17:47:53+00:00","mainEntityOfPage":{"@id":"https:\/\/filles-de-la-charite.org\/fr\/rencontre-interprovinciale-des-soeurs-en-formation-initiale-despagne\/"},"wordCount":592,"publisher":{"@id":"https:\/\/filles-de-la-charite.org\/fr\/#organization"},"image":{"@id":"https:\/\/filles-de-la-charite.org\/fr\/rencontre-interprovinciale-des-soeurs-en-formation-initiale-despagne\/#primaryimage"},"thumbnailUrl":"https:\/\/filles-de-la-charite.org\/wp-content\/uploads\/2023\/06\/191228-formacion-5-1.jpg","articleSection":["Espagne"],"inLanguage":"fr-FR"},{"@type":"WebPage","@id":"https:\/\/filles-de-la-charite.org\/fr\/rencontre-interprovinciale-des-soeurs-en-formation-initiale-despagne\/","url":"https:\/\/filles-de-la-charite.org\/fr\/rencontre-interprovinciale-des-soeurs-en-formation-initiale-despagne\/","name":"Rencontre interprovinciale des S\u0153urs en formation initiale d\u2019Espagne - Filles de la Charit\u00e9","isPartOf":{"@id":"https:\/\/filles-de-la-charite.org\/fr\/#website"},"primaryImageOfPage":{"@id":"https:\/\/filles-de-la-charite.org\/fr\/rencontre-interprovinciale-des-soeurs-en-formation-initiale-despagne\/#primaryimage"},"image":{"@id":"https:\/\/filles-de-la-charite.org\/fr\/rencontre-interprovinciale-des-soeurs-en-formation-initiale-despagne\/#primaryimage"},"thumbnailUrl":"https:\/\/filles-de-la-charite.org\/wp-content\/uploads\/2023\/06\/191228-formacion-5-1.jpg","datePublished":"2019-12-28T17:21:05+00:00","dateModified":"2024-03-17T17:47:53+00:00","breadcrumb":{"@id":"https:\/\/filles-de-la-charite.org\/fr\/rencontre-interprovinciale-des-soeurs-en-formation-initiale-despagne\/#breadcrumb"},"inLanguage":"fr-FR","potentialAction":[{"@type":"ReadAction","target":["https:\/\/filles-de-la-charite.org\/fr\/rencontre-interprovinciale-des-soeurs-en-formation-initiale-despagne\/"]}]},{"@type":"ImageObject","inLanguage":"fr-FR","@id":"https:\/\/filles-de-la-charite.org\/fr\/rencontre-interprovinciale-des-soeurs-en-formation-initiale-despagne\/#primaryimage","url":"https:\/\/filles-de-la-charite.org\/wp-content\/uploads\/2023\/06\/191228-formacion-5-1.jpg","contentUrl":"https:\/\/filles-de-la-charite.org\/wp-content\/uploads\/2023\/06\/191228-formacion-5-1.jpg","width":1200,"height":1200},{"@type":"BreadcrumbList","@id":"https:\/\/filles-de-la-charite.org\/fr\/rencontre-interprovinciale-des-soeurs-en-formation-initiale-despagne\/#breadcrumb","itemListElement":[{"@type":"ListItem","position":1,"name":"Espagne","item":"https:\/\/filles-de-la-charite.org\/fr\/category\/espana-fr\/"},{"@type":"ListItem","position":2,"name":"Rencontre interprovinciale des S\u0153urs en formation initiale d\u2019Espagne"}]},{"@type":"WebSite","@id":"https:\/\/filles-de-la-charite.org\/fr\/#website","url":"https:\/\/filles-de-la-charite.org\/fr\/","name":"Hijas de la Caridad","description":"L\u2019amour de J\u00e9sus nous presse \u00e0 prendre soin des personnes les plus d\u00e9munies","publisher":{"@id":"https:\/\/filles-de-la-charite.org\/fr\/#organization"},"potentialAction":[{"@type":"SearchAction","target":{"@type":"EntryPoint","urlTemplate":"https:\/\/filles-de-la-charite.org\/fr\/?s={search_term_string}"},"query-input":{"@type":"PropertyValueSpecification","valueRequired":true,"valueName":"search_term_string"}}],"inLanguage":"fr-FR"},{"@type":"Organization","@id":"https:\/\/filles-de-la-charite.org\/fr\/#organization","name":"Hijas de la Caridad","url":"https:\/\/filles-de-la-charite.org\/fr\/","logo":{"@type":"ImageObject","inLanguage":"fr-FR","@id":"https:\/\/filles-de-la-charite.org\/fr\/#\/schema\/logo\/image\/","url":"https:\/\/filles-de-la-charite.org\/wp-content\/uploads\/2023\/03\/isotipo-Hijas-de-la-Caridad.png","contentUrl":"https:\/\/filles-de-la-charite.org\/wp-content\/uploads\/2023\/03\/isotipo-Hijas-de-la-Caridad.png","width":1417,"height":1417,"caption":"Hijas de la Caridad"},"image":{"@id":"https:\/\/filles-de-la-charite.org\/fr\/#\/schema\/logo\/image\/"}},{"@type":"Person","@id":"https:\/\/filles-de-la-charite.org\/fr\/#\/schema\/person\/427567b2eccfc2dd7d206da186a1f438","name":"admin","image":{"@type":"ImageObject","inLanguage":"fr-FR","@id":"https:\/\/secure.gravatar.com\/avatar\/948b492cce32b586ac2db0eaa926ee87024f7afe218d73b397ea5ddfc5f43ea1?s=96&d=mm&r=g","url":"https:\/\/secure.gravatar.com\/avatar\/948b492cce32b586ac2db0eaa926ee87024f7afe218d73b397ea5ddfc5f43ea1?s=96&d=mm&r=g","contentUrl":"https:\/\/secure.gravatar.com\/avatar\/948b492cce32b586ac2db0eaa926ee87024f7afe218d73b397ea5ddfc5f43ea1?s=96&d=mm&r=g","caption":"admin"},"sameAs":["https:\/\/filles-de-la-charite.org"],"url":"https:\/\/filles-de-la-charite.org\/fr\/author\/caridad\/"}]}},"_links":{"self":[{"href":"https:\/\/filles-de-la-charite.org\/fr\/wp-json\/wp\/v2\/posts\/19098","targetHints":{"allow":["GET"]}}],"collection":[{"href":"https:\/\/filles-de-la-charite.org\/fr\/wp-json\/wp\/v2\/posts"}],"about":[{"href":"https:\/\/filles-de-la-charite.org\/fr\/wp-json\/wp\/v2\/types\/post"}],"author":[{"embeddable":true,"href":"https:\/\/filles-de-la-charite.org\/fr\/wp-json\/wp\/v2\/users\/1"}],"replies":[{"embeddable":true,"href":"https:\/\/filles-de-la-charite.org\/fr\/wp-json\/wp\/v2\/comments?post=19098"}],"version-history":[{"count":1,"href":"https:\/\/filles-de-la-charite.org\/fr\/wp-json\/wp\/v2\/posts\/19098\/revisions"}],"predecessor-version":[{"id":19099,"href":"https:\/\/filles-de-la-charite.org\/fr\/wp-json\/wp\/v2\/posts\/19098\/revisions\/19099"}],"wp:featuredmedia":[{"embeddable":true,"href":"https:\/\/filles-de-la-charite.org\/fr\/wp-json\/wp\/v2\/media\/14322"}],"wp:attachment":[{"href":"https:\/\/filles-de-la-charite.org\/fr\/wp-json\/wp\/v2\/media?parent=19098"}],"wp:term":[{"taxonomy":"category","embeddable":true,"href":"https:\/\/filles-de-la-charite.org\/fr\/wp-json\/wp\/v2\/categories?post=19098"},{"taxonomy":"post_tag","embeddable":true,"href":"https:\/\/filles-de-la-charite.org\/fr\/wp-json\/wp\/v2\/tags?post=19098"}],"curies":[{"name":"wp","href":"https:\/\/api.w.org\/{rel}","templated":true}]}}