{"id":19100,"date":"2020-01-13T23:36:03","date_gmt":"2020-01-13T22:36:03","guid":{"rendered":"https:\/\/hijascaridad.sjdigitaldemo.ovh\/christmas-prayer-celebration-at-san-vicente-de-paul-integral-program-2\/"},"modified":"2024-03-17T18:47:47","modified_gmt":"2024-03-17T17:47:47","slug":"christmas-prayer-celebration-at-san-vicente-de-paul-integral-program-2","status":"publish","type":"post","link":"https:\/\/filles-de-la-charite.org\/fr\/christmas-prayer-celebration-at-san-vicente-de-paul-integral-program-2\/","title":{"rendered":"Pri\u00e8re \u2013 C\u00e9l\u00e9bration de No\u00ebl"},"content":{"rendered":"\n<p><p style=\"text-align: justify;\"><strong><span style=\"color: #929292;\"><img loading=\"lazy\" decoding=\"async\" class=\"alignleft size-medium wp-image-40290\" src=\"https:\/\/filles-de-la-charite.org\/wp-content\/uploads\/2023\/06\/200113-Christmas-thmb.jpg\" alt=\"\" width=\"300\" height=\"200\">[Province de Madrid-Santa Lu\u00edsa]<\/span>&nbsp;<\/strong>Nous avons f\u00eat\u00e9 la naissance de J\u00e9sus \u00e0 Bethl\u00e9em avec toutes les personnes qui vivent et passent dans la maison&nbsp;: personnes accueillies, travailleurs, b\u00e9n\u00e9voles, s\u0153urs. Nous avons contempl\u00e9 la pauvret\u00e9 de Marie et Joseph, parents de J\u00e9sus, qui ont couch\u00e9 leur Fils dans une mangeoire sur le foin, parce qu'il n'y avait pas de place pour eux.<!--more--><\/p>\n<p style=\"text-align: justify;\"><i>PR\u00c9PARATION de la cr\u00e8che<\/i>.&nbsp;Une maman a pr\u00e9par\u00e9 la cr\u00e8che ...\"Imaginez\" ... \"ressentez\" ... \"touchez\" ... l'endroit o\u00f9 J\u00e9sus est n\u00e9 au milieu de la nuit ... R\u00e9fl\u00e9chissons au nombre de fois o\u00f9 la nuit, nous pouvons \u00eatre dans la peur. Dieu ne nous laisse pas seul, il est pr\u00e9sent pour r\u00e9pondre \u00e0 nos questions, sur le sens de notre existence : qui suis-je ? D'o\u00f9 je viens ? Pourquoi suis-je n\u00e9 \u00e0 cette \u00e9poque ? Lorsque j'aime, pourquoi je souffre ? Pourquoi vais-je mourir ? ... Pour r\u00e9pondre \u00e0 toutes ces questions, Dieu s\u2019est fait homme. Son humanit\u00e9 apporte de la lumi\u00e8re l\u00e0 o\u00f9 il y a des t\u00e9n\u00e8bres et illumine ceux qui traversent les t\u00e9n\u00e8bres de la souffrance (cf. Lc 1,79).<\/p>\n<iframe loading=\"lazy\" title=\"Celebraci\u00f3n del Bel\u00e9n \u2013 Navidad 2019\" width=\"1080\" height=\"608\" src=\"https:\/\/www.youtube.com\/embed\/u3-VftP_At8?feature=oembed\"  allow=\"accelerometer; autoplay; clipboard-write; encrypted-media; gyroscope; picture-in-picture; web-share\" referrerpolicy=\"strict-origin-when-cross-origin\" allowfullscreen><\/iframe>\n<p style=\"text-align: justify;\"><i>La CHORALE<\/i>.&nbsp;Les S\u0153urs du S\u00e9minaire ont pr\u00e9par\u00e9 des chants. &nbsp;Nous nous approchons ensemble de la cr\u00e8che, de Marie et de Joseph.<\/p>\n<p style=\"text-align: justify;\"><i>MARIE<\/i> contemple son fils et de nombreuses personnes viennent lui rendre visite. Dieu a frapp\u00e9 \u00e0 la porte de son c\u0153ur disponible et pur. L'ange, lui a demand\u00e9 d'\u00eatre la m\u00e8re de Dieu, Marie a r\u00e9pondu : \"Qu'il me soit fait selon ta parole\" (Lc 1,38). D\u00e9j\u00e0 elle partage son Fils avec tous ceux qui veulent l'approcher.<\/p>\n<p style=\"text-align: justify;\"><i><img loading=\"lazy\" decoding=\"async\" class=\"alignright wp-image-40306\" src=\"https:\/\/filles-de-la-charite.org\/wp-content\/uploads\/2023\/06\/200113-Christmas-01-184x300.jpg\" alt=\"\" width=\"221\" height=\"360\">JOSEPH<\/i> a une attitude protectrice pour l'enfant et la m\u00e8re, il prot\u00e8ge sa famille. Lorsque qu\u2019il comprend par un songe qu'H\u00e9rode veut tuer l\u2019enfant, il n'h\u00e9site pas \u00e0 quitter le pays et \u00e0 \u00e9migrer en \u00c9gypte (cf. Mt 2,13-15). Apr\u00e8s le danger, il retourne avec sa famille \u00e0 Nazareth pour continuer \u00e0 \u00e9duquer J\u00e9sus avec Marie.<\/p>\n<p style=\"text-align: justify;\"><i>J\u00c9SUS<\/i>&nbsp;: un homme am\u00e8ne l'enfant. Dieu appara\u00eet dans un enfant. Dieu r\u00e9v\u00e8le la grandeur de son amour dans la fragilit\u00e9 d\u2019un petit enfant, de son sourire. En voyant les yeux des jeunes parents briller devant leur fils nouveau-n\u00e9, nous comprenons les sentiments de Marie et Joseph qui, en regardant l'enfant J\u00e9sus, ont r\u00e9alis\u00e9 la pr\u00e9sence de Dieu dans leur vie. \"Oui La vie s\u2019est manifest\u00e9, nous l\u2019avons vue\" (1 Jn 1,2).<\/p>\n<p style=\"text-align: justify;\"><i>Les BERGERS<\/i>&nbsp;: des enfants font les bergers. Lorsque la grande Nouvelle est annonc\u00e9e aux bergers, ils \u00e9taient tr\u00e8s heureux. Ce sont les plus humbles et les plus pauvres qui accueillent l'\u00e9v\u00e9nement de l'Incarnation. Ceux qui ne connaissent pas d'autre richesse que celle du c\u0153ur.<\/p>\n<p style=\"text-align: justify;\"><i>Les MAGES<\/i>&nbsp;: des employ\u00e9s portent les couronnes des mages qui les d\u00e9posent autour de la cr\u00e8che. Les trois mages suivent l'\u00e9toile. Ces riches seigneurs, viennent d'Orient. Ils se rendent \u00e0 Bethl\u00e9em pour offrir leurs cadeaux : de l'or, de l'encens et de la myrrhe. L'or honore la royaut\u00e9 de J\u00e9sus ; l'encens sa divinit\u00e9 ; la myrrhe sa humanit\u00e9. Chacun de nous devrait \u00eatre une bonne nouvelle pour les autres \u00e0 travers ses paroles, ses gestes, ses actions, ses actions, sa mis\u00e9ricorde, son t\u00e9moignage de joie. Les mages nous montrent que nous pouvons partir de loin pour trouver le Christ. Ils ne sont pas scandalis\u00e9s par la pauvret\u00e9 de l\u2019environnement. lls n'h\u00e9sitent pas \u00e0 s\u2019agenouiller et \u00e0 l'adorer.<\/p>\n<div class=\"et_pb_slider et_pb_slider_fullwidth_off et_pb_gallery_post_type\">\n\t\t\t\t<div class=\"et_pb_slides\">\n\t\t\t\t\t\n\t\t\t\t<\/div>\n\t\t\t<\/div>\n<p style=\"text-align: justify;\"><i>Juli\u00e1n del Olmo<\/i>&nbsp;: il est pr\u00eatre et journaliste. La cr\u00e8che de Bethl\u00e9em est pr\u00eate \u00e0 accueillir toutes les personnes pr\u00e9sentes. Il ne manque plus que nous. Nous avons re\u00e7u un petit papier sur lequel chacun pouvait \u00e9crire un r\u00eave, un souhait, un souvenir d\u2019enfance ... Tout le monde est venu porter son papier \u00e0 la cr\u00e8che et a ador\u00e9 l'enfant. Bethl\u00e9em parle de l'amour de Dieu, Dieu qui se fait petit enfant, pour nous dire \u00e0 quel point il est proche de chaque personne, quelle que soit sa condition et sa situation : enfant, jeune, malade, vieux, sans emploi, migrant ...<\/p>\n<p style=\"text-align: justify;\">PO\u00c8ME ET CONTE DE NO\u00cbL&nbsp;:<\/p>\n<p style=\"text-align: justify;\">Ce No\u00ebl ... dites aux enfants qu\u2019il ne faut pas jeter de nourriture \u00e0 la poubelle quand des millions de personnes meurent de faim.<\/p>\n<p style=\"text-align: justify;\">Dites-leur que les ressources de la plan\u00e8te et de leurs parents sont limit\u00e9es et doivent \u00eatre bien g\u00e9r\u00e9es pour assurer leur avenir et le n\u00f4tre.<\/p>\n<p style=\"text-align: justify;\">Dites-leur ... que celui qui est heureux, n\u2019est pas celui qui veut plus, mais celui qui a besoin de moins.<\/p>\n<p style=\"text-align: justify;\">Dites-leur ... que ceux qui prennent soins de nous, sont parfois des \u00e9migr\u00e9s et nous devons les remercier pour leur service.<\/p>\n<p style=\"text-align: justify;\">Dites-leur ... ce que nous c\u00e9l\u00e9brons No\u00ebl : QUE J\u00c9SUS, LE FILS DE DIEU, EST VENU DU CIEL SUR LA TERRE POUR \u00caTRE NOTRE MEILLEUR AMI.<\/p>\n<p style=\"text-align: justify;\">Dites-le \u00e0 tous les enfants !<\/p>\n<p style=\"text-align: justify;\">Le pr\u00eatre pr\u00e9sente l'ENFANT J\u00c9SUS \u00e0 toute l\u2019assembl\u00e9e.<\/p>\n<div class=\"et_pb_slider et_pb_slider_fullwidth_off et_pb_gallery_post_type\">\n\t\t\t\t<div class=\"et_pb_slides\">\n\t\t\t\t\t\n\t\t\t\t<\/div>\n\t\t\t<\/div><\/p>\n","protected":false},"excerpt":{"rendered":"<p>[Province de Madrid-Santa Lu\u00edsa]&nbsp;Nous avons f\u00eat\u00e9 la naissance de J\u00e9sus \u00e0 Bethl\u00e9em avec toutes les personnes qui vivent et passent dans la maison&nbsp;: personnes accueillies, travailleurs, b\u00e9n\u00e9voles, s\u0153urs. Nous avons contempl\u00e9 la pauvret\u00e9 de Marie et Joseph, parents de J\u00e9sus, qui ont couch\u00e9 leur Fils dans une mangeoire sur le foin, parce qu&rsquo;il n&rsquo;y avait [&hellip;]<\/p>\n","protected":false},"author":1,"featured_media":14336,"comment_status":"closed","ping_status":"closed","sticky":false,"template":"","format":"standard","meta":{"_acf_changed":false,"footnotes":"","_links_to":"","_links_to_target":""},"categories":[812],"tags":[],"class_list":["post-19100","post","type-post","status-publish","format-standard","has-post-thumbnail","hentry","category-madrid-santa-luisa-fr"],"acf":[],"yoast_head":"<!-- This site is optimized with the Yoast SEO plugin v27.5 - https:\/\/yoast.com\/product\/yoast-seo-wordpress\/ -->\n<title>Pri\u00e8re \u2013 C\u00e9l\u00e9bration de No\u00ebl - Filles de la Charit\u00e9<\/title>\n<meta name=\"robots\" content=\"index, follow, max-snippet:-1, max-image-preview:large, max-video-preview:-1\" \/>\n<link rel=\"canonical\" href=\"https:\/\/filles-de-la-charite.org\/fr\/christmas-prayer-celebration-at-san-vicente-de-paul-integral-program-2\/\" \/>\n<meta property=\"og:locale\" content=\"fr_FR\" \/>\n<meta property=\"og:type\" content=\"article\" \/>\n<meta property=\"og:title\" content=\"Pri\u00e8re \u2013 C\u00e9l\u00e9bration de No\u00ebl - Filles de la Charit\u00e9\" \/>\n<meta property=\"og:description\" content=\"[Province de Madrid-Santa Lu\u00edsa]&nbsp;Nous avons f\u00eat\u00e9 la naissance de J\u00e9sus \u00e0 Bethl\u00e9em avec toutes les personnes qui vivent et passent dans la maison&nbsp;: personnes accueillies, travailleurs, b\u00e9n\u00e9voles, s\u0153urs. Nous avons contempl\u00e9 la pauvret\u00e9 de Marie et Joseph, parents de J\u00e9sus, qui ont couch\u00e9 leur Fils dans une mangeoire sur le foin, parce qu&rsquo;il n&rsquo;y avait [&hellip;]\" \/>\n<meta property=\"og:url\" content=\"https:\/\/filles-de-la-charite.org\/fr\/christmas-prayer-celebration-at-san-vicente-de-paul-integral-program-2\/\" \/>\n<meta property=\"og:site_name\" content=\"Filles de la Charit\u00e9\" \/>\n<meta property=\"article:published_time\" content=\"2020-01-13T22:36:03+00:00\" \/>\n<meta property=\"article:modified_time\" content=\"2024-03-17T17:47:47+00:00\" \/>\n<meta property=\"og:image\" content=\"https:\/\/filles-de-la-charite.org\/wp-content\/uploads\/2023\/06\/200113-Christmas-thmb-300x200-1.jpg\" \/>\n\t<meta property=\"og:image:width\" content=\"300\" \/>\n\t<meta property=\"og:image:height\" content=\"200\" \/>\n\t<meta property=\"og:image:type\" content=\"image\/jpeg\" \/>\n<meta name=\"author\" content=\"admin\" \/>\n<meta name=\"twitter:card\" content=\"summary_large_image\" \/>\n<meta name=\"twitter:label1\" content=\"\u00c9crit par\" \/>\n\t<meta name=\"twitter:data1\" content=\"admin\" \/>\n\t<meta name=\"twitter:label2\" content=\"Dur\u00e9e de lecture estim\u00e9e\" \/>\n\t<meta name=\"twitter:data2\" content=\"5 minutes\" \/>\n<script type=\"application\/ld+json\" class=\"yoast-schema-graph\">{\"@context\":\"https:\\\/\\\/schema.org\",\"@graph\":[{\"@type\":\"Article\",\"@id\":\"https:\\\/\\\/filles-de-la-charite.org\\\/fr\\\/christmas-prayer-celebration-at-san-vicente-de-paul-integral-program-2\\\/#article\",\"isPartOf\":{\"@id\":\"https:\\\/\\\/filles-de-la-charite.org\\\/fr\\\/christmas-prayer-celebration-at-san-vicente-de-paul-integral-program-2\\\/\"},\"author\":{\"name\":\"admin\",\"@id\":\"https:\\\/\\\/filles-de-la-charite.org\\\/fr\\\/#\\\/schema\\\/person\\\/427567b2eccfc2dd7d206da186a1f438\"},\"headline\":\"Pri\u00e8re \u2013 C\u00e9l\u00e9bration de No\u00ebl\",\"datePublished\":\"2020-01-13T22:36:03+00:00\",\"dateModified\":\"2024-03-17T17:47:47+00:00\",\"mainEntityOfPage\":{\"@id\":\"https:\\\/\\\/filles-de-la-charite.org\\\/fr\\\/christmas-prayer-celebration-at-san-vicente-de-paul-integral-program-2\\\/\"},\"wordCount\":1010,\"publisher\":{\"@id\":\"https:\\\/\\\/filles-de-la-charite.org\\\/fr\\\/#organization\"},\"image\":{\"@id\":\"https:\\\/\\\/filles-de-la-charite.org\\\/fr\\\/christmas-prayer-celebration-at-san-vicente-de-paul-integral-program-2\\\/#primaryimage\"},\"thumbnailUrl\":\"https:\\\/\\\/filles-de-la-charite.org\\\/wp-content\\\/uploads\\\/2023\\\/06\\\/200113-Christmas-thmb-300x200-1.jpg\",\"articleSection\":[\"Madrid - Santa Luisa\"],\"inLanguage\":\"fr-FR\"},{\"@type\":\"WebPage\",\"@id\":\"https:\\\/\\\/filles-de-la-charite.org\\\/fr\\\/christmas-prayer-celebration-at-san-vicente-de-paul-integral-program-2\\\/\",\"url\":\"https:\\\/\\\/filles-de-la-charite.org\\\/fr\\\/christmas-prayer-celebration-at-san-vicente-de-paul-integral-program-2\\\/\",\"name\":\"Pri\u00e8re \u2013 C\u00e9l\u00e9bration de No\u00ebl - Filles de la Charit\u00e9\",\"isPartOf\":{\"@id\":\"https:\\\/\\\/filles-de-la-charite.org\\\/fr\\\/#website\"},\"primaryImageOfPage\":{\"@id\":\"https:\\\/\\\/filles-de-la-charite.org\\\/fr\\\/christmas-prayer-celebration-at-san-vicente-de-paul-integral-program-2\\\/#primaryimage\"},\"image\":{\"@id\":\"https:\\\/\\\/filles-de-la-charite.org\\\/fr\\\/christmas-prayer-celebration-at-san-vicente-de-paul-integral-program-2\\\/#primaryimage\"},\"thumbnailUrl\":\"https:\\\/\\\/filles-de-la-charite.org\\\/wp-content\\\/uploads\\\/2023\\\/06\\\/200113-Christmas-thmb-300x200-1.jpg\",\"datePublished\":\"2020-01-13T22:36:03+00:00\",\"dateModified\":\"2024-03-17T17:47:47+00:00\",\"breadcrumb\":{\"@id\":\"https:\\\/\\\/filles-de-la-charite.org\\\/fr\\\/christmas-prayer-celebration-at-san-vicente-de-paul-integral-program-2\\\/#breadcrumb\"},\"inLanguage\":\"fr-FR\",\"potentialAction\":[{\"@type\":\"ReadAction\",\"target\":[\"https:\\\/\\\/filles-de-la-charite.org\\\/fr\\\/christmas-prayer-celebration-at-san-vicente-de-paul-integral-program-2\\\/\"]}]},{\"@type\":\"ImageObject\",\"inLanguage\":\"fr-FR\",\"@id\":\"https:\\\/\\\/filles-de-la-charite.org\\\/fr\\\/christmas-prayer-celebration-at-san-vicente-de-paul-integral-program-2\\\/#primaryimage\",\"url\":\"https:\\\/\\\/filles-de-la-charite.org\\\/wp-content\\\/uploads\\\/2023\\\/06\\\/200113-Christmas-thmb-300x200-1.jpg\",\"contentUrl\":\"https:\\\/\\\/filles-de-la-charite.org\\\/wp-content\\\/uploads\\\/2023\\\/06\\\/200113-Christmas-thmb-300x200-1.jpg\",\"width\":300,\"height\":200},{\"@type\":\"BreadcrumbList\",\"@id\":\"https:\\\/\\\/filles-de-la-charite.org\\\/fr\\\/christmas-prayer-celebration-at-san-vicente-de-paul-integral-program-2\\\/#breadcrumb\",\"itemListElement\":[{\"@type\":\"ListItem\",\"position\":1,\"name\":\"Filles de la Charit\u00e9\",\"item\":\"https:\\\/\\\/filles-de-la-charite.org\\\/fr\\\/category\\\/filles-de-la-charite\\\/\"},{\"@type\":\"ListItem\",\"position\":2,\"name\":\"Pri\u00e8re \u2013 C\u00e9l\u00e9bration de No\u00ebl\"}]},{\"@type\":\"WebSite\",\"@id\":\"https:\\\/\\\/filles-de-la-charite.org\\\/fr\\\/#website\",\"url\":\"https:\\\/\\\/filles-de-la-charite.org\\\/fr\\\/\",\"name\":\"Hijas de la Caridad\",\"description\":\"L\u2019amour de J\u00e9sus nous presse \u00e0 prendre soin des personnes les plus d\u00e9munies\",\"publisher\":{\"@id\":\"https:\\\/\\\/filles-de-la-charite.org\\\/fr\\\/#organization\"},\"potentialAction\":[{\"@type\":\"SearchAction\",\"target\":{\"@type\":\"EntryPoint\",\"urlTemplate\":\"https:\\\/\\\/filles-de-la-charite.org\\\/fr\\\/?s={search_term_string}\"},\"query-input\":{\"@type\":\"PropertyValueSpecification\",\"valueRequired\":true,\"valueName\":\"search_term_string\"}}],\"inLanguage\":\"fr-FR\"},{\"@type\":\"Organization\",\"@id\":\"https:\\\/\\\/filles-de-la-charite.org\\\/fr\\\/#organization\",\"name\":\"Hijas de la Caridad\",\"url\":\"https:\\\/\\\/filles-de-la-charite.org\\\/fr\\\/\",\"logo\":{\"@type\":\"ImageObject\",\"inLanguage\":\"fr-FR\",\"@id\":\"https:\\\/\\\/filles-de-la-charite.org\\\/fr\\\/#\\\/schema\\\/logo\\\/image\\\/\",\"url\":\"https:\\\/\\\/filles-de-la-charite.org\\\/wp-content\\\/uploads\\\/2023\\\/03\\\/isotipo-Hijas-de-la-Caridad.png\",\"contentUrl\":\"https:\\\/\\\/filles-de-la-charite.org\\\/wp-content\\\/uploads\\\/2023\\\/03\\\/isotipo-Hijas-de-la-Caridad.png\",\"width\":1417,\"height\":1417,\"caption\":\"Hijas de la Caridad\"},\"image\":{\"@id\":\"https:\\\/\\\/filles-de-la-charite.org\\\/fr\\\/#\\\/schema\\\/logo\\\/image\\\/\"}},{\"@type\":\"Person\",\"@id\":\"https:\\\/\\\/filles-de-la-charite.org\\\/fr\\\/#\\\/schema\\\/person\\\/427567b2eccfc2dd7d206da186a1f438\",\"name\":\"admin\",\"image\":{\"@type\":\"ImageObject\",\"inLanguage\":\"fr-FR\",\"@id\":\"https:\\\/\\\/secure.gravatar.com\\\/avatar\\\/948b492cce32b586ac2db0eaa926ee87024f7afe218d73b397ea5ddfc5f43ea1?s=96&d=mm&r=g\",\"url\":\"https:\\\/\\\/secure.gravatar.com\\\/avatar\\\/948b492cce32b586ac2db0eaa926ee87024f7afe218d73b397ea5ddfc5f43ea1?s=96&d=mm&r=g\",\"contentUrl\":\"https:\\\/\\\/secure.gravatar.com\\\/avatar\\\/948b492cce32b586ac2db0eaa926ee87024f7afe218d73b397ea5ddfc5f43ea1?s=96&d=mm&r=g\",\"caption\":\"admin\"},\"sameAs\":[\"https:\\\/\\\/filles-de-la-charite.org\"],\"url\":\"https:\\\/\\\/filles-de-la-charite.org\\\/fr\\\/author\\\/caridad\\\/\"}]}<\/script>\n<!-- \/ Yoast SEO plugin. -->","yoast_head_json":{"title":"Pri\u00e8re \u2013 C\u00e9l\u00e9bration de No\u00ebl - Filles de la Charit\u00e9","robots":{"index":"index","follow":"follow","max-snippet":"max-snippet:-1","max-image-preview":"max-image-preview:large","max-video-preview":"max-video-preview:-1"},"canonical":"https:\/\/filles-de-la-charite.org\/fr\/christmas-prayer-celebration-at-san-vicente-de-paul-integral-program-2\/","og_locale":"fr_FR","og_type":"article","og_title":"Pri\u00e8re \u2013 C\u00e9l\u00e9bration de No\u00ebl - Filles de la Charit\u00e9","og_description":"[Province de Madrid-Santa Lu\u00edsa]&nbsp;Nous avons f\u00eat\u00e9 la naissance de J\u00e9sus \u00e0 Bethl\u00e9em avec toutes les personnes qui vivent et passent dans la maison&nbsp;: personnes accueillies, travailleurs, b\u00e9n\u00e9voles, s\u0153urs. Nous avons contempl\u00e9 la pauvret\u00e9 de Marie et Joseph, parents de J\u00e9sus, qui ont couch\u00e9 leur Fils dans une mangeoire sur le foin, parce qu&rsquo;il n&rsquo;y avait [&hellip;]","og_url":"https:\/\/filles-de-la-charite.org\/fr\/christmas-prayer-celebration-at-san-vicente-de-paul-integral-program-2\/","og_site_name":"Filles de la Charit\u00e9","article_published_time":"2020-01-13T22:36:03+00:00","article_modified_time":"2024-03-17T17:47:47+00:00","og_image":[{"width":300,"height":200,"url":"https:\/\/filles-de-la-charite.org\/wp-content\/uploads\/2023\/06\/200113-Christmas-thmb-300x200-1.jpg","type":"image\/jpeg"}],"author":"admin","twitter_card":"summary_large_image","twitter_misc":{"\u00c9crit par":"admin","Dur\u00e9e de lecture estim\u00e9e":"5 minutes"},"schema":{"@context":"https:\/\/schema.org","@graph":[{"@type":"Article","@id":"https:\/\/filles-de-la-charite.org\/fr\/christmas-prayer-celebration-at-san-vicente-de-paul-integral-program-2\/#article","isPartOf":{"@id":"https:\/\/filles-de-la-charite.org\/fr\/christmas-prayer-celebration-at-san-vicente-de-paul-integral-program-2\/"},"author":{"name":"admin","@id":"https:\/\/filles-de-la-charite.org\/fr\/#\/schema\/person\/427567b2eccfc2dd7d206da186a1f438"},"headline":"Pri\u00e8re \u2013 C\u00e9l\u00e9bration de No\u00ebl","datePublished":"2020-01-13T22:36:03+00:00","dateModified":"2024-03-17T17:47:47+00:00","mainEntityOfPage":{"@id":"https:\/\/filles-de-la-charite.org\/fr\/christmas-prayer-celebration-at-san-vicente-de-paul-integral-program-2\/"},"wordCount":1010,"publisher":{"@id":"https:\/\/filles-de-la-charite.org\/fr\/#organization"},"image":{"@id":"https:\/\/filles-de-la-charite.org\/fr\/christmas-prayer-celebration-at-san-vicente-de-paul-integral-program-2\/#primaryimage"},"thumbnailUrl":"https:\/\/filles-de-la-charite.org\/wp-content\/uploads\/2023\/06\/200113-Christmas-thmb-300x200-1.jpg","articleSection":["Madrid - Santa Luisa"],"inLanguage":"fr-FR"},{"@type":"WebPage","@id":"https:\/\/filles-de-la-charite.org\/fr\/christmas-prayer-celebration-at-san-vicente-de-paul-integral-program-2\/","url":"https:\/\/filles-de-la-charite.org\/fr\/christmas-prayer-celebration-at-san-vicente-de-paul-integral-program-2\/","name":"Pri\u00e8re \u2013 C\u00e9l\u00e9bration de No\u00ebl - Filles de la Charit\u00e9","isPartOf":{"@id":"https:\/\/filles-de-la-charite.org\/fr\/#website"},"primaryImageOfPage":{"@id":"https:\/\/filles-de-la-charite.org\/fr\/christmas-prayer-celebration-at-san-vicente-de-paul-integral-program-2\/#primaryimage"},"image":{"@id":"https:\/\/filles-de-la-charite.org\/fr\/christmas-prayer-celebration-at-san-vicente-de-paul-integral-program-2\/#primaryimage"},"thumbnailUrl":"https:\/\/filles-de-la-charite.org\/wp-content\/uploads\/2023\/06\/200113-Christmas-thmb-300x200-1.jpg","datePublished":"2020-01-13T22:36:03+00:00","dateModified":"2024-03-17T17:47:47+00:00","breadcrumb":{"@id":"https:\/\/filles-de-la-charite.org\/fr\/christmas-prayer-celebration-at-san-vicente-de-paul-integral-program-2\/#breadcrumb"},"inLanguage":"fr-FR","potentialAction":[{"@type":"ReadAction","target":["https:\/\/filles-de-la-charite.org\/fr\/christmas-prayer-celebration-at-san-vicente-de-paul-integral-program-2\/"]}]},{"@type":"ImageObject","inLanguage":"fr-FR","@id":"https:\/\/filles-de-la-charite.org\/fr\/christmas-prayer-celebration-at-san-vicente-de-paul-integral-program-2\/#primaryimage","url":"https:\/\/filles-de-la-charite.org\/wp-content\/uploads\/2023\/06\/200113-Christmas-thmb-300x200-1.jpg","contentUrl":"https:\/\/filles-de-la-charite.org\/wp-content\/uploads\/2023\/06\/200113-Christmas-thmb-300x200-1.jpg","width":300,"height":200},{"@type":"BreadcrumbList","@id":"https:\/\/filles-de-la-charite.org\/fr\/christmas-prayer-celebration-at-san-vicente-de-paul-integral-program-2\/#breadcrumb","itemListElement":[{"@type":"ListItem","position":1,"name":"Filles de la Charit\u00e9","item":"https:\/\/filles-de-la-charite.org\/fr\/category\/filles-de-la-charite\/"},{"@type":"ListItem","position":2,"name":"Pri\u00e8re \u2013 C\u00e9l\u00e9bration de No\u00ebl"}]},{"@type":"WebSite","@id":"https:\/\/filles-de-la-charite.org\/fr\/#website","url":"https:\/\/filles-de-la-charite.org\/fr\/","name":"Hijas de la Caridad","description":"L\u2019amour de J\u00e9sus nous presse \u00e0 prendre soin des personnes les plus d\u00e9munies","publisher":{"@id":"https:\/\/filles-de-la-charite.org\/fr\/#organization"},"potentialAction":[{"@type":"SearchAction","target":{"@type":"EntryPoint","urlTemplate":"https:\/\/filles-de-la-charite.org\/fr\/?s={search_term_string}"},"query-input":{"@type":"PropertyValueSpecification","valueRequired":true,"valueName":"search_term_string"}}],"inLanguage":"fr-FR"},{"@type":"Organization","@id":"https:\/\/filles-de-la-charite.org\/fr\/#organization","name":"Hijas de la Caridad","url":"https:\/\/filles-de-la-charite.org\/fr\/","logo":{"@type":"ImageObject","inLanguage":"fr-FR","@id":"https:\/\/filles-de-la-charite.org\/fr\/#\/schema\/logo\/image\/","url":"https:\/\/filles-de-la-charite.org\/wp-content\/uploads\/2023\/03\/isotipo-Hijas-de-la-Caridad.png","contentUrl":"https:\/\/filles-de-la-charite.org\/wp-content\/uploads\/2023\/03\/isotipo-Hijas-de-la-Caridad.png","width":1417,"height":1417,"caption":"Hijas de la Caridad"},"image":{"@id":"https:\/\/filles-de-la-charite.org\/fr\/#\/schema\/logo\/image\/"}},{"@type":"Person","@id":"https:\/\/filles-de-la-charite.org\/fr\/#\/schema\/person\/427567b2eccfc2dd7d206da186a1f438","name":"admin","image":{"@type":"ImageObject","inLanguage":"fr-FR","@id":"https:\/\/secure.gravatar.com\/avatar\/948b492cce32b586ac2db0eaa926ee87024f7afe218d73b397ea5ddfc5f43ea1?s=96&d=mm&r=g","url":"https:\/\/secure.gravatar.com\/avatar\/948b492cce32b586ac2db0eaa926ee87024f7afe218d73b397ea5ddfc5f43ea1?s=96&d=mm&r=g","contentUrl":"https:\/\/secure.gravatar.com\/avatar\/948b492cce32b586ac2db0eaa926ee87024f7afe218d73b397ea5ddfc5f43ea1?s=96&d=mm&r=g","caption":"admin"},"sameAs":["https:\/\/filles-de-la-charite.org"],"url":"https:\/\/filles-de-la-charite.org\/fr\/author\/caridad\/"}]}},"_links":{"self":[{"href":"https:\/\/filles-de-la-charite.org\/fr\/wp-json\/wp\/v2\/posts\/19100","targetHints":{"allow":["GET"]}}],"collection":[{"href":"https:\/\/filles-de-la-charite.org\/fr\/wp-json\/wp\/v2\/posts"}],"about":[{"href":"https:\/\/filles-de-la-charite.org\/fr\/wp-json\/wp\/v2\/types\/post"}],"author":[{"embeddable":true,"href":"https:\/\/filles-de-la-charite.org\/fr\/wp-json\/wp\/v2\/users\/1"}],"replies":[{"embeddable":true,"href":"https:\/\/filles-de-la-charite.org\/fr\/wp-json\/wp\/v2\/comments?post=19100"}],"version-history":[{"count":2,"href":"https:\/\/filles-de-la-charite.org\/fr\/wp-json\/wp\/v2\/posts\/19100\/revisions"}],"predecessor-version":[{"id":19108,"href":"https:\/\/filles-de-la-charite.org\/fr\/wp-json\/wp\/v2\/posts\/19100\/revisions\/19108"}],"wp:featuredmedia":[{"embeddable":true,"href":"https:\/\/filles-de-la-charite.org\/fr\/wp-json\/wp\/v2\/media\/14336"}],"wp:attachment":[{"href":"https:\/\/filles-de-la-charite.org\/fr\/wp-json\/wp\/v2\/media?parent=19100"}],"wp:term":[{"taxonomy":"category","embeddable":true,"href":"https:\/\/filles-de-la-charite.org\/fr\/wp-json\/wp\/v2\/categories?post=19100"},{"taxonomy":"post_tag","embeddable":true,"href":"https:\/\/filles-de-la-charite.org\/fr\/wp-json\/wp\/v2\/tags?post=19100"}],"curies":[{"name":"wp","href":"https:\/\/api.w.org\/{rel}","templated":true}]}}