{"id":19109,"date":"2020-02-03T23:26:38","date_gmt":"2020-02-03T22:26:38","guid":{"rendered":"https:\/\/hijascaridad.sjdigitaldemo.ovh\/premiere-annee-du-projet-interprovincial-de-melilla\/"},"modified":"2024-03-17T18:47:35","modified_gmt":"2024-03-17T17:47:35","slug":"premiere-annee-du-projet-interprovincial-de-melilla","status":"publish","type":"post","link":"https:\/\/filles-de-la-charite.org\/fr\/premiere-annee-du-projet-interprovincial-de-melilla\/","title":{"rendered":"Premi\u00e8re ann\u00e9e du projet interprovincial de Melilla"},"content":{"rendered":"\n<p>\u00c0 la suite du message du Pape, qui nous invite \u00e0 \u201c\u00eatre une communaut\u00e9 en route\u201d, les Provinces des Filles de la Charit\u00e9 d\u2019Espagne se sont rendues \u00e0 Melilla, pour cr\u00e9er une mission interprovinciale qui soulage la d\u00e9tresse des enfants immigrants vivant dans la rue.<\/p>\n\n\n\n<p>Il y a un an, faisant confiance \u00e0 la Divine Providence, 5 filles de la Charit\u00e9 sont arriv\u00e9es \u00e0 Melilla avec comme premi\u00e8res objectifs d\u2019apprendre \u00e0 se conna\u00eetre, de s\u2019installer et de rencontrer les gens. Le p\u00e8re Rafael, cur\u00e9 de la paroisse, nous a accueillies et nous a aid\u00e9es \u00e0 trouver nos rep\u00e8res dans la ville.<\/p>\n\n\n\n<p>Cette premi\u00e8re ann\u00e9e s\u2019est d\u00e9roul\u00e9e \u00e0 l\u2019exemple de J\u00e9sus de Nazareth qui traversait les villages en parlant, en \u00e9coutant et en r\u00e9confortant les personnes. Nous avons commenc\u00e9 \u00e0 faire de m\u00eame. Nous avons cherch\u00e9 les endroits o\u00f9 vivaient les \u201cjeunes\u201d, avons rencontr\u00e9 les autorit\u00e9s et les collaborateurs. Nous avons \u00e9tudi\u00e9 l\u2019arabe et le fran\u00e7ais pour communiquer avec les enfants.<\/p>\n\n\n\n<p>Maintenant, nous avons un endroit o\u00f9 ils peuvent passer des apr\u00e8s-midis&nbsp;: apprendre l\u2019espagnol, se connecter avec leurs familles et amis via Internet. \u00c0 21h, nous accompagnons un groupe de b\u00e9n\u00e9voles qui apportent de la nourriture \u00e0 tous ceux qui sont dans la rue (parfois pas si jeunes). Il y a parfois jusqu\u2019\u00e0 100 personnes.<\/p>\n\n\n\n<p>Les jeunes veulent aller sur la p\u00e9ninsule. Pour ce faire, ils prennent souvent de grands risques, voyageant sous des camions ou se cachant sur des bateaux. Ils savent que certains n\u2019y arriveront pas, mais ils essaient quand m\u00eame.<\/p>\n\n\n\n<div class=\"wp-block-image\"><figure class=\"aligncenter size-large\"><img decoding=\"async\" src=\"https:\/\/filles-de-la-charite.org\/wp-content\/uploads\/2023\/06\/200204-Melila-3-4-768x792-1.jpg\" alt=\"\" class=\"wp-image-41084\" \/><\/figure><\/div>\n\n\n\n<p>\u00c0 Melilla, nous collaborons avec la paroisse Caritas en visitant les familles, en donnant des cours de langue et de cat\u00e9ch\u00e8se apr\u00e8s la premi\u00e8re communion ; une s\u0153ur collabore au conseil paroissial, au groupe liturgique, etc.<\/p>\n\n\n\n<p>Chaque jour, une s\u0153ur se rend \u00e0 Nador, au Maroc, pour collaborer avec la d\u00e9l\u00e9gation de l\u2019immigration. Les migrants subsahariens vivent dans des camps et sont pass\u00e9s par les montagnes. Vendredi apr\u00e8s-midi, nous visitons le CETI, Centre de r\u00e9tention des \u00e9trangers o\u00f9 nous rencontrons les immigr\u00e9s demandeurs d\u2019asile et capables de se d\u00e9placer vers la p\u00e9ninsule (beaucoup sont arriv\u00e9s en bateau ou viennent de traverser la barri\u00e8re frontali\u00e8re). Nous avons parfois la joie de les retrouver dans les montagnes de Nador ou sur la p\u00e9ninsule. Lorsqu\u2019ils passent sur la p\u00e9ninsule, nous continuons de garder contact avec certains d\u2019entre eux.<\/p>\n\n\n\n<p>Nous avons appris l\u2019importance de nous donner du temps pour former une communaut\u00e9 qui vivent dans le respect et l\u2019affection. Nous avons appris \u00e0 faire confiance \u00e0 la Divine Providence alors que nous ne savions pas quoi faire. La Divine Providence nous montre chaque jour \u201cQUE FAIRE ET COMMENT LE FAIRE\u201d.<\/p>\n\n\n\n<p>Alors que d\u2019autres besoins \u00e9mergent, nous r\u00e9pondons avec ouverture \u00e0 tout ce que la Divine Providence nous demande. Petit \u00e0 petit, des besoins apparaissent et d\u2019autres activit\u00e9s commencent.<\/p>\n\n\n\n<div class=\"wp-block-image\"><figure class=\"aligncenter size-large\"><img decoding=\"async\" src=\"https:\/\/filles-de-la-charite.org\/wp-content\/uploads\/2023\/06\/200204-Melila-1-2-768x792-1.jpg\" alt=\"\" class=\"wp-image-41076\" \/><\/figure><\/div>\n","protected":false},"excerpt":{"rendered":"<p>\u00c0 la suite du message du Pape, qui nous invite \u00e0 \u201c\u00eatre une communaut\u00e9 en route\u201d, les Provinces des Filles de la Charit\u00e9 d\u2019Espagne se sont rendues \u00e0 Melilla, pour cr\u00e9er une mission interprovinciale qui soulage la d\u00e9tresse des enfants immigrants vivant dans la rue. Il y a un an, faisant confiance \u00e0 la Divine [&hellip;]<\/p>\n","protected":false},"author":1,"featured_media":14356,"comment_status":"closed","ping_status":"closed","sticky":false,"template":"","format":"standard","meta":{"_acf_changed":false,"footnotes":"","_links_to":"","_links_to_target":""},"categories":[765],"tags":[],"class_list":["post-19109","post","type-post","status-publish","format-standard","has-post-thumbnail","hentry","category-espana-fr"],"acf":[],"yoast_head":"<!-- This site is optimized with the Yoast SEO plugin v27.5 - https:\/\/yoast.com\/product\/yoast-seo-wordpress\/ -->\n<title>Premi\u00e8re ann\u00e9e du projet interprovincial de Melilla - Filles de la Charit\u00e9<\/title>\n<meta name=\"robots\" content=\"index, follow, max-snippet:-1, max-image-preview:large, max-video-preview:-1\" \/>\n<link rel=\"canonical\" href=\"https:\/\/filles-de-la-charite.org\/fr\/premiere-annee-du-projet-interprovincial-de-melilla\/\" \/>\n<meta property=\"og:locale\" content=\"fr_FR\" \/>\n<meta property=\"og:type\" content=\"article\" \/>\n<meta property=\"og:title\" content=\"Premi\u00e8re ann\u00e9e du projet interprovincial de Melilla - Filles de la Charit\u00e9\" \/>\n<meta property=\"og:description\" content=\"\u00c0 la suite du message du Pape, qui nous invite \u00e0 \u201c\u00eatre une communaut\u00e9 en route\u201d, les Provinces des Filles de la Charit\u00e9 d\u2019Espagne se sont rendues \u00e0 Melilla, pour cr\u00e9er une mission interprovinciale qui soulage la d\u00e9tresse des enfants immigrants vivant dans la rue. Il y a un an, faisant confiance \u00e0 la Divine [&hellip;]\" \/>\n<meta property=\"og:url\" content=\"https:\/\/filles-de-la-charite.org\/fr\/premiere-annee-du-projet-interprovincial-de-melilla\/\" \/>\n<meta property=\"og:site_name\" content=\"Filles de la Charit\u00e9\" \/>\n<meta property=\"article:published_time\" content=\"2020-02-03T22:26:38+00:00\" \/>\n<meta property=\"article:modified_time\" content=\"2024-03-17T17:47:35+00:00\" \/>\n<meta property=\"og:image\" content=\"https:\/\/filles-de-la-charite.org\/wp-content\/uploads\/2023\/06\/200204-Melila-thmb.jpg\" \/>\n\t<meta property=\"og:image:width\" content=\"450\" \/>\n\t<meta property=\"og:image:height\" content=\"300\" \/>\n\t<meta property=\"og:image:type\" content=\"image\/jpeg\" \/>\n<meta name=\"author\" content=\"admin\" \/>\n<meta name=\"twitter:card\" content=\"summary_large_image\" \/>\n<meta name=\"twitter:label1\" content=\"\u00c9crit par\" \/>\n\t<meta name=\"twitter:data1\" content=\"admin\" \/>\n\t<meta name=\"twitter:label2\" content=\"Dur\u00e9e de lecture estim\u00e9e\" \/>\n\t<meta name=\"twitter:data2\" content=\"3 minutes\" \/>\n<script type=\"application\/ld+json\" class=\"yoast-schema-graph\">{\"@context\":\"https:\\\/\\\/schema.org\",\"@graph\":[{\"@type\":\"Article\",\"@id\":\"https:\\\/\\\/filles-de-la-charite.org\\\/fr\\\/premiere-annee-du-projet-interprovincial-de-melilla\\\/#article\",\"isPartOf\":{\"@id\":\"https:\\\/\\\/filles-de-la-charite.org\\\/fr\\\/premiere-annee-du-projet-interprovincial-de-melilla\\\/\"},\"author\":{\"name\":\"admin\",\"@id\":\"https:\\\/\\\/filles-de-la-charite.org\\\/fr\\\/#\\\/schema\\\/person\\\/427567b2eccfc2dd7d206da186a1f438\"},\"headline\":\"Premi\u00e8re ann\u00e9e du projet interprovincial de Melilla\",\"datePublished\":\"2020-02-03T22:26:38+00:00\",\"dateModified\":\"2024-03-17T17:47:35+00:00\",\"mainEntityOfPage\":{\"@id\":\"https:\\\/\\\/filles-de-la-charite.org\\\/fr\\\/premiere-annee-du-projet-interprovincial-de-melilla\\\/\"},\"wordCount\":515,\"publisher\":{\"@id\":\"https:\\\/\\\/filles-de-la-charite.org\\\/fr\\\/#organization\"},\"image\":{\"@id\":\"https:\\\/\\\/filles-de-la-charite.org\\\/fr\\\/premiere-annee-du-projet-interprovincial-de-melilla\\\/#primaryimage\"},\"thumbnailUrl\":\"https:\\\/\\\/filles-de-la-charite.org\\\/wp-content\\\/uploads\\\/2023\\\/06\\\/200204-Melila-thmb.jpg\",\"articleSection\":[\"Espagne\"],\"inLanguage\":\"fr-FR\"},{\"@type\":\"WebPage\",\"@id\":\"https:\\\/\\\/filles-de-la-charite.org\\\/fr\\\/premiere-annee-du-projet-interprovincial-de-melilla\\\/\",\"url\":\"https:\\\/\\\/filles-de-la-charite.org\\\/fr\\\/premiere-annee-du-projet-interprovincial-de-melilla\\\/\",\"name\":\"Premi\u00e8re ann\u00e9e du projet interprovincial de Melilla - Filles de la Charit\u00e9\",\"isPartOf\":{\"@id\":\"https:\\\/\\\/filles-de-la-charite.org\\\/fr\\\/#website\"},\"primaryImageOfPage\":{\"@id\":\"https:\\\/\\\/filles-de-la-charite.org\\\/fr\\\/premiere-annee-du-projet-interprovincial-de-melilla\\\/#primaryimage\"},\"image\":{\"@id\":\"https:\\\/\\\/filles-de-la-charite.org\\\/fr\\\/premiere-annee-du-projet-interprovincial-de-melilla\\\/#primaryimage\"},\"thumbnailUrl\":\"https:\\\/\\\/filles-de-la-charite.org\\\/wp-content\\\/uploads\\\/2023\\\/06\\\/200204-Melila-thmb.jpg\",\"datePublished\":\"2020-02-03T22:26:38+00:00\",\"dateModified\":\"2024-03-17T17:47:35+00:00\",\"breadcrumb\":{\"@id\":\"https:\\\/\\\/filles-de-la-charite.org\\\/fr\\\/premiere-annee-du-projet-interprovincial-de-melilla\\\/#breadcrumb\"},\"inLanguage\":\"fr-FR\",\"potentialAction\":[{\"@type\":\"ReadAction\",\"target\":[\"https:\\\/\\\/filles-de-la-charite.org\\\/fr\\\/premiere-annee-du-projet-interprovincial-de-melilla\\\/\"]}]},{\"@type\":\"ImageObject\",\"inLanguage\":\"fr-FR\",\"@id\":\"https:\\\/\\\/filles-de-la-charite.org\\\/fr\\\/premiere-annee-du-projet-interprovincial-de-melilla\\\/#primaryimage\",\"url\":\"https:\\\/\\\/filles-de-la-charite.org\\\/wp-content\\\/uploads\\\/2023\\\/06\\\/200204-Melila-thmb.jpg\",\"contentUrl\":\"https:\\\/\\\/filles-de-la-charite.org\\\/wp-content\\\/uploads\\\/2023\\\/06\\\/200204-Melila-thmb.jpg\",\"width\":450,\"height\":300},{\"@type\":\"BreadcrumbList\",\"@id\":\"https:\\\/\\\/filles-de-la-charite.org\\\/fr\\\/premiere-annee-du-projet-interprovincial-de-melilla\\\/#breadcrumb\",\"itemListElement\":[{\"@type\":\"ListItem\",\"position\":1,\"name\":\"Espagne\",\"item\":\"https:\\\/\\\/filles-de-la-charite.org\\\/fr\\\/category\\\/espana-fr\\\/\"},{\"@type\":\"ListItem\",\"position\":2,\"name\":\"Premi\u00e8re ann\u00e9e du projet interprovincial de Melilla\"}]},{\"@type\":\"WebSite\",\"@id\":\"https:\\\/\\\/filles-de-la-charite.org\\\/fr\\\/#website\",\"url\":\"https:\\\/\\\/filles-de-la-charite.org\\\/fr\\\/\",\"name\":\"Hijas de la Caridad\",\"description\":\"L\u2019amour de J\u00e9sus nous presse \u00e0 prendre soin des personnes les plus d\u00e9munies\",\"publisher\":{\"@id\":\"https:\\\/\\\/filles-de-la-charite.org\\\/fr\\\/#organization\"},\"potentialAction\":[{\"@type\":\"SearchAction\",\"target\":{\"@type\":\"EntryPoint\",\"urlTemplate\":\"https:\\\/\\\/filles-de-la-charite.org\\\/fr\\\/?s={search_term_string}\"},\"query-input\":{\"@type\":\"PropertyValueSpecification\",\"valueRequired\":true,\"valueName\":\"search_term_string\"}}],\"inLanguage\":\"fr-FR\"},{\"@type\":\"Organization\",\"@id\":\"https:\\\/\\\/filles-de-la-charite.org\\\/fr\\\/#organization\",\"name\":\"Hijas de la Caridad\",\"url\":\"https:\\\/\\\/filles-de-la-charite.org\\\/fr\\\/\",\"logo\":{\"@type\":\"ImageObject\",\"inLanguage\":\"fr-FR\",\"@id\":\"https:\\\/\\\/filles-de-la-charite.org\\\/fr\\\/#\\\/schema\\\/logo\\\/image\\\/\",\"url\":\"https:\\\/\\\/filles-de-la-charite.org\\\/wp-content\\\/uploads\\\/2023\\\/03\\\/isotipo-Hijas-de-la-Caridad.png\",\"contentUrl\":\"https:\\\/\\\/filles-de-la-charite.org\\\/wp-content\\\/uploads\\\/2023\\\/03\\\/isotipo-Hijas-de-la-Caridad.png\",\"width\":1417,\"height\":1417,\"caption\":\"Hijas de la Caridad\"},\"image\":{\"@id\":\"https:\\\/\\\/filles-de-la-charite.org\\\/fr\\\/#\\\/schema\\\/logo\\\/image\\\/\"}},{\"@type\":\"Person\",\"@id\":\"https:\\\/\\\/filles-de-la-charite.org\\\/fr\\\/#\\\/schema\\\/person\\\/427567b2eccfc2dd7d206da186a1f438\",\"name\":\"admin\",\"image\":{\"@type\":\"ImageObject\",\"inLanguage\":\"fr-FR\",\"@id\":\"https:\\\/\\\/secure.gravatar.com\\\/avatar\\\/948b492cce32b586ac2db0eaa926ee87024f7afe218d73b397ea5ddfc5f43ea1?s=96&d=mm&r=g\",\"url\":\"https:\\\/\\\/secure.gravatar.com\\\/avatar\\\/948b492cce32b586ac2db0eaa926ee87024f7afe218d73b397ea5ddfc5f43ea1?s=96&d=mm&r=g\",\"contentUrl\":\"https:\\\/\\\/secure.gravatar.com\\\/avatar\\\/948b492cce32b586ac2db0eaa926ee87024f7afe218d73b397ea5ddfc5f43ea1?s=96&d=mm&r=g\",\"caption\":\"admin\"},\"sameAs\":[\"https:\\\/\\\/filles-de-la-charite.org\"],\"url\":\"https:\\\/\\\/filles-de-la-charite.org\\\/fr\\\/author\\\/caridad\\\/\"}]}<\/script>\n<!-- \/ Yoast SEO plugin. -->","yoast_head_json":{"title":"Premi\u00e8re ann\u00e9e du projet interprovincial de Melilla - Filles de la Charit\u00e9","robots":{"index":"index","follow":"follow","max-snippet":"max-snippet:-1","max-image-preview":"max-image-preview:large","max-video-preview":"max-video-preview:-1"},"canonical":"https:\/\/filles-de-la-charite.org\/fr\/premiere-annee-du-projet-interprovincial-de-melilla\/","og_locale":"fr_FR","og_type":"article","og_title":"Premi\u00e8re ann\u00e9e du projet interprovincial de Melilla - Filles de la Charit\u00e9","og_description":"\u00c0 la suite du message du Pape, qui nous invite \u00e0 \u201c\u00eatre une communaut\u00e9 en route\u201d, les Provinces des Filles de la Charit\u00e9 d\u2019Espagne se sont rendues \u00e0 Melilla, pour cr\u00e9er une mission interprovinciale qui soulage la d\u00e9tresse des enfants immigrants vivant dans la rue. Il y a un an, faisant confiance \u00e0 la Divine [&hellip;]","og_url":"https:\/\/filles-de-la-charite.org\/fr\/premiere-annee-du-projet-interprovincial-de-melilla\/","og_site_name":"Filles de la Charit\u00e9","article_published_time":"2020-02-03T22:26:38+00:00","article_modified_time":"2024-03-17T17:47:35+00:00","og_image":[{"width":450,"height":300,"url":"https:\/\/filles-de-la-charite.org\/wp-content\/uploads\/2023\/06\/200204-Melila-thmb.jpg","type":"image\/jpeg"}],"author":"admin","twitter_card":"summary_large_image","twitter_misc":{"\u00c9crit par":"admin","Dur\u00e9e de lecture estim\u00e9e":"3 minutes"},"schema":{"@context":"https:\/\/schema.org","@graph":[{"@type":"Article","@id":"https:\/\/filles-de-la-charite.org\/fr\/premiere-annee-du-projet-interprovincial-de-melilla\/#article","isPartOf":{"@id":"https:\/\/filles-de-la-charite.org\/fr\/premiere-annee-du-projet-interprovincial-de-melilla\/"},"author":{"name":"admin","@id":"https:\/\/filles-de-la-charite.org\/fr\/#\/schema\/person\/427567b2eccfc2dd7d206da186a1f438"},"headline":"Premi\u00e8re ann\u00e9e du projet interprovincial de Melilla","datePublished":"2020-02-03T22:26:38+00:00","dateModified":"2024-03-17T17:47:35+00:00","mainEntityOfPage":{"@id":"https:\/\/filles-de-la-charite.org\/fr\/premiere-annee-du-projet-interprovincial-de-melilla\/"},"wordCount":515,"publisher":{"@id":"https:\/\/filles-de-la-charite.org\/fr\/#organization"},"image":{"@id":"https:\/\/filles-de-la-charite.org\/fr\/premiere-annee-du-projet-interprovincial-de-melilla\/#primaryimage"},"thumbnailUrl":"https:\/\/filles-de-la-charite.org\/wp-content\/uploads\/2023\/06\/200204-Melila-thmb.jpg","articleSection":["Espagne"],"inLanguage":"fr-FR"},{"@type":"WebPage","@id":"https:\/\/filles-de-la-charite.org\/fr\/premiere-annee-du-projet-interprovincial-de-melilla\/","url":"https:\/\/filles-de-la-charite.org\/fr\/premiere-annee-du-projet-interprovincial-de-melilla\/","name":"Premi\u00e8re ann\u00e9e du projet interprovincial de Melilla - Filles de la Charit\u00e9","isPartOf":{"@id":"https:\/\/filles-de-la-charite.org\/fr\/#website"},"primaryImageOfPage":{"@id":"https:\/\/filles-de-la-charite.org\/fr\/premiere-annee-du-projet-interprovincial-de-melilla\/#primaryimage"},"image":{"@id":"https:\/\/filles-de-la-charite.org\/fr\/premiere-annee-du-projet-interprovincial-de-melilla\/#primaryimage"},"thumbnailUrl":"https:\/\/filles-de-la-charite.org\/wp-content\/uploads\/2023\/06\/200204-Melila-thmb.jpg","datePublished":"2020-02-03T22:26:38+00:00","dateModified":"2024-03-17T17:47:35+00:00","breadcrumb":{"@id":"https:\/\/filles-de-la-charite.org\/fr\/premiere-annee-du-projet-interprovincial-de-melilla\/#breadcrumb"},"inLanguage":"fr-FR","potentialAction":[{"@type":"ReadAction","target":["https:\/\/filles-de-la-charite.org\/fr\/premiere-annee-du-projet-interprovincial-de-melilla\/"]}]},{"@type":"ImageObject","inLanguage":"fr-FR","@id":"https:\/\/filles-de-la-charite.org\/fr\/premiere-annee-du-projet-interprovincial-de-melilla\/#primaryimage","url":"https:\/\/filles-de-la-charite.org\/wp-content\/uploads\/2023\/06\/200204-Melila-thmb.jpg","contentUrl":"https:\/\/filles-de-la-charite.org\/wp-content\/uploads\/2023\/06\/200204-Melila-thmb.jpg","width":450,"height":300},{"@type":"BreadcrumbList","@id":"https:\/\/filles-de-la-charite.org\/fr\/premiere-annee-du-projet-interprovincial-de-melilla\/#breadcrumb","itemListElement":[{"@type":"ListItem","position":1,"name":"Espagne","item":"https:\/\/filles-de-la-charite.org\/fr\/category\/espana-fr\/"},{"@type":"ListItem","position":2,"name":"Premi\u00e8re ann\u00e9e du projet interprovincial de Melilla"}]},{"@type":"WebSite","@id":"https:\/\/filles-de-la-charite.org\/fr\/#website","url":"https:\/\/filles-de-la-charite.org\/fr\/","name":"Hijas de la Caridad","description":"L\u2019amour de J\u00e9sus nous presse \u00e0 prendre soin des personnes les plus d\u00e9munies","publisher":{"@id":"https:\/\/filles-de-la-charite.org\/fr\/#organization"},"potentialAction":[{"@type":"SearchAction","target":{"@type":"EntryPoint","urlTemplate":"https:\/\/filles-de-la-charite.org\/fr\/?s={search_term_string}"},"query-input":{"@type":"PropertyValueSpecification","valueRequired":true,"valueName":"search_term_string"}}],"inLanguage":"fr-FR"},{"@type":"Organization","@id":"https:\/\/filles-de-la-charite.org\/fr\/#organization","name":"Hijas de la Caridad","url":"https:\/\/filles-de-la-charite.org\/fr\/","logo":{"@type":"ImageObject","inLanguage":"fr-FR","@id":"https:\/\/filles-de-la-charite.org\/fr\/#\/schema\/logo\/image\/","url":"https:\/\/filles-de-la-charite.org\/wp-content\/uploads\/2023\/03\/isotipo-Hijas-de-la-Caridad.png","contentUrl":"https:\/\/filles-de-la-charite.org\/wp-content\/uploads\/2023\/03\/isotipo-Hijas-de-la-Caridad.png","width":1417,"height":1417,"caption":"Hijas de la Caridad"},"image":{"@id":"https:\/\/filles-de-la-charite.org\/fr\/#\/schema\/logo\/image\/"}},{"@type":"Person","@id":"https:\/\/filles-de-la-charite.org\/fr\/#\/schema\/person\/427567b2eccfc2dd7d206da186a1f438","name":"admin","image":{"@type":"ImageObject","inLanguage":"fr-FR","@id":"https:\/\/secure.gravatar.com\/avatar\/948b492cce32b586ac2db0eaa926ee87024f7afe218d73b397ea5ddfc5f43ea1?s=96&d=mm&r=g","url":"https:\/\/secure.gravatar.com\/avatar\/948b492cce32b586ac2db0eaa926ee87024f7afe218d73b397ea5ddfc5f43ea1?s=96&d=mm&r=g","contentUrl":"https:\/\/secure.gravatar.com\/avatar\/948b492cce32b586ac2db0eaa926ee87024f7afe218d73b397ea5ddfc5f43ea1?s=96&d=mm&r=g","caption":"admin"},"sameAs":["https:\/\/filles-de-la-charite.org"],"url":"https:\/\/filles-de-la-charite.org\/fr\/author\/caridad\/"}]}},"_links":{"self":[{"href":"https:\/\/filles-de-la-charite.org\/fr\/wp-json\/wp\/v2\/posts\/19109","targetHints":{"allow":["GET"]}}],"collection":[{"href":"https:\/\/filles-de-la-charite.org\/fr\/wp-json\/wp\/v2\/posts"}],"about":[{"href":"https:\/\/filles-de-la-charite.org\/fr\/wp-json\/wp\/v2\/types\/post"}],"author":[{"embeddable":true,"href":"https:\/\/filles-de-la-charite.org\/fr\/wp-json\/wp\/v2\/users\/1"}],"replies":[{"embeddable":true,"href":"https:\/\/filles-de-la-charite.org\/fr\/wp-json\/wp\/v2\/comments?post=19109"}],"version-history":[{"count":1,"href":"https:\/\/filles-de-la-charite.org\/fr\/wp-json\/wp\/v2\/posts\/19109\/revisions"}],"predecessor-version":[{"id":19110,"href":"https:\/\/filles-de-la-charite.org\/fr\/wp-json\/wp\/v2\/posts\/19109\/revisions\/19110"}],"wp:featuredmedia":[{"embeddable":true,"href":"https:\/\/filles-de-la-charite.org\/fr\/wp-json\/wp\/v2\/media\/14356"}],"wp:attachment":[{"href":"https:\/\/filles-de-la-charite.org\/fr\/wp-json\/wp\/v2\/media?parent=19109"}],"wp:term":[{"taxonomy":"category","embeddable":true,"href":"https:\/\/filles-de-la-charite.org\/fr\/wp-json\/wp\/v2\/categories?post=19109"},{"taxonomy":"post_tag","embeddable":true,"href":"https:\/\/filles-de-la-charite.org\/fr\/wp-json\/wp\/v2\/tags?post=19109"}],"curies":[{"name":"wp","href":"https:\/\/api.w.org\/{rel}","templated":true}]}}