{"id":19113,"date":"2020-02-14T11:55:44","date_gmt":"2020-02-14T10:55:44","guid":{"rendered":"https:\/\/hijascaridad.sjdigitaldemo.ovh\/la-reponse-de-la-famille-vincentienne-a-leruption-du-volcan-taal-aux-philippines\/"},"modified":"2024-03-17T18:47:19","modified_gmt":"2024-03-17T17:47:19","slug":"la-reponse-de-la-famille-vincentienne-a-leruption-du-volcan-taal-aux-philippines","status":"publish","type":"post","link":"https:\/\/filles-de-la-charite.org\/fr\/la-reponse-de-la-famille-vincentienne-a-leruption-du-volcan-taal-aux-philippines\/","title":{"rendered":"La r\u00e9ponse de la famille vincentienne \u00e0 l\u2019\u00e9ruption du volcan Taal aux Philippines"},"content":{"rendered":"\n<p><p style=\"text-align: justify;\"><strong><span style=\"color: #929292;\"><img loading=\"lazy\" decoding=\"async\" class=\"alignleft size-medium wp-image-40458\" src=\"https:\/\/filles-de-la-charite.org\/wp-content\/uploads\/2023\/06\/200214-Taal-thmb-300x200.jpg\" alt=\"\" width=\"300\" height=\"200\">[Province de Sainte-Louise de Marillac-Asie]&nbsp;<\/span><\/strong>Lorsque le volcan Taal est entr\u00e9 en \u00e9ruption le 12 janvier 2020. Parmi les personnes les plus touch\u00e9es par la chute des cendres, se trouvent nos communaut\u00e9s situ\u00e9es \u00e0 Tagaytay City, la Villa Sainte Louise, une maison de retraite des Filles de la Charit\u00e9 et la Communaut\u00e9 du S\u00e9minaire.<!--more--><\/p>\n<p style=\"text-align: justify;\"><img loading=\"lazy\" decoding=\"async\" class=\"alignright size-medium wp-image-40459\" src=\"https:\/\/filles-de-la-charite.org\/wp-content\/uploads\/2023\/06\/200214-Taal-1-240x300.jpg\" alt=\"\" width=\"240\" height=\"300\">Un jour apr\u00e8s l&rsquo;\u00e9ruption, les s\u0153urs se sont rendues dans diff\u00e9rents centres, o\u00f9 ont \u00e9t\u00e9 \u00e9vacu\u00e9es les personnes, pour obtenir des informations sur leur situation.&nbsp; Elles ont recueilli des donn\u00e9es sur le nombre de familles affect\u00e9es, les espaces disponibles dans les centres et leurs besoins imm\u00e9diats. Les familles des personnes qui travaillent \u00e0 la Villa Sainte Louise ont \u00e9t\u00e9 profond\u00e9ment touch\u00e9es. Ces informations ont \u00e9t\u00e9 importantes pour la planification des aides envisag\u00e9es par Sr. Maria Ana Rosario G. Evidente, Visitatrice, avec les membres de la Communaut\u00e9 de la Villa Sainte Louise et les s\u0153urs de la r\u00e9gion de la capitale nationale (RCN).<\/p>\n<p style=\"text-align: justify;\">La r\u00e9flexion a abouti \u00e0 une collaboration entre les membres de la famille vincentienne : \u00ab l\u2019aide vincentienne \u00bb. Des volontaires ont \u00e9t\u00e9 envoy\u00e9s dans diff\u00e9rents centres, mais leur acc\u00e8s est limit\u00e9. Pour leur apporter un soutien psychosocial et spirituel, la Province a ouvert la Communaut\u00e9 de la Villa Sainte Louise. Des personnes et les familles non encore enregistr\u00e9es ont \u00e9t\u00e9 accueillies, ont pu manger, recevoir des soins et des produits de premi\u00e8re n\u00e9cessit\u00e9.<\/p>\n<img loading=\"lazy\" decoding=\"async\" class=\"aligncenter size-full wp-image-40460\" src=\"https:\/\/filles-de-la-charite.org\/wp-content\/uploads\/2023\/06\/Taal-2.png\" alt=\"\" width=\"817\" height=\"613\">\n<p style=\"text-align: justify;\">L&rsquo;activit\u00e9 du volcan Taal a provoqu\u00e9 des fissures dans plusieurs villages. Le gouvernement a proc\u00e9d\u00e9 \u00e0 une \u00e9vacuation totale et \u00e0 une fermeture des zones situ\u00e9es dans un rayon de 14 kilom\u00e8tres du centre du crat\u00e8re. La Villa Sainte Louise \u00e9tait dans cette zone. Un plan d&rsquo;\u00e9vacuation d&rsquo;urgence a \u00e9t\u00e9 mis en \u0153uvre et tous ont \u00e9t\u00e9 mis en s\u00e9curit\u00e9, certains dans leurs familles respectives et d&rsquo;autres dans des centres d\u2019accueil ; les s\u0153urs et les b\u00e9n\u00e9voles la\u00efcs sont retourn\u00e9s \u00e0 Manille. Le Centre de D\u00e9veloppement Rosalie Rendu, situ\u00e9 \u00e0 la maison provinciale des Filles de la Charit\u00e9, sert maintenant de poste de commandement de l\u2019op\u00e9ration \u00ab&nbsp;Aide de la Famille vincentienne pour les victimes de Taal \u00bb.<\/p>\n<p style=\"text-align: justify;\">Au cours des deux prochaines semaines d&rsquo;op\u00e9ration, l&rsquo;\u00e9quipe a d\u00e9cid\u00e9 de lancer l \u2018 \u00ab OP\u00c9RATION DE SECOURS MOBILE \u00bb dans les zones touch\u00e9es, non encore atteintes par l&rsquo;aide gouvernementale. Le P\u00e8re Gregorio Ba\u00f1aga, visitera ces zones, pour d\u00e9terminer comment nous pouvons \u00e9tendre notre aide et notre pr\u00e9sence.<\/p>\n<img loading=\"lazy\" decoding=\"async\" class=\"aligncenter size-full wp-image-40461\" src=\"https:\/\/filles-de-la-charite.org\/wp-content\/uploads\/2023\/06\/Taal-6.png\" alt=\"\" width=\"877\" height=\"952\">\n<p style=\"text-align: justify;\">Que Dieu continue de b\u00e9nir nos humbles efforts pour soulager les souffrances de nos s\u0153urs et fr\u00e8res en situation de crise ! Dieu, dont la Providence se manifeste \u00e0 travers tous ceux qui nous ont aid\u00e9, mat\u00e9riellement et spirituellement, est notre SEUL VRAI SECOURS. Nous nous confions tous \u00e0 Marie, Notre-Dame de la M\u00e9daille Miraculeuse !<\/p>\n<p style=\"text-align: right;\"><span style=\"color: #0432ff;\"><i>Soeur Marylou O. Espora, Fille de la Charit\u00e9\nCoordinatrice des op\u00e9rations Fille de la Charit\u00e9 Taal<\/i><\/span><\/p>\n<img loading=\"lazy\" decoding=\"async\" class=\"aligncenter size-full wp-image-40464\" src=\"https:\/\/filles-de-la-charite.org\/wp-content\/uploads\/2023\/06\/200214-Taal-6.jpg\" alt=\"\" width=\"640\" height=\"640\">\n\n<img loading=\"lazy\" decoding=\"async\" class=\"aligncenter size-full wp-image-40463\" src=\"https:\/\/filles-de-la-charite.org\/wp-content\/uploads\/2023\/06\/200214-Taal-5.jpg\" alt=\"\" width=\"720\" height=\"540\">\n\n<img loading=\"lazy\" decoding=\"async\" class=\"aligncenter size-full wp-image-40462\" src=\"https:\/\/filles-de-la-charite.org\/wp-content\/uploads\/2023\/06\/200214-Taal-4.jpg\" alt=\"\" width=\"512\" height=\"640\"><\/p>\n","protected":false},"excerpt":{"rendered":"<p>[Province de Sainte-Louise de Marillac-Asie]&nbsp;Lorsque le volcan Taal est entr\u00e9 en \u00e9ruption le 12 janvier 2020. Parmi les personnes les plus touch\u00e9es par la chute des cendres, se trouvent nos communaut\u00e9s situ\u00e9es \u00e0 Tagaytay City, la Villa Sainte Louise, une maison de retraite des Filles de la Charit\u00e9 et la Communaut\u00e9 du S\u00e9minaire.<\/p>\n","protected":false},"author":1,"featured_media":14425,"comment_status":"closed","ping_status":"closed","sticky":false,"template":"","format":"standard","meta":{"_acf_changed":false,"_et_pb_use_builder":"","_et_pb_old_content":"","_et_gb_content_width":"","footnotes":"","_links_to":"","_links_to_target":""},"categories":[760],"tags":[],"class_list":["post-19113","post","type-post","status-publish","format-standard","has-post-thumbnail","hentry","category-sainte-louise-asie-fr"],"acf":[],"yoast_head":"<!-- This site is optimized with the Yoast SEO plugin v27.4 - https:\/\/yoast.com\/product\/yoast-seo-wordpress\/ -->\n<title>La r\u00e9ponse de la famille vincentienne \u00e0 l\u2019\u00e9ruption du volcan Taal aux Philippines - Filles de la Charit\u00e9<\/title>\n<meta name=\"robots\" content=\"index, follow, max-snippet:-1, max-image-preview:large, max-video-preview:-1\" \/>\n<link rel=\"canonical\" href=\"https:\/\/filles-de-la-charite.org\/fr\/la-reponse-de-la-famille-vincentienne-a-leruption-du-volcan-taal-aux-philippines\/\" \/>\n<meta property=\"og:locale\" content=\"fr_FR\" \/>\n<meta property=\"og:type\" content=\"article\" \/>\n<meta property=\"og:title\" content=\"La r\u00e9ponse de la famille vincentienne \u00e0 l\u2019\u00e9ruption du volcan Taal aux Philippines - Filles de la Charit\u00e9\" \/>\n<meta property=\"og:description\" content=\"[Province de Sainte-Louise de Marillac-Asie]&nbsp;Lorsque le volcan Taal est entr\u00e9 en \u00e9ruption le 12 janvier 2020. Parmi les personnes les plus touch\u00e9es par la chute des cendres, se trouvent nos communaut\u00e9s situ\u00e9es \u00e0 Tagaytay City, la Villa Sainte Louise, une maison de retraite des Filles de la Charit\u00e9 et la Communaut\u00e9 du S\u00e9minaire.\" \/>\n<meta property=\"og:url\" content=\"https:\/\/filles-de-la-charite.org\/fr\/la-reponse-de-la-famille-vincentienne-a-leruption-du-volcan-taal-aux-philippines\/\" \/>\n<meta property=\"og:site_name\" content=\"Filles de la Charit\u00e9\" \/>\n<meta property=\"article:published_time\" content=\"2020-02-14T10:55:44+00:00\" \/>\n<meta property=\"article:modified_time\" content=\"2024-03-17T17:47:19+00:00\" \/>\n<meta property=\"og:image\" content=\"https:\/\/filles-de-la-charite.org\/wp-content\/uploads\/2023\/06\/200214-Taal-6.jpg\" \/>\n\t<meta property=\"og:image:width\" content=\"640\" \/>\n\t<meta property=\"og:image:height\" content=\"640\" \/>\n\t<meta property=\"og:image:type\" content=\"image\/jpeg\" \/>\n<meta name=\"author\" content=\"admin\" \/>\n<meta name=\"twitter:card\" content=\"summary_large_image\" \/>\n<meta name=\"twitter:label1\" content=\"\u00c9crit par\" \/>\n\t<meta name=\"twitter:data1\" content=\"admin\" \/>\n\t<meta name=\"twitter:label2\" content=\"Dur\u00e9e de lecture estim\u00e9e\" \/>\n\t<meta name=\"twitter:data2\" content=\"3 minutes\" \/>\n<script type=\"application\/ld+json\" class=\"yoast-schema-graph\">{\"@context\":\"https:\\\/\\\/schema.org\",\"@graph\":[{\"@type\":\"Article\",\"@id\":\"https:\\\/\\\/filles-de-la-charite.org\\\/fr\\\/la-reponse-de-la-famille-vincentienne-a-leruption-du-volcan-taal-aux-philippines\\\/#article\",\"isPartOf\":{\"@id\":\"https:\\\/\\\/filles-de-la-charite.org\\\/fr\\\/la-reponse-de-la-famille-vincentienne-a-leruption-du-volcan-taal-aux-philippines\\\/\"},\"author\":{\"name\":\"admin\",\"@id\":\"https:\\\/\\\/filles-de-la-charite.org\\\/fr\\\/#\\\/schema\\\/person\\\/427567b2eccfc2dd7d206da186a1f438\"},\"headline\":\"La r\u00e9ponse de la famille vincentienne \u00e0 l\u2019\u00e9ruption du volcan Taal aux Philippines\",\"datePublished\":\"2020-02-14T10:55:44+00:00\",\"dateModified\":\"2024-03-17T17:47:19+00:00\",\"mainEntityOfPage\":{\"@id\":\"https:\\\/\\\/filles-de-la-charite.org\\\/fr\\\/la-reponse-de-la-famille-vincentienne-a-leruption-du-volcan-taal-aux-philippines\\\/\"},\"wordCount\":522,\"publisher\":{\"@id\":\"https:\\\/\\\/filles-de-la-charite.org\\\/fr\\\/#organization\"},\"image\":{\"@id\":\"https:\\\/\\\/filles-de-la-charite.org\\\/fr\\\/la-reponse-de-la-famille-vincentienne-a-leruption-du-volcan-taal-aux-philippines\\\/#primaryimage\"},\"thumbnailUrl\":\"https:\\\/\\\/filles-de-la-charite.org\\\/wp-content\\\/uploads\\\/2023\\\/06\\\/200214-Taal-6.jpg\",\"articleSection\":[\"Sainte Louise - Asie\"],\"inLanguage\":\"fr-FR\"},{\"@type\":\"WebPage\",\"@id\":\"https:\\\/\\\/filles-de-la-charite.org\\\/fr\\\/la-reponse-de-la-famille-vincentienne-a-leruption-du-volcan-taal-aux-philippines\\\/\",\"url\":\"https:\\\/\\\/filles-de-la-charite.org\\\/fr\\\/la-reponse-de-la-famille-vincentienne-a-leruption-du-volcan-taal-aux-philippines\\\/\",\"name\":\"La r\u00e9ponse de la famille vincentienne \u00e0 l\u2019\u00e9ruption du volcan Taal aux Philippines - Filles de la Charit\u00e9\",\"isPartOf\":{\"@id\":\"https:\\\/\\\/filles-de-la-charite.org\\\/fr\\\/#website\"},\"primaryImageOfPage\":{\"@id\":\"https:\\\/\\\/filles-de-la-charite.org\\\/fr\\\/la-reponse-de-la-famille-vincentienne-a-leruption-du-volcan-taal-aux-philippines\\\/#primaryimage\"},\"image\":{\"@id\":\"https:\\\/\\\/filles-de-la-charite.org\\\/fr\\\/la-reponse-de-la-famille-vincentienne-a-leruption-du-volcan-taal-aux-philippines\\\/#primaryimage\"},\"thumbnailUrl\":\"https:\\\/\\\/filles-de-la-charite.org\\\/wp-content\\\/uploads\\\/2023\\\/06\\\/200214-Taal-6.jpg\",\"datePublished\":\"2020-02-14T10:55:44+00:00\",\"dateModified\":\"2024-03-17T17:47:19+00:00\",\"breadcrumb\":{\"@id\":\"https:\\\/\\\/filles-de-la-charite.org\\\/fr\\\/la-reponse-de-la-famille-vincentienne-a-leruption-du-volcan-taal-aux-philippines\\\/#breadcrumb\"},\"inLanguage\":\"fr-FR\",\"potentialAction\":[{\"@type\":\"ReadAction\",\"target\":[\"https:\\\/\\\/filles-de-la-charite.org\\\/fr\\\/la-reponse-de-la-famille-vincentienne-a-leruption-du-volcan-taal-aux-philippines\\\/\"]}]},{\"@type\":\"ImageObject\",\"inLanguage\":\"fr-FR\",\"@id\":\"https:\\\/\\\/filles-de-la-charite.org\\\/fr\\\/la-reponse-de-la-famille-vincentienne-a-leruption-du-volcan-taal-aux-philippines\\\/#primaryimage\",\"url\":\"https:\\\/\\\/filles-de-la-charite.org\\\/wp-content\\\/uploads\\\/2023\\\/06\\\/200214-Taal-6.jpg\",\"contentUrl\":\"https:\\\/\\\/filles-de-la-charite.org\\\/wp-content\\\/uploads\\\/2023\\\/06\\\/200214-Taal-6.jpg\",\"width\":640,\"height\":640},{\"@type\":\"BreadcrumbList\",\"@id\":\"https:\\\/\\\/filles-de-la-charite.org\\\/fr\\\/la-reponse-de-la-famille-vincentienne-a-leruption-du-volcan-taal-aux-philippines\\\/#breadcrumb\",\"itemListElement\":[{\"@type\":\"ListItem\",\"position\":1,\"name\":\"Indon\u00e9sie\",\"item\":\"https:\\\/\\\/filles-de-la-charite.org\\\/fr\\\/category\\\/indonesie\\\/\"},{\"@type\":\"ListItem\",\"position\":2,\"name\":\"La r\u00e9ponse de la famille vincentienne \u00e0 l\u2019\u00e9ruption du volcan Taal aux Philippines\"}]},{\"@type\":\"WebSite\",\"@id\":\"https:\\\/\\\/filles-de-la-charite.org\\\/fr\\\/#website\",\"url\":\"https:\\\/\\\/filles-de-la-charite.org\\\/fr\\\/\",\"name\":\"Hijas de la Caridad\",\"description\":\"L\u2019amour de J\u00e9sus nous presse \u00e0 prendre soin des personnes les plus d\u00e9munies\",\"publisher\":{\"@id\":\"https:\\\/\\\/filles-de-la-charite.org\\\/fr\\\/#organization\"},\"potentialAction\":[{\"@type\":\"SearchAction\",\"target\":{\"@type\":\"EntryPoint\",\"urlTemplate\":\"https:\\\/\\\/filles-de-la-charite.org\\\/fr\\\/?s={search_term_string}\"},\"query-input\":{\"@type\":\"PropertyValueSpecification\",\"valueRequired\":true,\"valueName\":\"search_term_string\"}}],\"inLanguage\":\"fr-FR\"},{\"@type\":\"Organization\",\"@id\":\"https:\\\/\\\/filles-de-la-charite.org\\\/fr\\\/#organization\",\"name\":\"Hijas de la Caridad\",\"url\":\"https:\\\/\\\/filles-de-la-charite.org\\\/fr\\\/\",\"logo\":{\"@type\":\"ImageObject\",\"inLanguage\":\"fr-FR\",\"@id\":\"https:\\\/\\\/filles-de-la-charite.org\\\/fr\\\/#\\\/schema\\\/logo\\\/image\\\/\",\"url\":\"https:\\\/\\\/filles-de-la-charite.org\\\/wp-content\\\/uploads\\\/2023\\\/03\\\/isotipo-Hijas-de-la-Caridad.png\",\"contentUrl\":\"https:\\\/\\\/filles-de-la-charite.org\\\/wp-content\\\/uploads\\\/2023\\\/03\\\/isotipo-Hijas-de-la-Caridad.png\",\"width\":1417,\"height\":1417,\"caption\":\"Hijas de la Caridad\"},\"image\":{\"@id\":\"https:\\\/\\\/filles-de-la-charite.org\\\/fr\\\/#\\\/schema\\\/logo\\\/image\\\/\"}},{\"@type\":\"Person\",\"@id\":\"https:\\\/\\\/filles-de-la-charite.org\\\/fr\\\/#\\\/schema\\\/person\\\/427567b2eccfc2dd7d206da186a1f438\",\"name\":\"admin\",\"image\":{\"@type\":\"ImageObject\",\"inLanguage\":\"fr-FR\",\"@id\":\"https:\\\/\\\/secure.gravatar.com\\\/avatar\\\/948b492cce32b586ac2db0eaa926ee87024f7afe218d73b397ea5ddfc5f43ea1?s=96&d=mm&r=g\",\"url\":\"https:\\\/\\\/secure.gravatar.com\\\/avatar\\\/948b492cce32b586ac2db0eaa926ee87024f7afe218d73b397ea5ddfc5f43ea1?s=96&d=mm&r=g\",\"contentUrl\":\"https:\\\/\\\/secure.gravatar.com\\\/avatar\\\/948b492cce32b586ac2db0eaa926ee87024f7afe218d73b397ea5ddfc5f43ea1?s=96&d=mm&r=g\",\"caption\":\"admin\"},\"sameAs\":[\"https:\\\/\\\/filles-de-la-charite.org\"],\"url\":\"https:\\\/\\\/filles-de-la-charite.org\\\/fr\\\/author\\\/caridad\\\/\"}]}<\/script>\n<!-- \/ Yoast SEO plugin. -->","yoast_head_json":{"title":"La r\u00e9ponse de la famille vincentienne \u00e0 l\u2019\u00e9ruption du volcan Taal aux Philippines - Filles de la Charit\u00e9","robots":{"index":"index","follow":"follow","max-snippet":"max-snippet:-1","max-image-preview":"max-image-preview:large","max-video-preview":"max-video-preview:-1"},"canonical":"https:\/\/filles-de-la-charite.org\/fr\/la-reponse-de-la-famille-vincentienne-a-leruption-du-volcan-taal-aux-philippines\/","og_locale":"fr_FR","og_type":"article","og_title":"La r\u00e9ponse de la famille vincentienne \u00e0 l\u2019\u00e9ruption du volcan Taal aux Philippines - Filles de la Charit\u00e9","og_description":"[Province de Sainte-Louise de Marillac-Asie]&nbsp;Lorsque le volcan Taal est entr\u00e9 en \u00e9ruption le 12 janvier 2020. Parmi les personnes les plus touch\u00e9es par la chute des cendres, se trouvent nos communaut\u00e9s situ\u00e9es \u00e0 Tagaytay City, la Villa Sainte Louise, une maison de retraite des Filles de la Charit\u00e9 et la Communaut\u00e9 du S\u00e9minaire.","og_url":"https:\/\/filles-de-la-charite.org\/fr\/la-reponse-de-la-famille-vincentienne-a-leruption-du-volcan-taal-aux-philippines\/","og_site_name":"Filles de la Charit\u00e9","article_published_time":"2020-02-14T10:55:44+00:00","article_modified_time":"2024-03-17T17:47:19+00:00","og_image":[{"width":640,"height":640,"url":"https:\/\/filles-de-la-charite.org\/wp-content\/uploads\/2023\/06\/200214-Taal-6.jpg","type":"image\/jpeg"}],"author":"admin","twitter_card":"summary_large_image","twitter_misc":{"\u00c9crit par":"admin","Dur\u00e9e de lecture estim\u00e9e":"3 minutes"},"schema":{"@context":"https:\/\/schema.org","@graph":[{"@type":"Article","@id":"https:\/\/filles-de-la-charite.org\/fr\/la-reponse-de-la-famille-vincentienne-a-leruption-du-volcan-taal-aux-philippines\/#article","isPartOf":{"@id":"https:\/\/filles-de-la-charite.org\/fr\/la-reponse-de-la-famille-vincentienne-a-leruption-du-volcan-taal-aux-philippines\/"},"author":{"name":"admin","@id":"https:\/\/filles-de-la-charite.org\/fr\/#\/schema\/person\/427567b2eccfc2dd7d206da186a1f438"},"headline":"La r\u00e9ponse de la famille vincentienne \u00e0 l\u2019\u00e9ruption du volcan Taal aux Philippines","datePublished":"2020-02-14T10:55:44+00:00","dateModified":"2024-03-17T17:47:19+00:00","mainEntityOfPage":{"@id":"https:\/\/filles-de-la-charite.org\/fr\/la-reponse-de-la-famille-vincentienne-a-leruption-du-volcan-taal-aux-philippines\/"},"wordCount":522,"publisher":{"@id":"https:\/\/filles-de-la-charite.org\/fr\/#organization"},"image":{"@id":"https:\/\/filles-de-la-charite.org\/fr\/la-reponse-de-la-famille-vincentienne-a-leruption-du-volcan-taal-aux-philippines\/#primaryimage"},"thumbnailUrl":"https:\/\/filles-de-la-charite.org\/wp-content\/uploads\/2023\/06\/200214-Taal-6.jpg","articleSection":["Sainte Louise - Asie"],"inLanguage":"fr-FR"},{"@type":"WebPage","@id":"https:\/\/filles-de-la-charite.org\/fr\/la-reponse-de-la-famille-vincentienne-a-leruption-du-volcan-taal-aux-philippines\/","url":"https:\/\/filles-de-la-charite.org\/fr\/la-reponse-de-la-famille-vincentienne-a-leruption-du-volcan-taal-aux-philippines\/","name":"La r\u00e9ponse de la famille vincentienne \u00e0 l\u2019\u00e9ruption du volcan Taal aux Philippines - Filles de la Charit\u00e9","isPartOf":{"@id":"https:\/\/filles-de-la-charite.org\/fr\/#website"},"primaryImageOfPage":{"@id":"https:\/\/filles-de-la-charite.org\/fr\/la-reponse-de-la-famille-vincentienne-a-leruption-du-volcan-taal-aux-philippines\/#primaryimage"},"image":{"@id":"https:\/\/filles-de-la-charite.org\/fr\/la-reponse-de-la-famille-vincentienne-a-leruption-du-volcan-taal-aux-philippines\/#primaryimage"},"thumbnailUrl":"https:\/\/filles-de-la-charite.org\/wp-content\/uploads\/2023\/06\/200214-Taal-6.jpg","datePublished":"2020-02-14T10:55:44+00:00","dateModified":"2024-03-17T17:47:19+00:00","breadcrumb":{"@id":"https:\/\/filles-de-la-charite.org\/fr\/la-reponse-de-la-famille-vincentienne-a-leruption-du-volcan-taal-aux-philippines\/#breadcrumb"},"inLanguage":"fr-FR","potentialAction":[{"@type":"ReadAction","target":["https:\/\/filles-de-la-charite.org\/fr\/la-reponse-de-la-famille-vincentienne-a-leruption-du-volcan-taal-aux-philippines\/"]}]},{"@type":"ImageObject","inLanguage":"fr-FR","@id":"https:\/\/filles-de-la-charite.org\/fr\/la-reponse-de-la-famille-vincentienne-a-leruption-du-volcan-taal-aux-philippines\/#primaryimage","url":"https:\/\/filles-de-la-charite.org\/wp-content\/uploads\/2023\/06\/200214-Taal-6.jpg","contentUrl":"https:\/\/filles-de-la-charite.org\/wp-content\/uploads\/2023\/06\/200214-Taal-6.jpg","width":640,"height":640},{"@type":"BreadcrumbList","@id":"https:\/\/filles-de-la-charite.org\/fr\/la-reponse-de-la-famille-vincentienne-a-leruption-du-volcan-taal-aux-philippines\/#breadcrumb","itemListElement":[{"@type":"ListItem","position":1,"name":"Indon\u00e9sie","item":"https:\/\/filles-de-la-charite.org\/fr\/category\/indonesie\/"},{"@type":"ListItem","position":2,"name":"La r\u00e9ponse de la famille vincentienne \u00e0 l\u2019\u00e9ruption du volcan Taal aux Philippines"}]},{"@type":"WebSite","@id":"https:\/\/filles-de-la-charite.org\/fr\/#website","url":"https:\/\/filles-de-la-charite.org\/fr\/","name":"Hijas de la Caridad","description":"L\u2019amour de J\u00e9sus nous presse \u00e0 prendre soin des personnes les plus d\u00e9munies","publisher":{"@id":"https:\/\/filles-de-la-charite.org\/fr\/#organization"},"potentialAction":[{"@type":"SearchAction","target":{"@type":"EntryPoint","urlTemplate":"https:\/\/filles-de-la-charite.org\/fr\/?s={search_term_string}"},"query-input":{"@type":"PropertyValueSpecification","valueRequired":true,"valueName":"search_term_string"}}],"inLanguage":"fr-FR"},{"@type":"Organization","@id":"https:\/\/filles-de-la-charite.org\/fr\/#organization","name":"Hijas de la Caridad","url":"https:\/\/filles-de-la-charite.org\/fr\/","logo":{"@type":"ImageObject","inLanguage":"fr-FR","@id":"https:\/\/filles-de-la-charite.org\/fr\/#\/schema\/logo\/image\/","url":"https:\/\/filles-de-la-charite.org\/wp-content\/uploads\/2023\/03\/isotipo-Hijas-de-la-Caridad.png","contentUrl":"https:\/\/filles-de-la-charite.org\/wp-content\/uploads\/2023\/03\/isotipo-Hijas-de-la-Caridad.png","width":1417,"height":1417,"caption":"Hijas de la Caridad"},"image":{"@id":"https:\/\/filles-de-la-charite.org\/fr\/#\/schema\/logo\/image\/"}},{"@type":"Person","@id":"https:\/\/filles-de-la-charite.org\/fr\/#\/schema\/person\/427567b2eccfc2dd7d206da186a1f438","name":"admin","image":{"@type":"ImageObject","inLanguage":"fr-FR","@id":"https:\/\/secure.gravatar.com\/avatar\/948b492cce32b586ac2db0eaa926ee87024f7afe218d73b397ea5ddfc5f43ea1?s=96&d=mm&r=g","url":"https:\/\/secure.gravatar.com\/avatar\/948b492cce32b586ac2db0eaa926ee87024f7afe218d73b397ea5ddfc5f43ea1?s=96&d=mm&r=g","contentUrl":"https:\/\/secure.gravatar.com\/avatar\/948b492cce32b586ac2db0eaa926ee87024f7afe218d73b397ea5ddfc5f43ea1?s=96&d=mm&r=g","caption":"admin"},"sameAs":["https:\/\/filles-de-la-charite.org"],"url":"https:\/\/filles-de-la-charite.org\/fr\/author\/caridad\/"}]}},"_links":{"self":[{"href":"https:\/\/filles-de-la-charite.org\/fr\/wp-json\/wp\/v2\/posts\/19113","targetHints":{"allow":["GET"]}}],"collection":[{"href":"https:\/\/filles-de-la-charite.org\/fr\/wp-json\/wp\/v2\/posts"}],"about":[{"href":"https:\/\/filles-de-la-charite.org\/fr\/wp-json\/wp\/v2\/types\/post"}],"author":[{"embeddable":true,"href":"https:\/\/filles-de-la-charite.org\/fr\/wp-json\/wp\/v2\/users\/1"}],"replies":[{"embeddable":true,"href":"https:\/\/filles-de-la-charite.org\/fr\/wp-json\/wp\/v2\/comments?post=19113"}],"version-history":[{"count":1,"href":"https:\/\/filles-de-la-charite.org\/fr\/wp-json\/wp\/v2\/posts\/19113\/revisions"}],"predecessor-version":[{"id":19120,"href":"https:\/\/filles-de-la-charite.org\/fr\/wp-json\/wp\/v2\/posts\/19113\/revisions\/19120"}],"wp:featuredmedia":[{"embeddable":true,"href":"https:\/\/filles-de-la-charite.org\/fr\/wp-json\/wp\/v2\/media\/14425"}],"wp:attachment":[{"href":"https:\/\/filles-de-la-charite.org\/fr\/wp-json\/wp\/v2\/media?parent=19113"}],"wp:term":[{"taxonomy":"category","embeddable":true,"href":"https:\/\/filles-de-la-charite.org\/fr\/wp-json\/wp\/v2\/categories?post=19113"},{"taxonomy":"post_tag","embeddable":true,"href":"https:\/\/filles-de-la-charite.org\/fr\/wp-json\/wp\/v2\/tags?post=19113"}],"curies":[{"name":"wp","href":"https:\/\/api.w.org\/{rel}","templated":true}]}}