{"id":19121,"date":"2020-02-21T22:00:33","date_gmt":"2020-02-21T21:00:33","guid":{"rendered":"https:\/\/hijascaridad.sjdigitaldemo.ovh\/prix-pour-lecole-santa-isabel-de-madrid\/"},"modified":"2024-03-17T18:47:07","modified_gmt":"2024-03-17T17:47:07","slug":"prix-pour-lecole-santa-isabel-de-madrid","status":"publish","type":"post","link":"https:\/\/filles-de-la-charite.org\/fr\/prix-pour-lecole-santa-isabel-de-madrid\/","title":{"rendered":"Prix pour l\u2019\u00e9cole Santa Isabel de Madrid"},"content":{"rendered":"\nL&rsquo;\u00e9cole Santa Isabel compte 700 \u00e9l\u00e8ves de 58 nationalit\u00e9s diff\u00e9rentes. Seulement 1% des \u00e9l\u00e8ves sont espagnols, les autres sont de jeunes migrants ou issues de familles d\u00e9favoris\u00e9es. \u00c0 la suite de cet engagement, <strong>la Commission espagnole d&rsquo;aide aux r\u00e9fugi\u00e9s<\/strong>(CEAR) a d\u00e9cern\u00e9 \u00e0 l&rsquo;\u00e9cole <strong>le prix \u00ab Juan Mar\u00eda Bandr\u00e9s Shelter Actions Award \u00bb.<\/strong><!--more--><\/p>\n<p style=\"text-align: justify;\">Les \u00e9l\u00e8ves de Santa Isabel n\u2019ont rien \u00e0 payer. L&rsquo;administration couvre ne nombreux frais et le reste est assur\u00e9 par les s\u0153urs. La Communaut\u00e9 de Madrid ach\u00e8te les manuels scolaires pendant les trois premiers cours de primaire et les s\u0153urs fournissent l&rsquo;uniforme scolaire. Les enfants viennent souvent sans uniforme et sans nourriture. L&rsquo;\u00e9cole, avec l&rsquo;aide de la Croix-Rouge, distribue des paniers alimentaires deux fois par semaine, car pour de nombreux enfants qui fr\u00e9quentent la cantine de l&rsquo;\u00e9cole c\u2019est le seul repas de la journ\u00e9e.<\/p>\n<p style=\"text-align: justify;\"><img loading=\"lazy\" decoding=\"async\" class=\" wp-image-40471 alignright\" src=\"https:\/\/filles-de-la-charite.org\/wp-content\/uploads\/2023\/06\/200221-Isabel-2-300x300.jpg\" alt=\"\" width=\"360\" height=\"360\">Il y a des enfants qui, apr\u00e8s deux ou trois mois, partent parce qu&rsquo;ils sont plac\u00e9s par des organisations comme la CEAR. Ils sont \u00e9valu\u00e9s et confi\u00e9s \u00e0&nbsp;une \u00e9quipe de conseillers, conscients des besoins des enfants, car l&rsquo;\u00e9cole est une grande famille. Dans certains cas, les enfants ne connaissent pas l&rsquo;espagnol, mais un groupe de professeurs tr\u00e8s d\u00e9vou\u00e9s leur enseigne.<\/p>\n<p style=\"text-align: justify;\">Les \u00e9l\u00e8ves de Santa Isabel b\u00e9n\u00e9ficient d&rsquo;un suivi par la garderie de la mairie de Madrid. Certains ont perdu leurs parents ou leurs fr\u00e8res et s\u0153urs, et nous voulons qu&rsquo;ils vivent l&rsquo;enfance qu&rsquo;ils n&rsquo;ont pas pu vivre auparavant. \u00bb Cette supervision provient \u00e9galement d&rsquo;institutions li\u00e9es \u00e0 l&rsquo;\u00c9glise telles que la Fondation Luz Casanova, qui s&rsquo;adresse particuli\u00e8rement aux enfants qui subissent des violences \u00e0 domicile. Tous les enfants sont bien connus et leurs familles collaborent sur des questions de discipline et de coexistence. Consciente de sa richesse culturelle, la discipline est l&rsquo;une des valeurs de cette \u00e9cole. Il est fondamental de respecter les r\u00e8gles pour que l&rsquo;\u00e9change d&rsquo;id\u00e9es entre les \u00e9l\u00e8ves soit r\u00e9el.<\/p>\n<p style=\"text-align: justify;\"><img loading=\"lazy\" decoding=\"async\" class=\"alignleft wp-image-40472\" src=\"https:\/\/filles-de-la-charite.org\/wp-content\/uploads\/2023\/06\/200221-Isabel-5-214x300.jpg\" alt=\"\" width=\"257\" height=\"360\">Du fait de cet environnement paisible, et bien que la plupart des \u00e9l\u00e8ves viennent de la p\u00e9riph\u00e9rie madril\u00e8ne, les familles pr\u00e9f\u00e8rent voyager en bus et en train et aller \u00e0 cette \u00e9cole, en raison de son atmosph\u00e8re de tol\u00e9rance et d&rsquo;accueil. De nombreux parents ont \u00e9t\u00e9 dipl\u00f4m\u00e9s dans le centre pour adultes de l\u2019\u00e9cole. Ce centre a remport\u00e9 en 2005 le premier prix national. L\u2019\u00e9cole est un centre de r\u00e9f\u00e9rence dans le quartier.<\/p>\n<p style=\"text-align: justify;\"><strong>L&rsquo;\u00e9vang\u00e9lisation par l&rsquo;exemple<\/strong><\/p>\n<p style=\"text-align: justify;\">L&rsquo;\u00e9cole de Santa Isabel est une \u00e9cole catholique et elle enseigne la religion. Quelque chose que, selon l&rsquo;exp\u00e9rience de Sr Carmen Benavides, les parents acceptent ind\u00e9pendamment de leurs croyances. Mais au-del\u00e0 des livres, affirme le chef d&rsquo;\u00e9tablissement, la principale \u00e9vang\u00e9lisation se fait par l&rsquo;exemple. Je suis Fille de la Charit\u00e9 depuis 40 ans et je sers le Christ dans les pauvres comme St Vincent de Paul nous l&rsquo;a demand\u00e9, c&rsquo;est la seule chose qui m\u2019int\u00e9resse.<\/p>\n<p style=\"text-align: justify;\">Soeur Benavides, convaincu que \u00ab\u00a0le Christ est dans chaque enfant\u00a0\u00bb, nous dit&nbsp;: \u00ab\u00a0je me bats \u00e0 chaque fois pour que leurs droits soient respect\u00e9s, je vis l&rsquo;\u00c9vangile\u00a0\u00bb. \u00ab\u00a0La chose la plus importante est qu&rsquo;ils se sentent aim\u00e9s, nous transmettrons donc l&rsquo;amour de Dieu\u00a0\u00bb, conclut-elle.<\/p>\n<p style=\"text-align: right;\"><span style=\"color: #0000ff;\"><em>Rodrigo Moreno Quicios\nDate de publication : 9 janvier 2020<\/em><\/span><\/p>\n<img loading=\"lazy\" decoding=\"async\" class=\"aligncenter wp-image-40474 size-full\" src=\"https:\/\/filles-de-la-charite.org\/wp-content\/uploads\/2023\/06\/200221-Isabel-3.jpg\" alt=\"\" width=\"720\" height=\"450\">\n\n<img loading=\"lazy\" decoding=\"async\" class=\"aligncenter wp-image-40475 size-full\" src=\"https:\/\/filles-de-la-charite.org\/wp-content\/uploads\/2023\/06\/200221-Isabel-4.jpg\" alt=\"\" width=\"720\" height=\"450\">\n\n<img loading=\"lazy\" decoding=\"async\" class=\"aligncenter size-full wp-image-40473\" src=\"https:\/\/filles-de-la-charite.org\/wp-content\/uploads\/2023\/06\/200221-Isabel-1.jpg\" alt=\"\" width=\"720\" height=\"405\">\n\n<img loading=\"lazy\" decoding=\"async\" class=\"aligncenter wp-image-40476 size-full\" src=\"https:\/\/filles-de-la-charite.org\/wp-content\/uploads\/2023\/06\/200221-Isabel-6.jpg\" alt=\"\" width=\"720\" height=\"405\">\n\n<img loading=\"lazy\" decoding=\"async\" class=\"aligncenter size-full wp-image-40477\" src=\"https:\/\/filles-de-la-charite.org\/wp-content\/uploads\/2023\/06\/200221-Isabel-7.jpg\" alt=\"\" width=\"720\" height=\"600\"><\/p>\n","protected":false},"excerpt":{"rendered":"<p>L&rsquo;\u00e9cole Santa Isabel compte 700 \u00e9l\u00e8ves de 58 nationalit\u00e9s diff\u00e9rentes. Seulement 1% des \u00e9l\u00e8ves sont espagnols, les autres sont de jeunes migrants ou issues de familles d\u00e9favoris\u00e9es. \u00c0 la suite de cet engagement, la Commission espagnole d&rsquo;aide aux r\u00e9fugi\u00e9s(CEAR) a d\u00e9cern\u00e9 \u00e0 l&rsquo;\u00e9cole le prix \u00ab Juan Mar\u00eda Bandr\u00e9s Shelter Actions Award \u00bb.<\/p>\n","protected":false},"author":1,"featured_media":14469,"comment_status":"closed","ping_status":"closed","sticky":false,"template":"","format":"standard","meta":{"_acf_changed":false,"_et_pb_use_builder":"","_et_pb_old_content":"","_et_gb_content_width":"","footnotes":"","_links_to":"","_links_to_target":""},"categories":[804],"tags":[],"class_list":["post-19121","post","type-post","status-publish","format-standard","has-post-thumbnail","hentry","category-espana-sur-fr"],"acf":[],"yoast_head":"<!-- This site is optimized with the Yoast SEO plugin v27.5 - https:\/\/yoast.com\/product\/yoast-seo-wordpress\/ -->\n<title>Prix pour l\u2019\u00e9cole Santa Isabel de Madrid - Filles de la Charit\u00e9<\/title>\n<meta name=\"robots\" content=\"index, follow, max-snippet:-1, max-image-preview:large, max-video-preview:-1\" \/>\n<link rel=\"canonical\" href=\"https:\/\/filles-de-la-charite.org\/fr\/prix-pour-lecole-santa-isabel-de-madrid\/\" \/>\n<meta property=\"og:locale\" content=\"fr_FR\" \/>\n<meta property=\"og:type\" content=\"article\" \/>\n<meta property=\"og:title\" content=\"Prix pour l\u2019\u00e9cole Santa Isabel de Madrid - Filles de la Charit\u00e9\" \/>\n<meta property=\"og:description\" content=\"L&rsquo;\u00e9cole Santa Isabel compte 700 \u00e9l\u00e8ves de 58 nationalit\u00e9s diff\u00e9rentes. Seulement 1% des \u00e9l\u00e8ves sont espagnols, les autres sont de jeunes migrants ou issues de familles d\u00e9favoris\u00e9es. \u00c0 la suite de cet engagement, la Commission espagnole d&rsquo;aide aux r\u00e9fugi\u00e9s(CEAR) a d\u00e9cern\u00e9 \u00e0 l&rsquo;\u00e9cole le prix \u00ab Juan Mar\u00eda Bandr\u00e9s Shelter Actions Award \u00bb.\" \/>\n<meta property=\"og:url\" content=\"https:\/\/filles-de-la-charite.org\/fr\/prix-pour-lecole-santa-isabel-de-madrid\/\" \/>\n<meta property=\"og:site_name\" content=\"Filles de la Charit\u00e9\" \/>\n<meta property=\"article:published_time\" content=\"2020-02-21T21:00:33+00:00\" \/>\n<meta property=\"article:modified_time\" content=\"2024-03-17T17:47:07+00:00\" \/>\n<meta property=\"og:image\" content=\"https:\/\/filles-de-la-charite.org\/wp-content\/uploads\/2023\/06\/200221-Isabel-1.jpg\" \/>\n\t<meta property=\"og:image:width\" content=\"720\" \/>\n\t<meta property=\"og:image:height\" content=\"405\" \/>\n\t<meta property=\"og:image:type\" content=\"image\/jpeg\" \/>\n<meta name=\"author\" content=\"admin\" \/>\n<meta name=\"twitter:card\" content=\"summary_large_image\" \/>\n<meta name=\"twitter:label1\" content=\"\u00c9crit par\" \/>\n\t<meta name=\"twitter:data1\" content=\"admin\" \/>\n\t<meta name=\"twitter:label2\" content=\"Dur\u00e9e de lecture estim\u00e9e\" \/>\n\t<meta name=\"twitter:data2\" content=\"3 minutes\" \/>\n<script type=\"application\/ld+json\" class=\"yoast-schema-graph\">{\"@context\":\"https:\\\/\\\/schema.org\",\"@graph\":[{\"@type\":\"Article\",\"@id\":\"https:\\\/\\\/filles-de-la-charite.org\\\/fr\\\/prix-pour-lecole-santa-isabel-de-madrid\\\/#article\",\"isPartOf\":{\"@id\":\"https:\\\/\\\/filles-de-la-charite.org\\\/fr\\\/prix-pour-lecole-santa-isabel-de-madrid\\\/\"},\"author\":{\"name\":\"admin\",\"@id\":\"https:\\\/\\\/filles-de-la-charite.org\\\/fr\\\/#\\\/schema\\\/person\\\/427567b2eccfc2dd7d206da186a1f438\"},\"headline\":\"Prix pour l\u2019\u00e9cole Santa Isabel de Madrid\",\"datePublished\":\"2020-02-21T21:00:33+00:00\",\"dateModified\":\"2024-03-17T17:47:07+00:00\",\"mainEntityOfPage\":{\"@id\":\"https:\\\/\\\/filles-de-la-charite.org\\\/fr\\\/prix-pour-lecole-santa-isabel-de-madrid\\\/\"},\"wordCount\":600,\"publisher\":{\"@id\":\"https:\\\/\\\/filles-de-la-charite.org\\\/fr\\\/#organization\"},\"image\":{\"@id\":\"https:\\\/\\\/filles-de-la-charite.org\\\/fr\\\/prix-pour-lecole-santa-isabel-de-madrid\\\/#primaryimage\"},\"thumbnailUrl\":\"https:\\\/\\\/filles-de-la-charite.org\\\/wp-content\\\/uploads\\\/2023\\\/06\\\/200221-Isabel-1.jpg\",\"articleSection\":[\"Espa\u00f1a-Sur\"],\"inLanguage\":\"fr-FR\"},{\"@type\":\"WebPage\",\"@id\":\"https:\\\/\\\/filles-de-la-charite.org\\\/fr\\\/prix-pour-lecole-santa-isabel-de-madrid\\\/\",\"url\":\"https:\\\/\\\/filles-de-la-charite.org\\\/fr\\\/prix-pour-lecole-santa-isabel-de-madrid\\\/\",\"name\":\"Prix pour l\u2019\u00e9cole Santa Isabel de Madrid - Filles de la Charit\u00e9\",\"isPartOf\":{\"@id\":\"https:\\\/\\\/filles-de-la-charite.org\\\/fr\\\/#website\"},\"primaryImageOfPage\":{\"@id\":\"https:\\\/\\\/filles-de-la-charite.org\\\/fr\\\/prix-pour-lecole-santa-isabel-de-madrid\\\/#primaryimage\"},\"image\":{\"@id\":\"https:\\\/\\\/filles-de-la-charite.org\\\/fr\\\/prix-pour-lecole-santa-isabel-de-madrid\\\/#primaryimage\"},\"thumbnailUrl\":\"https:\\\/\\\/filles-de-la-charite.org\\\/wp-content\\\/uploads\\\/2023\\\/06\\\/200221-Isabel-1.jpg\",\"datePublished\":\"2020-02-21T21:00:33+00:00\",\"dateModified\":\"2024-03-17T17:47:07+00:00\",\"breadcrumb\":{\"@id\":\"https:\\\/\\\/filles-de-la-charite.org\\\/fr\\\/prix-pour-lecole-santa-isabel-de-madrid\\\/#breadcrumb\"},\"inLanguage\":\"fr-FR\",\"potentialAction\":[{\"@type\":\"ReadAction\",\"target\":[\"https:\\\/\\\/filles-de-la-charite.org\\\/fr\\\/prix-pour-lecole-santa-isabel-de-madrid\\\/\"]}]},{\"@type\":\"ImageObject\",\"inLanguage\":\"fr-FR\",\"@id\":\"https:\\\/\\\/filles-de-la-charite.org\\\/fr\\\/prix-pour-lecole-santa-isabel-de-madrid\\\/#primaryimage\",\"url\":\"https:\\\/\\\/filles-de-la-charite.org\\\/wp-content\\\/uploads\\\/2023\\\/06\\\/200221-Isabel-1.jpg\",\"contentUrl\":\"https:\\\/\\\/filles-de-la-charite.org\\\/wp-content\\\/uploads\\\/2023\\\/06\\\/200221-Isabel-1.jpg\",\"width\":720,\"height\":405},{\"@type\":\"BreadcrumbList\",\"@id\":\"https:\\\/\\\/filles-de-la-charite.org\\\/fr\\\/prix-pour-lecole-santa-isabel-de-madrid\\\/#breadcrumb\",\"itemListElement\":[{\"@type\":\"ListItem\",\"position\":1,\"name\":\"Rio de Janeiro - Br\u00e9sil\",\"item\":\"https:\\\/\\\/filles-de-la-charite.org\\\/fr\\\/category\\\/rio-de-janeiro-bresil-fr\\\/\"},{\"@type\":\"ListItem\",\"position\":2,\"name\":\"Prix pour l\u2019\u00e9cole Santa Isabel de Madrid\"}]},{\"@type\":\"WebSite\",\"@id\":\"https:\\\/\\\/filles-de-la-charite.org\\\/fr\\\/#website\",\"url\":\"https:\\\/\\\/filles-de-la-charite.org\\\/fr\\\/\",\"name\":\"Hijas de la Caridad\",\"description\":\"L\u2019amour de J\u00e9sus nous presse \u00e0 prendre soin des personnes les plus d\u00e9munies\",\"publisher\":{\"@id\":\"https:\\\/\\\/filles-de-la-charite.org\\\/fr\\\/#organization\"},\"potentialAction\":[{\"@type\":\"SearchAction\",\"target\":{\"@type\":\"EntryPoint\",\"urlTemplate\":\"https:\\\/\\\/filles-de-la-charite.org\\\/fr\\\/?s={search_term_string}\"},\"query-input\":{\"@type\":\"PropertyValueSpecification\",\"valueRequired\":true,\"valueName\":\"search_term_string\"}}],\"inLanguage\":\"fr-FR\"},{\"@type\":\"Organization\",\"@id\":\"https:\\\/\\\/filles-de-la-charite.org\\\/fr\\\/#organization\",\"name\":\"Hijas de la Caridad\",\"url\":\"https:\\\/\\\/filles-de-la-charite.org\\\/fr\\\/\",\"logo\":{\"@type\":\"ImageObject\",\"inLanguage\":\"fr-FR\",\"@id\":\"https:\\\/\\\/filles-de-la-charite.org\\\/fr\\\/#\\\/schema\\\/logo\\\/image\\\/\",\"url\":\"https:\\\/\\\/filles-de-la-charite.org\\\/wp-content\\\/uploads\\\/2023\\\/03\\\/isotipo-Hijas-de-la-Caridad.png\",\"contentUrl\":\"https:\\\/\\\/filles-de-la-charite.org\\\/wp-content\\\/uploads\\\/2023\\\/03\\\/isotipo-Hijas-de-la-Caridad.png\",\"width\":1417,\"height\":1417,\"caption\":\"Hijas de la Caridad\"},\"image\":{\"@id\":\"https:\\\/\\\/filles-de-la-charite.org\\\/fr\\\/#\\\/schema\\\/logo\\\/image\\\/\"}},{\"@type\":\"Person\",\"@id\":\"https:\\\/\\\/filles-de-la-charite.org\\\/fr\\\/#\\\/schema\\\/person\\\/427567b2eccfc2dd7d206da186a1f438\",\"name\":\"admin\",\"image\":{\"@type\":\"ImageObject\",\"inLanguage\":\"fr-FR\",\"@id\":\"https:\\\/\\\/secure.gravatar.com\\\/avatar\\\/948b492cce32b586ac2db0eaa926ee87024f7afe218d73b397ea5ddfc5f43ea1?s=96&d=mm&r=g\",\"url\":\"https:\\\/\\\/secure.gravatar.com\\\/avatar\\\/948b492cce32b586ac2db0eaa926ee87024f7afe218d73b397ea5ddfc5f43ea1?s=96&d=mm&r=g\",\"contentUrl\":\"https:\\\/\\\/secure.gravatar.com\\\/avatar\\\/948b492cce32b586ac2db0eaa926ee87024f7afe218d73b397ea5ddfc5f43ea1?s=96&d=mm&r=g\",\"caption\":\"admin\"},\"sameAs\":[\"https:\\\/\\\/filles-de-la-charite.org\"],\"url\":\"https:\\\/\\\/filles-de-la-charite.org\\\/fr\\\/author\\\/caridad\\\/\"}]}<\/script>\n<!-- \/ Yoast SEO plugin. -->","yoast_head_json":{"title":"Prix pour l\u2019\u00e9cole Santa Isabel de Madrid - Filles de la Charit\u00e9","robots":{"index":"index","follow":"follow","max-snippet":"max-snippet:-1","max-image-preview":"max-image-preview:large","max-video-preview":"max-video-preview:-1"},"canonical":"https:\/\/filles-de-la-charite.org\/fr\/prix-pour-lecole-santa-isabel-de-madrid\/","og_locale":"fr_FR","og_type":"article","og_title":"Prix pour l\u2019\u00e9cole Santa Isabel de Madrid - Filles de la Charit\u00e9","og_description":"L&rsquo;\u00e9cole Santa Isabel compte 700 \u00e9l\u00e8ves de 58 nationalit\u00e9s diff\u00e9rentes. Seulement 1% des \u00e9l\u00e8ves sont espagnols, les autres sont de jeunes migrants ou issues de familles d\u00e9favoris\u00e9es. \u00c0 la suite de cet engagement, la Commission espagnole d&rsquo;aide aux r\u00e9fugi\u00e9s(CEAR) a d\u00e9cern\u00e9 \u00e0 l&rsquo;\u00e9cole le prix \u00ab Juan Mar\u00eda Bandr\u00e9s Shelter Actions Award \u00bb.","og_url":"https:\/\/filles-de-la-charite.org\/fr\/prix-pour-lecole-santa-isabel-de-madrid\/","og_site_name":"Filles de la Charit\u00e9","article_published_time":"2020-02-21T21:00:33+00:00","article_modified_time":"2024-03-17T17:47:07+00:00","og_image":[{"width":720,"height":405,"url":"https:\/\/filles-de-la-charite.org\/wp-content\/uploads\/2023\/06\/200221-Isabel-1.jpg","type":"image\/jpeg"}],"author":"admin","twitter_card":"summary_large_image","twitter_misc":{"\u00c9crit par":"admin","Dur\u00e9e de lecture estim\u00e9e":"3 minutes"},"schema":{"@context":"https:\/\/schema.org","@graph":[{"@type":"Article","@id":"https:\/\/filles-de-la-charite.org\/fr\/prix-pour-lecole-santa-isabel-de-madrid\/#article","isPartOf":{"@id":"https:\/\/filles-de-la-charite.org\/fr\/prix-pour-lecole-santa-isabel-de-madrid\/"},"author":{"name":"admin","@id":"https:\/\/filles-de-la-charite.org\/fr\/#\/schema\/person\/427567b2eccfc2dd7d206da186a1f438"},"headline":"Prix pour l\u2019\u00e9cole Santa Isabel de Madrid","datePublished":"2020-02-21T21:00:33+00:00","dateModified":"2024-03-17T17:47:07+00:00","mainEntityOfPage":{"@id":"https:\/\/filles-de-la-charite.org\/fr\/prix-pour-lecole-santa-isabel-de-madrid\/"},"wordCount":600,"publisher":{"@id":"https:\/\/filles-de-la-charite.org\/fr\/#organization"},"image":{"@id":"https:\/\/filles-de-la-charite.org\/fr\/prix-pour-lecole-santa-isabel-de-madrid\/#primaryimage"},"thumbnailUrl":"https:\/\/filles-de-la-charite.org\/wp-content\/uploads\/2023\/06\/200221-Isabel-1.jpg","articleSection":["Espa\u00f1a-Sur"],"inLanguage":"fr-FR"},{"@type":"WebPage","@id":"https:\/\/filles-de-la-charite.org\/fr\/prix-pour-lecole-santa-isabel-de-madrid\/","url":"https:\/\/filles-de-la-charite.org\/fr\/prix-pour-lecole-santa-isabel-de-madrid\/","name":"Prix pour l\u2019\u00e9cole Santa Isabel de Madrid - Filles de la Charit\u00e9","isPartOf":{"@id":"https:\/\/filles-de-la-charite.org\/fr\/#website"},"primaryImageOfPage":{"@id":"https:\/\/filles-de-la-charite.org\/fr\/prix-pour-lecole-santa-isabel-de-madrid\/#primaryimage"},"image":{"@id":"https:\/\/filles-de-la-charite.org\/fr\/prix-pour-lecole-santa-isabel-de-madrid\/#primaryimage"},"thumbnailUrl":"https:\/\/filles-de-la-charite.org\/wp-content\/uploads\/2023\/06\/200221-Isabel-1.jpg","datePublished":"2020-02-21T21:00:33+00:00","dateModified":"2024-03-17T17:47:07+00:00","breadcrumb":{"@id":"https:\/\/filles-de-la-charite.org\/fr\/prix-pour-lecole-santa-isabel-de-madrid\/#breadcrumb"},"inLanguage":"fr-FR","potentialAction":[{"@type":"ReadAction","target":["https:\/\/filles-de-la-charite.org\/fr\/prix-pour-lecole-santa-isabel-de-madrid\/"]}]},{"@type":"ImageObject","inLanguage":"fr-FR","@id":"https:\/\/filles-de-la-charite.org\/fr\/prix-pour-lecole-santa-isabel-de-madrid\/#primaryimage","url":"https:\/\/filles-de-la-charite.org\/wp-content\/uploads\/2023\/06\/200221-Isabel-1.jpg","contentUrl":"https:\/\/filles-de-la-charite.org\/wp-content\/uploads\/2023\/06\/200221-Isabel-1.jpg","width":720,"height":405},{"@type":"BreadcrumbList","@id":"https:\/\/filles-de-la-charite.org\/fr\/prix-pour-lecole-santa-isabel-de-madrid\/#breadcrumb","itemListElement":[{"@type":"ListItem","position":1,"name":"Rio de Janeiro - Br\u00e9sil","item":"https:\/\/filles-de-la-charite.org\/fr\/category\/rio-de-janeiro-bresil-fr\/"},{"@type":"ListItem","position":2,"name":"Prix pour l\u2019\u00e9cole Santa Isabel de Madrid"}]},{"@type":"WebSite","@id":"https:\/\/filles-de-la-charite.org\/fr\/#website","url":"https:\/\/filles-de-la-charite.org\/fr\/","name":"Hijas de la Caridad","description":"L\u2019amour de J\u00e9sus nous presse \u00e0 prendre soin des personnes les plus d\u00e9munies","publisher":{"@id":"https:\/\/filles-de-la-charite.org\/fr\/#organization"},"potentialAction":[{"@type":"SearchAction","target":{"@type":"EntryPoint","urlTemplate":"https:\/\/filles-de-la-charite.org\/fr\/?s={search_term_string}"},"query-input":{"@type":"PropertyValueSpecification","valueRequired":true,"valueName":"search_term_string"}}],"inLanguage":"fr-FR"},{"@type":"Organization","@id":"https:\/\/filles-de-la-charite.org\/fr\/#organization","name":"Hijas de la Caridad","url":"https:\/\/filles-de-la-charite.org\/fr\/","logo":{"@type":"ImageObject","inLanguage":"fr-FR","@id":"https:\/\/filles-de-la-charite.org\/fr\/#\/schema\/logo\/image\/","url":"https:\/\/filles-de-la-charite.org\/wp-content\/uploads\/2023\/03\/isotipo-Hijas-de-la-Caridad.png","contentUrl":"https:\/\/filles-de-la-charite.org\/wp-content\/uploads\/2023\/03\/isotipo-Hijas-de-la-Caridad.png","width":1417,"height":1417,"caption":"Hijas de la Caridad"},"image":{"@id":"https:\/\/filles-de-la-charite.org\/fr\/#\/schema\/logo\/image\/"}},{"@type":"Person","@id":"https:\/\/filles-de-la-charite.org\/fr\/#\/schema\/person\/427567b2eccfc2dd7d206da186a1f438","name":"admin","image":{"@type":"ImageObject","inLanguage":"fr-FR","@id":"https:\/\/secure.gravatar.com\/avatar\/948b492cce32b586ac2db0eaa926ee87024f7afe218d73b397ea5ddfc5f43ea1?s=96&d=mm&r=g","url":"https:\/\/secure.gravatar.com\/avatar\/948b492cce32b586ac2db0eaa926ee87024f7afe218d73b397ea5ddfc5f43ea1?s=96&d=mm&r=g","contentUrl":"https:\/\/secure.gravatar.com\/avatar\/948b492cce32b586ac2db0eaa926ee87024f7afe218d73b397ea5ddfc5f43ea1?s=96&d=mm&r=g","caption":"admin"},"sameAs":["https:\/\/filles-de-la-charite.org"],"url":"https:\/\/filles-de-la-charite.org\/fr\/author\/caridad\/"}]}},"_links":{"self":[{"href":"https:\/\/filles-de-la-charite.org\/fr\/wp-json\/wp\/v2\/posts\/19121","targetHints":{"allow":["GET"]}}],"collection":[{"href":"https:\/\/filles-de-la-charite.org\/fr\/wp-json\/wp\/v2\/posts"}],"about":[{"href":"https:\/\/filles-de-la-charite.org\/fr\/wp-json\/wp\/v2\/types\/post"}],"author":[{"embeddable":true,"href":"https:\/\/filles-de-la-charite.org\/fr\/wp-json\/wp\/v2\/users\/1"}],"replies":[{"embeddable":true,"href":"https:\/\/filles-de-la-charite.org\/fr\/wp-json\/wp\/v2\/comments?post=19121"}],"version-history":[{"count":1,"href":"https:\/\/filles-de-la-charite.org\/fr\/wp-json\/wp\/v2\/posts\/19121\/revisions"}],"predecessor-version":[{"id":19122,"href":"https:\/\/filles-de-la-charite.org\/fr\/wp-json\/wp\/v2\/posts\/19121\/revisions\/19122"}],"wp:featuredmedia":[{"embeddable":true,"href":"https:\/\/filles-de-la-charite.org\/fr\/wp-json\/wp\/v2\/media\/14469"}],"wp:attachment":[{"href":"https:\/\/filles-de-la-charite.org\/fr\/wp-json\/wp\/v2\/media?parent=19121"}],"wp:term":[{"taxonomy":"category","embeddable":true,"href":"https:\/\/filles-de-la-charite.org\/fr\/wp-json\/wp\/v2\/categories?post=19121"},{"taxonomy":"post_tag","embeddable":true,"href":"https:\/\/filles-de-la-charite.org\/fr\/wp-json\/wp\/v2\/tags?post=19121"}],"curies":[{"name":"wp","href":"https:\/\/api.w.org\/{rel}","templated":true}]}}