{"id":19129,"date":"2020-03-06T22:57:14","date_gmt":"2020-03-06T21:57:14","guid":{"rendered":"https:\/\/hijascaridad.sjdigitaldemo.ovh\/cinquante-ans-de-service-des-filles-de-la-charite-au-cameroun\/"},"modified":"2024-03-17T18:46:53","modified_gmt":"2024-03-17T17:46:53","slug":"cinquante-ans-de-service-des-filles-de-la-charite-au-cameroun","status":"publish","type":"post","link":"https:\/\/filles-de-la-charite.org\/fr\/cinquante-ans-de-service-des-filles-de-la-charite-au-cameroun\/","title":{"rendered":"Cinquante ans de Service des Filles de la Charit\u00e9 au Cameroun"},"content":{"rendered":"\n<div class=\"wp-block-image\"><figure class=\"alignleft size-large\"><img decoding=\"async\" src=\"https:\/\/filles-de-la-charite.org\/wp-content\/uploads\/2023\/06\/200306-Cameroon-thmb.jpg\" alt=\"\" class=\"wp-image-41017\"\/><\/figure><\/div>\n\n\n\n<p>Un regard sur l'histoire\nLe 16 f\u00e9vrier 1968, le Conseil provincial des Filles de la Charit\u00e9 de Suisse a r\u00e9pondu positivement \u00e0 la demande de Son Eminence Nkongsamba NDONGMO et a d\u00e9cid\u00e9 d'ouvrir une Mission catholique \u00e0 Dchang, Cameroun. Le contrat a \u00e9t\u00e9 sign\u00e9 par Mgr NDONGMO le 25 juillet 1969 et par M\u00e8re CHIRON le 28 juillet 1969.<\/p>\n\n\n\n<div class=\"wp-block-image\"><figure class=\"alignright size-full is-resized\"><img loading=\"lazy\" decoding=\"async\" src=\"https:\/\/filles-de-la-charite.org\/wp-content\/uploads\/2023\/06\/200306-Cameroon-01.jpg\" alt=\"\" class=\"wp-image-40931\" width=\"343\" height=\"480\"\/><\/figure><\/div>\n\n\n\n<p><strong><em>Notre c\u00e9l\u00e9bration<\/em><\/strong>\nLe 15 f\u00e9vrier 2020, nous remercions Dieu pour les 50 ans de service des Filles de la Charit\u00e9 de Saint Vincent de Paul, au Cameroun. Cinquante ans de service signifient une abondance de gr\u00e2ces, manifest\u00e9es au travers des personnes qui l\u2019ont initi\u00e9es et des g\u00e9n\u00e9rations de pauvres qui ont \u00e9t\u00e9 servis. Cinquante ans repr\u00e9sentent des ann\u00e9es d'observation, d'adaptation et d'organisation, rendant le service de plus en plus efficace. Cinquante ans signifient de nombreuses ann\u00e9es de gr\u00e2ces qui incluent un don d'amour, de sacrifice, d'enthousiasme, de courage et de vie pour tant de personnes. Cinquante ans repr\u00e9sentent de nombreuses d\u00e9cisions prises pour la gloire de Dieu, le bien de l'\u00c9glise et le service aimant des pauvres.<\/p>\n\n\n\n<p>Nous avons relu et pri\u00e9 tout cela pendant le triduum sp\u00e9cial c\u00e9l\u00e9br\u00e9 dans notre paroisse. Nous avons pu vivre l'adoration du Saint-Sacrement, une br\u00e8ve cat\u00e9ch\u00e8se sur la Mis\u00e9ricorde et un partage de notre charisme, ainsi que la c\u00e9l\u00e9bration de l'eucharistie \u00e0 la veille de la c\u00e9r\u00e9monie.<\/p>\n\n\n\n<figure class=\"wp-block-gallery columns-2 is-cropped wp-block-gallery-1 is-layout-flex wp-block-gallery-is-layout-flex\"><ul class=\"blocks-gallery-grid\"><li class=\"blocks-gallery-item\"><figure><a href=\"https:\/\/filles-de-la-charite.org\/wp-content\/uploads\/2023\/06\/200306-Cameroon-10-1024x576.jpg\" data-rel=\"lightbox-image-0\" data-rl_title=\"\" data-rl_caption=\"\" title=\"\"><img decoding=\"async\" src=\"https:\/\/filles-de-la-charite.org\/wp-content\/uploads\/2023\/06\/200306-Cameroon-10-1024x576.jpg\" alt=\"\" data-id=\"41001\" data-full-url=\"https:\/\/filles-de-la-charite.org\/wp-content\/uploads\/2023\/06\/200306-Cameroon-10.jpg\" data-link=\"https:\/\/www.filles-de-la-charite.org\/uncategorized-fr\/congres-international-de-pastorale-pour-les-personnes-agees-ce-29-31-janvier-2020-theme-la-richesse-des-annees\/attachment\/200306-cameroon-10\/\" class=\"wp-image-41001\"\/><\/a><\/figure><\/li><li class=\"blocks-gallery-item\"><figure><a href=\"https:\/\/filles-de-la-charite.org\/wp-content\/uploads\/2023\/06\/200306-Cameroon-09-1024x576.jpg\" data-rel=\"lightbox-image-1\" data-rl_title=\"\" data-rl_caption=\"\" title=\"\"><img decoding=\"async\" src=\"https:\/\/filles-de-la-charite.org\/wp-content\/uploads\/2023\/06\/200306-Cameroon-09-1024x576.jpg\" alt=\"\" data-id=\"40993\" data-full-url=\"https:\/\/filles-de-la-charite.org\/wp-content\/uploads\/2023\/06\/200306-Cameroon-09.jpg\" data-link=\"https:\/\/www.filles-de-la-charite.org\/uncategorized-fr\/congres-international-de-pastorale-pour-les-personnes-agees-ce-29-31-janvier-2020-theme-la-richesse-des-annees\/attachment\/200306-cameroon-09\/\" class=\"wp-image-40993\"\/><\/a><\/figure><\/li><li class=\"blocks-gallery-item\"><figure><a href=\"https:\/\/filles-de-la-charite.org\/wp-content\/uploads\/2023\/06\/200306-Cameroon-08-1024x576.jpg\" data-rel=\"lightbox-image-2\" data-rl_title=\"\" data-rl_caption=\"\" title=\"\"><img decoding=\"async\" src=\"https:\/\/filles-de-la-charite.org\/wp-content\/uploads\/2023\/06\/200306-Cameroon-08-1024x576.jpg\" alt=\"\" data-id=\"40985\" data-full-url=\"https:\/\/filles-de-la-charite.org\/wp-content\/uploads\/2023\/06\/200306-Cameroon-08.jpg\" data-link=\"https:\/\/www.filles-de-la-charite.org\/uncategorized-fr\/congres-international-de-pastorale-pour-les-personnes-agees-ce-29-31-janvier-2020-theme-la-richesse-des-annees\/attachment\/200306-cameroon-08\/\" class=\"wp-image-40985\"\/><\/a><\/figure><\/li><li class=\"blocks-gallery-item\"><figure><a href=\"https:\/\/filles-de-la-charite.org\/wp-content\/uploads\/2023\/06\/200306-Cameroon-07-1024x576.jpg\" data-rel=\"lightbox-image-3\" data-rl_title=\"\" data-rl_caption=\"\" title=\"\"><img decoding=\"async\" src=\"https:\/\/filles-de-la-charite.org\/wp-content\/uploads\/2023\/06\/200306-Cameroon-07-1024x576.jpg\" alt=\"\" data-id=\"40977\" data-full-url=\"https:\/\/filles-de-la-charite.org\/wp-content\/uploads\/2023\/06\/200306-Cameroon-07.jpg\" data-link=\"https:\/\/www.filles-de-la-charite.org\/uncategorized-fr\/congres-international-de-pastorale-pour-les-personnes-agees-ce-29-31-janvier-2020-theme-la-richesse-des-annees\/attachment\/200306-cameroon-07\/\" class=\"wp-image-40977\"\/><\/a><\/figure><\/li><li class=\"blocks-gallery-item\"><figure><a href=\"https:\/\/filles-de-la-charite.org\/wp-content\/uploads\/2023\/06\/200306-Cameroon-06-1024x576.jpg\" data-rel=\"lightbox-image-4\" data-rl_title=\"\" data-rl_caption=\"\" title=\"\"><img decoding=\"async\" src=\"https:\/\/filles-de-la-charite.org\/wp-content\/uploads\/2023\/06\/200306-Cameroon-06-1024x576.jpg\" alt=\"\" data-id=\"40969\" data-full-url=\"https:\/\/filles-de-la-charite.org\/wp-content\/uploads\/2023\/06\/200306-Cameroon-06.jpg\" data-link=\"https:\/\/www.filles-de-la-charite.org\/uncategorized-fr\/congres-international-de-pastorale-pour-les-personnes-agees-ce-29-31-janvier-2020-theme-la-richesse-des-annees\/attachment\/200306-cameroon-06\/\" class=\"wp-image-40969\"\/><\/a><\/figure><\/li><li class=\"blocks-gallery-item\"><figure><a href=\"https:\/\/filles-de-la-charite.org\/wp-content\/uploads\/2023\/06\/200306-Cameroon-05-1024x576.jpg\" data-rel=\"lightbox-image-5\" data-rl_title=\"\" data-rl_caption=\"\" title=\"\"><img decoding=\"async\" src=\"https:\/\/filles-de-la-charite.org\/wp-content\/uploads\/2023\/06\/200306-Cameroon-05-1024x576.jpg\" alt=\"\" data-id=\"40961\" data-full-url=\"https:\/\/filles-de-la-charite.org\/wp-content\/uploads\/2023\/06\/200306-Cameroon-05.jpg\" data-link=\"https:\/\/www.filles-de-la-charite.org\/uncategorized-fr\/congres-international-de-pastorale-pour-les-personnes-agees-ce-29-31-janvier-2020-theme-la-richesse-des-annees\/attachment\/200306-cameroon-05\/\" class=\"wp-image-40961\"\/><\/a><\/figure><\/li><li class=\"blocks-gallery-item\"><figure><a href=\"https:\/\/filles-de-la-charite.org\/wp-content\/uploads\/2023\/06\/200306-Cameroon-04-1024x576.jpg\" data-rel=\"lightbox-image-6\" data-rl_title=\"\" data-rl_caption=\"\" title=\"\"><img decoding=\"async\" src=\"https:\/\/filles-de-la-charite.org\/wp-content\/uploads\/2023\/06\/200306-Cameroon-04-1024x576.jpg\" alt=\"\" data-id=\"40953\" data-full-url=\"https:\/\/filles-de-la-charite.org\/wp-content\/uploads\/2023\/06\/200306-Cameroon-04.jpg\" data-link=\"https:\/\/www.filles-de-la-charite.org\/uncategorized-fr\/congres-international-de-pastorale-pour-les-personnes-agees-ce-29-31-janvier-2020-theme-la-richesse-des-annees\/attachment\/200306-cameroon-04\/\" class=\"wp-image-40953\"\/><\/a><\/figure><\/li><li class=\"blocks-gallery-item\"><figure><a href=\"https:\/\/filles-de-la-charite.org\/wp-content\/uploads\/2023\/06\/200306-Cameroon-02-1024x576.jpg\" data-rel=\"lightbox-image-7\" data-rl_title=\"\" data-rl_caption=\"\" title=\"\"><img decoding=\"async\" src=\"https:\/\/filles-de-la-charite.org\/wp-content\/uploads\/2023\/06\/200306-Cameroon-02-1024x576.jpg\" alt=\"\" data-id=\"40938\" data-full-url=\"https:\/\/filles-de-la-charite.org\/wp-content\/uploads\/2023\/06\/200306-Cameroon-02.jpg\" data-link=\"https:\/\/www.filles-de-la-charite.org\/uncategorized-fr\/congres-international-de-pastorale-pour-les-personnes-agees-ce-29-31-janvier-2020-theme-la-richesse-des-annees\/attachment\/200306-cameroon-02\/\" class=\"wp-image-40938\"\/><\/a><\/figure><\/li><\/ul><\/figure>\n\n\n\n<p>La Sainte Eucharistie c\u00e9l\u00e9br\u00e9e le 15 f\u00e9vrier dans notre paroisse a \u00e9t\u00e9 pr\u00e9sid\u00e9e par l'\u00e9v\u00eaque avec la participation de nombreux pr\u00eatres, autorit\u00e9s civiles locales, s\u0153ur Emmanuelle et s\u0153ur Maggie de la province de Suisse (anciennes missionnaires au Cameroun), la plupart des s\u0153urs de notre province , des d\u00e9l\u00e9gations de diverses congr\u00e9gations religieuses, les familles de nos s\u0153urs, les employ\u00e9s, les paroissiens et les personnes que nous servons - soit 50 personnes vivant dans la pauvret\u00e9 qui ont re\u00e7u des invitations personnelles. La liturgie pr\u00e9par\u00e9e par les groupes de jeunes de la paroisse \u00e9tait magnifique. L'\u00e9v\u00eaque a prononc\u00e9 une hom\u00e9lie sur la mis\u00e9ricorde et le sacrifice. Au d\u00e9but de l'Eucharistie, les S\u0153urs de Suisse ont rappel\u00e9 l'histoire de l'arriv\u00e9e des premi\u00e8res s\u0153urs au Cameroun et le d\u00e9but de leur mission. Avant la b\u00e9n\u00e9diction finale, une de ces premi\u00e8res s\u0153urs a t\u00e9moign\u00e9.<\/p>\n\n\n\n<div class=\"wp-block-image\"><figure class=\"alignright size-large is-resized\"><img loading=\"lazy\" decoding=\"async\" src=\"https:\/\/filles-de-la-charite.org\/wp-content\/uploads\/2023\/06\/200306-Cameroon-03-683x1024.jpg\" alt=\"\" class=\"wp-image-40946\" width=\"342\" height=\"512\"\/><\/figure><\/div>\n\n\n\n<p>Apr\u00e8s l'Eucharistie, nous nous sommes retrouv\u00e9s dans la cour de l\u2019\u00e9cole pour prendre un rafra\u00eechissement. Le repas a \u00e9t\u00e9 anim\u00e9 par des chants et des danses d\u2019enfants et des invit\u00e9s. \u00c0 la fin, l'\u00e9v\u00eaque a coup\u00e9 le g\u00e2teau du jubil\u00e9. Des d\u00e9corations confectionn\u00e9es sp\u00e9cialement ont \u00e9t\u00e9 expos\u00e9es dans l'\u00e9glise et la cour de l'\u00e9cole, ainsi que des chemises avec le logo de l'ann\u00e9e du jubil\u00e9. Le soir, les S\u0153urs de Suisse ont visit\u00e9 nos \u0153uvres et constat\u00e9 les nombreux changements intervenus depuis leur d\u00e9part du Cameroun ; les questions pos\u00e9es aux s\u0153urs et les souvenirs partag\u00e9s \u00e9taient tr\u00e8s nombreux.<\/p>\n\n\n\n<p>Le lendemain, s\u0153ur Emmanuelle et s\u0153ur Maggie, accompagn\u00e9es de la Visitatrice, ont visit\u00e9 la Communaut\u00e9 des Filles de la Charit\u00e9 de Foumban. Nous nous disons au revoir ... jusqu'\u00e0 ce que nous nous revoyions, certainement avant les 50 prochaines ann\u00e9es !<\/p>\n\n\n\n<p class=\"has-text-align-left\"><em>Les s\u0153urs du Cameroun<\/em><\/p>\n","protected":false},"excerpt":{"rendered":"<p>Un regard sur l&rsquo;histoire Le 16 f\u00e9vrier 1968, le Conseil provincial des Filles de la Charit\u00e9 de Suisse a r\u00e9pondu positivement \u00e0 la demande de Son Eminence Nkongsamba NDONGMO et a d\u00e9cid\u00e9 d&rsquo;ouvrir une Mission catholique \u00e0 Dchang, Cameroun. Le contrat a \u00e9t\u00e9 sign\u00e9 par Mgr NDONGMO le 25 juillet 1969 et par M\u00e8re CHIRON [&hellip;]<\/p>\n","protected":false},"author":1,"featured_media":14556,"comment_status":"closed","ping_status":"closed","sticky":false,"template":"","format":"standard","meta":{"_acf_changed":false,"footnotes":"","_links_to":"","_links_to_target":""},"categories":[582],"tags":[],"class_list":["post-19129","post","type-post","status-publish","format-standard","has-post-thumbnail","hentry","category-cameroun-fr"],"acf":[],"yoast_head":"<!-- This site is optimized with the Yoast SEO plugin v27.5 - https:\/\/yoast.com\/product\/yoast-seo-wordpress\/ -->\n<title>Cinquante ans de Service des Filles de la Charit\u00e9 au Cameroun - Filles de la Charit\u00e9<\/title>\n<meta name=\"robots\" content=\"index, follow, max-snippet:-1, max-image-preview:large, max-video-preview:-1\" \/>\n<link rel=\"canonical\" href=\"https:\/\/filles-de-la-charite.org\/fr\/cinquante-ans-de-service-des-filles-de-la-charite-au-cameroun\/\" \/>\n<meta property=\"og:locale\" content=\"fr_FR\" \/>\n<meta property=\"og:type\" content=\"article\" \/>\n<meta property=\"og:title\" content=\"Cinquante ans de Service des Filles de la Charit\u00e9 au Cameroun - Filles de la Charit\u00e9\" \/>\n<meta property=\"og:description\" content=\"Un regard sur l&rsquo;histoire Le 16 f\u00e9vrier 1968, le Conseil provincial des Filles de la Charit\u00e9 de Suisse a r\u00e9pondu positivement \u00e0 la demande de Son Eminence Nkongsamba NDONGMO et a d\u00e9cid\u00e9 d&rsquo;ouvrir une Mission catholique \u00e0 Dchang, Cameroun. Le contrat a \u00e9t\u00e9 sign\u00e9 par Mgr NDONGMO le 25 juillet 1969 et par M\u00e8re CHIRON [&hellip;]\" \/>\n<meta property=\"og:url\" content=\"https:\/\/filles-de-la-charite.org\/fr\/cinquante-ans-de-service-des-filles-de-la-charite-au-cameroun\/\" \/>\n<meta property=\"og:site_name\" content=\"Filles de la Charit\u00e9\" \/>\n<meta property=\"article:published_time\" content=\"2020-03-06T21:57:14+00:00\" \/>\n<meta property=\"article:modified_time\" content=\"2024-03-17T17:46:53+00:00\" \/>\n<meta property=\"og:image\" content=\"https:\/\/filles-de-la-charite.org\/wp-content\/uploads\/2023\/06\/200306-Cameroon-FTD.jpg\" \/>\n\t<meta property=\"og:image:width\" content=\"1201\" \/>\n\t<meta property=\"og:image:height\" content=\"630\" \/>\n\t<meta property=\"og:image:type\" content=\"image\/jpeg\" \/>\n<meta name=\"author\" content=\"admin\" \/>\n<meta name=\"twitter:card\" content=\"summary_large_image\" \/>\n<meta name=\"twitter:label1\" content=\"\u00c9crit par\" \/>\n\t<meta name=\"twitter:data1\" content=\"admin\" \/>\n\t<meta name=\"twitter:label2\" content=\"Dur\u00e9e de lecture estim\u00e9e\" \/>\n\t<meta name=\"twitter:data2\" content=\"3 minutes\" \/>\n<script type=\"application\/ld+json\" class=\"yoast-schema-graph\">{\"@context\":\"https:\\\/\\\/schema.org\",\"@graph\":[{\"@type\":\"Article\",\"@id\":\"https:\\\/\\\/filles-de-la-charite.org\\\/fr\\\/cinquante-ans-de-service-des-filles-de-la-charite-au-cameroun\\\/#article\",\"isPartOf\":{\"@id\":\"https:\\\/\\\/filles-de-la-charite.org\\\/fr\\\/cinquante-ans-de-service-des-filles-de-la-charite-au-cameroun\\\/\"},\"author\":{\"name\":\"admin\",\"@id\":\"https:\\\/\\\/filles-de-la-charite.org\\\/fr\\\/#\\\/schema\\\/person\\\/427567b2eccfc2dd7d206da186a1f438\"},\"headline\":\"Cinquante ans de Service des Filles de la Charit\u00e9 au Cameroun\",\"datePublished\":\"2020-03-06T21:57:14+00:00\",\"dateModified\":\"2024-03-17T17:46:53+00:00\",\"mainEntityOfPage\":{\"@id\":\"https:\\\/\\\/filles-de-la-charite.org\\\/fr\\\/cinquante-ans-de-service-des-filles-de-la-charite-au-cameroun\\\/\"},\"wordCount\":605,\"publisher\":{\"@id\":\"https:\\\/\\\/filles-de-la-charite.org\\\/fr\\\/#organization\"},\"image\":{\"@id\":\"https:\\\/\\\/filles-de-la-charite.org\\\/fr\\\/cinquante-ans-de-service-des-filles-de-la-charite-au-cameroun\\\/#primaryimage\"},\"thumbnailUrl\":\"https:\\\/\\\/filles-de-la-charite.org\\\/wp-content\\\/uploads\\\/2023\\\/06\\\/200306-Cameroon-FTD.jpg\",\"articleSection\":[\"Cameroun\"],\"inLanguage\":\"fr-FR\"},{\"@type\":\"WebPage\",\"@id\":\"https:\\\/\\\/filles-de-la-charite.org\\\/fr\\\/cinquante-ans-de-service-des-filles-de-la-charite-au-cameroun\\\/\",\"url\":\"https:\\\/\\\/filles-de-la-charite.org\\\/fr\\\/cinquante-ans-de-service-des-filles-de-la-charite-au-cameroun\\\/\",\"name\":\"Cinquante ans de Service des Filles de la Charit\u00e9 au Cameroun - Filles de la Charit\u00e9\",\"isPartOf\":{\"@id\":\"https:\\\/\\\/filles-de-la-charite.org\\\/fr\\\/#website\"},\"primaryImageOfPage\":{\"@id\":\"https:\\\/\\\/filles-de-la-charite.org\\\/fr\\\/cinquante-ans-de-service-des-filles-de-la-charite-au-cameroun\\\/#primaryimage\"},\"image\":{\"@id\":\"https:\\\/\\\/filles-de-la-charite.org\\\/fr\\\/cinquante-ans-de-service-des-filles-de-la-charite-au-cameroun\\\/#primaryimage\"},\"thumbnailUrl\":\"https:\\\/\\\/filles-de-la-charite.org\\\/wp-content\\\/uploads\\\/2023\\\/06\\\/200306-Cameroon-FTD.jpg\",\"datePublished\":\"2020-03-06T21:57:14+00:00\",\"dateModified\":\"2024-03-17T17:46:53+00:00\",\"breadcrumb\":{\"@id\":\"https:\\\/\\\/filles-de-la-charite.org\\\/fr\\\/cinquante-ans-de-service-des-filles-de-la-charite-au-cameroun\\\/#breadcrumb\"},\"inLanguage\":\"fr-FR\",\"potentialAction\":[{\"@type\":\"ReadAction\",\"target\":[\"https:\\\/\\\/filles-de-la-charite.org\\\/fr\\\/cinquante-ans-de-service-des-filles-de-la-charite-au-cameroun\\\/\"]}]},{\"@type\":\"ImageObject\",\"inLanguage\":\"fr-FR\",\"@id\":\"https:\\\/\\\/filles-de-la-charite.org\\\/fr\\\/cinquante-ans-de-service-des-filles-de-la-charite-au-cameroun\\\/#primaryimage\",\"url\":\"https:\\\/\\\/filles-de-la-charite.org\\\/wp-content\\\/uploads\\\/2023\\\/06\\\/200306-Cameroon-FTD.jpg\",\"contentUrl\":\"https:\\\/\\\/filles-de-la-charite.org\\\/wp-content\\\/uploads\\\/2023\\\/06\\\/200306-Cameroon-FTD.jpg\",\"width\":1201,\"height\":630},{\"@type\":\"BreadcrumbList\",\"@id\":\"https:\\\/\\\/filles-de-la-charite.org\\\/fr\\\/cinquante-ans-de-service-des-filles-de-la-charite-au-cameroun\\\/#breadcrumb\",\"itemListElement\":[{\"@type\":\"ListItem\",\"position\":1,\"name\":\"Inde du Sud\",\"item\":\"https:\\\/\\\/filles-de-la-charite.org\\\/fr\\\/category\\\/india-del-sur-fr\\\/\"},{\"@type\":\"ListItem\",\"position\":2,\"name\":\"Cinquante ans de Service des Filles de la Charit\u00e9 au Cameroun\"}]},{\"@type\":\"WebSite\",\"@id\":\"https:\\\/\\\/filles-de-la-charite.org\\\/fr\\\/#website\",\"url\":\"https:\\\/\\\/filles-de-la-charite.org\\\/fr\\\/\",\"name\":\"Hijas de la Caridad\",\"description\":\"L\u2019amour de J\u00e9sus nous presse \u00e0 prendre soin des personnes les plus d\u00e9munies\",\"publisher\":{\"@id\":\"https:\\\/\\\/filles-de-la-charite.org\\\/fr\\\/#organization\"},\"potentialAction\":[{\"@type\":\"SearchAction\",\"target\":{\"@type\":\"EntryPoint\",\"urlTemplate\":\"https:\\\/\\\/filles-de-la-charite.org\\\/fr\\\/?s={search_term_string}\"},\"query-input\":{\"@type\":\"PropertyValueSpecification\",\"valueRequired\":true,\"valueName\":\"search_term_string\"}}],\"inLanguage\":\"fr-FR\"},{\"@type\":\"Organization\",\"@id\":\"https:\\\/\\\/filles-de-la-charite.org\\\/fr\\\/#organization\",\"name\":\"Hijas de la Caridad\",\"url\":\"https:\\\/\\\/filles-de-la-charite.org\\\/fr\\\/\",\"logo\":{\"@type\":\"ImageObject\",\"inLanguage\":\"fr-FR\",\"@id\":\"https:\\\/\\\/filles-de-la-charite.org\\\/fr\\\/#\\\/schema\\\/logo\\\/image\\\/\",\"url\":\"https:\\\/\\\/filles-de-la-charite.org\\\/wp-content\\\/uploads\\\/2023\\\/03\\\/isotipo-Hijas-de-la-Caridad.png\",\"contentUrl\":\"https:\\\/\\\/filles-de-la-charite.org\\\/wp-content\\\/uploads\\\/2023\\\/03\\\/isotipo-Hijas-de-la-Caridad.png\",\"width\":1417,\"height\":1417,\"caption\":\"Hijas de la Caridad\"},\"image\":{\"@id\":\"https:\\\/\\\/filles-de-la-charite.org\\\/fr\\\/#\\\/schema\\\/logo\\\/image\\\/\"}},{\"@type\":\"Person\",\"@id\":\"https:\\\/\\\/filles-de-la-charite.org\\\/fr\\\/#\\\/schema\\\/person\\\/427567b2eccfc2dd7d206da186a1f438\",\"name\":\"admin\",\"image\":{\"@type\":\"ImageObject\",\"inLanguage\":\"fr-FR\",\"@id\":\"https:\\\/\\\/secure.gravatar.com\\\/avatar\\\/948b492cce32b586ac2db0eaa926ee87024f7afe218d73b397ea5ddfc5f43ea1?s=96&d=mm&r=g\",\"url\":\"https:\\\/\\\/secure.gravatar.com\\\/avatar\\\/948b492cce32b586ac2db0eaa926ee87024f7afe218d73b397ea5ddfc5f43ea1?s=96&d=mm&r=g\",\"contentUrl\":\"https:\\\/\\\/secure.gravatar.com\\\/avatar\\\/948b492cce32b586ac2db0eaa926ee87024f7afe218d73b397ea5ddfc5f43ea1?s=96&d=mm&r=g\",\"caption\":\"admin\"},\"sameAs\":[\"https:\\\/\\\/filles-de-la-charite.org\"],\"url\":\"https:\\\/\\\/filles-de-la-charite.org\\\/fr\\\/author\\\/caridad\\\/\"}]}<\/script>\n<!-- \/ Yoast SEO plugin. -->","yoast_head_json":{"title":"Cinquante ans de Service des Filles de la Charit\u00e9 au Cameroun - Filles de la Charit\u00e9","robots":{"index":"index","follow":"follow","max-snippet":"max-snippet:-1","max-image-preview":"max-image-preview:large","max-video-preview":"max-video-preview:-1"},"canonical":"https:\/\/filles-de-la-charite.org\/fr\/cinquante-ans-de-service-des-filles-de-la-charite-au-cameroun\/","og_locale":"fr_FR","og_type":"article","og_title":"Cinquante ans de Service des Filles de la Charit\u00e9 au Cameroun - Filles de la Charit\u00e9","og_description":"Un regard sur l&rsquo;histoire Le 16 f\u00e9vrier 1968, le Conseil provincial des Filles de la Charit\u00e9 de Suisse a r\u00e9pondu positivement \u00e0 la demande de Son Eminence Nkongsamba NDONGMO et a d\u00e9cid\u00e9 d&rsquo;ouvrir une Mission catholique \u00e0 Dchang, Cameroun. Le contrat a \u00e9t\u00e9 sign\u00e9 par Mgr NDONGMO le 25 juillet 1969 et par M\u00e8re CHIRON [&hellip;]","og_url":"https:\/\/filles-de-la-charite.org\/fr\/cinquante-ans-de-service-des-filles-de-la-charite-au-cameroun\/","og_site_name":"Filles de la Charit\u00e9","article_published_time":"2020-03-06T21:57:14+00:00","article_modified_time":"2024-03-17T17:46:53+00:00","og_image":[{"width":1201,"height":630,"url":"https:\/\/filles-de-la-charite.org\/wp-content\/uploads\/2023\/06\/200306-Cameroon-FTD.jpg","type":"image\/jpeg"}],"author":"admin","twitter_card":"summary_large_image","twitter_misc":{"\u00c9crit par":"admin","Dur\u00e9e de lecture estim\u00e9e":"3 minutes"},"schema":{"@context":"https:\/\/schema.org","@graph":[{"@type":"Article","@id":"https:\/\/filles-de-la-charite.org\/fr\/cinquante-ans-de-service-des-filles-de-la-charite-au-cameroun\/#article","isPartOf":{"@id":"https:\/\/filles-de-la-charite.org\/fr\/cinquante-ans-de-service-des-filles-de-la-charite-au-cameroun\/"},"author":{"name":"admin","@id":"https:\/\/filles-de-la-charite.org\/fr\/#\/schema\/person\/427567b2eccfc2dd7d206da186a1f438"},"headline":"Cinquante ans de Service des Filles de la Charit\u00e9 au Cameroun","datePublished":"2020-03-06T21:57:14+00:00","dateModified":"2024-03-17T17:46:53+00:00","mainEntityOfPage":{"@id":"https:\/\/filles-de-la-charite.org\/fr\/cinquante-ans-de-service-des-filles-de-la-charite-au-cameroun\/"},"wordCount":605,"publisher":{"@id":"https:\/\/filles-de-la-charite.org\/fr\/#organization"},"image":{"@id":"https:\/\/filles-de-la-charite.org\/fr\/cinquante-ans-de-service-des-filles-de-la-charite-au-cameroun\/#primaryimage"},"thumbnailUrl":"https:\/\/filles-de-la-charite.org\/wp-content\/uploads\/2023\/06\/200306-Cameroon-FTD.jpg","articleSection":["Cameroun"],"inLanguage":"fr-FR"},{"@type":"WebPage","@id":"https:\/\/filles-de-la-charite.org\/fr\/cinquante-ans-de-service-des-filles-de-la-charite-au-cameroun\/","url":"https:\/\/filles-de-la-charite.org\/fr\/cinquante-ans-de-service-des-filles-de-la-charite-au-cameroun\/","name":"Cinquante ans de Service des Filles de la Charit\u00e9 au Cameroun - Filles de la Charit\u00e9","isPartOf":{"@id":"https:\/\/filles-de-la-charite.org\/fr\/#website"},"primaryImageOfPage":{"@id":"https:\/\/filles-de-la-charite.org\/fr\/cinquante-ans-de-service-des-filles-de-la-charite-au-cameroun\/#primaryimage"},"image":{"@id":"https:\/\/filles-de-la-charite.org\/fr\/cinquante-ans-de-service-des-filles-de-la-charite-au-cameroun\/#primaryimage"},"thumbnailUrl":"https:\/\/filles-de-la-charite.org\/wp-content\/uploads\/2023\/06\/200306-Cameroon-FTD.jpg","datePublished":"2020-03-06T21:57:14+00:00","dateModified":"2024-03-17T17:46:53+00:00","breadcrumb":{"@id":"https:\/\/filles-de-la-charite.org\/fr\/cinquante-ans-de-service-des-filles-de-la-charite-au-cameroun\/#breadcrumb"},"inLanguage":"fr-FR","potentialAction":[{"@type":"ReadAction","target":["https:\/\/filles-de-la-charite.org\/fr\/cinquante-ans-de-service-des-filles-de-la-charite-au-cameroun\/"]}]},{"@type":"ImageObject","inLanguage":"fr-FR","@id":"https:\/\/filles-de-la-charite.org\/fr\/cinquante-ans-de-service-des-filles-de-la-charite-au-cameroun\/#primaryimage","url":"https:\/\/filles-de-la-charite.org\/wp-content\/uploads\/2023\/06\/200306-Cameroon-FTD.jpg","contentUrl":"https:\/\/filles-de-la-charite.org\/wp-content\/uploads\/2023\/06\/200306-Cameroon-FTD.jpg","width":1201,"height":630},{"@type":"BreadcrumbList","@id":"https:\/\/filles-de-la-charite.org\/fr\/cinquante-ans-de-service-des-filles-de-la-charite-au-cameroun\/#breadcrumb","itemListElement":[{"@type":"ListItem","position":1,"name":"Inde du Sud","item":"https:\/\/filles-de-la-charite.org\/fr\/category\/india-del-sur-fr\/"},{"@type":"ListItem","position":2,"name":"Cinquante ans de Service des Filles de la Charit\u00e9 au Cameroun"}]},{"@type":"WebSite","@id":"https:\/\/filles-de-la-charite.org\/fr\/#website","url":"https:\/\/filles-de-la-charite.org\/fr\/","name":"Hijas de la Caridad","description":"L\u2019amour de J\u00e9sus nous presse \u00e0 prendre soin des personnes les plus d\u00e9munies","publisher":{"@id":"https:\/\/filles-de-la-charite.org\/fr\/#organization"},"potentialAction":[{"@type":"SearchAction","target":{"@type":"EntryPoint","urlTemplate":"https:\/\/filles-de-la-charite.org\/fr\/?s={search_term_string}"},"query-input":{"@type":"PropertyValueSpecification","valueRequired":true,"valueName":"search_term_string"}}],"inLanguage":"fr-FR"},{"@type":"Organization","@id":"https:\/\/filles-de-la-charite.org\/fr\/#organization","name":"Hijas de la Caridad","url":"https:\/\/filles-de-la-charite.org\/fr\/","logo":{"@type":"ImageObject","inLanguage":"fr-FR","@id":"https:\/\/filles-de-la-charite.org\/fr\/#\/schema\/logo\/image\/","url":"https:\/\/filles-de-la-charite.org\/wp-content\/uploads\/2023\/03\/isotipo-Hijas-de-la-Caridad.png","contentUrl":"https:\/\/filles-de-la-charite.org\/wp-content\/uploads\/2023\/03\/isotipo-Hijas-de-la-Caridad.png","width":1417,"height":1417,"caption":"Hijas de la Caridad"},"image":{"@id":"https:\/\/filles-de-la-charite.org\/fr\/#\/schema\/logo\/image\/"}},{"@type":"Person","@id":"https:\/\/filles-de-la-charite.org\/fr\/#\/schema\/person\/427567b2eccfc2dd7d206da186a1f438","name":"admin","image":{"@type":"ImageObject","inLanguage":"fr-FR","@id":"https:\/\/secure.gravatar.com\/avatar\/948b492cce32b586ac2db0eaa926ee87024f7afe218d73b397ea5ddfc5f43ea1?s=96&d=mm&r=g","url":"https:\/\/secure.gravatar.com\/avatar\/948b492cce32b586ac2db0eaa926ee87024f7afe218d73b397ea5ddfc5f43ea1?s=96&d=mm&r=g","contentUrl":"https:\/\/secure.gravatar.com\/avatar\/948b492cce32b586ac2db0eaa926ee87024f7afe218d73b397ea5ddfc5f43ea1?s=96&d=mm&r=g","caption":"admin"},"sameAs":["https:\/\/filles-de-la-charite.org"],"url":"https:\/\/filles-de-la-charite.org\/fr\/author\/caridad\/"}]}},"_links":{"self":[{"href":"https:\/\/filles-de-la-charite.org\/fr\/wp-json\/wp\/v2\/posts\/19129","targetHints":{"allow":["GET"]}}],"collection":[{"href":"https:\/\/filles-de-la-charite.org\/fr\/wp-json\/wp\/v2\/posts"}],"about":[{"href":"https:\/\/filles-de-la-charite.org\/fr\/wp-json\/wp\/v2\/types\/post"}],"author":[{"embeddable":true,"href":"https:\/\/filles-de-la-charite.org\/fr\/wp-json\/wp\/v2\/users\/1"}],"replies":[{"embeddable":true,"href":"https:\/\/filles-de-la-charite.org\/fr\/wp-json\/wp\/v2\/comments?post=19129"}],"version-history":[{"count":2,"href":"https:\/\/filles-de-la-charite.org\/fr\/wp-json\/wp\/v2\/posts\/19129\/revisions"}],"predecessor-version":[{"id":34545,"href":"https:\/\/filles-de-la-charite.org\/fr\/wp-json\/wp\/v2\/posts\/19129\/revisions\/34545"}],"wp:featuredmedia":[{"embeddable":true,"href":"https:\/\/filles-de-la-charite.org\/fr\/wp-json\/wp\/v2\/media\/14556"}],"wp:attachment":[{"href":"https:\/\/filles-de-la-charite.org\/fr\/wp-json\/wp\/v2\/media?parent=19129"}],"wp:term":[{"taxonomy":"category","embeddable":true,"href":"https:\/\/filles-de-la-charite.org\/fr\/wp-json\/wp\/v2\/categories?post=19129"},{"taxonomy":"post_tag","embeddable":true,"href":"https:\/\/filles-de-la-charite.org\/fr\/wp-json\/wp\/v2\/tags?post=19129"}],"curies":[{"name":"wp","href":"https:\/\/api.w.org\/{rel}","templated":true}]}}