{"id":19131,"date":"2020-03-16T22:40:22","date_gmt":"2020-03-16T21:40:22","guid":{"rendered":"https:\/\/hijascaridad.sjdigitaldemo.ovh\/visite-de-laustralie-par-le-pere-tomaz-mavric-cm-superieur-general\/"},"modified":"2024-03-17T18:46:45","modified_gmt":"2024-03-17T17:46:45","slug":"visite-de-laustralie-par-le-pere-tomaz-mavric-cm-superieur-general","status":"publish","type":"post","link":"https:\/\/filles-de-la-charite.org\/fr\/visite-de-laustralie-par-le-pere-tomaz-mavric-cm-superieur-general\/","title":{"rendered":"Visite de l\u2019Australie par le P\u00e8re Toma\u017e Mavri\u010d CM, Sup\u00e9rieur g\u00e9n\u00e9ral"},"content":{"rendered":"\nLors de sa visite \u00e0 la Congr\u00e9gation de la Mission de la Province d&rsquo;Oc\u00e9anie, le p\u00e8re Toma\u017e a \u00e9galement rendu visite aux Filles de la Charit\u00e9. Il est arriv\u00e9 le mardi 11 f\u00e9vrier, de Melbourne o\u00f9 il a rencontr\u00e9 ses confr\u00e8res et nos trois Filles de la Charit\u00e9 y r\u00e9sidant.<!--more--><\/p>\n<p style=\"text-align: justify;\">Vingt-cinq Filles de la Charit\u00e9 \u00e9taient r\u00e9unies pour accueillir le p\u00e8re Toma\u017e. En entrant dans la salle de r\u00e9union, il salua personnellement chaque s\u0153ur avant de s&rsquo;asseoir pour prendre une tasse de th\u00e9. Ce geste a mis tout le monde \u00e0 l&rsquo;aise. Le p\u00e8re Toma\u017e nous a ensuite donn\u00e9 une conf\u00e9rence informelle, suivie de questions et r\u00e9ponses. Nous avons beaucoup appr\u00e9ci\u00e9 sa simplicit\u00e9 lors de ses r\u00e9ponses aux questions des s\u0153urs et nous avons admir\u00e9 sa connaissance des \u00e9v\u00e9nements mondiaux qui ne sont pas n\u00e9cessairement li\u00e9s \u00e0 la Famille Vincentienne.<\/p>\n<p style=\"text-align: justify;\"><img loading=\"lazy\" decoding=\"async\" class=\"alignright wp-image-40561\" src=\"https:\/\/filles-de-la-charite.org\/wp-content\/uploads\/2023\/06\/0316-Australia-2-240x300.jpg\" alt=\"\" width=\"288\" height=\"360\">Apr\u00e8s une heure de conversation, je l&rsquo;ai accompagn\u00e9 vers quatre de nos s\u0153urs qui sont r\u00e9sidentes de notre maison de retraite, la Villa Bethanie situ\u00e9e \u00e0 proximit\u00e9. Trois de ces s\u0153urs ont bien quatre-vingt-dix ans, mais leur joie de voir notre Sup\u00e9rieur g\u00e9n\u00e9ral et de lui r\u00e9pondre faisait plaisir \u00e0 voir. La troisi\u00e8me s\u0153ur \u00e9tait au lit, son sourire \u00e9tait magnifique et son visage radieux lorsqu&rsquo;elle a \u00e9t\u00e9 pr\u00e9sent\u00e9e au p\u00e8re Toma\u017e. Sa visite \u00e0 la quatri\u00e8me s\u0153ur a \u00e9t\u00e9 plus longue car elle \u00e9tait capable de soutenir une conversation plus longtemps ! Cette s\u0153ur admire les \u00e9crits du p\u00e8re Toma\u017e et elle lui en a fait part avec un plaisir \u00e9vident ! Elle a ensuite commenc\u00e9 \u00e0 lui parler de ses activit\u00e9s \u00e0 la Villa Bethanie&nbsp;: des s\u00e9ances de po\u00e9sie avec un petit groupe de r\u00e9sidents, des r\u00e9flexions hebdomadaires pendant les saisons de l&rsquo;Avent et du Car\u00eame. Le p\u00e8re Toma\u017e a invit\u00e9 la s\u0153ur \u00e0 r\u00e9citer un po\u00e8me et elle l&rsquo;a fait verset apr\u00e8s verset pendant au moins trois minutes sans lire une seule note et sans aucune aide ! Le p\u00e8re Toma\u017e \u00e9tait fascin\u00e9 ! En Australie, nous dirions une expression pouvant se traduire par \u00ab il \u00e9tait scotch\u00e9 \u00bb !!!<\/p>\n<p style=\"text-align: justify;\">Le p\u00e8re Toma\u017e et moi avons ensuite parcouru bri\u00e8vement le foyer en visitant tr\u00e8s rapidement trois r\u00e9sidents. L&rsquo;un d&rsquo;eux \u00e9tait notre directeur commercial et membre du conseil consultatif provincial depuis de nombreuses ann\u00e9es. Il a maintenant quatre-vingt-dix ans et r\u00e9side avec sa femme dans notre \u00e9tablissement de soins pour personnes \u00e2g\u00e9es de St. Catherine. En reconnaissance de ses ann\u00e9es de service d\u00e9vou\u00e9 \u00e0 la Communaut\u00e9 et de sa fid\u00e8le amiti\u00e9 avec les S\u0153urs, j&rsquo;ai pr\u00e9sent\u00e9 le p\u00e8re Toma\u017e au couple. Ensuite, le p\u00e8re Toma\u017e a rendu visite \u00e0 une Italienne, r\u00e9sidant depuis quelque temps \u00e0 Sainte-Catherine et qui est malheureusement alit\u00e9e. Ils ont partag\u00e9 une excellente conversation en italien ! Enfin, le p\u00e8re Toma\u017e a b\u00e9ni une des s\u0153urs de sang de notre s\u0153ur, r\u00e9sidente de la maison.<\/p>\n<img loading=\"lazy\" decoding=\"async\" class=\"aligncenter size-full wp-image-40560\" src=\"https:\/\/filles-de-la-charite.org\/wp-content\/uploads\/2023\/06\/0316-Australia-1.jpg\" alt=\"\" width=\"720\" height=\"360\">\n<p style=\"text-align: justify;\">De retour \u00e0 la salle de r\u00e9union, le p\u00e8re Toma\u017e a c\u00e9l\u00e9br\u00e9 l&rsquo;eucharistie et la soir\u00e9e s&rsquo;est termin\u00e9e par un simple repas ensemble. Le 11 f\u00e9vrier a \u00e9t\u00e9 non seulement la f\u00eate de Notre-Dame de Lourdes, mais c\u2019\u00e9tait \u00e9galement un mois avant que les provinces d&rsquo;Australie et de Grande-Bretagne ne se lient pour former la province de Rosalie Rendu.<\/p>\n<p style=\"text-align: justify;\">Le p\u00e8re Toma\u017e a \u00e9t\u00e9 tr\u00e8s disponible et plusieurs s\u0153urs ont profit\u00e9 de l&rsquo;occasion pour lui parler personnellement de leurs minist\u00e8res pass\u00e9s ou pr\u00e9sents, de leur int\u00e9r\u00eat pour les services de nos s\u0153urs dans d&rsquo;autres parties du monde o\u00f9 il y a beaucoup de souffrance. Elles \u00e9taient \u00e9galement int\u00e9ress\u00e9s par les propos du p\u00e8re Toma\u017e&nbsp;: \u00ab&nbsp;\u00eatre des instruments de changement \u00e0 travers la repr\u00e9sentation vincentienne, au niveau des Nations Unies&nbsp;\u00bb.<\/p>\n<img loading=\"lazy\" decoding=\"async\" class=\"aligncenter size-full wp-image-40562\" src=\"https:\/\/filles-de-la-charite.org\/wp-content\/uploads\/2023\/06\/0316-Australia-3.jpg\" alt=\"\" width=\"1200\" height=\"800\">\n<p style=\"text-align: justify;\">Il a fait r\u00e9f\u00e9rence aux feux de brousse qui ont fait l&rsquo;actualit\u00e9 mondiale ! Bien que nos s\u0153urs, leurs familles, leurs maisons et les personnes aupr\u00e8s desquelles nous travaillons n&rsquo;aient pas \u00e9t\u00e9 affect\u00e9es, Dieu merci, il y a n\u00e9anmoins eu de nombreuses trag\u00e9dies impliquant des morts, des pertes de biens et de b\u00e9tail. Les Australiens sont tr\u00e8s g\u00e9n\u00e9reux et plus encore lorsque de telles catastrophes ou trag\u00e9dies se produisent. Pendant des mois, notre pri\u00e8re a \u00e9t\u00e9 d&rsquo;interc\u00e9der pour que la pluie tombe. Finalement, Dieu r\u00e9pondit en envoyant des pluies torrentielles et des temp\u00eates non-stop pendant trois jours entiers. Cela a \u00e9galement caus\u00e9 des ravages, mais Dieu a gracieusement r\u00e9pondu aux appels du monde au nom de notre pays et les barrages ne sont plus \u00e0 sec. Au cours de ces pluies incessantes, un \u00e9norme arbre est tomb\u00e9 sur le toit du centre de soins pour personnes \u00e2g\u00e9es de Sainte-Catherine et cinq des r\u00e9sidents ont d\u00fb \u00eatre transf\u00e9r\u00e9s dans une autre section du foyer. Dieu merci, cependant, aucun de ces r\u00e9sidents n&rsquo;a \u00e9t\u00e9 bless\u00e9. Leurs chambres sont toujours en r\u00e9paration. Le soir o\u00f9 le p\u00e8re Toma\u017e est arriv\u00e9 \u00e0 Sydney \u00e9tait la premi\u00e8re des nuits pluvieuses et orageuses !<\/p>\n<p style=\"text-align: right;\"><i><span style=\"color: #0432ff;\">S\u0153ur C\u00e9line Quadros\nFille de la Charit\u00e9<\/span><\/i><\/p>\n<img loading=\"lazy\" decoding=\"async\" class=\"aligncenter size-full wp-image-40563\" src=\"https:\/\/filles-de-la-charite.org\/wp-content\/uploads\/2023\/06\/0316-Australia-4.jpg\" alt=\"\" width=\"1280\" height=\"720\"><\/p>\n","protected":false},"excerpt":{"rendered":"<p>Lors de sa visite \u00e0 la Congr\u00e9gation de la Mission de la Province d&rsquo;Oc\u00e9anie, le p\u00e8re Toma\u017e a \u00e9galement rendu visite aux Filles de la Charit\u00e9. Il est arriv\u00e9 le mardi 11 f\u00e9vrier, de Melbourne o\u00f9 il a rencontr\u00e9 ses confr\u00e8res et nos trois Filles de la Charit\u00e9 y r\u00e9sidant.<\/p>\n","protected":false},"author":1,"featured_media":14588,"comment_status":"closed","ping_status":"closed","sticky":false,"template":"","format":"standard","meta":{"_acf_changed":false,"_et_pb_use_builder":"","_et_pb_old_content":"","_et_gb_content_width":"","footnotes":"","_links_to":"","_links_to_target":""},"categories":[673],"tags":[],"class_list":["post-19131","post","type-post","status-publish","format-standard","has-post-thumbnail","hentry","category-rosalie-rendu-royaume-uni-et-australie-fr"],"acf":[],"yoast_head":"<!-- This site is optimized with the Yoast SEO plugin v27.5 - https:\/\/yoast.com\/product\/yoast-seo-wordpress\/ -->\n<title>Visite de l\u2019Australie par le P\u00e8re Toma\u017e Mavri\u010d CM, Sup\u00e9rieur g\u00e9n\u00e9ral - Filles de la Charit\u00e9<\/title>\n<meta name=\"robots\" content=\"index, follow, max-snippet:-1, max-image-preview:large, max-video-preview:-1\" \/>\n<link rel=\"canonical\" href=\"https:\/\/filles-de-la-charite.org\/fr\/visite-de-laustralie-par-le-pere-tomaz-mavric-cm-superieur-general\/\" \/>\n<meta property=\"og:locale\" content=\"fr_FR\" \/>\n<meta property=\"og:type\" content=\"article\" \/>\n<meta property=\"og:title\" content=\"Visite de l\u2019Australie par le P\u00e8re Toma\u017e Mavri\u010d CM, Sup\u00e9rieur g\u00e9n\u00e9ral - Filles de la Charit\u00e9\" \/>\n<meta property=\"og:description\" content=\"Lors de sa visite \u00e0 la Congr\u00e9gation de la Mission de la Province d&rsquo;Oc\u00e9anie, le p\u00e8re Toma\u017e a \u00e9galement rendu visite aux Filles de la Charit\u00e9. Il est arriv\u00e9 le mardi 11 f\u00e9vrier, de Melbourne o\u00f9 il a rencontr\u00e9 ses confr\u00e8res et nos trois Filles de la Charit\u00e9 y r\u00e9sidant.\" \/>\n<meta property=\"og:url\" content=\"https:\/\/filles-de-la-charite.org\/fr\/visite-de-laustralie-par-le-pere-tomaz-mavric-cm-superieur-general\/\" \/>\n<meta property=\"og:site_name\" content=\"Filles de la Charit\u00e9\" \/>\n<meta property=\"article:published_time\" content=\"2020-03-16T21:40:22+00:00\" \/>\n<meta property=\"article:modified_time\" content=\"2024-03-17T17:46:45+00:00\" \/>\n<meta property=\"og:image\" content=\"https:\/\/filles-de-la-charite.org\/wp-content\/uploads\/2023\/06\/0316-Australia-5.jpg\" \/>\n\t<meta property=\"og:image:width\" content=\"1280\" \/>\n\t<meta property=\"og:image:height\" content=\"720\" \/>\n\t<meta property=\"og:image:type\" content=\"image\/jpeg\" \/>\n<meta name=\"author\" content=\"admin\" \/>\n<meta name=\"twitter:card\" content=\"summary_large_image\" \/>\n<meta name=\"twitter:label1\" content=\"\u00c9crit par\" \/>\n\t<meta name=\"twitter:data1\" content=\"admin\" \/>\n\t<meta name=\"twitter:label2\" content=\"Dur\u00e9e de lecture estim\u00e9e\" \/>\n\t<meta name=\"twitter:data2\" content=\"5 minutes\" \/>\n<script type=\"application\/ld+json\" class=\"yoast-schema-graph\">{\"@context\":\"https:\\\/\\\/schema.org\",\"@graph\":[{\"@type\":\"Article\",\"@id\":\"https:\\\/\\\/filles-de-la-charite.org\\\/fr\\\/visite-de-laustralie-par-le-pere-tomaz-mavric-cm-superieur-general\\\/#article\",\"isPartOf\":{\"@id\":\"https:\\\/\\\/filles-de-la-charite.org\\\/fr\\\/visite-de-laustralie-par-le-pere-tomaz-mavric-cm-superieur-general\\\/\"},\"author\":{\"name\":\"admin\",\"@id\":\"https:\\\/\\\/filles-de-la-charite.org\\\/fr\\\/#\\\/schema\\\/person\\\/427567b2eccfc2dd7d206da186a1f438\"},\"headline\":\"Visite de l\u2019Australie par le P\u00e8re Toma\u017e Mavri\u010d CM, Sup\u00e9rieur g\u00e9n\u00e9ral\",\"datePublished\":\"2020-03-16T21:40:22+00:00\",\"dateModified\":\"2024-03-17T17:46:45+00:00\",\"mainEntityOfPage\":{\"@id\":\"https:\\\/\\\/filles-de-la-charite.org\\\/fr\\\/visite-de-laustralie-par-le-pere-tomaz-mavric-cm-superieur-general\\\/\"},\"wordCount\":935,\"publisher\":{\"@id\":\"https:\\\/\\\/filles-de-la-charite.org\\\/fr\\\/#organization\"},\"image\":{\"@id\":\"https:\\\/\\\/filles-de-la-charite.org\\\/fr\\\/visite-de-laustralie-par-le-pere-tomaz-mavric-cm-superieur-general\\\/#primaryimage\"},\"thumbnailUrl\":\"https:\\\/\\\/filles-de-la-charite.org\\\/wp-content\\\/uploads\\\/2023\\\/06\\\/0316-Australia-5.jpg\",\"articleSection\":[\"Rosalie Rendu - Royaume-Uni et Australie\"],\"inLanguage\":\"fr-FR\"},{\"@type\":\"WebPage\",\"@id\":\"https:\\\/\\\/filles-de-la-charite.org\\\/fr\\\/visite-de-laustralie-par-le-pere-tomaz-mavric-cm-superieur-general\\\/\",\"url\":\"https:\\\/\\\/filles-de-la-charite.org\\\/fr\\\/visite-de-laustralie-par-le-pere-tomaz-mavric-cm-superieur-general\\\/\",\"name\":\"Visite de l\u2019Australie par le P\u00e8re Toma\u017e Mavri\u010d CM, Sup\u00e9rieur g\u00e9n\u00e9ral - Filles de la Charit\u00e9\",\"isPartOf\":{\"@id\":\"https:\\\/\\\/filles-de-la-charite.org\\\/fr\\\/#website\"},\"primaryImageOfPage\":{\"@id\":\"https:\\\/\\\/filles-de-la-charite.org\\\/fr\\\/visite-de-laustralie-par-le-pere-tomaz-mavric-cm-superieur-general\\\/#primaryimage\"},\"image\":{\"@id\":\"https:\\\/\\\/filles-de-la-charite.org\\\/fr\\\/visite-de-laustralie-par-le-pere-tomaz-mavric-cm-superieur-general\\\/#primaryimage\"},\"thumbnailUrl\":\"https:\\\/\\\/filles-de-la-charite.org\\\/wp-content\\\/uploads\\\/2023\\\/06\\\/0316-Australia-5.jpg\",\"datePublished\":\"2020-03-16T21:40:22+00:00\",\"dateModified\":\"2024-03-17T17:46:45+00:00\",\"breadcrumb\":{\"@id\":\"https:\\\/\\\/filles-de-la-charite.org\\\/fr\\\/visite-de-laustralie-par-le-pere-tomaz-mavric-cm-superieur-general\\\/#breadcrumb\"},\"inLanguage\":\"fr-FR\",\"potentialAction\":[{\"@type\":\"ReadAction\",\"target\":[\"https:\\\/\\\/filles-de-la-charite.org\\\/fr\\\/visite-de-laustralie-par-le-pere-tomaz-mavric-cm-superieur-general\\\/\"]}]},{\"@type\":\"ImageObject\",\"inLanguage\":\"fr-FR\",\"@id\":\"https:\\\/\\\/filles-de-la-charite.org\\\/fr\\\/visite-de-laustralie-par-le-pere-tomaz-mavric-cm-superieur-general\\\/#primaryimage\",\"url\":\"https:\\\/\\\/filles-de-la-charite.org\\\/wp-content\\\/uploads\\\/2023\\\/06\\\/0316-Australia-5.jpg\",\"contentUrl\":\"https:\\\/\\\/filles-de-la-charite.org\\\/wp-content\\\/uploads\\\/2023\\\/06\\\/0316-Australia-5.jpg\",\"width\":1280,\"height\":720},{\"@type\":\"BreadcrumbList\",\"@id\":\"https:\\\/\\\/filles-de-la-charite.org\\\/fr\\\/visite-de-laustralie-par-le-pere-tomaz-mavric-cm-superieur-general\\\/#breadcrumb\",\"itemListElement\":[{\"@type\":\"ListItem\",\"position\":1,\"name\":\"Sainte Louise - Asie\",\"item\":\"https:\\\/\\\/filles-de-la-charite.org\\\/fr\\\/category\\\/sainte-louise-asie-fr\\\/\"},{\"@type\":\"ListItem\",\"position\":2,\"name\":\"Visite de l\u2019Australie par le P\u00e8re Toma\u017e Mavri\u010d CM, Sup\u00e9rieur g\u00e9n\u00e9ral\"}]},{\"@type\":\"WebSite\",\"@id\":\"https:\\\/\\\/filles-de-la-charite.org\\\/fr\\\/#website\",\"url\":\"https:\\\/\\\/filles-de-la-charite.org\\\/fr\\\/\",\"name\":\"Hijas de la Caridad\",\"description\":\"L\u2019amour de J\u00e9sus nous presse \u00e0 prendre soin des personnes les plus d\u00e9munies\",\"publisher\":{\"@id\":\"https:\\\/\\\/filles-de-la-charite.org\\\/fr\\\/#organization\"},\"potentialAction\":[{\"@type\":\"SearchAction\",\"target\":{\"@type\":\"EntryPoint\",\"urlTemplate\":\"https:\\\/\\\/filles-de-la-charite.org\\\/fr\\\/?s={search_term_string}\"},\"query-input\":{\"@type\":\"PropertyValueSpecification\",\"valueRequired\":true,\"valueName\":\"search_term_string\"}}],\"inLanguage\":\"fr-FR\"},{\"@type\":\"Organization\",\"@id\":\"https:\\\/\\\/filles-de-la-charite.org\\\/fr\\\/#organization\",\"name\":\"Hijas de la Caridad\",\"url\":\"https:\\\/\\\/filles-de-la-charite.org\\\/fr\\\/\",\"logo\":{\"@type\":\"ImageObject\",\"inLanguage\":\"fr-FR\",\"@id\":\"https:\\\/\\\/filles-de-la-charite.org\\\/fr\\\/#\\\/schema\\\/logo\\\/image\\\/\",\"url\":\"https:\\\/\\\/filles-de-la-charite.org\\\/wp-content\\\/uploads\\\/2023\\\/03\\\/isotipo-Hijas-de-la-Caridad.png\",\"contentUrl\":\"https:\\\/\\\/filles-de-la-charite.org\\\/wp-content\\\/uploads\\\/2023\\\/03\\\/isotipo-Hijas-de-la-Caridad.png\",\"width\":1417,\"height\":1417,\"caption\":\"Hijas de la Caridad\"},\"image\":{\"@id\":\"https:\\\/\\\/filles-de-la-charite.org\\\/fr\\\/#\\\/schema\\\/logo\\\/image\\\/\"}},{\"@type\":\"Person\",\"@id\":\"https:\\\/\\\/filles-de-la-charite.org\\\/fr\\\/#\\\/schema\\\/person\\\/427567b2eccfc2dd7d206da186a1f438\",\"name\":\"admin\",\"image\":{\"@type\":\"ImageObject\",\"inLanguage\":\"fr-FR\",\"@id\":\"https:\\\/\\\/secure.gravatar.com\\\/avatar\\\/948b492cce32b586ac2db0eaa926ee87024f7afe218d73b397ea5ddfc5f43ea1?s=96&d=mm&r=g\",\"url\":\"https:\\\/\\\/secure.gravatar.com\\\/avatar\\\/948b492cce32b586ac2db0eaa926ee87024f7afe218d73b397ea5ddfc5f43ea1?s=96&d=mm&r=g\",\"contentUrl\":\"https:\\\/\\\/secure.gravatar.com\\\/avatar\\\/948b492cce32b586ac2db0eaa926ee87024f7afe218d73b397ea5ddfc5f43ea1?s=96&d=mm&r=g\",\"caption\":\"admin\"},\"sameAs\":[\"https:\\\/\\\/filles-de-la-charite.org\"],\"url\":\"https:\\\/\\\/filles-de-la-charite.org\\\/fr\\\/author\\\/caridad\\\/\"}]}<\/script>\n<!-- \/ Yoast SEO plugin. -->","yoast_head_json":{"title":"Visite de l\u2019Australie par le P\u00e8re Toma\u017e Mavri\u010d CM, Sup\u00e9rieur g\u00e9n\u00e9ral - Filles de la Charit\u00e9","robots":{"index":"index","follow":"follow","max-snippet":"max-snippet:-1","max-image-preview":"max-image-preview:large","max-video-preview":"max-video-preview:-1"},"canonical":"https:\/\/filles-de-la-charite.org\/fr\/visite-de-laustralie-par-le-pere-tomaz-mavric-cm-superieur-general\/","og_locale":"fr_FR","og_type":"article","og_title":"Visite de l\u2019Australie par le P\u00e8re Toma\u017e Mavri\u010d CM, Sup\u00e9rieur g\u00e9n\u00e9ral - Filles de la Charit\u00e9","og_description":"Lors de sa visite \u00e0 la Congr\u00e9gation de la Mission de la Province d&rsquo;Oc\u00e9anie, le p\u00e8re Toma\u017e a \u00e9galement rendu visite aux Filles de la Charit\u00e9. Il est arriv\u00e9 le mardi 11 f\u00e9vrier, de Melbourne o\u00f9 il a rencontr\u00e9 ses confr\u00e8res et nos trois Filles de la Charit\u00e9 y r\u00e9sidant.","og_url":"https:\/\/filles-de-la-charite.org\/fr\/visite-de-laustralie-par-le-pere-tomaz-mavric-cm-superieur-general\/","og_site_name":"Filles de la Charit\u00e9","article_published_time":"2020-03-16T21:40:22+00:00","article_modified_time":"2024-03-17T17:46:45+00:00","og_image":[{"width":1280,"height":720,"url":"https:\/\/filles-de-la-charite.org\/wp-content\/uploads\/2023\/06\/0316-Australia-5.jpg","type":"image\/jpeg"}],"author":"admin","twitter_card":"summary_large_image","twitter_misc":{"\u00c9crit par":"admin","Dur\u00e9e de lecture estim\u00e9e":"5 minutes"},"schema":{"@context":"https:\/\/schema.org","@graph":[{"@type":"Article","@id":"https:\/\/filles-de-la-charite.org\/fr\/visite-de-laustralie-par-le-pere-tomaz-mavric-cm-superieur-general\/#article","isPartOf":{"@id":"https:\/\/filles-de-la-charite.org\/fr\/visite-de-laustralie-par-le-pere-tomaz-mavric-cm-superieur-general\/"},"author":{"name":"admin","@id":"https:\/\/filles-de-la-charite.org\/fr\/#\/schema\/person\/427567b2eccfc2dd7d206da186a1f438"},"headline":"Visite de l\u2019Australie par le P\u00e8re Toma\u017e Mavri\u010d CM, Sup\u00e9rieur g\u00e9n\u00e9ral","datePublished":"2020-03-16T21:40:22+00:00","dateModified":"2024-03-17T17:46:45+00:00","mainEntityOfPage":{"@id":"https:\/\/filles-de-la-charite.org\/fr\/visite-de-laustralie-par-le-pere-tomaz-mavric-cm-superieur-general\/"},"wordCount":935,"publisher":{"@id":"https:\/\/filles-de-la-charite.org\/fr\/#organization"},"image":{"@id":"https:\/\/filles-de-la-charite.org\/fr\/visite-de-laustralie-par-le-pere-tomaz-mavric-cm-superieur-general\/#primaryimage"},"thumbnailUrl":"https:\/\/filles-de-la-charite.org\/wp-content\/uploads\/2023\/06\/0316-Australia-5.jpg","articleSection":["Rosalie Rendu - Royaume-Uni et Australie"],"inLanguage":"fr-FR"},{"@type":"WebPage","@id":"https:\/\/filles-de-la-charite.org\/fr\/visite-de-laustralie-par-le-pere-tomaz-mavric-cm-superieur-general\/","url":"https:\/\/filles-de-la-charite.org\/fr\/visite-de-laustralie-par-le-pere-tomaz-mavric-cm-superieur-general\/","name":"Visite de l\u2019Australie par le P\u00e8re Toma\u017e Mavri\u010d CM, Sup\u00e9rieur g\u00e9n\u00e9ral - Filles de la Charit\u00e9","isPartOf":{"@id":"https:\/\/filles-de-la-charite.org\/fr\/#website"},"primaryImageOfPage":{"@id":"https:\/\/filles-de-la-charite.org\/fr\/visite-de-laustralie-par-le-pere-tomaz-mavric-cm-superieur-general\/#primaryimage"},"image":{"@id":"https:\/\/filles-de-la-charite.org\/fr\/visite-de-laustralie-par-le-pere-tomaz-mavric-cm-superieur-general\/#primaryimage"},"thumbnailUrl":"https:\/\/filles-de-la-charite.org\/wp-content\/uploads\/2023\/06\/0316-Australia-5.jpg","datePublished":"2020-03-16T21:40:22+00:00","dateModified":"2024-03-17T17:46:45+00:00","breadcrumb":{"@id":"https:\/\/filles-de-la-charite.org\/fr\/visite-de-laustralie-par-le-pere-tomaz-mavric-cm-superieur-general\/#breadcrumb"},"inLanguage":"fr-FR","potentialAction":[{"@type":"ReadAction","target":["https:\/\/filles-de-la-charite.org\/fr\/visite-de-laustralie-par-le-pere-tomaz-mavric-cm-superieur-general\/"]}]},{"@type":"ImageObject","inLanguage":"fr-FR","@id":"https:\/\/filles-de-la-charite.org\/fr\/visite-de-laustralie-par-le-pere-tomaz-mavric-cm-superieur-general\/#primaryimage","url":"https:\/\/filles-de-la-charite.org\/wp-content\/uploads\/2023\/06\/0316-Australia-5.jpg","contentUrl":"https:\/\/filles-de-la-charite.org\/wp-content\/uploads\/2023\/06\/0316-Australia-5.jpg","width":1280,"height":720},{"@type":"BreadcrumbList","@id":"https:\/\/filles-de-la-charite.org\/fr\/visite-de-laustralie-par-le-pere-tomaz-mavric-cm-superieur-general\/#breadcrumb","itemListElement":[{"@type":"ListItem","position":1,"name":"Sainte Louise - Asie","item":"https:\/\/filles-de-la-charite.org\/fr\/category\/sainte-louise-asie-fr\/"},{"@type":"ListItem","position":2,"name":"Visite de l\u2019Australie par le P\u00e8re Toma\u017e Mavri\u010d CM, Sup\u00e9rieur g\u00e9n\u00e9ral"}]},{"@type":"WebSite","@id":"https:\/\/filles-de-la-charite.org\/fr\/#website","url":"https:\/\/filles-de-la-charite.org\/fr\/","name":"Hijas de la Caridad","description":"L\u2019amour de J\u00e9sus nous presse \u00e0 prendre soin des personnes les plus d\u00e9munies","publisher":{"@id":"https:\/\/filles-de-la-charite.org\/fr\/#organization"},"potentialAction":[{"@type":"SearchAction","target":{"@type":"EntryPoint","urlTemplate":"https:\/\/filles-de-la-charite.org\/fr\/?s={search_term_string}"},"query-input":{"@type":"PropertyValueSpecification","valueRequired":true,"valueName":"search_term_string"}}],"inLanguage":"fr-FR"},{"@type":"Organization","@id":"https:\/\/filles-de-la-charite.org\/fr\/#organization","name":"Hijas de la Caridad","url":"https:\/\/filles-de-la-charite.org\/fr\/","logo":{"@type":"ImageObject","inLanguage":"fr-FR","@id":"https:\/\/filles-de-la-charite.org\/fr\/#\/schema\/logo\/image\/","url":"https:\/\/filles-de-la-charite.org\/wp-content\/uploads\/2023\/03\/isotipo-Hijas-de-la-Caridad.png","contentUrl":"https:\/\/filles-de-la-charite.org\/wp-content\/uploads\/2023\/03\/isotipo-Hijas-de-la-Caridad.png","width":1417,"height":1417,"caption":"Hijas de la Caridad"},"image":{"@id":"https:\/\/filles-de-la-charite.org\/fr\/#\/schema\/logo\/image\/"}},{"@type":"Person","@id":"https:\/\/filles-de-la-charite.org\/fr\/#\/schema\/person\/427567b2eccfc2dd7d206da186a1f438","name":"admin","image":{"@type":"ImageObject","inLanguage":"fr-FR","@id":"https:\/\/secure.gravatar.com\/avatar\/948b492cce32b586ac2db0eaa926ee87024f7afe218d73b397ea5ddfc5f43ea1?s=96&d=mm&r=g","url":"https:\/\/secure.gravatar.com\/avatar\/948b492cce32b586ac2db0eaa926ee87024f7afe218d73b397ea5ddfc5f43ea1?s=96&d=mm&r=g","contentUrl":"https:\/\/secure.gravatar.com\/avatar\/948b492cce32b586ac2db0eaa926ee87024f7afe218d73b397ea5ddfc5f43ea1?s=96&d=mm&r=g","caption":"admin"},"sameAs":["https:\/\/filles-de-la-charite.org"],"url":"https:\/\/filles-de-la-charite.org\/fr\/author\/caridad\/"}]}},"_links":{"self":[{"href":"https:\/\/filles-de-la-charite.org\/fr\/wp-json\/wp\/v2\/posts\/19131","targetHints":{"allow":["GET"]}}],"collection":[{"href":"https:\/\/filles-de-la-charite.org\/fr\/wp-json\/wp\/v2\/posts"}],"about":[{"href":"https:\/\/filles-de-la-charite.org\/fr\/wp-json\/wp\/v2\/types\/post"}],"author":[{"embeddable":true,"href":"https:\/\/filles-de-la-charite.org\/fr\/wp-json\/wp\/v2\/users\/1"}],"replies":[{"embeddable":true,"href":"https:\/\/filles-de-la-charite.org\/fr\/wp-json\/wp\/v2\/comments?post=19131"}],"version-history":[{"count":1,"href":"https:\/\/filles-de-la-charite.org\/fr\/wp-json\/wp\/v2\/posts\/19131\/revisions"}],"predecessor-version":[{"id":19132,"href":"https:\/\/filles-de-la-charite.org\/fr\/wp-json\/wp\/v2\/posts\/19131\/revisions\/19132"}],"wp:featuredmedia":[{"embeddable":true,"href":"https:\/\/filles-de-la-charite.org\/fr\/wp-json\/wp\/v2\/media\/14588"}],"wp:attachment":[{"href":"https:\/\/filles-de-la-charite.org\/fr\/wp-json\/wp\/v2\/media?parent=19131"}],"wp:term":[{"taxonomy":"category","embeddable":true,"href":"https:\/\/filles-de-la-charite.org\/fr\/wp-json\/wp\/v2\/categories?post=19131"},{"taxonomy":"post_tag","embeddable":true,"href":"https:\/\/filles-de-la-charite.org\/fr\/wp-json\/wp\/v2\/tags?post=19131"}],"curies":[{"name":"wp","href":"https:\/\/api.w.org\/{rel}","templated":true}]}}