{"id":20347,"date":"2020-04-01T20:39:54","date_gmt":"2020-04-01T18:39:54","guid":{"rendered":"https:\/\/hijascaridad.sjdigitaldemo.ovh\/succession-dans-la-compagnie\/"},"modified":"2024-03-17T18:46:12","modified_gmt":"2024-03-17T17:46:12","slug":"succession-dans-la-compagnie","status":"publish","type":"post","link":"https:\/\/filles-de-la-charite.org\/fr\/succession-dans-la-compagnie\/","title":{"rendered":"Succession dans la Compagnie"},"content":{"rendered":"\n<h3 class=\"has-text-align-center wp-block-heading\"><span style=\"color: #0000ff;\">Lettre du p\u00e8re Toma\u017e Mavri\u010d, CM<\/span>\n<span style=\"color: #0000ff;\">Sup\u00e9rieur g\u00e9n\u00e9ral<\/span>\n<span style=\"color: #0000ff;\">1 avril 2020<\/span><\/h3>\n\n\n\n<p>La disparition de S\u0153ur Kathleen nous plonge tous dans la tristesse mais notre foi in\u00e9branlable en la R\u00e9surrection nous maintient dans l\u2019esp\u00e9rance que nous nous reverrons et que nous serons ensemble pour l\u2019\u00e9ternit\u00e9\u2026 Toute bonne organisation a un plan de succession. La Compagnie des Filles de la Charit\u00e9 ne fait pas exception. Vos Constitutions l\u2019ont pr\u00e9vu. Le but de cette lettre est de vous informer des mesures qui ont \u00e9t\u00e9 ou seront prises \u00e0 cet \u00e9gard.<\/p>\n\n\n\n<p><span style=\"color: #0000ff;\">La Constitution 66g stipule&nbsp;: \u00ab&nbsp;<em>Son office <\/em>[celui de la Sup\u00e9rieure g\u00e9n\u00e9rale]<em>devient vacant \u00e0 l\u2019expiration de son mandat&nbsp;; il peut l\u2019\u00eatre aussi par suite de d\u00e9c\u00e8s\u2026Si l\u2019office de Sup\u00e9rieure g\u00e9n\u00e9rale devient vacant, l\u2019Assistante g\u00e9n\u00e9rale le remplit jusqu\u2019\u00e0 la prochaine Assembl\u00e9e g\u00e9n\u00e9rale ordinaire&nbsp;\u00bb.<\/em><\/span><\/p>\n\n\n\n<p>A la mort de S\u0153ur Kathleen, S\u0153ur Fran\u00e7oise PETIT, comme Assistante g\u00e9n\u00e9rale, a assum\u00e9 aussit\u00f4t ce r\u00f4le et le remplit jusqu\u2019\u00e0 l\u2019Assembl\u00e9e g\u00e9n\u00e9rale, l\u2019ann\u00e9e prochaine. Je suis confiant que vous accorderez \u00e0 S\u0153ur Fran\u00e7oise le m\u00eame soutien et la m\u00eame pri\u00e8re que vous avez accord\u00e9s \u00e0 S\u0153ur Kathleen. Elle a \u00e9t\u00e9 une aide pr\u00e9cieuse pour S\u0153ur Kathleen, surtout pendant la maladie de cette derni\u00e8re, et elle compte d\u00e9sormais sur votre aide.<\/p>\n","protected":false},"excerpt":{"rendered":"<p>Lettre du p\u00e8re Toma\u017e Mavri\u010d, CM Sup\u00e9rieur g\u00e9n\u00e9ral 1 avril 2020 La disparition de S\u0153ur Kathleen nous plonge tous dans la tristesse mais notre foi in\u00e9branlable en la R\u00e9surrection nous maintient dans l\u2019esp\u00e9rance que nous nous reverrons et que nous serons ensemble pour l\u2019\u00e9ternit\u00e9\u2026 Toute bonne organisation a un plan de succession. La Compagnie des [&hellip;]<\/p>\n","protected":false},"author":1,"featured_media":14621,"comment_status":"closed","ping_status":"closed","sticky":false,"template":"","format":"standard","meta":{"_acf_changed":false,"footnotes":"","_links_to":"","_links_to_target":""},"categories":[558],"tags":[],"class_list":["post-20347","post","type-post","status-publish","format-standard","has-post-thumbnail","hentry","category-maison-mere-fr"],"acf":[],"yoast_head":"<!-- This site is optimized with the Yoast SEO plugin v27.5 - https:\/\/yoast.com\/product\/yoast-seo-wordpress\/ -->\n<title>Succession dans la Compagnie - Filles de la Charit\u00e9<\/title>\n<meta name=\"robots\" content=\"index, follow, max-snippet:-1, max-image-preview:large, max-video-preview:-1\" \/>\n<link rel=\"canonical\" href=\"https:\/\/filles-de-la-charite.org\/fr\/succession-dans-la-compagnie\/\" \/>\n<meta property=\"og:locale\" content=\"fr_FR\" \/>\n<meta property=\"og:type\" content=\"article\" \/>\n<meta property=\"og:title\" content=\"Succession dans la Compagnie - Filles de la Charit\u00e9\" \/>\n<meta property=\"og:description\" content=\"Lettre du p\u00e8re Toma\u017e Mavri\u010d, CM Sup\u00e9rieur g\u00e9n\u00e9ral 1 avril 2020 La disparition de S\u0153ur Kathleen nous plonge tous dans la tristesse mais notre foi in\u00e9branlable en la R\u00e9surrection nous maintient dans l\u2019esp\u00e9rance que nous nous reverrons et que nous serons ensemble pour l\u2019\u00e9ternit\u00e9\u2026 Toute bonne organisation a un plan de succession. La Compagnie des [&hellip;]\" \/>\n<meta property=\"og:url\" content=\"https:\/\/filles-de-la-charite.org\/fr\/succession-dans-la-compagnie\/\" \/>\n<meta property=\"og:site_name\" content=\"Filles de la Charit\u00e9\" \/>\n<meta property=\"article:published_time\" content=\"2020-04-01T18:39:54+00:00\" \/>\n<meta property=\"article:modified_time\" content=\"2024-03-17T17:46:12+00:00\" \/>\n<meta property=\"og:image\" content=\"https:\/\/filles-de-la-charite.org\/wp-content\/uploads\/2023\/06\/Appler-Petite-103.jpg\" \/>\n\t<meta property=\"og:image:width\" content=\"1441\" \/>\n\t<meta property=\"og:image:height\" content=\"960\" \/>\n\t<meta property=\"og:image:type\" content=\"image\/jpeg\" \/>\n<meta name=\"author\" content=\"admin\" \/>\n<meta name=\"twitter:card\" content=\"summary_large_image\" \/>\n<meta name=\"twitter:label1\" content=\"\u00c9crit par\" \/>\n\t<meta name=\"twitter:data1\" content=\"admin\" \/>\n\t<meta name=\"twitter:label2\" content=\"Dur\u00e9e de lecture estim\u00e9e\" \/>\n\t<meta name=\"twitter:data2\" content=\"1 minute\" \/>\n<script type=\"application\/ld+json\" class=\"yoast-schema-graph\">{\"@context\":\"https:\\\/\\\/schema.org\",\"@graph\":[{\"@type\":\"Article\",\"@id\":\"https:\\\/\\\/filles-de-la-charite.org\\\/fr\\\/succession-dans-la-compagnie\\\/#article\",\"isPartOf\":{\"@id\":\"https:\\\/\\\/filles-de-la-charite.org\\\/fr\\\/succession-dans-la-compagnie\\\/\"},\"author\":{\"name\":\"admin\",\"@id\":\"https:\\\/\\\/filles-de-la-charite.org\\\/fr\\\/#\\\/schema\\\/person\\\/427567b2eccfc2dd7d206da186a1f438\"},\"headline\":\"Succession dans la Compagnie\",\"datePublished\":\"2020-04-01T18:39:54+00:00\",\"dateModified\":\"2024-03-17T17:46:12+00:00\",\"mainEntityOfPage\":{\"@id\":\"https:\\\/\\\/filles-de-la-charite.org\\\/fr\\\/succession-dans-la-compagnie\\\/\"},\"wordCount\":256,\"publisher\":{\"@id\":\"https:\\\/\\\/filles-de-la-charite.org\\\/fr\\\/#organization\"},\"image\":{\"@id\":\"https:\\\/\\\/filles-de-la-charite.org\\\/fr\\\/succession-dans-la-compagnie\\\/#primaryimage\"},\"thumbnailUrl\":\"https:\\\/\\\/filles-de-la-charite.org\\\/wp-content\\\/uploads\\\/2023\\\/06\\\/Appler-Petite-103.jpg\",\"articleSection\":[\"Maison-M\u00e8re\"],\"inLanguage\":\"fr-FR\"},{\"@type\":\"WebPage\",\"@id\":\"https:\\\/\\\/filles-de-la-charite.org\\\/fr\\\/succession-dans-la-compagnie\\\/\",\"url\":\"https:\\\/\\\/filles-de-la-charite.org\\\/fr\\\/succession-dans-la-compagnie\\\/\",\"name\":\"Succession dans la Compagnie - Filles de la Charit\u00e9\",\"isPartOf\":{\"@id\":\"https:\\\/\\\/filles-de-la-charite.org\\\/fr\\\/#website\"},\"primaryImageOfPage\":{\"@id\":\"https:\\\/\\\/filles-de-la-charite.org\\\/fr\\\/succession-dans-la-compagnie\\\/#primaryimage\"},\"image\":{\"@id\":\"https:\\\/\\\/filles-de-la-charite.org\\\/fr\\\/succession-dans-la-compagnie\\\/#primaryimage\"},\"thumbnailUrl\":\"https:\\\/\\\/filles-de-la-charite.org\\\/wp-content\\\/uploads\\\/2023\\\/06\\\/Appler-Petite-103.jpg\",\"datePublished\":\"2020-04-01T18:39:54+00:00\",\"dateModified\":\"2024-03-17T17:46:12+00:00\",\"breadcrumb\":{\"@id\":\"https:\\\/\\\/filles-de-la-charite.org\\\/fr\\\/succession-dans-la-compagnie\\\/#breadcrumb\"},\"inLanguage\":\"fr-FR\",\"potentialAction\":[{\"@type\":\"ReadAction\",\"target\":[\"https:\\\/\\\/filles-de-la-charite.org\\\/fr\\\/succession-dans-la-compagnie\\\/\"]}]},{\"@type\":\"ImageObject\",\"inLanguage\":\"fr-FR\",\"@id\":\"https:\\\/\\\/filles-de-la-charite.org\\\/fr\\\/succession-dans-la-compagnie\\\/#primaryimage\",\"url\":\"https:\\\/\\\/filles-de-la-charite.org\\\/wp-content\\\/uploads\\\/2023\\\/06\\\/Appler-Petite-103.jpg\",\"contentUrl\":\"https:\\\/\\\/filles-de-la-charite.org\\\/wp-content\\\/uploads\\\/2023\\\/06\\\/Appler-Petite-103.jpg\",\"width\":1441,\"height\":960},{\"@type\":\"BreadcrumbList\",\"@id\":\"https:\\\/\\\/filles-de-la-charite.org\\\/fr\\\/succession-dans-la-compagnie\\\/#breadcrumb\",\"itemListElement\":[{\"@type\":\"ListItem\",\"position\":1,\"name\":\"Varsovie - Pologne\",\"item\":\"https:\\\/\\\/filles-de-la-charite.org\\\/fr\\\/category\\\/varsovie-pologne-fr\\\/\"},{\"@type\":\"ListItem\",\"position\":2,\"name\":\"Succession dans la Compagnie\"}]},{\"@type\":\"WebSite\",\"@id\":\"https:\\\/\\\/filles-de-la-charite.org\\\/fr\\\/#website\",\"url\":\"https:\\\/\\\/filles-de-la-charite.org\\\/fr\\\/\",\"name\":\"Hijas de la Caridad\",\"description\":\"L\u2019amour de J\u00e9sus nous presse \u00e0 prendre soin des personnes les plus d\u00e9munies\",\"publisher\":{\"@id\":\"https:\\\/\\\/filles-de-la-charite.org\\\/fr\\\/#organization\"},\"potentialAction\":[{\"@type\":\"SearchAction\",\"target\":{\"@type\":\"EntryPoint\",\"urlTemplate\":\"https:\\\/\\\/filles-de-la-charite.org\\\/fr\\\/?s={search_term_string}\"},\"query-input\":{\"@type\":\"PropertyValueSpecification\",\"valueRequired\":true,\"valueName\":\"search_term_string\"}}],\"inLanguage\":\"fr-FR\"},{\"@type\":\"Organization\",\"@id\":\"https:\\\/\\\/filles-de-la-charite.org\\\/fr\\\/#organization\",\"name\":\"Hijas de la Caridad\",\"url\":\"https:\\\/\\\/filles-de-la-charite.org\\\/fr\\\/\",\"logo\":{\"@type\":\"ImageObject\",\"inLanguage\":\"fr-FR\",\"@id\":\"https:\\\/\\\/filles-de-la-charite.org\\\/fr\\\/#\\\/schema\\\/logo\\\/image\\\/\",\"url\":\"https:\\\/\\\/filles-de-la-charite.org\\\/wp-content\\\/uploads\\\/2023\\\/03\\\/isotipo-Hijas-de-la-Caridad.png\",\"contentUrl\":\"https:\\\/\\\/filles-de-la-charite.org\\\/wp-content\\\/uploads\\\/2023\\\/03\\\/isotipo-Hijas-de-la-Caridad.png\",\"width\":1417,\"height\":1417,\"caption\":\"Hijas de la Caridad\"},\"image\":{\"@id\":\"https:\\\/\\\/filles-de-la-charite.org\\\/fr\\\/#\\\/schema\\\/logo\\\/image\\\/\"}},{\"@type\":\"Person\",\"@id\":\"https:\\\/\\\/filles-de-la-charite.org\\\/fr\\\/#\\\/schema\\\/person\\\/427567b2eccfc2dd7d206da186a1f438\",\"name\":\"admin\",\"image\":{\"@type\":\"ImageObject\",\"inLanguage\":\"fr-FR\",\"@id\":\"https:\\\/\\\/secure.gravatar.com\\\/avatar\\\/948b492cce32b586ac2db0eaa926ee87024f7afe218d73b397ea5ddfc5f43ea1?s=96&d=mm&r=g\",\"url\":\"https:\\\/\\\/secure.gravatar.com\\\/avatar\\\/948b492cce32b586ac2db0eaa926ee87024f7afe218d73b397ea5ddfc5f43ea1?s=96&d=mm&r=g\",\"contentUrl\":\"https:\\\/\\\/secure.gravatar.com\\\/avatar\\\/948b492cce32b586ac2db0eaa926ee87024f7afe218d73b397ea5ddfc5f43ea1?s=96&d=mm&r=g\",\"caption\":\"admin\"},\"sameAs\":[\"https:\\\/\\\/filles-de-la-charite.org\"],\"url\":\"https:\\\/\\\/filles-de-la-charite.org\\\/fr\\\/author\\\/caridad\\\/\"}]}<\/script>\n<!-- \/ Yoast SEO plugin. -->","yoast_head_json":{"title":"Succession dans la Compagnie - Filles de la Charit\u00e9","robots":{"index":"index","follow":"follow","max-snippet":"max-snippet:-1","max-image-preview":"max-image-preview:large","max-video-preview":"max-video-preview:-1"},"canonical":"https:\/\/filles-de-la-charite.org\/fr\/succession-dans-la-compagnie\/","og_locale":"fr_FR","og_type":"article","og_title":"Succession dans la Compagnie - Filles de la Charit\u00e9","og_description":"Lettre du p\u00e8re Toma\u017e Mavri\u010d, CM Sup\u00e9rieur g\u00e9n\u00e9ral 1 avril 2020 La disparition de S\u0153ur Kathleen nous plonge tous dans la tristesse mais notre foi in\u00e9branlable en la R\u00e9surrection nous maintient dans l\u2019esp\u00e9rance que nous nous reverrons et que nous serons ensemble pour l\u2019\u00e9ternit\u00e9\u2026 Toute bonne organisation a un plan de succession. La Compagnie des [&hellip;]","og_url":"https:\/\/filles-de-la-charite.org\/fr\/succession-dans-la-compagnie\/","og_site_name":"Filles de la Charit\u00e9","article_published_time":"2020-04-01T18:39:54+00:00","article_modified_time":"2024-03-17T17:46:12+00:00","og_image":[{"width":1441,"height":960,"url":"https:\/\/filles-de-la-charite.org\/wp-content\/uploads\/2023\/06\/Appler-Petite-103.jpg","type":"image\/jpeg"}],"author":"admin","twitter_card":"summary_large_image","twitter_misc":{"\u00c9crit par":"admin","Dur\u00e9e de lecture estim\u00e9e":"1 minute"},"schema":{"@context":"https:\/\/schema.org","@graph":[{"@type":"Article","@id":"https:\/\/filles-de-la-charite.org\/fr\/succession-dans-la-compagnie\/#article","isPartOf":{"@id":"https:\/\/filles-de-la-charite.org\/fr\/succession-dans-la-compagnie\/"},"author":{"name":"admin","@id":"https:\/\/filles-de-la-charite.org\/fr\/#\/schema\/person\/427567b2eccfc2dd7d206da186a1f438"},"headline":"Succession dans la Compagnie","datePublished":"2020-04-01T18:39:54+00:00","dateModified":"2024-03-17T17:46:12+00:00","mainEntityOfPage":{"@id":"https:\/\/filles-de-la-charite.org\/fr\/succession-dans-la-compagnie\/"},"wordCount":256,"publisher":{"@id":"https:\/\/filles-de-la-charite.org\/fr\/#organization"},"image":{"@id":"https:\/\/filles-de-la-charite.org\/fr\/succession-dans-la-compagnie\/#primaryimage"},"thumbnailUrl":"https:\/\/filles-de-la-charite.org\/wp-content\/uploads\/2023\/06\/Appler-Petite-103.jpg","articleSection":["Maison-M\u00e8re"],"inLanguage":"fr-FR"},{"@type":"WebPage","@id":"https:\/\/filles-de-la-charite.org\/fr\/succession-dans-la-compagnie\/","url":"https:\/\/filles-de-la-charite.org\/fr\/succession-dans-la-compagnie\/","name":"Succession dans la Compagnie - Filles de la Charit\u00e9","isPartOf":{"@id":"https:\/\/filles-de-la-charite.org\/fr\/#website"},"primaryImageOfPage":{"@id":"https:\/\/filles-de-la-charite.org\/fr\/succession-dans-la-compagnie\/#primaryimage"},"image":{"@id":"https:\/\/filles-de-la-charite.org\/fr\/succession-dans-la-compagnie\/#primaryimage"},"thumbnailUrl":"https:\/\/filles-de-la-charite.org\/wp-content\/uploads\/2023\/06\/Appler-Petite-103.jpg","datePublished":"2020-04-01T18:39:54+00:00","dateModified":"2024-03-17T17:46:12+00:00","breadcrumb":{"@id":"https:\/\/filles-de-la-charite.org\/fr\/succession-dans-la-compagnie\/#breadcrumb"},"inLanguage":"fr-FR","potentialAction":[{"@type":"ReadAction","target":["https:\/\/filles-de-la-charite.org\/fr\/succession-dans-la-compagnie\/"]}]},{"@type":"ImageObject","inLanguage":"fr-FR","@id":"https:\/\/filles-de-la-charite.org\/fr\/succession-dans-la-compagnie\/#primaryimage","url":"https:\/\/filles-de-la-charite.org\/wp-content\/uploads\/2023\/06\/Appler-Petite-103.jpg","contentUrl":"https:\/\/filles-de-la-charite.org\/wp-content\/uploads\/2023\/06\/Appler-Petite-103.jpg","width":1441,"height":960},{"@type":"BreadcrumbList","@id":"https:\/\/filles-de-la-charite.org\/fr\/succession-dans-la-compagnie\/#breadcrumb","itemListElement":[{"@type":"ListItem","position":1,"name":"Varsovie - Pologne","item":"https:\/\/filles-de-la-charite.org\/fr\/category\/varsovie-pologne-fr\/"},{"@type":"ListItem","position":2,"name":"Succession dans la Compagnie"}]},{"@type":"WebSite","@id":"https:\/\/filles-de-la-charite.org\/fr\/#website","url":"https:\/\/filles-de-la-charite.org\/fr\/","name":"Hijas de la Caridad","description":"L\u2019amour de J\u00e9sus nous presse \u00e0 prendre soin des personnes les plus d\u00e9munies","publisher":{"@id":"https:\/\/filles-de-la-charite.org\/fr\/#organization"},"potentialAction":[{"@type":"SearchAction","target":{"@type":"EntryPoint","urlTemplate":"https:\/\/filles-de-la-charite.org\/fr\/?s={search_term_string}"},"query-input":{"@type":"PropertyValueSpecification","valueRequired":true,"valueName":"search_term_string"}}],"inLanguage":"fr-FR"},{"@type":"Organization","@id":"https:\/\/filles-de-la-charite.org\/fr\/#organization","name":"Hijas de la Caridad","url":"https:\/\/filles-de-la-charite.org\/fr\/","logo":{"@type":"ImageObject","inLanguage":"fr-FR","@id":"https:\/\/filles-de-la-charite.org\/fr\/#\/schema\/logo\/image\/","url":"https:\/\/filles-de-la-charite.org\/wp-content\/uploads\/2023\/03\/isotipo-Hijas-de-la-Caridad.png","contentUrl":"https:\/\/filles-de-la-charite.org\/wp-content\/uploads\/2023\/03\/isotipo-Hijas-de-la-Caridad.png","width":1417,"height":1417,"caption":"Hijas de la Caridad"},"image":{"@id":"https:\/\/filles-de-la-charite.org\/fr\/#\/schema\/logo\/image\/"}},{"@type":"Person","@id":"https:\/\/filles-de-la-charite.org\/fr\/#\/schema\/person\/427567b2eccfc2dd7d206da186a1f438","name":"admin","image":{"@type":"ImageObject","inLanguage":"fr-FR","@id":"https:\/\/secure.gravatar.com\/avatar\/948b492cce32b586ac2db0eaa926ee87024f7afe218d73b397ea5ddfc5f43ea1?s=96&d=mm&r=g","url":"https:\/\/secure.gravatar.com\/avatar\/948b492cce32b586ac2db0eaa926ee87024f7afe218d73b397ea5ddfc5f43ea1?s=96&d=mm&r=g","contentUrl":"https:\/\/secure.gravatar.com\/avatar\/948b492cce32b586ac2db0eaa926ee87024f7afe218d73b397ea5ddfc5f43ea1?s=96&d=mm&r=g","caption":"admin"},"sameAs":["https:\/\/filles-de-la-charite.org"],"url":"https:\/\/filles-de-la-charite.org\/fr\/author\/caridad\/"}]}},"_links":{"self":[{"href":"https:\/\/filles-de-la-charite.org\/fr\/wp-json\/wp\/v2\/posts\/20347","targetHints":{"allow":["GET"]}}],"collection":[{"href":"https:\/\/filles-de-la-charite.org\/fr\/wp-json\/wp\/v2\/posts"}],"about":[{"href":"https:\/\/filles-de-la-charite.org\/fr\/wp-json\/wp\/v2\/types\/post"}],"author":[{"embeddable":true,"href":"https:\/\/filles-de-la-charite.org\/fr\/wp-json\/wp\/v2\/users\/1"}],"replies":[{"embeddable":true,"href":"https:\/\/filles-de-la-charite.org\/fr\/wp-json\/wp\/v2\/comments?post=20347"}],"version-history":[{"count":1,"href":"https:\/\/filles-de-la-charite.org\/fr\/wp-json\/wp\/v2\/posts\/20347\/revisions"}],"predecessor-version":[{"id":34544,"href":"https:\/\/filles-de-la-charite.org\/fr\/wp-json\/wp\/v2\/posts\/20347\/revisions\/34544"}],"wp:featuredmedia":[{"embeddable":true,"href":"https:\/\/filles-de-la-charite.org\/fr\/wp-json\/wp\/v2\/media\/14621"}],"wp:attachment":[{"href":"https:\/\/filles-de-la-charite.org\/fr\/wp-json\/wp\/v2\/media?parent=20347"}],"wp:term":[{"taxonomy":"category","embeddable":true,"href":"https:\/\/filles-de-la-charite.org\/fr\/wp-json\/wp\/v2\/categories?post=20347"},{"taxonomy":"post_tag","embeddable":true,"href":"https:\/\/filles-de-la-charite.org\/fr\/wp-json\/wp\/v2\/tags?post=20347"}],"curies":[{"name":"wp","href":"https:\/\/api.w.org\/{rel}","templated":true}]}}