{"id":20348,"date":"2020-04-06T07:03:09","date_gmt":"2020-04-06T05:03:09","guid":{"rendered":"https:\/\/hijascaridad.sjdigitaldemo.ovh\/premiere-session-de-formation-vincentienne-pour-les-filles-de-la-charite-du-bresil\/"},"modified":"2024-03-17T18:46:01","modified_gmt":"2024-03-17T17:46:01","slug":"premiere-session-de-formation-vincentienne-pour-les-filles-de-la-charite-du-bresil","status":"publish","type":"post","link":"https:\/\/filles-de-la-charite.org\/fr\/premiere-session-de-formation-vincentienne-pour-les-filles-de-la-charite-du-bresil\/","title":{"rendered":"Premi\u00e8re session de formation vincentienne pour les Filles de la Charit\u00e9 du Br\u00e9sil"},"content":{"rendered":"\n<p><h3 style=\"text-align: center;\"><span style=\"color: #ff0000;\"><img loading=\"lazy\" decoding=\"async\" class=\"alignleft size-full wp-image-40746\" src=\"https:\/\/filles-de-la-charite.org\/wp-content\/uploads\/2023\/06\/200406-Brazil-thmb.jpg\" alt=\"\" width=\"300\" height=\"200\">Cet article est actuellement\nen cours de traduction... <\/span><\/h3>\n<h3 style=\"text-align: center;\"><span style=\"color: #ff0000;\">Merci de votre patience !<\/span><\/h3><\/p>\n","protected":false},"excerpt":{"rendered":"<p>Cet article est actuellement en cours de traduction&#8230; Merci de votre patience !<\/p>\n","protected":false},"author":1,"featured_media":14636,"comment_status":"closed","ping_status":"closed","sticky":false,"template":"","format":"standard","meta":{"_acf_changed":false,"footnotes":"","_links_to":"","_links_to_target":""},"categories":[665],"tags":[],"class_list":["post-20348","post","type-post","status-publish","format-standard","has-post-thumbnail","hentry","category-rio-de-janeiro-bresil-fr"],"acf":[],"yoast_head":"<!-- This site is optimized with the Yoast SEO plugin v27.5 - https:\/\/yoast.com\/product\/yoast-seo-wordpress\/ -->\n<title>Premi\u00e8re session de formation vincentienne pour les Filles de la Charit\u00e9 du Br\u00e9sil - Filles de la Charit\u00e9<\/title>\n<meta name=\"robots\" content=\"index, follow, max-snippet:-1, max-image-preview:large, max-video-preview:-1\" \/>\n<link rel=\"canonical\" href=\"https:\/\/filles-de-la-charite.org\/fr\/premiere-session-de-formation-vincentienne-pour-les-filles-de-la-charite-du-bresil\/\" \/>\n<meta property=\"og:locale\" content=\"fr_FR\" \/>\n<meta property=\"og:type\" content=\"article\" \/>\n<meta property=\"og:title\" content=\"Premi\u00e8re session de formation vincentienne pour les Filles de la Charit\u00e9 du Br\u00e9sil - Filles de la Charit\u00e9\" \/>\n<meta property=\"og:description\" content=\"Cet article est actuellement en cours de traduction&#8230; Merci de votre patience !\" \/>\n<meta property=\"og:url\" content=\"https:\/\/filles-de-la-charite.org\/fr\/premiere-session-de-formation-vincentienne-pour-les-filles-de-la-charite-du-bresil\/\" \/>\n<meta property=\"og:site_name\" content=\"Filles de la Charit\u00e9\" \/>\n<meta property=\"article:published_time\" content=\"2020-04-06T05:03:09+00:00\" \/>\n<meta property=\"article:modified_time\" content=\"2024-03-17T17:46:01+00:00\" \/>\n<meta property=\"og:image\" content=\"https:\/\/filles-de-la-charite.org\/wp-content\/uploads\/2023\/06\/200406-Brazil-ftd.jpg\" \/>\n\t<meta property=\"og:image:width\" content=\"1200\" \/>\n\t<meta property=\"og:image:height\" content=\"630\" \/>\n\t<meta property=\"og:image:type\" content=\"image\/jpeg\" \/>\n<meta name=\"author\" content=\"admin\" \/>\n<meta name=\"twitter:card\" content=\"summary_large_image\" \/>\n<meta name=\"twitter:label1\" content=\"\u00c9crit par\" \/>\n\t<meta name=\"twitter:data1\" content=\"admin\" \/>\n<script type=\"application\/ld+json\" class=\"yoast-schema-graph\">{\"@context\":\"https:\\\/\\\/schema.org\",\"@graph\":[{\"@type\":\"Article\",\"@id\":\"https:\\\/\\\/filles-de-la-charite.org\\\/fr\\\/premiere-session-de-formation-vincentienne-pour-les-filles-de-la-charite-du-bresil\\\/#article\",\"isPartOf\":{\"@id\":\"https:\\\/\\\/filles-de-la-charite.org\\\/fr\\\/premiere-session-de-formation-vincentienne-pour-les-filles-de-la-charite-du-bresil\\\/\"},\"author\":{\"name\":\"admin\",\"@id\":\"https:\\\/\\\/filles-de-la-charite.org\\\/fr\\\/#\\\/schema\\\/person\\\/427567b2eccfc2dd7d206da186a1f438\"},\"headline\":\"Premi\u00e8re session de formation vincentienne pour les Filles de la Charit\u00e9 du Br\u00e9sil\",\"datePublished\":\"2020-04-06T05:03:09+00:00\",\"dateModified\":\"2024-03-17T17:46:01+00:00\",\"mainEntityOfPage\":{\"@id\":\"https:\\\/\\\/filles-de-la-charite.org\\\/fr\\\/premiere-session-de-formation-vincentienne-pour-les-filles-de-la-charite-du-bresil\\\/\"},\"wordCount\":27,\"publisher\":{\"@id\":\"https:\\\/\\\/filles-de-la-charite.org\\\/fr\\\/#organization\"},\"image\":{\"@id\":\"https:\\\/\\\/filles-de-la-charite.org\\\/fr\\\/premiere-session-de-formation-vincentienne-pour-les-filles-de-la-charite-du-bresil\\\/#primaryimage\"},\"thumbnailUrl\":\"https:\\\/\\\/filles-de-la-charite.org\\\/wp-content\\\/uploads\\\/2023\\\/06\\\/200406-Brazil-ftd.jpg\",\"articleSection\":[\"Rio de Janeiro - Br\u00e9sil\"],\"inLanguage\":\"fr-FR\"},{\"@type\":\"WebPage\",\"@id\":\"https:\\\/\\\/filles-de-la-charite.org\\\/fr\\\/premiere-session-de-formation-vincentienne-pour-les-filles-de-la-charite-du-bresil\\\/\",\"url\":\"https:\\\/\\\/filles-de-la-charite.org\\\/fr\\\/premiere-session-de-formation-vincentienne-pour-les-filles-de-la-charite-du-bresil\\\/\",\"name\":\"Premi\u00e8re session de formation vincentienne pour les Filles de la Charit\u00e9 du Br\u00e9sil - Filles de la Charit\u00e9\",\"isPartOf\":{\"@id\":\"https:\\\/\\\/filles-de-la-charite.org\\\/fr\\\/#website\"},\"primaryImageOfPage\":{\"@id\":\"https:\\\/\\\/filles-de-la-charite.org\\\/fr\\\/premiere-session-de-formation-vincentienne-pour-les-filles-de-la-charite-du-bresil\\\/#primaryimage\"},\"image\":{\"@id\":\"https:\\\/\\\/filles-de-la-charite.org\\\/fr\\\/premiere-session-de-formation-vincentienne-pour-les-filles-de-la-charite-du-bresil\\\/#primaryimage\"},\"thumbnailUrl\":\"https:\\\/\\\/filles-de-la-charite.org\\\/wp-content\\\/uploads\\\/2023\\\/06\\\/200406-Brazil-ftd.jpg\",\"datePublished\":\"2020-04-06T05:03:09+00:00\",\"dateModified\":\"2024-03-17T17:46:01+00:00\",\"breadcrumb\":{\"@id\":\"https:\\\/\\\/filles-de-la-charite.org\\\/fr\\\/premiere-session-de-formation-vincentienne-pour-les-filles-de-la-charite-du-bresil\\\/#breadcrumb\"},\"inLanguage\":\"fr-FR\",\"potentialAction\":[{\"@type\":\"ReadAction\",\"target\":[\"https:\\\/\\\/filles-de-la-charite.org\\\/fr\\\/premiere-session-de-formation-vincentienne-pour-les-filles-de-la-charite-du-bresil\\\/\"]}]},{\"@type\":\"ImageObject\",\"inLanguage\":\"fr-FR\",\"@id\":\"https:\\\/\\\/filles-de-la-charite.org\\\/fr\\\/premiere-session-de-formation-vincentienne-pour-les-filles-de-la-charite-du-bresil\\\/#primaryimage\",\"url\":\"https:\\\/\\\/filles-de-la-charite.org\\\/wp-content\\\/uploads\\\/2023\\\/06\\\/200406-Brazil-ftd.jpg\",\"contentUrl\":\"https:\\\/\\\/filles-de-la-charite.org\\\/wp-content\\\/uploads\\\/2023\\\/06\\\/200406-Brazil-ftd.jpg\",\"width\":1200,\"height\":630},{\"@type\":\"BreadcrumbList\",\"@id\":\"https:\\\/\\\/filles-de-la-charite.org\\\/fr\\\/premiere-session-de-formation-vincentienne-pour-les-filles-de-la-charite-du-bresil\\\/#breadcrumb\",\"itemListElement\":[{\"@type\":\"ListItem\",\"position\":1,\"name\":\"Belo Horizonte - Br\u00e9sil\",\"item\":\"https:\\\/\\\/filles-de-la-charite.org\\\/fr\\\/category\\\/belo-horizonte-bresil-fr\\\/\"},{\"@type\":\"ListItem\",\"position\":2,\"name\":\"Premi\u00e8re session de formation vincentienne pour les Filles de la Charit\u00e9 du Br\u00e9sil\"}]},{\"@type\":\"WebSite\",\"@id\":\"https:\\\/\\\/filles-de-la-charite.org\\\/fr\\\/#website\",\"url\":\"https:\\\/\\\/filles-de-la-charite.org\\\/fr\\\/\",\"name\":\"Hijas de la Caridad\",\"description\":\"L\u2019amour de J\u00e9sus nous presse \u00e0 prendre soin des personnes les plus d\u00e9munies\",\"publisher\":{\"@id\":\"https:\\\/\\\/filles-de-la-charite.org\\\/fr\\\/#organization\"},\"potentialAction\":[{\"@type\":\"SearchAction\",\"target\":{\"@type\":\"EntryPoint\",\"urlTemplate\":\"https:\\\/\\\/filles-de-la-charite.org\\\/fr\\\/?s={search_term_string}\"},\"query-input\":{\"@type\":\"PropertyValueSpecification\",\"valueRequired\":true,\"valueName\":\"search_term_string\"}}],\"inLanguage\":\"fr-FR\"},{\"@type\":\"Organization\",\"@id\":\"https:\\\/\\\/filles-de-la-charite.org\\\/fr\\\/#organization\",\"name\":\"Hijas de la Caridad\",\"url\":\"https:\\\/\\\/filles-de-la-charite.org\\\/fr\\\/\",\"logo\":{\"@type\":\"ImageObject\",\"inLanguage\":\"fr-FR\",\"@id\":\"https:\\\/\\\/filles-de-la-charite.org\\\/fr\\\/#\\\/schema\\\/logo\\\/image\\\/\",\"url\":\"https:\\\/\\\/filles-de-la-charite.org\\\/wp-content\\\/uploads\\\/2023\\\/03\\\/isotipo-Hijas-de-la-Caridad.png\",\"contentUrl\":\"https:\\\/\\\/filles-de-la-charite.org\\\/wp-content\\\/uploads\\\/2023\\\/03\\\/isotipo-Hijas-de-la-Caridad.png\",\"width\":1417,\"height\":1417,\"caption\":\"Hijas de la Caridad\"},\"image\":{\"@id\":\"https:\\\/\\\/filles-de-la-charite.org\\\/fr\\\/#\\\/schema\\\/logo\\\/image\\\/\"}},{\"@type\":\"Person\",\"@id\":\"https:\\\/\\\/filles-de-la-charite.org\\\/fr\\\/#\\\/schema\\\/person\\\/427567b2eccfc2dd7d206da186a1f438\",\"name\":\"admin\",\"image\":{\"@type\":\"ImageObject\",\"inLanguage\":\"fr-FR\",\"@id\":\"https:\\\/\\\/secure.gravatar.com\\\/avatar\\\/948b492cce32b586ac2db0eaa926ee87024f7afe218d73b397ea5ddfc5f43ea1?s=96&d=mm&r=g\",\"url\":\"https:\\\/\\\/secure.gravatar.com\\\/avatar\\\/948b492cce32b586ac2db0eaa926ee87024f7afe218d73b397ea5ddfc5f43ea1?s=96&d=mm&r=g\",\"contentUrl\":\"https:\\\/\\\/secure.gravatar.com\\\/avatar\\\/948b492cce32b586ac2db0eaa926ee87024f7afe218d73b397ea5ddfc5f43ea1?s=96&d=mm&r=g\",\"caption\":\"admin\"},\"sameAs\":[\"https:\\\/\\\/filles-de-la-charite.org\"],\"url\":\"https:\\\/\\\/filles-de-la-charite.org\\\/fr\\\/author\\\/caridad\\\/\"}]}<\/script>\n<!-- \/ Yoast SEO plugin. -->","yoast_head_json":{"title":"Premi\u00e8re session de formation vincentienne pour les Filles de la Charit\u00e9 du Br\u00e9sil - Filles de la Charit\u00e9","robots":{"index":"index","follow":"follow","max-snippet":"max-snippet:-1","max-image-preview":"max-image-preview:large","max-video-preview":"max-video-preview:-1"},"canonical":"https:\/\/filles-de-la-charite.org\/fr\/premiere-session-de-formation-vincentienne-pour-les-filles-de-la-charite-du-bresil\/","og_locale":"fr_FR","og_type":"article","og_title":"Premi\u00e8re session de formation vincentienne pour les Filles de la Charit\u00e9 du Br\u00e9sil - Filles de la Charit\u00e9","og_description":"Cet article est actuellement en cours de traduction&#8230; Merci de votre patience !","og_url":"https:\/\/filles-de-la-charite.org\/fr\/premiere-session-de-formation-vincentienne-pour-les-filles-de-la-charite-du-bresil\/","og_site_name":"Filles de la Charit\u00e9","article_published_time":"2020-04-06T05:03:09+00:00","article_modified_time":"2024-03-17T17:46:01+00:00","og_image":[{"width":1200,"height":630,"url":"https:\/\/filles-de-la-charite.org\/wp-content\/uploads\/2023\/06\/200406-Brazil-ftd.jpg","type":"image\/jpeg"}],"author":"admin","twitter_card":"summary_large_image","twitter_misc":{"\u00c9crit par":"admin"},"schema":{"@context":"https:\/\/schema.org","@graph":[{"@type":"Article","@id":"https:\/\/filles-de-la-charite.org\/fr\/premiere-session-de-formation-vincentienne-pour-les-filles-de-la-charite-du-bresil\/#article","isPartOf":{"@id":"https:\/\/filles-de-la-charite.org\/fr\/premiere-session-de-formation-vincentienne-pour-les-filles-de-la-charite-du-bresil\/"},"author":{"name":"admin","@id":"https:\/\/filles-de-la-charite.org\/fr\/#\/schema\/person\/427567b2eccfc2dd7d206da186a1f438"},"headline":"Premi\u00e8re session de formation vincentienne pour les Filles de la Charit\u00e9 du Br\u00e9sil","datePublished":"2020-04-06T05:03:09+00:00","dateModified":"2024-03-17T17:46:01+00:00","mainEntityOfPage":{"@id":"https:\/\/filles-de-la-charite.org\/fr\/premiere-session-de-formation-vincentienne-pour-les-filles-de-la-charite-du-bresil\/"},"wordCount":27,"publisher":{"@id":"https:\/\/filles-de-la-charite.org\/fr\/#organization"},"image":{"@id":"https:\/\/filles-de-la-charite.org\/fr\/premiere-session-de-formation-vincentienne-pour-les-filles-de-la-charite-du-bresil\/#primaryimage"},"thumbnailUrl":"https:\/\/filles-de-la-charite.org\/wp-content\/uploads\/2023\/06\/200406-Brazil-ftd.jpg","articleSection":["Rio de Janeiro - Br\u00e9sil"],"inLanguage":"fr-FR"},{"@type":"WebPage","@id":"https:\/\/filles-de-la-charite.org\/fr\/premiere-session-de-formation-vincentienne-pour-les-filles-de-la-charite-du-bresil\/","url":"https:\/\/filles-de-la-charite.org\/fr\/premiere-session-de-formation-vincentienne-pour-les-filles-de-la-charite-du-bresil\/","name":"Premi\u00e8re session de formation vincentienne pour les Filles de la Charit\u00e9 du Br\u00e9sil - Filles de la Charit\u00e9","isPartOf":{"@id":"https:\/\/filles-de-la-charite.org\/fr\/#website"},"primaryImageOfPage":{"@id":"https:\/\/filles-de-la-charite.org\/fr\/premiere-session-de-formation-vincentienne-pour-les-filles-de-la-charite-du-bresil\/#primaryimage"},"image":{"@id":"https:\/\/filles-de-la-charite.org\/fr\/premiere-session-de-formation-vincentienne-pour-les-filles-de-la-charite-du-bresil\/#primaryimage"},"thumbnailUrl":"https:\/\/filles-de-la-charite.org\/wp-content\/uploads\/2023\/06\/200406-Brazil-ftd.jpg","datePublished":"2020-04-06T05:03:09+00:00","dateModified":"2024-03-17T17:46:01+00:00","breadcrumb":{"@id":"https:\/\/filles-de-la-charite.org\/fr\/premiere-session-de-formation-vincentienne-pour-les-filles-de-la-charite-du-bresil\/#breadcrumb"},"inLanguage":"fr-FR","potentialAction":[{"@type":"ReadAction","target":["https:\/\/filles-de-la-charite.org\/fr\/premiere-session-de-formation-vincentienne-pour-les-filles-de-la-charite-du-bresil\/"]}]},{"@type":"ImageObject","inLanguage":"fr-FR","@id":"https:\/\/filles-de-la-charite.org\/fr\/premiere-session-de-formation-vincentienne-pour-les-filles-de-la-charite-du-bresil\/#primaryimage","url":"https:\/\/filles-de-la-charite.org\/wp-content\/uploads\/2023\/06\/200406-Brazil-ftd.jpg","contentUrl":"https:\/\/filles-de-la-charite.org\/wp-content\/uploads\/2023\/06\/200406-Brazil-ftd.jpg","width":1200,"height":630},{"@type":"BreadcrumbList","@id":"https:\/\/filles-de-la-charite.org\/fr\/premiere-session-de-formation-vincentienne-pour-les-filles-de-la-charite-du-bresil\/#breadcrumb","itemListElement":[{"@type":"ListItem","position":1,"name":"Belo Horizonte - Br\u00e9sil","item":"https:\/\/filles-de-la-charite.org\/fr\/category\/belo-horizonte-bresil-fr\/"},{"@type":"ListItem","position":2,"name":"Premi\u00e8re session de formation vincentienne pour les Filles de la Charit\u00e9 du Br\u00e9sil"}]},{"@type":"WebSite","@id":"https:\/\/filles-de-la-charite.org\/fr\/#website","url":"https:\/\/filles-de-la-charite.org\/fr\/","name":"Hijas de la Caridad","description":"L\u2019amour de J\u00e9sus nous presse \u00e0 prendre soin des personnes les plus d\u00e9munies","publisher":{"@id":"https:\/\/filles-de-la-charite.org\/fr\/#organization"},"potentialAction":[{"@type":"SearchAction","target":{"@type":"EntryPoint","urlTemplate":"https:\/\/filles-de-la-charite.org\/fr\/?s={search_term_string}"},"query-input":{"@type":"PropertyValueSpecification","valueRequired":true,"valueName":"search_term_string"}}],"inLanguage":"fr-FR"},{"@type":"Organization","@id":"https:\/\/filles-de-la-charite.org\/fr\/#organization","name":"Hijas de la Caridad","url":"https:\/\/filles-de-la-charite.org\/fr\/","logo":{"@type":"ImageObject","inLanguage":"fr-FR","@id":"https:\/\/filles-de-la-charite.org\/fr\/#\/schema\/logo\/image\/","url":"https:\/\/filles-de-la-charite.org\/wp-content\/uploads\/2023\/03\/isotipo-Hijas-de-la-Caridad.png","contentUrl":"https:\/\/filles-de-la-charite.org\/wp-content\/uploads\/2023\/03\/isotipo-Hijas-de-la-Caridad.png","width":1417,"height":1417,"caption":"Hijas de la Caridad"},"image":{"@id":"https:\/\/filles-de-la-charite.org\/fr\/#\/schema\/logo\/image\/"}},{"@type":"Person","@id":"https:\/\/filles-de-la-charite.org\/fr\/#\/schema\/person\/427567b2eccfc2dd7d206da186a1f438","name":"admin","image":{"@type":"ImageObject","inLanguage":"fr-FR","@id":"https:\/\/secure.gravatar.com\/avatar\/948b492cce32b586ac2db0eaa926ee87024f7afe218d73b397ea5ddfc5f43ea1?s=96&d=mm&r=g","url":"https:\/\/secure.gravatar.com\/avatar\/948b492cce32b586ac2db0eaa926ee87024f7afe218d73b397ea5ddfc5f43ea1?s=96&d=mm&r=g","contentUrl":"https:\/\/secure.gravatar.com\/avatar\/948b492cce32b586ac2db0eaa926ee87024f7afe218d73b397ea5ddfc5f43ea1?s=96&d=mm&r=g","caption":"admin"},"sameAs":["https:\/\/filles-de-la-charite.org"],"url":"https:\/\/filles-de-la-charite.org\/fr\/author\/caridad\/"}]}},"_links":{"self":[{"href":"https:\/\/filles-de-la-charite.org\/fr\/wp-json\/wp\/v2\/posts\/20348","targetHints":{"allow":["GET"]}}],"collection":[{"href":"https:\/\/filles-de-la-charite.org\/fr\/wp-json\/wp\/v2\/posts"}],"about":[{"href":"https:\/\/filles-de-la-charite.org\/fr\/wp-json\/wp\/v2\/types\/post"}],"author":[{"embeddable":true,"href":"https:\/\/filles-de-la-charite.org\/fr\/wp-json\/wp\/v2\/users\/1"}],"replies":[{"embeddable":true,"href":"https:\/\/filles-de-la-charite.org\/fr\/wp-json\/wp\/v2\/comments?post=20348"}],"version-history":[{"count":1,"href":"https:\/\/filles-de-la-charite.org\/fr\/wp-json\/wp\/v2\/posts\/20348\/revisions"}],"predecessor-version":[{"id":20355,"href":"https:\/\/filles-de-la-charite.org\/fr\/wp-json\/wp\/v2\/posts\/20348\/revisions\/20355"}],"wp:featuredmedia":[{"embeddable":true,"href":"https:\/\/filles-de-la-charite.org\/fr\/wp-json\/wp\/v2\/media\/14636"}],"wp:attachment":[{"href":"https:\/\/filles-de-la-charite.org\/fr\/wp-json\/wp\/v2\/media?parent=20348"}],"wp:term":[{"taxonomy":"category","embeddable":true,"href":"https:\/\/filles-de-la-charite.org\/fr\/wp-json\/wp\/v2\/categories?post=20348"},{"taxonomy":"post_tag","embeddable":true,"href":"https:\/\/filles-de-la-charite.org\/fr\/wp-json\/wp\/v2\/tags?post=20348"}],"curies":[{"name":"wp","href":"https:\/\/api.w.org\/{rel}","templated":true}]}}