{"id":20356,"date":"2020-04-10T21:54:43","date_gmt":"2020-04-10T19:54:43","guid":{"rendered":"https:\/\/hijascaridad.sjdigitaldemo.ovh\/ephata-franchir-la-portealler-arencontrer\/"},"modified":"2024-03-17T18:45:48","modified_gmt":"2024-03-17T17:45:48","slug":"ephata-franchir-la-portealler-arencontrer","status":"publish","type":"post","link":"https:\/\/filles-de-la-charite.org\/fr\/ephata-franchir-la-portealler-arencontrer\/","title":{"rendered":"Ephata ! Franchir la porte\u2026Aller \u00e0\u2026Rencontrer"},"content":{"rendered":"\n<p>Vendredi dernier, 21 f\u00e9vrier 2020, \u00e0 17 h 00, toutes les S\u0153urs pr\u00e9sentes au Maroc&nbsp; avons \u00e9t\u00e9 convoqu\u00e9es \u00e0 Tetu\u00e1n \u00ab&nbsp;Hopital Espagnol&nbsp;\u00bb, pour d\u00e9couvrir, \u00e0 la lumi\u00e8re de l\u2019Esprit Saint, notre pr\u00e9sence charismatique dans le soin et le service de nos fr\u00e8res malades les plus pauvres.<\/p>\n\n\n\n<p>S\u0153ur Paula nous a rappel\u00e9 l\u2019importance de faire m\u00e9moire de notre histoire pour remercier et savoir d\u2019o\u00f9 nous venons. Ces m\u00eames paroles furent accueillies par notre Visitatrice, S\u0153ur M<sup>a<\/sup> del Carmen Polo, au c\u00f4t\u00e9 du P. Directeur, Juan de la Rosa et de la Conseill\u00e8re de la Mission Adgentes, S\u0153ur Ana M<sup>a<\/sup> Gutierrez. S\u0153ur M<sup>a<\/sup> del Carmen nous a encourag\u00e9es \u00e0 ce que nous nous demandions\u00a0: o\u00f9 allons-nous\u00a0? \u2026 Elle nous a invit\u00e9es \u00e0 prendre conscience de la r\u00e9alit\u00e9 qui est devant nos yeux\u00a0; savoir sur quels moyens humains nous comptons pour discerner \u00e0 la lumi\u00e8re de l\u2019Esprit Saint dans une disponibilit\u00e9 toujours renouvel\u00e9e.<\/p>\n\n\n\n<figure class=\"wp-block-image size-large\"><img decoding=\"async\" src=\"https:\/\/filles-de-la-charite.org\/wp-content\/uploads\/2023\/06\/200410-Ephata-3-768x432-1.jpg\" alt=\"\" class=\"wp-image-40488\"\/><\/figure>\n\n\n\n<p>La journ\u00e9e du samedi a commenc\u00e9 avec la pri\u00e8re des Laudes, qui nous a pr\u00e9par\u00e9es \u00e0 accueillir le P\u00e8re Manuel Corull\u00f3n, qui allait nous encourager, avec toute la profondeur de sa connaissance et de son exp\u00e9rience de vie, \u00e0 travailler pour la construction du Royaume de Dieu, en g\u00e9n\u00e9rant compassion, stupeur, transformation, en \u00e9tant un sacrement vivant du dialogue que Dieu veut \u00e9tablir avec chaque homme et chaque femme, pour obtenir la dignit\u00e9 de nous reconnaitre membres de la Famille Humaine.<\/p>\n\n\n\n<figure class=\"wp-block-image size-large\"><img decoding=\"async\" src=\"https:\/\/filles-de-la-charite.org\/wp-content\/uploads\/2023\/06\/200410-Ephata-2-768x432-1.jpg\" alt=\"\" class=\"wp-image-40480\"\/><\/figure>\n\n\n\n<p>Le dimanche, jour du Seigneur, \u00e0 la lumi\u00e8re de la formation re\u00e7ue et des temps de r\u00e9flexion et de dialogue, nous nous sommes toutes rassembl\u00e9es autour de S\u0153ur M<sup>a<\/sup> del Carmen et de S\u0153ur M<sup>a<\/sup> pour proposer une feuille de route qui aiderait le Conseil \u00e0 \u00e9clairer le chemin \u00e0 suivre, vers lequel l\u2019Esprit Saint nous pousse pour nous sentir aim\u00e9s, pardonn\u00e9s et rencontr\u00e9s.&nbsp;<\/p>\n\n\n\n<p>Nous remercions l\u2019accueil, la pr\u00e9paration et les petits gestes fraternels de la communaut\u00e9 de Tetu\u00e1n ainsi que la participation et la disponibilit\u00e9 de toutes les S\u0153urs du Maroc, qui ont rendu possible la recherche de chemins pour franchir la porte, aller vers\u2026 et nous rencontrer\u2026<\/p>\n\n\n\n<figure class=\"wp-block-image size-large\"><img decoding=\"async\" src=\"https:\/\/filles-de-la-charite.org\/wp-content\/uploads\/2023\/06\/200410-Ephata-1-768x432-1.jpg\" alt=\"\" class=\"wp-image-40472\"\/><\/figure>\n\n\n\n<p>Avec une grande joie et reconnaissance au Seigneur, nous avons termin\u00e9 notre rencontre fraternelle avec la c\u00e9l\u00e9bration eucharistique et la participation active des personnes \u00e2g\u00e9es de l\u2019H\u00f4pital Espagnol.<\/p>\n\n\n\n<p><em>S\u0153ur <\/em><em>&nbsp;M\u00aa Trinidad Gonz\u00e1lez, <\/em><em>FdlC<\/em><em><br>(<\/em><em>Pris du site de la province<\/em><em> Espa\u00f1a-Sur<\/em><\/p>\n","protected":false},"excerpt":{"rendered":"<p>Vendredi dernier, 21 f\u00e9vrier 2020, \u00e0 17 h 00, toutes les S\u0153urs pr\u00e9sentes au Maroc&nbsp; avons \u00e9t\u00e9 convoqu\u00e9es \u00e0 Tetu\u00e1n \u00ab&nbsp;Hopital Espagnol&nbsp;\u00bb, pour d\u00e9couvrir, \u00e0 la lumi\u00e8re de l\u2019Esprit Saint, notre pr\u00e9sence charismatique dans le soin et le service de nos fr\u00e8res malades les plus pauvres. S\u0153ur Paula nous a rappel\u00e9 l\u2019importance de faire m\u00e9moire [&hellip;]<\/p>\n","protected":false},"author":1,"featured_media":14662,"comment_status":"closed","ping_status":"closed","sticky":false,"template":"","format":"standard","meta":{"_acf_changed":false,"_et_pb_use_builder":"","_et_pb_old_content":"","_et_gb_content_width":"","footnotes":"","_links_to":"","_links_to_target":""},"categories":[804],"tags":[],"class_list":["post-20356","post","type-post","status-publish","format-standard","has-post-thumbnail","hentry","category-espana-sur-fr"],"acf":[],"yoast_head":"<!-- This site is optimized with the Yoast SEO plugin v27.5 - https:\/\/yoast.com\/product\/yoast-seo-wordpress\/ -->\n<title>Ephata ! Franchir la porte\u2026Aller \u00e0\u2026Rencontrer - Filles de la Charit\u00e9<\/title>\n<meta name=\"robots\" content=\"index, follow, max-snippet:-1, max-image-preview:large, max-video-preview:-1\" \/>\n<link rel=\"canonical\" href=\"https:\/\/filles-de-la-charite.org\/fr\/ephata-franchir-la-portealler-arencontrer\/\" \/>\n<meta property=\"og:locale\" content=\"fr_FR\" \/>\n<meta property=\"og:type\" content=\"article\" \/>\n<meta property=\"og:title\" content=\"Ephata ! Franchir la porte\u2026Aller \u00e0\u2026Rencontrer - Filles de la Charit\u00e9\" \/>\n<meta property=\"og:description\" content=\"Vendredi dernier, 21 f\u00e9vrier 2020, \u00e0 17 h 00, toutes les S\u0153urs pr\u00e9sentes au Maroc&nbsp; avons \u00e9t\u00e9 convoqu\u00e9es \u00e0 Tetu\u00e1n \u00ab&nbsp;Hopital Espagnol&nbsp;\u00bb, pour d\u00e9couvrir, \u00e0 la lumi\u00e8re de l\u2019Esprit Saint, notre pr\u00e9sence charismatique dans le soin et le service de nos fr\u00e8res malades les plus pauvres. S\u0153ur Paula nous a rappel\u00e9 l\u2019importance de faire m\u00e9moire [&hellip;]\" \/>\n<meta property=\"og:url\" content=\"https:\/\/filles-de-la-charite.org\/fr\/ephata-franchir-la-portealler-arencontrer\/\" \/>\n<meta property=\"og:site_name\" content=\"Filles de la Charit\u00e9\" \/>\n<meta property=\"article:published_time\" content=\"2020-04-10T19:54:43+00:00\" \/>\n<meta property=\"article:modified_time\" content=\"2024-03-17T17:45:48+00:00\" \/>\n<meta property=\"og:image\" content=\"https:\/\/filles-de-la-charite.org\/wp-content\/uploads\/2023\/06\/200410-Ephata-thmb-300x199-1.jpg\" \/>\n\t<meta property=\"og:image:width\" content=\"300\" \/>\n\t<meta property=\"og:image:height\" content=\"199\" \/>\n\t<meta property=\"og:image:type\" content=\"image\/jpeg\" \/>\n<meta name=\"author\" content=\"admin\" \/>\n<meta name=\"twitter:card\" content=\"summary_large_image\" \/>\n<meta name=\"twitter:label1\" content=\"\u00c9crit par\" \/>\n\t<meta name=\"twitter:data1\" content=\"admin\" \/>\n\t<meta name=\"twitter:label2\" content=\"Dur\u00e9e de lecture estim\u00e9e\" \/>\n\t<meta name=\"twitter:data2\" content=\"2 minutes\" \/>\n<script type=\"application\/ld+json\" class=\"yoast-schema-graph\">{\"@context\":\"https:\\\/\\\/schema.org\",\"@graph\":[{\"@type\":\"Article\",\"@id\":\"https:\\\/\\\/filles-de-la-charite.org\\\/fr\\\/ephata-franchir-la-portealler-arencontrer\\\/#article\",\"isPartOf\":{\"@id\":\"https:\\\/\\\/filles-de-la-charite.org\\\/fr\\\/ephata-franchir-la-portealler-arencontrer\\\/\"},\"author\":{\"name\":\"admin\",\"@id\":\"https:\\\/\\\/filles-de-la-charite.org\\\/fr\\\/#\\\/schema\\\/person\\\/427567b2eccfc2dd7d206da186a1f438\"},\"headline\":\"Ephata ! Franchir la porte\u2026Aller \u00e0\u2026Rencontrer\",\"datePublished\":\"2020-04-10T19:54:43+00:00\",\"dateModified\":\"2024-03-17T17:45:48+00:00\",\"mainEntityOfPage\":{\"@id\":\"https:\\\/\\\/filles-de-la-charite.org\\\/fr\\\/ephata-franchir-la-portealler-arencontrer\\\/\"},\"wordCount\":432,\"publisher\":{\"@id\":\"https:\\\/\\\/filles-de-la-charite.org\\\/fr\\\/#organization\"},\"image\":{\"@id\":\"https:\\\/\\\/filles-de-la-charite.org\\\/fr\\\/ephata-franchir-la-portealler-arencontrer\\\/#primaryimage\"},\"thumbnailUrl\":\"https:\\\/\\\/filles-de-la-charite.org\\\/wp-content\\\/uploads\\\/2023\\\/06\\\/200410-Ephata-thmb-300x199-1.jpg\",\"articleSection\":[\"Espa\u00f1a-Sur\"],\"inLanguage\":\"fr-FR\"},{\"@type\":\"WebPage\",\"@id\":\"https:\\\/\\\/filles-de-la-charite.org\\\/fr\\\/ephata-franchir-la-portealler-arencontrer\\\/\",\"url\":\"https:\\\/\\\/filles-de-la-charite.org\\\/fr\\\/ephata-franchir-la-portealler-arencontrer\\\/\",\"name\":\"Ephata ! Franchir la porte\u2026Aller \u00e0\u2026Rencontrer - Filles de la Charit\u00e9\",\"isPartOf\":{\"@id\":\"https:\\\/\\\/filles-de-la-charite.org\\\/fr\\\/#website\"},\"primaryImageOfPage\":{\"@id\":\"https:\\\/\\\/filles-de-la-charite.org\\\/fr\\\/ephata-franchir-la-portealler-arencontrer\\\/#primaryimage\"},\"image\":{\"@id\":\"https:\\\/\\\/filles-de-la-charite.org\\\/fr\\\/ephata-franchir-la-portealler-arencontrer\\\/#primaryimage\"},\"thumbnailUrl\":\"https:\\\/\\\/filles-de-la-charite.org\\\/wp-content\\\/uploads\\\/2023\\\/06\\\/200410-Ephata-thmb-300x199-1.jpg\",\"datePublished\":\"2020-04-10T19:54:43+00:00\",\"dateModified\":\"2024-03-17T17:45:48+00:00\",\"breadcrumb\":{\"@id\":\"https:\\\/\\\/filles-de-la-charite.org\\\/fr\\\/ephata-franchir-la-portealler-arencontrer\\\/#breadcrumb\"},\"inLanguage\":\"fr-FR\",\"potentialAction\":[{\"@type\":\"ReadAction\",\"target\":[\"https:\\\/\\\/filles-de-la-charite.org\\\/fr\\\/ephata-franchir-la-portealler-arencontrer\\\/\"]}]},{\"@type\":\"ImageObject\",\"inLanguage\":\"fr-FR\",\"@id\":\"https:\\\/\\\/filles-de-la-charite.org\\\/fr\\\/ephata-franchir-la-portealler-arencontrer\\\/#primaryimage\",\"url\":\"https:\\\/\\\/filles-de-la-charite.org\\\/wp-content\\\/uploads\\\/2023\\\/06\\\/200410-Ephata-thmb-300x199-1.jpg\",\"contentUrl\":\"https:\\\/\\\/filles-de-la-charite.org\\\/wp-content\\\/uploads\\\/2023\\\/06\\\/200410-Ephata-thmb-300x199-1.jpg\",\"width\":300,\"height\":199},{\"@type\":\"BreadcrumbList\",\"@id\":\"https:\\\/\\\/filles-de-la-charite.org\\\/fr\\\/ephata-franchir-la-portealler-arencontrer\\\/#breadcrumb\",\"itemListElement\":[{\"@type\":\"ListItem\",\"position\":1,\"name\":\"Espa\u00f1a-Sur\",\"item\":\"https:\\\/\\\/filles-de-la-charite.org\\\/fr\\\/category\\\/espana-sur-fr\\\/\"},{\"@type\":\"ListItem\",\"position\":2,\"name\":\"Ephata ! Franchir la porte\u2026Aller \u00e0\u2026Rencontrer\"}]},{\"@type\":\"WebSite\",\"@id\":\"https:\\\/\\\/filles-de-la-charite.org\\\/fr\\\/#website\",\"url\":\"https:\\\/\\\/filles-de-la-charite.org\\\/fr\\\/\",\"name\":\"Hijas de la Caridad\",\"description\":\"L\u2019amour de J\u00e9sus nous presse \u00e0 prendre soin des personnes les plus d\u00e9munies\",\"publisher\":{\"@id\":\"https:\\\/\\\/filles-de-la-charite.org\\\/fr\\\/#organization\"},\"potentialAction\":[{\"@type\":\"SearchAction\",\"target\":{\"@type\":\"EntryPoint\",\"urlTemplate\":\"https:\\\/\\\/filles-de-la-charite.org\\\/fr\\\/?s={search_term_string}\"},\"query-input\":{\"@type\":\"PropertyValueSpecification\",\"valueRequired\":true,\"valueName\":\"search_term_string\"}}],\"inLanguage\":\"fr-FR\"},{\"@type\":\"Organization\",\"@id\":\"https:\\\/\\\/filles-de-la-charite.org\\\/fr\\\/#organization\",\"name\":\"Hijas de la Caridad\",\"url\":\"https:\\\/\\\/filles-de-la-charite.org\\\/fr\\\/\",\"logo\":{\"@type\":\"ImageObject\",\"inLanguage\":\"fr-FR\",\"@id\":\"https:\\\/\\\/filles-de-la-charite.org\\\/fr\\\/#\\\/schema\\\/logo\\\/image\\\/\",\"url\":\"https:\\\/\\\/filles-de-la-charite.org\\\/wp-content\\\/uploads\\\/2023\\\/03\\\/isotipo-Hijas-de-la-Caridad.png\",\"contentUrl\":\"https:\\\/\\\/filles-de-la-charite.org\\\/wp-content\\\/uploads\\\/2023\\\/03\\\/isotipo-Hijas-de-la-Caridad.png\",\"width\":1417,\"height\":1417,\"caption\":\"Hijas de la Caridad\"},\"image\":{\"@id\":\"https:\\\/\\\/filles-de-la-charite.org\\\/fr\\\/#\\\/schema\\\/logo\\\/image\\\/\"}},{\"@type\":\"Person\",\"@id\":\"https:\\\/\\\/filles-de-la-charite.org\\\/fr\\\/#\\\/schema\\\/person\\\/427567b2eccfc2dd7d206da186a1f438\",\"name\":\"admin\",\"image\":{\"@type\":\"ImageObject\",\"inLanguage\":\"fr-FR\",\"@id\":\"https:\\\/\\\/secure.gravatar.com\\\/avatar\\\/948b492cce32b586ac2db0eaa926ee87024f7afe218d73b397ea5ddfc5f43ea1?s=96&d=mm&r=g\",\"url\":\"https:\\\/\\\/secure.gravatar.com\\\/avatar\\\/948b492cce32b586ac2db0eaa926ee87024f7afe218d73b397ea5ddfc5f43ea1?s=96&d=mm&r=g\",\"contentUrl\":\"https:\\\/\\\/secure.gravatar.com\\\/avatar\\\/948b492cce32b586ac2db0eaa926ee87024f7afe218d73b397ea5ddfc5f43ea1?s=96&d=mm&r=g\",\"caption\":\"admin\"},\"sameAs\":[\"https:\\\/\\\/filles-de-la-charite.org\"],\"url\":\"https:\\\/\\\/filles-de-la-charite.org\\\/fr\\\/author\\\/caridad\\\/\"}]}<\/script>\n<!-- \/ Yoast SEO plugin. -->","yoast_head_json":{"title":"Ephata ! Franchir la porte\u2026Aller \u00e0\u2026Rencontrer - Filles de la Charit\u00e9","robots":{"index":"index","follow":"follow","max-snippet":"max-snippet:-1","max-image-preview":"max-image-preview:large","max-video-preview":"max-video-preview:-1"},"canonical":"https:\/\/filles-de-la-charite.org\/fr\/ephata-franchir-la-portealler-arencontrer\/","og_locale":"fr_FR","og_type":"article","og_title":"Ephata ! Franchir la porte\u2026Aller \u00e0\u2026Rencontrer - Filles de la Charit\u00e9","og_description":"Vendredi dernier, 21 f\u00e9vrier 2020, \u00e0 17 h 00, toutes les S\u0153urs pr\u00e9sentes au Maroc&nbsp; avons \u00e9t\u00e9 convoqu\u00e9es \u00e0 Tetu\u00e1n \u00ab&nbsp;Hopital Espagnol&nbsp;\u00bb, pour d\u00e9couvrir, \u00e0 la lumi\u00e8re de l\u2019Esprit Saint, notre pr\u00e9sence charismatique dans le soin et le service de nos fr\u00e8res malades les plus pauvres. S\u0153ur Paula nous a rappel\u00e9 l\u2019importance de faire m\u00e9moire [&hellip;]","og_url":"https:\/\/filles-de-la-charite.org\/fr\/ephata-franchir-la-portealler-arencontrer\/","og_site_name":"Filles de la Charit\u00e9","article_published_time":"2020-04-10T19:54:43+00:00","article_modified_time":"2024-03-17T17:45:48+00:00","og_image":[{"width":300,"height":199,"url":"https:\/\/filles-de-la-charite.org\/wp-content\/uploads\/2023\/06\/200410-Ephata-thmb-300x199-1.jpg","type":"image\/jpeg"}],"author":"admin","twitter_card":"summary_large_image","twitter_misc":{"\u00c9crit par":"admin","Dur\u00e9e de lecture estim\u00e9e":"2 minutes"},"schema":{"@context":"https:\/\/schema.org","@graph":[{"@type":"Article","@id":"https:\/\/filles-de-la-charite.org\/fr\/ephata-franchir-la-portealler-arencontrer\/#article","isPartOf":{"@id":"https:\/\/filles-de-la-charite.org\/fr\/ephata-franchir-la-portealler-arencontrer\/"},"author":{"name":"admin","@id":"https:\/\/filles-de-la-charite.org\/fr\/#\/schema\/person\/427567b2eccfc2dd7d206da186a1f438"},"headline":"Ephata ! Franchir la porte\u2026Aller \u00e0\u2026Rencontrer","datePublished":"2020-04-10T19:54:43+00:00","dateModified":"2024-03-17T17:45:48+00:00","mainEntityOfPage":{"@id":"https:\/\/filles-de-la-charite.org\/fr\/ephata-franchir-la-portealler-arencontrer\/"},"wordCount":432,"publisher":{"@id":"https:\/\/filles-de-la-charite.org\/fr\/#organization"},"image":{"@id":"https:\/\/filles-de-la-charite.org\/fr\/ephata-franchir-la-portealler-arencontrer\/#primaryimage"},"thumbnailUrl":"https:\/\/filles-de-la-charite.org\/wp-content\/uploads\/2023\/06\/200410-Ephata-thmb-300x199-1.jpg","articleSection":["Espa\u00f1a-Sur"],"inLanguage":"fr-FR"},{"@type":"WebPage","@id":"https:\/\/filles-de-la-charite.org\/fr\/ephata-franchir-la-portealler-arencontrer\/","url":"https:\/\/filles-de-la-charite.org\/fr\/ephata-franchir-la-portealler-arencontrer\/","name":"Ephata ! Franchir la porte\u2026Aller \u00e0\u2026Rencontrer - Filles de la Charit\u00e9","isPartOf":{"@id":"https:\/\/filles-de-la-charite.org\/fr\/#website"},"primaryImageOfPage":{"@id":"https:\/\/filles-de-la-charite.org\/fr\/ephata-franchir-la-portealler-arencontrer\/#primaryimage"},"image":{"@id":"https:\/\/filles-de-la-charite.org\/fr\/ephata-franchir-la-portealler-arencontrer\/#primaryimage"},"thumbnailUrl":"https:\/\/filles-de-la-charite.org\/wp-content\/uploads\/2023\/06\/200410-Ephata-thmb-300x199-1.jpg","datePublished":"2020-04-10T19:54:43+00:00","dateModified":"2024-03-17T17:45:48+00:00","breadcrumb":{"@id":"https:\/\/filles-de-la-charite.org\/fr\/ephata-franchir-la-portealler-arencontrer\/#breadcrumb"},"inLanguage":"fr-FR","potentialAction":[{"@type":"ReadAction","target":["https:\/\/filles-de-la-charite.org\/fr\/ephata-franchir-la-portealler-arencontrer\/"]}]},{"@type":"ImageObject","inLanguage":"fr-FR","@id":"https:\/\/filles-de-la-charite.org\/fr\/ephata-franchir-la-portealler-arencontrer\/#primaryimage","url":"https:\/\/filles-de-la-charite.org\/wp-content\/uploads\/2023\/06\/200410-Ephata-thmb-300x199-1.jpg","contentUrl":"https:\/\/filles-de-la-charite.org\/wp-content\/uploads\/2023\/06\/200410-Ephata-thmb-300x199-1.jpg","width":300,"height":199},{"@type":"BreadcrumbList","@id":"https:\/\/filles-de-la-charite.org\/fr\/ephata-franchir-la-portealler-arencontrer\/#breadcrumb","itemListElement":[{"@type":"ListItem","position":1,"name":"Espa\u00f1a-Sur","item":"https:\/\/filles-de-la-charite.org\/fr\/category\/espana-sur-fr\/"},{"@type":"ListItem","position":2,"name":"Ephata ! Franchir la porte\u2026Aller \u00e0\u2026Rencontrer"}]},{"@type":"WebSite","@id":"https:\/\/filles-de-la-charite.org\/fr\/#website","url":"https:\/\/filles-de-la-charite.org\/fr\/","name":"Hijas de la Caridad","description":"L\u2019amour de J\u00e9sus nous presse \u00e0 prendre soin des personnes les plus d\u00e9munies","publisher":{"@id":"https:\/\/filles-de-la-charite.org\/fr\/#organization"},"potentialAction":[{"@type":"SearchAction","target":{"@type":"EntryPoint","urlTemplate":"https:\/\/filles-de-la-charite.org\/fr\/?s={search_term_string}"},"query-input":{"@type":"PropertyValueSpecification","valueRequired":true,"valueName":"search_term_string"}}],"inLanguage":"fr-FR"},{"@type":"Organization","@id":"https:\/\/filles-de-la-charite.org\/fr\/#organization","name":"Hijas de la Caridad","url":"https:\/\/filles-de-la-charite.org\/fr\/","logo":{"@type":"ImageObject","inLanguage":"fr-FR","@id":"https:\/\/filles-de-la-charite.org\/fr\/#\/schema\/logo\/image\/","url":"https:\/\/filles-de-la-charite.org\/wp-content\/uploads\/2023\/03\/isotipo-Hijas-de-la-Caridad.png","contentUrl":"https:\/\/filles-de-la-charite.org\/wp-content\/uploads\/2023\/03\/isotipo-Hijas-de-la-Caridad.png","width":1417,"height":1417,"caption":"Hijas de la Caridad"},"image":{"@id":"https:\/\/filles-de-la-charite.org\/fr\/#\/schema\/logo\/image\/"}},{"@type":"Person","@id":"https:\/\/filles-de-la-charite.org\/fr\/#\/schema\/person\/427567b2eccfc2dd7d206da186a1f438","name":"admin","image":{"@type":"ImageObject","inLanguage":"fr-FR","@id":"https:\/\/secure.gravatar.com\/avatar\/948b492cce32b586ac2db0eaa926ee87024f7afe218d73b397ea5ddfc5f43ea1?s=96&d=mm&r=g","url":"https:\/\/secure.gravatar.com\/avatar\/948b492cce32b586ac2db0eaa926ee87024f7afe218d73b397ea5ddfc5f43ea1?s=96&d=mm&r=g","contentUrl":"https:\/\/secure.gravatar.com\/avatar\/948b492cce32b586ac2db0eaa926ee87024f7afe218d73b397ea5ddfc5f43ea1?s=96&d=mm&r=g","caption":"admin"},"sameAs":["https:\/\/filles-de-la-charite.org"],"url":"https:\/\/filles-de-la-charite.org\/fr\/author\/caridad\/"}]}},"_links":{"self":[{"href":"https:\/\/filles-de-la-charite.org\/fr\/wp-json\/wp\/v2\/posts\/20356","targetHints":{"allow":["GET"]}}],"collection":[{"href":"https:\/\/filles-de-la-charite.org\/fr\/wp-json\/wp\/v2\/posts"}],"about":[{"href":"https:\/\/filles-de-la-charite.org\/fr\/wp-json\/wp\/v2\/types\/post"}],"author":[{"embeddable":true,"href":"https:\/\/filles-de-la-charite.org\/fr\/wp-json\/wp\/v2\/users\/1"}],"replies":[{"embeddable":true,"href":"https:\/\/filles-de-la-charite.org\/fr\/wp-json\/wp\/v2\/comments?post=20356"}],"version-history":[{"count":1,"href":"https:\/\/filles-de-la-charite.org\/fr\/wp-json\/wp\/v2\/posts\/20356\/revisions"}],"predecessor-version":[{"id":20375,"href":"https:\/\/filles-de-la-charite.org\/fr\/wp-json\/wp\/v2\/posts\/20356\/revisions\/20375"}],"wp:featuredmedia":[{"embeddable":true,"href":"https:\/\/filles-de-la-charite.org\/fr\/wp-json\/wp\/v2\/media\/14662"}],"wp:attachment":[{"href":"https:\/\/filles-de-la-charite.org\/fr\/wp-json\/wp\/v2\/media?parent=20356"}],"wp:term":[{"taxonomy":"category","embeddable":true,"href":"https:\/\/filles-de-la-charite.org\/fr\/wp-json\/wp\/v2\/categories?post=20356"},{"taxonomy":"post_tag","embeddable":true,"href":"https:\/\/filles-de-la-charite.org\/fr\/wp-json\/wp\/v2\/tags?post=20356"}],"curies":[{"name":"wp","href":"https:\/\/api.w.org\/{rel}","templated":true}]}}