{"id":20382,"date":"2020-04-25T21:35:14","date_gmt":"2020-04-25T19:35:14","guid":{"rendered":"https:\/\/hijascaridad.sjdigitaldemo.ovh\/journee-missionnaire-des-femmes-consacrees-usmi-diocese-de-sassari-sardaigne\/"},"modified":"2024-03-17T18:45:32","modified_gmt":"2024-03-17T17:45:32","slug":"journee-missionnaire-des-femmes-consacrees-usmi-diocese-de-sassari-sardaigne","status":"publish","type":"post","link":"https:\/\/filles-de-la-charite.org\/fr\/journee-missionnaire-des-femmes-consacrees-usmi-diocese-de-sassari-sardaigne\/","title":{"rendered":"Journ\u00e9e missionnaire des femmes consacr\u00e9es, USMI Dioc\u00e8se de Sassari, Sardaigne"},"content":{"rendered":"\nS\u0153ur Anna Anedda, Fille de la Charit\u00e8, d\u00e9l\u00e9gu\u00e9e dioc\u00e9saine pour l\u2019Union des Sup\u00e9rieures Majeures en Italie (USMI), a propos\u00e9 que la c\u00e9l\u00e9bration de la Journ\u00e9e Missionnaire des religieuses 2019 puisse se d\u00e9rouler \u00e0 la chapelle de la Maison Sainte Louise des Filles de la Charit\u00e9. Il y a l\u00e0 beaucoup de S\u0153urs qui, en raison de leur \u00e2ge ou de leur sant\u00e9, n\u2019ont plus de&nbsp;\u00ab&nbsp;service&nbsp;\u00bb, mais demeurent \u00ab&nbsp;en service&nbsp;\u00bb, en mission, au c\u0153ur de l\u2019Eglise avec la pri\u00e8re, l\u2019offrande de leurs souffrances et de leur amour de l\u2019humanit\u00e9, comme Sainte Th\u00e9r\u00e8se de Lisieux.<!--more--><\/p>\n<p style=\"text-align: justify;\">Dans son hom\u00e9lie, le p\u00e8re Franco Granata du Couvent carm\u00e9litain de Sassari, qui pr\u00e9sidait la c\u00e9l\u00e9bration eucharistique, a soulign\u00e9 que rien ne peut arr\u00eater celui qui continue \u00e0 aimer, ni l\u2019\u00e2ge, ni la maladie, ni un contexte hostile. L\u2019Eucharistie a \u00e9t\u00e9 conc\u00e9l\u00e9br\u00e9e par le Recteur du S\u00e9minaire, le Directeur du Centre dioc\u00e9sain des vocations, et le P\u00e8re Joseph du Couvent de Santa Maria. Presque toutes les congr\u00e9gations religieuses de la ville \u00e9taient repr\u00e9sent\u00e9es. Etaient pr\u00e9sentes en particulier M\u00e8re Adriana Reis Miranda, Sup\u00e9rieure g\u00e9n\u00e9rale des S\u0153urs P\u00edas Educadora de San Juan Evangelista de Sassari, et M\u00e8re Mar\u00eda Scalas des S\u0153urs de Geths\u00e9mani, \u00e9galement de Sassari.<\/p>\n<img loading=\"lazy\" decoding=\"async\" class=\"aligncenter size-full wp-image-40781\" src=\"https:\/\/filles-de-la-charite.org\/wp-content\/uploads\/2023\/06\/200425-Sardegna-1.jpg\" alt=\"\" width=\"720\" height=\"720\">\n<p style=\"text-align: justify;\">Aujourd\u2019hui, la profession religieuse ne fait plus changer de pr\u00e9nom comme par le pass\u00e9. Les hommes et les femmes consacr\u00e9s gardent celui qu\u2019ils ont re\u00e7u au bapt\u00eame, qui est le v\u00e9ritable premier appel. La mission nait \u00e0 la source baptismale. Baptis\u00e9s et envoy\u00e9s comme tous les chr\u00e9tiens. Envoy\u00e9s, pas n\u00e9cessairement en terres \u00e9trang\u00e8res mais l\u00e0 o\u00f9 l\u2019ob\u00e9issance les envoie, comme nous l\u2019enseigne la patronne des missions. Durant l\u2019adoration du Saint Sacrement, qui a suivi la c\u00e9l\u00e9bration eucharistique et avant que le P\u00e8re Ilario Bianchi ne conclue la pri\u00e8re avec la b\u00e9n\u00e9diction, cinq bougies ont \u00e9t\u00e9 offertes pour repr\u00e9senter les attentes, les esp\u00e9rances, les joies et les souffrances des peuples des cinq continents.<\/p>\n<img loading=\"lazy\" decoding=\"async\" class=\"aligncenter size-full wp-image-40782\" src=\"https:\/\/filles-de-la-charite.org\/wp-content\/uploads\/2023\/06\/200425-Sardegna-2.jpg\" alt=\"\" width=\"719\" height=\"404\">\n<p style=\"text-align: justify;\">Un monde aux changements rapides, comme le n\u00f4tre, a besoin de la lumi\u00e8re et de la chaleur de l\u2019Evangile qui puisse \u00eatre embrass\u00e9 \u00e0 chaque instant par tout croyant. Par l\u2019amour, on peut atteindre imm\u00e9diatement tous les coins de la terre, m\u00eame le hameau le plus petit de Madagascar, du Br\u00e9sil ou de l\u2019Inde. C\u2019est ce qu\u2019a fait la petite Th\u00e9r\u00e8se qui avait compris que <em>\u00ab&nbsp;dans le C\u0153ur de l\u2019Eglise, ma M\u00e8re, je serai l\u2019Amour ainsi je serai tout<\/em>&nbsp;\u00bb<\/p>\n<p style=\"text-align: right;\">Don Antonio Canu<\/p>\n<img loading=\"lazy\" decoding=\"async\" class=\"aligncenter size-full wp-image-40783\" src=\"https:\/\/filles-de-la-charite.org\/wp-content\/uploads\/2023\/06\/200425-Sardegna-3.jpg\" alt=\"\" width=\"719\" height=\"480\"><\/p>\n","protected":false},"excerpt":{"rendered":"<p>S\u0153ur Anna Anedda, Fille de la Charit\u00e8, d\u00e9l\u00e9gu\u00e9e dioc\u00e9saine pour l\u2019Union des Sup\u00e9rieures Majeures en Italie (USMI), a propos\u00e9 que la c\u00e9l\u00e9bration de la Journ\u00e9e Missionnaire des religieuses 2019 puisse se d\u00e9rouler \u00e0 la chapelle de la Maison Sainte Louise des Filles de la Charit\u00e9. Il y a l\u00e0 beaucoup de S\u0153urs qui, en raison [&hellip;]<\/p>\n","protected":false},"author":1,"featured_media":14688,"comment_status":"closed","ping_status":"closed","sticky":false,"template":"","format":"standard","meta":{"_acf_changed":false,"footnotes":"","_links_to":"","_links_to_target":""},"categories":[684],"tags":[],"class_list":["post-20382","post","type-post","status-publish","format-standard","has-post-thumbnail","hentry","category-sardaigne-italie-fr"],"acf":[],"yoast_head":"<!-- This site is optimized with the Yoast SEO plugin v27.5 - https:\/\/yoast.com\/product\/yoast-seo-wordpress\/ -->\n<title>Journ\u00e9e missionnaire des femmes consacr\u00e9es, USMI Dioc\u00e8se de Sassari, Sardaigne - Filles de la Charit\u00e9<\/title>\n<meta name=\"robots\" content=\"index, follow, max-snippet:-1, max-image-preview:large, max-video-preview:-1\" \/>\n<link rel=\"canonical\" href=\"https:\/\/filles-de-la-charite.org\/fr\/journee-missionnaire-des-femmes-consacrees-usmi-diocese-de-sassari-sardaigne\/\" \/>\n<meta property=\"og:locale\" content=\"fr_FR\" \/>\n<meta property=\"og:type\" content=\"article\" \/>\n<meta property=\"og:title\" content=\"Journ\u00e9e missionnaire des femmes consacr\u00e9es, USMI Dioc\u00e8se de Sassari, Sardaigne - Filles de la Charit\u00e9\" \/>\n<meta property=\"og:description\" content=\"S\u0153ur Anna Anedda, Fille de la Charit\u00e8, d\u00e9l\u00e9gu\u00e9e dioc\u00e9saine pour l\u2019Union des Sup\u00e9rieures Majeures en Italie (USMI), a propos\u00e9 que la c\u00e9l\u00e9bration de la Journ\u00e9e Missionnaire des religieuses 2019 puisse se d\u00e9rouler \u00e0 la chapelle de la Maison Sainte Louise des Filles de la Charit\u00e9. Il y a l\u00e0 beaucoup de S\u0153urs qui, en raison [&hellip;]\" \/>\n<meta property=\"og:url\" content=\"https:\/\/filles-de-la-charite.org\/fr\/journee-missionnaire-des-femmes-consacrees-usmi-diocese-de-sassari-sardaigne\/\" \/>\n<meta property=\"og:site_name\" content=\"Filles de la Charit\u00e9\" \/>\n<meta property=\"article:published_time\" content=\"2020-04-25T19:35:14+00:00\" \/>\n<meta property=\"article:modified_time\" content=\"2024-03-17T17:45:32+00:00\" \/>\n<meta property=\"og:image\" content=\"https:\/\/filles-de-la-charite.org\/wp-content\/uploads\/2023\/06\/200425-Sardegna-thmb.jpg\" \/>\n\t<meta property=\"og:image:width\" content=\"300\" \/>\n\t<meta property=\"og:image:height\" content=\"200\" \/>\n\t<meta property=\"og:image:type\" content=\"image\/jpeg\" \/>\n<meta name=\"author\" content=\"admin\" \/>\n<meta name=\"twitter:card\" content=\"summary_large_image\" \/>\n<meta name=\"twitter:label1\" content=\"\u00c9crit par\" \/>\n\t<meta name=\"twitter:data1\" content=\"admin\" \/>\n\t<meta name=\"twitter:label2\" content=\"Dur\u00e9e de lecture estim\u00e9e\" \/>\n\t<meta name=\"twitter:data2\" content=\"2 minutes\" \/>\n<script type=\"application\/ld+json\" class=\"yoast-schema-graph\">{\"@context\":\"https:\\\/\\\/schema.org\",\"@graph\":[{\"@type\":\"Article\",\"@id\":\"https:\\\/\\\/filles-de-la-charite.org\\\/fr\\\/journee-missionnaire-des-femmes-consacrees-usmi-diocese-de-sassari-sardaigne\\\/#article\",\"isPartOf\":{\"@id\":\"https:\\\/\\\/filles-de-la-charite.org\\\/fr\\\/journee-missionnaire-des-femmes-consacrees-usmi-diocese-de-sassari-sardaigne\\\/\"},\"author\":{\"name\":\"admin\",\"@id\":\"https:\\\/\\\/filles-de-la-charite.org\\\/fr\\\/#\\\/schema\\\/person\\\/427567b2eccfc2dd7d206da186a1f438\"},\"headline\":\"Journ\u00e9e missionnaire des femmes consacr\u00e9es, USMI Dioc\u00e8se de Sassari, Sardaigne\",\"datePublished\":\"2020-04-25T19:35:14+00:00\",\"dateModified\":\"2024-03-17T17:45:32+00:00\",\"mainEntityOfPage\":{\"@id\":\"https:\\\/\\\/filles-de-la-charite.org\\\/fr\\\/journee-missionnaire-des-femmes-consacrees-usmi-diocese-de-sassari-sardaigne\\\/\"},\"wordCount\":497,\"publisher\":{\"@id\":\"https:\\\/\\\/filles-de-la-charite.org\\\/fr\\\/#organization\"},\"image\":{\"@id\":\"https:\\\/\\\/filles-de-la-charite.org\\\/fr\\\/journee-missionnaire-des-femmes-consacrees-usmi-diocese-de-sassari-sardaigne\\\/#primaryimage\"},\"thumbnailUrl\":\"https:\\\/\\\/filles-de-la-charite.org\\\/wp-content\\\/uploads\\\/2023\\\/06\\\/200425-Sardegna-thmb.jpg\",\"articleSection\":[\"Sardaigne - Italie\"],\"inLanguage\":\"fr-FR\"},{\"@type\":\"WebPage\",\"@id\":\"https:\\\/\\\/filles-de-la-charite.org\\\/fr\\\/journee-missionnaire-des-femmes-consacrees-usmi-diocese-de-sassari-sardaigne\\\/\",\"url\":\"https:\\\/\\\/filles-de-la-charite.org\\\/fr\\\/journee-missionnaire-des-femmes-consacrees-usmi-diocese-de-sassari-sardaigne\\\/\",\"name\":\"Journ\u00e9e missionnaire des femmes consacr\u00e9es, USMI Dioc\u00e8se de Sassari, Sardaigne - Filles de la Charit\u00e9\",\"isPartOf\":{\"@id\":\"https:\\\/\\\/filles-de-la-charite.org\\\/fr\\\/#website\"},\"primaryImageOfPage\":{\"@id\":\"https:\\\/\\\/filles-de-la-charite.org\\\/fr\\\/journee-missionnaire-des-femmes-consacrees-usmi-diocese-de-sassari-sardaigne\\\/#primaryimage\"},\"image\":{\"@id\":\"https:\\\/\\\/filles-de-la-charite.org\\\/fr\\\/journee-missionnaire-des-femmes-consacrees-usmi-diocese-de-sassari-sardaigne\\\/#primaryimage\"},\"thumbnailUrl\":\"https:\\\/\\\/filles-de-la-charite.org\\\/wp-content\\\/uploads\\\/2023\\\/06\\\/200425-Sardegna-thmb.jpg\",\"datePublished\":\"2020-04-25T19:35:14+00:00\",\"dateModified\":\"2024-03-17T17:45:32+00:00\",\"breadcrumb\":{\"@id\":\"https:\\\/\\\/filles-de-la-charite.org\\\/fr\\\/journee-missionnaire-des-femmes-consacrees-usmi-diocese-de-sassari-sardaigne\\\/#breadcrumb\"},\"inLanguage\":\"fr-FR\",\"potentialAction\":[{\"@type\":\"ReadAction\",\"target\":[\"https:\\\/\\\/filles-de-la-charite.org\\\/fr\\\/journee-missionnaire-des-femmes-consacrees-usmi-diocese-de-sassari-sardaigne\\\/\"]}]},{\"@type\":\"ImageObject\",\"inLanguage\":\"fr-FR\",\"@id\":\"https:\\\/\\\/filles-de-la-charite.org\\\/fr\\\/journee-missionnaire-des-femmes-consacrees-usmi-diocese-de-sassari-sardaigne\\\/#primaryimage\",\"url\":\"https:\\\/\\\/filles-de-la-charite.org\\\/wp-content\\\/uploads\\\/2023\\\/06\\\/200425-Sardegna-thmb.jpg\",\"contentUrl\":\"https:\\\/\\\/filles-de-la-charite.org\\\/wp-content\\\/uploads\\\/2023\\\/06\\\/200425-Sardegna-thmb.jpg\",\"width\":300,\"height\":200},{\"@type\":\"BreadcrumbList\",\"@id\":\"https:\\\/\\\/filles-de-la-charite.org\\\/fr\\\/journee-missionnaire-des-femmes-consacrees-usmi-diocese-de-sassari-sardaigne\\\/#breadcrumb\",\"itemListElement\":[{\"@type\":\"ListItem\",\"position\":1,\"name\":\"San Vincenzo &#8211; Italia\",\"item\":\"https:\\\/\\\/filles-de-la-charite.org\\\/fr\\\/category\\\/san-vincenzo-italia-fr\\\/\"},{\"@type\":\"ListItem\",\"position\":2,\"name\":\"Journ\u00e9e missionnaire des femmes consacr\u00e9es, USMI Dioc\u00e8se de Sassari, Sardaigne\"}]},{\"@type\":\"WebSite\",\"@id\":\"https:\\\/\\\/filles-de-la-charite.org\\\/fr\\\/#website\",\"url\":\"https:\\\/\\\/filles-de-la-charite.org\\\/fr\\\/\",\"name\":\"Hijas de la Caridad\",\"description\":\"L\u2019amour de J\u00e9sus nous presse \u00e0 prendre soin des personnes les plus d\u00e9munies\",\"publisher\":{\"@id\":\"https:\\\/\\\/filles-de-la-charite.org\\\/fr\\\/#organization\"},\"potentialAction\":[{\"@type\":\"SearchAction\",\"target\":{\"@type\":\"EntryPoint\",\"urlTemplate\":\"https:\\\/\\\/filles-de-la-charite.org\\\/fr\\\/?s={search_term_string}\"},\"query-input\":{\"@type\":\"PropertyValueSpecification\",\"valueRequired\":true,\"valueName\":\"search_term_string\"}}],\"inLanguage\":\"fr-FR\"},{\"@type\":\"Organization\",\"@id\":\"https:\\\/\\\/filles-de-la-charite.org\\\/fr\\\/#organization\",\"name\":\"Hijas de la Caridad\",\"url\":\"https:\\\/\\\/filles-de-la-charite.org\\\/fr\\\/\",\"logo\":{\"@type\":\"ImageObject\",\"inLanguage\":\"fr-FR\",\"@id\":\"https:\\\/\\\/filles-de-la-charite.org\\\/fr\\\/#\\\/schema\\\/logo\\\/image\\\/\",\"url\":\"https:\\\/\\\/filles-de-la-charite.org\\\/wp-content\\\/uploads\\\/2023\\\/03\\\/isotipo-Hijas-de-la-Caridad.png\",\"contentUrl\":\"https:\\\/\\\/filles-de-la-charite.org\\\/wp-content\\\/uploads\\\/2023\\\/03\\\/isotipo-Hijas-de-la-Caridad.png\",\"width\":1417,\"height\":1417,\"caption\":\"Hijas de la Caridad\"},\"image\":{\"@id\":\"https:\\\/\\\/filles-de-la-charite.org\\\/fr\\\/#\\\/schema\\\/logo\\\/image\\\/\"}},{\"@type\":\"Person\",\"@id\":\"https:\\\/\\\/filles-de-la-charite.org\\\/fr\\\/#\\\/schema\\\/person\\\/427567b2eccfc2dd7d206da186a1f438\",\"name\":\"admin\",\"image\":{\"@type\":\"ImageObject\",\"inLanguage\":\"fr-FR\",\"@id\":\"https:\\\/\\\/secure.gravatar.com\\\/avatar\\\/948b492cce32b586ac2db0eaa926ee87024f7afe218d73b397ea5ddfc5f43ea1?s=96&d=mm&r=g\",\"url\":\"https:\\\/\\\/secure.gravatar.com\\\/avatar\\\/948b492cce32b586ac2db0eaa926ee87024f7afe218d73b397ea5ddfc5f43ea1?s=96&d=mm&r=g\",\"contentUrl\":\"https:\\\/\\\/secure.gravatar.com\\\/avatar\\\/948b492cce32b586ac2db0eaa926ee87024f7afe218d73b397ea5ddfc5f43ea1?s=96&d=mm&r=g\",\"caption\":\"admin\"},\"sameAs\":[\"https:\\\/\\\/filles-de-la-charite.org\"],\"url\":\"https:\\\/\\\/filles-de-la-charite.org\\\/fr\\\/author\\\/caridad\\\/\"}]}<\/script>\n<!-- \/ Yoast SEO plugin. -->","yoast_head_json":{"title":"Journ\u00e9e missionnaire des femmes consacr\u00e9es, USMI Dioc\u00e8se de Sassari, Sardaigne - Filles de la Charit\u00e9","robots":{"index":"index","follow":"follow","max-snippet":"max-snippet:-1","max-image-preview":"max-image-preview:large","max-video-preview":"max-video-preview:-1"},"canonical":"https:\/\/filles-de-la-charite.org\/fr\/journee-missionnaire-des-femmes-consacrees-usmi-diocese-de-sassari-sardaigne\/","og_locale":"fr_FR","og_type":"article","og_title":"Journ\u00e9e missionnaire des femmes consacr\u00e9es, USMI Dioc\u00e8se de Sassari, Sardaigne - Filles de la Charit\u00e9","og_description":"S\u0153ur Anna Anedda, Fille de la Charit\u00e8, d\u00e9l\u00e9gu\u00e9e dioc\u00e9saine pour l\u2019Union des Sup\u00e9rieures Majeures en Italie (USMI), a propos\u00e9 que la c\u00e9l\u00e9bration de la Journ\u00e9e Missionnaire des religieuses 2019 puisse se d\u00e9rouler \u00e0 la chapelle de la Maison Sainte Louise des Filles de la Charit\u00e9. Il y a l\u00e0 beaucoup de S\u0153urs qui, en raison [&hellip;]","og_url":"https:\/\/filles-de-la-charite.org\/fr\/journee-missionnaire-des-femmes-consacrees-usmi-diocese-de-sassari-sardaigne\/","og_site_name":"Filles de la Charit\u00e9","article_published_time":"2020-04-25T19:35:14+00:00","article_modified_time":"2024-03-17T17:45:32+00:00","og_image":[{"width":300,"height":200,"url":"https:\/\/filles-de-la-charite.org\/wp-content\/uploads\/2023\/06\/200425-Sardegna-thmb.jpg","type":"image\/jpeg"}],"author":"admin","twitter_card":"summary_large_image","twitter_misc":{"\u00c9crit par":"admin","Dur\u00e9e de lecture estim\u00e9e":"2 minutes"},"schema":{"@context":"https:\/\/schema.org","@graph":[{"@type":"Article","@id":"https:\/\/filles-de-la-charite.org\/fr\/journee-missionnaire-des-femmes-consacrees-usmi-diocese-de-sassari-sardaigne\/#article","isPartOf":{"@id":"https:\/\/filles-de-la-charite.org\/fr\/journee-missionnaire-des-femmes-consacrees-usmi-diocese-de-sassari-sardaigne\/"},"author":{"name":"admin","@id":"https:\/\/filles-de-la-charite.org\/fr\/#\/schema\/person\/427567b2eccfc2dd7d206da186a1f438"},"headline":"Journ\u00e9e missionnaire des femmes consacr\u00e9es, USMI Dioc\u00e8se de Sassari, Sardaigne","datePublished":"2020-04-25T19:35:14+00:00","dateModified":"2024-03-17T17:45:32+00:00","mainEntityOfPage":{"@id":"https:\/\/filles-de-la-charite.org\/fr\/journee-missionnaire-des-femmes-consacrees-usmi-diocese-de-sassari-sardaigne\/"},"wordCount":497,"publisher":{"@id":"https:\/\/filles-de-la-charite.org\/fr\/#organization"},"image":{"@id":"https:\/\/filles-de-la-charite.org\/fr\/journee-missionnaire-des-femmes-consacrees-usmi-diocese-de-sassari-sardaigne\/#primaryimage"},"thumbnailUrl":"https:\/\/filles-de-la-charite.org\/wp-content\/uploads\/2023\/06\/200425-Sardegna-thmb.jpg","articleSection":["Sardaigne - Italie"],"inLanguage":"fr-FR"},{"@type":"WebPage","@id":"https:\/\/filles-de-la-charite.org\/fr\/journee-missionnaire-des-femmes-consacrees-usmi-diocese-de-sassari-sardaigne\/","url":"https:\/\/filles-de-la-charite.org\/fr\/journee-missionnaire-des-femmes-consacrees-usmi-diocese-de-sassari-sardaigne\/","name":"Journ\u00e9e missionnaire des femmes consacr\u00e9es, USMI Dioc\u00e8se de Sassari, Sardaigne - Filles de la Charit\u00e9","isPartOf":{"@id":"https:\/\/filles-de-la-charite.org\/fr\/#website"},"primaryImageOfPage":{"@id":"https:\/\/filles-de-la-charite.org\/fr\/journee-missionnaire-des-femmes-consacrees-usmi-diocese-de-sassari-sardaigne\/#primaryimage"},"image":{"@id":"https:\/\/filles-de-la-charite.org\/fr\/journee-missionnaire-des-femmes-consacrees-usmi-diocese-de-sassari-sardaigne\/#primaryimage"},"thumbnailUrl":"https:\/\/filles-de-la-charite.org\/wp-content\/uploads\/2023\/06\/200425-Sardegna-thmb.jpg","datePublished":"2020-04-25T19:35:14+00:00","dateModified":"2024-03-17T17:45:32+00:00","breadcrumb":{"@id":"https:\/\/filles-de-la-charite.org\/fr\/journee-missionnaire-des-femmes-consacrees-usmi-diocese-de-sassari-sardaigne\/#breadcrumb"},"inLanguage":"fr-FR","potentialAction":[{"@type":"ReadAction","target":["https:\/\/filles-de-la-charite.org\/fr\/journee-missionnaire-des-femmes-consacrees-usmi-diocese-de-sassari-sardaigne\/"]}]},{"@type":"ImageObject","inLanguage":"fr-FR","@id":"https:\/\/filles-de-la-charite.org\/fr\/journee-missionnaire-des-femmes-consacrees-usmi-diocese-de-sassari-sardaigne\/#primaryimage","url":"https:\/\/filles-de-la-charite.org\/wp-content\/uploads\/2023\/06\/200425-Sardegna-thmb.jpg","contentUrl":"https:\/\/filles-de-la-charite.org\/wp-content\/uploads\/2023\/06\/200425-Sardegna-thmb.jpg","width":300,"height":200},{"@type":"BreadcrumbList","@id":"https:\/\/filles-de-la-charite.org\/fr\/journee-missionnaire-des-femmes-consacrees-usmi-diocese-de-sassari-sardaigne\/#breadcrumb","itemListElement":[{"@type":"ListItem","position":1,"name":"San Vincenzo &#8211; Italia","item":"https:\/\/filles-de-la-charite.org\/fr\/category\/san-vincenzo-italia-fr\/"},{"@type":"ListItem","position":2,"name":"Journ\u00e9e missionnaire des femmes consacr\u00e9es, USMI Dioc\u00e8se de Sassari, Sardaigne"}]},{"@type":"WebSite","@id":"https:\/\/filles-de-la-charite.org\/fr\/#website","url":"https:\/\/filles-de-la-charite.org\/fr\/","name":"Hijas de la Caridad","description":"L\u2019amour de J\u00e9sus nous presse \u00e0 prendre soin des personnes les plus d\u00e9munies","publisher":{"@id":"https:\/\/filles-de-la-charite.org\/fr\/#organization"},"potentialAction":[{"@type":"SearchAction","target":{"@type":"EntryPoint","urlTemplate":"https:\/\/filles-de-la-charite.org\/fr\/?s={search_term_string}"},"query-input":{"@type":"PropertyValueSpecification","valueRequired":true,"valueName":"search_term_string"}}],"inLanguage":"fr-FR"},{"@type":"Organization","@id":"https:\/\/filles-de-la-charite.org\/fr\/#organization","name":"Hijas de la Caridad","url":"https:\/\/filles-de-la-charite.org\/fr\/","logo":{"@type":"ImageObject","inLanguage":"fr-FR","@id":"https:\/\/filles-de-la-charite.org\/fr\/#\/schema\/logo\/image\/","url":"https:\/\/filles-de-la-charite.org\/wp-content\/uploads\/2023\/03\/isotipo-Hijas-de-la-Caridad.png","contentUrl":"https:\/\/filles-de-la-charite.org\/wp-content\/uploads\/2023\/03\/isotipo-Hijas-de-la-Caridad.png","width":1417,"height":1417,"caption":"Hijas de la Caridad"},"image":{"@id":"https:\/\/filles-de-la-charite.org\/fr\/#\/schema\/logo\/image\/"}},{"@type":"Person","@id":"https:\/\/filles-de-la-charite.org\/fr\/#\/schema\/person\/427567b2eccfc2dd7d206da186a1f438","name":"admin","image":{"@type":"ImageObject","inLanguage":"fr-FR","@id":"https:\/\/secure.gravatar.com\/avatar\/948b492cce32b586ac2db0eaa926ee87024f7afe218d73b397ea5ddfc5f43ea1?s=96&d=mm&r=g","url":"https:\/\/secure.gravatar.com\/avatar\/948b492cce32b586ac2db0eaa926ee87024f7afe218d73b397ea5ddfc5f43ea1?s=96&d=mm&r=g","contentUrl":"https:\/\/secure.gravatar.com\/avatar\/948b492cce32b586ac2db0eaa926ee87024f7afe218d73b397ea5ddfc5f43ea1?s=96&d=mm&r=g","caption":"admin"},"sameAs":["https:\/\/filles-de-la-charite.org"],"url":"https:\/\/filles-de-la-charite.org\/fr\/author\/caridad\/"}]}},"_links":{"self":[{"href":"https:\/\/filles-de-la-charite.org\/fr\/wp-json\/wp\/v2\/posts\/20382","targetHints":{"allow":["GET"]}}],"collection":[{"href":"https:\/\/filles-de-la-charite.org\/fr\/wp-json\/wp\/v2\/posts"}],"about":[{"href":"https:\/\/filles-de-la-charite.org\/fr\/wp-json\/wp\/v2\/types\/post"}],"author":[{"embeddable":true,"href":"https:\/\/filles-de-la-charite.org\/fr\/wp-json\/wp\/v2\/users\/1"}],"replies":[{"embeddable":true,"href":"https:\/\/filles-de-la-charite.org\/fr\/wp-json\/wp\/v2\/comments?post=20382"}],"version-history":[{"count":1,"href":"https:\/\/filles-de-la-charite.org\/fr\/wp-json\/wp\/v2\/posts\/20382\/revisions"}],"predecessor-version":[{"id":20383,"href":"https:\/\/filles-de-la-charite.org\/fr\/wp-json\/wp\/v2\/posts\/20382\/revisions\/20383"}],"wp:featuredmedia":[{"embeddable":true,"href":"https:\/\/filles-de-la-charite.org\/fr\/wp-json\/wp\/v2\/media\/14688"}],"wp:attachment":[{"href":"https:\/\/filles-de-la-charite.org\/fr\/wp-json\/wp\/v2\/media?parent=20382"}],"wp:term":[{"taxonomy":"category","embeddable":true,"href":"https:\/\/filles-de-la-charite.org\/fr\/wp-json\/wp\/v2\/categories?post=20382"},{"taxonomy":"post_tag","embeddable":true,"href":"https:\/\/filles-de-la-charite.org\/fr\/wp-json\/wp\/v2\/tags?post=20382"}],"curies":[{"name":"wp","href":"https:\/\/api.w.org\/{rel}","templated":true}]}}