{"id":21722,"date":"2020-04-30T21:48:25","date_gmt":"2020-04-30T19:48:25","guid":{"rendered":"https:\/\/hijascaridad.sjdigitaldemo.ovh\/javais-faim-et-vous-mavez-donne-a-manger\/"},"modified":"2024-03-17T18:45:22","modified_gmt":"2024-03-17T17:45:22","slug":"javais-faim-et-vous-mavez-donne-a-manger","status":"publish","type":"post","link":"https:\/\/filles-de-la-charite.org\/fr\/javais-faim-et-vous-mavez-donne-a-manger\/","title":{"rendered":"J\u2019avais faim et vous m\u2019avez donn\u00e9 \u00e0 manger"},"content":{"rendered":"\nEn lien avec ce passage biblique, je veux vous partager la mission des Filles de la Charit\u00e9 de la Province de la Milagrosa-Bogot\u00e1-Venezuela, en ce temps de quarantaine et de pand\u00e9mie mondiale.<!--more--><\/p>\n<p style=\"text-align: justify;\">Plus de 250 sans-abri arrivent chaque jour au Centre Ambulatoire Medalla Milagrosa, sous la direction de s\u0153ur Noh\u00e9mie Sanchez FdlC, pour midi afin de recevoir le repas, qui peut \u00eatre pour eux l\u2019unique plat de la journ\u00e9e. Ce sont des \u00eatres humains qui ont faim, sans ressources \u00e9conomiques, sans maison o\u00f9 vivre, prot\u00e9g\u00e9s par le manteau de la mis\u00e9ricorde de Dieu, des bienfaiteurs et des Filles de la Charit\u00e9.<\/p>\n<p style=\"text-align: justify;\"><img loading=\"lazy\" decoding=\"async\" class=\"alignright size-medium wp-image-40832\" src=\"https:\/\/filles-de-la-charite.org\/wp-content\/uploads\/2023\/06\/0430-LaMilagrosa-3-300x200.jpg\" alt=\"\" width=\"300\" height=\"200\">Ils sont nombreux les bienfaiteurs qui ont rejoint cette lutte pour obtenir de la nourriture pour nos hommes de la rue. Chaque jour, Dieu invite des personnes pour aider \u00e0 r\u00e9duire la faim de ces hommes et de ces femmes qui ont pour habitat la rue. La Famille vincentienne guid\u00e9e par le P\u00e8re Toma\u017e Mavri\u010d, C.M., a d\u00e9j\u00e0 fait le premier pas en invitant les Conseils Nationaux \u00e0 organiser la charit\u00e9 en faveur des plus insignifiants pour la soci\u00e9t\u00e9 d\u2019aujourd\u2019hui, sous la devise \u00ab&nbsp;Dans la Famille vincentienne, nous continuerons \u00e0 globaliser la charit\u00e9 et non l\u2019indiff\u00e9rence&nbsp;\u00bb.<\/p>\n<p style=\"text-align: justify;\">Bon nombre de mains aident dans cette activit\u00e9 quotidienne&nbsp;: S\u0153ur C\u00e9cilia Triana, FdlC, notre Visitatrice provinciale, avec le P\u00e8re Directeur Alvaro Mauricio Fern\u00e1ndez C.M., et un groupe de Filles de la Charit\u00e9 et les jeunes postulantes, aident \u00e0 calmer la faim des habitants de la rue.<\/p>\n<img loading=\"lazy\" decoding=\"async\" class=\"aligncenter size-full wp-image-40830\" src=\"https:\/\/filles-de-la-charite.org\/wp-content\/uploads\/2023\/06\/0430-LaMilagrosa-1.jpg\" alt=\"\" width=\"1200\" height=\"568\">\n<p style=\"text-align: justify;\">Mais nos fr\u00e8res de la rue ont \u00e9galement une mission&nbsp;: propager la M\u00e9daille miraculeuse. Ainsi, on leur a demand\u00e9 d\u2019aider \u00e0 distribuer la M\u00e9daille dans les rues de Bogot\u00e1. Cette mission a deux objectifs importants&nbsp;; demander la protection de la Vierge de la M\u00e9daille miraculeuse pour la Colombie et le monde entier et de chercher des strat\u00e9gies pour que plus de personnes encore connaissent Notre Dame de la M\u00e9daille Miraculeuse. Ici, tout le monde travaille &nbsp;; nos S\u0153urs ain\u00e9es sont charg\u00e9es d\u2019organiser les m\u00e9dailles que les habitants de la rue porteront \u00e0 chaque coin de la capitale.<\/p>\n<img loading=\"lazy\" decoding=\"async\" class=\"aligncenter size-full wp-image-40831\" src=\"https:\/\/filles-de-la-charite.org\/wp-content\/uploads\/2023\/06\/0430-LaMilagrosa-2.jpg\" alt=\"\" width=\"960\" height=\"540\">\n<p style=\"text-align: justify;\">Merci Dieu pour ce travail r\u00e9alis\u00e9 par les Filles de la Charit\u00e9, en faveur des plus pauvres.<\/p>\n<p style=\"text-align: right;\"><em>Soeur Sandra Emilce Vivas Ram\u00edrez<\/em><em>, FdlC<\/em><\/p><\/p>\n","protected":false},"excerpt":{"rendered":"<p>En lien avec ce passage biblique, je veux vous partager la mission des Filles de la Charit\u00e9 de la Province de la Milagrosa-Bogot\u00e1-Venezuela, en ce temps de quarantaine et de pand\u00e9mie mondiale.<\/p>\n","protected":false},"author":1,"featured_media":14714,"comment_status":"closed","ping_status":"closed","sticky":false,"template":"","format":"standard","meta":{"_acf_changed":false,"footnotes":"","_links_to":"","_links_to_target":""},"categories":[615],"tags":[],"class_list":["post-21722","post","type-post","status-publish","format-standard","has-post-thumbnail","hentry","category-la-milagrosa-venezuela-fr"],"acf":[],"yoast_head":"<!-- This site is optimized with the Yoast SEO plugin v27.5 - https:\/\/yoast.com\/product\/yoast-seo-wordpress\/ -->\n<title>J\u2019avais faim et vous m\u2019avez donn\u00e9 \u00e0 manger - Filles de la Charit\u00e9<\/title>\n<meta name=\"robots\" content=\"index, follow, max-snippet:-1, max-image-preview:large, max-video-preview:-1\" \/>\n<link rel=\"canonical\" href=\"https:\/\/filles-de-la-charite.org\/fr\/javais-faim-et-vous-mavez-donne-a-manger\/\" \/>\n<meta property=\"og:locale\" content=\"fr_FR\" \/>\n<meta property=\"og:type\" content=\"article\" \/>\n<meta property=\"og:title\" content=\"J\u2019avais faim et vous m\u2019avez donn\u00e9 \u00e0 manger - Filles de la Charit\u00e9\" \/>\n<meta property=\"og:description\" content=\"En lien avec ce passage biblique, je veux vous partager la mission des Filles de la Charit\u00e9 de la Province de la Milagrosa-Bogot\u00e1-Venezuela, en ce temps de quarantaine et de pand\u00e9mie mondiale.\" \/>\n<meta property=\"og:url\" content=\"https:\/\/filles-de-la-charite.org\/fr\/javais-faim-et-vous-mavez-donne-a-manger\/\" \/>\n<meta property=\"og:site_name\" content=\"Filles de la Charit\u00e9\" \/>\n<meta property=\"article:published_time\" content=\"2020-04-30T19:48:25+00:00\" \/>\n<meta property=\"article:modified_time\" content=\"2024-03-17T17:45:22+00:00\" \/>\n<meta property=\"og:image\" content=\"https:\/\/filles-de-la-charite.org\/wp-content\/uploads\/2023\/06\/0430-LaMilagrosa-thmb.jpg\" \/>\n\t<meta property=\"og:image:width\" content=\"400\" \/>\n\t<meta property=\"og:image:height\" content=\"267\" \/>\n\t<meta property=\"og:image:type\" content=\"image\/jpeg\" \/>\n<meta name=\"author\" content=\"admin\" \/>\n<meta name=\"twitter:card\" content=\"summary_large_image\" \/>\n<meta name=\"twitter:label1\" content=\"\u00c9crit par\" \/>\n\t<meta name=\"twitter:data1\" content=\"admin\" \/>\n\t<meta name=\"twitter:label2\" content=\"Dur\u00e9e de lecture estim\u00e9e\" \/>\n\t<meta name=\"twitter:data2\" content=\"2 minutes\" \/>\n<script type=\"application\/ld+json\" class=\"yoast-schema-graph\">{\"@context\":\"https:\\\/\\\/schema.org\",\"@graph\":[{\"@type\":\"Article\",\"@id\":\"https:\\\/\\\/filles-de-la-charite.org\\\/fr\\\/javais-faim-et-vous-mavez-donne-a-manger\\\/#article\",\"isPartOf\":{\"@id\":\"https:\\\/\\\/filles-de-la-charite.org\\\/fr\\\/javais-faim-et-vous-mavez-donne-a-manger\\\/\"},\"author\":{\"name\":\"admin\",\"@id\":\"https:\\\/\\\/filles-de-la-charite.org\\\/fr\\\/#\\\/schema\\\/person\\\/427567b2eccfc2dd7d206da186a1f438\"},\"headline\":\"J\u2019avais faim et vous m\u2019avez donn\u00e9 \u00e0 manger\",\"datePublished\":\"2020-04-30T19:48:25+00:00\",\"dateModified\":\"2024-03-17T17:45:22+00:00\",\"mainEntityOfPage\":{\"@id\":\"https:\\\/\\\/filles-de-la-charite.org\\\/fr\\\/javais-faim-et-vous-mavez-donne-a-manger\\\/\"},\"wordCount\":408,\"publisher\":{\"@id\":\"https:\\\/\\\/filles-de-la-charite.org\\\/fr\\\/#organization\"},\"image\":{\"@id\":\"https:\\\/\\\/filles-de-la-charite.org\\\/fr\\\/javais-faim-et-vous-mavez-donne-a-manger\\\/#primaryimage\"},\"thumbnailUrl\":\"https:\\\/\\\/filles-de-la-charite.org\\\/wp-content\\\/uploads\\\/2023\\\/06\\\/0430-LaMilagrosa-thmb.jpg\",\"articleSection\":[\"La Milagrosa - Venezuela\"],\"inLanguage\":\"fr-FR\"},{\"@type\":\"WebPage\",\"@id\":\"https:\\\/\\\/filles-de-la-charite.org\\\/fr\\\/javais-faim-et-vous-mavez-donne-a-manger\\\/\",\"url\":\"https:\\\/\\\/filles-de-la-charite.org\\\/fr\\\/javais-faim-et-vous-mavez-donne-a-manger\\\/\",\"name\":\"J\u2019avais faim et vous m\u2019avez donn\u00e9 \u00e0 manger - Filles de la Charit\u00e9\",\"isPartOf\":{\"@id\":\"https:\\\/\\\/filles-de-la-charite.org\\\/fr\\\/#website\"},\"primaryImageOfPage\":{\"@id\":\"https:\\\/\\\/filles-de-la-charite.org\\\/fr\\\/javais-faim-et-vous-mavez-donne-a-manger\\\/#primaryimage\"},\"image\":{\"@id\":\"https:\\\/\\\/filles-de-la-charite.org\\\/fr\\\/javais-faim-et-vous-mavez-donne-a-manger\\\/#primaryimage\"},\"thumbnailUrl\":\"https:\\\/\\\/filles-de-la-charite.org\\\/wp-content\\\/uploads\\\/2023\\\/06\\\/0430-LaMilagrosa-thmb.jpg\",\"datePublished\":\"2020-04-30T19:48:25+00:00\",\"dateModified\":\"2024-03-17T17:45:22+00:00\",\"breadcrumb\":{\"@id\":\"https:\\\/\\\/filles-de-la-charite.org\\\/fr\\\/javais-faim-et-vous-mavez-donne-a-manger\\\/#breadcrumb\"},\"inLanguage\":\"fr-FR\",\"potentialAction\":[{\"@type\":\"ReadAction\",\"target\":[\"https:\\\/\\\/filles-de-la-charite.org\\\/fr\\\/javais-faim-et-vous-mavez-donne-a-manger\\\/\"]}]},{\"@type\":\"ImageObject\",\"inLanguage\":\"fr-FR\",\"@id\":\"https:\\\/\\\/filles-de-la-charite.org\\\/fr\\\/javais-faim-et-vous-mavez-donne-a-manger\\\/#primaryimage\",\"url\":\"https:\\\/\\\/filles-de-la-charite.org\\\/wp-content\\\/uploads\\\/2023\\\/06\\\/0430-LaMilagrosa-thmb.jpg\",\"contentUrl\":\"https:\\\/\\\/filles-de-la-charite.org\\\/wp-content\\\/uploads\\\/2023\\\/06\\\/0430-LaMilagrosa-thmb.jpg\",\"width\":400,\"height\":267},{\"@type\":\"BreadcrumbList\",\"@id\":\"https:\\\/\\\/filles-de-la-charite.org\\\/fr\\\/javais-faim-et-vous-mavez-donne-a-manger\\\/#breadcrumb\",\"itemListElement\":[{\"@type\":\"ListItem\",\"position\":1,\"name\":\"La Milagrosa - Venezuela\",\"item\":\"https:\\\/\\\/filles-de-la-charite.org\\\/fr\\\/category\\\/la-milagrosa-venezuela-fr\\\/\"},{\"@type\":\"ListItem\",\"position\":2,\"name\":\"J\u2019avais faim et vous m\u2019avez donn\u00e9 \u00e0 manger\"}]},{\"@type\":\"WebSite\",\"@id\":\"https:\\\/\\\/filles-de-la-charite.org\\\/fr\\\/#website\",\"url\":\"https:\\\/\\\/filles-de-la-charite.org\\\/fr\\\/\",\"name\":\"Hijas de la Caridad\",\"description\":\"L\u2019amour de J\u00e9sus nous presse \u00e0 prendre soin des personnes les plus d\u00e9munies\",\"publisher\":{\"@id\":\"https:\\\/\\\/filles-de-la-charite.org\\\/fr\\\/#organization\"},\"potentialAction\":[{\"@type\":\"SearchAction\",\"target\":{\"@type\":\"EntryPoint\",\"urlTemplate\":\"https:\\\/\\\/filles-de-la-charite.org\\\/fr\\\/?s={search_term_string}\"},\"query-input\":{\"@type\":\"PropertyValueSpecification\",\"valueRequired\":true,\"valueName\":\"search_term_string\"}}],\"inLanguage\":\"fr-FR\"},{\"@type\":\"Organization\",\"@id\":\"https:\\\/\\\/filles-de-la-charite.org\\\/fr\\\/#organization\",\"name\":\"Hijas de la Caridad\",\"url\":\"https:\\\/\\\/filles-de-la-charite.org\\\/fr\\\/\",\"logo\":{\"@type\":\"ImageObject\",\"inLanguage\":\"fr-FR\",\"@id\":\"https:\\\/\\\/filles-de-la-charite.org\\\/fr\\\/#\\\/schema\\\/logo\\\/image\\\/\",\"url\":\"https:\\\/\\\/filles-de-la-charite.org\\\/wp-content\\\/uploads\\\/2023\\\/03\\\/isotipo-Hijas-de-la-Caridad.png\",\"contentUrl\":\"https:\\\/\\\/filles-de-la-charite.org\\\/wp-content\\\/uploads\\\/2023\\\/03\\\/isotipo-Hijas-de-la-Caridad.png\",\"width\":1417,\"height\":1417,\"caption\":\"Hijas de la Caridad\"},\"image\":{\"@id\":\"https:\\\/\\\/filles-de-la-charite.org\\\/fr\\\/#\\\/schema\\\/logo\\\/image\\\/\"}},{\"@type\":\"Person\",\"@id\":\"https:\\\/\\\/filles-de-la-charite.org\\\/fr\\\/#\\\/schema\\\/person\\\/427567b2eccfc2dd7d206da186a1f438\",\"name\":\"admin\",\"image\":{\"@type\":\"ImageObject\",\"inLanguage\":\"fr-FR\",\"@id\":\"https:\\\/\\\/secure.gravatar.com\\\/avatar\\\/948b492cce32b586ac2db0eaa926ee87024f7afe218d73b397ea5ddfc5f43ea1?s=96&d=mm&r=g\",\"url\":\"https:\\\/\\\/secure.gravatar.com\\\/avatar\\\/948b492cce32b586ac2db0eaa926ee87024f7afe218d73b397ea5ddfc5f43ea1?s=96&d=mm&r=g\",\"contentUrl\":\"https:\\\/\\\/secure.gravatar.com\\\/avatar\\\/948b492cce32b586ac2db0eaa926ee87024f7afe218d73b397ea5ddfc5f43ea1?s=96&d=mm&r=g\",\"caption\":\"admin\"},\"sameAs\":[\"https:\\\/\\\/filles-de-la-charite.org\"],\"url\":\"https:\\\/\\\/filles-de-la-charite.org\\\/fr\\\/author\\\/caridad\\\/\"}]}<\/script>\n<!-- \/ Yoast SEO plugin. -->","yoast_head_json":{"title":"J\u2019avais faim et vous m\u2019avez donn\u00e9 \u00e0 manger - Filles de la Charit\u00e9","robots":{"index":"index","follow":"follow","max-snippet":"max-snippet:-1","max-image-preview":"max-image-preview:large","max-video-preview":"max-video-preview:-1"},"canonical":"https:\/\/filles-de-la-charite.org\/fr\/javais-faim-et-vous-mavez-donne-a-manger\/","og_locale":"fr_FR","og_type":"article","og_title":"J\u2019avais faim et vous m\u2019avez donn\u00e9 \u00e0 manger - Filles de la Charit\u00e9","og_description":"En lien avec ce passage biblique, je veux vous partager la mission des Filles de la Charit\u00e9 de la Province de la Milagrosa-Bogot\u00e1-Venezuela, en ce temps de quarantaine et de pand\u00e9mie mondiale.","og_url":"https:\/\/filles-de-la-charite.org\/fr\/javais-faim-et-vous-mavez-donne-a-manger\/","og_site_name":"Filles de la Charit\u00e9","article_published_time":"2020-04-30T19:48:25+00:00","article_modified_time":"2024-03-17T17:45:22+00:00","og_image":[{"width":400,"height":267,"url":"https:\/\/filles-de-la-charite.org\/wp-content\/uploads\/2023\/06\/0430-LaMilagrosa-thmb.jpg","type":"image\/jpeg"}],"author":"admin","twitter_card":"summary_large_image","twitter_misc":{"\u00c9crit par":"admin","Dur\u00e9e de lecture estim\u00e9e":"2 minutes"},"schema":{"@context":"https:\/\/schema.org","@graph":[{"@type":"Article","@id":"https:\/\/filles-de-la-charite.org\/fr\/javais-faim-et-vous-mavez-donne-a-manger\/#article","isPartOf":{"@id":"https:\/\/filles-de-la-charite.org\/fr\/javais-faim-et-vous-mavez-donne-a-manger\/"},"author":{"name":"admin","@id":"https:\/\/filles-de-la-charite.org\/fr\/#\/schema\/person\/427567b2eccfc2dd7d206da186a1f438"},"headline":"J\u2019avais faim et vous m\u2019avez donn\u00e9 \u00e0 manger","datePublished":"2020-04-30T19:48:25+00:00","dateModified":"2024-03-17T17:45:22+00:00","mainEntityOfPage":{"@id":"https:\/\/filles-de-la-charite.org\/fr\/javais-faim-et-vous-mavez-donne-a-manger\/"},"wordCount":408,"publisher":{"@id":"https:\/\/filles-de-la-charite.org\/fr\/#organization"},"image":{"@id":"https:\/\/filles-de-la-charite.org\/fr\/javais-faim-et-vous-mavez-donne-a-manger\/#primaryimage"},"thumbnailUrl":"https:\/\/filles-de-la-charite.org\/wp-content\/uploads\/2023\/06\/0430-LaMilagrosa-thmb.jpg","articleSection":["La Milagrosa - Venezuela"],"inLanguage":"fr-FR"},{"@type":"WebPage","@id":"https:\/\/filles-de-la-charite.org\/fr\/javais-faim-et-vous-mavez-donne-a-manger\/","url":"https:\/\/filles-de-la-charite.org\/fr\/javais-faim-et-vous-mavez-donne-a-manger\/","name":"J\u2019avais faim et vous m\u2019avez donn\u00e9 \u00e0 manger - Filles de la Charit\u00e9","isPartOf":{"@id":"https:\/\/filles-de-la-charite.org\/fr\/#website"},"primaryImageOfPage":{"@id":"https:\/\/filles-de-la-charite.org\/fr\/javais-faim-et-vous-mavez-donne-a-manger\/#primaryimage"},"image":{"@id":"https:\/\/filles-de-la-charite.org\/fr\/javais-faim-et-vous-mavez-donne-a-manger\/#primaryimage"},"thumbnailUrl":"https:\/\/filles-de-la-charite.org\/wp-content\/uploads\/2023\/06\/0430-LaMilagrosa-thmb.jpg","datePublished":"2020-04-30T19:48:25+00:00","dateModified":"2024-03-17T17:45:22+00:00","breadcrumb":{"@id":"https:\/\/filles-de-la-charite.org\/fr\/javais-faim-et-vous-mavez-donne-a-manger\/#breadcrumb"},"inLanguage":"fr-FR","potentialAction":[{"@type":"ReadAction","target":["https:\/\/filles-de-la-charite.org\/fr\/javais-faim-et-vous-mavez-donne-a-manger\/"]}]},{"@type":"ImageObject","inLanguage":"fr-FR","@id":"https:\/\/filles-de-la-charite.org\/fr\/javais-faim-et-vous-mavez-donne-a-manger\/#primaryimage","url":"https:\/\/filles-de-la-charite.org\/wp-content\/uploads\/2023\/06\/0430-LaMilagrosa-thmb.jpg","contentUrl":"https:\/\/filles-de-la-charite.org\/wp-content\/uploads\/2023\/06\/0430-LaMilagrosa-thmb.jpg","width":400,"height":267},{"@type":"BreadcrumbList","@id":"https:\/\/filles-de-la-charite.org\/fr\/javais-faim-et-vous-mavez-donne-a-manger\/#breadcrumb","itemListElement":[{"@type":"ListItem","position":1,"name":"La Milagrosa - Venezuela","item":"https:\/\/filles-de-la-charite.org\/fr\/category\/la-milagrosa-venezuela-fr\/"},{"@type":"ListItem","position":2,"name":"J\u2019avais faim et vous m\u2019avez donn\u00e9 \u00e0 manger"}]},{"@type":"WebSite","@id":"https:\/\/filles-de-la-charite.org\/fr\/#website","url":"https:\/\/filles-de-la-charite.org\/fr\/","name":"Hijas de la Caridad","description":"L\u2019amour de J\u00e9sus nous presse \u00e0 prendre soin des personnes les plus d\u00e9munies","publisher":{"@id":"https:\/\/filles-de-la-charite.org\/fr\/#organization"},"potentialAction":[{"@type":"SearchAction","target":{"@type":"EntryPoint","urlTemplate":"https:\/\/filles-de-la-charite.org\/fr\/?s={search_term_string}"},"query-input":{"@type":"PropertyValueSpecification","valueRequired":true,"valueName":"search_term_string"}}],"inLanguage":"fr-FR"},{"@type":"Organization","@id":"https:\/\/filles-de-la-charite.org\/fr\/#organization","name":"Hijas de la Caridad","url":"https:\/\/filles-de-la-charite.org\/fr\/","logo":{"@type":"ImageObject","inLanguage":"fr-FR","@id":"https:\/\/filles-de-la-charite.org\/fr\/#\/schema\/logo\/image\/","url":"https:\/\/filles-de-la-charite.org\/wp-content\/uploads\/2023\/03\/isotipo-Hijas-de-la-Caridad.png","contentUrl":"https:\/\/filles-de-la-charite.org\/wp-content\/uploads\/2023\/03\/isotipo-Hijas-de-la-Caridad.png","width":1417,"height":1417,"caption":"Hijas de la Caridad"},"image":{"@id":"https:\/\/filles-de-la-charite.org\/fr\/#\/schema\/logo\/image\/"}},{"@type":"Person","@id":"https:\/\/filles-de-la-charite.org\/fr\/#\/schema\/person\/427567b2eccfc2dd7d206da186a1f438","name":"admin","image":{"@type":"ImageObject","inLanguage":"fr-FR","@id":"https:\/\/secure.gravatar.com\/avatar\/948b492cce32b586ac2db0eaa926ee87024f7afe218d73b397ea5ddfc5f43ea1?s=96&d=mm&r=g","url":"https:\/\/secure.gravatar.com\/avatar\/948b492cce32b586ac2db0eaa926ee87024f7afe218d73b397ea5ddfc5f43ea1?s=96&d=mm&r=g","contentUrl":"https:\/\/secure.gravatar.com\/avatar\/948b492cce32b586ac2db0eaa926ee87024f7afe218d73b397ea5ddfc5f43ea1?s=96&d=mm&r=g","caption":"admin"},"sameAs":["https:\/\/filles-de-la-charite.org"],"url":"https:\/\/filles-de-la-charite.org\/fr\/author\/caridad\/"}]}},"_links":{"self":[{"href":"https:\/\/filles-de-la-charite.org\/fr\/wp-json\/wp\/v2\/posts\/21722","targetHints":{"allow":["GET"]}}],"collection":[{"href":"https:\/\/filles-de-la-charite.org\/fr\/wp-json\/wp\/v2\/posts"}],"about":[{"href":"https:\/\/filles-de-la-charite.org\/fr\/wp-json\/wp\/v2\/types\/post"}],"author":[{"embeddable":true,"href":"https:\/\/filles-de-la-charite.org\/fr\/wp-json\/wp\/v2\/users\/1"}],"replies":[{"embeddable":true,"href":"https:\/\/filles-de-la-charite.org\/fr\/wp-json\/wp\/v2\/comments?post=21722"}],"version-history":[{"count":1,"href":"https:\/\/filles-de-la-charite.org\/fr\/wp-json\/wp\/v2\/posts\/21722\/revisions"}],"predecessor-version":[{"id":21723,"href":"https:\/\/filles-de-la-charite.org\/fr\/wp-json\/wp\/v2\/posts\/21722\/revisions\/21723"}],"wp:featuredmedia":[{"embeddable":true,"href":"https:\/\/filles-de-la-charite.org\/fr\/wp-json\/wp\/v2\/media\/14714"}],"wp:attachment":[{"href":"https:\/\/filles-de-la-charite.org\/fr\/wp-json\/wp\/v2\/media?parent=21722"}],"wp:term":[{"taxonomy":"category","embeddable":true,"href":"https:\/\/filles-de-la-charite.org\/fr\/wp-json\/wp\/v2\/categories?post=21722"},{"taxonomy":"post_tag","embeddable":true,"href":"https:\/\/filles-de-la-charite.org\/fr\/wp-json\/wp\/v2\/tags?post=21722"}],"curies":[{"name":"wp","href":"https:\/\/api.w.org\/{rel}","templated":true}]}}