{"id":22265,"date":"2020-05-17T21:38:03","date_gmt":"2020-05-17T19:38:03","guid":{"rendered":"https:\/\/hijascaridad.sjdigitaldemo.ovh\/un-temps-pour-se-rappeler-et-mettre-en-oeuvre-laudato-si-en-ce-5e-anniversaire\/"},"modified":"2024-03-17T18:22:32","modified_gmt":"2024-03-17T17:22:32","slug":"un-temps-pour-se-rappeler-et-mettre-en-oeuvre-laudato-si-en-ce-5e-anniversaire","status":"publish","type":"post","link":"https:\/\/filles-de-la-charite.org\/fr\/un-temps-pour-se-rappeler-et-mettre-en-oeuvre-laudato-si-en-ce-5e-anniversaire\/","title":{"rendered":"Un temps pour se rappeler et mettre en \u0153uvre \u00ab\u00a0laudato si\u00a0\u00bb \u2013en ce 5e anniversaire"},"content":{"rendered":"\n<p><p style=\"text-align: justify;\"><b><span style=\"color: #929292;\"><img loading=\"lazy\" decoding=\"async\" class=\"alignleft size-full wp-image-40904\" src=\"https:\/\/filles-de-la-charite.org\/wp-content\/uploads\/2023\/06\/0517-LaudatoSi-thmb.jpg\" alt=\"\" width=\"300\" height=\"200\">[Province d\u2019Irlande]&nbsp;<\/span><\/b>La terre, notre maison commune, souffre. Souvent l\u2019usage abusif par manque de respect et d\u2019attention, nous a pouss\u00e9 \u00e0 chercher des profits au lieu de prendre soin de la terre de Dieu, notre cadeau le plus pr\u00e9cieux. Nous avons vu l\u2019\u00e9vidence, dans les propos du Pape Fran\u00e7ois, que notre maison commune, <em>\u00ab semble se transformer toujours davantage en un immense d\u00e9potoir&nbsp;\u00bb <\/em>(LS 21). Le 24 mai de cette ann\u00e9e, ce sera le cinqui\u00e8me anniversaire de la publication de Laudato Si\u2019.<!--more--> Cette encyclique a contribu\u00e9 consid\u00e9rablement \u00e0 l\u2019enseignement social de l\u2019Eglise sur \u00ab&nbsp;prendre soin de notre maison commune&nbsp;\u00bb. Jeffery Sachs l\u2019a appel\u00e9 un \u00ab&nbsp;un grand cadeau opportun pour l\u2019humanit\u00e9&nbsp;\u00bb <em>(<\/em><em>Sachs, Jeffery D, in America Magazine 06.07.2015)<\/em>et le Pape Fran\u00e7ois a demand\u00e9 une r\u00e9ponse rapide et globale. Malheureusement, notre r\u00e9ponse durant ces cinq derni\u00e8res ann\u00e9es n\u2019a pas \u00e9t\u00e9 rapide ni globalis\u00e9e. Certainement, dor\u00e9navant, lorsque nous faisons face aux restrictions impos\u00e9es par le COVID-19 et les diff\u00e9rents rappels que nous pouvons esp\u00e9rer un monde tr\u00e8s diff\u00e9rent, est une opportunit\u00e9 pour \u00ab&nbsp;rechercher un nouveau commencement&nbsp;\u00bb et renforcer la culture du soin de la terre. Cela supposera surtout de r\u00e9pondre aux cris des personnes qui luttent contre la pauvret\u00e9 en raison de l\u2019\u00e9conomie globale.<\/p>\n<p style=\"text-align: justify;\">Laudato Si\u2019 est une longue lecture mais enrichissante. La premi\u00e8re partie d\u00e9crit comment et pourquoi notre terre, et la majorit\u00e9 de sa population souffrent. Son contenu est soutenu par la science moderne, ce qui donne de la cr\u00e9dibilit\u00e9 au d\u00e9bat. Apr\u00e8s avoir d\u00e9crit la souffrance de \u00ab&nbsp;notre maison commune&nbsp;\u00bb, le Pape nous encourage \u00e0 reconnaitre et \u00e0 assumer la responsabilit\u00e9 par notre implication dans la cause de cette souffrance. En conclusion, l\u2019encyclique pr\u00e9sente \u00ab&nbsp;l\u2019\u00e9cologie int\u00e9grale&nbsp;\u00bb (225) comme une mani\u00e8re de souligner la place unique des humains dans la cr\u00e9ation. En \u00e9tant \u00e0 cette place unique, le Pape Fran\u00e7ois nous met au d\u00e9fi de renouveler notre style de vie en harmonie avec Dieu, nos semblables et la nature.<\/p>\n<p style=\"text-align: justify;\">Ce temps de \u00ab&nbsp;distanciation sociale&nbsp;\u00bb nous offre une grande opportunit\u00e9 de c\u00e9l\u00e9brer l\u2019anniversaire du document et \u00ab&nbsp;chercher un nouveau commencement&nbsp;\u00bb en adoptant quelques habitudes sugg\u00e9r\u00e9es par le Pape Fran\u00e7ois. Ces suggestions concernent la mani\u00e8re d\u2019acqu\u00e9rir la paix int\u00e9rieure (227) et de revivre la pratique de \u00ab&nbsp;prier la b\u00e9n\u00e9diction avant les repas&nbsp;\u00bb (227) comme une fa\u00e7on d\u2019\u00eatre davantage conscients que le repas est un don de Dieu. Au paragraphe 206, il nous est rappel\u00e9 que &nbsp;\u00ab acheter est non seulement un acte \u00e9conomique mais toujours aussi un acte moral \u00bb et que \u00ab&nbsp;<em>moins est plus<\/em>&nbsp;\u00bb, une valeur appr\u00e9ci\u00e9e dans beaucoup de traditions religieuses (222). Les paragraphes 228 et 231 offrent un excellent d\u00e9bat sur l\u2019amour fraternel et social. Les th\u00e8mes abord\u00e9s ici sont simplement destin\u00e9s \u00e0 ouvrir l\u2019app\u00e9tit et \u00e0 donner une id\u00e9e des nombreux aspects explor\u00e9s dans Laudato Si\u2019. C\u2019est peut-\u00eatre, un des documents les plus accessibles et pratiques du Vatican. Les guides et les \u00e9tudes de l\u2019encyclique, disponibles sur internet, confirment que c\u2019est une des lectures les plus encourageantes et illustratives.&nbsp; A utiliser&nbsp;!<\/p>\n<p style=\"text-align: justify;\"><em>S\u0153ur Anna Byrne, Fille de la Charit\u00e9, Aum\u00f4nier au coll\u00e8ge de St. Louise\u2019s Comprehensive, Belfast. S\u0153ur Anna voit ce temps qui nous est donn\u00e9 de vivre comme une opportunit\u00e9 pour garantir que Laudato Si\u2019 soit repris et mis en pratique.<\/em><\/p><\/p>\n","protected":false},"excerpt":{"rendered":"<p>[Province d\u2019Irlande]&nbsp;La terre, notre maison commune, souffre. Souvent l\u2019usage abusif par manque de respect et d\u2019attention, nous a pouss\u00e9 \u00e0 chercher des profits au lieu de prendre soin de la terre de Dieu, notre cadeau le plus pr\u00e9cieux. Nous avons vu l\u2019\u00e9vidence, dans les propos du Pape Fran\u00e7ois, que notre maison commune, \u00ab semble se [&hellip;]<\/p>\n","protected":false},"author":7,"featured_media":14728,"comment_status":"closed","ping_status":"closed","sticky":false,"template":"","format":"standard","meta":{"_acf_changed":false,"footnotes":"","_links_to":"","_links_to_target":""},"categories":[608],"tags":[],"class_list":["post-22265","post","type-post","status-publish","format-standard","has-post-thumbnail","hentry","category-irlande-fr"],"acf":[],"yoast_head":"<!-- This site is optimized with the Yoast SEO plugin v27.5 - https:\/\/yoast.com\/product\/yoast-seo-wordpress\/ -->\n<title>Un temps pour se rappeler et mettre en \u0153uvre &quot;laudato si&quot; \u2013en ce 5e anniversaire - Filles de la Charit\u00e9<\/title>\n<meta name=\"robots\" content=\"index, follow, max-snippet:-1, max-image-preview:large, max-video-preview:-1\" \/>\n<link rel=\"canonical\" href=\"https:\/\/filles-de-la-charite.org\/fr\/un-temps-pour-se-rappeler-et-mettre-en-oeuvre-laudato-si-en-ce-5e-anniversaire\/\" \/>\n<meta property=\"og:locale\" content=\"fr_FR\" \/>\n<meta property=\"og:type\" content=\"article\" \/>\n<meta property=\"og:title\" content=\"Un temps pour se rappeler et mettre en \u0153uvre &quot;laudato si&quot; \u2013en ce 5e anniversaire - Filles de la Charit\u00e9\" \/>\n<meta property=\"og:description\" content=\"[Province d\u2019Irlande]&nbsp;La terre, notre maison commune, souffre. Souvent l\u2019usage abusif par manque de respect et d\u2019attention, nous a pouss\u00e9 \u00e0 chercher des profits au lieu de prendre soin de la terre de Dieu, notre cadeau le plus pr\u00e9cieux. Nous avons vu l\u2019\u00e9vidence, dans les propos du Pape Fran\u00e7ois, que notre maison commune, \u00ab semble se [&hellip;]\" \/>\n<meta property=\"og:url\" content=\"https:\/\/filles-de-la-charite.org\/fr\/un-temps-pour-se-rappeler-et-mettre-en-oeuvre-laudato-si-en-ce-5e-anniversaire\/\" \/>\n<meta property=\"og:site_name\" content=\"Filles de la Charit\u00e9\" \/>\n<meta property=\"article:published_time\" content=\"2020-05-17T19:38:03+00:00\" \/>\n<meta property=\"article:modified_time\" content=\"2024-03-17T17:22:32+00:00\" \/>\n<meta property=\"og:image\" content=\"https:\/\/filles-de-la-charite.org\/wp-content\/uploads\/2023\/06\/0517-LaudatoSi-FTD.jpg\" \/>\n\t<meta property=\"og:image:width\" content=\"1201\" \/>\n\t<meta property=\"og:image:height\" content=\"630\" \/>\n\t<meta property=\"og:image:type\" content=\"image\/jpeg\" \/>\n<meta name=\"author\" content=\"Irm\u00e3 Irene\" \/>\n<meta name=\"twitter:card\" content=\"summary_large_image\" \/>\n<meta name=\"twitter:label1\" content=\"\u00c9crit par\" \/>\n\t<meta name=\"twitter:data1\" content=\"Irm\u00e3 Irene\" \/>\n\t<meta name=\"twitter:label2\" content=\"Dur\u00e9e de lecture estim\u00e9e\" \/>\n\t<meta name=\"twitter:data2\" content=\"3 minutes\" \/>\n<script type=\"application\/ld+json\" class=\"yoast-schema-graph\">{\"@context\":\"https:\\\/\\\/schema.org\",\"@graph\":[{\"@type\":\"Article\",\"@id\":\"https:\\\/\\\/filles-de-la-charite.org\\\/fr\\\/un-temps-pour-se-rappeler-et-mettre-en-oeuvre-laudato-si-en-ce-5e-anniversaire\\\/#article\",\"isPartOf\":{\"@id\":\"https:\\\/\\\/filles-de-la-charite.org\\\/fr\\\/un-temps-pour-se-rappeler-et-mettre-en-oeuvre-laudato-si-en-ce-5e-anniversaire\\\/\"},\"author\":{\"name\":\"Irm\u00e3 Irene\",\"@id\":\"https:\\\/\\\/filles-de-la-charite.org\\\/fr\\\/#\\\/schema\\\/person\\\/b9ee6b14977b198aa253d23113605d03\"},\"headline\":\"Un temps pour se rappeler et mettre en \u0153uvre \u00ab\u00a0laudato si\u00a0\u00bb \u2013en ce 5e anniversaire\",\"datePublished\":\"2020-05-17T19:38:03+00:00\",\"dateModified\":\"2024-03-17T17:22:32+00:00\",\"mainEntityOfPage\":{\"@id\":\"https:\\\/\\\/filles-de-la-charite.org\\\/fr\\\/un-temps-pour-se-rappeler-et-mettre-en-oeuvre-laudato-si-en-ce-5e-anniversaire\\\/\"},\"wordCount\":628,\"publisher\":{\"@id\":\"https:\\\/\\\/filles-de-la-charite.org\\\/fr\\\/#organization\"},\"image\":{\"@id\":\"https:\\\/\\\/filles-de-la-charite.org\\\/fr\\\/un-temps-pour-se-rappeler-et-mettre-en-oeuvre-laudato-si-en-ce-5e-anniversaire\\\/#primaryimage\"},\"thumbnailUrl\":\"https:\\\/\\\/filles-de-la-charite.org\\\/wp-content\\\/uploads\\\/2023\\\/06\\\/0517-LaudatoSi-FTD.jpg\",\"articleSection\":[\"Irlande\"],\"inLanguage\":\"fr-FR\"},{\"@type\":\"WebPage\",\"@id\":\"https:\\\/\\\/filles-de-la-charite.org\\\/fr\\\/un-temps-pour-se-rappeler-et-mettre-en-oeuvre-laudato-si-en-ce-5e-anniversaire\\\/\",\"url\":\"https:\\\/\\\/filles-de-la-charite.org\\\/fr\\\/un-temps-pour-se-rappeler-et-mettre-en-oeuvre-laudato-si-en-ce-5e-anniversaire\\\/\",\"name\":\"Un temps pour se rappeler et mettre en \u0153uvre \\\"laudato si\\\" \u2013en ce 5e anniversaire - Filles de la Charit\u00e9\",\"isPartOf\":{\"@id\":\"https:\\\/\\\/filles-de-la-charite.org\\\/fr\\\/#website\"},\"primaryImageOfPage\":{\"@id\":\"https:\\\/\\\/filles-de-la-charite.org\\\/fr\\\/un-temps-pour-se-rappeler-et-mettre-en-oeuvre-laudato-si-en-ce-5e-anniversaire\\\/#primaryimage\"},\"image\":{\"@id\":\"https:\\\/\\\/filles-de-la-charite.org\\\/fr\\\/un-temps-pour-se-rappeler-et-mettre-en-oeuvre-laudato-si-en-ce-5e-anniversaire\\\/#primaryimage\"},\"thumbnailUrl\":\"https:\\\/\\\/filles-de-la-charite.org\\\/wp-content\\\/uploads\\\/2023\\\/06\\\/0517-LaudatoSi-FTD.jpg\",\"datePublished\":\"2020-05-17T19:38:03+00:00\",\"dateModified\":\"2024-03-17T17:22:32+00:00\",\"breadcrumb\":{\"@id\":\"https:\\\/\\\/filles-de-la-charite.org\\\/fr\\\/un-temps-pour-se-rappeler-et-mettre-en-oeuvre-laudato-si-en-ce-5e-anniversaire\\\/#breadcrumb\"},\"inLanguage\":\"fr-FR\",\"potentialAction\":[{\"@type\":\"ReadAction\",\"target\":[\"https:\\\/\\\/filles-de-la-charite.org\\\/fr\\\/un-temps-pour-se-rappeler-et-mettre-en-oeuvre-laudato-si-en-ce-5e-anniversaire\\\/\"]}]},{\"@type\":\"ImageObject\",\"inLanguage\":\"fr-FR\",\"@id\":\"https:\\\/\\\/filles-de-la-charite.org\\\/fr\\\/un-temps-pour-se-rappeler-et-mettre-en-oeuvre-laudato-si-en-ce-5e-anniversaire\\\/#primaryimage\",\"url\":\"https:\\\/\\\/filles-de-la-charite.org\\\/wp-content\\\/uploads\\\/2023\\\/06\\\/0517-LaudatoSi-FTD.jpg\",\"contentUrl\":\"https:\\\/\\\/filles-de-la-charite.org\\\/wp-content\\\/uploads\\\/2023\\\/06\\\/0517-LaudatoSi-FTD.jpg\",\"width\":1201,\"height\":630},{\"@type\":\"BreadcrumbList\",\"@id\":\"https:\\\/\\\/filles-de-la-charite.org\\\/fr\\\/un-temps-pour-se-rappeler-et-mettre-en-oeuvre-laudato-si-en-ce-5e-anniversaire\\\/#breadcrumb\",\"itemListElement\":[{\"@type\":\"ListItem\",\"position\":1,\"name\":\"Espa\u00f1a-Norte\",\"item\":\"https:\\\/\\\/filles-de-la-charite.org\\\/fr\\\/category\\\/espana-norte-fr\\\/\"},{\"@type\":\"ListItem\",\"position\":2,\"name\":\"Un temps pour se rappeler et mettre en \u0153uvre \u00ablaudato si\u00bb \u2013en ce 5e anniversaire\"}]},{\"@type\":\"WebSite\",\"@id\":\"https:\\\/\\\/filles-de-la-charite.org\\\/fr\\\/#website\",\"url\":\"https:\\\/\\\/filles-de-la-charite.org\\\/fr\\\/\",\"name\":\"Hijas de la Caridad\",\"description\":\"L\u2019amour de J\u00e9sus nous presse \u00e0 prendre soin des personnes les plus d\u00e9munies\",\"publisher\":{\"@id\":\"https:\\\/\\\/filles-de-la-charite.org\\\/fr\\\/#organization\"},\"potentialAction\":[{\"@type\":\"SearchAction\",\"target\":{\"@type\":\"EntryPoint\",\"urlTemplate\":\"https:\\\/\\\/filles-de-la-charite.org\\\/fr\\\/?s={search_term_string}\"},\"query-input\":{\"@type\":\"PropertyValueSpecification\",\"valueRequired\":true,\"valueName\":\"search_term_string\"}}],\"inLanguage\":\"fr-FR\"},{\"@type\":\"Organization\",\"@id\":\"https:\\\/\\\/filles-de-la-charite.org\\\/fr\\\/#organization\",\"name\":\"Hijas de la Caridad\",\"url\":\"https:\\\/\\\/filles-de-la-charite.org\\\/fr\\\/\",\"logo\":{\"@type\":\"ImageObject\",\"inLanguage\":\"fr-FR\",\"@id\":\"https:\\\/\\\/filles-de-la-charite.org\\\/fr\\\/#\\\/schema\\\/logo\\\/image\\\/\",\"url\":\"https:\\\/\\\/filles-de-la-charite.org\\\/wp-content\\\/uploads\\\/2023\\\/03\\\/isotipo-Hijas-de-la-Caridad.png\",\"contentUrl\":\"https:\\\/\\\/filles-de-la-charite.org\\\/wp-content\\\/uploads\\\/2023\\\/03\\\/isotipo-Hijas-de-la-Caridad.png\",\"width\":1417,\"height\":1417,\"caption\":\"Hijas de la Caridad\"},\"image\":{\"@id\":\"https:\\\/\\\/filles-de-la-charite.org\\\/fr\\\/#\\\/schema\\\/logo\\\/image\\\/\"}},{\"@type\":\"Person\",\"@id\":\"https:\\\/\\\/filles-de-la-charite.org\\\/fr\\\/#\\\/schema\\\/person\\\/b9ee6b14977b198aa253d23113605d03\",\"name\":\"Irm\u00e3 Irene\",\"image\":{\"@type\":\"ImageObject\",\"inLanguage\":\"fr-FR\",\"@id\":\"https:\\\/\\\/secure.gravatar.com\\\/avatar\\\/653c6d32ef8f1b732cb3936f9436bb7e8d5fff863fbdfed67114bc4eb77a34b0?s=96&d=mm&r=g\",\"url\":\"https:\\\/\\\/secure.gravatar.com\\\/avatar\\\/653c6d32ef8f1b732cb3936f9436bb7e8d5fff863fbdfed67114bc4eb77a34b0?s=96&d=mm&r=g\",\"contentUrl\":\"https:\\\/\\\/secure.gravatar.com\\\/avatar\\\/653c6d32ef8f1b732cb3936f9436bb7e8d5fff863fbdfed67114bc4eb77a34b0?s=96&d=mm&r=g\",\"caption\":\"Irm\u00e3 Irene\"},\"url\":\"https:\\\/\\\/filles-de-la-charite.org\\\/fr\\\/author\\\/irene\\\/\"}]}<\/script>\n<!-- \/ Yoast SEO plugin. -->","yoast_head_json":{"title":"Un temps pour se rappeler et mettre en \u0153uvre \"laudato si\" \u2013en ce 5e anniversaire - Filles de la Charit\u00e9","robots":{"index":"index","follow":"follow","max-snippet":"max-snippet:-1","max-image-preview":"max-image-preview:large","max-video-preview":"max-video-preview:-1"},"canonical":"https:\/\/filles-de-la-charite.org\/fr\/un-temps-pour-se-rappeler-et-mettre-en-oeuvre-laudato-si-en-ce-5e-anniversaire\/","og_locale":"fr_FR","og_type":"article","og_title":"Un temps pour se rappeler et mettre en \u0153uvre \"laudato si\" \u2013en ce 5e anniversaire - Filles de la Charit\u00e9","og_description":"[Province d\u2019Irlande]&nbsp;La terre, notre maison commune, souffre. Souvent l\u2019usage abusif par manque de respect et d\u2019attention, nous a pouss\u00e9 \u00e0 chercher des profits au lieu de prendre soin de la terre de Dieu, notre cadeau le plus pr\u00e9cieux. Nous avons vu l\u2019\u00e9vidence, dans les propos du Pape Fran\u00e7ois, que notre maison commune, \u00ab semble se [&hellip;]","og_url":"https:\/\/filles-de-la-charite.org\/fr\/un-temps-pour-se-rappeler-et-mettre-en-oeuvre-laudato-si-en-ce-5e-anniversaire\/","og_site_name":"Filles de la Charit\u00e9","article_published_time":"2020-05-17T19:38:03+00:00","article_modified_time":"2024-03-17T17:22:32+00:00","og_image":[{"width":1201,"height":630,"url":"https:\/\/filles-de-la-charite.org\/wp-content\/uploads\/2023\/06\/0517-LaudatoSi-FTD.jpg","type":"image\/jpeg"}],"author":"Irm\u00e3 Irene","twitter_card":"summary_large_image","twitter_misc":{"\u00c9crit par":"Irm\u00e3 Irene","Dur\u00e9e de lecture estim\u00e9e":"3 minutes"},"schema":{"@context":"https:\/\/schema.org","@graph":[{"@type":"Article","@id":"https:\/\/filles-de-la-charite.org\/fr\/un-temps-pour-se-rappeler-et-mettre-en-oeuvre-laudato-si-en-ce-5e-anniversaire\/#article","isPartOf":{"@id":"https:\/\/filles-de-la-charite.org\/fr\/un-temps-pour-se-rappeler-et-mettre-en-oeuvre-laudato-si-en-ce-5e-anniversaire\/"},"author":{"name":"Irm\u00e3 Irene","@id":"https:\/\/filles-de-la-charite.org\/fr\/#\/schema\/person\/b9ee6b14977b198aa253d23113605d03"},"headline":"Un temps pour se rappeler et mettre en \u0153uvre \u00ab\u00a0laudato si\u00a0\u00bb \u2013en ce 5e anniversaire","datePublished":"2020-05-17T19:38:03+00:00","dateModified":"2024-03-17T17:22:32+00:00","mainEntityOfPage":{"@id":"https:\/\/filles-de-la-charite.org\/fr\/un-temps-pour-se-rappeler-et-mettre-en-oeuvre-laudato-si-en-ce-5e-anniversaire\/"},"wordCount":628,"publisher":{"@id":"https:\/\/filles-de-la-charite.org\/fr\/#organization"},"image":{"@id":"https:\/\/filles-de-la-charite.org\/fr\/un-temps-pour-se-rappeler-et-mettre-en-oeuvre-laudato-si-en-ce-5e-anniversaire\/#primaryimage"},"thumbnailUrl":"https:\/\/filles-de-la-charite.org\/wp-content\/uploads\/2023\/06\/0517-LaudatoSi-FTD.jpg","articleSection":["Irlande"],"inLanguage":"fr-FR"},{"@type":"WebPage","@id":"https:\/\/filles-de-la-charite.org\/fr\/un-temps-pour-se-rappeler-et-mettre-en-oeuvre-laudato-si-en-ce-5e-anniversaire\/","url":"https:\/\/filles-de-la-charite.org\/fr\/un-temps-pour-se-rappeler-et-mettre-en-oeuvre-laudato-si-en-ce-5e-anniversaire\/","name":"Un temps pour se rappeler et mettre en \u0153uvre \"laudato si\" \u2013en ce 5e anniversaire - Filles de la Charit\u00e9","isPartOf":{"@id":"https:\/\/filles-de-la-charite.org\/fr\/#website"},"primaryImageOfPage":{"@id":"https:\/\/filles-de-la-charite.org\/fr\/un-temps-pour-se-rappeler-et-mettre-en-oeuvre-laudato-si-en-ce-5e-anniversaire\/#primaryimage"},"image":{"@id":"https:\/\/filles-de-la-charite.org\/fr\/un-temps-pour-se-rappeler-et-mettre-en-oeuvre-laudato-si-en-ce-5e-anniversaire\/#primaryimage"},"thumbnailUrl":"https:\/\/filles-de-la-charite.org\/wp-content\/uploads\/2023\/06\/0517-LaudatoSi-FTD.jpg","datePublished":"2020-05-17T19:38:03+00:00","dateModified":"2024-03-17T17:22:32+00:00","breadcrumb":{"@id":"https:\/\/filles-de-la-charite.org\/fr\/un-temps-pour-se-rappeler-et-mettre-en-oeuvre-laudato-si-en-ce-5e-anniversaire\/#breadcrumb"},"inLanguage":"fr-FR","potentialAction":[{"@type":"ReadAction","target":["https:\/\/filles-de-la-charite.org\/fr\/un-temps-pour-se-rappeler-et-mettre-en-oeuvre-laudato-si-en-ce-5e-anniversaire\/"]}]},{"@type":"ImageObject","inLanguage":"fr-FR","@id":"https:\/\/filles-de-la-charite.org\/fr\/un-temps-pour-se-rappeler-et-mettre-en-oeuvre-laudato-si-en-ce-5e-anniversaire\/#primaryimage","url":"https:\/\/filles-de-la-charite.org\/wp-content\/uploads\/2023\/06\/0517-LaudatoSi-FTD.jpg","contentUrl":"https:\/\/filles-de-la-charite.org\/wp-content\/uploads\/2023\/06\/0517-LaudatoSi-FTD.jpg","width":1201,"height":630},{"@type":"BreadcrumbList","@id":"https:\/\/filles-de-la-charite.org\/fr\/un-temps-pour-se-rappeler-et-mettre-en-oeuvre-laudato-si-en-ce-5e-anniversaire\/#breadcrumb","itemListElement":[{"@type":"ListItem","position":1,"name":"Espa\u00f1a-Norte","item":"https:\/\/filles-de-la-charite.org\/fr\/category\/espana-norte-fr\/"},{"@type":"ListItem","position":2,"name":"Un temps pour se rappeler et mettre en \u0153uvre \u00ablaudato si\u00bb \u2013en ce 5e anniversaire"}]},{"@type":"WebSite","@id":"https:\/\/filles-de-la-charite.org\/fr\/#website","url":"https:\/\/filles-de-la-charite.org\/fr\/","name":"Hijas de la Caridad","description":"L\u2019amour de J\u00e9sus nous presse \u00e0 prendre soin des personnes les plus d\u00e9munies","publisher":{"@id":"https:\/\/filles-de-la-charite.org\/fr\/#organization"},"potentialAction":[{"@type":"SearchAction","target":{"@type":"EntryPoint","urlTemplate":"https:\/\/filles-de-la-charite.org\/fr\/?s={search_term_string}"},"query-input":{"@type":"PropertyValueSpecification","valueRequired":true,"valueName":"search_term_string"}}],"inLanguage":"fr-FR"},{"@type":"Organization","@id":"https:\/\/filles-de-la-charite.org\/fr\/#organization","name":"Hijas de la Caridad","url":"https:\/\/filles-de-la-charite.org\/fr\/","logo":{"@type":"ImageObject","inLanguage":"fr-FR","@id":"https:\/\/filles-de-la-charite.org\/fr\/#\/schema\/logo\/image\/","url":"https:\/\/filles-de-la-charite.org\/wp-content\/uploads\/2023\/03\/isotipo-Hijas-de-la-Caridad.png","contentUrl":"https:\/\/filles-de-la-charite.org\/wp-content\/uploads\/2023\/03\/isotipo-Hijas-de-la-Caridad.png","width":1417,"height":1417,"caption":"Hijas de la Caridad"},"image":{"@id":"https:\/\/filles-de-la-charite.org\/fr\/#\/schema\/logo\/image\/"}},{"@type":"Person","@id":"https:\/\/filles-de-la-charite.org\/fr\/#\/schema\/person\/b9ee6b14977b198aa253d23113605d03","name":"Irm\u00e3 Irene","image":{"@type":"ImageObject","inLanguage":"fr-FR","@id":"https:\/\/secure.gravatar.com\/avatar\/653c6d32ef8f1b732cb3936f9436bb7e8d5fff863fbdfed67114bc4eb77a34b0?s=96&d=mm&r=g","url":"https:\/\/secure.gravatar.com\/avatar\/653c6d32ef8f1b732cb3936f9436bb7e8d5fff863fbdfed67114bc4eb77a34b0?s=96&d=mm&r=g","contentUrl":"https:\/\/secure.gravatar.com\/avatar\/653c6d32ef8f1b732cb3936f9436bb7e8d5fff863fbdfed67114bc4eb77a34b0?s=96&d=mm&r=g","caption":"Irm\u00e3 Irene"},"url":"https:\/\/filles-de-la-charite.org\/fr\/author\/irene\/"}]}},"_links":{"self":[{"href":"https:\/\/filles-de-la-charite.org\/fr\/wp-json\/wp\/v2\/posts\/22265","targetHints":{"allow":["GET"]}}],"collection":[{"href":"https:\/\/filles-de-la-charite.org\/fr\/wp-json\/wp\/v2\/posts"}],"about":[{"href":"https:\/\/filles-de-la-charite.org\/fr\/wp-json\/wp\/v2\/types\/post"}],"author":[{"embeddable":true,"href":"https:\/\/filles-de-la-charite.org\/fr\/wp-json\/wp\/v2\/users\/7"}],"replies":[{"embeddable":true,"href":"https:\/\/filles-de-la-charite.org\/fr\/wp-json\/wp\/v2\/comments?post=22265"}],"version-history":[{"count":1,"href":"https:\/\/filles-de-la-charite.org\/fr\/wp-json\/wp\/v2\/posts\/22265\/revisions"}],"predecessor-version":[{"id":22266,"href":"https:\/\/filles-de-la-charite.org\/fr\/wp-json\/wp\/v2\/posts\/22265\/revisions\/22266"}],"wp:featuredmedia":[{"embeddable":true,"href":"https:\/\/filles-de-la-charite.org\/fr\/wp-json\/wp\/v2\/media\/14728"}],"wp:attachment":[{"href":"https:\/\/filles-de-la-charite.org\/fr\/wp-json\/wp\/v2\/media?parent=22265"}],"wp:term":[{"taxonomy":"category","embeddable":true,"href":"https:\/\/filles-de-la-charite.org\/fr\/wp-json\/wp\/v2\/categories?post=22265"},{"taxonomy":"post_tag","embeddable":true,"href":"https:\/\/filles-de-la-charite.org\/fr\/wp-json\/wp\/v2\/tags?post=22265"}],"curies":[{"name":"wp","href":"https:\/\/api.w.org\/{rel}","templated":true}]}}