{"id":22269,"date":"2020-06-02T22:14:29","date_gmt":"2020-06-02T20:14:29","guid":{"rendered":"https:\/\/hijascaridad.sjdigitaldemo.ovh\/being-gods-instruments-a-response-to-covid-19-2\/"},"modified":"2024-03-17T18:22:22","modified_gmt":"2024-03-17T17:22:22","slug":"being-gods-instruments-a-response-to-covid-19-2","status":"publish","type":"post","link":"https:\/\/filles-de-la-charite.org\/fr\/being-gods-instruments-a-response-to-covid-19-2\/","title":{"rendered":"Instruments de Dieu : une r\u00e9ponse au COVID-19"},"content":{"rendered":"\n<p>Les S\u0153urs de la Communaut\u00e9 de la Maison Provinciale, nous r\u00e9pondons \u00e0 la demande d\u2019aide en raison du Covid-19 en distribuant des kits d\u2019approvisionnement et de produits d\u2019hygi\u00e8ne \u00e0 1&nbsp;500&nbsp; familles des quartiers pauvres, ainsi qu\u2019aux travailleurs migrants et autres personnes sans abri. Nous achetons ces provisions dans des magasins discount avec l\u2019aide des Organisations Non Gouvernementales (ONG) et des s\u0153urs, des jeunes aspirantes pour notre Compagnie et les travailleurs ont envelopp\u00e9 les produits dans la communaut\u00e9. 3&nbsp;000 masques ont \u00e9t\u00e9 \u00e9galement confectionn\u00e9s et distribu\u00e9s avec les kits.<\/p>\n\n\n\n<p>Malgr\u00e9 la peur de contracter le coronavirus ou d\u2019\u00eatre des porteurs qui risquent d\u2019infecter la Communaut\u00e9 et les enfants qui r\u00e9sident dans la maison, nous avons fait ce choix courageux pour atteindre les plus pauvres.&nbsp;Le risque majeur est de fermer les yeux devant le virus de la faim&nbsp;: c\u2019est ce qui nous a pouss\u00e9es \u00e0 surmonter la peur de la maladie.&nbsp; Le d\u00e9fi consistait \u00e0 observer toutes les pr\u00e9cautions et \u00e0 ob\u00e9ir aux normes et aux r\u00e8glements, en plus de la demande d\u2019autorisation aux fonctionnaires du gouvernement et \u00e0 la police. Les autorit\u00e9s ont h\u00e9sit\u00e9 au d\u00e9but, mais l\u2019autorisation nous a \u00e9t\u00e9 donn\u00e9e&nbsp;; de fait, ils ont \u00e9t\u00e9 tr\u00e8s aimables et nous ont soutenues dans nos efforts.<\/p>\n\n\n\n<div class=\"wp-block-image\"><figure class=\"aligncenter\"><img decoding=\"async\" src=\"https:\/\/filles-de-la-charite.org\/wp-content\/uploads\/2023\/06\/200601-India-4.jpg\" alt=\"\" class=\"wp-image-41000\"\/><\/figure><\/div>\n\n\n\n<p>Nous nous r\u00e9jouissons que le Seigneur ait bien voulu que nous soyons ses instruments pour apporter consolation aux personnes les plus pauvres de la soci\u00e9t\u00e9. Le visage souriant et rid\u00e9 des veuves \u00e2g\u00e9es et d\u2019autres comme elles, \u00e9taient l\u2019image de Dieu et elles demeureront pr\u00e9sentes dans notre m\u00e9moire.<\/p>\n\n\n\n<p>D\u2019autres communaut\u00e9s de Filles de la Charit\u00e9 de la province ont apport\u00e9 une aide similaire aux personnes les plus d\u00e9favoris\u00e9es de la soci\u00e9t\u00e9&nbsp;: la maison San Vicente \u00e0 Manmad, Shanti Rani Nilayam \u00e0 Kallal, la maison de Karunambika \u00e0 Hemachandrapuram et San Vicente \u00e0 Oragadom.<\/p>\n\n\n\n<p class=\"has-text-align-right\">S\u0153ur Rose CHIRAYIL FdlC Visitatrice<\/p>\n\n\n\n<div class=\"wp-block-image\"><figure class=\"aligncenter\"><img decoding=\"async\" src=\"https:\/\/filles-de-la-charite.org\/wp-content\/uploads\/2023\/06\/200601-India-57.jpg\" alt=\"\" class=\"wp-image-41003\"\/><\/figure><\/div>\n\n\n\n<div class=\"wp-block-image\"><figure class=\"aligncenter\"><img decoding=\"async\" src=\"https:\/\/filles-de-la-charite.org\/wp-content\/uploads\/2023\/06\/200601-India-46.jpg\" alt=\"\" class=\"wp-image-41002\"\/><\/figure><\/div>\n\n\n\n<div class=\"wp-block-image\"><figure class=\"aligncenter\"><img decoding=\"async\" src=\"https:\/\/filles-de-la-charite.org\/wp-content\/uploads\/2023\/06\/200601-India-12.jpg\" alt=\"\" class=\"wp-image-41001\"\/><\/figure><\/div>\n","protected":false},"excerpt":{"rendered":"<p>Les S\u0153urs de la Communaut\u00e9 de la Maison Provinciale, nous r\u00e9pondons \u00e0 la demande d\u2019aide en raison du Covid-19 en distribuant des kits d\u2019approvisionnement et de produits d\u2019hygi\u00e8ne \u00e0 1&nbsp;500&nbsp; familles des quartiers pauvres, ainsi qu\u2019aux travailleurs migrants et autres personnes sans abri. Nous achetons ces provisions dans des magasins discount avec l\u2019aide des Organisations [&hellip;]<\/p>\n","protected":false},"author":1,"featured_media":14760,"comment_status":"closed","ping_status":"closed","sticky":false,"template":"","format":"standard","meta":{"_acf_changed":false,"_et_pb_use_builder":"","_et_pb_old_content":"","_et_gb_content_width":"","footnotes":"","_links_to":"","_links_to_target":""},"categories":[750],"tags":[],"class_list":["post-22269","post","type-post","status-publish","format-standard","has-post-thumbnail","hentry","category-india-del-sur-fr"],"acf":[],"yoast_head":"<!-- This site is optimized with the Yoast SEO plugin v27.5 - https:\/\/yoast.com\/product\/yoast-seo-wordpress\/ -->\n<title>Instruments de Dieu : une r\u00e9ponse au COVID-19 - Filles de la Charit\u00e9<\/title>\n<meta name=\"robots\" content=\"index, follow, max-snippet:-1, max-image-preview:large, max-video-preview:-1\" \/>\n<link rel=\"canonical\" href=\"https:\/\/filles-de-la-charite.org\/fr\/being-gods-instruments-a-response-to-covid-19-2\/\" \/>\n<meta property=\"og:locale\" content=\"fr_FR\" \/>\n<meta property=\"og:type\" content=\"article\" \/>\n<meta property=\"og:title\" content=\"Instruments de Dieu : une r\u00e9ponse au COVID-19 - Filles de la Charit\u00e9\" \/>\n<meta property=\"og:description\" content=\"Les S\u0153urs de la Communaut\u00e9 de la Maison Provinciale, nous r\u00e9pondons \u00e0 la demande d\u2019aide en raison du Covid-19 en distribuant des kits d\u2019approvisionnement et de produits d\u2019hygi\u00e8ne \u00e0 1&nbsp;500&nbsp; familles des quartiers pauvres, ainsi qu\u2019aux travailleurs migrants et autres personnes sans abri. Nous achetons ces provisions dans des magasins discount avec l\u2019aide des Organisations [&hellip;]\" \/>\n<meta property=\"og:url\" content=\"https:\/\/filles-de-la-charite.org\/fr\/being-gods-instruments-a-response-to-covid-19-2\/\" \/>\n<meta property=\"og:site_name\" content=\"Filles de la Charit\u00e9\" \/>\n<meta property=\"article:published_time\" content=\"2020-06-02T20:14:29+00:00\" \/>\n<meta property=\"article:modified_time\" content=\"2024-03-17T17:22:22+00:00\" \/>\n<meta property=\"og:image\" content=\"https:\/\/filles-de-la-charite.org\/wp-content\/uploads\/2023\/06\/200606-Nigeria-ftd.jpg\" \/>\n\t<meta property=\"og:image:width\" content=\"1200\" \/>\n\t<meta property=\"og:image:height\" content=\"630\" \/>\n\t<meta property=\"og:image:type\" content=\"image\/jpeg\" \/>\n<meta name=\"author\" content=\"admin\" \/>\n<meta name=\"twitter:card\" content=\"summary_large_image\" \/>\n<meta name=\"twitter:label1\" content=\"\u00c9crit par\" \/>\n\t<meta name=\"twitter:data1\" content=\"admin\" \/>\n\t<meta name=\"twitter:label2\" content=\"Dur\u00e9e de lecture estim\u00e9e\" \/>\n\t<meta name=\"twitter:data2\" content=\"2 minutes\" \/>\n<script type=\"application\/ld+json\" class=\"yoast-schema-graph\">{\"@context\":\"https:\\\/\\\/schema.org\",\"@graph\":[{\"@type\":\"Article\",\"@id\":\"https:\\\/\\\/filles-de-la-charite.org\\\/fr\\\/being-gods-instruments-a-response-to-covid-19-2\\\/#article\",\"isPartOf\":{\"@id\":\"https:\\\/\\\/filles-de-la-charite.org\\\/fr\\\/being-gods-instruments-a-response-to-covid-19-2\\\/\"},\"author\":{\"name\":\"admin\",\"@id\":\"https:\\\/\\\/filles-de-la-charite.org\\\/fr\\\/#\\\/schema\\\/person\\\/427567b2eccfc2dd7d206da186a1f438\"},\"headline\":\"Instruments de Dieu : une r\u00e9ponse au COVID-19\",\"datePublished\":\"2020-06-02T20:14:29+00:00\",\"dateModified\":\"2024-03-17T17:22:22+00:00\",\"mainEntityOfPage\":{\"@id\":\"https:\\\/\\\/filles-de-la-charite.org\\\/fr\\\/being-gods-instruments-a-response-to-covid-19-2\\\/\"},\"wordCount\":348,\"publisher\":{\"@id\":\"https:\\\/\\\/filles-de-la-charite.org\\\/fr\\\/#organization\"},\"image\":{\"@id\":\"https:\\\/\\\/filles-de-la-charite.org\\\/fr\\\/being-gods-instruments-a-response-to-covid-19-2\\\/#primaryimage\"},\"thumbnailUrl\":\"https:\\\/\\\/filles-de-la-charite.org\\\/wp-content\\\/uploads\\\/2023\\\/06\\\/200606-Nigeria-ftd.jpg\",\"articleSection\":[\"Inde du Sud\"],\"inLanguage\":\"fr-FR\"},{\"@type\":\"WebPage\",\"@id\":\"https:\\\/\\\/filles-de-la-charite.org\\\/fr\\\/being-gods-instruments-a-response-to-covid-19-2\\\/\",\"url\":\"https:\\\/\\\/filles-de-la-charite.org\\\/fr\\\/being-gods-instruments-a-response-to-covid-19-2\\\/\",\"name\":\"Instruments de Dieu : une r\u00e9ponse au COVID-19 - Filles de la Charit\u00e9\",\"isPartOf\":{\"@id\":\"https:\\\/\\\/filles-de-la-charite.org\\\/fr\\\/#website\"},\"primaryImageOfPage\":{\"@id\":\"https:\\\/\\\/filles-de-la-charite.org\\\/fr\\\/being-gods-instruments-a-response-to-covid-19-2\\\/#primaryimage\"},\"image\":{\"@id\":\"https:\\\/\\\/filles-de-la-charite.org\\\/fr\\\/being-gods-instruments-a-response-to-covid-19-2\\\/#primaryimage\"},\"thumbnailUrl\":\"https:\\\/\\\/filles-de-la-charite.org\\\/wp-content\\\/uploads\\\/2023\\\/06\\\/200606-Nigeria-ftd.jpg\",\"datePublished\":\"2020-06-02T20:14:29+00:00\",\"dateModified\":\"2024-03-17T17:22:22+00:00\",\"breadcrumb\":{\"@id\":\"https:\\\/\\\/filles-de-la-charite.org\\\/fr\\\/being-gods-instruments-a-response-to-covid-19-2\\\/#breadcrumb\"},\"inLanguage\":\"fr-FR\",\"potentialAction\":[{\"@type\":\"ReadAction\",\"target\":[\"https:\\\/\\\/filles-de-la-charite.org\\\/fr\\\/being-gods-instruments-a-response-to-covid-19-2\\\/\"]}]},{\"@type\":\"ImageObject\",\"inLanguage\":\"fr-FR\",\"@id\":\"https:\\\/\\\/filles-de-la-charite.org\\\/fr\\\/being-gods-instruments-a-response-to-covid-19-2\\\/#primaryimage\",\"url\":\"https:\\\/\\\/filles-de-la-charite.org\\\/wp-content\\\/uploads\\\/2023\\\/06\\\/200606-Nigeria-ftd.jpg\",\"contentUrl\":\"https:\\\/\\\/filles-de-la-charite.org\\\/wp-content\\\/uploads\\\/2023\\\/06\\\/200606-Nigeria-ftd.jpg\",\"width\":1200,\"height\":630},{\"@type\":\"BreadcrumbList\",\"@id\":\"https:\\\/\\\/filles-de-la-charite.org\\\/fr\\\/being-gods-instruments-a-response-to-covid-19-2\\\/#breadcrumb\",\"itemListElement\":[{\"@type\":\"ListItem\",\"position\":1,\"name\":\"Inde du Sud\",\"item\":\"https:\\\/\\\/filles-de-la-charite.org\\\/fr\\\/category\\\/india-del-sur-fr\\\/\"},{\"@type\":\"ListItem\",\"position\":2,\"name\":\"Instruments de Dieu : une r\u00e9ponse au COVID-19\"}]},{\"@type\":\"WebSite\",\"@id\":\"https:\\\/\\\/filles-de-la-charite.org\\\/fr\\\/#website\",\"url\":\"https:\\\/\\\/filles-de-la-charite.org\\\/fr\\\/\",\"name\":\"Hijas de la Caridad\",\"description\":\"L\u2019amour de J\u00e9sus nous presse \u00e0 prendre soin des personnes les plus d\u00e9munies\",\"publisher\":{\"@id\":\"https:\\\/\\\/filles-de-la-charite.org\\\/fr\\\/#organization\"},\"potentialAction\":[{\"@type\":\"SearchAction\",\"target\":{\"@type\":\"EntryPoint\",\"urlTemplate\":\"https:\\\/\\\/filles-de-la-charite.org\\\/fr\\\/?s={search_term_string}\"},\"query-input\":{\"@type\":\"PropertyValueSpecification\",\"valueRequired\":true,\"valueName\":\"search_term_string\"}}],\"inLanguage\":\"fr-FR\"},{\"@type\":\"Organization\",\"@id\":\"https:\\\/\\\/filles-de-la-charite.org\\\/fr\\\/#organization\",\"name\":\"Hijas de la Caridad\",\"url\":\"https:\\\/\\\/filles-de-la-charite.org\\\/fr\\\/\",\"logo\":{\"@type\":\"ImageObject\",\"inLanguage\":\"fr-FR\",\"@id\":\"https:\\\/\\\/filles-de-la-charite.org\\\/fr\\\/#\\\/schema\\\/logo\\\/image\\\/\",\"url\":\"https:\\\/\\\/filles-de-la-charite.org\\\/wp-content\\\/uploads\\\/2023\\\/03\\\/isotipo-Hijas-de-la-Caridad.png\",\"contentUrl\":\"https:\\\/\\\/filles-de-la-charite.org\\\/wp-content\\\/uploads\\\/2023\\\/03\\\/isotipo-Hijas-de-la-Caridad.png\",\"width\":1417,\"height\":1417,\"caption\":\"Hijas de la Caridad\"},\"image\":{\"@id\":\"https:\\\/\\\/filles-de-la-charite.org\\\/fr\\\/#\\\/schema\\\/logo\\\/image\\\/\"}},{\"@type\":\"Person\",\"@id\":\"https:\\\/\\\/filles-de-la-charite.org\\\/fr\\\/#\\\/schema\\\/person\\\/427567b2eccfc2dd7d206da186a1f438\",\"name\":\"admin\",\"image\":{\"@type\":\"ImageObject\",\"inLanguage\":\"fr-FR\",\"@id\":\"https:\\\/\\\/secure.gravatar.com\\\/avatar\\\/948b492cce32b586ac2db0eaa926ee87024f7afe218d73b397ea5ddfc5f43ea1?s=96&d=mm&r=g\",\"url\":\"https:\\\/\\\/secure.gravatar.com\\\/avatar\\\/948b492cce32b586ac2db0eaa926ee87024f7afe218d73b397ea5ddfc5f43ea1?s=96&d=mm&r=g\",\"contentUrl\":\"https:\\\/\\\/secure.gravatar.com\\\/avatar\\\/948b492cce32b586ac2db0eaa926ee87024f7afe218d73b397ea5ddfc5f43ea1?s=96&d=mm&r=g\",\"caption\":\"admin\"},\"sameAs\":[\"https:\\\/\\\/filles-de-la-charite.org\"],\"url\":\"https:\\\/\\\/filles-de-la-charite.org\\\/fr\\\/author\\\/caridad\\\/\"}]}<\/script>\n<!-- \/ Yoast SEO plugin. -->","yoast_head_json":{"title":"Instruments de Dieu : une r\u00e9ponse au COVID-19 - Filles de la Charit\u00e9","robots":{"index":"index","follow":"follow","max-snippet":"max-snippet:-1","max-image-preview":"max-image-preview:large","max-video-preview":"max-video-preview:-1"},"canonical":"https:\/\/filles-de-la-charite.org\/fr\/being-gods-instruments-a-response-to-covid-19-2\/","og_locale":"fr_FR","og_type":"article","og_title":"Instruments de Dieu : une r\u00e9ponse au COVID-19 - Filles de la Charit\u00e9","og_description":"Les S\u0153urs de la Communaut\u00e9 de la Maison Provinciale, nous r\u00e9pondons \u00e0 la demande d\u2019aide en raison du Covid-19 en distribuant des kits d\u2019approvisionnement et de produits d\u2019hygi\u00e8ne \u00e0 1&nbsp;500&nbsp; familles des quartiers pauvres, ainsi qu\u2019aux travailleurs migrants et autres personnes sans abri. Nous achetons ces provisions dans des magasins discount avec l\u2019aide des Organisations [&hellip;]","og_url":"https:\/\/filles-de-la-charite.org\/fr\/being-gods-instruments-a-response-to-covid-19-2\/","og_site_name":"Filles de la Charit\u00e9","article_published_time":"2020-06-02T20:14:29+00:00","article_modified_time":"2024-03-17T17:22:22+00:00","og_image":[{"width":1200,"height":630,"url":"https:\/\/filles-de-la-charite.org\/wp-content\/uploads\/2023\/06\/200606-Nigeria-ftd.jpg","type":"image\/jpeg"}],"author":"admin","twitter_card":"summary_large_image","twitter_misc":{"\u00c9crit par":"admin","Dur\u00e9e de lecture estim\u00e9e":"2 minutes"},"schema":{"@context":"https:\/\/schema.org","@graph":[{"@type":"Article","@id":"https:\/\/filles-de-la-charite.org\/fr\/being-gods-instruments-a-response-to-covid-19-2\/#article","isPartOf":{"@id":"https:\/\/filles-de-la-charite.org\/fr\/being-gods-instruments-a-response-to-covid-19-2\/"},"author":{"name":"admin","@id":"https:\/\/filles-de-la-charite.org\/fr\/#\/schema\/person\/427567b2eccfc2dd7d206da186a1f438"},"headline":"Instruments de Dieu : une r\u00e9ponse au COVID-19","datePublished":"2020-06-02T20:14:29+00:00","dateModified":"2024-03-17T17:22:22+00:00","mainEntityOfPage":{"@id":"https:\/\/filles-de-la-charite.org\/fr\/being-gods-instruments-a-response-to-covid-19-2\/"},"wordCount":348,"publisher":{"@id":"https:\/\/filles-de-la-charite.org\/fr\/#organization"},"image":{"@id":"https:\/\/filles-de-la-charite.org\/fr\/being-gods-instruments-a-response-to-covid-19-2\/#primaryimage"},"thumbnailUrl":"https:\/\/filles-de-la-charite.org\/wp-content\/uploads\/2023\/06\/200606-Nigeria-ftd.jpg","articleSection":["Inde du Sud"],"inLanguage":"fr-FR"},{"@type":"WebPage","@id":"https:\/\/filles-de-la-charite.org\/fr\/being-gods-instruments-a-response-to-covid-19-2\/","url":"https:\/\/filles-de-la-charite.org\/fr\/being-gods-instruments-a-response-to-covid-19-2\/","name":"Instruments de Dieu : une r\u00e9ponse au COVID-19 - Filles de la Charit\u00e9","isPartOf":{"@id":"https:\/\/filles-de-la-charite.org\/fr\/#website"},"primaryImageOfPage":{"@id":"https:\/\/filles-de-la-charite.org\/fr\/being-gods-instruments-a-response-to-covid-19-2\/#primaryimage"},"image":{"@id":"https:\/\/filles-de-la-charite.org\/fr\/being-gods-instruments-a-response-to-covid-19-2\/#primaryimage"},"thumbnailUrl":"https:\/\/filles-de-la-charite.org\/wp-content\/uploads\/2023\/06\/200606-Nigeria-ftd.jpg","datePublished":"2020-06-02T20:14:29+00:00","dateModified":"2024-03-17T17:22:22+00:00","breadcrumb":{"@id":"https:\/\/filles-de-la-charite.org\/fr\/being-gods-instruments-a-response-to-covid-19-2\/#breadcrumb"},"inLanguage":"fr-FR","potentialAction":[{"@type":"ReadAction","target":["https:\/\/filles-de-la-charite.org\/fr\/being-gods-instruments-a-response-to-covid-19-2\/"]}]},{"@type":"ImageObject","inLanguage":"fr-FR","@id":"https:\/\/filles-de-la-charite.org\/fr\/being-gods-instruments-a-response-to-covid-19-2\/#primaryimage","url":"https:\/\/filles-de-la-charite.org\/wp-content\/uploads\/2023\/06\/200606-Nigeria-ftd.jpg","contentUrl":"https:\/\/filles-de-la-charite.org\/wp-content\/uploads\/2023\/06\/200606-Nigeria-ftd.jpg","width":1200,"height":630},{"@type":"BreadcrumbList","@id":"https:\/\/filles-de-la-charite.org\/fr\/being-gods-instruments-a-response-to-covid-19-2\/#breadcrumb","itemListElement":[{"@type":"ListItem","position":1,"name":"Inde du Sud","item":"https:\/\/filles-de-la-charite.org\/fr\/category\/india-del-sur-fr\/"},{"@type":"ListItem","position":2,"name":"Instruments de Dieu : une r\u00e9ponse au COVID-19"}]},{"@type":"WebSite","@id":"https:\/\/filles-de-la-charite.org\/fr\/#website","url":"https:\/\/filles-de-la-charite.org\/fr\/","name":"Hijas de la Caridad","description":"L\u2019amour de J\u00e9sus nous presse \u00e0 prendre soin des personnes les plus d\u00e9munies","publisher":{"@id":"https:\/\/filles-de-la-charite.org\/fr\/#organization"},"potentialAction":[{"@type":"SearchAction","target":{"@type":"EntryPoint","urlTemplate":"https:\/\/filles-de-la-charite.org\/fr\/?s={search_term_string}"},"query-input":{"@type":"PropertyValueSpecification","valueRequired":true,"valueName":"search_term_string"}}],"inLanguage":"fr-FR"},{"@type":"Organization","@id":"https:\/\/filles-de-la-charite.org\/fr\/#organization","name":"Hijas de la Caridad","url":"https:\/\/filles-de-la-charite.org\/fr\/","logo":{"@type":"ImageObject","inLanguage":"fr-FR","@id":"https:\/\/filles-de-la-charite.org\/fr\/#\/schema\/logo\/image\/","url":"https:\/\/filles-de-la-charite.org\/wp-content\/uploads\/2023\/03\/isotipo-Hijas-de-la-Caridad.png","contentUrl":"https:\/\/filles-de-la-charite.org\/wp-content\/uploads\/2023\/03\/isotipo-Hijas-de-la-Caridad.png","width":1417,"height":1417,"caption":"Hijas de la Caridad"},"image":{"@id":"https:\/\/filles-de-la-charite.org\/fr\/#\/schema\/logo\/image\/"}},{"@type":"Person","@id":"https:\/\/filles-de-la-charite.org\/fr\/#\/schema\/person\/427567b2eccfc2dd7d206da186a1f438","name":"admin","image":{"@type":"ImageObject","inLanguage":"fr-FR","@id":"https:\/\/secure.gravatar.com\/avatar\/948b492cce32b586ac2db0eaa926ee87024f7afe218d73b397ea5ddfc5f43ea1?s=96&d=mm&r=g","url":"https:\/\/secure.gravatar.com\/avatar\/948b492cce32b586ac2db0eaa926ee87024f7afe218d73b397ea5ddfc5f43ea1?s=96&d=mm&r=g","contentUrl":"https:\/\/secure.gravatar.com\/avatar\/948b492cce32b586ac2db0eaa926ee87024f7afe218d73b397ea5ddfc5f43ea1?s=96&d=mm&r=g","caption":"admin"},"sameAs":["https:\/\/filles-de-la-charite.org"],"url":"https:\/\/filles-de-la-charite.org\/fr\/author\/caridad\/"}]}},"_links":{"self":[{"href":"https:\/\/filles-de-la-charite.org\/fr\/wp-json\/wp\/v2\/posts\/22269","targetHints":{"allow":["GET"]}}],"collection":[{"href":"https:\/\/filles-de-la-charite.org\/fr\/wp-json\/wp\/v2\/posts"}],"about":[{"href":"https:\/\/filles-de-la-charite.org\/fr\/wp-json\/wp\/v2\/types\/post"}],"author":[{"embeddable":true,"href":"https:\/\/filles-de-la-charite.org\/fr\/wp-json\/wp\/v2\/users\/1"}],"replies":[{"embeddable":true,"href":"https:\/\/filles-de-la-charite.org\/fr\/wp-json\/wp\/v2\/comments?post=22269"}],"version-history":[{"count":1,"href":"https:\/\/filles-de-la-charite.org\/fr\/wp-json\/wp\/v2\/posts\/22269\/revisions"}],"predecessor-version":[{"id":22270,"href":"https:\/\/filles-de-la-charite.org\/fr\/wp-json\/wp\/v2\/posts\/22269\/revisions\/22270"}],"wp:featuredmedia":[{"embeddable":true,"href":"https:\/\/filles-de-la-charite.org\/fr\/wp-json\/wp\/v2\/media\/14760"}],"wp:attachment":[{"href":"https:\/\/filles-de-la-charite.org\/fr\/wp-json\/wp\/v2\/media?parent=22269"}],"wp:term":[{"taxonomy":"category","embeddable":true,"href":"https:\/\/filles-de-la-charite.org\/fr\/wp-json\/wp\/v2\/categories?post=22269"},{"taxonomy":"post_tag","embeddable":true,"href":"https:\/\/filles-de-la-charite.org\/fr\/wp-json\/wp\/v2\/tags?post=22269"}],"curies":[{"name":"wp","href":"https:\/\/api.w.org\/{rel}","templated":true}]}}