{"id":22273,"date":"2020-06-22T22:33:49","date_gmt":"2020-06-22T20:33:49","guid":{"rendered":"https:\/\/hijascaridad.sjdigitaldemo.ovh\/50th-anniversary-of-the-province-of-belo-horizonte-brazil-1970-2020-a-story-woven-with-golden-threads-2\/"},"modified":"2024-03-16T12:02:17","modified_gmt":"2024-03-16T11:02:17","slug":"50th-anniversary-of-the-province-of-belo-horizonte-brazil-1970-2020-a-story-woven-with-golden-threads-2","status":"publish","type":"post","link":"https:\/\/filles-de-la-charite.org\/fr\/50th-anniversary-of-the-province-of-belo-horizonte-brazil-1970-2020-a-story-woven-with-golden-threads-2\/","title":{"rendered":"50e anniversaire de la Province de Belo Horizonte, Br\u00e9sil. 1970-2020 \u2013 une histoire tiss\u00e9e de fils d\u2019or"},"content":{"rendered":"\n<p><span style=\"color: #929292;\"><b><\/b><\/span>L\u2019ann\u00e9e 2020 marque la c\u00e9l\u00e9bration du 5O<sup>e<\/sup>anniversaire de la Province de Belo Horizonte du Br\u00e9sil.<\/p>\n\n\n\n<p>Le 17 mai 1970, le dimanche de Pentec\u00f4te, la Province du Br\u00e9sil des Filles de la Charit\u00e9 a \u00e9t\u00e9 scind\u00e9e et la nouvelle Province de Belo Horizonte a \u00e9t\u00e9 cr\u00e9\u00e9e. S\u0153ur Constan\u00e7a de Magalh\u00e3esDutra a \u00e9t\u00e9 nomm\u00e9e Visitatrice. Voil\u00e0 comment cela a commenc\u00e9.<\/p>\n\n\n\n<p>Actuellement, les S\u0153urs sont pr\u00e9sentes dans les Etats suivants&nbsp;: le Minas Gerais, le Goi\u00e1s, le Tocantins et dans le District F\u00e9d\u00e9ral, servant avec z\u00e8le et audace cr\u00e9ative nos \u201c<em>Seigneurs et Ma\u00eetres\u201d.<\/em><\/p>\n\n\n\n<p>Avec un dynamisme missionnaire, les Soeurs ont ouvert des Missions dans des regions en souffrance, apportant consolation et esp\u00e9rance au peuple tout en \u00e9tant pouss\u00e9es et engag\u00e9es \u00e0 aller de l\u2019avant. Gr\u00e2ce \u00e0 l\u2019action du Saint-Esprit et du travail d\u2019amour de tant de Filles de la Charit\u00e9, de nombreuses r\u00e9alit\u00e9s ont \u00e9t\u00e9 transform\u00e9es et le Seigneur annonc\u00e9.<\/p>\n\n\n\n<div class=\"wp-block-image\"><figure class=\"alignright size-large is-resized\"><img decoding=\"async\" src=\"https:\/\/filles-de-la-charite.org\/wp-content\/uploads\/2023\/06\/200623-BeloHorizonte-3.jpg\" alt=\"\" class=\"wp-image-50938\" width=\"360\"\/><\/figure><\/div>\n\n\n\n<p>Aujourd\u2019hui, cinquante ans plus tard, nos c\u0153urs pleins de reconnaissance pour l\u2019action de Dieu en nous, nous Le remercions pour cette belle histoire tiss\u00e9e de fils d\u2019or par les mains de tant de S\u0153urs dans le don total d\u2019elles-m\u00eames, au service du Christ dans les Pauvres.<\/p>\n\n\n\n<p>Le cinquanti\u00e8me anniversaire de notre Province est un temps pour c\u00e9l\u00e9brer le Charisme de la Compagnie, et comm\u00e9morer les \u00e9v\u00e8nements remarquables afin de rendre gr\u00e2ce pour les innombrables bienfaits re\u00e7us du Seigneur, renforcer la pri\u00e8re et intensifier les liens d\u2019unit\u00e9.<\/p>\n\n\n\n<p>Aussi, le 31 Mai 2020, lors de la solennit\u00e9 de la Pentec\u00f4te, nous nous sommes rassembl\u00e9es dans une joie d\u00e9bordante afin de rendre gr\u00e2ce pour le pass\u00e9, raviver la passion avec laquelle nous devons vivre le pr\u00e9sent, sp\u00e9cialement durant ces temps incertains. Comme le Pape Fran\u00e7ois nous le dit&nbsp;: nous n\u2019avons pas seulement \u00e0 nous souvenir d\u2019une histoire glorieuse et \u00e0 la raconter, mais une grande histoire \u00e0 construire&nbsp;! &nbsp;Donc, dans cette action de gr\u00e2ces, nous nous engageons \u00e0 accueillir l\u2019avenir avec esp\u00e9rance car l\u2019Esprit-Saint nous permettra de r\u00e9aliser de grandes choses.<\/p>\n\n\n\n<p>Nous confions au Paraclet la direction de notre Province bien-aim\u00e9e et, sous la protection de Marie, M\u00e8re et Gardienne de la Compagnie, nous renouvelons notre d\u00e9sir d\u2019\u00eatre plus fortes pour aller de l\u2019avant toutes ensemble.<\/p>\n\n\n\n<h4 class=\"has-text-align-left wp-block-heading\">Avec confiance et joie, nous continuons \u00e0 parcourir le chemin de la charit\u00e9 et de la Mission,&nbsp; \u00e0 r\u00e9pondre aux appels de la Compagnie et de l\u2019Eglise et nous efforcer de vivre le th\u00e8me des Assembl\u00e9es&nbsp;: \u00ab&nbsp;Ephata, Franchir la porte\u2026 Aller vers\u2026 Rencontrer&nbsp;\u00bb.<\/h4>\n\n\n\n<p class=\"has-text-align-right\"><span style=\"color: #0432ff;\"><em>S\u0153ur Jane Carla G. SOUZA, FdlC<\/em> <em> Province de Belo Horizonte du Br\u00e9sil<\/em><\/span><\/p>\n\n\n\n<div class=\"wp-block-image\"><figure class=\"aligncenter\"><img decoding=\"async\" src=\"https:\/\/filles-de-la-charite.org\/wp-content\/uploads\/2023\/06\/200623-BeloHorizonte-2.jpg\" alt=\"\" class=\"wp-image-41019\"\/><\/figure><\/div>\n\n\n\n<div class=\"wp-block-image\"><figure class=\"aligncenter\"><img decoding=\"async\" src=\"https:\/\/filles-de-la-charite.org\/wp-content\/uploads\/2023\/06\/200623-BeloHorizonte-4.jpg\" alt=\"\" class=\"wp-image-41021\"\/><\/figure><\/div>\n","protected":false},"excerpt":{"rendered":"<p>L\u2019ann\u00e9e 2020 marque la c\u00e9l\u00e9bration du 5Oeanniversaire de la Province de Belo Horizonte du Br\u00e9sil. Le 17 mai 1970, le dimanche de Pentec\u00f4te, la Province du Br\u00e9sil des Filles de la Charit\u00e9 a \u00e9t\u00e9 scind\u00e9e et la nouvelle Province de Belo Horizonte a \u00e9t\u00e9 cr\u00e9\u00e9e. S\u0153ur Constan\u00e7a de Magalh\u00e3esDutra a \u00e9t\u00e9 nomm\u00e9e Visitatrice. Voil\u00e0 comment [&hellip;]<\/p>\n","protected":false},"author":1,"featured_media":14824,"comment_status":"closed","ping_status":"closed","sticky":false,"template":"","format":"standard","meta":{"_acf_changed":false,"footnotes":"","_links_to":"","_links_to_target":""},"categories":[576,1],"tags":[],"class_list":["post-22273","post","type-post","status-publish","format-standard","has-post-thumbnail","hentry","category-belo-horizonte-bresil-fr","category-sin-categorizar"],"acf":[],"yoast_head":"<!-- This site is optimized with the Yoast SEO plugin v27.5 - https:\/\/yoast.com\/product\/yoast-seo-wordpress\/ -->\n<title>50e anniversaire de la Province de Belo Horizonte, Br\u00e9sil. 1970-2020 \u2013 une histoire tiss\u00e9e de fils d\u2019or - Filles de la Charit\u00e9<\/title>\n<meta name=\"robots\" content=\"index, follow, max-snippet:-1, max-image-preview:large, max-video-preview:-1\" \/>\n<link rel=\"canonical\" href=\"https:\/\/filles-de-la-charite.org\/fr\/50th-anniversary-of-the-province-of-belo-horizonte-brazil-1970-2020-a-story-woven-with-golden-threads-2\/\" \/>\n<meta property=\"og:locale\" content=\"fr_FR\" \/>\n<meta property=\"og:type\" content=\"article\" \/>\n<meta property=\"og:title\" content=\"50e anniversaire de la Province de Belo Horizonte, Br\u00e9sil. 1970-2020 \u2013 une histoire tiss\u00e9e de fils d\u2019or - Filles de la Charit\u00e9\" \/>\n<meta property=\"og:description\" content=\"L\u2019ann\u00e9e 2020 marque la c\u00e9l\u00e9bration du 5Oeanniversaire de la Province de Belo Horizonte du Br\u00e9sil. Le 17 mai 1970, le dimanche de Pentec\u00f4te, la Province du Br\u00e9sil des Filles de la Charit\u00e9 a \u00e9t\u00e9 scind\u00e9e et la nouvelle Province de Belo Horizonte a \u00e9t\u00e9 cr\u00e9\u00e9e. S\u0153ur Constan\u00e7a de Magalh\u00e3esDutra a \u00e9t\u00e9 nomm\u00e9e Visitatrice. Voil\u00e0 comment [&hellip;]\" \/>\n<meta property=\"og:url\" content=\"https:\/\/filles-de-la-charite.org\/fr\/50th-anniversary-of-the-province-of-belo-horizonte-brazil-1970-2020-a-story-woven-with-golden-threads-2\/\" \/>\n<meta property=\"og:site_name\" content=\"Filles de la Charit\u00e9\" \/>\n<meta property=\"article:published_time\" content=\"2020-06-22T20:33:49+00:00\" \/>\n<meta property=\"article:modified_time\" content=\"2024-03-16T11:02:17+00:00\" \/>\n<meta property=\"og:image\" content=\"https:\/\/filles-de-la-charite.org\/wp-content\/uploads\/2023\/06\/200623-BeloHorizonte-1.jpg\" \/>\n\t<meta property=\"og:image:width\" content=\"1280\" \/>\n\t<meta property=\"og:image:height\" content=\"720\" \/>\n\t<meta property=\"og:image:type\" content=\"image\/jpeg\" \/>\n<meta name=\"author\" content=\"admin\" \/>\n<meta name=\"twitter:card\" content=\"summary_large_image\" \/>\n<meta name=\"twitter:label1\" content=\"\u00c9crit par\" \/>\n\t<meta name=\"twitter:data1\" content=\"admin\" \/>\n\t<meta name=\"twitter:label2\" content=\"Dur\u00e9e de lecture estim\u00e9e\" \/>\n\t<meta name=\"twitter:data2\" content=\"2 minutes\" \/>\n<script type=\"application\/ld+json\" class=\"yoast-schema-graph\">{\"@context\":\"https:\\\/\\\/schema.org\",\"@graph\":[{\"@type\":\"Article\",\"@id\":\"https:\\\/\\\/filles-de-la-charite.org\\\/fr\\\/50th-anniversary-of-the-province-of-belo-horizonte-brazil-1970-2020-a-story-woven-with-golden-threads-2\\\/#article\",\"isPartOf\":{\"@id\":\"https:\\\/\\\/filles-de-la-charite.org\\\/fr\\\/50th-anniversary-of-the-province-of-belo-horizonte-brazil-1970-2020-a-story-woven-with-golden-threads-2\\\/\"},\"author\":{\"name\":\"admin\",\"@id\":\"https:\\\/\\\/filles-de-la-charite.org\\\/fr\\\/#\\\/schema\\\/person\\\/427567b2eccfc2dd7d206da186a1f438\"},\"headline\":\"50e anniversaire de la Province de Belo Horizonte, Br\u00e9sil. 1970-2020 \u2013 une histoire tiss\u00e9e de fils d\u2019or\",\"datePublished\":\"2020-06-22T20:33:49+00:00\",\"dateModified\":\"2024-03-16T11:02:17+00:00\",\"mainEntityOfPage\":{\"@id\":\"https:\\\/\\\/filles-de-la-charite.org\\\/fr\\\/50th-anniversary-of-the-province-of-belo-horizonte-brazil-1970-2020-a-story-woven-with-golden-threads-2\\\/\"},\"wordCount\":501,\"publisher\":{\"@id\":\"https:\\\/\\\/filles-de-la-charite.org\\\/fr\\\/#organization\"},\"image\":{\"@id\":\"https:\\\/\\\/filles-de-la-charite.org\\\/fr\\\/50th-anniversary-of-the-province-of-belo-horizonte-brazil-1970-2020-a-story-woven-with-golden-threads-2\\\/#primaryimage\"},\"thumbnailUrl\":\"https:\\\/\\\/filles-de-la-charite.org\\\/wp-content\\\/uploads\\\/2023\\\/06\\\/200623-BeloHorizonte-1.jpg\",\"articleSection\":[\"Belo Horizonte - Br\u00e9sil\",\"Sin categorizar\"],\"inLanguage\":\"fr-FR\"},{\"@type\":\"WebPage\",\"@id\":\"https:\\\/\\\/filles-de-la-charite.org\\\/fr\\\/50th-anniversary-of-the-province-of-belo-horizonte-brazil-1970-2020-a-story-woven-with-golden-threads-2\\\/\",\"url\":\"https:\\\/\\\/filles-de-la-charite.org\\\/fr\\\/50th-anniversary-of-the-province-of-belo-horizonte-brazil-1970-2020-a-story-woven-with-golden-threads-2\\\/\",\"name\":\"50e anniversaire de la Province de Belo Horizonte, Br\u00e9sil. 1970-2020 \u2013 une histoire tiss\u00e9e de fils d\u2019or - Filles de la Charit\u00e9\",\"isPartOf\":{\"@id\":\"https:\\\/\\\/filles-de-la-charite.org\\\/fr\\\/#website\"},\"primaryImageOfPage\":{\"@id\":\"https:\\\/\\\/filles-de-la-charite.org\\\/fr\\\/50th-anniversary-of-the-province-of-belo-horizonte-brazil-1970-2020-a-story-woven-with-golden-threads-2\\\/#primaryimage\"},\"image\":{\"@id\":\"https:\\\/\\\/filles-de-la-charite.org\\\/fr\\\/50th-anniversary-of-the-province-of-belo-horizonte-brazil-1970-2020-a-story-woven-with-golden-threads-2\\\/#primaryimage\"},\"thumbnailUrl\":\"https:\\\/\\\/filles-de-la-charite.org\\\/wp-content\\\/uploads\\\/2023\\\/06\\\/200623-BeloHorizonte-1.jpg\",\"datePublished\":\"2020-06-22T20:33:49+00:00\",\"dateModified\":\"2024-03-16T11:02:17+00:00\",\"breadcrumb\":{\"@id\":\"https:\\\/\\\/filles-de-la-charite.org\\\/fr\\\/50th-anniversary-of-the-province-of-belo-horizonte-brazil-1970-2020-a-story-woven-with-golden-threads-2\\\/#breadcrumb\"},\"inLanguage\":\"fr-FR\",\"potentialAction\":[{\"@type\":\"ReadAction\",\"target\":[\"https:\\\/\\\/filles-de-la-charite.org\\\/fr\\\/50th-anniversary-of-the-province-of-belo-horizonte-brazil-1970-2020-a-story-woven-with-golden-threads-2\\\/\"]}]},{\"@type\":\"ImageObject\",\"inLanguage\":\"fr-FR\",\"@id\":\"https:\\\/\\\/filles-de-la-charite.org\\\/fr\\\/50th-anniversary-of-the-province-of-belo-horizonte-brazil-1970-2020-a-story-woven-with-golden-threads-2\\\/#primaryimage\",\"url\":\"https:\\\/\\\/filles-de-la-charite.org\\\/wp-content\\\/uploads\\\/2023\\\/06\\\/200623-BeloHorizonte-1.jpg\",\"contentUrl\":\"https:\\\/\\\/filles-de-la-charite.org\\\/wp-content\\\/uploads\\\/2023\\\/06\\\/200623-BeloHorizonte-1.jpg\",\"width\":1280,\"height\":720},{\"@type\":\"BreadcrumbList\",\"@id\":\"https:\\\/\\\/filles-de-la-charite.org\\\/fr\\\/50th-anniversary-of-the-province-of-belo-horizonte-brazil-1970-2020-a-story-woven-with-golden-threads-2\\\/#breadcrumb\",\"itemListElement\":[{\"@type\":\"ListItem\",\"position\":1,\"name\":\"Belo Horizonte - Br\u00e9sil\",\"item\":\"https:\\\/\\\/filles-de-la-charite.org\\\/fr\\\/category\\\/belo-horizonte-bresil-fr\\\/\"},{\"@type\":\"ListItem\",\"position\":2,\"name\":\"50e anniversaire de la Province de Belo Horizonte, Br\u00e9sil. 1970-2020 \u2013 une histoire tiss\u00e9e de fils d\u2019or\"}]},{\"@type\":\"WebSite\",\"@id\":\"https:\\\/\\\/filles-de-la-charite.org\\\/fr\\\/#website\",\"url\":\"https:\\\/\\\/filles-de-la-charite.org\\\/fr\\\/\",\"name\":\"Hijas de la Caridad\",\"description\":\"L\u2019amour de J\u00e9sus nous presse \u00e0 prendre soin des personnes les plus d\u00e9munies\",\"publisher\":{\"@id\":\"https:\\\/\\\/filles-de-la-charite.org\\\/fr\\\/#organization\"},\"potentialAction\":[{\"@type\":\"SearchAction\",\"target\":{\"@type\":\"EntryPoint\",\"urlTemplate\":\"https:\\\/\\\/filles-de-la-charite.org\\\/fr\\\/?s={search_term_string}\"},\"query-input\":{\"@type\":\"PropertyValueSpecification\",\"valueRequired\":true,\"valueName\":\"search_term_string\"}}],\"inLanguage\":\"fr-FR\"},{\"@type\":\"Organization\",\"@id\":\"https:\\\/\\\/filles-de-la-charite.org\\\/fr\\\/#organization\",\"name\":\"Hijas de la Caridad\",\"url\":\"https:\\\/\\\/filles-de-la-charite.org\\\/fr\\\/\",\"logo\":{\"@type\":\"ImageObject\",\"inLanguage\":\"fr-FR\",\"@id\":\"https:\\\/\\\/filles-de-la-charite.org\\\/fr\\\/#\\\/schema\\\/logo\\\/image\\\/\",\"url\":\"https:\\\/\\\/filles-de-la-charite.org\\\/wp-content\\\/uploads\\\/2023\\\/03\\\/isotipo-Hijas-de-la-Caridad.png\",\"contentUrl\":\"https:\\\/\\\/filles-de-la-charite.org\\\/wp-content\\\/uploads\\\/2023\\\/03\\\/isotipo-Hijas-de-la-Caridad.png\",\"width\":1417,\"height\":1417,\"caption\":\"Hijas de la Caridad\"},\"image\":{\"@id\":\"https:\\\/\\\/filles-de-la-charite.org\\\/fr\\\/#\\\/schema\\\/logo\\\/image\\\/\"}},{\"@type\":\"Person\",\"@id\":\"https:\\\/\\\/filles-de-la-charite.org\\\/fr\\\/#\\\/schema\\\/person\\\/427567b2eccfc2dd7d206da186a1f438\",\"name\":\"admin\",\"image\":{\"@type\":\"ImageObject\",\"inLanguage\":\"fr-FR\",\"@id\":\"https:\\\/\\\/secure.gravatar.com\\\/avatar\\\/948b492cce32b586ac2db0eaa926ee87024f7afe218d73b397ea5ddfc5f43ea1?s=96&d=mm&r=g\",\"url\":\"https:\\\/\\\/secure.gravatar.com\\\/avatar\\\/948b492cce32b586ac2db0eaa926ee87024f7afe218d73b397ea5ddfc5f43ea1?s=96&d=mm&r=g\",\"contentUrl\":\"https:\\\/\\\/secure.gravatar.com\\\/avatar\\\/948b492cce32b586ac2db0eaa926ee87024f7afe218d73b397ea5ddfc5f43ea1?s=96&d=mm&r=g\",\"caption\":\"admin\"},\"sameAs\":[\"https:\\\/\\\/filles-de-la-charite.org\"],\"url\":\"https:\\\/\\\/filles-de-la-charite.org\\\/fr\\\/author\\\/caridad\\\/\"}]}<\/script>\n<!-- \/ Yoast SEO plugin. -->","yoast_head_json":{"title":"50e anniversaire de la Province de Belo Horizonte, Br\u00e9sil. 1970-2020 \u2013 une histoire tiss\u00e9e de fils d\u2019or - Filles de la Charit\u00e9","robots":{"index":"index","follow":"follow","max-snippet":"max-snippet:-1","max-image-preview":"max-image-preview:large","max-video-preview":"max-video-preview:-1"},"canonical":"https:\/\/filles-de-la-charite.org\/fr\/50th-anniversary-of-the-province-of-belo-horizonte-brazil-1970-2020-a-story-woven-with-golden-threads-2\/","og_locale":"fr_FR","og_type":"article","og_title":"50e anniversaire de la Province de Belo Horizonte, Br\u00e9sil. 1970-2020 \u2013 une histoire tiss\u00e9e de fils d\u2019or - Filles de la Charit\u00e9","og_description":"L\u2019ann\u00e9e 2020 marque la c\u00e9l\u00e9bration du 5Oeanniversaire de la Province de Belo Horizonte du Br\u00e9sil. Le 17 mai 1970, le dimanche de Pentec\u00f4te, la Province du Br\u00e9sil des Filles de la Charit\u00e9 a \u00e9t\u00e9 scind\u00e9e et la nouvelle Province de Belo Horizonte a \u00e9t\u00e9 cr\u00e9\u00e9e. S\u0153ur Constan\u00e7a de Magalh\u00e3esDutra a \u00e9t\u00e9 nomm\u00e9e Visitatrice. Voil\u00e0 comment [&hellip;]","og_url":"https:\/\/filles-de-la-charite.org\/fr\/50th-anniversary-of-the-province-of-belo-horizonte-brazil-1970-2020-a-story-woven-with-golden-threads-2\/","og_site_name":"Filles de la Charit\u00e9","article_published_time":"2020-06-22T20:33:49+00:00","article_modified_time":"2024-03-16T11:02:17+00:00","og_image":[{"width":1280,"height":720,"url":"https:\/\/filles-de-la-charite.org\/wp-content\/uploads\/2023\/06\/200623-BeloHorizonte-1.jpg","type":"image\/jpeg"}],"author":"admin","twitter_card":"summary_large_image","twitter_misc":{"\u00c9crit par":"admin","Dur\u00e9e de lecture estim\u00e9e":"2 minutes"},"schema":{"@context":"https:\/\/schema.org","@graph":[{"@type":"Article","@id":"https:\/\/filles-de-la-charite.org\/fr\/50th-anniversary-of-the-province-of-belo-horizonte-brazil-1970-2020-a-story-woven-with-golden-threads-2\/#article","isPartOf":{"@id":"https:\/\/filles-de-la-charite.org\/fr\/50th-anniversary-of-the-province-of-belo-horizonte-brazil-1970-2020-a-story-woven-with-golden-threads-2\/"},"author":{"name":"admin","@id":"https:\/\/filles-de-la-charite.org\/fr\/#\/schema\/person\/427567b2eccfc2dd7d206da186a1f438"},"headline":"50e anniversaire de la Province de Belo Horizonte, Br\u00e9sil. 1970-2020 \u2013 une histoire tiss\u00e9e de fils d\u2019or","datePublished":"2020-06-22T20:33:49+00:00","dateModified":"2024-03-16T11:02:17+00:00","mainEntityOfPage":{"@id":"https:\/\/filles-de-la-charite.org\/fr\/50th-anniversary-of-the-province-of-belo-horizonte-brazil-1970-2020-a-story-woven-with-golden-threads-2\/"},"wordCount":501,"publisher":{"@id":"https:\/\/filles-de-la-charite.org\/fr\/#organization"},"image":{"@id":"https:\/\/filles-de-la-charite.org\/fr\/50th-anniversary-of-the-province-of-belo-horizonte-brazil-1970-2020-a-story-woven-with-golden-threads-2\/#primaryimage"},"thumbnailUrl":"https:\/\/filles-de-la-charite.org\/wp-content\/uploads\/2023\/06\/200623-BeloHorizonte-1.jpg","articleSection":["Belo Horizonte - Br\u00e9sil","Sin categorizar"],"inLanguage":"fr-FR"},{"@type":"WebPage","@id":"https:\/\/filles-de-la-charite.org\/fr\/50th-anniversary-of-the-province-of-belo-horizonte-brazil-1970-2020-a-story-woven-with-golden-threads-2\/","url":"https:\/\/filles-de-la-charite.org\/fr\/50th-anniversary-of-the-province-of-belo-horizonte-brazil-1970-2020-a-story-woven-with-golden-threads-2\/","name":"50e anniversaire de la Province de Belo Horizonte, Br\u00e9sil. 1970-2020 \u2013 une histoire tiss\u00e9e de fils d\u2019or - Filles de la Charit\u00e9","isPartOf":{"@id":"https:\/\/filles-de-la-charite.org\/fr\/#website"},"primaryImageOfPage":{"@id":"https:\/\/filles-de-la-charite.org\/fr\/50th-anniversary-of-the-province-of-belo-horizonte-brazil-1970-2020-a-story-woven-with-golden-threads-2\/#primaryimage"},"image":{"@id":"https:\/\/filles-de-la-charite.org\/fr\/50th-anniversary-of-the-province-of-belo-horizonte-brazil-1970-2020-a-story-woven-with-golden-threads-2\/#primaryimage"},"thumbnailUrl":"https:\/\/filles-de-la-charite.org\/wp-content\/uploads\/2023\/06\/200623-BeloHorizonte-1.jpg","datePublished":"2020-06-22T20:33:49+00:00","dateModified":"2024-03-16T11:02:17+00:00","breadcrumb":{"@id":"https:\/\/filles-de-la-charite.org\/fr\/50th-anniversary-of-the-province-of-belo-horizonte-brazil-1970-2020-a-story-woven-with-golden-threads-2\/#breadcrumb"},"inLanguage":"fr-FR","potentialAction":[{"@type":"ReadAction","target":["https:\/\/filles-de-la-charite.org\/fr\/50th-anniversary-of-the-province-of-belo-horizonte-brazil-1970-2020-a-story-woven-with-golden-threads-2\/"]}]},{"@type":"ImageObject","inLanguage":"fr-FR","@id":"https:\/\/filles-de-la-charite.org\/fr\/50th-anniversary-of-the-province-of-belo-horizonte-brazil-1970-2020-a-story-woven-with-golden-threads-2\/#primaryimage","url":"https:\/\/filles-de-la-charite.org\/wp-content\/uploads\/2023\/06\/200623-BeloHorizonte-1.jpg","contentUrl":"https:\/\/filles-de-la-charite.org\/wp-content\/uploads\/2023\/06\/200623-BeloHorizonte-1.jpg","width":1280,"height":720},{"@type":"BreadcrumbList","@id":"https:\/\/filles-de-la-charite.org\/fr\/50th-anniversary-of-the-province-of-belo-horizonte-brazil-1970-2020-a-story-woven-with-golden-threads-2\/#breadcrumb","itemListElement":[{"@type":"ListItem","position":1,"name":"Belo Horizonte - Br\u00e9sil","item":"https:\/\/filles-de-la-charite.org\/fr\/category\/belo-horizonte-bresil-fr\/"},{"@type":"ListItem","position":2,"name":"50e anniversaire de la Province de Belo Horizonte, Br\u00e9sil. 1970-2020 \u2013 une histoire tiss\u00e9e de fils d\u2019or"}]},{"@type":"WebSite","@id":"https:\/\/filles-de-la-charite.org\/fr\/#website","url":"https:\/\/filles-de-la-charite.org\/fr\/","name":"Hijas de la Caridad","description":"L\u2019amour de J\u00e9sus nous presse \u00e0 prendre soin des personnes les plus d\u00e9munies","publisher":{"@id":"https:\/\/filles-de-la-charite.org\/fr\/#organization"},"potentialAction":[{"@type":"SearchAction","target":{"@type":"EntryPoint","urlTemplate":"https:\/\/filles-de-la-charite.org\/fr\/?s={search_term_string}"},"query-input":{"@type":"PropertyValueSpecification","valueRequired":true,"valueName":"search_term_string"}}],"inLanguage":"fr-FR"},{"@type":"Organization","@id":"https:\/\/filles-de-la-charite.org\/fr\/#organization","name":"Hijas de la Caridad","url":"https:\/\/filles-de-la-charite.org\/fr\/","logo":{"@type":"ImageObject","inLanguage":"fr-FR","@id":"https:\/\/filles-de-la-charite.org\/fr\/#\/schema\/logo\/image\/","url":"https:\/\/filles-de-la-charite.org\/wp-content\/uploads\/2023\/03\/isotipo-Hijas-de-la-Caridad.png","contentUrl":"https:\/\/filles-de-la-charite.org\/wp-content\/uploads\/2023\/03\/isotipo-Hijas-de-la-Caridad.png","width":1417,"height":1417,"caption":"Hijas de la Caridad"},"image":{"@id":"https:\/\/filles-de-la-charite.org\/fr\/#\/schema\/logo\/image\/"}},{"@type":"Person","@id":"https:\/\/filles-de-la-charite.org\/fr\/#\/schema\/person\/427567b2eccfc2dd7d206da186a1f438","name":"admin","image":{"@type":"ImageObject","inLanguage":"fr-FR","@id":"https:\/\/secure.gravatar.com\/avatar\/948b492cce32b586ac2db0eaa926ee87024f7afe218d73b397ea5ddfc5f43ea1?s=96&d=mm&r=g","url":"https:\/\/secure.gravatar.com\/avatar\/948b492cce32b586ac2db0eaa926ee87024f7afe218d73b397ea5ddfc5f43ea1?s=96&d=mm&r=g","contentUrl":"https:\/\/secure.gravatar.com\/avatar\/948b492cce32b586ac2db0eaa926ee87024f7afe218d73b397ea5ddfc5f43ea1?s=96&d=mm&r=g","caption":"admin"},"sameAs":["https:\/\/filles-de-la-charite.org"],"url":"https:\/\/filles-de-la-charite.org\/fr\/author\/caridad\/"}]}},"_links":{"self":[{"href":"https:\/\/filles-de-la-charite.org\/fr\/wp-json\/wp\/v2\/posts\/22273","targetHints":{"allow":["GET"]}}],"collection":[{"href":"https:\/\/filles-de-la-charite.org\/fr\/wp-json\/wp\/v2\/posts"}],"about":[{"href":"https:\/\/filles-de-la-charite.org\/fr\/wp-json\/wp\/v2\/types\/post"}],"author":[{"embeddable":true,"href":"https:\/\/filles-de-la-charite.org\/fr\/wp-json\/wp\/v2\/users\/1"}],"replies":[{"embeddable":true,"href":"https:\/\/filles-de-la-charite.org\/fr\/wp-json\/wp\/v2\/comments?post=22273"}],"version-history":[{"count":1,"href":"https:\/\/filles-de-la-charite.org\/fr\/wp-json\/wp\/v2\/posts\/22273\/revisions"}],"predecessor-version":[{"id":22274,"href":"https:\/\/filles-de-la-charite.org\/fr\/wp-json\/wp\/v2\/posts\/22273\/revisions\/22274"}],"wp:featuredmedia":[{"embeddable":true,"href":"https:\/\/filles-de-la-charite.org\/fr\/wp-json\/wp\/v2\/media\/14824"}],"wp:attachment":[{"href":"https:\/\/filles-de-la-charite.org\/fr\/wp-json\/wp\/v2\/media?parent=22273"}],"wp:term":[{"taxonomy":"category","embeddable":true,"href":"https:\/\/filles-de-la-charite.org\/fr\/wp-json\/wp\/v2\/categories?post=22273"},{"taxonomy":"post_tag","embeddable":true,"href":"https:\/\/filles-de-la-charite.org\/fr\/wp-json\/wp\/v2\/tags?post=22273"}],"curies":[{"name":"wp","href":"https:\/\/api.w.org\/{rel}","templated":true}]}}