{"id":22277,"date":"2020-06-29T22:41:52","date_gmt":"2020-06-29T20:41:52","guid":{"rendered":"https:\/\/hijascaridad.sjdigitaldemo.ovh\/waiting-in-line-outside-the-soup-kitchen-of-the-daughters-of-charity-during-the-covid-19-in-madrid-2\/"},"modified":"2024-03-17T18:21:44","modified_gmt":"2024-03-17T17:21:44","slug":"waiting-in-line-outside-the-soup-kitchen-of-the-daughters-of-charity-during-the-covid-19-in-madrid-2","status":"publish","type":"post","link":"https:\/\/filles-de-la-charite.org\/fr\/waiting-in-line-outside-the-soup-kitchen-of-the-daughters-of-charity-during-the-covid-19-in-madrid-2\/","title":{"rendered":"File d\u2019attente \u00e0 l\u2019ext\u00e9rieur de la \u00ab salle \u00e0 manger sociale \u00bb des Filles de la Charit\u00e9 pendant la COVID-19 \u00e0 Madrid"},"content":{"rendered":"\n<p>Pendant cette pand\u00e9mie, le \u00ab\u00a0programme Saint-Vincent de Paul\u00a0\u00bb n\u2019a pas eu d\u2019autre choix que d\u2019adapter ses services \u00e0 la conjoncture. C\u2019est ainsi que les personnes ont d\u00fb attendre en file indienne \u00e0 l\u2019ext\u00e9rieur pour recevoir des colis alimentaires, alors qu\u2019elles avaient l\u2019habitude d\u2019\u00eatre servies sur un plateau, assises \u00e0 table. Le repas, maintenant offert dans un emballage plastique, comprend de la viande et des pommes de terre, un sandwich \u00e0 la tortilla, un sandwich aux sardines et un fruit. Un des Destinataires, artiste, a exprim\u00e9 sa reconnaissance en r\u00e9alisant un beau dessin (Cf. ci-dessous).<\/p>\n\n\n\n<!--more-->\n\n\n\n<div class=\"wp-block-image size-full wp-image-41041 is-style-default\"><figure class=\"aligncenter\"><img decoding=\"async\" src=\"https:\/\/filles-de-la-charite.org\/wp-content\/uploads\/2023\/06\/0630-comedor-2.jpg\" alt=\"\" class=\"wp-image-41041\"\/><figcaption><span style=\"color: #942092;\">Dessin\u00e9 par un B\u00e9n\u00e9ficiaire pour exprimer sa satisfaction<\/span>.<\/figcaption><\/figure><\/div>\n\n\n\n<p>Le Centre avait l\u2019habitude de servir des Migrants de sexe masculin mais, dans ce contexte, cinquante pour cent des b\u00e9n\u00e9ficiaires sont des Espagnols. Par ailleurs, les femmes qui, habituellement repr\u00e9sentaient 11 pour cent des destinataires, sont devenues plus nombreuses \u00e0 cause des Personnels de maison qui ont perdu leur travail. C\u2019est ce qui est arriv\u00e9 \u00e0 Edita Lopez, quand la dame \u00e2g\u00e9e dont elle s\u2019occupait est morte du Coronavirus&nbsp;; la fille de cette dame lui a demand\u00e9 de quitter l\u2019habitation o\u00f9 elle se trouvait depuis huit ans, lui intimant&nbsp; de quitter les lieux au plus tard le 10 juin, alors qu\u2019elle n\u2019avait aucune \u00e9conomie puisqu\u2019elle envoyait tout ce qu\u2019elle gagnait \u00e0 sa famille au Paraguay.<\/p>\n\n\n\n<p>S\u0153ur Josefa assure le service dans ce lieu depuis 2016&nbsp;; pendant la r\u00e9cession de 2008, elle se trouvait dans un Centre situ\u00e9 dans une autre ville et affirme que cette crise est plus grave que la pr\u00e9c\u00e9dente. Le probl\u00e8me en 2008 \u00e9tait uniquement financier, maintenant s\u2019y est rajout\u00e9e une crise sanitaire. En 2008, le r\u00e9seau familial, sp\u00e9cialement les parents \u00e2g\u00e9s et les grands-parents ont aid\u00e9 \u00e0&nbsp;surmonter la situation. Cette pand\u00e9mie a isol\u00e9 les personnes \u00e2g\u00e9es, les enfants ne pouvant \u00eatre avec leurs parents ni les accompagner dans leurs difficult\u00e9s&nbsp;: la solidarit\u00e9 interg\u00e9n\u00e9rationnelle n\u2019a pu adoucir les effets de la pand\u00e9mie.<\/p>\n\n\n\n<p>Ainsi, la pauvret\u00e9 a rev\u00eatu de nouvelles formes qu\u2019on peut observer dans cette file d\u2019attente&nbsp;: on y voit les Sans-Abris habituels, mais aussi des travailleurs ind\u00e9pendants venant de perdre leur emploi. On peut reconna\u00eetre ces derniers car, les premiers jours, ils regardent \u00e0 distance et tandis qu\u2019ils attendent que la file avance, ils entrent et sortent.<\/p>\n\n\n\n<div class=\"wp-block-image is-style-default\"><figure class=\"aligncenter\"><img decoding=\"async\" src=\"https:\/\/filles-de-la-charite.org\/wp-content\/uploads\/2023\/06\/0630-comedor-1.jpg\" alt=\"\" class=\"wp-image-41040\"\/><\/figure><\/div>\n\n\n\n<p>A la porte se trouvent de nombreux v\u00e9los gar\u00e9s. Le long des trottoirs, il y a plus d\u2019une douzaine de conducteurs avec des sacs \u00e0 dos, attendant leur colis alimentaire. Travailler pour avoir de la nourriture \u00e0 la maison n\u2019a rien \u00e0 voir avec le fait de se nourrir par le biais de la charit\u00e9. Jarrison vient presque tous les jours vers 13h&nbsp;; il est arriv\u00e9 du P\u00e9rou il y a huit mois pour travailler et pouvoir envoyer de l\u2019argent \u00e0 sa famille, \u00ab&nbsp;mais maintenant, c\u2019est impossible&nbsp;\u00bb. Il gagne environ 400 euros \u00ab&nbsp;et presque la totalit\u00e9 de son salaire sert \u00e0 payer le r\u00e8glement de son loyer&nbsp;\u00bb. \u00ab&nbsp;Ce que les Filles de la Charit\u00e9 me donnent me suffit, je le garde pour le d\u00e9jeuner et le d\u00eener. Elles m\u2019ont aussi donn\u00e9 un imperm\u00e9able, j\u2019en suis tr\u00e8s reconnaissant&nbsp;\u00bb, dit-il, tandis qu\u2019il part en direction de l\u2019entr\u00e9e o\u00f9 d\u00e9jeunent ses compagnons du jour.<\/p>\n\n\n\n<p>\u00ab&nbsp;Je suis Espagnol et Andalou, en \u00ab&nbsp;Erte&nbsp;\u00bb (mesure de travail flexible, pr\u00e9c\u00e9dant quelquefois la fermeture d\u2019une entreprise\u2026), avec 10 euros sur mon compte&nbsp;\u00bb, crie le seul Espagnol d\u00e9sireux de dire la raison pour laquelle il doit mendier.<\/p>\n\n\n\n<p><strong>Nous prions pour la fin de cette pand\u00e9mie et pour que le \u00ab&nbsp;Centre Int\u00e9gral Saint-Vincent de Paul&nbsp;\u00bb puisse poursuivre ce service complet \u00e0 nos fr\u00e8res et s\u0153urs.<\/strong><\/p>\n","protected":false},"excerpt":{"rendered":"<p>Pendant cette pand\u00e9mie, le \u00ab\u00a0programme Saint-Vincent de Paul\u00a0\u00bb n\u2019a pas eu d\u2019autre choix que d\u2019adapter ses services \u00e0 la conjoncture. C\u2019est ainsi que les personnes ont d\u00fb attendre en file indienne \u00e0 l\u2019ext\u00e9rieur pour recevoir des colis alimentaires, alors qu\u2019elles avaient l\u2019habitude d\u2019\u00eatre servies sur un plateau, assises \u00e0 table. Le repas, maintenant offert dans [&hellip;]<\/p>\n","protected":false},"author":1,"featured_media":14894,"comment_status":"closed","ping_status":"closed","sticky":false,"template":"","format":"standard","meta":{"_acf_changed":false,"footnotes":"","_links_to":"","_links_to_target":""},"categories":[812],"tags":[],"class_list":["post-22277","post","type-post","status-publish","format-standard","has-post-thumbnail","hentry","category-madrid-santa-luisa-fr"],"acf":[],"yoast_head":"<!-- This site is optimized with the Yoast SEO plugin v27.5 - https:\/\/yoast.com\/product\/yoast-seo-wordpress\/ -->\n<title>File d\u2019attente \u00e0 l\u2019ext\u00e9rieur de la \u00ab salle \u00e0 manger sociale \u00bb des Filles de la Charit\u00e9 pendant la COVID-19 \u00e0 Madrid - Filles de la Charit\u00e9<\/title>\n<meta name=\"robots\" content=\"index, follow, max-snippet:-1, max-image-preview:large, max-video-preview:-1\" \/>\n<link rel=\"canonical\" href=\"https:\/\/filles-de-la-charite.org\/fr\/waiting-in-line-outside-the-soup-kitchen-of-the-daughters-of-charity-during-the-covid-19-in-madrid-2\/\" \/>\n<meta property=\"og:locale\" content=\"fr_FR\" \/>\n<meta property=\"og:type\" content=\"article\" \/>\n<meta property=\"og:title\" content=\"File d\u2019attente \u00e0 l\u2019ext\u00e9rieur de la \u00ab salle \u00e0 manger sociale \u00bb des Filles de la Charit\u00e9 pendant la COVID-19 \u00e0 Madrid - Filles de la Charit\u00e9\" \/>\n<meta property=\"og:description\" content=\"Pendant cette pand\u00e9mie, le \u00ab\u00a0programme Saint-Vincent de Paul\u00a0\u00bb n\u2019a pas eu d\u2019autre choix que d\u2019adapter ses services \u00e0 la conjoncture. C\u2019est ainsi que les personnes ont d\u00fb attendre en file indienne \u00e0 l\u2019ext\u00e9rieur pour recevoir des colis alimentaires, alors qu\u2019elles avaient l\u2019habitude d\u2019\u00eatre servies sur un plateau, assises \u00e0 table. Le repas, maintenant offert dans [&hellip;]\" \/>\n<meta property=\"og:url\" content=\"https:\/\/filles-de-la-charite.org\/fr\/waiting-in-line-outside-the-soup-kitchen-of-the-daughters-of-charity-during-the-covid-19-in-madrid-2\/\" \/>\n<meta property=\"og:site_name\" content=\"Filles de la Charit\u00e9\" \/>\n<meta property=\"article:published_time\" content=\"2020-06-29T20:41:52+00:00\" \/>\n<meta property=\"article:modified_time\" content=\"2024-03-17T17:21:44+00:00\" \/>\n<meta property=\"og:image\" content=\"https:\/\/filles-de-la-charite.org\/wp-content\/uploads\/2023\/06\/0630-comedor-thmb.jpg\" \/>\n\t<meta property=\"og:image:width\" content=\"420\" \/>\n\t<meta property=\"og:image:height\" content=\"280\" \/>\n\t<meta property=\"og:image:type\" content=\"image\/jpeg\" \/>\n<meta name=\"author\" content=\"admin\" \/>\n<meta name=\"twitter:card\" content=\"summary_large_image\" \/>\n<meta name=\"twitter:label1\" content=\"\u00c9crit par\" \/>\n\t<meta name=\"twitter:data1\" content=\"admin\" \/>\n\t<meta name=\"twitter:label2\" content=\"Dur\u00e9e de lecture estim\u00e9e\" \/>\n\t<meta name=\"twitter:data2\" content=\"3 minutes\" \/>\n<script type=\"application\/ld+json\" class=\"yoast-schema-graph\">{\"@context\":\"https:\\\/\\\/schema.org\",\"@graph\":[{\"@type\":\"Article\",\"@id\":\"https:\\\/\\\/filles-de-la-charite.org\\\/fr\\\/waiting-in-line-outside-the-soup-kitchen-of-the-daughters-of-charity-during-the-covid-19-in-madrid-2\\\/#article\",\"isPartOf\":{\"@id\":\"https:\\\/\\\/filles-de-la-charite.org\\\/fr\\\/waiting-in-line-outside-the-soup-kitchen-of-the-daughters-of-charity-during-the-covid-19-in-madrid-2\\\/\"},\"author\":{\"name\":\"admin\",\"@id\":\"https:\\\/\\\/filles-de-la-charite.org\\\/fr\\\/#\\\/schema\\\/person\\\/427567b2eccfc2dd7d206da186a1f438\"},\"headline\":\"File d\u2019attente \u00e0 l\u2019ext\u00e9rieur de la \u00ab salle \u00e0 manger sociale \u00bb des Filles de la Charit\u00e9 pendant la COVID-19 \u00e0 Madrid\",\"datePublished\":\"2020-06-29T20:41:52+00:00\",\"dateModified\":\"2024-03-17T17:21:44+00:00\",\"mainEntityOfPage\":{\"@id\":\"https:\\\/\\\/filles-de-la-charite.org\\\/fr\\\/waiting-in-line-outside-the-soup-kitchen-of-the-daughters-of-charity-during-the-covid-19-in-madrid-2\\\/\"},\"wordCount\":679,\"publisher\":{\"@id\":\"https:\\\/\\\/filles-de-la-charite.org\\\/fr\\\/#organization\"},\"image\":{\"@id\":\"https:\\\/\\\/filles-de-la-charite.org\\\/fr\\\/waiting-in-line-outside-the-soup-kitchen-of-the-daughters-of-charity-during-the-covid-19-in-madrid-2\\\/#primaryimage\"},\"thumbnailUrl\":\"https:\\\/\\\/filles-de-la-charite.org\\\/wp-content\\\/uploads\\\/2023\\\/06\\\/0630-comedor-thmb.jpg\",\"articleSection\":[\"Madrid - Santa Luisa\"],\"inLanguage\":\"fr-FR\"},{\"@type\":\"WebPage\",\"@id\":\"https:\\\/\\\/filles-de-la-charite.org\\\/fr\\\/waiting-in-line-outside-the-soup-kitchen-of-the-daughters-of-charity-during-the-covid-19-in-madrid-2\\\/\",\"url\":\"https:\\\/\\\/filles-de-la-charite.org\\\/fr\\\/waiting-in-line-outside-the-soup-kitchen-of-the-daughters-of-charity-during-the-covid-19-in-madrid-2\\\/\",\"name\":\"File d\u2019attente \u00e0 l\u2019ext\u00e9rieur de la \u00ab salle \u00e0 manger sociale \u00bb des Filles de la Charit\u00e9 pendant la COVID-19 \u00e0 Madrid - Filles de la Charit\u00e9\",\"isPartOf\":{\"@id\":\"https:\\\/\\\/filles-de-la-charite.org\\\/fr\\\/#website\"},\"primaryImageOfPage\":{\"@id\":\"https:\\\/\\\/filles-de-la-charite.org\\\/fr\\\/waiting-in-line-outside-the-soup-kitchen-of-the-daughters-of-charity-during-the-covid-19-in-madrid-2\\\/#primaryimage\"},\"image\":{\"@id\":\"https:\\\/\\\/filles-de-la-charite.org\\\/fr\\\/waiting-in-line-outside-the-soup-kitchen-of-the-daughters-of-charity-during-the-covid-19-in-madrid-2\\\/#primaryimage\"},\"thumbnailUrl\":\"https:\\\/\\\/filles-de-la-charite.org\\\/wp-content\\\/uploads\\\/2023\\\/06\\\/0630-comedor-thmb.jpg\",\"datePublished\":\"2020-06-29T20:41:52+00:00\",\"dateModified\":\"2024-03-17T17:21:44+00:00\",\"breadcrumb\":{\"@id\":\"https:\\\/\\\/filles-de-la-charite.org\\\/fr\\\/waiting-in-line-outside-the-soup-kitchen-of-the-daughters-of-charity-during-the-covid-19-in-madrid-2\\\/#breadcrumb\"},\"inLanguage\":\"fr-FR\",\"potentialAction\":[{\"@type\":\"ReadAction\",\"target\":[\"https:\\\/\\\/filles-de-la-charite.org\\\/fr\\\/waiting-in-line-outside-the-soup-kitchen-of-the-daughters-of-charity-during-the-covid-19-in-madrid-2\\\/\"]}]},{\"@type\":\"ImageObject\",\"inLanguage\":\"fr-FR\",\"@id\":\"https:\\\/\\\/filles-de-la-charite.org\\\/fr\\\/waiting-in-line-outside-the-soup-kitchen-of-the-daughters-of-charity-during-the-covid-19-in-madrid-2\\\/#primaryimage\",\"url\":\"https:\\\/\\\/filles-de-la-charite.org\\\/wp-content\\\/uploads\\\/2023\\\/06\\\/0630-comedor-thmb.jpg\",\"contentUrl\":\"https:\\\/\\\/filles-de-la-charite.org\\\/wp-content\\\/uploads\\\/2023\\\/06\\\/0630-comedor-thmb.jpg\",\"width\":420,\"height\":280},{\"@type\":\"BreadcrumbList\",\"@id\":\"https:\\\/\\\/filles-de-la-charite.org\\\/fr\\\/waiting-in-line-outside-the-soup-kitchen-of-the-daughters-of-charity-during-the-covid-19-in-madrid-2\\\/#breadcrumb\",\"itemListElement\":[{\"@type\":\"ListItem\",\"position\":1,\"name\":\"Filles de la Charit\u00e9\",\"item\":\"https:\\\/\\\/filles-de-la-charite.org\\\/fr\\\/category\\\/filles-de-la-charite\\\/\"},{\"@type\":\"ListItem\",\"position\":2,\"name\":\"File d\u2019attente \u00e0 l\u2019ext\u00e9rieur de la \u00ab salle \u00e0 manger sociale \u00bb des Filles de la Charit\u00e9 pendant la COVID-19 \u00e0 Madrid\"}]},{\"@type\":\"WebSite\",\"@id\":\"https:\\\/\\\/filles-de-la-charite.org\\\/fr\\\/#website\",\"url\":\"https:\\\/\\\/filles-de-la-charite.org\\\/fr\\\/\",\"name\":\"Hijas de la Caridad\",\"description\":\"L\u2019amour de J\u00e9sus nous presse \u00e0 prendre soin des personnes les plus d\u00e9munies\",\"publisher\":{\"@id\":\"https:\\\/\\\/filles-de-la-charite.org\\\/fr\\\/#organization\"},\"potentialAction\":[{\"@type\":\"SearchAction\",\"target\":{\"@type\":\"EntryPoint\",\"urlTemplate\":\"https:\\\/\\\/filles-de-la-charite.org\\\/fr\\\/?s={search_term_string}\"},\"query-input\":{\"@type\":\"PropertyValueSpecification\",\"valueRequired\":true,\"valueName\":\"search_term_string\"}}],\"inLanguage\":\"fr-FR\"},{\"@type\":\"Organization\",\"@id\":\"https:\\\/\\\/filles-de-la-charite.org\\\/fr\\\/#organization\",\"name\":\"Hijas de la Caridad\",\"url\":\"https:\\\/\\\/filles-de-la-charite.org\\\/fr\\\/\",\"logo\":{\"@type\":\"ImageObject\",\"inLanguage\":\"fr-FR\",\"@id\":\"https:\\\/\\\/filles-de-la-charite.org\\\/fr\\\/#\\\/schema\\\/logo\\\/image\\\/\",\"url\":\"https:\\\/\\\/filles-de-la-charite.org\\\/wp-content\\\/uploads\\\/2023\\\/03\\\/isotipo-Hijas-de-la-Caridad.png\",\"contentUrl\":\"https:\\\/\\\/filles-de-la-charite.org\\\/wp-content\\\/uploads\\\/2023\\\/03\\\/isotipo-Hijas-de-la-Caridad.png\",\"width\":1417,\"height\":1417,\"caption\":\"Hijas de la Caridad\"},\"image\":{\"@id\":\"https:\\\/\\\/filles-de-la-charite.org\\\/fr\\\/#\\\/schema\\\/logo\\\/image\\\/\"}},{\"@type\":\"Person\",\"@id\":\"https:\\\/\\\/filles-de-la-charite.org\\\/fr\\\/#\\\/schema\\\/person\\\/427567b2eccfc2dd7d206da186a1f438\",\"name\":\"admin\",\"image\":{\"@type\":\"ImageObject\",\"inLanguage\":\"fr-FR\",\"@id\":\"https:\\\/\\\/secure.gravatar.com\\\/avatar\\\/948b492cce32b586ac2db0eaa926ee87024f7afe218d73b397ea5ddfc5f43ea1?s=96&d=mm&r=g\",\"url\":\"https:\\\/\\\/secure.gravatar.com\\\/avatar\\\/948b492cce32b586ac2db0eaa926ee87024f7afe218d73b397ea5ddfc5f43ea1?s=96&d=mm&r=g\",\"contentUrl\":\"https:\\\/\\\/secure.gravatar.com\\\/avatar\\\/948b492cce32b586ac2db0eaa926ee87024f7afe218d73b397ea5ddfc5f43ea1?s=96&d=mm&r=g\",\"caption\":\"admin\"},\"sameAs\":[\"https:\\\/\\\/filles-de-la-charite.org\"],\"url\":\"https:\\\/\\\/filles-de-la-charite.org\\\/fr\\\/author\\\/caridad\\\/\"}]}<\/script>\n<!-- \/ Yoast SEO plugin. -->","yoast_head_json":{"title":"File d\u2019attente \u00e0 l\u2019ext\u00e9rieur de la \u00ab salle \u00e0 manger sociale \u00bb des Filles de la Charit\u00e9 pendant la COVID-19 \u00e0 Madrid - Filles de la Charit\u00e9","robots":{"index":"index","follow":"follow","max-snippet":"max-snippet:-1","max-image-preview":"max-image-preview:large","max-video-preview":"max-video-preview:-1"},"canonical":"https:\/\/filles-de-la-charite.org\/fr\/waiting-in-line-outside-the-soup-kitchen-of-the-daughters-of-charity-during-the-covid-19-in-madrid-2\/","og_locale":"fr_FR","og_type":"article","og_title":"File d\u2019attente \u00e0 l\u2019ext\u00e9rieur de la \u00ab salle \u00e0 manger sociale \u00bb des Filles de la Charit\u00e9 pendant la COVID-19 \u00e0 Madrid - Filles de la Charit\u00e9","og_description":"Pendant cette pand\u00e9mie, le \u00ab\u00a0programme Saint-Vincent de Paul\u00a0\u00bb n\u2019a pas eu d\u2019autre choix que d\u2019adapter ses services \u00e0 la conjoncture. C\u2019est ainsi que les personnes ont d\u00fb attendre en file indienne \u00e0 l\u2019ext\u00e9rieur pour recevoir des colis alimentaires, alors qu\u2019elles avaient l\u2019habitude d\u2019\u00eatre servies sur un plateau, assises \u00e0 table. Le repas, maintenant offert dans [&hellip;]","og_url":"https:\/\/filles-de-la-charite.org\/fr\/waiting-in-line-outside-the-soup-kitchen-of-the-daughters-of-charity-during-the-covid-19-in-madrid-2\/","og_site_name":"Filles de la Charit\u00e9","article_published_time":"2020-06-29T20:41:52+00:00","article_modified_time":"2024-03-17T17:21:44+00:00","og_image":[{"width":420,"height":280,"url":"https:\/\/filles-de-la-charite.org\/wp-content\/uploads\/2023\/06\/0630-comedor-thmb.jpg","type":"image\/jpeg"}],"author":"admin","twitter_card":"summary_large_image","twitter_misc":{"\u00c9crit par":"admin","Dur\u00e9e de lecture estim\u00e9e":"3 minutes"},"schema":{"@context":"https:\/\/schema.org","@graph":[{"@type":"Article","@id":"https:\/\/filles-de-la-charite.org\/fr\/waiting-in-line-outside-the-soup-kitchen-of-the-daughters-of-charity-during-the-covid-19-in-madrid-2\/#article","isPartOf":{"@id":"https:\/\/filles-de-la-charite.org\/fr\/waiting-in-line-outside-the-soup-kitchen-of-the-daughters-of-charity-during-the-covid-19-in-madrid-2\/"},"author":{"name":"admin","@id":"https:\/\/filles-de-la-charite.org\/fr\/#\/schema\/person\/427567b2eccfc2dd7d206da186a1f438"},"headline":"File d\u2019attente \u00e0 l\u2019ext\u00e9rieur de la \u00ab salle \u00e0 manger sociale \u00bb des Filles de la Charit\u00e9 pendant la COVID-19 \u00e0 Madrid","datePublished":"2020-06-29T20:41:52+00:00","dateModified":"2024-03-17T17:21:44+00:00","mainEntityOfPage":{"@id":"https:\/\/filles-de-la-charite.org\/fr\/waiting-in-line-outside-the-soup-kitchen-of-the-daughters-of-charity-during-the-covid-19-in-madrid-2\/"},"wordCount":679,"publisher":{"@id":"https:\/\/filles-de-la-charite.org\/fr\/#organization"},"image":{"@id":"https:\/\/filles-de-la-charite.org\/fr\/waiting-in-line-outside-the-soup-kitchen-of-the-daughters-of-charity-during-the-covid-19-in-madrid-2\/#primaryimage"},"thumbnailUrl":"https:\/\/filles-de-la-charite.org\/wp-content\/uploads\/2023\/06\/0630-comedor-thmb.jpg","articleSection":["Madrid - Santa Luisa"],"inLanguage":"fr-FR"},{"@type":"WebPage","@id":"https:\/\/filles-de-la-charite.org\/fr\/waiting-in-line-outside-the-soup-kitchen-of-the-daughters-of-charity-during-the-covid-19-in-madrid-2\/","url":"https:\/\/filles-de-la-charite.org\/fr\/waiting-in-line-outside-the-soup-kitchen-of-the-daughters-of-charity-during-the-covid-19-in-madrid-2\/","name":"File d\u2019attente \u00e0 l\u2019ext\u00e9rieur de la \u00ab salle \u00e0 manger sociale \u00bb des Filles de la Charit\u00e9 pendant la COVID-19 \u00e0 Madrid - Filles de la Charit\u00e9","isPartOf":{"@id":"https:\/\/filles-de-la-charite.org\/fr\/#website"},"primaryImageOfPage":{"@id":"https:\/\/filles-de-la-charite.org\/fr\/waiting-in-line-outside-the-soup-kitchen-of-the-daughters-of-charity-during-the-covid-19-in-madrid-2\/#primaryimage"},"image":{"@id":"https:\/\/filles-de-la-charite.org\/fr\/waiting-in-line-outside-the-soup-kitchen-of-the-daughters-of-charity-during-the-covid-19-in-madrid-2\/#primaryimage"},"thumbnailUrl":"https:\/\/filles-de-la-charite.org\/wp-content\/uploads\/2023\/06\/0630-comedor-thmb.jpg","datePublished":"2020-06-29T20:41:52+00:00","dateModified":"2024-03-17T17:21:44+00:00","breadcrumb":{"@id":"https:\/\/filles-de-la-charite.org\/fr\/waiting-in-line-outside-the-soup-kitchen-of-the-daughters-of-charity-during-the-covid-19-in-madrid-2\/#breadcrumb"},"inLanguage":"fr-FR","potentialAction":[{"@type":"ReadAction","target":["https:\/\/filles-de-la-charite.org\/fr\/waiting-in-line-outside-the-soup-kitchen-of-the-daughters-of-charity-during-the-covid-19-in-madrid-2\/"]}]},{"@type":"ImageObject","inLanguage":"fr-FR","@id":"https:\/\/filles-de-la-charite.org\/fr\/waiting-in-line-outside-the-soup-kitchen-of-the-daughters-of-charity-during-the-covid-19-in-madrid-2\/#primaryimage","url":"https:\/\/filles-de-la-charite.org\/wp-content\/uploads\/2023\/06\/0630-comedor-thmb.jpg","contentUrl":"https:\/\/filles-de-la-charite.org\/wp-content\/uploads\/2023\/06\/0630-comedor-thmb.jpg","width":420,"height":280},{"@type":"BreadcrumbList","@id":"https:\/\/filles-de-la-charite.org\/fr\/waiting-in-line-outside-the-soup-kitchen-of-the-daughters-of-charity-during-the-covid-19-in-madrid-2\/#breadcrumb","itemListElement":[{"@type":"ListItem","position":1,"name":"Filles de la Charit\u00e9","item":"https:\/\/filles-de-la-charite.org\/fr\/category\/filles-de-la-charite\/"},{"@type":"ListItem","position":2,"name":"File d\u2019attente \u00e0 l\u2019ext\u00e9rieur de la \u00ab salle \u00e0 manger sociale \u00bb des Filles de la Charit\u00e9 pendant la COVID-19 \u00e0 Madrid"}]},{"@type":"WebSite","@id":"https:\/\/filles-de-la-charite.org\/fr\/#website","url":"https:\/\/filles-de-la-charite.org\/fr\/","name":"Hijas de la Caridad","description":"L\u2019amour de J\u00e9sus nous presse \u00e0 prendre soin des personnes les plus d\u00e9munies","publisher":{"@id":"https:\/\/filles-de-la-charite.org\/fr\/#organization"},"potentialAction":[{"@type":"SearchAction","target":{"@type":"EntryPoint","urlTemplate":"https:\/\/filles-de-la-charite.org\/fr\/?s={search_term_string}"},"query-input":{"@type":"PropertyValueSpecification","valueRequired":true,"valueName":"search_term_string"}}],"inLanguage":"fr-FR"},{"@type":"Organization","@id":"https:\/\/filles-de-la-charite.org\/fr\/#organization","name":"Hijas de la Caridad","url":"https:\/\/filles-de-la-charite.org\/fr\/","logo":{"@type":"ImageObject","inLanguage":"fr-FR","@id":"https:\/\/filles-de-la-charite.org\/fr\/#\/schema\/logo\/image\/","url":"https:\/\/filles-de-la-charite.org\/wp-content\/uploads\/2023\/03\/isotipo-Hijas-de-la-Caridad.png","contentUrl":"https:\/\/filles-de-la-charite.org\/wp-content\/uploads\/2023\/03\/isotipo-Hijas-de-la-Caridad.png","width":1417,"height":1417,"caption":"Hijas de la Caridad"},"image":{"@id":"https:\/\/filles-de-la-charite.org\/fr\/#\/schema\/logo\/image\/"}},{"@type":"Person","@id":"https:\/\/filles-de-la-charite.org\/fr\/#\/schema\/person\/427567b2eccfc2dd7d206da186a1f438","name":"admin","image":{"@type":"ImageObject","inLanguage":"fr-FR","@id":"https:\/\/secure.gravatar.com\/avatar\/948b492cce32b586ac2db0eaa926ee87024f7afe218d73b397ea5ddfc5f43ea1?s=96&d=mm&r=g","url":"https:\/\/secure.gravatar.com\/avatar\/948b492cce32b586ac2db0eaa926ee87024f7afe218d73b397ea5ddfc5f43ea1?s=96&d=mm&r=g","contentUrl":"https:\/\/secure.gravatar.com\/avatar\/948b492cce32b586ac2db0eaa926ee87024f7afe218d73b397ea5ddfc5f43ea1?s=96&d=mm&r=g","caption":"admin"},"sameAs":["https:\/\/filles-de-la-charite.org"],"url":"https:\/\/filles-de-la-charite.org\/fr\/author\/caridad\/"}]}},"_links":{"self":[{"href":"https:\/\/filles-de-la-charite.org\/fr\/wp-json\/wp\/v2\/posts\/22277","targetHints":{"allow":["GET"]}}],"collection":[{"href":"https:\/\/filles-de-la-charite.org\/fr\/wp-json\/wp\/v2\/posts"}],"about":[{"href":"https:\/\/filles-de-la-charite.org\/fr\/wp-json\/wp\/v2\/types\/post"}],"author":[{"embeddable":true,"href":"https:\/\/filles-de-la-charite.org\/fr\/wp-json\/wp\/v2\/users\/1"}],"replies":[{"embeddable":true,"href":"https:\/\/filles-de-la-charite.org\/fr\/wp-json\/wp\/v2\/comments?post=22277"}],"version-history":[{"count":1,"href":"https:\/\/filles-de-la-charite.org\/fr\/wp-json\/wp\/v2\/posts\/22277\/revisions"}],"predecessor-version":[{"id":22278,"href":"https:\/\/filles-de-la-charite.org\/fr\/wp-json\/wp\/v2\/posts\/22277\/revisions\/22278"}],"wp:featuredmedia":[{"embeddable":true,"href":"https:\/\/filles-de-la-charite.org\/fr\/wp-json\/wp\/v2\/media\/14894"}],"wp:attachment":[{"href":"https:\/\/filles-de-la-charite.org\/fr\/wp-json\/wp\/v2\/media?parent=22277"}],"wp:term":[{"taxonomy":"category","embeddable":true,"href":"https:\/\/filles-de-la-charite.org\/fr\/wp-json\/wp\/v2\/categories?post=22277"},{"taxonomy":"post_tag","embeddable":true,"href":"https:\/\/filles-de-la-charite.org\/fr\/wp-json\/wp\/v2\/tags?post=22277"}],"curies":[{"name":"wp","href":"https:\/\/api.w.org\/{rel}","templated":true}]}}