{"id":22279,"date":"2020-07-03T11:07:18","date_gmt":"2020-07-03T09:07:18","guid":{"rendered":"https:\/\/hijascaridad.sjdigitaldemo.ovh\/did-you-say-lockdown-2\/"},"modified":"2024-03-17T18:21:35","modified_gmt":"2024-03-17T17:21:35","slug":"did-you-say-lockdown-2","status":"publish","type":"post","link":"https:\/\/filles-de-la-charite.org\/fr\/did-you-say-lockdown-2\/","title":{"rendered":"Vous avez dit \u00ab confinement \u00bb ?"},"content":{"rendered":"\n<p><p style=\"text-align: justify;\"><strong><span style=\"color: #929292;\"><img loading=\"lazy\" decoding=\"async\" width=\"300\" height=\"200\" class=\"alignleft size-full wp-image-41146\" src=\"https:\/\/filles-de-la-charite.org\/wp-content\/uploads\/2023\/06\/200703-lockdown-thmb.jpg\" alt=\"\"><\/span><\/strong>Ce mot prononc\u00e9 des milliards de fois par les habitants de toute la plan\u00e8te d\u00e8s le d\u00e9but de 2020 et v\u00e9cu par tout autant de gens, provoquant d\u00e9sastres humains, sociologiques, psychologiques, sanitaires, \u00e9conomiques etc. dont l\u2019ampleur se d\u00e9roulera dans les mois \u00e0 venir, a r\u00e9v\u00e9l\u00e9 aussi un magnifique \u00e9lan de g\u00e9n\u00e9rosit\u00e9 tant sur le plan spirituel que corporel. Pendant quelques instants, \u00ab\u00a0tournons la m\u00e9daille\u00a0\u00bb (selon la c\u00e9l\u00e8bre expression de Saint Vincent de Paul) et osons projeter un regard d\u2019esp\u00e9rance\u2026<\/p><\/p>\n\n\n\n<p><\/p>\n\n\n\n<p><p style=\"text-align: justify;\">Le personnel soignant, tout d\u2019abord, aux premi\u00e8res lignes du combat,\u00a0a \u00e9t\u00e9 fortement encourag\u00e9 par la population de tr\u00e8s nombreuses villes : \u00e0 20 heures dans l\u2019Hexagone, retentissaient des applaudissements, des cris et des bruits insolites venant d\u2019instruments improvis\u00e9s qui, faisant r\u00e9sonner des rues enti\u00e8res, exprimaient le soutien et la solidarit\u00e9 de la population, signifiant ainsi combien \u00e9tait appr\u00e9ci\u00e9 leur travail professionnel et leur d\u00e9vouement. Plus concr\u00e8tement, des aliments, des repas, des cadeaux leur ont \u00e9t\u00e9 apport\u00e9s, et des services de garde de leurs enfants organis\u00e9s pour faciliter leur travail intensif.<\/p> <p style=\"text-align: justify;\">Nous n\u2019oublions pas ceux dont les m\u00e9tiers se sont av\u00e9r\u00e9s indispensables \u00e0 la survie des autres\u00a0: les caissi\u00e8res, les boulangers, les \u00e9boueurs\u2026 qui n\u2019ont jamais cess\u00e9 de travailler.<\/p> <p style=\"text-align: justify;\">La d\u00e9tente, pour maintenir le moral, \u00e9tait aussi au rendez-vous. Car habiter un appartement ou disposer d\u2019un jardin ne donne pas la m\u00eame impression d\u2019enfermement. Certains se sont ing\u00e9ni\u00e9s, des balcons ou du haut des toits, \u00e0 organiser des jeux, des chants connus ou \u00e9crits sp\u00e9cialement pour l\u2019occasion, religieux ou profanes qui ont donn\u00e9 envie \u00e0 d\u2019autres de danser\u00a0: une petite \u00ab\u00a0bouff\u00e9e\u00a0\u00bb d\u2019oxyg\u00e8ne pour retourner entre ses quatre murs\u2026<\/p> <p style=\"text-align: justify;\">Les personnes particuli\u00e8rement vuln\u00e9rables ou isol\u00e9es ont \u00e9t\u00e9 l\u2019objet de nombreuses attentions, gr\u00e2ce \u00e0 des initiatives individuelles, associatives, paroissiales, scolaires&#8230;\u00a0: courses, appels t\u00e9l\u00e9phoniques, courriers, pr\u00e9parations de repas, signalisation aux services sociaux\u00a0; dans certains E.H.P.A.D (Etablissements d\u2019H\u00e9bergement Pour Personnes Ag\u00e9es D\u00e9pendantes), du personnel soignant, des S\u00e9minaristes, des Jeunes se sont confin\u00e9s plusieurs semaines pour servir ces personnes et leur \u00e9viter la contamination.<\/p> <p style=\"text-align: justify;\">Les D\u00e9tenus n\u2019ont pas \u00e9t\u00e9 oubli\u00e9s\u00a0: un num\u00e9ro vert (appels gratuits) a permis d\u2019\u00eatre \u00e0 leur \u00e9coute 24h\/24.<\/p> <p style=\"text-align: justify;\">Le Dioc\u00e8se de Paris en partenariat avec la mairie de la capitale, a mis en place une distribution de colis alimentaires le midi 7jours\/7 pour les Personnes sans-abri gr\u00e2ce \u00e0 plus de 500 volontaires\u00a0; plus de 1400 paniers-repas quotidiens distribu\u00e9s gr\u00e2ce \u00e0 l\u2019organisation d\u2019un Coll\u00e8ge r\u00e9put\u00e9 de Paris.<\/p> <p style=\"text-align: justify;\">Il est arriv\u00e9 aussi que de nombreux propri\u00e9taires acceptent de leurs locataires des reports de paiements et m\u00eame des annulations de r\u00e8glements pour des locaux commerciaux\u2026\u00a0<\/p> <p style=\"text-align: justify;\">Mais, \u00ab\u00a0l\u2019homme ne vit pas seulement de pain\u00a0\u00bb\u00a0!!! Tr\u00e8s vite des \u00e9glises sont rest\u00e9es ouvertes pour que les personnes sortant faire leurs courses minimales puissent y faire une petite halte dans le temps imparti.<\/p> <p style=\"text-align: justify;\">Tous les moyens techniques de communication ont \u00e9t\u00e9 mis \u00e0 contribution pour apporter des secours spirituels\u00a0: Messes en direct ou retransmises, pri\u00e8res de toutes sortes &#8211; louanges, Rosaire, Adoration du Saint-Sacrement, Chemin de Croix, retraites\u2026 &#8211; Pour l\u2019Annonciation, des bougies ont \u00e9t\u00e9 mises aux fen\u00eatres, les cloches des \u00e9glises ont sonn\u00e9 \u00e0 toute vol\u00e9e dans toute la France\u00a0!<\/p> <p style=\"text-align: justify;\">Dans l\u2019apr\u00e8s-confinement, continuerons-nous \u00e0 d\u00e9ployer toute cette ing\u00e9niosit\u00e9, ce d\u00e9vouement, ce z\u00e8le, cette foi et cette attention \u00e0 l\u2019autre ?<\/p><\/p>\n","protected":false},"excerpt":{"rendered":"<p>Ce mot prononc\u00e9 des milliards de fois par les habitants de toute la plan\u00e8te d\u00e8s le d\u00e9but de 2020 et v\u00e9cu par tout autant de gens, provoquant d\u00e9sastres humains, sociologiques, psychologiques, sanitaires, \u00e9conomiques etc. dont l\u2019ampleur se d\u00e9roulera dans les mois \u00e0 venir, a r\u00e9v\u00e9l\u00e9 aussi un magnifique \u00e9lan de g\u00e9n\u00e9rosit\u00e9 tant sur le plan [&hellip;]<\/p>\n","protected":false},"author":1,"featured_media":14901,"comment_status":"closed","ping_status":"closed","sticky":false,"template":"","format":"standard","meta":{"_acf_changed":false,"_et_pb_use_builder":"","_et_pb_old_content":"","_et_gb_content_width":"","footnotes":"","_links_to":"","_links_to_target":""},"categories":[563],"tags":[],"class_list":["post-22279","post","type-post","status-publish","format-standard","has-post-thumbnail","hentry","category-belgique-france-suisse-fr"],"acf":[],"yoast_head":"<!-- This site is optimized with the Yoast SEO plugin v27.5 - https:\/\/yoast.com\/product\/yoast-seo-wordpress\/ -->\n<title>Vous avez dit \u00ab confinement \u00bb ? - Filles de la Charit\u00e9<\/title>\n<meta name=\"robots\" content=\"index, follow, max-snippet:-1, max-image-preview:large, max-video-preview:-1\" \/>\n<link rel=\"canonical\" href=\"https:\/\/filles-de-la-charite.org\/fr\/did-you-say-lockdown-2\/\" \/>\n<meta property=\"og:locale\" content=\"fr_FR\" \/>\n<meta property=\"og:type\" content=\"article\" \/>\n<meta property=\"og:title\" content=\"Vous avez dit \u00ab confinement \u00bb ? - Filles de la Charit\u00e9\" \/>\n<meta property=\"og:description\" content=\"Ce mot prononc\u00e9 des milliards de fois par les habitants de toute la plan\u00e8te d\u00e8s le d\u00e9but de 2020 et v\u00e9cu par tout autant de gens, provoquant d\u00e9sastres humains, sociologiques, psychologiques, sanitaires, \u00e9conomiques etc. dont l\u2019ampleur se d\u00e9roulera dans les mois \u00e0 venir, a r\u00e9v\u00e9l\u00e9 aussi un magnifique \u00e9lan de g\u00e9n\u00e9rosit\u00e9 tant sur le plan [&hellip;]\" \/>\n<meta property=\"og:url\" content=\"https:\/\/filles-de-la-charite.org\/fr\/did-you-say-lockdown-2\/\" \/>\n<meta property=\"og:site_name\" content=\"Filles de la Charit\u00e9\" \/>\n<meta property=\"article:published_time\" content=\"2020-07-03T09:07:18+00:00\" \/>\n<meta property=\"article:modified_time\" content=\"2024-03-17T17:21:35+00:00\" \/>\n<meta property=\"og:image\" content=\"https:\/\/filles-de-la-charite.org\/wp-content\/uploads\/2023\/06\/200703-lockdown-ftd.jpg\" \/>\n\t<meta property=\"og:image:width\" content=\"1199\" \/>\n\t<meta property=\"og:image:height\" content=\"630\" \/>\n\t<meta property=\"og:image:type\" content=\"image\/jpeg\" \/>\n<meta name=\"author\" content=\"admin\" \/>\n<meta name=\"twitter:card\" content=\"summary_large_image\" \/>\n<meta name=\"twitter:label1\" content=\"\u00c9crit par\" \/>\n\t<meta name=\"twitter:data1\" content=\"admin\" \/>\n\t<meta name=\"twitter:label2\" content=\"Dur\u00e9e de lecture estim\u00e9e\" \/>\n\t<meta name=\"twitter:data2\" content=\"3 minutes\" \/>\n<script type=\"application\/ld+json\" class=\"yoast-schema-graph\">{\"@context\":\"https:\\\/\\\/schema.org\",\"@graph\":[{\"@type\":\"Article\",\"@id\":\"https:\\\/\\\/filles-de-la-charite.org\\\/fr\\\/did-you-say-lockdown-2\\\/#article\",\"isPartOf\":{\"@id\":\"https:\\\/\\\/filles-de-la-charite.org\\\/fr\\\/did-you-say-lockdown-2\\\/\"},\"author\":{\"name\":\"admin\",\"@id\":\"https:\\\/\\\/filles-de-la-charite.org\\\/fr\\\/#\\\/schema\\\/person\\\/427567b2eccfc2dd7d206da186a1f438\"},\"headline\":\"Vous avez dit \u00ab confinement \u00bb ?\",\"datePublished\":\"2020-07-03T09:07:18+00:00\",\"dateModified\":\"2024-03-17T17:21:35+00:00\",\"mainEntityOfPage\":{\"@id\":\"https:\\\/\\\/filles-de-la-charite.org\\\/fr\\\/did-you-say-lockdown-2\\\/\"},\"wordCount\":612,\"publisher\":{\"@id\":\"https:\\\/\\\/filles-de-la-charite.org\\\/fr\\\/#organization\"},\"image\":{\"@id\":\"https:\\\/\\\/filles-de-la-charite.org\\\/fr\\\/did-you-say-lockdown-2\\\/#primaryimage\"},\"thumbnailUrl\":\"https:\\\/\\\/filles-de-la-charite.org\\\/wp-content\\\/uploads\\\/2023\\\/06\\\/200703-lockdown-ftd.jpg\",\"articleSection\":[\"Belgique-France-Suisse\"],\"inLanguage\":\"fr-FR\"},{\"@type\":\"WebPage\",\"@id\":\"https:\\\/\\\/filles-de-la-charite.org\\\/fr\\\/did-you-say-lockdown-2\\\/\",\"url\":\"https:\\\/\\\/filles-de-la-charite.org\\\/fr\\\/did-you-say-lockdown-2\\\/\",\"name\":\"Vous avez dit \u00ab confinement \u00bb ? - Filles de la Charit\u00e9\",\"isPartOf\":{\"@id\":\"https:\\\/\\\/filles-de-la-charite.org\\\/fr\\\/#website\"},\"primaryImageOfPage\":{\"@id\":\"https:\\\/\\\/filles-de-la-charite.org\\\/fr\\\/did-you-say-lockdown-2\\\/#primaryimage\"},\"image\":{\"@id\":\"https:\\\/\\\/filles-de-la-charite.org\\\/fr\\\/did-you-say-lockdown-2\\\/#primaryimage\"},\"thumbnailUrl\":\"https:\\\/\\\/filles-de-la-charite.org\\\/wp-content\\\/uploads\\\/2023\\\/06\\\/200703-lockdown-ftd.jpg\",\"datePublished\":\"2020-07-03T09:07:18+00:00\",\"dateModified\":\"2024-03-17T17:21:35+00:00\",\"breadcrumb\":{\"@id\":\"https:\\\/\\\/filles-de-la-charite.org\\\/fr\\\/did-you-say-lockdown-2\\\/#breadcrumb\"},\"inLanguage\":\"fr-FR\",\"potentialAction\":[{\"@type\":\"ReadAction\",\"target\":[\"https:\\\/\\\/filles-de-la-charite.org\\\/fr\\\/did-you-say-lockdown-2\\\/\"]}]},{\"@type\":\"ImageObject\",\"inLanguage\":\"fr-FR\",\"@id\":\"https:\\\/\\\/filles-de-la-charite.org\\\/fr\\\/did-you-say-lockdown-2\\\/#primaryimage\",\"url\":\"https:\\\/\\\/filles-de-la-charite.org\\\/wp-content\\\/uploads\\\/2023\\\/06\\\/200703-lockdown-ftd.jpg\",\"contentUrl\":\"https:\\\/\\\/filles-de-la-charite.org\\\/wp-content\\\/uploads\\\/2023\\\/06\\\/200703-lockdown-ftd.jpg\",\"width\":1199,\"height\":630},{\"@type\":\"BreadcrumbList\",\"@id\":\"https:\\\/\\\/filles-de-la-charite.org\\\/fr\\\/did-you-say-lockdown-2\\\/#breadcrumb\",\"itemListElement\":[{\"@type\":\"ListItem\",\"position\":1,\"name\":\"Belgique-France-Suisse\",\"item\":\"https:\\\/\\\/filles-de-la-charite.org\\\/fr\\\/category\\\/belgique-france-suisse-fr\\\/\"},{\"@type\":\"ListItem\",\"position\":2,\"name\":\"Vous avez dit \u00ab confinement \u00bb ?\"}]},{\"@type\":\"WebSite\",\"@id\":\"https:\\\/\\\/filles-de-la-charite.org\\\/fr\\\/#website\",\"url\":\"https:\\\/\\\/filles-de-la-charite.org\\\/fr\\\/\",\"name\":\"Hijas de la Caridad\",\"description\":\"L\u2019amour de J\u00e9sus nous presse \u00e0 prendre soin des personnes les plus d\u00e9munies\",\"publisher\":{\"@id\":\"https:\\\/\\\/filles-de-la-charite.org\\\/fr\\\/#organization\"},\"potentialAction\":[{\"@type\":\"SearchAction\",\"target\":{\"@type\":\"EntryPoint\",\"urlTemplate\":\"https:\\\/\\\/filles-de-la-charite.org\\\/fr\\\/?s={search_term_string}\"},\"query-input\":{\"@type\":\"PropertyValueSpecification\",\"valueRequired\":true,\"valueName\":\"search_term_string\"}}],\"inLanguage\":\"fr-FR\"},{\"@type\":\"Organization\",\"@id\":\"https:\\\/\\\/filles-de-la-charite.org\\\/fr\\\/#organization\",\"name\":\"Hijas de la Caridad\",\"url\":\"https:\\\/\\\/filles-de-la-charite.org\\\/fr\\\/\",\"logo\":{\"@type\":\"ImageObject\",\"inLanguage\":\"fr-FR\",\"@id\":\"https:\\\/\\\/filles-de-la-charite.org\\\/fr\\\/#\\\/schema\\\/logo\\\/image\\\/\",\"url\":\"https:\\\/\\\/filles-de-la-charite.org\\\/wp-content\\\/uploads\\\/2023\\\/03\\\/isotipo-Hijas-de-la-Caridad.png\",\"contentUrl\":\"https:\\\/\\\/filles-de-la-charite.org\\\/wp-content\\\/uploads\\\/2023\\\/03\\\/isotipo-Hijas-de-la-Caridad.png\",\"width\":1417,\"height\":1417,\"caption\":\"Hijas de la Caridad\"},\"image\":{\"@id\":\"https:\\\/\\\/filles-de-la-charite.org\\\/fr\\\/#\\\/schema\\\/logo\\\/image\\\/\"}},{\"@type\":\"Person\",\"@id\":\"https:\\\/\\\/filles-de-la-charite.org\\\/fr\\\/#\\\/schema\\\/person\\\/427567b2eccfc2dd7d206da186a1f438\",\"name\":\"admin\",\"image\":{\"@type\":\"ImageObject\",\"inLanguage\":\"fr-FR\",\"@id\":\"https:\\\/\\\/secure.gravatar.com\\\/avatar\\\/948b492cce32b586ac2db0eaa926ee87024f7afe218d73b397ea5ddfc5f43ea1?s=96&d=mm&r=g\",\"url\":\"https:\\\/\\\/secure.gravatar.com\\\/avatar\\\/948b492cce32b586ac2db0eaa926ee87024f7afe218d73b397ea5ddfc5f43ea1?s=96&d=mm&r=g\",\"contentUrl\":\"https:\\\/\\\/secure.gravatar.com\\\/avatar\\\/948b492cce32b586ac2db0eaa926ee87024f7afe218d73b397ea5ddfc5f43ea1?s=96&d=mm&r=g\",\"caption\":\"admin\"},\"sameAs\":[\"https:\\\/\\\/filles-de-la-charite.org\"],\"url\":\"https:\\\/\\\/filles-de-la-charite.org\\\/fr\\\/author\\\/caridad\\\/\"}]}<\/script>\n<!-- \/ Yoast SEO plugin. -->","yoast_head_json":{"title":"Vous avez dit \u00ab confinement \u00bb ? - Filles de la Charit\u00e9","robots":{"index":"index","follow":"follow","max-snippet":"max-snippet:-1","max-image-preview":"max-image-preview:large","max-video-preview":"max-video-preview:-1"},"canonical":"https:\/\/filles-de-la-charite.org\/fr\/did-you-say-lockdown-2\/","og_locale":"fr_FR","og_type":"article","og_title":"Vous avez dit \u00ab confinement \u00bb ? - Filles de la Charit\u00e9","og_description":"Ce mot prononc\u00e9 des milliards de fois par les habitants de toute la plan\u00e8te d\u00e8s le d\u00e9but de 2020 et v\u00e9cu par tout autant de gens, provoquant d\u00e9sastres humains, sociologiques, psychologiques, sanitaires, \u00e9conomiques etc. dont l\u2019ampleur se d\u00e9roulera dans les mois \u00e0 venir, a r\u00e9v\u00e9l\u00e9 aussi un magnifique \u00e9lan de g\u00e9n\u00e9rosit\u00e9 tant sur le plan [&hellip;]","og_url":"https:\/\/filles-de-la-charite.org\/fr\/did-you-say-lockdown-2\/","og_site_name":"Filles de la Charit\u00e9","article_published_time":"2020-07-03T09:07:18+00:00","article_modified_time":"2024-03-17T17:21:35+00:00","og_image":[{"width":1199,"height":630,"url":"https:\/\/filles-de-la-charite.org\/wp-content\/uploads\/2023\/06\/200703-lockdown-ftd.jpg","type":"image\/jpeg"}],"author":"admin","twitter_card":"summary_large_image","twitter_misc":{"\u00c9crit par":"admin","Dur\u00e9e de lecture estim\u00e9e":"3 minutes"},"schema":{"@context":"https:\/\/schema.org","@graph":[{"@type":"Article","@id":"https:\/\/filles-de-la-charite.org\/fr\/did-you-say-lockdown-2\/#article","isPartOf":{"@id":"https:\/\/filles-de-la-charite.org\/fr\/did-you-say-lockdown-2\/"},"author":{"name":"admin","@id":"https:\/\/filles-de-la-charite.org\/fr\/#\/schema\/person\/427567b2eccfc2dd7d206da186a1f438"},"headline":"Vous avez dit \u00ab confinement \u00bb ?","datePublished":"2020-07-03T09:07:18+00:00","dateModified":"2024-03-17T17:21:35+00:00","mainEntityOfPage":{"@id":"https:\/\/filles-de-la-charite.org\/fr\/did-you-say-lockdown-2\/"},"wordCount":612,"publisher":{"@id":"https:\/\/filles-de-la-charite.org\/fr\/#organization"},"image":{"@id":"https:\/\/filles-de-la-charite.org\/fr\/did-you-say-lockdown-2\/#primaryimage"},"thumbnailUrl":"https:\/\/filles-de-la-charite.org\/wp-content\/uploads\/2023\/06\/200703-lockdown-ftd.jpg","articleSection":["Belgique-France-Suisse"],"inLanguage":"fr-FR"},{"@type":"WebPage","@id":"https:\/\/filles-de-la-charite.org\/fr\/did-you-say-lockdown-2\/","url":"https:\/\/filles-de-la-charite.org\/fr\/did-you-say-lockdown-2\/","name":"Vous avez dit \u00ab confinement \u00bb ? - Filles de la Charit\u00e9","isPartOf":{"@id":"https:\/\/filles-de-la-charite.org\/fr\/#website"},"primaryImageOfPage":{"@id":"https:\/\/filles-de-la-charite.org\/fr\/did-you-say-lockdown-2\/#primaryimage"},"image":{"@id":"https:\/\/filles-de-la-charite.org\/fr\/did-you-say-lockdown-2\/#primaryimage"},"thumbnailUrl":"https:\/\/filles-de-la-charite.org\/wp-content\/uploads\/2023\/06\/200703-lockdown-ftd.jpg","datePublished":"2020-07-03T09:07:18+00:00","dateModified":"2024-03-17T17:21:35+00:00","breadcrumb":{"@id":"https:\/\/filles-de-la-charite.org\/fr\/did-you-say-lockdown-2\/#breadcrumb"},"inLanguage":"fr-FR","potentialAction":[{"@type":"ReadAction","target":["https:\/\/filles-de-la-charite.org\/fr\/did-you-say-lockdown-2\/"]}]},{"@type":"ImageObject","inLanguage":"fr-FR","@id":"https:\/\/filles-de-la-charite.org\/fr\/did-you-say-lockdown-2\/#primaryimage","url":"https:\/\/filles-de-la-charite.org\/wp-content\/uploads\/2023\/06\/200703-lockdown-ftd.jpg","contentUrl":"https:\/\/filles-de-la-charite.org\/wp-content\/uploads\/2023\/06\/200703-lockdown-ftd.jpg","width":1199,"height":630},{"@type":"BreadcrumbList","@id":"https:\/\/filles-de-la-charite.org\/fr\/did-you-say-lockdown-2\/#breadcrumb","itemListElement":[{"@type":"ListItem","position":1,"name":"Belgique-France-Suisse","item":"https:\/\/filles-de-la-charite.org\/fr\/category\/belgique-france-suisse-fr\/"},{"@type":"ListItem","position":2,"name":"Vous avez dit \u00ab confinement \u00bb ?"}]},{"@type":"WebSite","@id":"https:\/\/filles-de-la-charite.org\/fr\/#website","url":"https:\/\/filles-de-la-charite.org\/fr\/","name":"Hijas de la Caridad","description":"L\u2019amour de J\u00e9sus nous presse \u00e0 prendre soin des personnes les plus d\u00e9munies","publisher":{"@id":"https:\/\/filles-de-la-charite.org\/fr\/#organization"},"potentialAction":[{"@type":"SearchAction","target":{"@type":"EntryPoint","urlTemplate":"https:\/\/filles-de-la-charite.org\/fr\/?s={search_term_string}"},"query-input":{"@type":"PropertyValueSpecification","valueRequired":true,"valueName":"search_term_string"}}],"inLanguage":"fr-FR"},{"@type":"Organization","@id":"https:\/\/filles-de-la-charite.org\/fr\/#organization","name":"Hijas de la Caridad","url":"https:\/\/filles-de-la-charite.org\/fr\/","logo":{"@type":"ImageObject","inLanguage":"fr-FR","@id":"https:\/\/filles-de-la-charite.org\/fr\/#\/schema\/logo\/image\/","url":"https:\/\/filles-de-la-charite.org\/wp-content\/uploads\/2023\/03\/isotipo-Hijas-de-la-Caridad.png","contentUrl":"https:\/\/filles-de-la-charite.org\/wp-content\/uploads\/2023\/03\/isotipo-Hijas-de-la-Caridad.png","width":1417,"height":1417,"caption":"Hijas de la Caridad"},"image":{"@id":"https:\/\/filles-de-la-charite.org\/fr\/#\/schema\/logo\/image\/"}},{"@type":"Person","@id":"https:\/\/filles-de-la-charite.org\/fr\/#\/schema\/person\/427567b2eccfc2dd7d206da186a1f438","name":"admin","image":{"@type":"ImageObject","inLanguage":"fr-FR","@id":"https:\/\/secure.gravatar.com\/avatar\/948b492cce32b586ac2db0eaa926ee87024f7afe218d73b397ea5ddfc5f43ea1?s=96&d=mm&r=g","url":"https:\/\/secure.gravatar.com\/avatar\/948b492cce32b586ac2db0eaa926ee87024f7afe218d73b397ea5ddfc5f43ea1?s=96&d=mm&r=g","contentUrl":"https:\/\/secure.gravatar.com\/avatar\/948b492cce32b586ac2db0eaa926ee87024f7afe218d73b397ea5ddfc5f43ea1?s=96&d=mm&r=g","caption":"admin"},"sameAs":["https:\/\/filles-de-la-charite.org"],"url":"https:\/\/filles-de-la-charite.org\/fr\/author\/caridad\/"}]}},"_links":{"self":[{"href":"https:\/\/filles-de-la-charite.org\/fr\/wp-json\/wp\/v2\/posts\/22279","targetHints":{"allow":["GET"]}}],"collection":[{"href":"https:\/\/filles-de-la-charite.org\/fr\/wp-json\/wp\/v2\/posts"}],"about":[{"href":"https:\/\/filles-de-la-charite.org\/fr\/wp-json\/wp\/v2\/types\/post"}],"author":[{"embeddable":true,"href":"https:\/\/filles-de-la-charite.org\/fr\/wp-json\/wp\/v2\/users\/1"}],"replies":[{"embeddable":true,"href":"https:\/\/filles-de-la-charite.org\/fr\/wp-json\/wp\/v2\/comments?post=22279"}],"version-history":[{"count":1,"href":"https:\/\/filles-de-la-charite.org\/fr\/wp-json\/wp\/v2\/posts\/22279\/revisions"}],"predecessor-version":[{"id":22286,"href":"https:\/\/filles-de-la-charite.org\/fr\/wp-json\/wp\/v2\/posts\/22279\/revisions\/22286"}],"wp:featuredmedia":[{"embeddable":true,"href":"https:\/\/filles-de-la-charite.org\/fr\/wp-json\/wp\/v2\/media\/14901"}],"wp:attachment":[{"href":"https:\/\/filles-de-la-charite.org\/fr\/wp-json\/wp\/v2\/media?parent=22279"}],"wp:term":[{"taxonomy":"category","embeddable":true,"href":"https:\/\/filles-de-la-charite.org\/fr\/wp-json\/wp\/v2\/categories?post=22279"},{"taxonomy":"post_tag","embeddable":true,"href":"https:\/\/filles-de-la-charite.org\/fr\/wp-json\/wp\/v2\/tags?post=22279"}],"curies":[{"name":"wp","href":"https:\/\/api.w.org\/{rel}","templated":true}]}}