{"id":22288,"date":"2020-07-27T21:42:45","date_gmt":"2020-07-27T19:42:45","guid":{"rendered":"https:\/\/hijascaridad.sjdigitaldemo.ovh\/laudato-si-awareness-raising-while-social-distancing-2\/"},"modified":"2024-03-17T18:21:22","modified_gmt":"2024-03-17T17:21:22","slug":"laudato-si-awareness-raising-while-social-distancing-2","status":"publish","type":"post","link":"https:\/\/filles-de-la-charite.org\/fr\/laudato-si-awareness-raising-while-social-distancing-2\/","title":{"rendered":"Laudato Si \u2013 Phase de sensibilisation pendant la \u00ab distanciation sociale \u00bb"},"content":{"rendered":"\n<p><p style=\"text-align: justify;\"><strong><span style=\"color: #929292;\"><img loading=\"lazy\" decoding=\"async\" width=\"300\" height=\"200\" class=\"alignleft size-full wp-image-41205\" src=\"https:\/\/filles-de-la-charite.org\/wp-content\/uploads\/2023\/06\/0726-Laudato-Si-thmb.jpg\" alt=\"\"><\/span><\/strong>La force et la stabilit\u00e9 font partie des qualit\u00e9s permettant de c\u00e9l\u00e9brer le cinqui\u00e8me anniversaire de \u00ab\u00a0Laudato Si\u00a0\u00bb\u00a0; en lan\u00e7ant une ann\u00e9e sp\u00e9ciale d\u00e9butant en 2020- accompagn\u00e9e d\u2019un plan de d\u00e9ploiement- et d\u00e9di\u00e9e \u00e0 cette encyclique, le Pape nous invite \u00e0 intensifier et stabiliser notre foi de fa\u00e7on nouvelle. Le sous-titre \u00ab\u00a0La sauvegarde de la Maison Commune\u00a0\u00bb n\u2019est pas ce qui est habituellement attendu d\u2019un document venant du Vatican\u00a0; pour beaucoup de gens, il n\u2019est pas assez \u00ab\u00a0saint \u00bb &#8211; au niveau de la compr\u00e9hension conventionnelle du mot. Cependant, c\u2019est une longue Lettre comprenant 246 paragraphes, dont le contenu est accessible, qui est \u00e9crit dans un style facilement compr\u00e9hensible et d\u2019une lecture ais\u00e9e.<\/p> <p style=\"text-align: justify;\">En Juin 2020, un groupe \u00ab\u00a0Zoom\u00a0\u00bb (visioconf\u00e9rence) ad hoc, 12 hommes et femmes de Belfast s\u2019est constitu\u00e9 pour lire et partager sur \u00ab\u00a0Laudato Si\u00a0\u00bb pendant quatre semaines. Ce m\u00e9dia contemporain a offert \u00e0 chaque participant l\u2019occasion de se faire entendre. Cela a \u00e9t\u00e9 une exp\u00e9rience enrichissante et pr\u00e9cieuse pour tous. Certains n\u2019avaient jamais entendu parler de ce document\u00a0! D\u2019autres en avaient pris connaissance mais son importance n\u2019avait pas \u00e9t\u00e9 mise en valeur dans l\u2019\u00c9glise et ils l\u2019avaient oubli\u00e9. Un participant a confi\u00e9\u00a0: \u00ab je n\u2019avais jamais pens\u00e9 que je pourrais prendre plaisir \u00e0 lire la Lettre d\u2019un Pape\u00a0!\u00a0 C\u2019est merveilleux \u00bb. Ces quatre semaines ont en effet \u00e9t\u00e9 une fa\u00e7on agr\u00e9able de renforcer notre foi. D\u2019autres \u00e9changesont \u00e9t\u00e9 demand\u00e9spour tirer parti de ce nouvel apprentissage.<\/p> <img loading=\"lazy\" decoding=\"async\" width=\"721\" height=\"450\" class=\"aligncenter size-full wp-image-41203\" src=\"https:\/\/filles-de-la-charite.org\/wp-content\/uploads\/2023\/06\/0726-Laudato-Si-1.jpg\" alt=\"\"> <p style=\"text-align: justify;\">Dans l\u2019ordre, pour donner envie et susciter la discussion, quatre th\u00e8mes ont \u00e9t\u00e9 choisis\u00a0:\u00a0 <strong>notre Maison Commune, l\u2019\u00e9cologie int\u00e9grale, l\u2019amour social-un dialogue, la joie de notre esp\u00e9rance<\/strong>. Un cheminement personnel s\u2019est dessin\u00e9 en parcourant le document. Des paragraphes de \u00ab\u00a0Laudato Si\u00a0\u00bb ont \u00e9t\u00e9 s\u00e9lectionn\u00e9s en donnant des exemples pr\u00e9cis pour dynamiser, et ce, gr\u00e2ce \u00e0 des points de vue diversifi\u00e9s. Chaque semaine, un courriel a \u00e9t\u00e9 adress\u00e9 aux participants du \u00ab\u00a0Zoom\u00a0\u00bb. Le confinement induit par le Coronavirus n\u2019a pas eu d\u2019impacts significatifs sur cette initiative, \u00a0qui s\u2019est r\u00e9v\u00e9l\u00e9e tr\u00e8s opportune et susceptible de servir de mod\u00e8le \u00e0 des groupes int\u00e9ress\u00e9s.<\/p> <table> <tbody> <tr> <td style=\"text-align: center;\"> <pre><strong><span style=\"color: #008000;\"><em>\u00ab\u00a0<\/em>L\u2019amour social est la cl\u00e9 d\u2019un d\u00e9veloppement authentique [\u2026],  nous pousse \u00e0 encourager une<em> culture de protection  <\/em>qui impr\u00e8gne toute la soci\u00e9t\u00e9<em>\u00a0\u00bb.<\/em>231<\/span><\/strong><\/pre> <\/td> <\/tr> <\/tbody> <\/table> <p style=\"text-align: justify;\"><strong>L\u2019Amour Social &#8211; un dialogue<\/strong><\/p> <p style=\"text-align: justify;\">\u00ab\u00a0Aujourd\u2019hui, nous ne pouvons pas nous emp\u00eacher de reconna\u00eetre <em>qu\u2019une vraie approche \u00e9cologique se transforme toujours en une approche sociale<\/em>qui doit int\u00e9grer la justice dans les discussions sur l\u2019environnement pour \u00e9couter <em>tant la clameur de la terre que la clameur des pauvres<\/em>. \u00bb 49<\/p> <p style=\"text-align: justify;\">\u00ab\u00a0La solidarit\u00e9 interg\u00e9n\u00e9rationnelle [\u2026] n\u2019est pas optionnelle mais une question fondamentale de justice, puisque la terre que nous recevons appartient aussi \u00e0 ceux qui viendront. \u00bb 159\u00a0<\/p> <p style=\"text-align: right;\"><span style=\"color: #0000ff;\">S\u0153ur <em>Anna Byrne, Fille de la Charit\u00e9<\/em><\/span><\/p><\/p>\n","protected":false},"excerpt":{"rendered":"<p>La force et la stabilit\u00e9 font partie des qualit\u00e9s permettant de c\u00e9l\u00e9brer le cinqui\u00e8me anniversaire de \u00ab\u00a0Laudato Si\u00a0\u00bb\u00a0; en lan\u00e7ant une ann\u00e9e sp\u00e9ciale d\u00e9butant en 2020- accompagn\u00e9e d\u2019un plan de d\u00e9ploiement- et d\u00e9di\u00e9e \u00e0 cette encyclique, le Pape nous invite \u00e0 intensifier et stabiliser notre foi de fa\u00e7on nouvelle. Le sous-titre \u00ab\u00a0La sauvegarde de la [&hellip;]<\/p>\n","protected":false},"author":1,"featured_media":14928,"comment_status":"closed","ping_status":"closed","sticky":false,"template":"","format":"standard","meta":{"_acf_changed":false,"_et_pb_use_builder":"","_et_pb_old_content":"","_et_gb_content_width":"","footnotes":"","_links_to":"","_links_to_target":""},"categories":[608],"tags":[],"class_list":["post-22288","post","type-post","status-publish","format-standard","has-post-thumbnail","hentry","category-irlande-fr"],"acf":[],"yoast_head":"<!-- This site is optimized with the Yoast SEO plugin v27.5 - https:\/\/yoast.com\/product\/yoast-seo-wordpress\/ -->\n<title>Laudato Si \u2013 Phase de sensibilisation pendant la \u00ab distanciation sociale \u00bb - Filles de la Charit\u00e9<\/title>\n<meta name=\"robots\" content=\"index, follow, max-snippet:-1, max-image-preview:large, max-video-preview:-1\" \/>\n<link rel=\"canonical\" href=\"https:\/\/filles-de-la-charite.org\/fr\/laudato-si-awareness-raising-while-social-distancing-2\/\" \/>\n<meta property=\"og:locale\" content=\"fr_FR\" \/>\n<meta property=\"og:type\" content=\"article\" \/>\n<meta property=\"og:title\" content=\"Laudato Si \u2013 Phase de sensibilisation pendant la \u00ab distanciation sociale \u00bb - Filles de la Charit\u00e9\" \/>\n<meta property=\"og:description\" content=\"La force et la stabilit\u00e9 font partie des qualit\u00e9s permettant de c\u00e9l\u00e9brer le cinqui\u00e8me anniversaire de \u00ab\u00a0Laudato Si\u00a0\u00bb\u00a0; en lan\u00e7ant une ann\u00e9e sp\u00e9ciale d\u00e9butant en 2020- accompagn\u00e9e d\u2019un plan de d\u00e9ploiement- et d\u00e9di\u00e9e \u00e0 cette encyclique, le Pape nous invite \u00e0 intensifier et stabiliser notre foi de fa\u00e7on nouvelle. Le sous-titre \u00ab\u00a0La sauvegarde de la [&hellip;]\" \/>\n<meta property=\"og:url\" content=\"https:\/\/filles-de-la-charite.org\/fr\/laudato-si-awareness-raising-while-social-distancing-2\/\" \/>\n<meta property=\"og:site_name\" content=\"Filles de la Charit\u00e9\" \/>\n<meta property=\"article:published_time\" content=\"2020-07-27T19:42:45+00:00\" \/>\n<meta property=\"article:modified_time\" content=\"2024-03-17T17:21:22+00:00\" \/>\n<meta property=\"og:image\" content=\"https:\/\/filles-de-la-charite.org\/wp-content\/uploads\/2023\/06\/0726-Laudato-Si-FTD.jpg\" \/>\n\t<meta property=\"og:image:width\" content=\"1200\" \/>\n\t<meta property=\"og:image:height\" content=\"630\" \/>\n\t<meta property=\"og:image:type\" content=\"image\/jpeg\" \/>\n<meta name=\"author\" content=\"admin\" \/>\n<meta name=\"twitter:card\" content=\"summary_large_image\" \/>\n<meta name=\"twitter:label1\" content=\"\u00c9crit par\" \/>\n\t<meta name=\"twitter:data1\" content=\"admin\" \/>\n\t<meta name=\"twitter:label2\" content=\"Dur\u00e9e de lecture estim\u00e9e\" \/>\n\t<meta name=\"twitter:data2\" content=\"3 minutes\" \/>\n<script type=\"application\/ld+json\" class=\"yoast-schema-graph\">{\"@context\":\"https:\\\/\\\/schema.org\",\"@graph\":[{\"@type\":\"Article\",\"@id\":\"https:\\\/\\\/filles-de-la-charite.org\\\/fr\\\/laudato-si-awareness-raising-while-social-distancing-2\\\/#article\",\"isPartOf\":{\"@id\":\"https:\\\/\\\/filles-de-la-charite.org\\\/fr\\\/laudato-si-awareness-raising-while-social-distancing-2\\\/\"},\"author\":{\"name\":\"admin\",\"@id\":\"https:\\\/\\\/filles-de-la-charite.org\\\/fr\\\/#\\\/schema\\\/person\\\/427567b2eccfc2dd7d206da186a1f438\"},\"headline\":\"Laudato Si \u2013 Phase de sensibilisation pendant la \u00ab distanciation sociale \u00bb\",\"datePublished\":\"2020-07-27T19:42:45+00:00\",\"dateModified\":\"2024-03-17T17:21:22+00:00\",\"mainEntityOfPage\":{\"@id\":\"https:\\\/\\\/filles-de-la-charite.org\\\/fr\\\/laudato-si-awareness-raising-while-social-distancing-2\\\/\"},\"wordCount\":485,\"publisher\":{\"@id\":\"https:\\\/\\\/filles-de-la-charite.org\\\/fr\\\/#organization\"},\"image\":{\"@id\":\"https:\\\/\\\/filles-de-la-charite.org\\\/fr\\\/laudato-si-awareness-raising-while-social-distancing-2\\\/#primaryimage\"},\"thumbnailUrl\":\"https:\\\/\\\/filles-de-la-charite.org\\\/wp-content\\\/uploads\\\/2023\\\/06\\\/0726-Laudato-Si-FTD.jpg\",\"articleSection\":[\"Irlande\"],\"inLanguage\":\"fr-FR\"},{\"@type\":\"WebPage\",\"@id\":\"https:\\\/\\\/filles-de-la-charite.org\\\/fr\\\/laudato-si-awareness-raising-while-social-distancing-2\\\/\",\"url\":\"https:\\\/\\\/filles-de-la-charite.org\\\/fr\\\/laudato-si-awareness-raising-while-social-distancing-2\\\/\",\"name\":\"Laudato Si \u2013 Phase de sensibilisation pendant la \u00ab distanciation sociale \u00bb - Filles de la Charit\u00e9\",\"isPartOf\":{\"@id\":\"https:\\\/\\\/filles-de-la-charite.org\\\/fr\\\/#website\"},\"primaryImageOfPage\":{\"@id\":\"https:\\\/\\\/filles-de-la-charite.org\\\/fr\\\/laudato-si-awareness-raising-while-social-distancing-2\\\/#primaryimage\"},\"image\":{\"@id\":\"https:\\\/\\\/filles-de-la-charite.org\\\/fr\\\/laudato-si-awareness-raising-while-social-distancing-2\\\/#primaryimage\"},\"thumbnailUrl\":\"https:\\\/\\\/filles-de-la-charite.org\\\/wp-content\\\/uploads\\\/2023\\\/06\\\/0726-Laudato-Si-FTD.jpg\",\"datePublished\":\"2020-07-27T19:42:45+00:00\",\"dateModified\":\"2024-03-17T17:21:22+00:00\",\"breadcrumb\":{\"@id\":\"https:\\\/\\\/filles-de-la-charite.org\\\/fr\\\/laudato-si-awareness-raising-while-social-distancing-2\\\/#breadcrumb\"},\"inLanguage\":\"fr-FR\",\"potentialAction\":[{\"@type\":\"ReadAction\",\"target\":[\"https:\\\/\\\/filles-de-la-charite.org\\\/fr\\\/laudato-si-awareness-raising-while-social-distancing-2\\\/\"]}]},{\"@type\":\"ImageObject\",\"inLanguage\":\"fr-FR\",\"@id\":\"https:\\\/\\\/filles-de-la-charite.org\\\/fr\\\/laudato-si-awareness-raising-while-social-distancing-2\\\/#primaryimage\",\"url\":\"https:\\\/\\\/filles-de-la-charite.org\\\/wp-content\\\/uploads\\\/2023\\\/06\\\/0726-Laudato-Si-FTD.jpg\",\"contentUrl\":\"https:\\\/\\\/filles-de-la-charite.org\\\/wp-content\\\/uploads\\\/2023\\\/06\\\/0726-Laudato-Si-FTD.jpg\",\"width\":1200,\"height\":630},{\"@type\":\"BreadcrumbList\",\"@id\":\"https:\\\/\\\/filles-de-la-charite.org\\\/fr\\\/laudato-si-awareness-raising-while-social-distancing-2\\\/#breadcrumb\",\"itemListElement\":[{\"@type\":\"ListItem\",\"position\":1,\"name\":\"Espa\u00f1a-Norte\",\"item\":\"https:\\\/\\\/filles-de-la-charite.org\\\/fr\\\/category\\\/espana-norte-fr\\\/\"},{\"@type\":\"ListItem\",\"position\":2,\"name\":\"Laudato Si \u2013 Phase de sensibilisation pendant la \u00ab distanciation sociale \u00bb\"}]},{\"@type\":\"WebSite\",\"@id\":\"https:\\\/\\\/filles-de-la-charite.org\\\/fr\\\/#website\",\"url\":\"https:\\\/\\\/filles-de-la-charite.org\\\/fr\\\/\",\"name\":\"Hijas de la Caridad\",\"description\":\"L\u2019amour de J\u00e9sus nous presse \u00e0 prendre soin des personnes les plus d\u00e9munies\",\"publisher\":{\"@id\":\"https:\\\/\\\/filles-de-la-charite.org\\\/fr\\\/#organization\"},\"potentialAction\":[{\"@type\":\"SearchAction\",\"target\":{\"@type\":\"EntryPoint\",\"urlTemplate\":\"https:\\\/\\\/filles-de-la-charite.org\\\/fr\\\/?s={search_term_string}\"},\"query-input\":{\"@type\":\"PropertyValueSpecification\",\"valueRequired\":true,\"valueName\":\"search_term_string\"}}],\"inLanguage\":\"fr-FR\"},{\"@type\":\"Organization\",\"@id\":\"https:\\\/\\\/filles-de-la-charite.org\\\/fr\\\/#organization\",\"name\":\"Hijas de la Caridad\",\"url\":\"https:\\\/\\\/filles-de-la-charite.org\\\/fr\\\/\",\"logo\":{\"@type\":\"ImageObject\",\"inLanguage\":\"fr-FR\",\"@id\":\"https:\\\/\\\/filles-de-la-charite.org\\\/fr\\\/#\\\/schema\\\/logo\\\/image\\\/\",\"url\":\"https:\\\/\\\/filles-de-la-charite.org\\\/wp-content\\\/uploads\\\/2023\\\/03\\\/isotipo-Hijas-de-la-Caridad.png\",\"contentUrl\":\"https:\\\/\\\/filles-de-la-charite.org\\\/wp-content\\\/uploads\\\/2023\\\/03\\\/isotipo-Hijas-de-la-Caridad.png\",\"width\":1417,\"height\":1417,\"caption\":\"Hijas de la Caridad\"},\"image\":{\"@id\":\"https:\\\/\\\/filles-de-la-charite.org\\\/fr\\\/#\\\/schema\\\/logo\\\/image\\\/\"}},{\"@type\":\"Person\",\"@id\":\"https:\\\/\\\/filles-de-la-charite.org\\\/fr\\\/#\\\/schema\\\/person\\\/427567b2eccfc2dd7d206da186a1f438\",\"name\":\"admin\",\"image\":{\"@type\":\"ImageObject\",\"inLanguage\":\"fr-FR\",\"@id\":\"https:\\\/\\\/secure.gravatar.com\\\/avatar\\\/948b492cce32b586ac2db0eaa926ee87024f7afe218d73b397ea5ddfc5f43ea1?s=96&d=mm&r=g\",\"url\":\"https:\\\/\\\/secure.gravatar.com\\\/avatar\\\/948b492cce32b586ac2db0eaa926ee87024f7afe218d73b397ea5ddfc5f43ea1?s=96&d=mm&r=g\",\"contentUrl\":\"https:\\\/\\\/secure.gravatar.com\\\/avatar\\\/948b492cce32b586ac2db0eaa926ee87024f7afe218d73b397ea5ddfc5f43ea1?s=96&d=mm&r=g\",\"caption\":\"admin\"},\"sameAs\":[\"https:\\\/\\\/filles-de-la-charite.org\"],\"url\":\"https:\\\/\\\/filles-de-la-charite.org\\\/fr\\\/author\\\/caridad\\\/\"}]}<\/script>\n<!-- \/ Yoast SEO plugin. -->","yoast_head_json":{"title":"Laudato Si \u2013 Phase de sensibilisation pendant la \u00ab distanciation sociale \u00bb - Filles de la Charit\u00e9","robots":{"index":"index","follow":"follow","max-snippet":"max-snippet:-1","max-image-preview":"max-image-preview:large","max-video-preview":"max-video-preview:-1"},"canonical":"https:\/\/filles-de-la-charite.org\/fr\/laudato-si-awareness-raising-while-social-distancing-2\/","og_locale":"fr_FR","og_type":"article","og_title":"Laudato Si \u2013 Phase de sensibilisation pendant la \u00ab distanciation sociale \u00bb - Filles de la Charit\u00e9","og_description":"La force et la stabilit\u00e9 font partie des qualit\u00e9s permettant de c\u00e9l\u00e9brer le cinqui\u00e8me anniversaire de \u00ab\u00a0Laudato Si\u00a0\u00bb\u00a0; en lan\u00e7ant une ann\u00e9e sp\u00e9ciale d\u00e9butant en 2020- accompagn\u00e9e d\u2019un plan de d\u00e9ploiement- et d\u00e9di\u00e9e \u00e0 cette encyclique, le Pape nous invite \u00e0 intensifier et stabiliser notre foi de fa\u00e7on nouvelle. Le sous-titre \u00ab\u00a0La sauvegarde de la [&hellip;]","og_url":"https:\/\/filles-de-la-charite.org\/fr\/laudato-si-awareness-raising-while-social-distancing-2\/","og_site_name":"Filles de la Charit\u00e9","article_published_time":"2020-07-27T19:42:45+00:00","article_modified_time":"2024-03-17T17:21:22+00:00","og_image":[{"width":1200,"height":630,"url":"https:\/\/filles-de-la-charite.org\/wp-content\/uploads\/2023\/06\/0726-Laudato-Si-FTD.jpg","type":"image\/jpeg"}],"author":"admin","twitter_card":"summary_large_image","twitter_misc":{"\u00c9crit par":"admin","Dur\u00e9e de lecture estim\u00e9e":"3 minutes"},"schema":{"@context":"https:\/\/schema.org","@graph":[{"@type":"Article","@id":"https:\/\/filles-de-la-charite.org\/fr\/laudato-si-awareness-raising-while-social-distancing-2\/#article","isPartOf":{"@id":"https:\/\/filles-de-la-charite.org\/fr\/laudato-si-awareness-raising-while-social-distancing-2\/"},"author":{"name":"admin","@id":"https:\/\/filles-de-la-charite.org\/fr\/#\/schema\/person\/427567b2eccfc2dd7d206da186a1f438"},"headline":"Laudato Si \u2013 Phase de sensibilisation pendant la \u00ab distanciation sociale \u00bb","datePublished":"2020-07-27T19:42:45+00:00","dateModified":"2024-03-17T17:21:22+00:00","mainEntityOfPage":{"@id":"https:\/\/filles-de-la-charite.org\/fr\/laudato-si-awareness-raising-while-social-distancing-2\/"},"wordCount":485,"publisher":{"@id":"https:\/\/filles-de-la-charite.org\/fr\/#organization"},"image":{"@id":"https:\/\/filles-de-la-charite.org\/fr\/laudato-si-awareness-raising-while-social-distancing-2\/#primaryimage"},"thumbnailUrl":"https:\/\/filles-de-la-charite.org\/wp-content\/uploads\/2023\/06\/0726-Laudato-Si-FTD.jpg","articleSection":["Irlande"],"inLanguage":"fr-FR"},{"@type":"WebPage","@id":"https:\/\/filles-de-la-charite.org\/fr\/laudato-si-awareness-raising-while-social-distancing-2\/","url":"https:\/\/filles-de-la-charite.org\/fr\/laudato-si-awareness-raising-while-social-distancing-2\/","name":"Laudato Si \u2013 Phase de sensibilisation pendant la \u00ab distanciation sociale \u00bb - Filles de la Charit\u00e9","isPartOf":{"@id":"https:\/\/filles-de-la-charite.org\/fr\/#website"},"primaryImageOfPage":{"@id":"https:\/\/filles-de-la-charite.org\/fr\/laudato-si-awareness-raising-while-social-distancing-2\/#primaryimage"},"image":{"@id":"https:\/\/filles-de-la-charite.org\/fr\/laudato-si-awareness-raising-while-social-distancing-2\/#primaryimage"},"thumbnailUrl":"https:\/\/filles-de-la-charite.org\/wp-content\/uploads\/2023\/06\/0726-Laudato-Si-FTD.jpg","datePublished":"2020-07-27T19:42:45+00:00","dateModified":"2024-03-17T17:21:22+00:00","breadcrumb":{"@id":"https:\/\/filles-de-la-charite.org\/fr\/laudato-si-awareness-raising-while-social-distancing-2\/#breadcrumb"},"inLanguage":"fr-FR","potentialAction":[{"@type":"ReadAction","target":["https:\/\/filles-de-la-charite.org\/fr\/laudato-si-awareness-raising-while-social-distancing-2\/"]}]},{"@type":"ImageObject","inLanguage":"fr-FR","@id":"https:\/\/filles-de-la-charite.org\/fr\/laudato-si-awareness-raising-while-social-distancing-2\/#primaryimage","url":"https:\/\/filles-de-la-charite.org\/wp-content\/uploads\/2023\/06\/0726-Laudato-Si-FTD.jpg","contentUrl":"https:\/\/filles-de-la-charite.org\/wp-content\/uploads\/2023\/06\/0726-Laudato-Si-FTD.jpg","width":1200,"height":630},{"@type":"BreadcrumbList","@id":"https:\/\/filles-de-la-charite.org\/fr\/laudato-si-awareness-raising-while-social-distancing-2\/#breadcrumb","itemListElement":[{"@type":"ListItem","position":1,"name":"Espa\u00f1a-Norte","item":"https:\/\/filles-de-la-charite.org\/fr\/category\/espana-norte-fr\/"},{"@type":"ListItem","position":2,"name":"Laudato Si \u2013 Phase de sensibilisation pendant la \u00ab distanciation sociale \u00bb"}]},{"@type":"WebSite","@id":"https:\/\/filles-de-la-charite.org\/fr\/#website","url":"https:\/\/filles-de-la-charite.org\/fr\/","name":"Hijas de la Caridad","description":"L\u2019amour de J\u00e9sus nous presse \u00e0 prendre soin des personnes les plus d\u00e9munies","publisher":{"@id":"https:\/\/filles-de-la-charite.org\/fr\/#organization"},"potentialAction":[{"@type":"SearchAction","target":{"@type":"EntryPoint","urlTemplate":"https:\/\/filles-de-la-charite.org\/fr\/?s={search_term_string}"},"query-input":{"@type":"PropertyValueSpecification","valueRequired":true,"valueName":"search_term_string"}}],"inLanguage":"fr-FR"},{"@type":"Organization","@id":"https:\/\/filles-de-la-charite.org\/fr\/#organization","name":"Hijas de la Caridad","url":"https:\/\/filles-de-la-charite.org\/fr\/","logo":{"@type":"ImageObject","inLanguage":"fr-FR","@id":"https:\/\/filles-de-la-charite.org\/fr\/#\/schema\/logo\/image\/","url":"https:\/\/filles-de-la-charite.org\/wp-content\/uploads\/2023\/03\/isotipo-Hijas-de-la-Caridad.png","contentUrl":"https:\/\/filles-de-la-charite.org\/wp-content\/uploads\/2023\/03\/isotipo-Hijas-de-la-Caridad.png","width":1417,"height":1417,"caption":"Hijas de la Caridad"},"image":{"@id":"https:\/\/filles-de-la-charite.org\/fr\/#\/schema\/logo\/image\/"}},{"@type":"Person","@id":"https:\/\/filles-de-la-charite.org\/fr\/#\/schema\/person\/427567b2eccfc2dd7d206da186a1f438","name":"admin","image":{"@type":"ImageObject","inLanguage":"fr-FR","@id":"https:\/\/secure.gravatar.com\/avatar\/948b492cce32b586ac2db0eaa926ee87024f7afe218d73b397ea5ddfc5f43ea1?s=96&d=mm&r=g","url":"https:\/\/secure.gravatar.com\/avatar\/948b492cce32b586ac2db0eaa926ee87024f7afe218d73b397ea5ddfc5f43ea1?s=96&d=mm&r=g","contentUrl":"https:\/\/secure.gravatar.com\/avatar\/948b492cce32b586ac2db0eaa926ee87024f7afe218d73b397ea5ddfc5f43ea1?s=96&d=mm&r=g","caption":"admin"},"sameAs":["https:\/\/filles-de-la-charite.org"],"url":"https:\/\/filles-de-la-charite.org\/fr\/author\/caridad\/"}]}},"_links":{"self":[{"href":"https:\/\/filles-de-la-charite.org\/fr\/wp-json\/wp\/v2\/posts\/22288","targetHints":{"allow":["GET"]}}],"collection":[{"href":"https:\/\/filles-de-la-charite.org\/fr\/wp-json\/wp\/v2\/posts"}],"about":[{"href":"https:\/\/filles-de-la-charite.org\/fr\/wp-json\/wp\/v2\/types\/post"}],"author":[{"embeddable":true,"href":"https:\/\/filles-de-la-charite.org\/fr\/wp-json\/wp\/v2\/users\/1"}],"replies":[{"embeddable":true,"href":"https:\/\/filles-de-la-charite.org\/fr\/wp-json\/wp\/v2\/comments?post=22288"}],"version-history":[{"count":1,"href":"https:\/\/filles-de-la-charite.org\/fr\/wp-json\/wp\/v2\/posts\/22288\/revisions"}],"predecessor-version":[{"id":22289,"href":"https:\/\/filles-de-la-charite.org\/fr\/wp-json\/wp\/v2\/posts\/22288\/revisions\/22289"}],"wp:featuredmedia":[{"embeddable":true,"href":"https:\/\/filles-de-la-charite.org\/fr\/wp-json\/wp\/v2\/media\/14928"}],"wp:attachment":[{"href":"https:\/\/filles-de-la-charite.org\/fr\/wp-json\/wp\/v2\/media?parent=22288"}],"wp:term":[{"taxonomy":"category","embeddable":true,"href":"https:\/\/filles-de-la-charite.org\/fr\/wp-json\/wp\/v2\/categories?post=22288"},{"taxonomy":"post_tag","embeddable":true,"href":"https:\/\/filles-de-la-charite.org\/fr\/wp-json\/wp\/v2\/tags?post=22288"}],"curies":[{"name":"wp","href":"https:\/\/api.w.org\/{rel}","templated":true}]}}