{"id":22290,"date":"2020-08-31T17:31:17","date_gmt":"2020-08-31T15:31:17","guid":{"rendered":"https:\/\/hijascaridad.sjdigitaldemo.ovh\/welcome-to-four-new-daughters-of-charity-2\/"},"modified":"2024-03-17T18:21:11","modified_gmt":"2024-03-17T17:21:11","slug":"welcome-to-four-new-daughters-of-charity-2","status":"publish","type":"post","link":"https:\/\/filles-de-la-charite.org\/fr\/welcome-to-four-new-daughters-of-charity-2\/","title":{"rendered":"Bienvenue aux quatre nouvelles Filles de la Charit\u00e9"},"content":{"rendered":"\n<div class=\"wp-block-image\"><figure class=\"alignleft\"><img decoding=\"async\" src=\"https:\/\/filles-de-la-charite.org\/wp-content\/uploads\/2023\/06\/0829-USA-thmb-300x200.jpg\" alt=\"\" class=\"wp-image-41262\" \/><\/figure><\/div>\n\n\n\n<p><strong><span style=\"color: #929292\"><\/span><\/strong>Les deux Provinces de Filles de la Charit\u00e9 des \u00c9tats-Unis partagent un S\u00e9minaire Inter-provincial situ\u00e9 \u00e0 Saint Louis, \u00c9tat du Missouri. Le 22 ao\u00fbt 2020, dans les Maisons Provinciales de \u00ab&nbsp;los Altos Hills&nbsp;\u00bb, municipalit\u00e9 de l\u2019\u00c9tat de Californie, et de Saint Louis du Missouri, les S\u0153urs ont accueilli quatre nouvelles Filles de la Charit\u00e9 qui commencent leur S\u00e9minaire (Noviciat) le 23 Ao\u00fbt. Les quatre S\u0153urs rejoignent une autre S\u0153ur du S\u00e9minaire, la Directrice du S\u00e9minaire et deux S\u0153urs compagnes dans leur communaut\u00e9 locale. Pendant leur S\u00e9minaire, elles d\u00e9couvriront la Compagnie des Filles de la Charit\u00e9 gr\u00e2ce \u00e0 des cours hebdomadaires. Elles rejoindront aussi plusieurs novices de d\u2019autres congr\u00e9gations religieuses dans un \u00ab&nbsp;noviciat inter-communautaire&nbsp;\u00bb o\u00f9 elles suivront des cours de th\u00e9ologie, de la nature humaine et d\u2019autres th\u00e8mes tels que la justice sociale et l\u2019histoire de l\u2019\u00c9glise.<\/p>\n\n\n\n<p>Nous demandons de prier pour ces nouvelles Filles de la Charit\u00e9. <\/p>\n\n\n\n<figure class=\"wp-block-gallery columns-3 is-cropped wp-block-gallery-1 is-layout-flex wp-block-gallery-is-layout-flex\"><ul class=\"blocks-gallery-grid\"><li class=\"blocks-gallery-item\"><figure><img decoding=\"async\" src=\"https:\/\/filles-de-la-charite.org\/wp-content\/uploads\/2023\/06\/0829-USA-thmb.jpg\" alt=\"\" data-id=\"51390\" data-full-url=\"https:\/\/filles-de-la-charite.org\/wp-content\/uploads\/2023\/06\/0829-USA-thmb.jpg\" data-link=\"https:\/\/www.filles-de-la-charite.org\/0829-usa-thmb\/\" class=\"wp-image-51390\" \/><\/figure><\/li><li class=\"blocks-gallery-item\"><figure><img decoding=\"async\" src=\"https:\/\/filles-de-la-charite.org\/wp-content\/uploads\/2023\/06\/0829-USA-FTD-768x403-1.jpg\" alt=\"\" data-id=\"51389\" data-full-url=\"https:\/\/filles-de-la-charite.org\/wp-content\/uploads\/2023\/06\/0829-USA-FTD-768x403-1.jpg\" data-link=\"https:\/\/www.filles-de-la-charite.org\/0829-usa-ftd-768x403\/\" class=\"wp-image-51389\" \/><\/figure><\/li><li class=\"blocks-gallery-item\"><figure><img decoding=\"async\" src=\"https:\/\/filles-de-la-charite.org\/wp-content\/uploads\/2023\/06\/0829-8-Provincial-chapel-458x610-1.jpg\" alt=\"\" data-id=\"51379\" data-full-url=\"https:\/\/filles-de-la-charite.org\/wp-content\/uploads\/2023\/06\/0829-8-Provincial-chapel-458x610-1.jpg\" data-link=\"https:\/\/www.filles-de-la-charite.org\/0829-8-provincial-chapel-458x610\/\" class=\"wp-image-51379\" \/><\/figure><\/li><li class=\"blocks-gallery-item\"><figure><img decoding=\"async\" src=\"https:\/\/filles-de-la-charite.org\/wp-content\/uploads\/2023\/06\/0829-6-Srs-Clarissa-Bella.jpg\" alt=\"\" data-id=\"51360\" data-full-url=\"https:\/\/filles-de-la-charite.org\/wp-content\/uploads\/2023\/06\/0829-6-Srs-Clarissa-Bella.jpg\" data-link=\"https:\/\/www.filles-de-la-charite.org\/0829-6-srs-clarissa-bella\/\" class=\"wp-image-51360\" \/><\/figure><\/li><li class=\"blocks-gallery-item\"><figure><img decoding=\"async\" src=\"https:\/\/filles-de-la-charite.org\/wp-content\/uploads\/2023\/06\/0829-5-Srs-Jessica-Theresa-Marie-610x610-1.jpg\" alt=\"\" data-id=\"51358\" data-full-url=\"https:\/\/filles-de-la-charite.org\/wp-content\/uploads\/2023\/06\/0829-5-Srs-Jessica-Theresa-Marie-610x610-1.jpg\" data-link=\"https:\/\/www.filles-de-la-charite.org\/0829-5-srs-jessica-theresa-marie-610x610\/\" class=\"wp-image-51358\" \/><\/figure><\/li><li class=\"blocks-gallery-item\"><figure><img decoding=\"async\" src=\"https:\/\/filles-de-la-charite.org\/wp-content\/uploads\/2023\/06\/0829-4-Srs-Jessica-Theresa-Marie-Visitatrix-610x610-1.jpg\" alt=\"\" data-id=\"51351\" data-full-url=\"https:\/\/filles-de-la-charite.org\/wp-content\/uploads\/2023\/06\/0829-4-Srs-Jessica-Theresa-Marie-Visitatrix-610x610-1.jpg\" data-link=\"https:\/\/www.filles-de-la-charite.org\/0829-4-srs-jessica-theresa-marie-visitatrix-610x610\/\" class=\"wp-image-51351\" \/><\/figure><\/li><li class=\"blocks-gallery-item\"><figure><img decoding=\"async\" src=\"https:\/\/filles-de-la-charite.org\/wp-content\/uploads\/2023\/06\/0829-3-Seminary-community.jpg\" alt=\"\" data-id=\"51339\" data-full-url=\"https:\/\/filles-de-la-charite.org\/wp-content\/uploads\/2023\/06\/0829-3-Seminary-community.jpg\" data-link=\"https:\/\/www.filles-de-la-charite.org\/0829-3-seminary-community\/\" class=\"wp-image-51339\" \/><\/figure><\/li><li class=\"blocks-gallery-item\"><figure><img decoding=\"async\" src=\"https:\/\/filles-de-la-charite.org\/wp-content\/uploads\/2023\/06\/0829-1-Srs-Clarissa-Bella-650x300-1.jpg\" alt=\"\" data-id=\"51331\" data-full-url=\"https:\/\/filles-de-la-charite.org\/wp-content\/uploads\/2023\/06\/0829-1-Srs-Clarissa-Bella-650x300-1.jpg\" data-link=\"https:\/\/www.filles-de-la-charite.org\/0829-1-srs-clarissa-bella-650x300\/\" class=\"wp-image-51331\" \/><\/figure><\/li><\/ul><\/figure>\n\n\n\n<p><\/p>\n","protected":false},"excerpt":{"rendered":"<p>Les deux Provinces de Filles de la Charit\u00e9 des \u00c9tats-Unis partagent un S\u00e9minaire Inter-provincial situ\u00e9 \u00e0 Saint Louis, \u00c9tat du Missouri. Le 22 ao\u00fbt 2020, dans les Maisons Provinciales de \u00ab&nbsp;los Altos Hills&nbsp;\u00bb, municipalit\u00e9 de l\u2019\u00c9tat de Californie, et de Saint Louis du Missouri, les S\u0153urs ont accueilli quatre nouvelles Filles de la Charit\u00e9 qui [&hellip;]<\/p>\n","protected":false},"author":1,"featured_media":14984,"comment_status":"closed","ping_status":"closed","sticky":false,"template":"","format":"standard","meta":{"_acf_changed":false,"_et_pb_use_builder":"","_et_pb_old_content":"","_et_gb_content_width":"","footnotes":"","_links_to":"","_links_to_target":""},"categories":[683,817],"tags":[],"class_list":["post-22290","post","type-post","status-publish","format-standard","has-post-thumbnail","hentry","category-sainte-louise-usa-fr","category-st-e-a-seton-usa-fr"],"acf":[],"yoast_head":"<!-- This site is optimized with the Yoast SEO plugin v27.4 - https:\/\/yoast.com\/product\/yoast-seo-wordpress\/ -->\n<title>Bienvenue aux quatre nouvelles Filles de la Charit\u00e9 - Filles de la Charit\u00e9<\/title>\n<meta name=\"robots\" content=\"index, follow, max-snippet:-1, max-image-preview:large, max-video-preview:-1\" \/>\n<link rel=\"canonical\" href=\"https:\/\/filles-de-la-charite.org\/fr\/welcome-to-four-new-daughters-of-charity-2\/\" \/>\n<meta property=\"og:locale\" content=\"fr_FR\" \/>\n<meta property=\"og:type\" content=\"article\" \/>\n<meta property=\"og:title\" content=\"Bienvenue aux quatre nouvelles Filles de la Charit\u00e9 - Filles de la Charit\u00e9\" \/>\n<meta property=\"og:description\" content=\"Les deux Provinces de Filles de la Charit\u00e9 des \u00c9tats-Unis partagent un S\u00e9minaire Inter-provincial situ\u00e9 \u00e0 Saint Louis, \u00c9tat du Missouri. Le 22 ao\u00fbt 2020, dans les Maisons Provinciales de \u00ab&nbsp;los Altos Hills&nbsp;\u00bb, municipalit\u00e9 de l\u2019\u00c9tat de Californie, et de Saint Louis du Missouri, les S\u0153urs ont accueilli quatre nouvelles Filles de la Charit\u00e9 qui [&hellip;]\" \/>\n<meta property=\"og:url\" content=\"https:\/\/filles-de-la-charite.org\/fr\/welcome-to-four-new-daughters-of-charity-2\/\" \/>\n<meta property=\"og:site_name\" content=\"Filles de la Charit\u00e9\" \/>\n<meta property=\"article:published_time\" content=\"2020-08-31T15:31:17+00:00\" \/>\n<meta property=\"article:modified_time\" content=\"2024-03-17T17:21:11+00:00\" \/>\n<meta property=\"og:image\" content=\"https:\/\/filles-de-la-charite.org\/wp-content\/uploads\/2023\/06\/0829-USA-FTD.jpg\" \/>\n\t<meta property=\"og:image:width\" content=\"1200\" \/>\n\t<meta property=\"og:image:height\" content=\"630\" \/>\n\t<meta property=\"og:image:type\" content=\"image\/jpeg\" \/>\n<meta name=\"author\" content=\"admin\" \/>\n<meta name=\"twitter:card\" content=\"summary_large_image\" \/>\n<meta name=\"twitter:label1\" content=\"\u00c9crit par\" \/>\n\t<meta name=\"twitter:data1\" content=\"admin\" \/>\n\t<meta name=\"twitter:label2\" content=\"Dur\u00e9e de lecture estim\u00e9e\" \/>\n\t<meta name=\"twitter:data2\" content=\"1 minute\" \/>\n<script type=\"application\/ld+json\" class=\"yoast-schema-graph\">{\"@context\":\"https:\\\/\\\/schema.org\",\"@graph\":[{\"@type\":\"Article\",\"@id\":\"https:\\\/\\\/filles-de-la-charite.org\\\/fr\\\/welcome-to-four-new-daughters-of-charity-2\\\/#article\",\"isPartOf\":{\"@id\":\"https:\\\/\\\/filles-de-la-charite.org\\\/fr\\\/welcome-to-four-new-daughters-of-charity-2\\\/\"},\"author\":{\"name\":\"admin\",\"@id\":\"https:\\\/\\\/filles-de-la-charite.org\\\/fr\\\/#\\\/schema\\\/person\\\/427567b2eccfc2dd7d206da186a1f438\"},\"headline\":\"Bienvenue aux quatre nouvelles Filles de la Charit\u00e9\",\"datePublished\":\"2020-08-31T15:31:17+00:00\",\"dateModified\":\"2024-03-17T17:21:11+00:00\",\"mainEntityOfPage\":{\"@id\":\"https:\\\/\\\/filles-de-la-charite.org\\\/fr\\\/welcome-to-four-new-daughters-of-charity-2\\\/\"},\"wordCount\":175,\"publisher\":{\"@id\":\"https:\\\/\\\/filles-de-la-charite.org\\\/fr\\\/#organization\"},\"image\":{\"@id\":\"https:\\\/\\\/filles-de-la-charite.org\\\/fr\\\/welcome-to-four-new-daughters-of-charity-2\\\/#primaryimage\"},\"thumbnailUrl\":\"https:\\\/\\\/filles-de-la-charite.org\\\/wp-content\\\/uploads\\\/2023\\\/06\\\/0829-USA-FTD.jpg\",\"articleSection\":[\"Sainte Louise - USA\",\"St E.A. Seton - USA\"],\"inLanguage\":\"fr-FR\"},{\"@type\":\"WebPage\",\"@id\":\"https:\\\/\\\/filles-de-la-charite.org\\\/fr\\\/welcome-to-four-new-daughters-of-charity-2\\\/\",\"url\":\"https:\\\/\\\/filles-de-la-charite.org\\\/fr\\\/welcome-to-four-new-daughters-of-charity-2\\\/\",\"name\":\"Bienvenue aux quatre nouvelles Filles de la Charit\u00e9 - Filles de la Charit\u00e9\",\"isPartOf\":{\"@id\":\"https:\\\/\\\/filles-de-la-charite.org\\\/fr\\\/#website\"},\"primaryImageOfPage\":{\"@id\":\"https:\\\/\\\/filles-de-la-charite.org\\\/fr\\\/welcome-to-four-new-daughters-of-charity-2\\\/#primaryimage\"},\"image\":{\"@id\":\"https:\\\/\\\/filles-de-la-charite.org\\\/fr\\\/welcome-to-four-new-daughters-of-charity-2\\\/#primaryimage\"},\"thumbnailUrl\":\"https:\\\/\\\/filles-de-la-charite.org\\\/wp-content\\\/uploads\\\/2023\\\/06\\\/0829-USA-FTD.jpg\",\"datePublished\":\"2020-08-31T15:31:17+00:00\",\"dateModified\":\"2024-03-17T17:21:11+00:00\",\"breadcrumb\":{\"@id\":\"https:\\\/\\\/filles-de-la-charite.org\\\/fr\\\/welcome-to-four-new-daughters-of-charity-2\\\/#breadcrumb\"},\"inLanguage\":\"fr-FR\",\"potentialAction\":[{\"@type\":\"ReadAction\",\"target\":[\"https:\\\/\\\/filles-de-la-charite.org\\\/fr\\\/welcome-to-four-new-daughters-of-charity-2\\\/\"]}]},{\"@type\":\"ImageObject\",\"inLanguage\":\"fr-FR\",\"@id\":\"https:\\\/\\\/filles-de-la-charite.org\\\/fr\\\/welcome-to-four-new-daughters-of-charity-2\\\/#primaryimage\",\"url\":\"https:\\\/\\\/filles-de-la-charite.org\\\/wp-content\\\/uploads\\\/2023\\\/06\\\/0829-USA-FTD.jpg\",\"contentUrl\":\"https:\\\/\\\/filles-de-la-charite.org\\\/wp-content\\\/uploads\\\/2023\\\/06\\\/0829-USA-FTD.jpg\",\"width\":1200,\"height\":630},{\"@type\":\"BreadcrumbList\",\"@id\":\"https:\\\/\\\/filles-de-la-charite.org\\\/fr\\\/welcome-to-four-new-daughters-of-charity-2\\\/#breadcrumb\",\"itemListElement\":[{\"@type\":\"ListItem\",\"position\":1,\"name\":\"Sainte Louise - USA\",\"item\":\"https:\\\/\\\/filles-de-la-charite.org\\\/fr\\\/category\\\/sainte-louise-usa-fr\\\/\"},{\"@type\":\"ListItem\",\"position\":2,\"name\":\"Bienvenue aux quatre nouvelles Filles de la Charit\u00e9\"}]},{\"@type\":\"WebSite\",\"@id\":\"https:\\\/\\\/filles-de-la-charite.org\\\/fr\\\/#website\",\"url\":\"https:\\\/\\\/filles-de-la-charite.org\\\/fr\\\/\",\"name\":\"Hijas de la Caridad\",\"description\":\"L\u2019amour de J\u00e9sus nous presse \u00e0 prendre soin des personnes les plus d\u00e9munies\",\"publisher\":{\"@id\":\"https:\\\/\\\/filles-de-la-charite.org\\\/fr\\\/#organization\"},\"potentialAction\":[{\"@type\":\"SearchAction\",\"target\":{\"@type\":\"EntryPoint\",\"urlTemplate\":\"https:\\\/\\\/filles-de-la-charite.org\\\/fr\\\/?s={search_term_string}\"},\"query-input\":{\"@type\":\"PropertyValueSpecification\",\"valueRequired\":true,\"valueName\":\"search_term_string\"}}],\"inLanguage\":\"fr-FR\"},{\"@type\":\"Organization\",\"@id\":\"https:\\\/\\\/filles-de-la-charite.org\\\/fr\\\/#organization\",\"name\":\"Hijas de la Caridad\",\"url\":\"https:\\\/\\\/filles-de-la-charite.org\\\/fr\\\/\",\"logo\":{\"@type\":\"ImageObject\",\"inLanguage\":\"fr-FR\",\"@id\":\"https:\\\/\\\/filles-de-la-charite.org\\\/fr\\\/#\\\/schema\\\/logo\\\/image\\\/\",\"url\":\"https:\\\/\\\/filles-de-la-charite.org\\\/wp-content\\\/uploads\\\/2023\\\/03\\\/isotipo-Hijas-de-la-Caridad.png\",\"contentUrl\":\"https:\\\/\\\/filles-de-la-charite.org\\\/wp-content\\\/uploads\\\/2023\\\/03\\\/isotipo-Hijas-de-la-Caridad.png\",\"width\":1417,\"height\":1417,\"caption\":\"Hijas de la Caridad\"},\"image\":{\"@id\":\"https:\\\/\\\/filles-de-la-charite.org\\\/fr\\\/#\\\/schema\\\/logo\\\/image\\\/\"}},{\"@type\":\"Person\",\"@id\":\"https:\\\/\\\/filles-de-la-charite.org\\\/fr\\\/#\\\/schema\\\/person\\\/427567b2eccfc2dd7d206da186a1f438\",\"name\":\"admin\",\"image\":{\"@type\":\"ImageObject\",\"inLanguage\":\"fr-FR\",\"@id\":\"https:\\\/\\\/secure.gravatar.com\\\/avatar\\\/948b492cce32b586ac2db0eaa926ee87024f7afe218d73b397ea5ddfc5f43ea1?s=96&d=mm&r=g\",\"url\":\"https:\\\/\\\/secure.gravatar.com\\\/avatar\\\/948b492cce32b586ac2db0eaa926ee87024f7afe218d73b397ea5ddfc5f43ea1?s=96&d=mm&r=g\",\"contentUrl\":\"https:\\\/\\\/secure.gravatar.com\\\/avatar\\\/948b492cce32b586ac2db0eaa926ee87024f7afe218d73b397ea5ddfc5f43ea1?s=96&d=mm&r=g\",\"caption\":\"admin\"},\"sameAs\":[\"https:\\\/\\\/filles-de-la-charite.org\"],\"url\":\"https:\\\/\\\/filles-de-la-charite.org\\\/fr\\\/author\\\/caridad\\\/\"}]}<\/script>\n<!-- \/ Yoast SEO plugin. -->","yoast_head_json":{"title":"Bienvenue aux quatre nouvelles Filles de la Charit\u00e9 - Filles de la Charit\u00e9","robots":{"index":"index","follow":"follow","max-snippet":"max-snippet:-1","max-image-preview":"max-image-preview:large","max-video-preview":"max-video-preview:-1"},"canonical":"https:\/\/filles-de-la-charite.org\/fr\/welcome-to-four-new-daughters-of-charity-2\/","og_locale":"fr_FR","og_type":"article","og_title":"Bienvenue aux quatre nouvelles Filles de la Charit\u00e9 - Filles de la Charit\u00e9","og_description":"Les deux Provinces de Filles de la Charit\u00e9 des \u00c9tats-Unis partagent un S\u00e9minaire Inter-provincial situ\u00e9 \u00e0 Saint Louis, \u00c9tat du Missouri. Le 22 ao\u00fbt 2020, dans les Maisons Provinciales de \u00ab&nbsp;los Altos Hills&nbsp;\u00bb, municipalit\u00e9 de l\u2019\u00c9tat de Californie, et de Saint Louis du Missouri, les S\u0153urs ont accueilli quatre nouvelles Filles de la Charit\u00e9 qui [&hellip;]","og_url":"https:\/\/filles-de-la-charite.org\/fr\/welcome-to-four-new-daughters-of-charity-2\/","og_site_name":"Filles de la Charit\u00e9","article_published_time":"2020-08-31T15:31:17+00:00","article_modified_time":"2024-03-17T17:21:11+00:00","og_image":[{"width":1200,"height":630,"url":"https:\/\/filles-de-la-charite.org\/wp-content\/uploads\/2023\/06\/0829-USA-FTD.jpg","type":"image\/jpeg"}],"author":"admin","twitter_card":"summary_large_image","twitter_misc":{"\u00c9crit par":"admin","Dur\u00e9e de lecture estim\u00e9e":"1 minute"},"schema":{"@context":"https:\/\/schema.org","@graph":[{"@type":"Article","@id":"https:\/\/filles-de-la-charite.org\/fr\/welcome-to-four-new-daughters-of-charity-2\/#article","isPartOf":{"@id":"https:\/\/filles-de-la-charite.org\/fr\/welcome-to-four-new-daughters-of-charity-2\/"},"author":{"name":"admin","@id":"https:\/\/filles-de-la-charite.org\/fr\/#\/schema\/person\/427567b2eccfc2dd7d206da186a1f438"},"headline":"Bienvenue aux quatre nouvelles Filles de la Charit\u00e9","datePublished":"2020-08-31T15:31:17+00:00","dateModified":"2024-03-17T17:21:11+00:00","mainEntityOfPage":{"@id":"https:\/\/filles-de-la-charite.org\/fr\/welcome-to-four-new-daughters-of-charity-2\/"},"wordCount":175,"publisher":{"@id":"https:\/\/filles-de-la-charite.org\/fr\/#organization"},"image":{"@id":"https:\/\/filles-de-la-charite.org\/fr\/welcome-to-four-new-daughters-of-charity-2\/#primaryimage"},"thumbnailUrl":"https:\/\/filles-de-la-charite.org\/wp-content\/uploads\/2023\/06\/0829-USA-FTD.jpg","articleSection":["Sainte Louise - USA","St E.A. Seton - USA"],"inLanguage":"fr-FR"},{"@type":"WebPage","@id":"https:\/\/filles-de-la-charite.org\/fr\/welcome-to-four-new-daughters-of-charity-2\/","url":"https:\/\/filles-de-la-charite.org\/fr\/welcome-to-four-new-daughters-of-charity-2\/","name":"Bienvenue aux quatre nouvelles Filles de la Charit\u00e9 - Filles de la Charit\u00e9","isPartOf":{"@id":"https:\/\/filles-de-la-charite.org\/fr\/#website"},"primaryImageOfPage":{"@id":"https:\/\/filles-de-la-charite.org\/fr\/welcome-to-four-new-daughters-of-charity-2\/#primaryimage"},"image":{"@id":"https:\/\/filles-de-la-charite.org\/fr\/welcome-to-four-new-daughters-of-charity-2\/#primaryimage"},"thumbnailUrl":"https:\/\/filles-de-la-charite.org\/wp-content\/uploads\/2023\/06\/0829-USA-FTD.jpg","datePublished":"2020-08-31T15:31:17+00:00","dateModified":"2024-03-17T17:21:11+00:00","breadcrumb":{"@id":"https:\/\/filles-de-la-charite.org\/fr\/welcome-to-four-new-daughters-of-charity-2\/#breadcrumb"},"inLanguage":"fr-FR","potentialAction":[{"@type":"ReadAction","target":["https:\/\/filles-de-la-charite.org\/fr\/welcome-to-four-new-daughters-of-charity-2\/"]}]},{"@type":"ImageObject","inLanguage":"fr-FR","@id":"https:\/\/filles-de-la-charite.org\/fr\/welcome-to-four-new-daughters-of-charity-2\/#primaryimage","url":"https:\/\/filles-de-la-charite.org\/wp-content\/uploads\/2023\/06\/0829-USA-FTD.jpg","contentUrl":"https:\/\/filles-de-la-charite.org\/wp-content\/uploads\/2023\/06\/0829-USA-FTD.jpg","width":1200,"height":630},{"@type":"BreadcrumbList","@id":"https:\/\/filles-de-la-charite.org\/fr\/welcome-to-four-new-daughters-of-charity-2\/#breadcrumb","itemListElement":[{"@type":"ListItem","position":1,"name":"Sainte Louise - USA","item":"https:\/\/filles-de-la-charite.org\/fr\/category\/sainte-louise-usa-fr\/"},{"@type":"ListItem","position":2,"name":"Bienvenue aux quatre nouvelles Filles de la Charit\u00e9"}]},{"@type":"WebSite","@id":"https:\/\/filles-de-la-charite.org\/fr\/#website","url":"https:\/\/filles-de-la-charite.org\/fr\/","name":"Hijas de la Caridad","description":"L\u2019amour de J\u00e9sus nous presse \u00e0 prendre soin des personnes les plus d\u00e9munies","publisher":{"@id":"https:\/\/filles-de-la-charite.org\/fr\/#organization"},"potentialAction":[{"@type":"SearchAction","target":{"@type":"EntryPoint","urlTemplate":"https:\/\/filles-de-la-charite.org\/fr\/?s={search_term_string}"},"query-input":{"@type":"PropertyValueSpecification","valueRequired":true,"valueName":"search_term_string"}}],"inLanguage":"fr-FR"},{"@type":"Organization","@id":"https:\/\/filles-de-la-charite.org\/fr\/#organization","name":"Hijas de la Caridad","url":"https:\/\/filles-de-la-charite.org\/fr\/","logo":{"@type":"ImageObject","inLanguage":"fr-FR","@id":"https:\/\/filles-de-la-charite.org\/fr\/#\/schema\/logo\/image\/","url":"https:\/\/filles-de-la-charite.org\/wp-content\/uploads\/2023\/03\/isotipo-Hijas-de-la-Caridad.png","contentUrl":"https:\/\/filles-de-la-charite.org\/wp-content\/uploads\/2023\/03\/isotipo-Hijas-de-la-Caridad.png","width":1417,"height":1417,"caption":"Hijas de la Caridad"},"image":{"@id":"https:\/\/filles-de-la-charite.org\/fr\/#\/schema\/logo\/image\/"}},{"@type":"Person","@id":"https:\/\/filles-de-la-charite.org\/fr\/#\/schema\/person\/427567b2eccfc2dd7d206da186a1f438","name":"admin","image":{"@type":"ImageObject","inLanguage":"fr-FR","@id":"https:\/\/secure.gravatar.com\/avatar\/948b492cce32b586ac2db0eaa926ee87024f7afe218d73b397ea5ddfc5f43ea1?s=96&d=mm&r=g","url":"https:\/\/secure.gravatar.com\/avatar\/948b492cce32b586ac2db0eaa926ee87024f7afe218d73b397ea5ddfc5f43ea1?s=96&d=mm&r=g","contentUrl":"https:\/\/secure.gravatar.com\/avatar\/948b492cce32b586ac2db0eaa926ee87024f7afe218d73b397ea5ddfc5f43ea1?s=96&d=mm&r=g","caption":"admin"},"sameAs":["https:\/\/filles-de-la-charite.org"],"url":"https:\/\/filles-de-la-charite.org\/fr\/author\/caridad\/"}]}},"_links":{"self":[{"href":"https:\/\/filles-de-la-charite.org\/fr\/wp-json\/wp\/v2\/posts\/22290","targetHints":{"allow":["GET"]}}],"collection":[{"href":"https:\/\/filles-de-la-charite.org\/fr\/wp-json\/wp\/v2\/posts"}],"about":[{"href":"https:\/\/filles-de-la-charite.org\/fr\/wp-json\/wp\/v2\/types\/post"}],"author":[{"embeddable":true,"href":"https:\/\/filles-de-la-charite.org\/fr\/wp-json\/wp\/v2\/users\/1"}],"replies":[{"embeddable":true,"href":"https:\/\/filles-de-la-charite.org\/fr\/wp-json\/wp\/v2\/comments?post=22290"}],"version-history":[{"count":1,"href":"https:\/\/filles-de-la-charite.org\/fr\/wp-json\/wp\/v2\/posts\/22290\/revisions"}],"predecessor-version":[{"id":22291,"href":"https:\/\/filles-de-la-charite.org\/fr\/wp-json\/wp\/v2\/posts\/22290\/revisions\/22291"}],"wp:featuredmedia":[{"embeddable":true,"href":"https:\/\/filles-de-la-charite.org\/fr\/wp-json\/wp\/v2\/media\/14984"}],"wp:attachment":[{"href":"https:\/\/filles-de-la-charite.org\/fr\/wp-json\/wp\/v2\/media?parent=22290"}],"wp:term":[{"taxonomy":"category","embeddable":true,"href":"https:\/\/filles-de-la-charite.org\/fr\/wp-json\/wp\/v2\/categories?post=22290"},{"taxonomy":"post_tag","embeddable":true,"href":"https:\/\/filles-de-la-charite.org\/fr\/wp-json\/wp\/v2\/tags?post=22290"}],"curies":[{"name":"wp","href":"https:\/\/api.w.org\/{rel}","templated":true}]}}