{"id":22296,"date":"2020-10-03T20:34:28","date_gmt":"2020-10-03T18:34:28","guid":{"rendered":"https:\/\/hijascaridad.sjdigitaldemo.ovh\/able-the-musical-2\/"},"modified":"2024-03-17T18:20:40","modified_gmt":"2024-03-17T17:20:40","slug":"able-the-musical-2","status":"publish","type":"post","link":"https:\/\/filles-de-la-charite.org\/fr\/able-the-musical-2\/","title":{"rendered":"La com\u00e9die musicale"},"content":{"rendered":"\nLa musique est un moyen qui relie tout le monde. C\u2019est dans cette optique que le concept ABLE, Com\u00e9die Musicale, a \u00e9t\u00e9 con\u00e7u. Ce concert avait comme objectif de recueillir des fonds pour le Centre \u00ab&nbsp;Notre-Dame des Victoires&nbsp;\u00bb (OLV) o\u00f9 des Personnes handicap\u00e9es sont log\u00e9es lorsqu\u2019elles viennent \u00e0 la ville pour une hospitalisation, une intervention chirurgicale, une r\u00e9\u00e9ducation, une formation, un repos, etc.<!--more--><\/p>\n<p style=\"text-align: justify;\">Le concert parlait d\u2019un chemin d\u2019adoption de soi-m\u00eame pour devenir la personne qu\u2019on d\u00e9sirait \u00eatre. Dans ce concert figuraient des Personnes handicap\u00e9es, des membres du Personnel OLV, des amis et des musiciens volontaires.<\/p>\n<p style=\"text-align: justify;\">Au r\u00e9pertoire figuraient des chansons de films c\u00e9l\u00e8bres, sources d\u2019inspiration, et relatant la vie de Personnes handicap\u00e9es r\u00e9sidant habituellement \u00e0 l\u2019OLV. Le point d\u2019orgue de ce concert a \u00e9t\u00e9 l\u2019hommage aux Anciens d\u2019OLV dont les r\u00e9alisations dans la vie sont un vivant t\u00e9moignage de la regrett\u00e9e S\u0153ur C\u00e9cilia Wood, MM, fondatrice de l\u2019OLV.<\/p>\n<p style=\"text-align: justify;\">Les Personnes handicap\u00e9es, pour la plupart en fauteuil roulant, ont r\u00e9alis\u00e9 une interpr\u00e9tation \u00e9mouvante de JOIE, JOIE comme celle \u00e9manant du film&nbsp;\u00ab&nbsp;Sister Act.&nbsp;\u00bb S\u0153ur Maria Glenda JAVA, FdlC, musicienne elle-m\u00eame, a \u00e9t\u00e9 \u00e0 la t\u00eate de ce spectacle.<\/p>\n<p style=\"text-align: justify;\">Autrefois INCAPABLES, \u00e9taient CAPABLES, et sont maintenant COMP\u00c9TENTS\u2026<\/p>\n<img loading=\"lazy\" decoding=\"async\" class=\"aligncenter size-full wp-image-41398\" src=\"https:\/\/filles-de-la-charite.org\/wp-content\/uploads\/2023\/06\/201004-Able-1.jpg\" alt=\"\" width=\"1280\" height=\"720\">\n\n<img loading=\"lazy\" decoding=\"async\" class=\"aligncenter size-full wp-image-41399\" src=\"https:\/\/filles-de-la-charite.org\/wp-content\/uploads\/2023\/06\/201004-Able-2.jpg\" alt=\"\" width=\"1281\" height=\"721\">\n\n<img loading=\"lazy\" decoding=\"async\" class=\"aligncenter size-full wp-image-41400\" src=\"https:\/\/filles-de-la-charite.org\/wp-content\/uploads\/2023\/06\/201004-Able-3.jpg\" alt=\"\" width=\"1281\" height=\"720\"><\/p>\n","protected":false},"excerpt":{"rendered":"<p>La musique est un moyen qui relie tout le monde. C\u2019est dans cette optique que le concept ABLE, Com\u00e9die Musicale, a \u00e9t\u00e9 con\u00e7u. Ce concert avait comme objectif de recueillir des fonds pour le Centre \u00ab&nbsp;Notre-Dame des Victoires&nbsp;\u00bb (OLV) o\u00f9 des Personnes handicap\u00e9es sont log\u00e9es lorsqu\u2019elles viennent \u00e0 la ville pour une hospitalisation, une intervention [&hellip;]<\/p>\n","protected":false},"author":1,"featured_media":15086,"comment_status":"closed","ping_status":"closed","sticky":false,"template":"","format":"standard","meta":{"_acf_changed":false,"_et_pb_use_builder":"","_et_pb_old_content":"","_et_gb_content_width":"","footnotes":"","_links_to":"","_links_to_target":""},"categories":[760],"tags":[],"class_list":["post-22296","post","type-post","status-publish","format-standard","has-post-thumbnail","hentry","category-sainte-louise-asie-fr"],"acf":[],"yoast_head":"<!-- This site is optimized with the Yoast SEO plugin v27.4 - https:\/\/yoast.com\/product\/yoast-seo-wordpress\/ -->\n<title>La com\u00e9die musicale - Filles de la Charit\u00e9<\/title>\n<meta name=\"robots\" content=\"index, follow, max-snippet:-1, max-image-preview:large, max-video-preview:-1\" \/>\n<link rel=\"canonical\" href=\"https:\/\/filles-de-la-charite.org\/fr\/able-the-musical-2\/\" \/>\n<meta property=\"og:locale\" content=\"fr_FR\" \/>\n<meta property=\"og:type\" content=\"article\" \/>\n<meta property=\"og:title\" content=\"La com\u00e9die musicale - Filles de la Charit\u00e9\" \/>\n<meta property=\"og:description\" content=\"La musique est un moyen qui relie tout le monde. C\u2019est dans cette optique que le concept ABLE, Com\u00e9die Musicale, a \u00e9t\u00e9 con\u00e7u. Ce concert avait comme objectif de recueillir des fonds pour le Centre \u00ab&nbsp;Notre-Dame des Victoires&nbsp;\u00bb (OLV) o\u00f9 des Personnes handicap\u00e9es sont log\u00e9es lorsqu\u2019elles viennent \u00e0 la ville pour une hospitalisation, une intervention [&hellip;]\" \/>\n<meta property=\"og:url\" content=\"https:\/\/filles-de-la-charite.org\/fr\/able-the-musical-2\/\" \/>\n<meta property=\"og:site_name\" content=\"Filles de la Charit\u00e9\" \/>\n<meta property=\"article:published_time\" content=\"2020-10-03T18:34:28+00:00\" \/>\n<meta property=\"article:modified_time\" content=\"2024-03-17T17:20:40+00:00\" \/>\n<meta property=\"og:image\" content=\"https:\/\/filles-de-la-charite.org\/wp-content\/uploads\/2023\/06\/201004-Able-FTD.jpg\" \/>\n\t<meta property=\"og:image:width\" content=\"1200\" \/>\n\t<meta property=\"og:image:height\" content=\"630\" \/>\n\t<meta property=\"og:image:type\" content=\"image\/jpeg\" \/>\n<meta name=\"author\" content=\"admin\" \/>\n<meta name=\"twitter:card\" content=\"summary_large_image\" \/>\n<meta name=\"twitter:label1\" content=\"\u00c9crit par\" \/>\n\t<meta name=\"twitter:data1\" content=\"admin\" \/>\n\t<meta name=\"twitter:label2\" content=\"Dur\u00e9e de lecture estim\u00e9e\" \/>\n\t<meta name=\"twitter:data2\" content=\"1 minute\" \/>\n<script type=\"application\/ld+json\" class=\"yoast-schema-graph\">{\"@context\":\"https:\\\/\\\/schema.org\",\"@graph\":[{\"@type\":\"Article\",\"@id\":\"https:\\\/\\\/filles-de-la-charite.org\\\/fr\\\/able-the-musical-2\\\/#article\",\"isPartOf\":{\"@id\":\"https:\\\/\\\/filles-de-la-charite.org\\\/fr\\\/able-the-musical-2\\\/\"},\"author\":{\"name\":\"admin\",\"@id\":\"https:\\\/\\\/filles-de-la-charite.org\\\/fr\\\/#\\\/schema\\\/person\\\/427567b2eccfc2dd7d206da186a1f438\"},\"headline\":\"La com\u00e9die musicale\",\"datePublished\":\"2020-10-03T18:34:28+00:00\",\"dateModified\":\"2024-03-17T17:20:40+00:00\",\"mainEntityOfPage\":{\"@id\":\"https:\\\/\\\/filles-de-la-charite.org\\\/fr\\\/able-the-musical-2\\\/\"},\"wordCount\":238,\"publisher\":{\"@id\":\"https:\\\/\\\/filles-de-la-charite.org\\\/fr\\\/#organization\"},\"image\":{\"@id\":\"https:\\\/\\\/filles-de-la-charite.org\\\/fr\\\/able-the-musical-2\\\/#primaryimage\"},\"thumbnailUrl\":\"https:\\\/\\\/filles-de-la-charite.org\\\/wp-content\\\/uploads\\\/2023\\\/06\\\/201004-Able-FTD.jpg\",\"articleSection\":[\"Sainte Louise - Asie\"],\"inLanguage\":\"fr-FR\"},{\"@type\":\"WebPage\",\"@id\":\"https:\\\/\\\/filles-de-la-charite.org\\\/fr\\\/able-the-musical-2\\\/\",\"url\":\"https:\\\/\\\/filles-de-la-charite.org\\\/fr\\\/able-the-musical-2\\\/\",\"name\":\"La com\u00e9die musicale - Filles de la Charit\u00e9\",\"isPartOf\":{\"@id\":\"https:\\\/\\\/filles-de-la-charite.org\\\/fr\\\/#website\"},\"primaryImageOfPage\":{\"@id\":\"https:\\\/\\\/filles-de-la-charite.org\\\/fr\\\/able-the-musical-2\\\/#primaryimage\"},\"image\":{\"@id\":\"https:\\\/\\\/filles-de-la-charite.org\\\/fr\\\/able-the-musical-2\\\/#primaryimage\"},\"thumbnailUrl\":\"https:\\\/\\\/filles-de-la-charite.org\\\/wp-content\\\/uploads\\\/2023\\\/06\\\/201004-Able-FTD.jpg\",\"datePublished\":\"2020-10-03T18:34:28+00:00\",\"dateModified\":\"2024-03-17T17:20:40+00:00\",\"breadcrumb\":{\"@id\":\"https:\\\/\\\/filles-de-la-charite.org\\\/fr\\\/able-the-musical-2\\\/#breadcrumb\"},\"inLanguage\":\"fr-FR\",\"potentialAction\":[{\"@type\":\"ReadAction\",\"target\":[\"https:\\\/\\\/filles-de-la-charite.org\\\/fr\\\/able-the-musical-2\\\/\"]}]},{\"@type\":\"ImageObject\",\"inLanguage\":\"fr-FR\",\"@id\":\"https:\\\/\\\/filles-de-la-charite.org\\\/fr\\\/able-the-musical-2\\\/#primaryimage\",\"url\":\"https:\\\/\\\/filles-de-la-charite.org\\\/wp-content\\\/uploads\\\/2023\\\/06\\\/201004-Able-FTD.jpg\",\"contentUrl\":\"https:\\\/\\\/filles-de-la-charite.org\\\/wp-content\\\/uploads\\\/2023\\\/06\\\/201004-Able-FTD.jpg\",\"width\":1200,\"height\":630},{\"@type\":\"BreadcrumbList\",\"@id\":\"https:\\\/\\\/filles-de-la-charite.org\\\/fr\\\/able-the-musical-2\\\/#breadcrumb\",\"itemListElement\":[{\"@type\":\"ListItem\",\"position\":1,\"name\":\"Indon\u00e9sie\",\"item\":\"https:\\\/\\\/filles-de-la-charite.org\\\/fr\\\/category\\\/indonesie\\\/\"},{\"@type\":\"ListItem\",\"position\":2,\"name\":\"La com\u00e9die musicale\"}]},{\"@type\":\"WebSite\",\"@id\":\"https:\\\/\\\/filles-de-la-charite.org\\\/fr\\\/#website\",\"url\":\"https:\\\/\\\/filles-de-la-charite.org\\\/fr\\\/\",\"name\":\"Hijas de la Caridad\",\"description\":\"L\u2019amour de J\u00e9sus nous presse \u00e0 prendre soin des personnes les plus d\u00e9munies\",\"publisher\":{\"@id\":\"https:\\\/\\\/filles-de-la-charite.org\\\/fr\\\/#organization\"},\"potentialAction\":[{\"@type\":\"SearchAction\",\"target\":{\"@type\":\"EntryPoint\",\"urlTemplate\":\"https:\\\/\\\/filles-de-la-charite.org\\\/fr\\\/?s={search_term_string}\"},\"query-input\":{\"@type\":\"PropertyValueSpecification\",\"valueRequired\":true,\"valueName\":\"search_term_string\"}}],\"inLanguage\":\"fr-FR\"},{\"@type\":\"Organization\",\"@id\":\"https:\\\/\\\/filles-de-la-charite.org\\\/fr\\\/#organization\",\"name\":\"Hijas de la Caridad\",\"url\":\"https:\\\/\\\/filles-de-la-charite.org\\\/fr\\\/\",\"logo\":{\"@type\":\"ImageObject\",\"inLanguage\":\"fr-FR\",\"@id\":\"https:\\\/\\\/filles-de-la-charite.org\\\/fr\\\/#\\\/schema\\\/logo\\\/image\\\/\",\"url\":\"https:\\\/\\\/filles-de-la-charite.org\\\/wp-content\\\/uploads\\\/2023\\\/03\\\/isotipo-Hijas-de-la-Caridad.png\",\"contentUrl\":\"https:\\\/\\\/filles-de-la-charite.org\\\/wp-content\\\/uploads\\\/2023\\\/03\\\/isotipo-Hijas-de-la-Caridad.png\",\"width\":1417,\"height\":1417,\"caption\":\"Hijas de la Caridad\"},\"image\":{\"@id\":\"https:\\\/\\\/filles-de-la-charite.org\\\/fr\\\/#\\\/schema\\\/logo\\\/image\\\/\"}},{\"@type\":\"Person\",\"@id\":\"https:\\\/\\\/filles-de-la-charite.org\\\/fr\\\/#\\\/schema\\\/person\\\/427567b2eccfc2dd7d206da186a1f438\",\"name\":\"admin\",\"image\":{\"@type\":\"ImageObject\",\"inLanguage\":\"fr-FR\",\"@id\":\"https:\\\/\\\/secure.gravatar.com\\\/avatar\\\/948b492cce32b586ac2db0eaa926ee87024f7afe218d73b397ea5ddfc5f43ea1?s=96&d=mm&r=g\",\"url\":\"https:\\\/\\\/secure.gravatar.com\\\/avatar\\\/948b492cce32b586ac2db0eaa926ee87024f7afe218d73b397ea5ddfc5f43ea1?s=96&d=mm&r=g\",\"contentUrl\":\"https:\\\/\\\/secure.gravatar.com\\\/avatar\\\/948b492cce32b586ac2db0eaa926ee87024f7afe218d73b397ea5ddfc5f43ea1?s=96&d=mm&r=g\",\"caption\":\"admin\"},\"sameAs\":[\"https:\\\/\\\/filles-de-la-charite.org\"],\"url\":\"https:\\\/\\\/filles-de-la-charite.org\\\/fr\\\/author\\\/caridad\\\/\"}]}<\/script>\n<!-- \/ Yoast SEO plugin. -->","yoast_head_json":{"title":"La com\u00e9die musicale - Filles de la Charit\u00e9","robots":{"index":"index","follow":"follow","max-snippet":"max-snippet:-1","max-image-preview":"max-image-preview:large","max-video-preview":"max-video-preview:-1"},"canonical":"https:\/\/filles-de-la-charite.org\/fr\/able-the-musical-2\/","og_locale":"fr_FR","og_type":"article","og_title":"La com\u00e9die musicale - Filles de la Charit\u00e9","og_description":"La musique est un moyen qui relie tout le monde. C\u2019est dans cette optique que le concept ABLE, Com\u00e9die Musicale, a \u00e9t\u00e9 con\u00e7u. Ce concert avait comme objectif de recueillir des fonds pour le Centre \u00ab&nbsp;Notre-Dame des Victoires&nbsp;\u00bb (OLV) o\u00f9 des Personnes handicap\u00e9es sont log\u00e9es lorsqu\u2019elles viennent \u00e0 la ville pour une hospitalisation, une intervention [&hellip;]","og_url":"https:\/\/filles-de-la-charite.org\/fr\/able-the-musical-2\/","og_site_name":"Filles de la Charit\u00e9","article_published_time":"2020-10-03T18:34:28+00:00","article_modified_time":"2024-03-17T17:20:40+00:00","og_image":[{"width":1200,"height":630,"url":"https:\/\/filles-de-la-charite.org\/wp-content\/uploads\/2023\/06\/201004-Able-FTD.jpg","type":"image\/jpeg"}],"author":"admin","twitter_card":"summary_large_image","twitter_misc":{"\u00c9crit par":"admin","Dur\u00e9e de lecture estim\u00e9e":"1 minute"},"schema":{"@context":"https:\/\/schema.org","@graph":[{"@type":"Article","@id":"https:\/\/filles-de-la-charite.org\/fr\/able-the-musical-2\/#article","isPartOf":{"@id":"https:\/\/filles-de-la-charite.org\/fr\/able-the-musical-2\/"},"author":{"name":"admin","@id":"https:\/\/filles-de-la-charite.org\/fr\/#\/schema\/person\/427567b2eccfc2dd7d206da186a1f438"},"headline":"La com\u00e9die musicale","datePublished":"2020-10-03T18:34:28+00:00","dateModified":"2024-03-17T17:20:40+00:00","mainEntityOfPage":{"@id":"https:\/\/filles-de-la-charite.org\/fr\/able-the-musical-2\/"},"wordCount":238,"publisher":{"@id":"https:\/\/filles-de-la-charite.org\/fr\/#organization"},"image":{"@id":"https:\/\/filles-de-la-charite.org\/fr\/able-the-musical-2\/#primaryimage"},"thumbnailUrl":"https:\/\/filles-de-la-charite.org\/wp-content\/uploads\/2023\/06\/201004-Able-FTD.jpg","articleSection":["Sainte Louise - Asie"],"inLanguage":"fr-FR"},{"@type":"WebPage","@id":"https:\/\/filles-de-la-charite.org\/fr\/able-the-musical-2\/","url":"https:\/\/filles-de-la-charite.org\/fr\/able-the-musical-2\/","name":"La com\u00e9die musicale - Filles de la Charit\u00e9","isPartOf":{"@id":"https:\/\/filles-de-la-charite.org\/fr\/#website"},"primaryImageOfPage":{"@id":"https:\/\/filles-de-la-charite.org\/fr\/able-the-musical-2\/#primaryimage"},"image":{"@id":"https:\/\/filles-de-la-charite.org\/fr\/able-the-musical-2\/#primaryimage"},"thumbnailUrl":"https:\/\/filles-de-la-charite.org\/wp-content\/uploads\/2023\/06\/201004-Able-FTD.jpg","datePublished":"2020-10-03T18:34:28+00:00","dateModified":"2024-03-17T17:20:40+00:00","breadcrumb":{"@id":"https:\/\/filles-de-la-charite.org\/fr\/able-the-musical-2\/#breadcrumb"},"inLanguage":"fr-FR","potentialAction":[{"@type":"ReadAction","target":["https:\/\/filles-de-la-charite.org\/fr\/able-the-musical-2\/"]}]},{"@type":"ImageObject","inLanguage":"fr-FR","@id":"https:\/\/filles-de-la-charite.org\/fr\/able-the-musical-2\/#primaryimage","url":"https:\/\/filles-de-la-charite.org\/wp-content\/uploads\/2023\/06\/201004-Able-FTD.jpg","contentUrl":"https:\/\/filles-de-la-charite.org\/wp-content\/uploads\/2023\/06\/201004-Able-FTD.jpg","width":1200,"height":630},{"@type":"BreadcrumbList","@id":"https:\/\/filles-de-la-charite.org\/fr\/able-the-musical-2\/#breadcrumb","itemListElement":[{"@type":"ListItem","position":1,"name":"Indon\u00e9sie","item":"https:\/\/filles-de-la-charite.org\/fr\/category\/indonesie\/"},{"@type":"ListItem","position":2,"name":"La com\u00e9die musicale"}]},{"@type":"WebSite","@id":"https:\/\/filles-de-la-charite.org\/fr\/#website","url":"https:\/\/filles-de-la-charite.org\/fr\/","name":"Hijas de la Caridad","description":"L\u2019amour de J\u00e9sus nous presse \u00e0 prendre soin des personnes les plus d\u00e9munies","publisher":{"@id":"https:\/\/filles-de-la-charite.org\/fr\/#organization"},"potentialAction":[{"@type":"SearchAction","target":{"@type":"EntryPoint","urlTemplate":"https:\/\/filles-de-la-charite.org\/fr\/?s={search_term_string}"},"query-input":{"@type":"PropertyValueSpecification","valueRequired":true,"valueName":"search_term_string"}}],"inLanguage":"fr-FR"},{"@type":"Organization","@id":"https:\/\/filles-de-la-charite.org\/fr\/#organization","name":"Hijas de la Caridad","url":"https:\/\/filles-de-la-charite.org\/fr\/","logo":{"@type":"ImageObject","inLanguage":"fr-FR","@id":"https:\/\/filles-de-la-charite.org\/fr\/#\/schema\/logo\/image\/","url":"https:\/\/filles-de-la-charite.org\/wp-content\/uploads\/2023\/03\/isotipo-Hijas-de-la-Caridad.png","contentUrl":"https:\/\/filles-de-la-charite.org\/wp-content\/uploads\/2023\/03\/isotipo-Hijas-de-la-Caridad.png","width":1417,"height":1417,"caption":"Hijas de la Caridad"},"image":{"@id":"https:\/\/filles-de-la-charite.org\/fr\/#\/schema\/logo\/image\/"}},{"@type":"Person","@id":"https:\/\/filles-de-la-charite.org\/fr\/#\/schema\/person\/427567b2eccfc2dd7d206da186a1f438","name":"admin","image":{"@type":"ImageObject","inLanguage":"fr-FR","@id":"https:\/\/secure.gravatar.com\/avatar\/948b492cce32b586ac2db0eaa926ee87024f7afe218d73b397ea5ddfc5f43ea1?s=96&d=mm&r=g","url":"https:\/\/secure.gravatar.com\/avatar\/948b492cce32b586ac2db0eaa926ee87024f7afe218d73b397ea5ddfc5f43ea1?s=96&d=mm&r=g","contentUrl":"https:\/\/secure.gravatar.com\/avatar\/948b492cce32b586ac2db0eaa926ee87024f7afe218d73b397ea5ddfc5f43ea1?s=96&d=mm&r=g","caption":"admin"},"sameAs":["https:\/\/filles-de-la-charite.org"],"url":"https:\/\/filles-de-la-charite.org\/fr\/author\/caridad\/"}]}},"_links":{"self":[{"href":"https:\/\/filles-de-la-charite.org\/fr\/wp-json\/wp\/v2\/posts\/22296","targetHints":{"allow":["GET"]}}],"collection":[{"href":"https:\/\/filles-de-la-charite.org\/fr\/wp-json\/wp\/v2\/posts"}],"about":[{"href":"https:\/\/filles-de-la-charite.org\/fr\/wp-json\/wp\/v2\/types\/post"}],"author":[{"embeddable":true,"href":"https:\/\/filles-de-la-charite.org\/fr\/wp-json\/wp\/v2\/users\/1"}],"replies":[{"embeddable":true,"href":"https:\/\/filles-de-la-charite.org\/fr\/wp-json\/wp\/v2\/comments?post=22296"}],"version-history":[{"count":1,"href":"https:\/\/filles-de-la-charite.org\/fr\/wp-json\/wp\/v2\/posts\/22296\/revisions"}],"predecessor-version":[{"id":22297,"href":"https:\/\/filles-de-la-charite.org\/fr\/wp-json\/wp\/v2\/posts\/22296\/revisions\/22297"}],"wp:featuredmedia":[{"embeddable":true,"href":"https:\/\/filles-de-la-charite.org\/fr\/wp-json\/wp\/v2\/media\/15086"}],"wp:attachment":[{"href":"https:\/\/filles-de-la-charite.org\/fr\/wp-json\/wp\/v2\/media?parent=22296"}],"wp:term":[{"taxonomy":"category","embeddable":true,"href":"https:\/\/filles-de-la-charite.org\/fr\/wp-json\/wp\/v2\/categories?post=22296"},{"taxonomy":"post_tag","embeddable":true,"href":"https:\/\/filles-de-la-charite.org\/fr\/wp-json\/wp\/v2\/tags?post=22296"}],"curies":[{"name":"wp","href":"https:\/\/api.w.org\/{rel}","templated":true}]}}