{"id":22298,"date":"2020-10-09T21:10:02","date_gmt":"2020-10-09T19:10:02","guid":{"rendered":"https:\/\/hijascaridad.sjdigitaldemo.ovh\/life-in-prison-during-the-lockdown-2\/"},"modified":"2024-03-17T18:20:28","modified_gmt":"2024-03-17T17:20:28","slug":"life-in-prison-during-the-lockdown-2","status":"publish","type":"post","link":"https:\/\/filles-de-la-charite.org\/fr\/life-in-prison-during-the-lockdown-2\/","title":{"rendered":"Vivre le confinement en \u00e9tant incarc\u00e9r\u00e9s"},"content":{"rendered":"\nPour les D\u00e9tenus, comment s\u2019est pass\u00e9 ce temps d\u2019alerte sanitaire maximale dans les Centres P\u00e9nitentiaires au niveau de la Pastorale ?<\/em><\/strong><\/p> <p style=\"text-align: justify;\">Le confinement que nous avons v\u00e9cu pendant des semaines \u00e0 cause de la pand\u00e9mie nous a appris \u00e0 appr\u00e9cier les situations et le comportement de notre v\u00e9cu quotidien sans leur accorder d\u2019importance. Parmi eux, la libert\u00e9 de mouvements\u00a0: aller et venir quand on veut, rencontrer famille et amis, choisir o\u00f9 et quand nous y allons. Dans la r\u00e9alit\u00e9, nous nous sommes retrouv\u00e9s durant cette p\u00e9riode dans la situation des D\u00e9tenus qui souffrent de cette privation.<\/p> <p style=\"text-align: justify;\">S\u0153ur Maria Dolores de Bethancourt fait partie de l\u2019\u00e9quipe de la Pastorale P\u00e9nitentiaire et, \u00e0 travers son t\u00e9moignage, nous essayons de nous \u00ab\u00a0mettre dans la peau\u00a0\u00bb de ceux qui ont pass\u00e9 le confinement en prison.<\/p> <p style=\"text-align: justify;\"><strong><em>\u2666 Comment la situation de pand\u00e9mie et de confinement a \u00e9t\u00e9 v\u00e9cue dans les prisons de la Province de Las Palmas\u00a0?<\/em><\/strong><\/p> <p style=\"text-align: justify;\">De fa\u00e7on identique \u00e0 tous les Centres du pays, depuis que les r\u00e8gles \u00e9mises par les autorit\u00e9s sanitaires ont \u00e9t\u00e9 appliqu\u00e9es par les Institutions P\u00e9nitentiaires. Les D\u00e9tenus ont \u00e9t\u00e9 confin\u00e9s dans leurs cellules, y vivant, sans contact avec ceux des autres cellules\u00a0; les communications familiales \u00e9taient interdites, ainsi que les r\u00e9ceptions de colis, l\u2019argent par les grilles. Toutes les activit\u00e9s ont \u00e9t\u00e9 interrompues, pour nous tout comme pour les ONG, l\u2019entr\u00e9e du Centre \u00e9tait ferm\u00e9e, et nous n\u2019avons eu ni c\u00e9l\u00e9brations dominicales, ni cat\u00e9ch\u00e8se, etc.<\/p> <p style=\"text-align: justify;\"><img loading=\"lazy\" decoding=\"async\" width=\"300\" height=\"300\" class=\"alignright size-medium wp-image-41407\" src=\"https:\/\/filles-de-la-charite.org\/wp-content\/uploads\/2023\/06\/1010-Confinement-2-300x300.jpg\" alt=\"\"><strong><em>\u2666 Pendant les semaines de confinement nous avons ressenti les cons\u00e9quences de la privation de libert\u00e9\u2026 Comment ce semi-confinement v\u00e9cu par les gens de l\u2019ext\u00e9rieur a \u00e9t\u00e9 per\u00e7u par les D\u00e9tenus et les B\u00e9n\u00e9voles de la Pastorale P\u00e9nitentiaire\u00a0?<\/em><\/strong><\/p> <p style=\"text-align: justify;\">Les D\u00e9tenus ont pass\u00e9 une p\u00e9riode tr\u00e8s difficile, totalement isol\u00e9s du monde ext\u00e9rieur, parfois sans aucune nouvelle de leurs familles. Il est vrai que le Centre P\u00e9nitentiaire a mis \u00e0 la disposition de ceux qui le demandaient des t\u00e9l\u00e9phones portables pour des visioconf\u00e9rences avec leurs familles (limit\u00e9es dans le temps), qui ont contribu\u00e9 \u00e0 apaiser. Nous devons reconna\u00eetre qu\u2019en d\u00e9pit de cette privation, les choses se sont bien pass\u00e9es, et il n\u2019y a eu \u00e0 d\u00e9plorer aucun cas positif de Covd19 dans la prison.<\/p> <p style=\"text-align: justify;\"><strong><em>\u2666 Comment les B\u00e9n\u00e9voles sont-ils rest\u00e9s en contact et quel a \u00e9t\u00e9 le suivi effectu\u00e9 par le Centre P\u00e9nitentiaire\u00a0?<\/em><\/strong><\/p> <p style=\"text-align: justify;\">Les B\u00e9n\u00e9voles sont rest\u00e9s chez eux sans rien pouvoir faire. Nous avons r\u00e9ussi \u00e0 mettre en place des liens t\u00e9l\u00e9phoniques hebdomadaires avec les responsables du Centre qui nous informaient de l\u2019\u00e9volution de la situation et nous demandaient des v\u00eatements ainsi que de l\u2019argent pour que les D\u00e9tenus puissent acheter des cartes t\u00e9l\u00e9phoniques et rester ainsi en contact avec leurs familles.<\/p> <p style=\"text-align: justify;\">\u00c0 la fin, les portes ont \u00e9t\u00e9 ouvertes pour l\u2019aum\u00f4nier et moi, mais seulement pour des entretiens individuels avec ceux qui le demandaient, car l\u2019entr\u00e9e dans les cellules n\u2019\u00e9tait pas encore autoris\u00e9e\u00a0; le d\u00e9confinement s\u2019est fait progressivement.<\/p> <img loading=\"lazy\" decoding=\"async\" width=\"1280\" height=\"720\" class=\"aligncenter size-full wp-image-41406\" src=\"https:\/\/filles-de-la-charite.org\/wp-content\/uploads\/2023\/06\/1010-Confinement-1.jpg\" alt=\"\"> <p style=\"text-align: justify;\"><strong><em>\u2666 Est-ce que le traditionnel festival de la Merced va avoir lieu cette ann\u00e9e\u00a0?<\/em><\/strong><\/p> <p style=\"text-align: justify;\">Pour le moment, il semblerait que non, les C\u00e9l\u00e9brations dominicales n\u2019ayant pas encore repris, nous esp\u00e9rons les commencer rapidement, avec des effectifs r\u00e9duits\u00a0; du peu de commentaires per\u00e7us, nous pensons que ces festivit\u00e9s autour de la Merced seront suspendues cette ann\u00e9e.<\/p> <p style=\"text-align: justify;\"><strong>*Qu\u2019est-ce que la Pastorale P\u00e9nitentiaire a retenu de cette pand\u00e9mie\u00a0?<\/strong><\/p> <p style=\"text-align: justify;\">La situation de semi-libert\u00e9 que nous avons v\u00e9cue nous a aid\u00e9s \u00e0 prendre conscience \u00e0 quel point le confinement est difficile pour les D\u00e9tenus qui y sont en permanence soumis, nous a pouss\u00e9s \u00e0 nous \u00ab\u00a0mettre dans leur peau\u00a0\u00bb, et comprendre leur dure r\u00e9alit\u00e9. Une pri\u00e8re et un support de formation hebdomadaires envoy\u00e9s par la D\u00e9l\u00e9gation Nationale nous ont aussi beaucoup soutenus pour conserver l\u2019ardeur du Service P\u00e9nitentiaire.<\/p> <p style=\"text-align: justify;\"><strong><em>\u2666 Comment avez-vous fait face \u00e0 la \u00ab\u00a0nouvelle normalit\u00e9\u00a0\u00bb dans votre programmation de cette ann\u00e9e acad\u00e9mique\u00a0?<\/em><\/strong><\/p> <p style=\"text-align: justify;\">Nous esp\u00e9rons rencontrer bient\u00f4t la Commission Permanente et les programmes seront mis en place au moment opportun.<\/p> <p style=\"text-align: right;\"><em><span style=\"color: #0432ff;\">Interview avec Sr. M\u00aa Dolores de Bethencourt, FdlC. Province Espagne-Sud <\/span><\/em><\/p><\/p>\n","protected":false},"excerpt":{"rendered":"<p>Pour les D\u00e9tenus, comment s\u2019est pass\u00e9 ce temps d\u2019alerte sanitaire maximale dans les Centres P\u00e9nitentiaires au niveau de la Pastorale ? Le confinement que nous avons v\u00e9cu pendant des semaines \u00e0 cause de la pand\u00e9mie nous a appris \u00e0 appr\u00e9cier les situations et le comportement de notre v\u00e9cu quotidien sans leur accorder d\u2019importance. Parmi eux, [&hellip;]<\/p>\n","protected":false},"author":1,"featured_media":15112,"comment_status":"closed","ping_status":"closed","sticky":false,"template":"","format":"standard","meta":{"_acf_changed":false,"_et_pb_use_builder":"","_et_pb_old_content":"","_et_gb_content_width":"","footnotes":"","_links_to":"","_links_to_target":""},"categories":[804],"tags":[],"class_list":["post-22298","post","type-post","status-publish","format-standard","has-post-thumbnail","hentry","category-espana-sur-fr"],"acf":[],"yoast_head":"<!-- This site is optimized with the Yoast SEO plugin v27.5 - https:\/\/yoast.com\/product\/yoast-seo-wordpress\/ -->\n<title>Vivre le confinement en \u00e9tant incarc\u00e9r\u00e9s - Filles de la Charit\u00e9<\/title>\n<meta name=\"robots\" content=\"index, follow, max-snippet:-1, max-image-preview:large, max-video-preview:-1\" \/>\n<link rel=\"canonical\" href=\"https:\/\/filles-de-la-charite.org\/fr\/life-in-prison-during-the-lockdown-2\/\" \/>\n<meta property=\"og:locale\" content=\"fr_FR\" \/>\n<meta property=\"og:type\" content=\"article\" \/>\n<meta property=\"og:title\" content=\"Vivre le confinement en \u00e9tant incarc\u00e9r\u00e9s - Filles de la Charit\u00e9\" \/>\n<meta property=\"og:description\" content=\"Pour les D\u00e9tenus, comment s\u2019est pass\u00e9 ce temps d\u2019alerte sanitaire maximale dans les Centres P\u00e9nitentiaires au niveau de la Pastorale ? Le confinement que nous avons v\u00e9cu pendant des semaines \u00e0 cause de la pand\u00e9mie nous a appris \u00e0 appr\u00e9cier les situations et le comportement de notre v\u00e9cu quotidien sans leur accorder d\u2019importance. Parmi eux, [&hellip;]\" \/>\n<meta property=\"og:url\" content=\"https:\/\/filles-de-la-charite.org\/fr\/life-in-prison-during-the-lockdown-2\/\" \/>\n<meta property=\"og:site_name\" content=\"Filles de la Charit\u00e9\" \/>\n<meta property=\"article:published_time\" content=\"2020-10-09T19:10:02+00:00\" \/>\n<meta property=\"article:modified_time\" content=\"2024-03-17T17:20:28+00:00\" \/>\n<meta property=\"og:image\" content=\"https:\/\/filles-de-la-charite.org\/wp-content\/uploads\/2023\/06\/1010-Confinement-FTD.jpg\" \/>\n\t<meta property=\"og:image:width\" content=\"1200\" \/>\n\t<meta property=\"og:image:height\" content=\"630\" \/>\n\t<meta property=\"og:image:type\" content=\"image\/jpeg\" \/>\n<meta name=\"author\" content=\"admin\" \/>\n<meta name=\"twitter:card\" content=\"summary_large_image\" \/>\n<meta name=\"twitter:label1\" content=\"\u00c9crit par\" \/>\n\t<meta name=\"twitter:data1\" content=\"admin\" \/>\n\t<meta name=\"twitter:label2\" content=\"Dur\u00e9e de lecture estim\u00e9e\" \/>\n\t<meta name=\"twitter:data2\" content=\"4 minutes\" \/>\n<script type=\"application\/ld+json\" class=\"yoast-schema-graph\">{\"@context\":\"https:\\\/\\\/schema.org\",\"@graph\":[{\"@type\":\"Article\",\"@id\":\"https:\\\/\\\/filles-de-la-charite.org\\\/fr\\\/life-in-prison-during-the-lockdown-2\\\/#article\",\"isPartOf\":{\"@id\":\"https:\\\/\\\/filles-de-la-charite.org\\\/fr\\\/life-in-prison-during-the-lockdown-2\\\/\"},\"author\":{\"name\":\"admin\",\"@id\":\"https:\\\/\\\/filles-de-la-charite.org\\\/fr\\\/#\\\/schema\\\/person\\\/427567b2eccfc2dd7d206da186a1f438\"},\"headline\":\"Vivre le confinement en \u00e9tant incarc\u00e9r\u00e9s\",\"datePublished\":\"2020-10-09T19:10:02+00:00\",\"dateModified\":\"2024-03-17T17:20:28+00:00\",\"mainEntityOfPage\":{\"@id\":\"https:\\\/\\\/filles-de-la-charite.org\\\/fr\\\/life-in-prison-during-the-lockdown-2\\\/\"},\"wordCount\":753,\"publisher\":{\"@id\":\"https:\\\/\\\/filles-de-la-charite.org\\\/fr\\\/#organization\"},\"image\":{\"@id\":\"https:\\\/\\\/filles-de-la-charite.org\\\/fr\\\/life-in-prison-during-the-lockdown-2\\\/#primaryimage\"},\"thumbnailUrl\":\"https:\\\/\\\/filles-de-la-charite.org\\\/wp-content\\\/uploads\\\/2023\\\/06\\\/1010-Confinement-FTD.jpg\",\"articleSection\":[\"Espa\u00f1a-Sur\"],\"inLanguage\":\"fr-FR\"},{\"@type\":\"WebPage\",\"@id\":\"https:\\\/\\\/filles-de-la-charite.org\\\/fr\\\/life-in-prison-during-the-lockdown-2\\\/\",\"url\":\"https:\\\/\\\/filles-de-la-charite.org\\\/fr\\\/life-in-prison-during-the-lockdown-2\\\/\",\"name\":\"Vivre le confinement en \u00e9tant incarc\u00e9r\u00e9s - Filles de la Charit\u00e9\",\"isPartOf\":{\"@id\":\"https:\\\/\\\/filles-de-la-charite.org\\\/fr\\\/#website\"},\"primaryImageOfPage\":{\"@id\":\"https:\\\/\\\/filles-de-la-charite.org\\\/fr\\\/life-in-prison-during-the-lockdown-2\\\/#primaryimage\"},\"image\":{\"@id\":\"https:\\\/\\\/filles-de-la-charite.org\\\/fr\\\/life-in-prison-during-the-lockdown-2\\\/#primaryimage\"},\"thumbnailUrl\":\"https:\\\/\\\/filles-de-la-charite.org\\\/wp-content\\\/uploads\\\/2023\\\/06\\\/1010-Confinement-FTD.jpg\",\"datePublished\":\"2020-10-09T19:10:02+00:00\",\"dateModified\":\"2024-03-17T17:20:28+00:00\",\"breadcrumb\":{\"@id\":\"https:\\\/\\\/filles-de-la-charite.org\\\/fr\\\/life-in-prison-during-the-lockdown-2\\\/#breadcrumb\"},\"inLanguage\":\"fr-FR\",\"potentialAction\":[{\"@type\":\"ReadAction\",\"target\":[\"https:\\\/\\\/filles-de-la-charite.org\\\/fr\\\/life-in-prison-during-the-lockdown-2\\\/\"]}]},{\"@type\":\"ImageObject\",\"inLanguage\":\"fr-FR\",\"@id\":\"https:\\\/\\\/filles-de-la-charite.org\\\/fr\\\/life-in-prison-during-the-lockdown-2\\\/#primaryimage\",\"url\":\"https:\\\/\\\/filles-de-la-charite.org\\\/wp-content\\\/uploads\\\/2023\\\/06\\\/1010-Confinement-FTD.jpg\",\"contentUrl\":\"https:\\\/\\\/filles-de-la-charite.org\\\/wp-content\\\/uploads\\\/2023\\\/06\\\/1010-Confinement-FTD.jpg\",\"width\":1200,\"height\":630},{\"@type\":\"BreadcrumbList\",\"@id\":\"https:\\\/\\\/filles-de-la-charite.org\\\/fr\\\/life-in-prison-during-the-lockdown-2\\\/#breadcrumb\",\"itemListElement\":[{\"@type\":\"ListItem\",\"position\":1,\"name\":\"Espa\u00f1a-Sur\",\"item\":\"https:\\\/\\\/filles-de-la-charite.org\\\/fr\\\/category\\\/espana-sur-fr\\\/\"},{\"@type\":\"ListItem\",\"position\":2,\"name\":\"Vivre le confinement en \u00e9tant incarc\u00e9r\u00e9s\"}]},{\"@type\":\"WebSite\",\"@id\":\"https:\\\/\\\/filles-de-la-charite.org\\\/fr\\\/#website\",\"url\":\"https:\\\/\\\/filles-de-la-charite.org\\\/fr\\\/\",\"name\":\"Hijas de la Caridad\",\"description\":\"L\u2019amour de J\u00e9sus nous presse \u00e0 prendre soin des personnes les plus d\u00e9munies\",\"publisher\":{\"@id\":\"https:\\\/\\\/filles-de-la-charite.org\\\/fr\\\/#organization\"},\"potentialAction\":[{\"@type\":\"SearchAction\",\"target\":{\"@type\":\"EntryPoint\",\"urlTemplate\":\"https:\\\/\\\/filles-de-la-charite.org\\\/fr\\\/?s={search_term_string}\"},\"query-input\":{\"@type\":\"PropertyValueSpecification\",\"valueRequired\":true,\"valueName\":\"search_term_string\"}}],\"inLanguage\":\"fr-FR\"},{\"@type\":\"Organization\",\"@id\":\"https:\\\/\\\/filles-de-la-charite.org\\\/fr\\\/#organization\",\"name\":\"Hijas de la Caridad\",\"url\":\"https:\\\/\\\/filles-de-la-charite.org\\\/fr\\\/\",\"logo\":{\"@type\":\"ImageObject\",\"inLanguage\":\"fr-FR\",\"@id\":\"https:\\\/\\\/filles-de-la-charite.org\\\/fr\\\/#\\\/schema\\\/logo\\\/image\\\/\",\"url\":\"https:\\\/\\\/filles-de-la-charite.org\\\/wp-content\\\/uploads\\\/2023\\\/03\\\/isotipo-Hijas-de-la-Caridad.png\",\"contentUrl\":\"https:\\\/\\\/filles-de-la-charite.org\\\/wp-content\\\/uploads\\\/2023\\\/03\\\/isotipo-Hijas-de-la-Caridad.png\",\"width\":1417,\"height\":1417,\"caption\":\"Hijas de la Caridad\"},\"image\":{\"@id\":\"https:\\\/\\\/filles-de-la-charite.org\\\/fr\\\/#\\\/schema\\\/logo\\\/image\\\/\"}},{\"@type\":\"Person\",\"@id\":\"https:\\\/\\\/filles-de-la-charite.org\\\/fr\\\/#\\\/schema\\\/person\\\/427567b2eccfc2dd7d206da186a1f438\",\"name\":\"admin\",\"image\":{\"@type\":\"ImageObject\",\"inLanguage\":\"fr-FR\",\"@id\":\"https:\\\/\\\/secure.gravatar.com\\\/avatar\\\/948b492cce32b586ac2db0eaa926ee87024f7afe218d73b397ea5ddfc5f43ea1?s=96&d=mm&r=g\",\"url\":\"https:\\\/\\\/secure.gravatar.com\\\/avatar\\\/948b492cce32b586ac2db0eaa926ee87024f7afe218d73b397ea5ddfc5f43ea1?s=96&d=mm&r=g\",\"contentUrl\":\"https:\\\/\\\/secure.gravatar.com\\\/avatar\\\/948b492cce32b586ac2db0eaa926ee87024f7afe218d73b397ea5ddfc5f43ea1?s=96&d=mm&r=g\",\"caption\":\"admin\"},\"sameAs\":[\"https:\\\/\\\/filles-de-la-charite.org\"],\"url\":\"https:\\\/\\\/filles-de-la-charite.org\\\/fr\\\/author\\\/caridad\\\/\"}]}<\/script>\n<!-- \/ Yoast SEO plugin. -->","yoast_head_json":{"title":"Vivre le confinement en \u00e9tant incarc\u00e9r\u00e9s - Filles de la Charit\u00e9","robots":{"index":"index","follow":"follow","max-snippet":"max-snippet:-1","max-image-preview":"max-image-preview:large","max-video-preview":"max-video-preview:-1"},"canonical":"https:\/\/filles-de-la-charite.org\/fr\/life-in-prison-during-the-lockdown-2\/","og_locale":"fr_FR","og_type":"article","og_title":"Vivre le confinement en \u00e9tant incarc\u00e9r\u00e9s - Filles de la Charit\u00e9","og_description":"Pour les D\u00e9tenus, comment s\u2019est pass\u00e9 ce temps d\u2019alerte sanitaire maximale dans les Centres P\u00e9nitentiaires au niveau de la Pastorale ? Le confinement que nous avons v\u00e9cu pendant des semaines \u00e0 cause de la pand\u00e9mie nous a appris \u00e0 appr\u00e9cier les situations et le comportement de notre v\u00e9cu quotidien sans leur accorder d\u2019importance. Parmi eux, [&hellip;]","og_url":"https:\/\/filles-de-la-charite.org\/fr\/life-in-prison-during-the-lockdown-2\/","og_site_name":"Filles de la Charit\u00e9","article_published_time":"2020-10-09T19:10:02+00:00","article_modified_time":"2024-03-17T17:20:28+00:00","og_image":[{"width":1200,"height":630,"url":"https:\/\/filles-de-la-charite.org\/wp-content\/uploads\/2023\/06\/1010-Confinement-FTD.jpg","type":"image\/jpeg"}],"author":"admin","twitter_card":"summary_large_image","twitter_misc":{"\u00c9crit par":"admin","Dur\u00e9e de lecture estim\u00e9e":"4 minutes"},"schema":{"@context":"https:\/\/schema.org","@graph":[{"@type":"Article","@id":"https:\/\/filles-de-la-charite.org\/fr\/life-in-prison-during-the-lockdown-2\/#article","isPartOf":{"@id":"https:\/\/filles-de-la-charite.org\/fr\/life-in-prison-during-the-lockdown-2\/"},"author":{"name":"admin","@id":"https:\/\/filles-de-la-charite.org\/fr\/#\/schema\/person\/427567b2eccfc2dd7d206da186a1f438"},"headline":"Vivre le confinement en \u00e9tant incarc\u00e9r\u00e9s","datePublished":"2020-10-09T19:10:02+00:00","dateModified":"2024-03-17T17:20:28+00:00","mainEntityOfPage":{"@id":"https:\/\/filles-de-la-charite.org\/fr\/life-in-prison-during-the-lockdown-2\/"},"wordCount":753,"publisher":{"@id":"https:\/\/filles-de-la-charite.org\/fr\/#organization"},"image":{"@id":"https:\/\/filles-de-la-charite.org\/fr\/life-in-prison-during-the-lockdown-2\/#primaryimage"},"thumbnailUrl":"https:\/\/filles-de-la-charite.org\/wp-content\/uploads\/2023\/06\/1010-Confinement-FTD.jpg","articleSection":["Espa\u00f1a-Sur"],"inLanguage":"fr-FR"},{"@type":"WebPage","@id":"https:\/\/filles-de-la-charite.org\/fr\/life-in-prison-during-the-lockdown-2\/","url":"https:\/\/filles-de-la-charite.org\/fr\/life-in-prison-during-the-lockdown-2\/","name":"Vivre le confinement en \u00e9tant incarc\u00e9r\u00e9s - Filles de la Charit\u00e9","isPartOf":{"@id":"https:\/\/filles-de-la-charite.org\/fr\/#website"},"primaryImageOfPage":{"@id":"https:\/\/filles-de-la-charite.org\/fr\/life-in-prison-during-the-lockdown-2\/#primaryimage"},"image":{"@id":"https:\/\/filles-de-la-charite.org\/fr\/life-in-prison-during-the-lockdown-2\/#primaryimage"},"thumbnailUrl":"https:\/\/filles-de-la-charite.org\/wp-content\/uploads\/2023\/06\/1010-Confinement-FTD.jpg","datePublished":"2020-10-09T19:10:02+00:00","dateModified":"2024-03-17T17:20:28+00:00","breadcrumb":{"@id":"https:\/\/filles-de-la-charite.org\/fr\/life-in-prison-during-the-lockdown-2\/#breadcrumb"},"inLanguage":"fr-FR","potentialAction":[{"@type":"ReadAction","target":["https:\/\/filles-de-la-charite.org\/fr\/life-in-prison-during-the-lockdown-2\/"]}]},{"@type":"ImageObject","inLanguage":"fr-FR","@id":"https:\/\/filles-de-la-charite.org\/fr\/life-in-prison-during-the-lockdown-2\/#primaryimage","url":"https:\/\/filles-de-la-charite.org\/wp-content\/uploads\/2023\/06\/1010-Confinement-FTD.jpg","contentUrl":"https:\/\/filles-de-la-charite.org\/wp-content\/uploads\/2023\/06\/1010-Confinement-FTD.jpg","width":1200,"height":630},{"@type":"BreadcrumbList","@id":"https:\/\/filles-de-la-charite.org\/fr\/life-in-prison-during-the-lockdown-2\/#breadcrumb","itemListElement":[{"@type":"ListItem","position":1,"name":"Espa\u00f1a-Sur","item":"https:\/\/filles-de-la-charite.org\/fr\/category\/espana-sur-fr\/"},{"@type":"ListItem","position":2,"name":"Vivre le confinement en \u00e9tant incarc\u00e9r\u00e9s"}]},{"@type":"WebSite","@id":"https:\/\/filles-de-la-charite.org\/fr\/#website","url":"https:\/\/filles-de-la-charite.org\/fr\/","name":"Hijas de la Caridad","description":"L\u2019amour de J\u00e9sus nous presse \u00e0 prendre soin des personnes les plus d\u00e9munies","publisher":{"@id":"https:\/\/filles-de-la-charite.org\/fr\/#organization"},"potentialAction":[{"@type":"SearchAction","target":{"@type":"EntryPoint","urlTemplate":"https:\/\/filles-de-la-charite.org\/fr\/?s={search_term_string}"},"query-input":{"@type":"PropertyValueSpecification","valueRequired":true,"valueName":"search_term_string"}}],"inLanguage":"fr-FR"},{"@type":"Organization","@id":"https:\/\/filles-de-la-charite.org\/fr\/#organization","name":"Hijas de la Caridad","url":"https:\/\/filles-de-la-charite.org\/fr\/","logo":{"@type":"ImageObject","inLanguage":"fr-FR","@id":"https:\/\/filles-de-la-charite.org\/fr\/#\/schema\/logo\/image\/","url":"https:\/\/filles-de-la-charite.org\/wp-content\/uploads\/2023\/03\/isotipo-Hijas-de-la-Caridad.png","contentUrl":"https:\/\/filles-de-la-charite.org\/wp-content\/uploads\/2023\/03\/isotipo-Hijas-de-la-Caridad.png","width":1417,"height":1417,"caption":"Hijas de la Caridad"},"image":{"@id":"https:\/\/filles-de-la-charite.org\/fr\/#\/schema\/logo\/image\/"}},{"@type":"Person","@id":"https:\/\/filles-de-la-charite.org\/fr\/#\/schema\/person\/427567b2eccfc2dd7d206da186a1f438","name":"admin","image":{"@type":"ImageObject","inLanguage":"fr-FR","@id":"https:\/\/secure.gravatar.com\/avatar\/948b492cce32b586ac2db0eaa926ee87024f7afe218d73b397ea5ddfc5f43ea1?s=96&d=mm&r=g","url":"https:\/\/secure.gravatar.com\/avatar\/948b492cce32b586ac2db0eaa926ee87024f7afe218d73b397ea5ddfc5f43ea1?s=96&d=mm&r=g","contentUrl":"https:\/\/secure.gravatar.com\/avatar\/948b492cce32b586ac2db0eaa926ee87024f7afe218d73b397ea5ddfc5f43ea1?s=96&d=mm&r=g","caption":"admin"},"sameAs":["https:\/\/filles-de-la-charite.org"],"url":"https:\/\/filles-de-la-charite.org\/fr\/author\/caridad\/"}]}},"_links":{"self":[{"href":"https:\/\/filles-de-la-charite.org\/fr\/wp-json\/wp\/v2\/posts\/22298","targetHints":{"allow":["GET"]}}],"collection":[{"href":"https:\/\/filles-de-la-charite.org\/fr\/wp-json\/wp\/v2\/posts"}],"about":[{"href":"https:\/\/filles-de-la-charite.org\/fr\/wp-json\/wp\/v2\/types\/post"}],"author":[{"embeddable":true,"href":"https:\/\/filles-de-la-charite.org\/fr\/wp-json\/wp\/v2\/users\/1"}],"replies":[{"embeddable":true,"href":"https:\/\/filles-de-la-charite.org\/fr\/wp-json\/wp\/v2\/comments?post=22298"}],"version-history":[{"count":1,"href":"https:\/\/filles-de-la-charite.org\/fr\/wp-json\/wp\/v2\/posts\/22298\/revisions"}],"predecessor-version":[{"id":22299,"href":"https:\/\/filles-de-la-charite.org\/fr\/wp-json\/wp\/v2\/posts\/22298\/revisions\/22299"}],"wp:featuredmedia":[{"embeddable":true,"href":"https:\/\/filles-de-la-charite.org\/fr\/wp-json\/wp\/v2\/media\/15112"}],"wp:attachment":[{"href":"https:\/\/filles-de-la-charite.org\/fr\/wp-json\/wp\/v2\/media?parent=22298"}],"wp:term":[{"taxonomy":"category","embeddable":true,"href":"https:\/\/filles-de-la-charite.org\/fr\/wp-json\/wp\/v2\/categories?post=22298"},{"taxonomy":"post_tag","embeddable":true,"href":"https:\/\/filles-de-la-charite.org\/fr\/wp-json\/wp\/v2\/tags?post=22298"}],"curies":[{"name":"wp","href":"https:\/\/api.w.org\/{rel}","templated":true}]}}