{"id":22300,"date":"2020-11-06T22:59:40","date_gmt":"2020-11-06T21:59:40","guid":{"rendered":"https:\/\/hijascaridad.sjdigitaldemo.ovh\/saint-vincent-in-haiti-2\/"},"modified":"2024-03-17T18:19:58","modified_gmt":"2024-03-17T17:19:58","slug":"saint-vincent-in-haiti-2","status":"publish","type":"post","link":"https:\/\/filles-de-la-charite.org\/fr\/saint-vincent-in-haiti-2\/","title":{"rendered":"Saint Vincent en Ha\u00efti"},"content":{"rendered":"<p style=\"text-align: justify;\">Du 18 au 25 octobre, nous avons c\u00e9l\u00e9br\u00e9 une autre Semaine Missionnaire. En nous souvenant des personnes qui ont quitt\u00e9 leur pays pour la Mission <em>ad Gentes<\/em>, nous les avons associ\u00e9es \u00e0 nos pri\u00e8res.<\/p>\n<p><span style=\"font-size: inherit; text-align: justify;\">S\u0153urWeronika, Polonaise, faisant partie de la Province de la Cara\u00efbe et servant les Pauvres d\u2019Ha\u00efti,partage avec nous la fa\u00e7on qu\u2019a eue sa communaut\u00e9 cette ann\u00e9e de c\u00e9l\u00e9brer la f\u00eate de Saint Vincent de Paul, Fondateur des Filles de la Charit\u00e9.<\/span><\/p>\n<p style=\"text-align: justify;\"><img loading=\"lazy\" decoding=\"async\" class=\"alignright wp-image-41517\" src=\"https:\/\/filles-de-la-charite.org\/wp-content\/uploads\/2023\/06\/201106-Haiti-4.jpg\" alt=\"\" width=\"300\" height=\"420\" \/>Ha\u00efti est un petit pays, dans la partie Ouest de la Seconde \u00eele de l\u2019Archipel des Grandes Antilles, limitrophe de la R\u00e9publique Dominicaine, entour\u00e9 de la Mer Cara\u00efbe et de l\u2019Oc\u00e9an Atlantique.<\/p>\n<p style=\"text-align: justify;\">En 2008, il y a eu une grande inondation dans la ville des Gona\u00efves. Les familles ont perdu leur maison et, pendant trois mois, leurs enfants ont habit\u00e9 chez les S\u0153urs pendant que leurs parents arrangeaient leur logement, construisaient une maison ou improvisaient quelques pi\u00e8ces. Certains parents ont \u00e9t\u00e9 h\u00e9berg\u00e9s chez les S\u0153ur\u00a0 pendant plus d\u2019une semaine. Par la suite, pr\u00e8s de 200 enfants ont continu\u00e9 \u00e0 venir chez les S\u0153urs qui ont pu ainsi pourvoir \u00e0 leursbesoins spirituels et mat\u00e9riels.<\/p>\n<p style=\"text-align: justify;\">Cette ann\u00e9e, avant la f\u00eate de St Vincent de Paul, les S\u0153urs et les enfants ont pr\u00e9par\u00e9 un Triduum o\u00f9 le chapelet \u00e9tait pri\u00e9 \u00e0 15h, accompagn\u00e9 de chants. En outre, les S\u0153urs ont pr\u00e9sent\u00e9 St Vincent\u00a0: le 1<sup>er<\/sup>jour, sa vie, son activit\u00e9 caritative\u00a0; le 2d, la Compagnie fond\u00e9e par St Vincent, et le 3<sup>e<\/sup>, le focus sur sa spiritualit\u00e9. Les S\u0153urs ont aussi contribu\u00e9 \u00e0 la pr\u00e9paration spirituelle de leurs collaborateurs r\u00e9guliers.<\/p>\n<p><img loading=\"lazy\" decoding=\"async\" class=\"aligncenter size-full wp-image-41518\" src=\"https:\/\/filles-de-la-charite.org\/wp-content\/uploads\/2023\/06\/201106-Haiti-5.jpg\" alt=\"\" width=\"1281\" height=\"721\" \/><\/p>\n<p style=\"text-align: justify;\">Le 27 septembre, f\u00eate de St Vincent de Paul, les S\u0153urs ont organis\u00e9 une paraliturgie, le pr\u00eatre ne pouvant \u00eatre pr\u00e9sent. La c\u00e9l\u00e9bration a toutefois \u00e9t\u00e9 tr\u00e8s solennelle. Sr Weronika est convaincue que J\u00e9sus \u00e9tait pr\u00e9sent puisqu\u2019Il a dit\u00a0: \u00ab\u00a0l\u00e0 o\u00f9 deux ou trois sont r\u00e9unis en Mon nom, Je suis au milieu d\u2019eux.\u00a0\u00bb (Mt18, 20). Quatre cents enfants et plus de 30 membres du personnel nous ont rejoints.<\/p>\n<p style=\"text-align: justify;\">Durant cette c\u00e9l\u00e9bration, les enfants portaient des v\u00eatements sur-mesure, une tradition \u00e9tant que chaque ann\u00e9e ils portent des v\u00eatements diff\u00e9rents lors d\u2019\u00e9v\u00e8nements sp\u00e9ciaux. Ils ont donc achet\u00e9 eux-m\u00eames leurs tenues pour \u00eatre beaux devant Dieu et les autres.<\/p>\n<p><img loading=\"lazy\" decoding=\"async\" class=\"aligncenter size-full wp-image-41514\" src=\"https:\/\/filles-de-la-charite.org\/wp-content\/uploads\/2023\/06\/201106-Haiti-1.jpg\" alt=\"\" width=\"1280\" height=\"721\" \/><\/p>\n<p style=\"text-align: justify;\">Tous les dimanches, les enfants viennent chez les S\u0153urs pour prier, chanter et danser\u00a0; Sr Natasza est responsable de leur formation. Ils apprennent \u00e0 conna\u00eetre St Vincent, sa vie et son action caritative. Nous sommes heureux de pouvoir, comme St Vincent, servir les enfants.<\/p>\n<p style=\"text-align: center;\"><span style=\"color: #0432ff;\">St Vincent, priez pour nous.<\/span><\/p>\n<p style=\"text-align: center;\"><span style=\"color: #0432ff;\">Sr Weronika,Province de la Cara\u00efbe<\/span><\/p>\n<p><img loading=\"lazy\" decoding=\"async\" class=\"aligncenter size-full wp-image-41516\" src=\"https:\/\/filles-de-la-charite.org\/wp-content\/uploads\/2023\/06\/201106-Haiti-3.jpg\" alt=\"\" width=\"1281\" height=\"721\" \/><\/p>\n","protected":false},"excerpt":{"rendered":"<p>Du 18 au 25 octobre, nous avons c\u00e9l\u00e9br\u00e9 une autre Semaine Missionnaire. En nous souvenant des personnes qui ont quitt\u00e9 leur pays pour la Mission ad Gentes, nous les avons associ\u00e9es \u00e0 nos pri\u00e8res. S\u0153urWeronika, Polonaise, faisant partie de la Province de la Cara\u00efbe et servant les Pauvres d\u2019Ha\u00efti,partage avec nous la fa\u00e7on qu\u2019a eue [&hellip;]<\/p>\n","protected":false},"author":1,"featured_media":15144,"comment_status":"closed","ping_status":"closed","sticky":false,"template":"","format":"standard","meta":{"_acf_changed":false,"_et_pb_use_builder":"","_et_pb_old_content":"","_et_gb_content_width":"","footnotes":"","_links_to":"","_links_to_target":""},"categories":[755],"tags":[],"class_list":["post-22300","post","type-post","status-publish","format-standard","has-post-thumbnail","hentry","category-caribe-fr"],"acf":[],"yoast_head":"<!-- This site is optimized with the Yoast SEO plugin v27.5 - https:\/\/yoast.com\/product\/yoast-seo-wordpress\/ -->\n<title>Saint Vincent en Ha\u00efti - Filles de la Charit\u00e9<\/title>\n<meta name=\"robots\" content=\"index, follow, max-snippet:-1, max-image-preview:large, max-video-preview:-1\" \/>\n<link rel=\"canonical\" href=\"https:\/\/filles-de-la-charite.org\/fr\/saint-vincent-in-haiti-2\/\" \/>\n<meta property=\"og:locale\" content=\"fr_FR\" \/>\n<meta property=\"og:type\" content=\"article\" \/>\n<meta property=\"og:title\" content=\"Saint Vincent en Ha\u00efti - Filles de la Charit\u00e9\" \/>\n<meta property=\"og:description\" content=\"Du 18 au 25 octobre, nous avons c\u00e9l\u00e9br\u00e9 une autre Semaine Missionnaire. En nous souvenant des personnes qui ont quitt\u00e9 leur pays pour la Mission ad Gentes, nous les avons associ\u00e9es \u00e0 nos pri\u00e8res. S\u0153urWeronika, Polonaise, faisant partie de la Province de la Cara\u00efbe et servant les Pauvres d\u2019Ha\u00efti,partage avec nous la fa\u00e7on qu\u2019a eue [&hellip;]\" \/>\n<meta property=\"og:url\" content=\"https:\/\/filles-de-la-charite.org\/fr\/saint-vincent-in-haiti-2\/\" \/>\n<meta property=\"og:site_name\" content=\"Filles de la Charit\u00e9\" \/>\n<meta property=\"article:published_time\" content=\"2020-11-06T21:59:40+00:00\" \/>\n<meta property=\"article:modified_time\" content=\"2024-03-17T17:19:58+00:00\" \/>\n<meta property=\"og:image\" content=\"https:\/\/filles-de-la-charite.org\/wp-content\/uploads\/2023\/06\/201106-Haiti-FTD.jpg\" \/>\n\t<meta property=\"og:image:width\" content=\"1200\" \/>\n\t<meta property=\"og:image:height\" content=\"630\" \/>\n\t<meta property=\"og:image:type\" content=\"image\/jpeg\" \/>\n<meta name=\"author\" content=\"admin\" \/>\n<meta name=\"twitter:card\" content=\"summary_large_image\" \/>\n<meta name=\"twitter:label1\" content=\"\u00c9crit par\" \/>\n\t<meta name=\"twitter:data1\" content=\"admin\" \/>\n\t<meta name=\"twitter:label2\" content=\"Dur\u00e9e de lecture estim\u00e9e\" \/>\n\t<meta name=\"twitter:data2\" content=\"3 minutes\" \/>\n<script type=\"application\/ld+json\" class=\"yoast-schema-graph\">{\"@context\":\"https:\\\/\\\/schema.org\",\"@graph\":[{\"@type\":\"Article\",\"@id\":\"https:\\\/\\\/filles-de-la-charite.org\\\/fr\\\/saint-vincent-in-haiti-2\\\/#article\",\"isPartOf\":{\"@id\":\"https:\\\/\\\/filles-de-la-charite.org\\\/fr\\\/saint-vincent-in-haiti-2\\\/\"},\"author\":{\"name\":\"admin\",\"@id\":\"https:\\\/\\\/filles-de-la-charite.org\\\/fr\\\/#\\\/schema\\\/person\\\/427567b2eccfc2dd7d206da186a1f438\"},\"headline\":\"Saint Vincent en Ha\u00efti\",\"datePublished\":\"2020-11-06T21:59:40+00:00\",\"dateModified\":\"2024-03-17T17:19:58+00:00\",\"mainEntityOfPage\":{\"@id\":\"https:\\\/\\\/filles-de-la-charite.org\\\/fr\\\/saint-vincent-in-haiti-2\\\/\"},\"wordCount\":480,\"publisher\":{\"@id\":\"https:\\\/\\\/filles-de-la-charite.org\\\/fr\\\/#organization\"},\"image\":{\"@id\":\"https:\\\/\\\/filles-de-la-charite.org\\\/fr\\\/saint-vincent-in-haiti-2\\\/#primaryimage\"},\"thumbnailUrl\":\"https:\\\/\\\/filles-de-la-charite.org\\\/wp-content\\\/uploads\\\/2023\\\/06\\\/201106-Haiti-FTD.jpg\",\"articleSection\":[\"Cara\u00efbes\"],\"inLanguage\":\"fr-FR\"},{\"@type\":\"WebPage\",\"@id\":\"https:\\\/\\\/filles-de-la-charite.org\\\/fr\\\/saint-vincent-in-haiti-2\\\/\",\"url\":\"https:\\\/\\\/filles-de-la-charite.org\\\/fr\\\/saint-vincent-in-haiti-2\\\/\",\"name\":\"Saint Vincent en Ha\u00efti - Filles de la Charit\u00e9\",\"isPartOf\":{\"@id\":\"https:\\\/\\\/filles-de-la-charite.org\\\/fr\\\/#website\"},\"primaryImageOfPage\":{\"@id\":\"https:\\\/\\\/filles-de-la-charite.org\\\/fr\\\/saint-vincent-in-haiti-2\\\/#primaryimage\"},\"image\":{\"@id\":\"https:\\\/\\\/filles-de-la-charite.org\\\/fr\\\/saint-vincent-in-haiti-2\\\/#primaryimage\"},\"thumbnailUrl\":\"https:\\\/\\\/filles-de-la-charite.org\\\/wp-content\\\/uploads\\\/2023\\\/06\\\/201106-Haiti-FTD.jpg\",\"datePublished\":\"2020-11-06T21:59:40+00:00\",\"dateModified\":\"2024-03-17T17:19:58+00:00\",\"breadcrumb\":{\"@id\":\"https:\\\/\\\/filles-de-la-charite.org\\\/fr\\\/saint-vincent-in-haiti-2\\\/#breadcrumb\"},\"inLanguage\":\"fr-FR\",\"potentialAction\":[{\"@type\":\"ReadAction\",\"target\":[\"https:\\\/\\\/filles-de-la-charite.org\\\/fr\\\/saint-vincent-in-haiti-2\\\/\"]}]},{\"@type\":\"ImageObject\",\"inLanguage\":\"fr-FR\",\"@id\":\"https:\\\/\\\/filles-de-la-charite.org\\\/fr\\\/saint-vincent-in-haiti-2\\\/#primaryimage\",\"url\":\"https:\\\/\\\/filles-de-la-charite.org\\\/wp-content\\\/uploads\\\/2023\\\/06\\\/201106-Haiti-FTD.jpg\",\"contentUrl\":\"https:\\\/\\\/filles-de-la-charite.org\\\/wp-content\\\/uploads\\\/2023\\\/06\\\/201106-Haiti-FTD.jpg\",\"width\":1200,\"height\":630},{\"@type\":\"BreadcrumbList\",\"@id\":\"https:\\\/\\\/filles-de-la-charite.org\\\/fr\\\/saint-vincent-in-haiti-2\\\/#breadcrumb\",\"itemListElement\":[{\"@type\":\"ListItem\",\"position\":1,\"name\":\"Cara\u00efbes\",\"item\":\"https:\\\/\\\/filles-de-la-charite.org\\\/fr\\\/category\\\/caribe-fr\\\/\"},{\"@type\":\"ListItem\",\"position\":2,\"name\":\"Saint Vincent en Ha\u00efti\"}]},{\"@type\":\"WebSite\",\"@id\":\"https:\\\/\\\/filles-de-la-charite.org\\\/fr\\\/#website\",\"url\":\"https:\\\/\\\/filles-de-la-charite.org\\\/fr\\\/\",\"name\":\"Hijas de la Caridad\",\"description\":\"L\u2019amour de J\u00e9sus nous presse \u00e0 prendre soin des personnes les plus d\u00e9munies\",\"publisher\":{\"@id\":\"https:\\\/\\\/filles-de-la-charite.org\\\/fr\\\/#organization\"},\"potentialAction\":[{\"@type\":\"SearchAction\",\"target\":{\"@type\":\"EntryPoint\",\"urlTemplate\":\"https:\\\/\\\/filles-de-la-charite.org\\\/fr\\\/?s={search_term_string}\"},\"query-input\":{\"@type\":\"PropertyValueSpecification\",\"valueRequired\":true,\"valueName\":\"search_term_string\"}}],\"inLanguage\":\"fr-FR\"},{\"@type\":\"Organization\",\"@id\":\"https:\\\/\\\/filles-de-la-charite.org\\\/fr\\\/#organization\",\"name\":\"Hijas de la Caridad\",\"url\":\"https:\\\/\\\/filles-de-la-charite.org\\\/fr\\\/\",\"logo\":{\"@type\":\"ImageObject\",\"inLanguage\":\"fr-FR\",\"@id\":\"https:\\\/\\\/filles-de-la-charite.org\\\/fr\\\/#\\\/schema\\\/logo\\\/image\\\/\",\"url\":\"https:\\\/\\\/filles-de-la-charite.org\\\/wp-content\\\/uploads\\\/2023\\\/03\\\/isotipo-Hijas-de-la-Caridad.png\",\"contentUrl\":\"https:\\\/\\\/filles-de-la-charite.org\\\/wp-content\\\/uploads\\\/2023\\\/03\\\/isotipo-Hijas-de-la-Caridad.png\",\"width\":1417,\"height\":1417,\"caption\":\"Hijas de la Caridad\"},\"image\":{\"@id\":\"https:\\\/\\\/filles-de-la-charite.org\\\/fr\\\/#\\\/schema\\\/logo\\\/image\\\/\"}},{\"@type\":\"Person\",\"@id\":\"https:\\\/\\\/filles-de-la-charite.org\\\/fr\\\/#\\\/schema\\\/person\\\/427567b2eccfc2dd7d206da186a1f438\",\"name\":\"admin\",\"image\":{\"@type\":\"ImageObject\",\"inLanguage\":\"fr-FR\",\"@id\":\"https:\\\/\\\/secure.gravatar.com\\\/avatar\\\/948b492cce32b586ac2db0eaa926ee87024f7afe218d73b397ea5ddfc5f43ea1?s=96&d=mm&r=g\",\"url\":\"https:\\\/\\\/secure.gravatar.com\\\/avatar\\\/948b492cce32b586ac2db0eaa926ee87024f7afe218d73b397ea5ddfc5f43ea1?s=96&d=mm&r=g\",\"contentUrl\":\"https:\\\/\\\/secure.gravatar.com\\\/avatar\\\/948b492cce32b586ac2db0eaa926ee87024f7afe218d73b397ea5ddfc5f43ea1?s=96&d=mm&r=g\",\"caption\":\"admin\"},\"sameAs\":[\"https:\\\/\\\/filles-de-la-charite.org\"],\"url\":\"https:\\\/\\\/filles-de-la-charite.org\\\/fr\\\/author\\\/caridad\\\/\"}]}<\/script>\n<!-- \/ Yoast SEO plugin. -->","yoast_head_json":{"title":"Saint Vincent en Ha\u00efti - Filles de la Charit\u00e9","robots":{"index":"index","follow":"follow","max-snippet":"max-snippet:-1","max-image-preview":"max-image-preview:large","max-video-preview":"max-video-preview:-1"},"canonical":"https:\/\/filles-de-la-charite.org\/fr\/saint-vincent-in-haiti-2\/","og_locale":"fr_FR","og_type":"article","og_title":"Saint Vincent en Ha\u00efti - Filles de la Charit\u00e9","og_description":"Du 18 au 25 octobre, nous avons c\u00e9l\u00e9br\u00e9 une autre Semaine Missionnaire. En nous souvenant des personnes qui ont quitt\u00e9 leur pays pour la Mission ad Gentes, nous les avons associ\u00e9es \u00e0 nos pri\u00e8res. S\u0153urWeronika, Polonaise, faisant partie de la Province de la Cara\u00efbe et servant les Pauvres d\u2019Ha\u00efti,partage avec nous la fa\u00e7on qu\u2019a eue [&hellip;]","og_url":"https:\/\/filles-de-la-charite.org\/fr\/saint-vincent-in-haiti-2\/","og_site_name":"Filles de la Charit\u00e9","article_published_time":"2020-11-06T21:59:40+00:00","article_modified_time":"2024-03-17T17:19:58+00:00","og_image":[{"width":1200,"height":630,"url":"https:\/\/filles-de-la-charite.org\/wp-content\/uploads\/2023\/06\/201106-Haiti-FTD.jpg","type":"image\/jpeg"}],"author":"admin","twitter_card":"summary_large_image","twitter_misc":{"\u00c9crit par":"admin","Dur\u00e9e de lecture estim\u00e9e":"3 minutes"},"schema":{"@context":"https:\/\/schema.org","@graph":[{"@type":"Article","@id":"https:\/\/filles-de-la-charite.org\/fr\/saint-vincent-in-haiti-2\/#article","isPartOf":{"@id":"https:\/\/filles-de-la-charite.org\/fr\/saint-vincent-in-haiti-2\/"},"author":{"name":"admin","@id":"https:\/\/filles-de-la-charite.org\/fr\/#\/schema\/person\/427567b2eccfc2dd7d206da186a1f438"},"headline":"Saint Vincent en Ha\u00efti","datePublished":"2020-11-06T21:59:40+00:00","dateModified":"2024-03-17T17:19:58+00:00","mainEntityOfPage":{"@id":"https:\/\/filles-de-la-charite.org\/fr\/saint-vincent-in-haiti-2\/"},"wordCount":480,"publisher":{"@id":"https:\/\/filles-de-la-charite.org\/fr\/#organization"},"image":{"@id":"https:\/\/filles-de-la-charite.org\/fr\/saint-vincent-in-haiti-2\/#primaryimage"},"thumbnailUrl":"https:\/\/filles-de-la-charite.org\/wp-content\/uploads\/2023\/06\/201106-Haiti-FTD.jpg","articleSection":["Cara\u00efbes"],"inLanguage":"fr-FR"},{"@type":"WebPage","@id":"https:\/\/filles-de-la-charite.org\/fr\/saint-vincent-in-haiti-2\/","url":"https:\/\/filles-de-la-charite.org\/fr\/saint-vincent-in-haiti-2\/","name":"Saint Vincent en Ha\u00efti - Filles de la Charit\u00e9","isPartOf":{"@id":"https:\/\/filles-de-la-charite.org\/fr\/#website"},"primaryImageOfPage":{"@id":"https:\/\/filles-de-la-charite.org\/fr\/saint-vincent-in-haiti-2\/#primaryimage"},"image":{"@id":"https:\/\/filles-de-la-charite.org\/fr\/saint-vincent-in-haiti-2\/#primaryimage"},"thumbnailUrl":"https:\/\/filles-de-la-charite.org\/wp-content\/uploads\/2023\/06\/201106-Haiti-FTD.jpg","datePublished":"2020-11-06T21:59:40+00:00","dateModified":"2024-03-17T17:19:58+00:00","breadcrumb":{"@id":"https:\/\/filles-de-la-charite.org\/fr\/saint-vincent-in-haiti-2\/#breadcrumb"},"inLanguage":"fr-FR","potentialAction":[{"@type":"ReadAction","target":["https:\/\/filles-de-la-charite.org\/fr\/saint-vincent-in-haiti-2\/"]}]},{"@type":"ImageObject","inLanguage":"fr-FR","@id":"https:\/\/filles-de-la-charite.org\/fr\/saint-vincent-in-haiti-2\/#primaryimage","url":"https:\/\/filles-de-la-charite.org\/wp-content\/uploads\/2023\/06\/201106-Haiti-FTD.jpg","contentUrl":"https:\/\/filles-de-la-charite.org\/wp-content\/uploads\/2023\/06\/201106-Haiti-FTD.jpg","width":1200,"height":630},{"@type":"BreadcrumbList","@id":"https:\/\/filles-de-la-charite.org\/fr\/saint-vincent-in-haiti-2\/#breadcrumb","itemListElement":[{"@type":"ListItem","position":1,"name":"Cara\u00efbes","item":"https:\/\/filles-de-la-charite.org\/fr\/category\/caribe-fr\/"},{"@type":"ListItem","position":2,"name":"Saint Vincent en Ha\u00efti"}]},{"@type":"WebSite","@id":"https:\/\/filles-de-la-charite.org\/fr\/#website","url":"https:\/\/filles-de-la-charite.org\/fr\/","name":"Hijas de la Caridad","description":"L\u2019amour de J\u00e9sus nous presse \u00e0 prendre soin des personnes les plus d\u00e9munies","publisher":{"@id":"https:\/\/filles-de-la-charite.org\/fr\/#organization"},"potentialAction":[{"@type":"SearchAction","target":{"@type":"EntryPoint","urlTemplate":"https:\/\/filles-de-la-charite.org\/fr\/?s={search_term_string}"},"query-input":{"@type":"PropertyValueSpecification","valueRequired":true,"valueName":"search_term_string"}}],"inLanguage":"fr-FR"},{"@type":"Organization","@id":"https:\/\/filles-de-la-charite.org\/fr\/#organization","name":"Hijas de la Caridad","url":"https:\/\/filles-de-la-charite.org\/fr\/","logo":{"@type":"ImageObject","inLanguage":"fr-FR","@id":"https:\/\/filles-de-la-charite.org\/fr\/#\/schema\/logo\/image\/","url":"https:\/\/filles-de-la-charite.org\/wp-content\/uploads\/2023\/03\/isotipo-Hijas-de-la-Caridad.png","contentUrl":"https:\/\/filles-de-la-charite.org\/wp-content\/uploads\/2023\/03\/isotipo-Hijas-de-la-Caridad.png","width":1417,"height":1417,"caption":"Hijas de la Caridad"},"image":{"@id":"https:\/\/filles-de-la-charite.org\/fr\/#\/schema\/logo\/image\/"}},{"@type":"Person","@id":"https:\/\/filles-de-la-charite.org\/fr\/#\/schema\/person\/427567b2eccfc2dd7d206da186a1f438","name":"admin","image":{"@type":"ImageObject","inLanguage":"fr-FR","@id":"https:\/\/secure.gravatar.com\/avatar\/948b492cce32b586ac2db0eaa926ee87024f7afe218d73b397ea5ddfc5f43ea1?s=96&d=mm&r=g","url":"https:\/\/secure.gravatar.com\/avatar\/948b492cce32b586ac2db0eaa926ee87024f7afe218d73b397ea5ddfc5f43ea1?s=96&d=mm&r=g","contentUrl":"https:\/\/secure.gravatar.com\/avatar\/948b492cce32b586ac2db0eaa926ee87024f7afe218d73b397ea5ddfc5f43ea1?s=96&d=mm&r=g","caption":"admin"},"sameAs":["https:\/\/filles-de-la-charite.org"],"url":"https:\/\/filles-de-la-charite.org\/fr\/author\/caridad\/"}]}},"_links":{"self":[{"href":"https:\/\/filles-de-la-charite.org\/fr\/wp-json\/wp\/v2\/posts\/22300","targetHints":{"allow":["GET"]}}],"collection":[{"href":"https:\/\/filles-de-la-charite.org\/fr\/wp-json\/wp\/v2\/posts"}],"about":[{"href":"https:\/\/filles-de-la-charite.org\/fr\/wp-json\/wp\/v2\/types\/post"}],"author":[{"embeddable":true,"href":"https:\/\/filles-de-la-charite.org\/fr\/wp-json\/wp\/v2\/users\/1"}],"replies":[{"embeddable":true,"href":"https:\/\/filles-de-la-charite.org\/fr\/wp-json\/wp\/v2\/comments?post=22300"}],"version-history":[{"count":1,"href":"https:\/\/filles-de-la-charite.org\/fr\/wp-json\/wp\/v2\/posts\/22300\/revisions"}],"predecessor-version":[{"id":22301,"href":"https:\/\/filles-de-la-charite.org\/fr\/wp-json\/wp\/v2\/posts\/22300\/revisions\/22301"}],"wp:featuredmedia":[{"embeddable":true,"href":"https:\/\/filles-de-la-charite.org\/fr\/wp-json\/wp\/v2\/media\/15144"}],"wp:attachment":[{"href":"https:\/\/filles-de-la-charite.org\/fr\/wp-json\/wp\/v2\/media?parent=22300"}],"wp:term":[{"taxonomy":"category","embeddable":true,"href":"https:\/\/filles-de-la-charite.org\/fr\/wp-json\/wp\/v2\/categories?post=22300"},{"taxonomy":"post_tag","embeddable":true,"href":"https:\/\/filles-de-la-charite.org\/fr\/wp-json\/wp\/v2\/tags?post=22300"}],"curies":[{"name":"wp","href":"https:\/\/api.w.org\/{rel}","templated":true}]}}