{"id":22371,"date":"2020-12-17T13:28:21","date_gmt":"2020-12-17T12:28:21","guid":{"rendered":"https:\/\/hijascaridad.sjdigitaldemo.ovh\/diouroup-senegal-historique-dune-nouvelle-mission\/"},"modified":"2024-03-17T18:18:15","modified_gmt":"2024-03-17T17:18:15","slug":"diouroup-senegal-historique-dune-nouvelle-mission","status":"publish","type":"post","link":"https:\/\/filles-de-la-charite.org\/fr\/diouroup-senegal-historique-dune-nouvelle-mission\/","title":{"rendered":"Diouroup (S\u00e9n\u00e9gal): historique d&rsquo;une nouvelle mission"},"content":{"rendered":"\n<figure class=\"wp-block-image alignwide size-large\"><img decoding=\"async\" src=\"https:\/\/filles-de-la-charite.org\/wp-content\/uploads\/2023\/06\/2-9-1-1024x768.jpg\" alt=\"\" class=\"wp-image-59976\"\/><\/figure>\n\n\n\n<p>\u00c0 l\u2019approche du 387e anniversaire de la fondation de la Compagnie des Filles de la Charit\u00e9, une Communaut\u00e9 de cinq S\u0153urs de quatre nationalit\u00e9s de Nouakchott, Mauritanie, a r\u00e9alis\u00e9 le d\u00e9sir de ceux, nombreux, qui voulaient aller plus loin et rencontrer le Christ pr\u00e9sent dans les Pauvres. La Divine Providence a montr\u00e9 le chemin et les a conduites \u00e0 Diouroup, au S\u00e9n\u00e9gal.<\/p>\n\n\n\n<p>Depuis plus d\u2019un an, la Province Espagne-Sud avait entam\u00e9 un processus de discernement&nbsp;: il a abouti \u00e0 l\u2019approbation du Conseil G\u00e9n\u00e9ral qui a accueilli cette nouvelle implantation avec joie et esp\u00e9rance.<\/p>\n\n\n\n<div class=\"wp-block-image\"><figure class=\"aligncenter size-large\"><img decoding=\"async\" src=\"https:\/\/filles-de-la-charite.org\/wp-content\/uploads\/2023\/06\/3-1-2.jpg\" alt=\"\" class=\"wp-image-59977\"\/><\/figure><\/div>\n\n\n\n<p>Le S\u00e9n\u00e9gal est un \u00c9tat la\u00efc connu pour sa tol\u00e9rance religieuse&nbsp;; sa population est constitu\u00e9e de 94% de Musulmans et de 6% de Catholiques. L\u2019\u00c9glise Catholique comprend 7 dioc\u00e8ses, Diouroup faisant partie de celui de Dakar, ville o\u00f9 aucune pr\u00e9sence religieuse n\u2019est recens\u00e9e.<\/p>\n\n\n\n<p>Lors de son message en 2020 pour la Journ\u00e9e Missionnaire Mondiale, le Pape Fran\u00e7ois nous dit&nbsp;: \u00ab&nbsp;dans la mission d\u2019\u00e9vang\u00e9lisation, nous bougeons parce que le Saint-Esprit nous pousse et nous porte.&nbsp;\u00bb De fait, le 6 d\u00e9cembre, la Communaut\u00e9 Paroissiale de Diouroup a accueilli trois S\u0153urs avec joie et esp\u00e9rance, comme envoy\u00e9es de Dieu et conduites par l\u2019Esprit. \u00c0 travers elles, c\u2019est la Compagnie toute enti\u00e8re qui est pr\u00e9sente dans cette ville et l\u2019\u00c9glise Catholique se trouve ainsi enrichie d\u2019un nouveau charisme.<\/p>\n\n\n\n<figure class=\"wp-block-image size-large\"><img decoding=\"async\" src=\"https:\/\/filles-de-la-charite.org\/wp-content\/uploads\/2023\/06\/7-edited.jpg\" alt=\"\" class=\"wp-image-59979\"\/><\/figure>\n\n\n\n<p>Un d\u00e9tail important est \u00e0 relever&nbsp;: l\u2019image et la d\u00e9votion \u00e0 la Vierge de la M\u00e9daille Miraculeuse existaient sur place avant l\u2019arriv\u00e9e des S\u0153urs&nbsp;! C\u2019est alors clair qu\u2019Elle veillera sur cette Communaut\u00e9 et sa mission. <\/p>\n\n\n\n<p>Nous remercions Dieu pour Son inspiration, Son \u00e9clairage, Sa protection et la Sainte Vierge pour son intercession.<\/p>\n\n\n\n<figure class=\"wp-block-gallery columns-3 is-cropped wp-block-gallery-1 is-layout-flex wp-block-gallery-is-layout-flex\"><ul class=\"blocks-gallery-grid\"><li class=\"blocks-gallery-item\"><figure><img decoding=\"async\" src=\"https:\/\/filles-de-la-charite.org\/wp-content\/uploads\/2023\/06\/8-1-1.jpg\" alt=\"\" data-id=\"59983\" data-full-url=\"https:\/\/filles-de-la-charite.org\/wp-content\/uploads\/2023\/06\/8-1-1.jpg\" data-link=\"https:\/\/www.filles-de-la-charite.org\/?attachment_id=59983\" class=\"wp-image-59983\"\/><\/figure><\/li><li class=\"blocks-gallery-item\"><figure><img decoding=\"async\" src=\"https:\/\/filles-de-la-charite.org\/wp-content\/uploads\/2023\/06\/6-1-1.jpg\" alt=\"\" data-id=\"59982\" data-full-url=\"https:\/\/filles-de-la-charite.org\/wp-content\/uploads\/2023\/06\/6-1-1.jpg\" data-link=\"https:\/\/www.filles-de-la-charite.org\/?attachment_id=59982\" class=\"wp-image-59982\"\/><\/figure><\/li><li class=\"blocks-gallery-item\"><figure><img decoding=\"async\" src=\"https:\/\/filles-de-la-charite.org\/wp-content\/uploads\/2023\/06\/5-10-1-768x1024.jpg\" alt=\"\" data-id=\"59981\" data-full-url=\"https:\/\/filles-de-la-charite.org\/wp-content\/uploads\/2023\/06\/5-10-1.jpg\" data-link=\"https:\/\/www.filles-de-la-charite.org\/?attachment_id=59981\" class=\"wp-image-59981\"\/><\/figure><\/li><li class=\"blocks-gallery-item\"><figure><img decoding=\"async\" src=\"https:\/\/filles-de-la-charite.org\/wp-content\/uploads\/2023\/06\/4-8-1-1024x576.jpg\" alt=\"\" data-id=\"59984\" data-full-url=\"https:\/\/filles-de-la-charite.org\/wp-content\/uploads\/2023\/06\/4-8-1.jpg\" data-link=\"https:\/\/www.filles-de-la-charite.org\/?attachment_id=59984\" class=\"wp-image-59984\"\/><\/figure><\/li><\/ul><\/figure>\n","protected":false},"excerpt":{"rendered":"<p>\u00c0 l\u2019approche du 387e anniversaire de la fondation de la Compagnie des Filles de la Charit\u00e9, une Communaut\u00e9 de cinq S\u0153urs de quatre nationalit\u00e9s de Nouakchott, Mauritanie, a r\u00e9alis\u00e9 le d\u00e9sir de ceux, nombreux, qui voulaient aller plus loin et rencontrer le Christ pr\u00e9sent dans les Pauvres. La Divine Providence a montr\u00e9 le chemin et [&hellip;]<\/p>\n","protected":false},"author":1,"featured_media":15309,"comment_status":"closed","ping_status":"closed","sticky":false,"template":"","format":"standard","meta":{"_acf_changed":false,"_et_pb_use_builder":"","_et_pb_old_content":"","_et_gb_content_width":"","footnotes":"","_links_to":"","_links_to_target":""},"categories":[804],"tags":[],"class_list":["post-22371","post","type-post","status-publish","format-standard","has-post-thumbnail","hentry","category-espana-sur-fr"],"acf":[],"yoast_head":"<!-- This site is optimized with the Yoast SEO plugin v27.5 - https:\/\/yoast.com\/product\/yoast-seo-wordpress\/ -->\n<title>Diouroup (S\u00e9n\u00e9gal): historique d&#039;une nouvelle mission - Filles de la Charit\u00e9<\/title>\n<meta name=\"robots\" content=\"index, follow, max-snippet:-1, max-image-preview:large, max-video-preview:-1\" \/>\n<link rel=\"canonical\" href=\"https:\/\/filles-de-la-charite.org\/fr\/diouroup-senegal-historique-dune-nouvelle-mission\/\" \/>\n<meta property=\"og:locale\" content=\"fr_FR\" \/>\n<meta property=\"og:type\" content=\"article\" \/>\n<meta property=\"og:title\" content=\"Diouroup (S\u00e9n\u00e9gal): historique d&#039;une nouvelle mission - Filles de la Charit\u00e9\" \/>\n<meta property=\"og:description\" content=\"\u00c0 l\u2019approche du 387e anniversaire de la fondation de la Compagnie des Filles de la Charit\u00e9, une Communaut\u00e9 de cinq S\u0153urs de quatre nationalit\u00e9s de Nouakchott, Mauritanie, a r\u00e9alis\u00e9 le d\u00e9sir de ceux, nombreux, qui voulaient aller plus loin et rencontrer le Christ pr\u00e9sent dans les Pauvres. La Divine Providence a montr\u00e9 le chemin et [&hellip;]\" \/>\n<meta property=\"og:url\" content=\"https:\/\/filles-de-la-charite.org\/fr\/diouroup-senegal-historique-dune-nouvelle-mission\/\" \/>\n<meta property=\"og:site_name\" content=\"Filles de la Charit\u00e9\" \/>\n<meta property=\"article:published_time\" content=\"2020-12-17T12:28:21+00:00\" \/>\n<meta property=\"article:modified_time\" content=\"2024-03-17T17:18:15+00:00\" \/>\n<meta property=\"og:image\" content=\"https:\/\/filles-de-la-charite.org\/wp-content\/uploads\/2023\/06\/1-1.jpg\" \/>\n\t<meta property=\"og:image:width\" content=\"810\" \/>\n\t<meta property=\"og:image:height\" content=\"1080\" \/>\n\t<meta property=\"og:image:type\" content=\"image\/jpeg\" \/>\n<meta name=\"author\" content=\"admin\" \/>\n<meta name=\"twitter:card\" content=\"summary_large_image\" \/>\n<meta name=\"twitter:label1\" content=\"\u00c9crit par\" \/>\n\t<meta name=\"twitter:data1\" content=\"admin\" \/>\n\t<meta name=\"twitter:label2\" content=\"Dur\u00e9e de lecture estim\u00e9e\" \/>\n\t<meta name=\"twitter:data2\" content=\"2 minutes\" \/>\n<script type=\"application\/ld+json\" class=\"yoast-schema-graph\">{\"@context\":\"https:\\\/\\\/schema.org\",\"@graph\":[{\"@type\":\"Article\",\"@id\":\"https:\\\/\\\/filles-de-la-charite.org\\\/fr\\\/diouroup-senegal-historique-dune-nouvelle-mission\\\/#article\",\"isPartOf\":{\"@id\":\"https:\\\/\\\/filles-de-la-charite.org\\\/fr\\\/diouroup-senegal-historique-dune-nouvelle-mission\\\/\"},\"author\":{\"name\":\"admin\",\"@id\":\"https:\\\/\\\/filles-de-la-charite.org\\\/fr\\\/#\\\/schema\\\/person\\\/427567b2eccfc2dd7d206da186a1f438\"},\"headline\":\"Diouroup (S\u00e9n\u00e9gal): historique d&rsquo;une nouvelle mission\",\"datePublished\":\"2020-12-17T12:28:21+00:00\",\"dateModified\":\"2024-03-17T17:18:15+00:00\",\"mainEntityOfPage\":{\"@id\":\"https:\\\/\\\/filles-de-la-charite.org\\\/fr\\\/diouroup-senegal-historique-dune-nouvelle-mission\\\/\"},\"wordCount\":320,\"publisher\":{\"@id\":\"https:\\\/\\\/filles-de-la-charite.org\\\/fr\\\/#organization\"},\"image\":{\"@id\":\"https:\\\/\\\/filles-de-la-charite.org\\\/fr\\\/diouroup-senegal-historique-dune-nouvelle-mission\\\/#primaryimage\"},\"thumbnailUrl\":\"https:\\\/\\\/filles-de-la-charite.org\\\/wp-content\\\/uploads\\\/2023\\\/06\\\/1-1.jpg\",\"articleSection\":[\"Espa\u00f1a-Sur\"],\"inLanguage\":\"fr-FR\"},{\"@type\":\"WebPage\",\"@id\":\"https:\\\/\\\/filles-de-la-charite.org\\\/fr\\\/diouroup-senegal-historique-dune-nouvelle-mission\\\/\",\"url\":\"https:\\\/\\\/filles-de-la-charite.org\\\/fr\\\/diouroup-senegal-historique-dune-nouvelle-mission\\\/\",\"name\":\"Diouroup (S\u00e9n\u00e9gal): historique d'une nouvelle mission - Filles de la Charit\u00e9\",\"isPartOf\":{\"@id\":\"https:\\\/\\\/filles-de-la-charite.org\\\/fr\\\/#website\"},\"primaryImageOfPage\":{\"@id\":\"https:\\\/\\\/filles-de-la-charite.org\\\/fr\\\/diouroup-senegal-historique-dune-nouvelle-mission\\\/#primaryimage\"},\"image\":{\"@id\":\"https:\\\/\\\/filles-de-la-charite.org\\\/fr\\\/diouroup-senegal-historique-dune-nouvelle-mission\\\/#primaryimage\"},\"thumbnailUrl\":\"https:\\\/\\\/filles-de-la-charite.org\\\/wp-content\\\/uploads\\\/2023\\\/06\\\/1-1.jpg\",\"datePublished\":\"2020-12-17T12:28:21+00:00\",\"dateModified\":\"2024-03-17T17:18:15+00:00\",\"breadcrumb\":{\"@id\":\"https:\\\/\\\/filles-de-la-charite.org\\\/fr\\\/diouroup-senegal-historique-dune-nouvelle-mission\\\/#breadcrumb\"},\"inLanguage\":\"fr-FR\",\"potentialAction\":[{\"@type\":\"ReadAction\",\"target\":[\"https:\\\/\\\/filles-de-la-charite.org\\\/fr\\\/diouroup-senegal-historique-dune-nouvelle-mission\\\/\"]}]},{\"@type\":\"ImageObject\",\"inLanguage\":\"fr-FR\",\"@id\":\"https:\\\/\\\/filles-de-la-charite.org\\\/fr\\\/diouroup-senegal-historique-dune-nouvelle-mission\\\/#primaryimage\",\"url\":\"https:\\\/\\\/filles-de-la-charite.org\\\/wp-content\\\/uploads\\\/2023\\\/06\\\/1-1.jpg\",\"contentUrl\":\"https:\\\/\\\/filles-de-la-charite.org\\\/wp-content\\\/uploads\\\/2023\\\/06\\\/1-1.jpg\",\"width\":810,\"height\":1080},{\"@type\":\"BreadcrumbList\",\"@id\":\"https:\\\/\\\/filles-de-la-charite.org\\\/fr\\\/diouroup-senegal-historique-dune-nouvelle-mission\\\/#breadcrumb\",\"itemListElement\":[{\"@type\":\"ListItem\",\"position\":1,\"name\":\"Rio de Janeiro - Br\u00e9sil\",\"item\":\"https:\\\/\\\/filles-de-la-charite.org\\\/fr\\\/category\\\/rio-de-janeiro-bresil-fr\\\/\"},{\"@type\":\"ListItem\",\"position\":2,\"name\":\"Diouroup (S\u00e9n\u00e9gal): historique d&#8217;une nouvelle mission\"}]},{\"@type\":\"WebSite\",\"@id\":\"https:\\\/\\\/filles-de-la-charite.org\\\/fr\\\/#website\",\"url\":\"https:\\\/\\\/filles-de-la-charite.org\\\/fr\\\/\",\"name\":\"Hijas de la Caridad\",\"description\":\"L\u2019amour de J\u00e9sus nous presse \u00e0 prendre soin des personnes les plus d\u00e9munies\",\"publisher\":{\"@id\":\"https:\\\/\\\/filles-de-la-charite.org\\\/fr\\\/#organization\"},\"potentialAction\":[{\"@type\":\"SearchAction\",\"target\":{\"@type\":\"EntryPoint\",\"urlTemplate\":\"https:\\\/\\\/filles-de-la-charite.org\\\/fr\\\/?s={search_term_string}\"},\"query-input\":{\"@type\":\"PropertyValueSpecification\",\"valueRequired\":true,\"valueName\":\"search_term_string\"}}],\"inLanguage\":\"fr-FR\"},{\"@type\":\"Organization\",\"@id\":\"https:\\\/\\\/filles-de-la-charite.org\\\/fr\\\/#organization\",\"name\":\"Hijas de la Caridad\",\"url\":\"https:\\\/\\\/filles-de-la-charite.org\\\/fr\\\/\",\"logo\":{\"@type\":\"ImageObject\",\"inLanguage\":\"fr-FR\",\"@id\":\"https:\\\/\\\/filles-de-la-charite.org\\\/fr\\\/#\\\/schema\\\/logo\\\/image\\\/\",\"url\":\"https:\\\/\\\/filles-de-la-charite.org\\\/wp-content\\\/uploads\\\/2023\\\/03\\\/isotipo-Hijas-de-la-Caridad.png\",\"contentUrl\":\"https:\\\/\\\/filles-de-la-charite.org\\\/wp-content\\\/uploads\\\/2023\\\/03\\\/isotipo-Hijas-de-la-Caridad.png\",\"width\":1417,\"height\":1417,\"caption\":\"Hijas de la Caridad\"},\"image\":{\"@id\":\"https:\\\/\\\/filles-de-la-charite.org\\\/fr\\\/#\\\/schema\\\/logo\\\/image\\\/\"}},{\"@type\":\"Person\",\"@id\":\"https:\\\/\\\/filles-de-la-charite.org\\\/fr\\\/#\\\/schema\\\/person\\\/427567b2eccfc2dd7d206da186a1f438\",\"name\":\"admin\",\"image\":{\"@type\":\"ImageObject\",\"inLanguage\":\"fr-FR\",\"@id\":\"https:\\\/\\\/secure.gravatar.com\\\/avatar\\\/948b492cce32b586ac2db0eaa926ee87024f7afe218d73b397ea5ddfc5f43ea1?s=96&d=mm&r=g\",\"url\":\"https:\\\/\\\/secure.gravatar.com\\\/avatar\\\/948b492cce32b586ac2db0eaa926ee87024f7afe218d73b397ea5ddfc5f43ea1?s=96&d=mm&r=g\",\"contentUrl\":\"https:\\\/\\\/secure.gravatar.com\\\/avatar\\\/948b492cce32b586ac2db0eaa926ee87024f7afe218d73b397ea5ddfc5f43ea1?s=96&d=mm&r=g\",\"caption\":\"admin\"},\"sameAs\":[\"https:\\\/\\\/filles-de-la-charite.org\"],\"url\":\"https:\\\/\\\/filles-de-la-charite.org\\\/fr\\\/author\\\/caridad\\\/\"}]}<\/script>\n<!-- \/ Yoast SEO plugin. -->","yoast_head_json":{"title":"Diouroup (S\u00e9n\u00e9gal): historique d'une nouvelle mission - Filles de la Charit\u00e9","robots":{"index":"index","follow":"follow","max-snippet":"max-snippet:-1","max-image-preview":"max-image-preview:large","max-video-preview":"max-video-preview:-1"},"canonical":"https:\/\/filles-de-la-charite.org\/fr\/diouroup-senegal-historique-dune-nouvelle-mission\/","og_locale":"fr_FR","og_type":"article","og_title":"Diouroup (S\u00e9n\u00e9gal): historique d'une nouvelle mission - Filles de la Charit\u00e9","og_description":"\u00c0 l\u2019approche du 387e anniversaire de la fondation de la Compagnie des Filles de la Charit\u00e9, une Communaut\u00e9 de cinq S\u0153urs de quatre nationalit\u00e9s de Nouakchott, Mauritanie, a r\u00e9alis\u00e9 le d\u00e9sir de ceux, nombreux, qui voulaient aller plus loin et rencontrer le Christ pr\u00e9sent dans les Pauvres. La Divine Providence a montr\u00e9 le chemin et [&hellip;]","og_url":"https:\/\/filles-de-la-charite.org\/fr\/diouroup-senegal-historique-dune-nouvelle-mission\/","og_site_name":"Filles de la Charit\u00e9","article_published_time":"2020-12-17T12:28:21+00:00","article_modified_time":"2024-03-17T17:18:15+00:00","og_image":[{"width":810,"height":1080,"url":"https:\/\/filles-de-la-charite.org\/wp-content\/uploads\/2023\/06\/1-1.jpg","type":"image\/jpeg"}],"author":"admin","twitter_card":"summary_large_image","twitter_misc":{"\u00c9crit par":"admin","Dur\u00e9e de lecture estim\u00e9e":"2 minutes"},"schema":{"@context":"https:\/\/schema.org","@graph":[{"@type":"Article","@id":"https:\/\/filles-de-la-charite.org\/fr\/diouroup-senegal-historique-dune-nouvelle-mission\/#article","isPartOf":{"@id":"https:\/\/filles-de-la-charite.org\/fr\/diouroup-senegal-historique-dune-nouvelle-mission\/"},"author":{"name":"admin","@id":"https:\/\/filles-de-la-charite.org\/fr\/#\/schema\/person\/427567b2eccfc2dd7d206da186a1f438"},"headline":"Diouroup (S\u00e9n\u00e9gal): historique d&rsquo;une nouvelle mission","datePublished":"2020-12-17T12:28:21+00:00","dateModified":"2024-03-17T17:18:15+00:00","mainEntityOfPage":{"@id":"https:\/\/filles-de-la-charite.org\/fr\/diouroup-senegal-historique-dune-nouvelle-mission\/"},"wordCount":320,"publisher":{"@id":"https:\/\/filles-de-la-charite.org\/fr\/#organization"},"image":{"@id":"https:\/\/filles-de-la-charite.org\/fr\/diouroup-senegal-historique-dune-nouvelle-mission\/#primaryimage"},"thumbnailUrl":"https:\/\/filles-de-la-charite.org\/wp-content\/uploads\/2023\/06\/1-1.jpg","articleSection":["Espa\u00f1a-Sur"],"inLanguage":"fr-FR"},{"@type":"WebPage","@id":"https:\/\/filles-de-la-charite.org\/fr\/diouroup-senegal-historique-dune-nouvelle-mission\/","url":"https:\/\/filles-de-la-charite.org\/fr\/diouroup-senegal-historique-dune-nouvelle-mission\/","name":"Diouroup (S\u00e9n\u00e9gal): historique d'une nouvelle mission - Filles de la Charit\u00e9","isPartOf":{"@id":"https:\/\/filles-de-la-charite.org\/fr\/#website"},"primaryImageOfPage":{"@id":"https:\/\/filles-de-la-charite.org\/fr\/diouroup-senegal-historique-dune-nouvelle-mission\/#primaryimage"},"image":{"@id":"https:\/\/filles-de-la-charite.org\/fr\/diouroup-senegal-historique-dune-nouvelle-mission\/#primaryimage"},"thumbnailUrl":"https:\/\/filles-de-la-charite.org\/wp-content\/uploads\/2023\/06\/1-1.jpg","datePublished":"2020-12-17T12:28:21+00:00","dateModified":"2024-03-17T17:18:15+00:00","breadcrumb":{"@id":"https:\/\/filles-de-la-charite.org\/fr\/diouroup-senegal-historique-dune-nouvelle-mission\/#breadcrumb"},"inLanguage":"fr-FR","potentialAction":[{"@type":"ReadAction","target":["https:\/\/filles-de-la-charite.org\/fr\/diouroup-senegal-historique-dune-nouvelle-mission\/"]}]},{"@type":"ImageObject","inLanguage":"fr-FR","@id":"https:\/\/filles-de-la-charite.org\/fr\/diouroup-senegal-historique-dune-nouvelle-mission\/#primaryimage","url":"https:\/\/filles-de-la-charite.org\/wp-content\/uploads\/2023\/06\/1-1.jpg","contentUrl":"https:\/\/filles-de-la-charite.org\/wp-content\/uploads\/2023\/06\/1-1.jpg","width":810,"height":1080},{"@type":"BreadcrumbList","@id":"https:\/\/filles-de-la-charite.org\/fr\/diouroup-senegal-historique-dune-nouvelle-mission\/#breadcrumb","itemListElement":[{"@type":"ListItem","position":1,"name":"Rio de Janeiro - Br\u00e9sil","item":"https:\/\/filles-de-la-charite.org\/fr\/category\/rio-de-janeiro-bresil-fr\/"},{"@type":"ListItem","position":2,"name":"Diouroup (S\u00e9n\u00e9gal): historique d&#8217;une nouvelle mission"}]},{"@type":"WebSite","@id":"https:\/\/filles-de-la-charite.org\/fr\/#website","url":"https:\/\/filles-de-la-charite.org\/fr\/","name":"Hijas de la Caridad","description":"L\u2019amour de J\u00e9sus nous presse \u00e0 prendre soin des personnes les plus d\u00e9munies","publisher":{"@id":"https:\/\/filles-de-la-charite.org\/fr\/#organization"},"potentialAction":[{"@type":"SearchAction","target":{"@type":"EntryPoint","urlTemplate":"https:\/\/filles-de-la-charite.org\/fr\/?s={search_term_string}"},"query-input":{"@type":"PropertyValueSpecification","valueRequired":true,"valueName":"search_term_string"}}],"inLanguage":"fr-FR"},{"@type":"Organization","@id":"https:\/\/filles-de-la-charite.org\/fr\/#organization","name":"Hijas de la Caridad","url":"https:\/\/filles-de-la-charite.org\/fr\/","logo":{"@type":"ImageObject","inLanguage":"fr-FR","@id":"https:\/\/filles-de-la-charite.org\/fr\/#\/schema\/logo\/image\/","url":"https:\/\/filles-de-la-charite.org\/wp-content\/uploads\/2023\/03\/isotipo-Hijas-de-la-Caridad.png","contentUrl":"https:\/\/filles-de-la-charite.org\/wp-content\/uploads\/2023\/03\/isotipo-Hijas-de-la-Caridad.png","width":1417,"height":1417,"caption":"Hijas de la Caridad"},"image":{"@id":"https:\/\/filles-de-la-charite.org\/fr\/#\/schema\/logo\/image\/"}},{"@type":"Person","@id":"https:\/\/filles-de-la-charite.org\/fr\/#\/schema\/person\/427567b2eccfc2dd7d206da186a1f438","name":"admin","image":{"@type":"ImageObject","inLanguage":"fr-FR","@id":"https:\/\/secure.gravatar.com\/avatar\/948b492cce32b586ac2db0eaa926ee87024f7afe218d73b397ea5ddfc5f43ea1?s=96&d=mm&r=g","url":"https:\/\/secure.gravatar.com\/avatar\/948b492cce32b586ac2db0eaa926ee87024f7afe218d73b397ea5ddfc5f43ea1?s=96&d=mm&r=g","contentUrl":"https:\/\/secure.gravatar.com\/avatar\/948b492cce32b586ac2db0eaa926ee87024f7afe218d73b397ea5ddfc5f43ea1?s=96&d=mm&r=g","caption":"admin"},"sameAs":["https:\/\/filles-de-la-charite.org"],"url":"https:\/\/filles-de-la-charite.org\/fr\/author\/caridad\/"}]}},"_links":{"self":[{"href":"https:\/\/filles-de-la-charite.org\/fr\/wp-json\/wp\/v2\/posts\/22371","targetHints":{"allow":["GET"]}}],"collection":[{"href":"https:\/\/filles-de-la-charite.org\/fr\/wp-json\/wp\/v2\/posts"}],"about":[{"href":"https:\/\/filles-de-la-charite.org\/fr\/wp-json\/wp\/v2\/types\/post"}],"author":[{"embeddable":true,"href":"https:\/\/filles-de-la-charite.org\/fr\/wp-json\/wp\/v2\/users\/1"}],"replies":[{"embeddable":true,"href":"https:\/\/filles-de-la-charite.org\/fr\/wp-json\/wp\/v2\/comments?post=22371"}],"version-history":[{"count":1,"href":"https:\/\/filles-de-la-charite.org\/fr\/wp-json\/wp\/v2\/posts\/22371\/revisions"}],"predecessor-version":[{"id":22414,"href":"https:\/\/filles-de-la-charite.org\/fr\/wp-json\/wp\/v2\/posts\/22371\/revisions\/22414"}],"wp:featuredmedia":[{"embeddable":true,"href":"https:\/\/filles-de-la-charite.org\/fr\/wp-json\/wp\/v2\/media\/15309"}],"wp:attachment":[{"href":"https:\/\/filles-de-la-charite.org\/fr\/wp-json\/wp\/v2\/media?parent=22371"}],"wp:term":[{"taxonomy":"category","embeddable":true,"href":"https:\/\/filles-de-la-charite.org\/fr\/wp-json\/wp\/v2\/categories?post=22371"},{"taxonomy":"post_tag","embeddable":true,"href":"https:\/\/filles-de-la-charite.org\/fr\/wp-json\/wp\/v2\/tags?post=22371"}],"curies":[{"name":"wp","href":"https:\/\/api.w.org\/{rel}","templated":true}]}}