{"id":22477,"date":"2021-01-01T19:16:26","date_gmt":"2021-01-01T18:16:26","guid":{"rendered":"https:\/\/hijascaridad.sjdigitaldemo.ovh\/assemblee-provinciale-des-fdlc-de-sardaigne-31-juillet-10-aout-2020\/"},"modified":"2024-03-17T17:49:49","modified_gmt":"2024-03-17T16:49:49","slug":"assemblee-provinciale-des-fdlc-de-sardaigne-31-juillet-10-aout-2020","status":"publish","type":"post","link":"https:\/\/filles-de-la-charite.org\/fr\/assemblee-provinciale-des-fdlc-de-sardaigne-31-juillet-10-aout-2020\/","title":{"rendered":"Assembl\u00e9e Provinciale des FdlC de Sardaigne: 31 Juillet &#8211; 10 Ao\u00fbt 2020"},"content":{"rendered":"\n<div class=\"wp-block-image\"><figure class=\"aligncenter size-large\"><img decoding=\"async\" src=\"https:\/\/filles-de-la-charite.org\/wp-content\/uploads\/2023\/06\/Assemblea-5-4-1024x769.jpg\" alt=\"\" class=\"wp-image-60431\"\/><\/figure><\/div>\n\n\n\n<p>L\u2019Assembl\u00e9e Provinciale des Filles de la Charit\u00e9 de Sardaigne s\u2019est d\u00e9roul\u00e9e \u00e0 Cagliari du 31 juilet au 10 ao\u00fbt \u00e0 la Maison Provinciale Mater Nostra. Elle a \u00e9t\u00e9 pr\u00e9sid\u00e9e et anim\u00e9e par Sr. Catherine Bua, Visitatrice, et P\u00e8re Italo Zedde, Directeur Provincial. Le th\u00e8me et le logo sont \u00e0 la fois tr\u00e8s significatifs et pertinents, car parfaitement en accord avec les options de l\u2019\u00c9glise et de l\u2019Assembl\u00e9e G\u00e9n\u00e9rale de 2021 qui donnera au th\u00e8me une perspective internationale.<\/p>\n\n\n\n<p>Le travail des 56 participants issus de communaut\u00e9s locales vari\u00e9es, a d\u00e9but\u00e9 par une action de gr\u00e2ces \u00e0 Dieu pour le don des six derni\u00e8res ann\u00e9es de la Compagnie en Sardaigne, dont le charisme, <em>Caritas Christi urget nos, <\/em>transmis par St. Vincent de Paul (1581-1660), est d\u2019une br\u00fblante actualit\u00e9. D\u00e8s lors, et en r\u00e9affirmant la priorit\u00e9 de l\u2019\u00e9vang\u00e9lisation, nous avons pu d\u00e9finir de nouveaux chemins de partage et de fraternit\u00e9, de charit\u00e9 et de service envers les Pauvres.<\/p>\n\n\n\n<div class=\"wp-block-image\"><figure class=\"aligncenter size-large\"><img decoding=\"async\" src=\"https:\/\/filles-de-la-charite.org\/wp-content\/uploads\/2023\/06\/Assemblea2-1-2-1-1024x769.jpg\" alt=\"\" class=\"wp-image-60430\"\/><\/figure><\/div>\n\n\n\n<p>Notre Assembl\u00e9e a ainsi connu un plus grand enthousiasme et une atmosph\u00e8re plus joyeuse, permettant d\u2019esp\u00e9rer voir refleurir des services traditionnels et nouveaux, bien que par des chemins \u00e9troits, en d\u00e9pit de la pauvret\u00e9 de nos ressources humaines. Nous restons totalement confiants dans l\u2019amour du P\u00e8re qui, comme le dit St. Vincent, aime les Pauvres, et, par cons\u00e9quent, aime ceux qui aiment les Pauvres.<\/p>\n\n\n\n<p>Nous-m\u00eames avons \u00e9t\u00e9 \u00e9clair\u00e9s et comme immerg\u00e9s, (dans les grandes lignes), par le th\u00e8me du Pape Fran\u00e7ois \u201cLaudato Si\u201d qui nous pousse \u00e0 sortir de nous-m\u00eames, pour accueillir le plus fragile, et prendre soin de la cr\u00e9ation dans nos actions quotidiennes... Par le biais d\u2019une \u00e9ducation (\u00e0 la responsabilit\u00e9 environnementale), nous pouvons parvenir \u00e0 un style de vie plus simple (L.S., 211). C\u2019est l\u2019Esprit qui a guid\u00e9 et anim\u00e9 nos journ\u00e9es lors des \u00e9changes et des r\u00e9flexions, Lui qui nous a pouss\u00e9s \u00e0 ouvrir des \u201cportes\u201d parfois inhabituelles, par amour de la mission, de relations plus approfondies, et de la vie spirituelle.<\/p>\n\n\n\n<div class=\"wp-block-image\"><figure class=\"aligncenter size-large\"><img decoding=\"async\" src=\"https:\/\/filles-de-la-charite.org\/wp-content\/uploads\/2023\/06\/Assemblea-3-3-1024x769.jpg\" alt=\"\" class=\"wp-image-60432\"\/><\/figure><\/div>\n\n\n\n<p>Nous toutes, Filles de la Charit\u00e9, sommes invit\u00e9es \u00e0 nous enraciner en Dieu qui continue \u00e0 venir dans le monde dans lequel nous vivons, nous ouvrant nous-m\u00eames au Tout-Autre. Nous restons confiantes, priant que Sa Divine Bont\u00e9, qui donne le mouvement et la vie \u00e0 toutes nos actions, les anime de plus en plus de Son Esprit (Cf. St. Vincent 6 d\u00e9cembre 1658, VII, 389)<\/p>\n\n\n\n<p>Lors d\u2019un programme de l\u2019apr\u00e8s-d\u00eener, nous avons regard\u00e9 une courte vid\u00e9o dans laquelle nos Soeurs a\u00een\u00e9es \u00e9taient interview\u00e9es<em> <\/em>; chacune s\u2019exprimait simplement et avec r\u00e9alisme sur sa vie actuelle<strong>. <\/strong>Bien que diff\u00e9rents, ces t\u00e9moignages indiquaient tous le tr\u00e9sor du Charisme comme un cadeau spirituel commun qui ne vieillit pas, devenant au fil des ans un don de soi et une pri\u00e8re pour les Pauvres, la Compagnie, l\u2019\u00c9glise et la communaut\u00e9 paroissiale ; ce tr\u00e9sor assure ainsi une pr\u00e9sence pr\u00e9cieuse, signe tangible d\u2019une totale cons\u00e9cration \u00e0 Dieu, souhait\u00e9e m\u00eame dans les petits villages. Nos interventions dans la Salle des Sessions ont soulign\u00e9 leur importance, la n\u00e9cessit\u00e9 de les visiter, de leur accorder une attention affectueuse, et de maintenir des relations fraternelles constantes, essentielles pour garder leurs r\u00e9ponses vivantes et actives au fil des ann\u00e9es. Il convient aussi de les aider \u00e0 maintenir des centres d\u2019inter\u00eats, \u00e0 s\u2019impliquer dans un travail, petit ou grand, afin qu\u2019elles se donnent dans la joie jusqu\u2019au dernier moment.<\/p>\n\n\n\n<figure class=\"wp-block-image alignwide size-large\"><img decoding=\"async\" src=\"https:\/\/filles-de-la-charite.org\/wp-content\/uploads\/2023\/06\/Bez_tytulu_1-4-1.jpg\" alt=\"\" class=\"wp-image-60433\"\/><\/figure>\n\n\n\n<p>Une attention a par ailleurs \u00e9t\u00e9 accord\u00e9e \u00e0 quelques Maisons Communautaires du Nord de la Sardaigne qui ont \u00e9t\u00e9 transform\u00e9es et agrandies pour devenir des centres polyvalents. &nbsp;Le 9 ao\u00fbt, avec le chant du Magnificat, nous avons remerci\u00e9 Dieu pour son Amour merveilleux et avons conclu le travail de notre Assembl\u00e9e.<em> &nbsp;&nbsp;&nbsp;&nbsp;&nbsp;&nbsp;&nbsp;&nbsp;&nbsp;&nbsp;&nbsp;&nbsp;&nbsp;&nbsp;&nbsp;&nbsp;&nbsp;&nbsp; &nbsp;&nbsp;&nbsp;&nbsp;&nbsp;&nbsp;&nbsp;&nbsp;&nbsp;&nbsp;&nbsp;<\/em><\/p>\n\n\n\n<p><em>Sister Rita Columbano, Fille de la Charit\u00e9, Province de Sardaigne<\/em><\/p>\n","protected":false},"excerpt":{"rendered":"<p>L\u2019Assembl\u00e9e Provinciale des Filles de la Charit\u00e9 de Sardaigne s\u2019est d\u00e9roul\u00e9e \u00e0 Cagliari du 31 juilet au 10 ao\u00fbt \u00e0 la Maison Provinciale Mater Nostra. Elle a \u00e9t\u00e9 pr\u00e9sid\u00e9e et anim\u00e9e par Sr. Catherine Bua, Visitatrice, et P\u00e8re Italo Zedde, Directeur Provincial. Le th\u00e8me et le logo sont \u00e0 la fois tr\u00e8s significatifs et pertinents, [&hellip;]<\/p>\n","protected":false},"author":1,"featured_media":15397,"comment_status":"closed","ping_status":"closed","sticky":false,"template":"","format":"standard","meta":{"_acf_changed":false,"footnotes":"","_links_to":"","_links_to_target":""},"categories":[684],"tags":[],"class_list":["post-22477","post","type-post","status-publish","format-standard","has-post-thumbnail","hentry","category-sardaigne-italie-fr"],"acf":[],"yoast_head":"<!-- This site is optimized with the Yoast SEO plugin v27.5 - https:\/\/yoast.com\/product\/yoast-seo-wordpress\/ -->\n<title>Assembl\u00e9e Provinciale des FdlC de Sardaigne: 31 Juillet - 10 Ao\u00fbt 2020 - Filles de la Charit\u00e9<\/title>\n<meta name=\"robots\" content=\"index, follow, max-snippet:-1, max-image-preview:large, max-video-preview:-1\" \/>\n<link rel=\"canonical\" href=\"https:\/\/filles-de-la-charite.org\/fr\/assemblee-provinciale-des-fdlc-de-sardaigne-31-juillet-10-aout-2020\/\" \/>\n<meta property=\"og:locale\" content=\"fr_FR\" \/>\n<meta property=\"og:type\" content=\"article\" \/>\n<meta property=\"og:title\" content=\"Assembl\u00e9e Provinciale des FdlC de Sardaigne: 31 Juillet - 10 Ao\u00fbt 2020 - Filles de la Charit\u00e9\" \/>\n<meta property=\"og:description\" content=\"L\u2019Assembl\u00e9e Provinciale des Filles de la Charit\u00e9 de Sardaigne s\u2019est d\u00e9roul\u00e9e \u00e0 Cagliari du 31 juilet au 10 ao\u00fbt \u00e0 la Maison Provinciale Mater Nostra. Elle a \u00e9t\u00e9 pr\u00e9sid\u00e9e et anim\u00e9e par Sr. Catherine Bua, Visitatrice, et P\u00e8re Italo Zedde, Directeur Provincial. Le th\u00e8me et le logo sont \u00e0 la fois tr\u00e8s significatifs et pertinents, [&hellip;]\" \/>\n<meta property=\"og:url\" content=\"https:\/\/filles-de-la-charite.org\/fr\/assemblee-provinciale-des-fdlc-de-sardaigne-31-juillet-10-aout-2020\/\" \/>\n<meta property=\"og:site_name\" content=\"Filles de la Charit\u00e9\" \/>\n<meta property=\"article:published_time\" content=\"2021-01-01T18:16:26+00:00\" \/>\n<meta property=\"article:modified_time\" content=\"2024-03-17T16:49:49+00:00\" \/>\n<meta property=\"og:image\" content=\"https:\/\/filles-de-la-charite.org\/wp-content\/uploads\/2023\/06\/Bez_tytulu_1-1.jpg\" \/>\n\t<meta property=\"og:image:width\" content=\"634\" \/>\n\t<meta property=\"og:image:height\" content=\"331\" \/>\n\t<meta property=\"og:image:type\" content=\"image\/jpeg\" \/>\n<meta name=\"author\" content=\"admin\" \/>\n<meta name=\"twitter:card\" content=\"summary_large_image\" \/>\n<meta name=\"twitter:label1\" content=\"\u00c9crit par\" \/>\n\t<meta name=\"twitter:data1\" content=\"admin\" \/>\n\t<meta name=\"twitter:label2\" content=\"Dur\u00e9e de lecture estim\u00e9e\" \/>\n\t<meta name=\"twitter:data2\" content=\"4 minutes\" \/>\n<script type=\"application\/ld+json\" class=\"yoast-schema-graph\">{\"@context\":\"https:\\\/\\\/schema.org\",\"@graph\":[{\"@type\":\"Article\",\"@id\":\"https:\\\/\\\/filles-de-la-charite.org\\\/fr\\\/assemblee-provinciale-des-fdlc-de-sardaigne-31-juillet-10-aout-2020\\\/#article\",\"isPartOf\":{\"@id\":\"https:\\\/\\\/filles-de-la-charite.org\\\/fr\\\/assemblee-provinciale-des-fdlc-de-sardaigne-31-juillet-10-aout-2020\\\/\"},\"author\":{\"name\":\"admin\",\"@id\":\"https:\\\/\\\/filles-de-la-charite.org\\\/fr\\\/#\\\/schema\\\/person\\\/427567b2eccfc2dd7d206da186a1f438\"},\"headline\":\"Assembl\u00e9e Provinciale des FdlC de Sardaigne: 31 Juillet &#8211; 10 Ao\u00fbt 2020\",\"datePublished\":\"2021-01-01T18:16:26+00:00\",\"dateModified\":\"2024-03-17T16:49:49+00:00\",\"mainEntityOfPage\":{\"@id\":\"https:\\\/\\\/filles-de-la-charite.org\\\/fr\\\/assemblee-provinciale-des-fdlc-de-sardaigne-31-juillet-10-aout-2020\\\/\"},\"wordCount\":714,\"publisher\":{\"@id\":\"https:\\\/\\\/filles-de-la-charite.org\\\/fr\\\/#organization\"},\"image\":{\"@id\":\"https:\\\/\\\/filles-de-la-charite.org\\\/fr\\\/assemblee-provinciale-des-fdlc-de-sardaigne-31-juillet-10-aout-2020\\\/#primaryimage\"},\"thumbnailUrl\":\"https:\\\/\\\/filles-de-la-charite.org\\\/wp-content\\\/uploads\\\/2023\\\/06\\\/Bez_tytulu_1-1.jpg\",\"articleSection\":[\"Sardaigne - Italie\"],\"inLanguage\":\"fr-FR\"},{\"@type\":\"WebPage\",\"@id\":\"https:\\\/\\\/filles-de-la-charite.org\\\/fr\\\/assemblee-provinciale-des-fdlc-de-sardaigne-31-juillet-10-aout-2020\\\/\",\"url\":\"https:\\\/\\\/filles-de-la-charite.org\\\/fr\\\/assemblee-provinciale-des-fdlc-de-sardaigne-31-juillet-10-aout-2020\\\/\",\"name\":\"Assembl\u00e9e Provinciale des FdlC de Sardaigne: 31 Juillet - 10 Ao\u00fbt 2020 - Filles de la Charit\u00e9\",\"isPartOf\":{\"@id\":\"https:\\\/\\\/filles-de-la-charite.org\\\/fr\\\/#website\"},\"primaryImageOfPage\":{\"@id\":\"https:\\\/\\\/filles-de-la-charite.org\\\/fr\\\/assemblee-provinciale-des-fdlc-de-sardaigne-31-juillet-10-aout-2020\\\/#primaryimage\"},\"image\":{\"@id\":\"https:\\\/\\\/filles-de-la-charite.org\\\/fr\\\/assemblee-provinciale-des-fdlc-de-sardaigne-31-juillet-10-aout-2020\\\/#primaryimage\"},\"thumbnailUrl\":\"https:\\\/\\\/filles-de-la-charite.org\\\/wp-content\\\/uploads\\\/2023\\\/06\\\/Bez_tytulu_1-1.jpg\",\"datePublished\":\"2021-01-01T18:16:26+00:00\",\"dateModified\":\"2024-03-17T16:49:49+00:00\",\"breadcrumb\":{\"@id\":\"https:\\\/\\\/filles-de-la-charite.org\\\/fr\\\/assemblee-provinciale-des-fdlc-de-sardaigne-31-juillet-10-aout-2020\\\/#breadcrumb\"},\"inLanguage\":\"fr-FR\",\"potentialAction\":[{\"@type\":\"ReadAction\",\"target\":[\"https:\\\/\\\/filles-de-la-charite.org\\\/fr\\\/assemblee-provinciale-des-fdlc-de-sardaigne-31-juillet-10-aout-2020\\\/\"]}]},{\"@type\":\"ImageObject\",\"inLanguage\":\"fr-FR\",\"@id\":\"https:\\\/\\\/filles-de-la-charite.org\\\/fr\\\/assemblee-provinciale-des-fdlc-de-sardaigne-31-juillet-10-aout-2020\\\/#primaryimage\",\"url\":\"https:\\\/\\\/filles-de-la-charite.org\\\/wp-content\\\/uploads\\\/2023\\\/06\\\/Bez_tytulu_1-1.jpg\",\"contentUrl\":\"https:\\\/\\\/filles-de-la-charite.org\\\/wp-content\\\/uploads\\\/2023\\\/06\\\/Bez_tytulu_1-1.jpg\",\"width\":634,\"height\":331},{\"@type\":\"BreadcrumbList\",\"@id\":\"https:\\\/\\\/filles-de-la-charite.org\\\/fr\\\/assemblee-provinciale-des-fdlc-de-sardaigne-31-juillet-10-aout-2020\\\/#breadcrumb\",\"itemListElement\":[{\"@type\":\"ListItem\",\"position\":1,\"name\":\"San Vincenzo &#8211; Italia\",\"item\":\"https:\\\/\\\/filles-de-la-charite.org\\\/fr\\\/category\\\/san-vincenzo-italia-fr\\\/\"},{\"@type\":\"ListItem\",\"position\":2,\"name\":\"Assembl\u00e9e Provinciale des FdlC de Sardaigne: 31 Juillet &#8211; 10 Ao\u00fbt 2020\"}]},{\"@type\":\"WebSite\",\"@id\":\"https:\\\/\\\/filles-de-la-charite.org\\\/fr\\\/#website\",\"url\":\"https:\\\/\\\/filles-de-la-charite.org\\\/fr\\\/\",\"name\":\"Hijas de la Caridad\",\"description\":\"L\u2019amour de J\u00e9sus nous presse \u00e0 prendre soin des personnes les plus d\u00e9munies\",\"publisher\":{\"@id\":\"https:\\\/\\\/filles-de-la-charite.org\\\/fr\\\/#organization\"},\"potentialAction\":[{\"@type\":\"SearchAction\",\"target\":{\"@type\":\"EntryPoint\",\"urlTemplate\":\"https:\\\/\\\/filles-de-la-charite.org\\\/fr\\\/?s={search_term_string}\"},\"query-input\":{\"@type\":\"PropertyValueSpecification\",\"valueRequired\":true,\"valueName\":\"search_term_string\"}}],\"inLanguage\":\"fr-FR\"},{\"@type\":\"Organization\",\"@id\":\"https:\\\/\\\/filles-de-la-charite.org\\\/fr\\\/#organization\",\"name\":\"Hijas de la Caridad\",\"url\":\"https:\\\/\\\/filles-de-la-charite.org\\\/fr\\\/\",\"logo\":{\"@type\":\"ImageObject\",\"inLanguage\":\"fr-FR\",\"@id\":\"https:\\\/\\\/filles-de-la-charite.org\\\/fr\\\/#\\\/schema\\\/logo\\\/image\\\/\",\"url\":\"https:\\\/\\\/filles-de-la-charite.org\\\/wp-content\\\/uploads\\\/2023\\\/03\\\/isotipo-Hijas-de-la-Caridad.png\",\"contentUrl\":\"https:\\\/\\\/filles-de-la-charite.org\\\/wp-content\\\/uploads\\\/2023\\\/03\\\/isotipo-Hijas-de-la-Caridad.png\",\"width\":1417,\"height\":1417,\"caption\":\"Hijas de la Caridad\"},\"image\":{\"@id\":\"https:\\\/\\\/filles-de-la-charite.org\\\/fr\\\/#\\\/schema\\\/logo\\\/image\\\/\"}},{\"@type\":\"Person\",\"@id\":\"https:\\\/\\\/filles-de-la-charite.org\\\/fr\\\/#\\\/schema\\\/person\\\/427567b2eccfc2dd7d206da186a1f438\",\"name\":\"admin\",\"image\":{\"@type\":\"ImageObject\",\"inLanguage\":\"fr-FR\",\"@id\":\"https:\\\/\\\/secure.gravatar.com\\\/avatar\\\/948b492cce32b586ac2db0eaa926ee87024f7afe218d73b397ea5ddfc5f43ea1?s=96&d=mm&r=g\",\"url\":\"https:\\\/\\\/secure.gravatar.com\\\/avatar\\\/948b492cce32b586ac2db0eaa926ee87024f7afe218d73b397ea5ddfc5f43ea1?s=96&d=mm&r=g\",\"contentUrl\":\"https:\\\/\\\/secure.gravatar.com\\\/avatar\\\/948b492cce32b586ac2db0eaa926ee87024f7afe218d73b397ea5ddfc5f43ea1?s=96&d=mm&r=g\",\"caption\":\"admin\"},\"sameAs\":[\"https:\\\/\\\/filles-de-la-charite.org\"],\"url\":\"https:\\\/\\\/filles-de-la-charite.org\\\/fr\\\/author\\\/caridad\\\/\"}]}<\/script>\n<!-- \/ Yoast SEO plugin. -->","yoast_head_json":{"title":"Assembl\u00e9e Provinciale des FdlC de Sardaigne: 31 Juillet - 10 Ao\u00fbt 2020 - Filles de la Charit\u00e9","robots":{"index":"index","follow":"follow","max-snippet":"max-snippet:-1","max-image-preview":"max-image-preview:large","max-video-preview":"max-video-preview:-1"},"canonical":"https:\/\/filles-de-la-charite.org\/fr\/assemblee-provinciale-des-fdlc-de-sardaigne-31-juillet-10-aout-2020\/","og_locale":"fr_FR","og_type":"article","og_title":"Assembl\u00e9e Provinciale des FdlC de Sardaigne: 31 Juillet - 10 Ao\u00fbt 2020 - Filles de la Charit\u00e9","og_description":"L\u2019Assembl\u00e9e Provinciale des Filles de la Charit\u00e9 de Sardaigne s\u2019est d\u00e9roul\u00e9e \u00e0 Cagliari du 31 juilet au 10 ao\u00fbt \u00e0 la Maison Provinciale Mater Nostra. Elle a \u00e9t\u00e9 pr\u00e9sid\u00e9e et anim\u00e9e par Sr. Catherine Bua, Visitatrice, et P\u00e8re Italo Zedde, Directeur Provincial. Le th\u00e8me et le logo sont \u00e0 la fois tr\u00e8s significatifs et pertinents, [&hellip;]","og_url":"https:\/\/filles-de-la-charite.org\/fr\/assemblee-provinciale-des-fdlc-de-sardaigne-31-juillet-10-aout-2020\/","og_site_name":"Filles de la Charit\u00e9","article_published_time":"2021-01-01T18:16:26+00:00","article_modified_time":"2024-03-17T16:49:49+00:00","og_image":[{"width":634,"height":331,"url":"https:\/\/filles-de-la-charite.org\/wp-content\/uploads\/2023\/06\/Bez_tytulu_1-1.jpg","type":"image\/jpeg"}],"author":"admin","twitter_card":"summary_large_image","twitter_misc":{"\u00c9crit par":"admin","Dur\u00e9e de lecture estim\u00e9e":"4 minutes"},"schema":{"@context":"https:\/\/schema.org","@graph":[{"@type":"Article","@id":"https:\/\/filles-de-la-charite.org\/fr\/assemblee-provinciale-des-fdlc-de-sardaigne-31-juillet-10-aout-2020\/#article","isPartOf":{"@id":"https:\/\/filles-de-la-charite.org\/fr\/assemblee-provinciale-des-fdlc-de-sardaigne-31-juillet-10-aout-2020\/"},"author":{"name":"admin","@id":"https:\/\/filles-de-la-charite.org\/fr\/#\/schema\/person\/427567b2eccfc2dd7d206da186a1f438"},"headline":"Assembl\u00e9e Provinciale des FdlC de Sardaigne: 31 Juillet &#8211; 10 Ao\u00fbt 2020","datePublished":"2021-01-01T18:16:26+00:00","dateModified":"2024-03-17T16:49:49+00:00","mainEntityOfPage":{"@id":"https:\/\/filles-de-la-charite.org\/fr\/assemblee-provinciale-des-fdlc-de-sardaigne-31-juillet-10-aout-2020\/"},"wordCount":714,"publisher":{"@id":"https:\/\/filles-de-la-charite.org\/fr\/#organization"},"image":{"@id":"https:\/\/filles-de-la-charite.org\/fr\/assemblee-provinciale-des-fdlc-de-sardaigne-31-juillet-10-aout-2020\/#primaryimage"},"thumbnailUrl":"https:\/\/filles-de-la-charite.org\/wp-content\/uploads\/2023\/06\/Bez_tytulu_1-1.jpg","articleSection":["Sardaigne - Italie"],"inLanguage":"fr-FR"},{"@type":"WebPage","@id":"https:\/\/filles-de-la-charite.org\/fr\/assemblee-provinciale-des-fdlc-de-sardaigne-31-juillet-10-aout-2020\/","url":"https:\/\/filles-de-la-charite.org\/fr\/assemblee-provinciale-des-fdlc-de-sardaigne-31-juillet-10-aout-2020\/","name":"Assembl\u00e9e Provinciale des FdlC de Sardaigne: 31 Juillet - 10 Ao\u00fbt 2020 - Filles de la Charit\u00e9","isPartOf":{"@id":"https:\/\/filles-de-la-charite.org\/fr\/#website"},"primaryImageOfPage":{"@id":"https:\/\/filles-de-la-charite.org\/fr\/assemblee-provinciale-des-fdlc-de-sardaigne-31-juillet-10-aout-2020\/#primaryimage"},"image":{"@id":"https:\/\/filles-de-la-charite.org\/fr\/assemblee-provinciale-des-fdlc-de-sardaigne-31-juillet-10-aout-2020\/#primaryimage"},"thumbnailUrl":"https:\/\/filles-de-la-charite.org\/wp-content\/uploads\/2023\/06\/Bez_tytulu_1-1.jpg","datePublished":"2021-01-01T18:16:26+00:00","dateModified":"2024-03-17T16:49:49+00:00","breadcrumb":{"@id":"https:\/\/filles-de-la-charite.org\/fr\/assemblee-provinciale-des-fdlc-de-sardaigne-31-juillet-10-aout-2020\/#breadcrumb"},"inLanguage":"fr-FR","potentialAction":[{"@type":"ReadAction","target":["https:\/\/filles-de-la-charite.org\/fr\/assemblee-provinciale-des-fdlc-de-sardaigne-31-juillet-10-aout-2020\/"]}]},{"@type":"ImageObject","inLanguage":"fr-FR","@id":"https:\/\/filles-de-la-charite.org\/fr\/assemblee-provinciale-des-fdlc-de-sardaigne-31-juillet-10-aout-2020\/#primaryimage","url":"https:\/\/filles-de-la-charite.org\/wp-content\/uploads\/2023\/06\/Bez_tytulu_1-1.jpg","contentUrl":"https:\/\/filles-de-la-charite.org\/wp-content\/uploads\/2023\/06\/Bez_tytulu_1-1.jpg","width":634,"height":331},{"@type":"BreadcrumbList","@id":"https:\/\/filles-de-la-charite.org\/fr\/assemblee-provinciale-des-fdlc-de-sardaigne-31-juillet-10-aout-2020\/#breadcrumb","itemListElement":[{"@type":"ListItem","position":1,"name":"San Vincenzo &#8211; Italia","item":"https:\/\/filles-de-la-charite.org\/fr\/category\/san-vincenzo-italia-fr\/"},{"@type":"ListItem","position":2,"name":"Assembl\u00e9e Provinciale des FdlC de Sardaigne: 31 Juillet &#8211; 10 Ao\u00fbt 2020"}]},{"@type":"WebSite","@id":"https:\/\/filles-de-la-charite.org\/fr\/#website","url":"https:\/\/filles-de-la-charite.org\/fr\/","name":"Hijas de la Caridad","description":"L\u2019amour de J\u00e9sus nous presse \u00e0 prendre soin des personnes les plus d\u00e9munies","publisher":{"@id":"https:\/\/filles-de-la-charite.org\/fr\/#organization"},"potentialAction":[{"@type":"SearchAction","target":{"@type":"EntryPoint","urlTemplate":"https:\/\/filles-de-la-charite.org\/fr\/?s={search_term_string}"},"query-input":{"@type":"PropertyValueSpecification","valueRequired":true,"valueName":"search_term_string"}}],"inLanguage":"fr-FR"},{"@type":"Organization","@id":"https:\/\/filles-de-la-charite.org\/fr\/#organization","name":"Hijas de la Caridad","url":"https:\/\/filles-de-la-charite.org\/fr\/","logo":{"@type":"ImageObject","inLanguage":"fr-FR","@id":"https:\/\/filles-de-la-charite.org\/fr\/#\/schema\/logo\/image\/","url":"https:\/\/filles-de-la-charite.org\/wp-content\/uploads\/2023\/03\/isotipo-Hijas-de-la-Caridad.png","contentUrl":"https:\/\/filles-de-la-charite.org\/wp-content\/uploads\/2023\/03\/isotipo-Hijas-de-la-Caridad.png","width":1417,"height":1417,"caption":"Hijas de la Caridad"},"image":{"@id":"https:\/\/filles-de-la-charite.org\/fr\/#\/schema\/logo\/image\/"}},{"@type":"Person","@id":"https:\/\/filles-de-la-charite.org\/fr\/#\/schema\/person\/427567b2eccfc2dd7d206da186a1f438","name":"admin","image":{"@type":"ImageObject","inLanguage":"fr-FR","@id":"https:\/\/secure.gravatar.com\/avatar\/948b492cce32b586ac2db0eaa926ee87024f7afe218d73b397ea5ddfc5f43ea1?s=96&d=mm&r=g","url":"https:\/\/secure.gravatar.com\/avatar\/948b492cce32b586ac2db0eaa926ee87024f7afe218d73b397ea5ddfc5f43ea1?s=96&d=mm&r=g","contentUrl":"https:\/\/secure.gravatar.com\/avatar\/948b492cce32b586ac2db0eaa926ee87024f7afe218d73b397ea5ddfc5f43ea1?s=96&d=mm&r=g","caption":"admin"},"sameAs":["https:\/\/filles-de-la-charite.org"],"url":"https:\/\/filles-de-la-charite.org\/fr\/author\/caridad\/"}]}},"_links":{"self":[{"href":"https:\/\/filles-de-la-charite.org\/fr\/wp-json\/wp\/v2\/posts\/22477","targetHints":{"allow":["GET"]}}],"collection":[{"href":"https:\/\/filles-de-la-charite.org\/fr\/wp-json\/wp\/v2\/posts"}],"about":[{"href":"https:\/\/filles-de-la-charite.org\/fr\/wp-json\/wp\/v2\/types\/post"}],"author":[{"embeddable":true,"href":"https:\/\/filles-de-la-charite.org\/fr\/wp-json\/wp\/v2\/users\/1"}],"replies":[{"embeddable":true,"href":"https:\/\/filles-de-la-charite.org\/fr\/wp-json\/wp\/v2\/comments?post=22477"}],"version-history":[{"count":1,"href":"https:\/\/filles-de-la-charite.org\/fr\/wp-json\/wp\/v2\/posts\/22477\/revisions"}],"predecessor-version":[{"id":22502,"href":"https:\/\/filles-de-la-charite.org\/fr\/wp-json\/wp\/v2\/posts\/22477\/revisions\/22502"}],"wp:featuredmedia":[{"embeddable":true,"href":"https:\/\/filles-de-la-charite.org\/fr\/wp-json\/wp\/v2\/media\/15397"}],"wp:attachment":[{"href":"https:\/\/filles-de-la-charite.org\/fr\/wp-json\/wp\/v2\/media?parent=22477"}],"wp:term":[{"taxonomy":"category","embeddable":true,"href":"https:\/\/filles-de-la-charite.org\/fr\/wp-json\/wp\/v2\/categories?post=22477"},{"taxonomy":"post_tag","embeddable":true,"href":"https:\/\/filles-de-la-charite.org\/fr\/wp-json\/wp\/v2\/tags?post=22477"}],"curies":[{"name":"wp","href":"https:\/\/api.w.org\/{rel}","templated":true}]}}