{"id":22505,"date":"2021-02-01T13:44:32","date_gmt":"2021-02-01T12:44:32","guid":{"rendered":"https:\/\/hijascaridad.sjdigitaldemo.ovh\/repondre-au-probleme-du-sans-abrisme-de-femmes\/"},"modified":"2024-03-17T17:49:00","modified_gmt":"2024-03-17T16:49:00","slug":"repondre-au-probleme-du-sans-abrisme-de-femmes","status":"publish","type":"post","link":"https:\/\/filles-de-la-charite.org\/fr\/repondre-au-probleme-du-sans-abrisme-de-femmes\/","title":{"rendered":"R\u00e9pondre Au Probl\u00e8me du \u00abSans-Abrisme\u00bb De Femmes"},"content":{"rendered":"\n<div class=\"wp-block-image\"><figure class=\"alignleft size-large is-resized\"><img loading=\"lazy\" decoding=\"async\" src=\"https:\/\/filles-de-la-charite.org\/wp-content\/uploads\/2023\/06\/2-logo.jpeg\" alt=\"\" class=\"wp-image-60947\" width=\"184\" height=\"183\" \/><figcaption><em>Logo de l\u2019Association<\/em><\/figcaption><\/figure><\/div>\n\n\n\n<p>Un partenariat entre les \u00c9quipes Saint Vincent (FFESV), la Soci\u00e9t\u00e9 Saint Vincent de Paul (SSVP) et la Congr\u00e9gation de la Mission a abouti \u00e0 la cr\u00e9ation d\u2019un accueil de jour \u00e0 Paris pour une vingtaine de femmes, qui a pu s\u2019ouvrir avec audace le 12 novembre 2020, en plein confinement d\u00fb \u00e0 la Covid-19.<\/p>\n\n\n\n<p>Avec comme leitmotiv \u00aballer aux p\u00e9riph\u00e9ries\u00bb, tous ont travaill\u00e9 d\u2019arrache-pied pendant trois ann\u00e9es pour surmonter les nombreux obstacles, chaque partenaire jouant sa \u00abpartition\u00bb&nbsp;:<\/p>\n\n\n\n<p>&#8211; La Congr\u00e9gation de la Mission pour le local<\/p>\n\n\n\n<p>&#8211; Les \u00c9quipes Saint Vincent et la Soci\u00e9t\u00e9 Saint Vincent de Paul pour rechercher le financement&nbsp;et trouver un architecte d\u2019int\u00e9rieur afin de transformer ces 160 m<sup>2<\/sup> en un lieu pratique et r\u00e9pondant \u00e0 toutes les normes, tr\u00e8s nombreuses en France. (Ainsi il a fallu installer un monte-charge pour le petit d\u00e9nivel\u00e9 entre la cour et le local&nbsp;; permettre l\u2019acc\u00e8s \u00e0 un fauteuil roulant dans la minuscule cuisine de 10 m<sup>2<\/sup> etc.). Pari r\u00e9ussi&nbsp;dont vous pouvez avoir un aper\u00e7u avec les quelques photos illustrant l\u2019article.<\/p>\n\n\n\n<p>Certes, les mesures sanitaires restreignent les jours, les heures d\u2019accueil, le nombre de Personnes accueillies et de repas, mais pas les femmes B\u00e9n\u00e9voles qui, elles, sont toutes au rendez-vous!<\/p>\n\n\n\n<p>Le matin, elles se retrouvent autour de la coordinatrice du jour qui pr\u00e9pare une pri\u00e8re en lien avec le service, suivie d\u2019\u00e9changes. Elles b\u00e9n\u00e9ficient aussi de rencontres avec des professionnels de l\u2019accueil, et de temps spirituels, sans oublier les \u00abrelectures\u00bb r\u00e9guli\u00e8res.<\/p>\n\n\n\n<p>Une Fille de la Charit\u00e9 a propos\u00e9 ses services de p\u00e9dicure\u2026<\/p>\n\n\n\n<p>L\u2019Association a fait le choix d\u2019une organisation souple, consid\u00e9rant que \u00ab&nbsp;l\u2019\u00e9v\u00e8nement, c\u2019est Dieu&nbsp;\u00bb. (Sr Suzanne Guillemin). Tout est \u00e0 venir\u2026<\/p>\n\n\n\n<figure class=\"wp-block-gallery columns-3 is-cropped wp-block-gallery-1 is-layout-flex wp-block-gallery-is-layout-flex\"><ul class=\"blocks-gallery-grid\"><li class=\"blocks-gallery-item\"><figure><img decoding=\"async\" src=\"https:\/\/filles-de-la-charite.org\/wp-content\/uploads\/2023\/06\/3-768x1024-1.jpeg\" alt=\"\" data-id=\"60948\" data-full-url=\"https:\/\/www.filles-de-la-charite.org\/wp-content\/uploads\/news\/February 2021\/3-.jpeg\" data-link=\"https:\/\/www.filles-de-la-charite.org\/?attachment_id=60948\" class=\"wp-image-60948\" \/><figcaption class=\"blocks-gallery-item__caption\">Salle d\u2019accueil et au fond, cuisine<\/figcaption><\/figure><\/li><li class=\"blocks-gallery-item\"><figure><img decoding=\"async\" src=\"https:\/\/filles-de-la-charite.org\/wp-content\/uploads\/2023\/06\/4-1024x768-1.jpeg\" alt=\"\" data-id=\"60949\" data-full-url=\"https:\/\/www.filles-de-la-charite.org\/wp-content\/uploads\/news\/February 2021\/4.jpeg\" data-link=\"https:\/\/www.filles-de-la-charite.org\/?attachment_id=60949\" class=\"wp-image-60949\" \/><figcaption class=\"blocks-gallery-item__caption\">Buanderie<\/figcaption><\/figure><\/li><li class=\"blocks-gallery-item\"><figure><img decoding=\"async\" src=\"https:\/\/filles-de-la-charite.org\/wp-content\/uploads\/2023\/06\/5-768x1024-1.jpeg\" alt=\"\" data-id=\"60945\" data-full-url=\"https:\/\/www.filles-de-la-charite.org\/wp-content\/uploads\/news\/February 2021\/5-.jpeg\" data-link=\"https:\/\/www.filles-de-la-charite.org\/?attachment_id=60945\" class=\"wp-image-60945\" \/><figcaption class=\"blocks-gallery-item__caption\">Salle de bains<\/figcaption><\/figure><\/li><\/ul><\/figure>\n\n\n\n<p>Ainsi, des femmes connaissant la situation du \u00abSans-Abrisme\u00bb trouvent l\u00e0 un accueil chaleureux, inconditionnel et un local bien chauff\u00e9, des douches, des machines \u00e0 laver, des s\u00e9cheuses, un ordinateur, un petit endroit pour dormir ou s\u2019allonger si n\u00e9cessaire, un repas selon les possibilit\u00e9s des r\u00e8gles sanitaires. Des ateliers ont d\u00e9j\u00e0 \u00e9t\u00e9 organis\u00e9s au cours desquels, par exemple, des d\u00e9corations de No\u00ebl ont \u00e9t\u00e9 r\u00e9alis\u00e9es. Toutes ces femmes en gal\u00e8re qui fr\u00e9quentent actuellement le local ont des contacts avec des travailleurs sociaux, sont envoy\u00e9es par d\u2019autres associations, ont appel\u00e9 le SAMU Social, ont pu aussi consulter le \u00abguide de la solidarit\u00e9\u00bb, ou bien encore sont arriv\u00e9es l\u00e0, par le \u00ab&nbsp;bouche-\u00e0-oreille\u00bb.<\/p>\n\n\n\n<p>Nous souhaitons \u00ab&nbsp;bon vent&nbsp;\u00bb \u00e0 cette nouvelle association, marchant au pas de la Providence!<\/p>\n\n\n\n<div class=\"wp-block-image\"><figure class=\"aligncenter size-large\"><img decoding=\"async\" src=\"https:\/\/filles-de-la-charite.org\/wp-content\/uploads\/2023\/06\/1-1024x768-1.jpeg\" alt=\"\" class=\"wp-image-60946\" \/><figcaption><em>Madame de Villeneuve, Responsable de l\u2019ACCUEIL LOUISE ET ROSALIE<\/em><\/figcaption><\/figure><\/div>\n\n\n\n<p>Interview de la Responsable de L\u2019Accueil Louise et Rosalie, Madame de Villeneuve<\/p>\n","protected":false},"excerpt":{"rendered":"<p>Un partenariat entre les \u00c9quipes Saint Vincent (FFESV), la Soci\u00e9t\u00e9 Saint Vincent de Paul (SSVP) et la Congr\u00e9gation de la Mission a abouti \u00e0 la cr\u00e9ation d\u2019un accueil de jour \u00e0 Paris pour une vingtaine de femmes, qui a pu s\u2019ouvrir avec audace le 12 novembre 2020, en plein confinement d\u00fb \u00e0 la Covid-19. Avec [&hellip;]<\/p>\n","protected":false},"author":1,"featured_media":15485,"comment_status":"closed","ping_status":"closed","sticky":false,"template":"","format":"standard","meta":{"_acf_changed":false,"_et_pb_use_builder":"","_et_pb_old_content":"","_et_gb_content_width":"","footnotes":"","_links_to":"","_links_to_target":""},"categories":[563],"tags":[],"class_list":["post-22505","post","type-post","status-publish","format-standard","has-post-thumbnail","hentry","category-belgique-france-suisse-fr"],"acf":[],"yoast_head":"<!-- This site is optimized with the Yoast SEO plugin v27.5 - https:\/\/yoast.com\/product\/yoast-seo-wordpress\/ -->\n<title>R\u00e9pondre Au Probl\u00e8me du \u00abSans-Abrisme\u00bb De Femmes - Filles de la Charit\u00e9<\/title>\n<meta name=\"robots\" content=\"index, follow, max-snippet:-1, max-image-preview:large, max-video-preview:-1\" \/>\n<link rel=\"canonical\" href=\"https:\/\/filles-de-la-charite.org\/fr\/repondre-au-probleme-du-sans-abrisme-de-femmes\/\" \/>\n<meta property=\"og:locale\" content=\"fr_FR\" \/>\n<meta property=\"og:type\" content=\"article\" \/>\n<meta property=\"og:title\" content=\"R\u00e9pondre Au Probl\u00e8me du \u00abSans-Abrisme\u00bb De Femmes - Filles de la Charit\u00e9\" \/>\n<meta property=\"og:description\" content=\"Un partenariat entre les \u00c9quipes Saint Vincent (FFESV), la Soci\u00e9t\u00e9 Saint Vincent de Paul (SSVP) et la Congr\u00e9gation de la Mission a abouti \u00e0 la cr\u00e9ation d\u2019un accueil de jour \u00e0 Paris pour une vingtaine de femmes, qui a pu s\u2019ouvrir avec audace le 12 novembre 2020, en plein confinement d\u00fb \u00e0 la Covid-19. Avec [&hellip;]\" \/>\n<meta property=\"og:url\" content=\"https:\/\/filles-de-la-charite.org\/fr\/repondre-au-probleme-du-sans-abrisme-de-femmes\/\" \/>\n<meta property=\"og:site_name\" content=\"Filles de la Charit\u00e9\" \/>\n<meta property=\"article:published_time\" content=\"2021-02-01T12:44:32+00:00\" \/>\n<meta property=\"article:modified_time\" content=\"2024-03-17T16:49:00+00:00\" \/>\n<meta property=\"og:image\" content=\"https:\/\/filles-de-la-charite.org\/wp-content\/uploads\/2023\/06\/1.jpeg\" \/>\n\t<meta property=\"og:image:width\" content=\"1280\" \/>\n\t<meta property=\"og:image:height\" content=\"960\" \/>\n\t<meta property=\"og:image:type\" content=\"image\/jpeg\" \/>\n<meta name=\"author\" content=\"admin\" \/>\n<meta name=\"twitter:card\" content=\"summary_large_image\" \/>\n<meta name=\"twitter:label1\" content=\"\u00c9crit par\" \/>\n\t<meta name=\"twitter:data1\" content=\"admin\" \/>\n\t<meta name=\"twitter:label2\" content=\"Dur\u00e9e de lecture estim\u00e9e\" \/>\n\t<meta name=\"twitter:data2\" content=\"3 minutes\" \/>\n<script type=\"application\/ld+json\" class=\"yoast-schema-graph\">{\"@context\":\"https:\\\/\\\/schema.org\",\"@graph\":[{\"@type\":\"Article\",\"@id\":\"https:\\\/\\\/filles-de-la-charite.org\\\/fr\\\/repondre-au-probleme-du-sans-abrisme-de-femmes\\\/#article\",\"isPartOf\":{\"@id\":\"https:\\\/\\\/filles-de-la-charite.org\\\/fr\\\/repondre-au-probleme-du-sans-abrisme-de-femmes\\\/\"},\"author\":{\"name\":\"admin\",\"@id\":\"https:\\\/\\\/filles-de-la-charite.org\\\/fr\\\/#\\\/schema\\\/person\\\/427567b2eccfc2dd7d206da186a1f438\"},\"headline\":\"R\u00e9pondre Au Probl\u00e8me du \u00abSans-Abrisme\u00bb De Femmes\",\"datePublished\":\"2021-02-01T12:44:32+00:00\",\"dateModified\":\"2024-03-17T16:49:00+00:00\",\"mainEntityOfPage\":{\"@id\":\"https:\\\/\\\/filles-de-la-charite.org\\\/fr\\\/repondre-au-probleme-du-sans-abrisme-de-femmes\\\/\"},\"wordCount\":496,\"publisher\":{\"@id\":\"https:\\\/\\\/filles-de-la-charite.org\\\/fr\\\/#organization\"},\"image\":{\"@id\":\"https:\\\/\\\/filles-de-la-charite.org\\\/fr\\\/repondre-au-probleme-du-sans-abrisme-de-femmes\\\/#primaryimage\"},\"thumbnailUrl\":\"https:\\\/\\\/filles-de-la-charite.org\\\/wp-content\\\/uploads\\\/2023\\\/06\\\/1.jpeg\",\"articleSection\":[\"Belgique-France-Suisse\"],\"inLanguage\":\"fr-FR\"},{\"@type\":\"WebPage\",\"@id\":\"https:\\\/\\\/filles-de-la-charite.org\\\/fr\\\/repondre-au-probleme-du-sans-abrisme-de-femmes\\\/\",\"url\":\"https:\\\/\\\/filles-de-la-charite.org\\\/fr\\\/repondre-au-probleme-du-sans-abrisme-de-femmes\\\/\",\"name\":\"R\u00e9pondre Au Probl\u00e8me du \u00abSans-Abrisme\u00bb De Femmes - Filles de la Charit\u00e9\",\"isPartOf\":{\"@id\":\"https:\\\/\\\/filles-de-la-charite.org\\\/fr\\\/#website\"},\"primaryImageOfPage\":{\"@id\":\"https:\\\/\\\/filles-de-la-charite.org\\\/fr\\\/repondre-au-probleme-du-sans-abrisme-de-femmes\\\/#primaryimage\"},\"image\":{\"@id\":\"https:\\\/\\\/filles-de-la-charite.org\\\/fr\\\/repondre-au-probleme-du-sans-abrisme-de-femmes\\\/#primaryimage\"},\"thumbnailUrl\":\"https:\\\/\\\/filles-de-la-charite.org\\\/wp-content\\\/uploads\\\/2023\\\/06\\\/1.jpeg\",\"datePublished\":\"2021-02-01T12:44:32+00:00\",\"dateModified\":\"2024-03-17T16:49:00+00:00\",\"breadcrumb\":{\"@id\":\"https:\\\/\\\/filles-de-la-charite.org\\\/fr\\\/repondre-au-probleme-du-sans-abrisme-de-femmes\\\/#breadcrumb\"},\"inLanguage\":\"fr-FR\",\"potentialAction\":[{\"@type\":\"ReadAction\",\"target\":[\"https:\\\/\\\/filles-de-la-charite.org\\\/fr\\\/repondre-au-probleme-du-sans-abrisme-de-femmes\\\/\"]}]},{\"@type\":\"ImageObject\",\"inLanguage\":\"fr-FR\",\"@id\":\"https:\\\/\\\/filles-de-la-charite.org\\\/fr\\\/repondre-au-probleme-du-sans-abrisme-de-femmes\\\/#primaryimage\",\"url\":\"https:\\\/\\\/filles-de-la-charite.org\\\/wp-content\\\/uploads\\\/2023\\\/06\\\/1.jpeg\",\"contentUrl\":\"https:\\\/\\\/filles-de-la-charite.org\\\/wp-content\\\/uploads\\\/2023\\\/06\\\/1.jpeg\",\"width\":1280,\"height\":960},{\"@type\":\"BreadcrumbList\",\"@id\":\"https:\\\/\\\/filles-de-la-charite.org\\\/fr\\\/repondre-au-probleme-du-sans-abrisme-de-femmes\\\/#breadcrumb\",\"itemListElement\":[{\"@type\":\"ListItem\",\"position\":1,\"name\":\"Belgique-France-Suisse\",\"item\":\"https:\\\/\\\/filles-de-la-charite.org\\\/fr\\\/category\\\/belgique-france-suisse-fr\\\/\"},{\"@type\":\"ListItem\",\"position\":2,\"name\":\"R\u00e9pondre Au Probl\u00e8me du \u00abSans-Abrisme\u00bb De Femmes\"}]},{\"@type\":\"WebSite\",\"@id\":\"https:\\\/\\\/filles-de-la-charite.org\\\/fr\\\/#website\",\"url\":\"https:\\\/\\\/filles-de-la-charite.org\\\/fr\\\/\",\"name\":\"Hijas de la Caridad\",\"description\":\"L\u2019amour de J\u00e9sus nous presse \u00e0 prendre soin des personnes les plus d\u00e9munies\",\"publisher\":{\"@id\":\"https:\\\/\\\/filles-de-la-charite.org\\\/fr\\\/#organization\"},\"potentialAction\":[{\"@type\":\"SearchAction\",\"target\":{\"@type\":\"EntryPoint\",\"urlTemplate\":\"https:\\\/\\\/filles-de-la-charite.org\\\/fr\\\/?s={search_term_string}\"},\"query-input\":{\"@type\":\"PropertyValueSpecification\",\"valueRequired\":true,\"valueName\":\"search_term_string\"}}],\"inLanguage\":\"fr-FR\"},{\"@type\":\"Organization\",\"@id\":\"https:\\\/\\\/filles-de-la-charite.org\\\/fr\\\/#organization\",\"name\":\"Hijas de la Caridad\",\"url\":\"https:\\\/\\\/filles-de-la-charite.org\\\/fr\\\/\",\"logo\":{\"@type\":\"ImageObject\",\"inLanguage\":\"fr-FR\",\"@id\":\"https:\\\/\\\/filles-de-la-charite.org\\\/fr\\\/#\\\/schema\\\/logo\\\/image\\\/\",\"url\":\"https:\\\/\\\/filles-de-la-charite.org\\\/wp-content\\\/uploads\\\/2023\\\/03\\\/isotipo-Hijas-de-la-Caridad.png\",\"contentUrl\":\"https:\\\/\\\/filles-de-la-charite.org\\\/wp-content\\\/uploads\\\/2023\\\/03\\\/isotipo-Hijas-de-la-Caridad.png\",\"width\":1417,\"height\":1417,\"caption\":\"Hijas de la Caridad\"},\"image\":{\"@id\":\"https:\\\/\\\/filles-de-la-charite.org\\\/fr\\\/#\\\/schema\\\/logo\\\/image\\\/\"}},{\"@type\":\"Person\",\"@id\":\"https:\\\/\\\/filles-de-la-charite.org\\\/fr\\\/#\\\/schema\\\/person\\\/427567b2eccfc2dd7d206da186a1f438\",\"name\":\"admin\",\"image\":{\"@type\":\"ImageObject\",\"inLanguage\":\"fr-FR\",\"@id\":\"https:\\\/\\\/secure.gravatar.com\\\/avatar\\\/948b492cce32b586ac2db0eaa926ee87024f7afe218d73b397ea5ddfc5f43ea1?s=96&d=mm&r=g\",\"url\":\"https:\\\/\\\/secure.gravatar.com\\\/avatar\\\/948b492cce32b586ac2db0eaa926ee87024f7afe218d73b397ea5ddfc5f43ea1?s=96&d=mm&r=g\",\"contentUrl\":\"https:\\\/\\\/secure.gravatar.com\\\/avatar\\\/948b492cce32b586ac2db0eaa926ee87024f7afe218d73b397ea5ddfc5f43ea1?s=96&d=mm&r=g\",\"caption\":\"admin\"},\"sameAs\":[\"https:\\\/\\\/filles-de-la-charite.org\"],\"url\":\"https:\\\/\\\/filles-de-la-charite.org\\\/fr\\\/author\\\/caridad\\\/\"}]}<\/script>\n<!-- \/ Yoast SEO plugin. -->","yoast_head_json":{"title":"R\u00e9pondre Au Probl\u00e8me du \u00abSans-Abrisme\u00bb De Femmes - Filles de la Charit\u00e9","robots":{"index":"index","follow":"follow","max-snippet":"max-snippet:-1","max-image-preview":"max-image-preview:large","max-video-preview":"max-video-preview:-1"},"canonical":"https:\/\/filles-de-la-charite.org\/fr\/repondre-au-probleme-du-sans-abrisme-de-femmes\/","og_locale":"fr_FR","og_type":"article","og_title":"R\u00e9pondre Au Probl\u00e8me du \u00abSans-Abrisme\u00bb De Femmes - Filles de la Charit\u00e9","og_description":"Un partenariat entre les \u00c9quipes Saint Vincent (FFESV), la Soci\u00e9t\u00e9 Saint Vincent de Paul (SSVP) et la Congr\u00e9gation de la Mission a abouti \u00e0 la cr\u00e9ation d\u2019un accueil de jour \u00e0 Paris pour une vingtaine de femmes, qui a pu s\u2019ouvrir avec audace le 12 novembre 2020, en plein confinement d\u00fb \u00e0 la Covid-19. Avec [&hellip;]","og_url":"https:\/\/filles-de-la-charite.org\/fr\/repondre-au-probleme-du-sans-abrisme-de-femmes\/","og_site_name":"Filles de la Charit\u00e9","article_published_time":"2021-02-01T12:44:32+00:00","article_modified_time":"2024-03-17T16:49:00+00:00","og_image":[{"width":1280,"height":960,"url":"https:\/\/filles-de-la-charite.org\/wp-content\/uploads\/2023\/06\/1.jpeg","type":"image\/jpeg"}],"author":"admin","twitter_card":"summary_large_image","twitter_misc":{"\u00c9crit par":"admin","Dur\u00e9e de lecture estim\u00e9e":"3 minutes"},"schema":{"@context":"https:\/\/schema.org","@graph":[{"@type":"Article","@id":"https:\/\/filles-de-la-charite.org\/fr\/repondre-au-probleme-du-sans-abrisme-de-femmes\/#article","isPartOf":{"@id":"https:\/\/filles-de-la-charite.org\/fr\/repondre-au-probleme-du-sans-abrisme-de-femmes\/"},"author":{"name":"admin","@id":"https:\/\/filles-de-la-charite.org\/fr\/#\/schema\/person\/427567b2eccfc2dd7d206da186a1f438"},"headline":"R\u00e9pondre Au Probl\u00e8me du \u00abSans-Abrisme\u00bb De Femmes","datePublished":"2021-02-01T12:44:32+00:00","dateModified":"2024-03-17T16:49:00+00:00","mainEntityOfPage":{"@id":"https:\/\/filles-de-la-charite.org\/fr\/repondre-au-probleme-du-sans-abrisme-de-femmes\/"},"wordCount":496,"publisher":{"@id":"https:\/\/filles-de-la-charite.org\/fr\/#organization"},"image":{"@id":"https:\/\/filles-de-la-charite.org\/fr\/repondre-au-probleme-du-sans-abrisme-de-femmes\/#primaryimage"},"thumbnailUrl":"https:\/\/filles-de-la-charite.org\/wp-content\/uploads\/2023\/06\/1.jpeg","articleSection":["Belgique-France-Suisse"],"inLanguage":"fr-FR"},{"@type":"WebPage","@id":"https:\/\/filles-de-la-charite.org\/fr\/repondre-au-probleme-du-sans-abrisme-de-femmes\/","url":"https:\/\/filles-de-la-charite.org\/fr\/repondre-au-probleme-du-sans-abrisme-de-femmes\/","name":"R\u00e9pondre Au Probl\u00e8me du \u00abSans-Abrisme\u00bb De Femmes - Filles de la Charit\u00e9","isPartOf":{"@id":"https:\/\/filles-de-la-charite.org\/fr\/#website"},"primaryImageOfPage":{"@id":"https:\/\/filles-de-la-charite.org\/fr\/repondre-au-probleme-du-sans-abrisme-de-femmes\/#primaryimage"},"image":{"@id":"https:\/\/filles-de-la-charite.org\/fr\/repondre-au-probleme-du-sans-abrisme-de-femmes\/#primaryimage"},"thumbnailUrl":"https:\/\/filles-de-la-charite.org\/wp-content\/uploads\/2023\/06\/1.jpeg","datePublished":"2021-02-01T12:44:32+00:00","dateModified":"2024-03-17T16:49:00+00:00","breadcrumb":{"@id":"https:\/\/filles-de-la-charite.org\/fr\/repondre-au-probleme-du-sans-abrisme-de-femmes\/#breadcrumb"},"inLanguage":"fr-FR","potentialAction":[{"@type":"ReadAction","target":["https:\/\/filles-de-la-charite.org\/fr\/repondre-au-probleme-du-sans-abrisme-de-femmes\/"]}]},{"@type":"ImageObject","inLanguage":"fr-FR","@id":"https:\/\/filles-de-la-charite.org\/fr\/repondre-au-probleme-du-sans-abrisme-de-femmes\/#primaryimage","url":"https:\/\/filles-de-la-charite.org\/wp-content\/uploads\/2023\/06\/1.jpeg","contentUrl":"https:\/\/filles-de-la-charite.org\/wp-content\/uploads\/2023\/06\/1.jpeg","width":1280,"height":960},{"@type":"BreadcrumbList","@id":"https:\/\/filles-de-la-charite.org\/fr\/repondre-au-probleme-du-sans-abrisme-de-femmes\/#breadcrumb","itemListElement":[{"@type":"ListItem","position":1,"name":"Belgique-France-Suisse","item":"https:\/\/filles-de-la-charite.org\/fr\/category\/belgique-france-suisse-fr\/"},{"@type":"ListItem","position":2,"name":"R\u00e9pondre Au Probl\u00e8me du \u00abSans-Abrisme\u00bb De Femmes"}]},{"@type":"WebSite","@id":"https:\/\/filles-de-la-charite.org\/fr\/#website","url":"https:\/\/filles-de-la-charite.org\/fr\/","name":"Hijas de la Caridad","description":"L\u2019amour de J\u00e9sus nous presse \u00e0 prendre soin des personnes les plus d\u00e9munies","publisher":{"@id":"https:\/\/filles-de-la-charite.org\/fr\/#organization"},"potentialAction":[{"@type":"SearchAction","target":{"@type":"EntryPoint","urlTemplate":"https:\/\/filles-de-la-charite.org\/fr\/?s={search_term_string}"},"query-input":{"@type":"PropertyValueSpecification","valueRequired":true,"valueName":"search_term_string"}}],"inLanguage":"fr-FR"},{"@type":"Organization","@id":"https:\/\/filles-de-la-charite.org\/fr\/#organization","name":"Hijas de la Caridad","url":"https:\/\/filles-de-la-charite.org\/fr\/","logo":{"@type":"ImageObject","inLanguage":"fr-FR","@id":"https:\/\/filles-de-la-charite.org\/fr\/#\/schema\/logo\/image\/","url":"https:\/\/filles-de-la-charite.org\/wp-content\/uploads\/2023\/03\/isotipo-Hijas-de-la-Caridad.png","contentUrl":"https:\/\/filles-de-la-charite.org\/wp-content\/uploads\/2023\/03\/isotipo-Hijas-de-la-Caridad.png","width":1417,"height":1417,"caption":"Hijas de la Caridad"},"image":{"@id":"https:\/\/filles-de-la-charite.org\/fr\/#\/schema\/logo\/image\/"}},{"@type":"Person","@id":"https:\/\/filles-de-la-charite.org\/fr\/#\/schema\/person\/427567b2eccfc2dd7d206da186a1f438","name":"admin","image":{"@type":"ImageObject","inLanguage":"fr-FR","@id":"https:\/\/secure.gravatar.com\/avatar\/948b492cce32b586ac2db0eaa926ee87024f7afe218d73b397ea5ddfc5f43ea1?s=96&d=mm&r=g","url":"https:\/\/secure.gravatar.com\/avatar\/948b492cce32b586ac2db0eaa926ee87024f7afe218d73b397ea5ddfc5f43ea1?s=96&d=mm&r=g","contentUrl":"https:\/\/secure.gravatar.com\/avatar\/948b492cce32b586ac2db0eaa926ee87024f7afe218d73b397ea5ddfc5f43ea1?s=96&d=mm&r=g","caption":"admin"},"sameAs":["https:\/\/filles-de-la-charite.org"],"url":"https:\/\/filles-de-la-charite.org\/fr\/author\/caridad\/"}]}},"_links":{"self":[{"href":"https:\/\/filles-de-la-charite.org\/fr\/wp-json\/wp\/v2\/posts\/22505","targetHints":{"allow":["GET"]}}],"collection":[{"href":"https:\/\/filles-de-la-charite.org\/fr\/wp-json\/wp\/v2\/posts"}],"about":[{"href":"https:\/\/filles-de-la-charite.org\/fr\/wp-json\/wp\/v2\/types\/post"}],"author":[{"embeddable":true,"href":"https:\/\/filles-de-la-charite.org\/fr\/wp-json\/wp\/v2\/users\/1"}],"replies":[{"embeddable":true,"href":"https:\/\/filles-de-la-charite.org\/fr\/wp-json\/wp\/v2\/comments?post=22505"}],"version-history":[{"count":1,"href":"https:\/\/filles-de-la-charite.org\/fr\/wp-json\/wp\/v2\/posts\/22505\/revisions"}],"predecessor-version":[{"id":22506,"href":"https:\/\/filles-de-la-charite.org\/fr\/wp-json\/wp\/v2\/posts\/22505\/revisions\/22506"}],"wp:featuredmedia":[{"embeddable":true,"href":"https:\/\/filles-de-la-charite.org\/fr\/wp-json\/wp\/v2\/media\/15485"}],"wp:attachment":[{"href":"https:\/\/filles-de-la-charite.org\/fr\/wp-json\/wp\/v2\/media?parent=22505"}],"wp:term":[{"taxonomy":"category","embeddable":true,"href":"https:\/\/filles-de-la-charite.org\/fr\/wp-json\/wp\/v2\/categories?post=22505"},{"taxonomy":"post_tag","embeddable":true,"href":"https:\/\/filles-de-la-charite.org\/fr\/wp-json\/wp\/v2\/tags?post=22505"}],"curies":[{"name":"wp","href":"https:\/\/api.w.org\/{rel}","templated":true}]}}