{"id":22507,"date":"2021-02-28T23:00:00","date_gmt":"2021-02-28T22:00:00","guid":{"rendered":"https:\/\/hijascaridad.sjdigitaldemo.ovh\/la-province-qui-ne-dort-jamais\/"},"modified":"2024-03-17T17:48:50","modified_gmt":"2024-03-17T16:48:50","slug":"la-province-qui-ne-dort-jamais","status":"publish","type":"post","link":"https:\/\/filles-de-la-charite.org\/fr\/la-province-qui-ne-dort-jamais\/","title":{"rendered":"La Province Qui Ne Dort Jamais"},"content":{"rendered":"\n<p>Suite \u00e0 une longue p\u00e9riode de discussions et de discernement entre les Provinces d\u2019Australie et de Grande-Bretagne, et apr\u00e8s que la d\u00e9cision d\u2019int\u00e9grer ces deux Provinces ait \u00e9t\u00e9 prise, les S\u0153urs ont \u00e9t\u00e9 consult\u00e9es pour le choix du nom de la nouvelle Province. Sr Marie Raw, Conseill\u00e8re G\u00e9n\u00e9rale \u00e9tait avec nous \u00e0 Londres le 11 mars 2020 et a fait remarquer&nbsp;: \u00ab qu\u2019une des choses les plus exaltantes de cette int\u00e9gration \u00e9tait l\u2019adoption d\u2019un nouveau nom. Le choix d\u2019un patron signifie et annonce une identit\u00e9 et un dynamisme enti\u00e8rement nouveaux.&nbsp;\u00bb Qui a \u00e9t\u00e9 choisi&nbsp;? Notre S\u0153ur Rosalie Rendu, une Fille de la Charit\u00e9 enflamm\u00e9e d\u2019amour pour les Pauvres.<\/p>\n\n\n\n<div class=\"wp-block-image\"><figure class=\"aligncenter size-large\"><img decoding=\"async\" src=\"https:\/\/filles-de-la-charite.org\/wp-content\/uploads\/2023\/06\/Figure-4.-The-Integration-Cake-Kopia.jpg\" alt=\"\" class=\"wp-image-61343\" \/><figcaption>Le g\u00e2teau du jour de l\u2019Int\u00e9gration<\/figcaption><\/figure><\/div>\n\n\n\n<p>Au pr\u00e9alable, Sr Marie Raw, Sr Ellen Flynn, Visitatrice, P\u00e8re Paul Roche CM, Directeur, ainsi que quatre S\u0153urs de Grande-Bretagne se sont mis en route pour l\u2019Australie en f\u00e9vrier 2020, \u00e0 Sydney, l\u00e0 o\u00f9 le processus d\u2019int\u00e9gration avait d\u00e9but\u00e9. Pendant deux jours, les S\u0153urs r\u00e9unies ont pu c\u00e9l\u00e9brer le pass\u00e9, envisager l\u2019avenir, et planter un Eucalyptus \u00e0 Marsfield.&nbsp; Aussit\u00f4t apr\u00e8s, le groupe est reparti \u00e0 Londres, cinq S\u0153urs Australiennes, accompagn\u00e9es du P\u00e8re Phil Robson CM, et tous sont arriv\u00e9s \u00e0 la Maison Provinciale de Mill Hill. Deux jours de c\u00e9l\u00e9brations ont culmin\u00e9 par l\u2019int\u00e9gration officielle diffus\u00e9e en direct \u00e0 toute la Province depuis la Paroisse Vincentienne de Mill Hill. Apr\u00e8s un repas festif, tous sont all\u00e9s dans le jardin de la Maison Provinciale o\u00f9 un second Eucalyptus a \u00e9t\u00e9 plant\u00e9.<\/p>\n\n\n\n<figure class=\"wp-block-gallery aligncenter columns-3 is-cropped wp-block-gallery-1 is-layout-flex wp-block-gallery-is-layout-flex\"><ul class=\"blocks-gallery-grid\"><li class=\"blocks-gallery-item\"><figure><img decoding=\"async\" src=\"https:\/\/filles-de-la-charite.org\/wp-content\/uploads\/2023\/06\/Figure-1.-The-first-Eucalyptus-tree-planted-in-the-grounds-at-Marsfield-Copy.png\" alt=\"\" data-id=\"61341\" data-full-url=\"https:\/\/filles-de-la-charite.org\/wp-content\/uploads\/2023\/06\/Figure-1.-The-first-Eucalyptus-tree-planted-in-the-grounds-at-Marsfield-Copy.png\" data-link=\"https:\/\/www.filles-de-la-charite.org\/?attachment_id=61341\" class=\"wp-image-61341\" \/><figcaption class=\"blocks-gallery-item__caption\"><br><br><br><br>Le 1er Eucalyptus, un an apr\u00e8s qu\u2019il ait \u00e9t\u00e9 plant\u00e9 \u00e0 Marsfield<\/figcaption><\/figure><\/li><li class=\"blocks-gallery-item\"><figure><img decoding=\"async\" src=\"https:\/\/filles-de-la-charite.org\/wp-content\/uploads\/2023\/06\/Figure-2.-Planting-of-a-Eucalyptus-tree-at-Mill-Hill.-Copy.png\" alt=\"\" data-id=\"61342\" data-full-url=\"https:\/\/filles-de-la-charite.org\/wp-content\/uploads\/2023\/06\/Figure-2.-Planting-of-a-Eucalyptus-tree-at-Mill-Hill.-Copy.png\" data-link=\"https:\/\/www.filles-de-la-charite.org\/?attachment_id=61342\" class=\"wp-image-61342\" \/><figcaption class=\"blocks-gallery-item__caption\"><br>Un Eucalyptus est plant\u00e9 \u00e0 Mill Hill<\/figcaption><\/figure><\/li><li class=\"blocks-gallery-item\"><figure><img decoding=\"async\" src=\"https:\/\/filles-de-la-charite.org\/wp-content\/uploads\/2023\/06\/Figure-3.-The-second-Eucalyptus-tree-at-Mill-Hill-2021-768x1024-1.jpg\" alt=\"\" data-id=\"61340\" data-full-url=\"https:\/\/www.filles-de-la-charite.org\/wp-content\/uploads\/news\/March 2021\/Figure-3.-The-second-Eucalyptus-tree-at-Mill-Hill-2021-scaled.jpg\" data-link=\"https:\/\/www.filles-de-la-charite.org\/?attachment_id=61340\" class=\"wp-image-61340\" \/><figcaption class=\"blocks-gallery-item__caption\">Le 2d Eucalyptus de Mill Hill, un an apr\u00e8s (2021)<\/figcaption><\/figure><\/li><\/ul><\/figure>\n\n\n\n<p>Nous nous r\u00e9jouissions tous de l\u2019Assembl\u00e9e Provinciale qui devait avoir lieu quelques mois plus tard et qui nous aurait donn\u00e9 l\u2019occasion de nous conna\u00eetre. Cependant, nous savons tous ce qui est arriv\u00e9&nbsp;! La Covid-19 n\u2019a pas de fronti\u00e8re et nous a tous affect\u00e9s, nous gardant physiquement loin des deux r\u00e9gions de la Province.<\/p>\n\n\n\n<p>Gr\u00e2ce aux grands efforts et \u00e0 l\u2019ing\u00e9niosit\u00e9 de Sr Ellen, du Conseil, et de trois Facilitatrices, notre Assembl\u00e9e Provinciale s\u2019est rapidement r\u00e9organis\u00e9e pour permettre notre participation sur \u00ab&nbsp;ZOOM&nbsp;\u00bb. Nous nous sommes entra\u00een\u00e9s auparavant, d\u00e9sesp\u00e9rant parfois de nos erreurs continuelles mais quand nous nous sommes assis face \u00e0 nos installations individuelles, nous n\u2019avons pas rencontr\u00e9 de probl\u00e8mes majeurs&nbsp;! Nous sommes tr\u00e8s \u00e9tonn\u00e9s de notre synergie et de notre connectivit\u00e9. Vivant dans deux h\u00e9misph\u00e8res avec un d\u00e9calage horaire variant selon les saisons entre 9h et 11h, c\u2019\u00e9tait un d\u00e9fi!<\/p>\n\n\n\n<div class=\"wp-block-image\"><figure class=\"aligncenter size-large\"><img decoding=\"async\" src=\"https:\/\/filles-de-la-charite.org\/wp-content\/uploads\/2023\/06\/Figure-5.-Display-Provincial-Assembly-Kopia.jpg\" alt=\"\" class=\"wp-image-61344\" \/><figcaption>Pr\u00e9sentation de l\u2019Assembl\u00e9e Provinciale<\/figcaption><\/figure><\/div>\n\n\n\n<p>Nous continuons d\u2019utiliser \u00ab&nbsp;ZOOM&nbsp;\u00bb pour des r\u00e9unions, pour partager des informations, pour pr\u00e9senter nos Communaut\u00e9s et nos services, mais aussi pour f\u00eater et nous distraire ensemble. Notre nouveau mode de communication nous aide \u00e0 nous tenir bien inform\u00e9s des nouveaut\u00e9s, \u00e9v\u00e8nements, de prendre part, de nos fauteuils, \u00e0 nos luttes et d\u2019utiliser les plateformes de r\u00e9seaux sociaux pour partager largement notre histoire.<\/p>\n\n\n\n<p>Notre derni\u00e8re r\u00e9union Provinciale sur \u00ab&nbsp;ZOOM&nbsp;\u00bb a eu lieu le 21 janvier pour l\u2019installation de la nouvelle Conseill\u00e8re. Sr Marie Raw \u00e9tait pr\u00e9sente depuis son bureau de la Maison-M\u00e8re, les Communaut\u00e9s de Grande Bretagne et d\u2019Australie l\u2019ont rejointe en ligne et la Communaut\u00e9 de la Maison Provinciale, ainsi que Sr Ellen, Visitatrice, Sr Kathleen Kennedy, la Conseill\u00e8re sortante, se sont retrouv\u00e9es pour accueillir Sr Maureen Tinkler.<\/p>\n\n\n\n<div class=\"wp-block-image\"><figure class=\"aligncenter size-large\"><img decoding=\"async\" src=\"https:\/\/filles-de-la-charite.org\/wp-content\/uploads\/2023\/06\/Figure-6.-L-R.-Sr.-Maureen-Tinkler-Sr.-Ellen-Flynn-Sr.-Kathleen-Kennedy-1024x644-1.jpg\" alt=\"\" class=\"wp-image-61345\" \/><figcaption>(de gauche \u00e0 droite): Sr. Maureen TINKLER, Sr. Ellen FLYNN, Sr. Kathleen KENNEDY<\/figcaption><\/figure><\/div>\n\n\n\n<p>Nous arriverons bient\u00f4t \u00e0 notre 1er anniversaire. Une ann\u00e9e dont nous n\u2019aurions jamais pu pr\u00e9voir le d\u00e9roulement. Dans le prologue d\u2019un livre r\u00e9cent \u00e9crit par le Pape Fran\u00e7ois, \u00abR\u00caVONS&nbsp;: LE CHEMIN VERS UN MEILLEUR AVENIR\u00bb, il est dit que <em>\u00abcette crise a suscit\u00e9 courage et compassion. Certains ont \u00e9t\u00e9 pass\u00e9s au crible et ont r\u00e9pondu avec le d\u00e9sir de reconfigurer notre monde&nbsp;; d\u2019autres sont all\u00e9s aider ceux qui \u00e9taient dans le besoin de fa\u00e7on concr\u00e8te en arrivant \u00e0 transformer l\u2019affliction du prochain. Ce qui me remplit d\u2019esp\u00e9rance, c\u2019est que nous pourrions sortir meilleurs de cette crise. Mais nous devons voir clairement, choisir ce qui est bien, et agir avec rectitude.\u00bb<\/em><\/p>\n\n\n\n<p>Ensemble, nous avan\u00e7ons dans l\u2019esp\u00e9rance, en osant r\u00eaver d\u2019un meilleur avenir \u2013 quelque chose de nouveau pour l\u2019humanit\u00e9 et notre \u00ab&nbsp;Maison Commune&nbsp;\u00bb.<\/p>\n\n\n\n<p class=\"has-text-align-left\">Sr. Liz Ferrie, <em>Fille de la Charit\u00e9<\/em><\/p>\n","protected":false},"excerpt":{"rendered":"<p>Suite \u00e0 une longue p\u00e9riode de discussions et de discernement entre les Provinces d\u2019Australie et de Grande-Bretagne, et apr\u00e8s que la d\u00e9cision d\u2019int\u00e9grer ces deux Provinces ait \u00e9t\u00e9 prise, les S\u0153urs ont \u00e9t\u00e9 consult\u00e9es pour le choix du nom de la nouvelle Province. Sr Marie Raw, Conseill\u00e8re G\u00e9n\u00e9rale \u00e9tait avec nous \u00e0 Londres le 11 [&hellip;]<\/p>\n","protected":false},"author":1,"featured_media":15529,"comment_status":"closed","ping_status":"closed","sticky":false,"template":"","format":"standard","meta":{"_acf_changed":false,"_et_pb_use_builder":"","_et_pb_old_content":"","_et_gb_content_width":"","footnotes":"","_links_to":"","_links_to_target":""},"categories":[673],"tags":[],"class_list":["post-22507","post","type-post","status-publish","format-standard","has-post-thumbnail","hentry","category-rosalie-rendu-royaume-uni-et-australie-fr"],"acf":[],"yoast_head":"<!-- This site is optimized with the Yoast SEO plugin v27.5 - https:\/\/yoast.com\/product\/yoast-seo-wordpress\/ -->\n<title>La Province Qui Ne Dort Jamais - Filles de la Charit\u00e9<\/title>\n<meta name=\"robots\" content=\"index, follow, max-snippet:-1, max-image-preview:large, max-video-preview:-1\" \/>\n<link rel=\"canonical\" href=\"https:\/\/filles-de-la-charite.org\/fr\/la-province-qui-ne-dort-jamais\/\" \/>\n<meta property=\"og:locale\" content=\"fr_FR\" \/>\n<meta property=\"og:type\" content=\"article\" \/>\n<meta property=\"og:title\" content=\"La Province Qui Ne Dort Jamais - Filles de la Charit\u00e9\" \/>\n<meta property=\"og:description\" content=\"Suite \u00e0 une longue p\u00e9riode de discussions et de discernement entre les Provinces d\u2019Australie et de Grande-Bretagne, et apr\u00e8s que la d\u00e9cision d\u2019int\u00e9grer ces deux Provinces ait \u00e9t\u00e9 prise, les S\u0153urs ont \u00e9t\u00e9 consult\u00e9es pour le choix du nom de la nouvelle Province. Sr Marie Raw, Conseill\u00e8re G\u00e9n\u00e9rale \u00e9tait avec nous \u00e0 Londres le 11 [&hellip;]\" \/>\n<meta property=\"og:url\" content=\"https:\/\/filles-de-la-charite.org\/fr\/la-province-qui-ne-dort-jamais\/\" \/>\n<meta property=\"og:site_name\" content=\"Filles de la Charit\u00e9\" \/>\n<meta property=\"article:published_time\" content=\"2021-02-28T22:00:00+00:00\" \/>\n<meta property=\"article:modified_time\" content=\"2024-03-17T16:48:50+00:00\" \/>\n<meta property=\"og:image\" content=\"https:\/\/filles-de-la-charite.org\/wp-content\/uploads\/2023\/06\/Figure-6.-L-R.-Sr.-Maureen-Tinkler-Sr.-Ellen-Flynn-Sr.-Kathleen-Kennedy.jpg\" \/>\n\t<meta property=\"og:image:width\" content=\"2374\" \/>\n\t<meta property=\"og:image:height\" content=\"1494\" \/>\n\t<meta property=\"og:image:type\" content=\"image\/jpeg\" \/>\n<meta name=\"author\" content=\"admin\" \/>\n<meta name=\"twitter:card\" content=\"summary_large_image\" \/>\n<meta name=\"twitter:label1\" content=\"\u00c9crit par\" \/>\n\t<meta name=\"twitter:data1\" content=\"admin\" \/>\n\t<meta name=\"twitter:label2\" content=\"Dur\u00e9e de lecture estim\u00e9e\" \/>\n\t<meta name=\"twitter:data2\" content=\"5 minutes\" \/>\n<script type=\"application\/ld+json\" class=\"yoast-schema-graph\">{\"@context\":\"https:\\\/\\\/schema.org\",\"@graph\":[{\"@type\":\"Article\",\"@id\":\"https:\\\/\\\/filles-de-la-charite.org\\\/fr\\\/la-province-qui-ne-dort-jamais\\\/#article\",\"isPartOf\":{\"@id\":\"https:\\\/\\\/filles-de-la-charite.org\\\/fr\\\/la-province-qui-ne-dort-jamais\\\/\"},\"author\":{\"name\":\"admin\",\"@id\":\"https:\\\/\\\/filles-de-la-charite.org\\\/fr\\\/#\\\/schema\\\/person\\\/427567b2eccfc2dd7d206da186a1f438\"},\"headline\":\"La Province Qui Ne Dort Jamais\",\"datePublished\":\"2021-02-28T22:00:00+00:00\",\"dateModified\":\"2024-03-17T16:48:50+00:00\",\"mainEntityOfPage\":{\"@id\":\"https:\\\/\\\/filles-de-la-charite.org\\\/fr\\\/la-province-qui-ne-dort-jamais\\\/\"},\"wordCount\":827,\"publisher\":{\"@id\":\"https:\\\/\\\/filles-de-la-charite.org\\\/fr\\\/#organization\"},\"image\":{\"@id\":\"https:\\\/\\\/filles-de-la-charite.org\\\/fr\\\/la-province-qui-ne-dort-jamais\\\/#primaryimage\"},\"thumbnailUrl\":\"https:\\\/\\\/filles-de-la-charite.org\\\/wp-content\\\/uploads\\\/2023\\\/06\\\/Figure-6.-L-R.-Sr.-Maureen-Tinkler-Sr.-Ellen-Flynn-Sr.-Kathleen-Kennedy.jpg\",\"articleSection\":[\"Rosalie Rendu - Royaume-Uni et Australie\"],\"inLanguage\":\"fr-FR\"},{\"@type\":\"WebPage\",\"@id\":\"https:\\\/\\\/filles-de-la-charite.org\\\/fr\\\/la-province-qui-ne-dort-jamais\\\/\",\"url\":\"https:\\\/\\\/filles-de-la-charite.org\\\/fr\\\/la-province-qui-ne-dort-jamais\\\/\",\"name\":\"La Province Qui Ne Dort Jamais - Filles de la Charit\u00e9\",\"isPartOf\":{\"@id\":\"https:\\\/\\\/filles-de-la-charite.org\\\/fr\\\/#website\"},\"primaryImageOfPage\":{\"@id\":\"https:\\\/\\\/filles-de-la-charite.org\\\/fr\\\/la-province-qui-ne-dort-jamais\\\/#primaryimage\"},\"image\":{\"@id\":\"https:\\\/\\\/filles-de-la-charite.org\\\/fr\\\/la-province-qui-ne-dort-jamais\\\/#primaryimage\"},\"thumbnailUrl\":\"https:\\\/\\\/filles-de-la-charite.org\\\/wp-content\\\/uploads\\\/2023\\\/06\\\/Figure-6.-L-R.-Sr.-Maureen-Tinkler-Sr.-Ellen-Flynn-Sr.-Kathleen-Kennedy.jpg\",\"datePublished\":\"2021-02-28T22:00:00+00:00\",\"dateModified\":\"2024-03-17T16:48:50+00:00\",\"breadcrumb\":{\"@id\":\"https:\\\/\\\/filles-de-la-charite.org\\\/fr\\\/la-province-qui-ne-dort-jamais\\\/#breadcrumb\"},\"inLanguage\":\"fr-FR\",\"potentialAction\":[{\"@type\":\"ReadAction\",\"target\":[\"https:\\\/\\\/filles-de-la-charite.org\\\/fr\\\/la-province-qui-ne-dort-jamais\\\/\"]}]},{\"@type\":\"ImageObject\",\"inLanguage\":\"fr-FR\",\"@id\":\"https:\\\/\\\/filles-de-la-charite.org\\\/fr\\\/la-province-qui-ne-dort-jamais\\\/#primaryimage\",\"url\":\"https:\\\/\\\/filles-de-la-charite.org\\\/wp-content\\\/uploads\\\/2023\\\/06\\\/Figure-6.-L-R.-Sr.-Maureen-Tinkler-Sr.-Ellen-Flynn-Sr.-Kathleen-Kennedy.jpg\",\"contentUrl\":\"https:\\\/\\\/filles-de-la-charite.org\\\/wp-content\\\/uploads\\\/2023\\\/06\\\/Figure-6.-L-R.-Sr.-Maureen-Tinkler-Sr.-Ellen-Flynn-Sr.-Kathleen-Kennedy.jpg\",\"width\":2374,\"height\":1494},{\"@type\":\"BreadcrumbList\",\"@id\":\"https:\\\/\\\/filles-de-la-charite.org\\\/fr\\\/la-province-qui-ne-dort-jamais\\\/#breadcrumb\",\"itemListElement\":[{\"@type\":\"ListItem\",\"position\":1,\"name\":\"Sainte Louise - Asie\",\"item\":\"https:\\\/\\\/filles-de-la-charite.org\\\/fr\\\/category\\\/sainte-louise-asie-fr\\\/\"},{\"@type\":\"ListItem\",\"position\":2,\"name\":\"La Province Qui Ne Dort Jamais\"}]},{\"@type\":\"WebSite\",\"@id\":\"https:\\\/\\\/filles-de-la-charite.org\\\/fr\\\/#website\",\"url\":\"https:\\\/\\\/filles-de-la-charite.org\\\/fr\\\/\",\"name\":\"Hijas de la Caridad\",\"description\":\"L\u2019amour de J\u00e9sus nous presse \u00e0 prendre soin des personnes les plus d\u00e9munies\",\"publisher\":{\"@id\":\"https:\\\/\\\/filles-de-la-charite.org\\\/fr\\\/#organization\"},\"potentialAction\":[{\"@type\":\"SearchAction\",\"target\":{\"@type\":\"EntryPoint\",\"urlTemplate\":\"https:\\\/\\\/filles-de-la-charite.org\\\/fr\\\/?s={search_term_string}\"},\"query-input\":{\"@type\":\"PropertyValueSpecification\",\"valueRequired\":true,\"valueName\":\"search_term_string\"}}],\"inLanguage\":\"fr-FR\"},{\"@type\":\"Organization\",\"@id\":\"https:\\\/\\\/filles-de-la-charite.org\\\/fr\\\/#organization\",\"name\":\"Hijas de la Caridad\",\"url\":\"https:\\\/\\\/filles-de-la-charite.org\\\/fr\\\/\",\"logo\":{\"@type\":\"ImageObject\",\"inLanguage\":\"fr-FR\",\"@id\":\"https:\\\/\\\/filles-de-la-charite.org\\\/fr\\\/#\\\/schema\\\/logo\\\/image\\\/\",\"url\":\"https:\\\/\\\/filles-de-la-charite.org\\\/wp-content\\\/uploads\\\/2023\\\/03\\\/isotipo-Hijas-de-la-Caridad.png\",\"contentUrl\":\"https:\\\/\\\/filles-de-la-charite.org\\\/wp-content\\\/uploads\\\/2023\\\/03\\\/isotipo-Hijas-de-la-Caridad.png\",\"width\":1417,\"height\":1417,\"caption\":\"Hijas de la Caridad\"},\"image\":{\"@id\":\"https:\\\/\\\/filles-de-la-charite.org\\\/fr\\\/#\\\/schema\\\/logo\\\/image\\\/\"}},{\"@type\":\"Person\",\"@id\":\"https:\\\/\\\/filles-de-la-charite.org\\\/fr\\\/#\\\/schema\\\/person\\\/427567b2eccfc2dd7d206da186a1f438\",\"name\":\"admin\",\"image\":{\"@type\":\"ImageObject\",\"inLanguage\":\"fr-FR\",\"@id\":\"https:\\\/\\\/secure.gravatar.com\\\/avatar\\\/948b492cce32b586ac2db0eaa926ee87024f7afe218d73b397ea5ddfc5f43ea1?s=96&d=mm&r=g\",\"url\":\"https:\\\/\\\/secure.gravatar.com\\\/avatar\\\/948b492cce32b586ac2db0eaa926ee87024f7afe218d73b397ea5ddfc5f43ea1?s=96&d=mm&r=g\",\"contentUrl\":\"https:\\\/\\\/secure.gravatar.com\\\/avatar\\\/948b492cce32b586ac2db0eaa926ee87024f7afe218d73b397ea5ddfc5f43ea1?s=96&d=mm&r=g\",\"caption\":\"admin\"},\"sameAs\":[\"https:\\\/\\\/filles-de-la-charite.org\"],\"url\":\"https:\\\/\\\/filles-de-la-charite.org\\\/fr\\\/author\\\/caridad\\\/\"}]}<\/script>\n<!-- \/ Yoast SEO plugin. -->","yoast_head_json":{"title":"La Province Qui Ne Dort Jamais - Filles de la Charit\u00e9","robots":{"index":"index","follow":"follow","max-snippet":"max-snippet:-1","max-image-preview":"max-image-preview:large","max-video-preview":"max-video-preview:-1"},"canonical":"https:\/\/filles-de-la-charite.org\/fr\/la-province-qui-ne-dort-jamais\/","og_locale":"fr_FR","og_type":"article","og_title":"La Province Qui Ne Dort Jamais - Filles de la Charit\u00e9","og_description":"Suite \u00e0 une longue p\u00e9riode de discussions et de discernement entre les Provinces d\u2019Australie et de Grande-Bretagne, et apr\u00e8s que la d\u00e9cision d\u2019int\u00e9grer ces deux Provinces ait \u00e9t\u00e9 prise, les S\u0153urs ont \u00e9t\u00e9 consult\u00e9es pour le choix du nom de la nouvelle Province. Sr Marie Raw, Conseill\u00e8re G\u00e9n\u00e9rale \u00e9tait avec nous \u00e0 Londres le 11 [&hellip;]","og_url":"https:\/\/filles-de-la-charite.org\/fr\/la-province-qui-ne-dort-jamais\/","og_site_name":"Filles de la Charit\u00e9","article_published_time":"2021-02-28T22:00:00+00:00","article_modified_time":"2024-03-17T16:48:50+00:00","og_image":[{"width":2374,"height":1494,"url":"https:\/\/filles-de-la-charite.org\/wp-content\/uploads\/2023\/06\/Figure-6.-L-R.-Sr.-Maureen-Tinkler-Sr.-Ellen-Flynn-Sr.-Kathleen-Kennedy.jpg","type":"image\/jpeg"}],"author":"admin","twitter_card":"summary_large_image","twitter_misc":{"\u00c9crit par":"admin","Dur\u00e9e de lecture estim\u00e9e":"5 minutes"},"schema":{"@context":"https:\/\/schema.org","@graph":[{"@type":"Article","@id":"https:\/\/filles-de-la-charite.org\/fr\/la-province-qui-ne-dort-jamais\/#article","isPartOf":{"@id":"https:\/\/filles-de-la-charite.org\/fr\/la-province-qui-ne-dort-jamais\/"},"author":{"name":"admin","@id":"https:\/\/filles-de-la-charite.org\/fr\/#\/schema\/person\/427567b2eccfc2dd7d206da186a1f438"},"headline":"La Province Qui Ne Dort Jamais","datePublished":"2021-02-28T22:00:00+00:00","dateModified":"2024-03-17T16:48:50+00:00","mainEntityOfPage":{"@id":"https:\/\/filles-de-la-charite.org\/fr\/la-province-qui-ne-dort-jamais\/"},"wordCount":827,"publisher":{"@id":"https:\/\/filles-de-la-charite.org\/fr\/#organization"},"image":{"@id":"https:\/\/filles-de-la-charite.org\/fr\/la-province-qui-ne-dort-jamais\/#primaryimage"},"thumbnailUrl":"https:\/\/filles-de-la-charite.org\/wp-content\/uploads\/2023\/06\/Figure-6.-L-R.-Sr.-Maureen-Tinkler-Sr.-Ellen-Flynn-Sr.-Kathleen-Kennedy.jpg","articleSection":["Rosalie Rendu - Royaume-Uni et Australie"],"inLanguage":"fr-FR"},{"@type":"WebPage","@id":"https:\/\/filles-de-la-charite.org\/fr\/la-province-qui-ne-dort-jamais\/","url":"https:\/\/filles-de-la-charite.org\/fr\/la-province-qui-ne-dort-jamais\/","name":"La Province Qui Ne Dort Jamais - Filles de la Charit\u00e9","isPartOf":{"@id":"https:\/\/filles-de-la-charite.org\/fr\/#website"},"primaryImageOfPage":{"@id":"https:\/\/filles-de-la-charite.org\/fr\/la-province-qui-ne-dort-jamais\/#primaryimage"},"image":{"@id":"https:\/\/filles-de-la-charite.org\/fr\/la-province-qui-ne-dort-jamais\/#primaryimage"},"thumbnailUrl":"https:\/\/filles-de-la-charite.org\/wp-content\/uploads\/2023\/06\/Figure-6.-L-R.-Sr.-Maureen-Tinkler-Sr.-Ellen-Flynn-Sr.-Kathleen-Kennedy.jpg","datePublished":"2021-02-28T22:00:00+00:00","dateModified":"2024-03-17T16:48:50+00:00","breadcrumb":{"@id":"https:\/\/filles-de-la-charite.org\/fr\/la-province-qui-ne-dort-jamais\/#breadcrumb"},"inLanguage":"fr-FR","potentialAction":[{"@type":"ReadAction","target":["https:\/\/filles-de-la-charite.org\/fr\/la-province-qui-ne-dort-jamais\/"]}]},{"@type":"ImageObject","inLanguage":"fr-FR","@id":"https:\/\/filles-de-la-charite.org\/fr\/la-province-qui-ne-dort-jamais\/#primaryimage","url":"https:\/\/filles-de-la-charite.org\/wp-content\/uploads\/2023\/06\/Figure-6.-L-R.-Sr.-Maureen-Tinkler-Sr.-Ellen-Flynn-Sr.-Kathleen-Kennedy.jpg","contentUrl":"https:\/\/filles-de-la-charite.org\/wp-content\/uploads\/2023\/06\/Figure-6.-L-R.-Sr.-Maureen-Tinkler-Sr.-Ellen-Flynn-Sr.-Kathleen-Kennedy.jpg","width":2374,"height":1494},{"@type":"BreadcrumbList","@id":"https:\/\/filles-de-la-charite.org\/fr\/la-province-qui-ne-dort-jamais\/#breadcrumb","itemListElement":[{"@type":"ListItem","position":1,"name":"Sainte Louise - Asie","item":"https:\/\/filles-de-la-charite.org\/fr\/category\/sainte-louise-asie-fr\/"},{"@type":"ListItem","position":2,"name":"La Province Qui Ne Dort Jamais"}]},{"@type":"WebSite","@id":"https:\/\/filles-de-la-charite.org\/fr\/#website","url":"https:\/\/filles-de-la-charite.org\/fr\/","name":"Hijas de la Caridad","description":"L\u2019amour de J\u00e9sus nous presse \u00e0 prendre soin des personnes les plus d\u00e9munies","publisher":{"@id":"https:\/\/filles-de-la-charite.org\/fr\/#organization"},"potentialAction":[{"@type":"SearchAction","target":{"@type":"EntryPoint","urlTemplate":"https:\/\/filles-de-la-charite.org\/fr\/?s={search_term_string}"},"query-input":{"@type":"PropertyValueSpecification","valueRequired":true,"valueName":"search_term_string"}}],"inLanguage":"fr-FR"},{"@type":"Organization","@id":"https:\/\/filles-de-la-charite.org\/fr\/#organization","name":"Hijas de la Caridad","url":"https:\/\/filles-de-la-charite.org\/fr\/","logo":{"@type":"ImageObject","inLanguage":"fr-FR","@id":"https:\/\/filles-de-la-charite.org\/fr\/#\/schema\/logo\/image\/","url":"https:\/\/filles-de-la-charite.org\/wp-content\/uploads\/2023\/03\/isotipo-Hijas-de-la-Caridad.png","contentUrl":"https:\/\/filles-de-la-charite.org\/wp-content\/uploads\/2023\/03\/isotipo-Hijas-de-la-Caridad.png","width":1417,"height":1417,"caption":"Hijas de la Caridad"},"image":{"@id":"https:\/\/filles-de-la-charite.org\/fr\/#\/schema\/logo\/image\/"}},{"@type":"Person","@id":"https:\/\/filles-de-la-charite.org\/fr\/#\/schema\/person\/427567b2eccfc2dd7d206da186a1f438","name":"admin","image":{"@type":"ImageObject","inLanguage":"fr-FR","@id":"https:\/\/secure.gravatar.com\/avatar\/948b492cce32b586ac2db0eaa926ee87024f7afe218d73b397ea5ddfc5f43ea1?s=96&d=mm&r=g","url":"https:\/\/secure.gravatar.com\/avatar\/948b492cce32b586ac2db0eaa926ee87024f7afe218d73b397ea5ddfc5f43ea1?s=96&d=mm&r=g","contentUrl":"https:\/\/secure.gravatar.com\/avatar\/948b492cce32b586ac2db0eaa926ee87024f7afe218d73b397ea5ddfc5f43ea1?s=96&d=mm&r=g","caption":"admin"},"sameAs":["https:\/\/filles-de-la-charite.org"],"url":"https:\/\/filles-de-la-charite.org\/fr\/author\/caridad\/"}]}},"_links":{"self":[{"href":"https:\/\/filles-de-la-charite.org\/fr\/wp-json\/wp\/v2\/posts\/22507","targetHints":{"allow":["GET"]}}],"collection":[{"href":"https:\/\/filles-de-la-charite.org\/fr\/wp-json\/wp\/v2\/posts"}],"about":[{"href":"https:\/\/filles-de-la-charite.org\/fr\/wp-json\/wp\/v2\/types\/post"}],"author":[{"embeddable":true,"href":"https:\/\/filles-de-la-charite.org\/fr\/wp-json\/wp\/v2\/users\/1"}],"replies":[{"embeddable":true,"href":"https:\/\/filles-de-la-charite.org\/fr\/wp-json\/wp\/v2\/comments?post=22507"}],"version-history":[{"count":1,"href":"https:\/\/filles-de-la-charite.org\/fr\/wp-json\/wp\/v2\/posts\/22507\/revisions"}],"predecessor-version":[{"id":22508,"href":"https:\/\/filles-de-la-charite.org\/fr\/wp-json\/wp\/v2\/posts\/22507\/revisions\/22508"}],"wp:featuredmedia":[{"embeddable":true,"href":"https:\/\/filles-de-la-charite.org\/fr\/wp-json\/wp\/v2\/media\/15529"}],"wp:attachment":[{"href":"https:\/\/filles-de-la-charite.org\/fr\/wp-json\/wp\/v2\/media?parent=22507"}],"wp:term":[{"taxonomy":"category","embeddable":true,"href":"https:\/\/filles-de-la-charite.org\/fr\/wp-json\/wp\/v2\/categories?post=22507"},{"taxonomy":"post_tag","embeddable":true,"href":"https:\/\/filles-de-la-charite.org\/fr\/wp-json\/wp\/v2\/tags?post=22507"}],"curies":[{"name":"wp","href":"https:\/\/api.w.org\/{rel}","templated":true}]}}