{"id":22511,"date":"2021-03-03T11:55:33","date_gmt":"2021-03-03T10:55:33","guid":{"rendered":"https:\/\/hijascaridad.sjdigitaldemo.ovh\/une-famille-de-migrants-a-la-recherche-dune-vie-en-plenitude-2\/"},"modified":"2024-03-17T17:48:16","modified_gmt":"2024-03-17T16:48:16","slug":"une-famille-de-migrants-a-la-recherche-dune-vie-en-plenitude-2","status":"publish","type":"post","link":"https:\/\/filles-de-la-charite.org\/fr\/une-famille-de-migrants-a-la-recherche-dune-vie-en-plenitude-2\/","title":{"rendered":"Une Famille de Migrants \u00e0 la recherche d\u2019une vie en pl\u00e9nitude"},"content":{"rendered":"\n<p>Le p\u00e8re de famille est ing\u00e9nieur et travaillait beaucoup pour donner un bon niveau de vie \u00e0 sa femme et \u00e0 ses enfants. Mais \u00e0 cause de la guerre dans leur pays, ils ont \u00e9t\u00e9 t\u00e9moins de la mort cruelle de leurs parents, de membres de leur famille, et ont assist\u00e9 impuissants \u00e0 l\u2019incendie de leur maison et de leur commerce. Terrifi\u00e9s, ils ont fui et ont v\u00e9cu dans un camp de r\u00e9fugi\u00e9s pendant 9 mois au cours desquels l\u2019\u00e9pouse a donn\u00e9 naissance \u00e0 un fils. Ils sont arriv\u00e9s au Portugal le 28 septembre 2016 avec des enfants de 3 mois \u00e0 8 ans.<\/p>\n\n\n\n<p>La famille nous a \u00e9t\u00e9 pr\u00e9sent\u00e9e par la \u00abPlate-forme pour R\u00e9fugi\u00e9s\u00bb, une organisation de la soci\u00e9t\u00e9 civile qui aide les R\u00e9fugi\u00e9s dans la crise humanitaire actuelle. R\u00e9pondant \u00e0 l\u2019invitation (du public, du priv\u00e9, des religions et des institutions civiles) \u00e0 accueillir des R\u00e9fugi\u00e9s, nous avons chaleureusement re\u00e7u cette famille. Nous avons pr\u00e9par\u00e9 une maison de 3 chambres dans une ville en nous assurant qu\u2019il y ait tout ce dont elle pourrait avoir besoin. Depuis lors, nous l\u2019accompagnons.<\/p>\n\n\n\n<p>Nous avons aid\u00e9 cette famille \u00e0 s\u2019int\u00e9grer au niveau mat\u00e9riel, financier, psychologique et social\u2026 allant avec eux chez le m\u00e9decin, collaborant pour la croissance, l\u2019\u00e9ducation, la sant\u00e9, et le d\u00e9veloppement des enfants, facilitant l\u2019obtention du certificat de r\u00e9sidence, obtenant le permis de conduire pour le p\u00e8re, leur offrant une voiture pour aller travailler et effectuer d\u2019autres courses, en nous assurant qu\u2019un travailleur social les aide \u00e0 r\u00e9pondre aux exigences administratives, en contactant quelqu\u2019un de Jordanie pouvant notamment effectuer les traductions afin de conna\u00eetre leurs besoins.<\/p>\n\n\n\n<p>En d\u00e9pit des difficult\u00e9s, la famille a montr\u00e9 une r\u00e9elle capacit\u00e9 \u00e0 s\u2019acculturer, \u00e0 s\u2019organiser et \u00e0 surmonter les difficult\u00e9s. Le p\u00e8re a trouv\u00e9 un travail dans son domaine de comp\u00e9tences et, petit \u00e0 petit, tous ont gagn\u00e9 en autonomie. Les enfants ont appris la langue et se sont bien adapt\u00e9s. &nbsp;<\/p>\n\n\n\n<p>Ce fut pour nous un grand d\u00e9fi et une opportunit\u00e9 de soutenir leurs progr\u00e8s et de leur procurer un sentiment de bien-\u00eatre. Gr\u00e2ce \u00e0 une attention constante, \u00e0 l\u2019\u00e9coute, \u00e0 l\u2019int\u00e9r\u00eat port\u00e9, \u00e0 l\u2019animation et la disponibilit\u00e9, un lien fraternel s\u2019est cr\u00e9\u00e9 entre nous qui a aid\u00e9 \u00e0 gu\u00e9rir les blessures psychologiques, la douleur de l\u2019exil et la s\u00e9paration d\u2019avec les autres membres de leur famille\u2026 le fardeau de la souffrance. Pour eux tout autant que pour nous, cela a \u00e9t\u00e9 une aventure, un grand d\u00e9fi! Tout \u00e9tait si \u00e9trange pour eux comme pour nous! La langue, la culture, la religion! Cet effort r\u00e9ciproque a dur\u00e9 presque 5 ans!<\/p>\n\n\n\n<div class=\"wp-block-image\"><figure class=\"aligncenter size-large\"><img decoding=\"async\" src=\"https:\/\/filles-de-la-charite.org\/wp-content\/uploads\/2023\/06\/4-1-1.jpg\" alt=\"\" class=\"wp-image-61466\" \/><\/figure><\/div>\n\n\n\n<p>Pendant la pand\u00e9mie, d\u2019autres aides leur ont \u00e9t\u00e9 fournies tels ordinateurs de bureau et portable pour les cours en ligne des enfants. Il est impossible \u00e0 une famille de 6 personnes d\u2019\u00eatre enti\u00e8rement autonome, le p\u00e8re \u00e9tant le seul \u00e0 gagner sa vie. La m\u00e8re souffre beaucoup d\u2019une maladie des os; un des enfants a des difficult\u00e9s de concentration, difficult\u00e9s que ses parents essaient de surmonter gr\u00e2ce \u00e0 une grande foi.&nbsp;<\/p>\n\n\n\n<p>Cela valait la peine d\u2019accueillir cette famille qui s\u2019est bien int\u00e9gr\u00e9e au Portugal. Nous consid\u00e9rons que ce partage et ces \u00e9changes bas\u00e9s sur le respect mutuel des cultures constituent une exp\u00e9rience extr\u00eamement positive. Ces gestes continuent de marquer la vie de cette famille.<\/p>\n\n\n\n<p>Quant \u00e0 nous, ces paroles d\u2019EPHATA, \u00abouvre-toi\u00bb, nous disent aussi que \u00abce que vous avez fait \u00e0 l\u2019un de ces plus petits de mes fr\u00e8res, c\u2019est \u00e0 moi que vous l\u2019avez fait\u00bb (Mt 25,40). Il nous est demand\u00e9 de continuer \u00e0 nous enraciner plus profond\u00e9ment dans la passion des Pauvres, de voir en eux le visage du Christ. \u00abLa Charit\u00e9 de J\u00e9sus Crucifi\u00e9 nous presse\u00bb \u00e0 nous d\u00e9tacher du superflu, \u00e0 quitter nos zones de confort, \u00e0 aller vers\u2026,&nbsp;&nbsp; rencontrer\u2026 et&nbsp;&nbsp; servir ceux qui sont le plus dans le besoin.<\/p>\n\n\n\n<figure class=\"wp-block-image alignwide size-large\"><img decoding=\"async\" src=\"https:\/\/filles-de-la-charite.org\/wp-content\/uploads\/2023\/06\/3-1-1.jpg\" alt=\"\" class=\"wp-image-61469\" \/><\/figure>\n","protected":false},"excerpt":{"rendered":"<p>Le p\u00e8re de famille est ing\u00e9nieur et travaillait beaucoup pour donner un bon niveau de vie \u00e0 sa femme et \u00e0 ses enfants. Mais \u00e0 cause de la guerre dans leur pays, ils ont \u00e9t\u00e9 t\u00e9moins de la mort cruelle de leurs parents, de membres de leur famille, et ont assist\u00e9 impuissants \u00e0 l\u2019incendie de [&hellip;]<\/p>\n","protected":false},"author":1,"featured_media":15599,"comment_status":"closed","ping_status":"closed","sticky":false,"template":"","format":"standard","meta":{"_acf_changed":false,"footnotes":"","_links_to":"","_links_to_target":""},"categories":[642],"tags":[],"class_list":["post-22511","post","type-post","status-publish","format-standard","has-post-thumbnail","hentry","category-portugal-fr"],"acf":[],"yoast_head":"<!-- This site is optimized with the Yoast SEO plugin v27.5 - https:\/\/yoast.com\/product\/yoast-seo-wordpress\/ -->\n<title>Une Famille de Migrants \u00e0 la recherche d\u2019une vie en pl\u00e9nitude - Filles de la Charit\u00e9<\/title>\n<meta name=\"robots\" content=\"index, follow, max-snippet:-1, max-image-preview:large, max-video-preview:-1\" \/>\n<link rel=\"canonical\" href=\"https:\/\/filles-de-la-charite.org\/fr\/une-famille-de-migrants-a-la-recherche-dune-vie-en-plenitude-2\/\" \/>\n<meta property=\"og:locale\" content=\"fr_FR\" \/>\n<meta property=\"og:type\" content=\"article\" \/>\n<meta property=\"og:title\" content=\"Une Famille de Migrants \u00e0 la recherche d\u2019une vie en pl\u00e9nitude - Filles de la Charit\u00e9\" \/>\n<meta property=\"og:description\" content=\"Le p\u00e8re de famille est ing\u00e9nieur et travaillait beaucoup pour donner un bon niveau de vie \u00e0 sa femme et \u00e0 ses enfants. Mais \u00e0 cause de la guerre dans leur pays, ils ont \u00e9t\u00e9 t\u00e9moins de la mort cruelle de leurs parents, de membres de leur famille, et ont assist\u00e9 impuissants \u00e0 l\u2019incendie de [&hellip;]\" \/>\n<meta property=\"og:url\" content=\"https:\/\/filles-de-la-charite.org\/fr\/une-famille-de-migrants-a-la-recherche-dune-vie-en-plenitude-2\/\" \/>\n<meta property=\"og:site_name\" content=\"Filles de la Charit\u00e9\" \/>\n<meta property=\"article:published_time\" content=\"2021-03-03T10:55:33+00:00\" \/>\n<meta property=\"article:modified_time\" content=\"2024-03-17T16:48:16+00:00\" \/>\n<meta property=\"og:image\" content=\"https:\/\/filles-de-la-charite.org\/wp-content\/uploads\/2023\/06\/1-1-1.jpg\" \/>\n\t<meta property=\"og:image:width\" content=\"751\" \/>\n\t<meta property=\"og:image:height\" content=\"447\" \/>\n\t<meta property=\"og:image:type\" content=\"image\/jpeg\" \/>\n<meta name=\"author\" content=\"admin\" \/>\n<meta name=\"twitter:card\" content=\"summary_large_image\" \/>\n<meta name=\"twitter:label1\" content=\"\u00c9crit par\" \/>\n\t<meta name=\"twitter:data1\" content=\"admin\" \/>\n\t<meta name=\"twitter:label2\" content=\"Dur\u00e9e de lecture estim\u00e9e\" \/>\n\t<meta name=\"twitter:data2\" content=\"4 minutes\" \/>\n<script type=\"application\/ld+json\" class=\"yoast-schema-graph\">{\"@context\":\"https:\\\/\\\/schema.org\",\"@graph\":[{\"@type\":\"Article\",\"@id\":\"https:\\\/\\\/filles-de-la-charite.org\\\/fr\\\/une-famille-de-migrants-a-la-recherche-dune-vie-en-plenitude-2\\\/#article\",\"isPartOf\":{\"@id\":\"https:\\\/\\\/filles-de-la-charite.org\\\/fr\\\/une-famille-de-migrants-a-la-recherche-dune-vie-en-plenitude-2\\\/\"},\"author\":{\"name\":\"admin\",\"@id\":\"https:\\\/\\\/filles-de-la-charite.org\\\/fr\\\/#\\\/schema\\\/person\\\/427567b2eccfc2dd7d206da186a1f438\"},\"headline\":\"Une Famille de Migrants \u00e0 la recherche d\u2019une vie en pl\u00e9nitude\",\"datePublished\":\"2021-03-03T10:55:33+00:00\",\"dateModified\":\"2024-03-17T16:48:16+00:00\",\"mainEntityOfPage\":{\"@id\":\"https:\\\/\\\/filles-de-la-charite.org\\\/fr\\\/une-famille-de-migrants-a-la-recherche-dune-vie-en-plenitude-2\\\/\"},\"wordCount\":700,\"publisher\":{\"@id\":\"https:\\\/\\\/filles-de-la-charite.org\\\/fr\\\/#organization\"},\"image\":{\"@id\":\"https:\\\/\\\/filles-de-la-charite.org\\\/fr\\\/une-famille-de-migrants-a-la-recherche-dune-vie-en-plenitude-2\\\/#primaryimage\"},\"thumbnailUrl\":\"https:\\\/\\\/filles-de-la-charite.org\\\/wp-content\\\/uploads\\\/2023\\\/06\\\/1-1-1.jpg\",\"articleSection\":[\"Portugal\"],\"inLanguage\":\"fr-FR\"},{\"@type\":\"WebPage\",\"@id\":\"https:\\\/\\\/filles-de-la-charite.org\\\/fr\\\/une-famille-de-migrants-a-la-recherche-dune-vie-en-plenitude-2\\\/\",\"url\":\"https:\\\/\\\/filles-de-la-charite.org\\\/fr\\\/une-famille-de-migrants-a-la-recherche-dune-vie-en-plenitude-2\\\/\",\"name\":\"Une Famille de Migrants \u00e0 la recherche d\u2019une vie en pl\u00e9nitude - Filles de la Charit\u00e9\",\"isPartOf\":{\"@id\":\"https:\\\/\\\/filles-de-la-charite.org\\\/fr\\\/#website\"},\"primaryImageOfPage\":{\"@id\":\"https:\\\/\\\/filles-de-la-charite.org\\\/fr\\\/une-famille-de-migrants-a-la-recherche-dune-vie-en-plenitude-2\\\/#primaryimage\"},\"image\":{\"@id\":\"https:\\\/\\\/filles-de-la-charite.org\\\/fr\\\/une-famille-de-migrants-a-la-recherche-dune-vie-en-plenitude-2\\\/#primaryimage\"},\"thumbnailUrl\":\"https:\\\/\\\/filles-de-la-charite.org\\\/wp-content\\\/uploads\\\/2023\\\/06\\\/1-1-1.jpg\",\"datePublished\":\"2021-03-03T10:55:33+00:00\",\"dateModified\":\"2024-03-17T16:48:16+00:00\",\"breadcrumb\":{\"@id\":\"https:\\\/\\\/filles-de-la-charite.org\\\/fr\\\/une-famille-de-migrants-a-la-recherche-dune-vie-en-plenitude-2\\\/#breadcrumb\"},\"inLanguage\":\"fr-FR\",\"potentialAction\":[{\"@type\":\"ReadAction\",\"target\":[\"https:\\\/\\\/filles-de-la-charite.org\\\/fr\\\/une-famille-de-migrants-a-la-recherche-dune-vie-en-plenitude-2\\\/\"]}]},{\"@type\":\"ImageObject\",\"inLanguage\":\"fr-FR\",\"@id\":\"https:\\\/\\\/filles-de-la-charite.org\\\/fr\\\/une-famille-de-migrants-a-la-recherche-dune-vie-en-plenitude-2\\\/#primaryimage\",\"url\":\"https:\\\/\\\/filles-de-la-charite.org\\\/wp-content\\\/uploads\\\/2023\\\/06\\\/1-1-1.jpg\",\"contentUrl\":\"https:\\\/\\\/filles-de-la-charite.org\\\/wp-content\\\/uploads\\\/2023\\\/06\\\/1-1-1.jpg\",\"width\":751,\"height\":447},{\"@type\":\"BreadcrumbList\",\"@id\":\"https:\\\/\\\/filles-de-la-charite.org\\\/fr\\\/une-famille-de-migrants-a-la-recherche-dune-vie-en-plenitude-2\\\/#breadcrumb\",\"itemListElement\":[{\"@type\":\"ListItem\",\"position\":1,\"name\":\"Portugal\",\"item\":\"https:\\\/\\\/filles-de-la-charite.org\\\/fr\\\/category\\\/portugal-fr\\\/\"},{\"@type\":\"ListItem\",\"position\":2,\"name\":\"Une Famille de Migrants \u00e0 la recherche d\u2019une vie en pl\u00e9nitude\"}]},{\"@type\":\"WebSite\",\"@id\":\"https:\\\/\\\/filles-de-la-charite.org\\\/fr\\\/#website\",\"url\":\"https:\\\/\\\/filles-de-la-charite.org\\\/fr\\\/\",\"name\":\"Hijas de la Caridad\",\"description\":\"L\u2019amour de J\u00e9sus nous presse \u00e0 prendre soin des personnes les plus d\u00e9munies\",\"publisher\":{\"@id\":\"https:\\\/\\\/filles-de-la-charite.org\\\/fr\\\/#organization\"},\"potentialAction\":[{\"@type\":\"SearchAction\",\"target\":{\"@type\":\"EntryPoint\",\"urlTemplate\":\"https:\\\/\\\/filles-de-la-charite.org\\\/fr\\\/?s={search_term_string}\"},\"query-input\":{\"@type\":\"PropertyValueSpecification\",\"valueRequired\":true,\"valueName\":\"search_term_string\"}}],\"inLanguage\":\"fr-FR\"},{\"@type\":\"Organization\",\"@id\":\"https:\\\/\\\/filles-de-la-charite.org\\\/fr\\\/#organization\",\"name\":\"Hijas de la Caridad\",\"url\":\"https:\\\/\\\/filles-de-la-charite.org\\\/fr\\\/\",\"logo\":{\"@type\":\"ImageObject\",\"inLanguage\":\"fr-FR\",\"@id\":\"https:\\\/\\\/filles-de-la-charite.org\\\/fr\\\/#\\\/schema\\\/logo\\\/image\\\/\",\"url\":\"https:\\\/\\\/filles-de-la-charite.org\\\/wp-content\\\/uploads\\\/2023\\\/03\\\/isotipo-Hijas-de-la-Caridad.png\",\"contentUrl\":\"https:\\\/\\\/filles-de-la-charite.org\\\/wp-content\\\/uploads\\\/2023\\\/03\\\/isotipo-Hijas-de-la-Caridad.png\",\"width\":1417,\"height\":1417,\"caption\":\"Hijas de la Caridad\"},\"image\":{\"@id\":\"https:\\\/\\\/filles-de-la-charite.org\\\/fr\\\/#\\\/schema\\\/logo\\\/image\\\/\"}},{\"@type\":\"Person\",\"@id\":\"https:\\\/\\\/filles-de-la-charite.org\\\/fr\\\/#\\\/schema\\\/person\\\/427567b2eccfc2dd7d206da186a1f438\",\"name\":\"admin\",\"image\":{\"@type\":\"ImageObject\",\"inLanguage\":\"fr-FR\",\"@id\":\"https:\\\/\\\/secure.gravatar.com\\\/avatar\\\/948b492cce32b586ac2db0eaa926ee87024f7afe218d73b397ea5ddfc5f43ea1?s=96&d=mm&r=g\",\"url\":\"https:\\\/\\\/secure.gravatar.com\\\/avatar\\\/948b492cce32b586ac2db0eaa926ee87024f7afe218d73b397ea5ddfc5f43ea1?s=96&d=mm&r=g\",\"contentUrl\":\"https:\\\/\\\/secure.gravatar.com\\\/avatar\\\/948b492cce32b586ac2db0eaa926ee87024f7afe218d73b397ea5ddfc5f43ea1?s=96&d=mm&r=g\",\"caption\":\"admin\"},\"sameAs\":[\"https:\\\/\\\/filles-de-la-charite.org\"],\"url\":\"https:\\\/\\\/filles-de-la-charite.org\\\/fr\\\/author\\\/caridad\\\/\"}]}<\/script>\n<!-- \/ Yoast SEO plugin. -->","yoast_head_json":{"title":"Une Famille de Migrants \u00e0 la recherche d\u2019une vie en pl\u00e9nitude - Filles de la Charit\u00e9","robots":{"index":"index","follow":"follow","max-snippet":"max-snippet:-1","max-image-preview":"max-image-preview:large","max-video-preview":"max-video-preview:-1"},"canonical":"https:\/\/filles-de-la-charite.org\/fr\/une-famille-de-migrants-a-la-recherche-dune-vie-en-plenitude-2\/","og_locale":"fr_FR","og_type":"article","og_title":"Une Famille de Migrants \u00e0 la recherche d\u2019une vie en pl\u00e9nitude - Filles de la Charit\u00e9","og_description":"Le p\u00e8re de famille est ing\u00e9nieur et travaillait beaucoup pour donner un bon niveau de vie \u00e0 sa femme et \u00e0 ses enfants. Mais \u00e0 cause de la guerre dans leur pays, ils ont \u00e9t\u00e9 t\u00e9moins de la mort cruelle de leurs parents, de membres de leur famille, et ont assist\u00e9 impuissants \u00e0 l\u2019incendie de [&hellip;]","og_url":"https:\/\/filles-de-la-charite.org\/fr\/une-famille-de-migrants-a-la-recherche-dune-vie-en-plenitude-2\/","og_site_name":"Filles de la Charit\u00e9","article_published_time":"2021-03-03T10:55:33+00:00","article_modified_time":"2024-03-17T16:48:16+00:00","og_image":[{"width":751,"height":447,"url":"https:\/\/filles-de-la-charite.org\/wp-content\/uploads\/2023\/06\/1-1-1.jpg","type":"image\/jpeg"}],"author":"admin","twitter_card":"summary_large_image","twitter_misc":{"\u00c9crit par":"admin","Dur\u00e9e de lecture estim\u00e9e":"4 minutes"},"schema":{"@context":"https:\/\/schema.org","@graph":[{"@type":"Article","@id":"https:\/\/filles-de-la-charite.org\/fr\/une-famille-de-migrants-a-la-recherche-dune-vie-en-plenitude-2\/#article","isPartOf":{"@id":"https:\/\/filles-de-la-charite.org\/fr\/une-famille-de-migrants-a-la-recherche-dune-vie-en-plenitude-2\/"},"author":{"name":"admin","@id":"https:\/\/filles-de-la-charite.org\/fr\/#\/schema\/person\/427567b2eccfc2dd7d206da186a1f438"},"headline":"Une Famille de Migrants \u00e0 la recherche d\u2019une vie en pl\u00e9nitude","datePublished":"2021-03-03T10:55:33+00:00","dateModified":"2024-03-17T16:48:16+00:00","mainEntityOfPage":{"@id":"https:\/\/filles-de-la-charite.org\/fr\/une-famille-de-migrants-a-la-recherche-dune-vie-en-plenitude-2\/"},"wordCount":700,"publisher":{"@id":"https:\/\/filles-de-la-charite.org\/fr\/#organization"},"image":{"@id":"https:\/\/filles-de-la-charite.org\/fr\/une-famille-de-migrants-a-la-recherche-dune-vie-en-plenitude-2\/#primaryimage"},"thumbnailUrl":"https:\/\/filles-de-la-charite.org\/wp-content\/uploads\/2023\/06\/1-1-1.jpg","articleSection":["Portugal"],"inLanguage":"fr-FR"},{"@type":"WebPage","@id":"https:\/\/filles-de-la-charite.org\/fr\/une-famille-de-migrants-a-la-recherche-dune-vie-en-plenitude-2\/","url":"https:\/\/filles-de-la-charite.org\/fr\/une-famille-de-migrants-a-la-recherche-dune-vie-en-plenitude-2\/","name":"Une Famille de Migrants \u00e0 la recherche d\u2019une vie en pl\u00e9nitude - Filles de la Charit\u00e9","isPartOf":{"@id":"https:\/\/filles-de-la-charite.org\/fr\/#website"},"primaryImageOfPage":{"@id":"https:\/\/filles-de-la-charite.org\/fr\/une-famille-de-migrants-a-la-recherche-dune-vie-en-plenitude-2\/#primaryimage"},"image":{"@id":"https:\/\/filles-de-la-charite.org\/fr\/une-famille-de-migrants-a-la-recherche-dune-vie-en-plenitude-2\/#primaryimage"},"thumbnailUrl":"https:\/\/filles-de-la-charite.org\/wp-content\/uploads\/2023\/06\/1-1-1.jpg","datePublished":"2021-03-03T10:55:33+00:00","dateModified":"2024-03-17T16:48:16+00:00","breadcrumb":{"@id":"https:\/\/filles-de-la-charite.org\/fr\/une-famille-de-migrants-a-la-recherche-dune-vie-en-plenitude-2\/#breadcrumb"},"inLanguage":"fr-FR","potentialAction":[{"@type":"ReadAction","target":["https:\/\/filles-de-la-charite.org\/fr\/une-famille-de-migrants-a-la-recherche-dune-vie-en-plenitude-2\/"]}]},{"@type":"ImageObject","inLanguage":"fr-FR","@id":"https:\/\/filles-de-la-charite.org\/fr\/une-famille-de-migrants-a-la-recherche-dune-vie-en-plenitude-2\/#primaryimage","url":"https:\/\/filles-de-la-charite.org\/wp-content\/uploads\/2023\/06\/1-1-1.jpg","contentUrl":"https:\/\/filles-de-la-charite.org\/wp-content\/uploads\/2023\/06\/1-1-1.jpg","width":751,"height":447},{"@type":"BreadcrumbList","@id":"https:\/\/filles-de-la-charite.org\/fr\/une-famille-de-migrants-a-la-recherche-dune-vie-en-plenitude-2\/#breadcrumb","itemListElement":[{"@type":"ListItem","position":1,"name":"Portugal","item":"https:\/\/filles-de-la-charite.org\/fr\/category\/portugal-fr\/"},{"@type":"ListItem","position":2,"name":"Une Famille de Migrants \u00e0 la recherche d\u2019une vie en pl\u00e9nitude"}]},{"@type":"WebSite","@id":"https:\/\/filles-de-la-charite.org\/fr\/#website","url":"https:\/\/filles-de-la-charite.org\/fr\/","name":"Hijas de la Caridad","description":"L\u2019amour de J\u00e9sus nous presse \u00e0 prendre soin des personnes les plus d\u00e9munies","publisher":{"@id":"https:\/\/filles-de-la-charite.org\/fr\/#organization"},"potentialAction":[{"@type":"SearchAction","target":{"@type":"EntryPoint","urlTemplate":"https:\/\/filles-de-la-charite.org\/fr\/?s={search_term_string}"},"query-input":{"@type":"PropertyValueSpecification","valueRequired":true,"valueName":"search_term_string"}}],"inLanguage":"fr-FR"},{"@type":"Organization","@id":"https:\/\/filles-de-la-charite.org\/fr\/#organization","name":"Hijas de la Caridad","url":"https:\/\/filles-de-la-charite.org\/fr\/","logo":{"@type":"ImageObject","inLanguage":"fr-FR","@id":"https:\/\/filles-de-la-charite.org\/fr\/#\/schema\/logo\/image\/","url":"https:\/\/filles-de-la-charite.org\/wp-content\/uploads\/2023\/03\/isotipo-Hijas-de-la-Caridad.png","contentUrl":"https:\/\/filles-de-la-charite.org\/wp-content\/uploads\/2023\/03\/isotipo-Hijas-de-la-Caridad.png","width":1417,"height":1417,"caption":"Hijas de la Caridad"},"image":{"@id":"https:\/\/filles-de-la-charite.org\/fr\/#\/schema\/logo\/image\/"}},{"@type":"Person","@id":"https:\/\/filles-de-la-charite.org\/fr\/#\/schema\/person\/427567b2eccfc2dd7d206da186a1f438","name":"admin","image":{"@type":"ImageObject","inLanguage":"fr-FR","@id":"https:\/\/secure.gravatar.com\/avatar\/948b492cce32b586ac2db0eaa926ee87024f7afe218d73b397ea5ddfc5f43ea1?s=96&d=mm&r=g","url":"https:\/\/secure.gravatar.com\/avatar\/948b492cce32b586ac2db0eaa926ee87024f7afe218d73b397ea5ddfc5f43ea1?s=96&d=mm&r=g","contentUrl":"https:\/\/secure.gravatar.com\/avatar\/948b492cce32b586ac2db0eaa926ee87024f7afe218d73b397ea5ddfc5f43ea1?s=96&d=mm&r=g","caption":"admin"},"sameAs":["https:\/\/filles-de-la-charite.org"],"url":"https:\/\/filles-de-la-charite.org\/fr\/author\/caridad\/"}]}},"_links":{"self":[{"href":"https:\/\/filles-de-la-charite.org\/fr\/wp-json\/wp\/v2\/posts\/22511","targetHints":{"allow":["GET"]}}],"collection":[{"href":"https:\/\/filles-de-la-charite.org\/fr\/wp-json\/wp\/v2\/posts"}],"about":[{"href":"https:\/\/filles-de-la-charite.org\/fr\/wp-json\/wp\/v2\/types\/post"}],"author":[{"embeddable":true,"href":"https:\/\/filles-de-la-charite.org\/fr\/wp-json\/wp\/v2\/users\/1"}],"replies":[{"embeddable":true,"href":"https:\/\/filles-de-la-charite.org\/fr\/wp-json\/wp\/v2\/comments?post=22511"}],"version-history":[{"count":1,"href":"https:\/\/filles-de-la-charite.org\/fr\/wp-json\/wp\/v2\/posts\/22511\/revisions"}],"predecessor-version":[{"id":22512,"href":"https:\/\/filles-de-la-charite.org\/fr\/wp-json\/wp\/v2\/posts\/22511\/revisions\/22512"}],"wp:featuredmedia":[{"embeddable":true,"href":"https:\/\/filles-de-la-charite.org\/fr\/wp-json\/wp\/v2\/media\/15599"}],"wp:attachment":[{"href":"https:\/\/filles-de-la-charite.org\/fr\/wp-json\/wp\/v2\/media?parent=22511"}],"wp:term":[{"taxonomy":"category","embeddable":true,"href":"https:\/\/filles-de-la-charite.org\/fr\/wp-json\/wp\/v2\/categories?post=22511"},{"taxonomy":"post_tag","embeddable":true,"href":"https:\/\/filles-de-la-charite.org\/fr\/wp-json\/wp\/v2\/tags?post=22511"}],"curies":[{"name":"wp","href":"https:\/\/api.w.org\/{rel}","templated":true}]}}