{"id":22527,"date":"2021-03-31T22:00:00","date_gmt":"2021-03-31T20:00:00","guid":{"rendered":"https:\/\/hijascaridad.sjdigitaldemo.ovh\/marchons-dans-lesperance\/"},"modified":"2024-03-17T17:46:39","modified_gmt":"2024-03-17T16:46:39","slug":"marchons-dans-lesperance","status":"publish","type":"post","link":"https:\/\/filles-de-la-charite.org\/fr\/marchons-dans-lesperance\/","title":{"rendered":"Marchons dans l\u2019Esp\u00e9rance"},"content":{"rendered":"\n<p>Nous partageons un r\u00eave, un d\u00e9sir enracin\u00e9 au plus profond de notre \u00eatre. Nous sommes tous fils et filles du m\u00eame P\u00e8re, enfants dans le Fils et fr\u00e8res et s\u0153urs entre nous. Quand la situation mondiale semble nier ce fait, il nous faut d\u2019abord croire et ensuite construire une vraie famille, ancr\u00e9e dans la r\u00e9alit\u00e9 et \u00e9difi\u00e9e jour apr\u00e8s jour dans un effort continu afin de transformer les t\u00e9n\u00e8bres de ce monde en chemins de lumi\u00e8re.<br>Le Pape Fran\u00e7ois remet sa derni\u00e8re encyclique Fratelli Tutti entre nos mains et, dans nos c\u0153urs, un bon b\u00e2ton de berger pour le chemin afin de rendre r\u00e9el le r\u00eave qui nous habite :<br>\u00ab Re\u0302vons en tant qu\u2019une seule et me\u0302me humanite\u0301, comme des voyageurs partageant la me\u0302me chair humaine, comme des enfants de cette me\u0302me terre qui nous abrite tous, chacun avec la richesse de sa foi ou de ses convictions, chacun avec sa propre voix, tous fre\u0300res. \u00bb (Fratelli Tutti N\u00b08)<br>Entrons profond\u00e9ment dans cela, plongeons-nous dans notre vie int\u00e9rieure ; le P\u00e8re nous embrasse, le Fils nous dit comment et l\u2019Esprit nous pousse, avan\u00e7ons !<\/p>\n\n\n\n<figure class=\"wp-block-embed-youtube wp-block-embed is-type-video is-provider-youtube wp-embed-aspect-16-9 wp-has-aspect-ratio\"><div class=\"wp-block-embed__wrapper\">\n<iframe loading=\"lazy\" title=\"Marchons dans l\u2019Esp\u00e9rance FR\" width=\"1080\" height=\"608\" src=\"https:\/\/www.youtube.com\/embed\/apQCHMgUHhA?feature=oembed\"  allow=\"accelerometer; autoplay; clipboard-write; encrypted-media; gyroscope; picture-in-picture; web-share\" allowfullscreen><\/iframe>\n<\/div><\/figure>\n","protected":false},"excerpt":{"rendered":"<p>Nous partageons un r\u00eave, un d\u00e9sir enracin\u00e9 au plus profond de notre \u00eatre. Nous sommes tous fils et filles du m\u00eame P\u00e8re, enfants dans le Fils et fr\u00e8res et s\u0153urs entre nous. Quand la situation mondiale semble nier ce fait, il nous faut d\u2019abord croire et ensuite construire une vraie famille, ancr\u00e9e dans la r\u00e9alit\u00e9 [&hellip;]<\/p>\n","protected":false},"author":1,"featured_media":15620,"comment_status":"closed","ping_status":"closed","sticky":false,"template":"","format":"standard","meta":{"_acf_changed":false,"_et_pb_use_builder":"","_et_pb_old_content":"","_et_gb_content_width":"","footnotes":"","_links_to":"","_links_to_target":""},"categories":[755],"tags":[],"class_list":["post-22527","post","type-post","status-publish","format-standard","has-post-thumbnail","hentry","category-caribe-fr"],"acf":[],"yoast_head":"<!-- This site is optimized with the Yoast SEO plugin v27.5 - https:\/\/yoast.com\/product\/yoast-seo-wordpress\/ -->\n<title>Marchons dans l\u2019Esp\u00e9rance - Filles de la Charit\u00e9<\/title>\n<meta name=\"robots\" content=\"index, follow, max-snippet:-1, max-image-preview:large, max-video-preview:-1\" \/>\n<link rel=\"canonical\" href=\"https:\/\/filles-de-la-charite.org\/fr\/marchons-dans-lesperance\/\" \/>\n<meta property=\"og:locale\" content=\"fr_FR\" \/>\n<meta property=\"og:type\" content=\"article\" \/>\n<meta property=\"og:title\" content=\"Marchons dans l\u2019Esp\u00e9rance - Filles de la Charit\u00e9\" \/>\n<meta property=\"og:description\" content=\"Nous partageons un r\u00eave, un d\u00e9sir enracin\u00e9 au plus profond de notre \u00eatre. Nous sommes tous fils et filles du m\u00eame P\u00e8re, enfants dans le Fils et fr\u00e8res et s\u0153urs entre nous. Quand la situation mondiale semble nier ce fait, il nous faut d\u2019abord croire et ensuite construire une vraie famille, ancr\u00e9e dans la r\u00e9alit\u00e9 [&hellip;]\" \/>\n<meta property=\"og:url\" content=\"https:\/\/filles-de-la-charite.org\/fr\/marchons-dans-lesperance\/\" \/>\n<meta property=\"og:site_name\" content=\"Filles de la Charit\u00e9\" \/>\n<meta property=\"article:published_time\" content=\"2021-03-31T20:00:00+00:00\" \/>\n<meta property=\"article:modified_time\" content=\"2024-03-17T16:46:39+00:00\" \/>\n<meta property=\"og:image\" content=\"https:\/\/filles-de-la-charite.org\/wp-content\/uploads\/2023\/06\/thumbnail-scaled-1.jpg\" \/>\n\t<meta property=\"og:image:width\" content=\"2560\" \/>\n\t<meta property=\"og:image:height\" content=\"1440\" \/>\n\t<meta property=\"og:image:type\" content=\"image\/jpeg\" \/>\n<meta name=\"author\" content=\"admin\" \/>\n<meta name=\"twitter:card\" content=\"summary_large_image\" \/>\n<meta name=\"twitter:label1\" content=\"\u00c9crit par\" \/>\n\t<meta name=\"twitter:data1\" content=\"admin\" \/>\n\t<meta name=\"twitter:label2\" content=\"Dur\u00e9e de lecture estim\u00e9e\" \/>\n\t<meta name=\"twitter:data2\" content=\"1 minute\" \/>\n<script type=\"application\/ld+json\" class=\"yoast-schema-graph\">{\"@context\":\"https:\\\/\\\/schema.org\",\"@graph\":[{\"@type\":\"Article\",\"@id\":\"https:\\\/\\\/filles-de-la-charite.org\\\/fr\\\/marchons-dans-lesperance\\\/#article\",\"isPartOf\":{\"@id\":\"https:\\\/\\\/filles-de-la-charite.org\\\/fr\\\/marchons-dans-lesperance\\\/\"},\"author\":{\"name\":\"admin\",\"@id\":\"https:\\\/\\\/filles-de-la-charite.org\\\/fr\\\/#\\\/schema\\\/person\\\/427567b2eccfc2dd7d206da186a1f438\"},\"headline\":\"Marchons dans l\u2019Esp\u00e9rance\",\"datePublished\":\"2021-03-31T20:00:00+00:00\",\"dateModified\":\"2024-03-17T16:46:39+00:00\",\"mainEntityOfPage\":{\"@id\":\"https:\\\/\\\/filles-de-la-charite.org\\\/fr\\\/marchons-dans-lesperance\\\/\"},\"wordCount\":220,\"publisher\":{\"@id\":\"https:\\\/\\\/filles-de-la-charite.org\\\/fr\\\/#organization\"},\"image\":{\"@id\":\"https:\\\/\\\/filles-de-la-charite.org\\\/fr\\\/marchons-dans-lesperance\\\/#primaryimage\"},\"thumbnailUrl\":\"https:\\\/\\\/filles-de-la-charite.org\\\/wp-content\\\/uploads\\\/2023\\\/06\\\/thumbnail-scaled-1.jpg\",\"articleSection\":[\"Cara\u00efbes\"],\"inLanguage\":\"fr-FR\"},{\"@type\":\"WebPage\",\"@id\":\"https:\\\/\\\/filles-de-la-charite.org\\\/fr\\\/marchons-dans-lesperance\\\/\",\"url\":\"https:\\\/\\\/filles-de-la-charite.org\\\/fr\\\/marchons-dans-lesperance\\\/\",\"name\":\"Marchons dans l\u2019Esp\u00e9rance - Filles de la Charit\u00e9\",\"isPartOf\":{\"@id\":\"https:\\\/\\\/filles-de-la-charite.org\\\/fr\\\/#website\"},\"primaryImageOfPage\":{\"@id\":\"https:\\\/\\\/filles-de-la-charite.org\\\/fr\\\/marchons-dans-lesperance\\\/#primaryimage\"},\"image\":{\"@id\":\"https:\\\/\\\/filles-de-la-charite.org\\\/fr\\\/marchons-dans-lesperance\\\/#primaryimage\"},\"thumbnailUrl\":\"https:\\\/\\\/filles-de-la-charite.org\\\/wp-content\\\/uploads\\\/2023\\\/06\\\/thumbnail-scaled-1.jpg\",\"datePublished\":\"2021-03-31T20:00:00+00:00\",\"dateModified\":\"2024-03-17T16:46:39+00:00\",\"breadcrumb\":{\"@id\":\"https:\\\/\\\/filles-de-la-charite.org\\\/fr\\\/marchons-dans-lesperance\\\/#breadcrumb\"},\"inLanguage\":\"fr-FR\",\"potentialAction\":[{\"@type\":\"ReadAction\",\"target\":[\"https:\\\/\\\/filles-de-la-charite.org\\\/fr\\\/marchons-dans-lesperance\\\/\"]}]},{\"@type\":\"ImageObject\",\"inLanguage\":\"fr-FR\",\"@id\":\"https:\\\/\\\/filles-de-la-charite.org\\\/fr\\\/marchons-dans-lesperance\\\/#primaryimage\",\"url\":\"https:\\\/\\\/filles-de-la-charite.org\\\/wp-content\\\/uploads\\\/2023\\\/06\\\/thumbnail-scaled-1.jpg\",\"contentUrl\":\"https:\\\/\\\/filles-de-la-charite.org\\\/wp-content\\\/uploads\\\/2023\\\/06\\\/thumbnail-scaled-1.jpg\",\"width\":2560,\"height\":1440},{\"@type\":\"BreadcrumbList\",\"@id\":\"https:\\\/\\\/filles-de-la-charite.org\\\/fr\\\/marchons-dans-lesperance\\\/#breadcrumb\",\"itemListElement\":[{\"@type\":\"ListItem\",\"position\":1,\"name\":\"Cara\u00efbes\",\"item\":\"https:\\\/\\\/filles-de-la-charite.org\\\/fr\\\/category\\\/caribe-fr\\\/\"},{\"@type\":\"ListItem\",\"position\":2,\"name\":\"Marchons dans l\u2019Esp\u00e9rance\"}]},{\"@type\":\"WebSite\",\"@id\":\"https:\\\/\\\/filles-de-la-charite.org\\\/fr\\\/#website\",\"url\":\"https:\\\/\\\/filles-de-la-charite.org\\\/fr\\\/\",\"name\":\"Hijas de la Caridad\",\"description\":\"L\u2019amour de J\u00e9sus nous presse \u00e0 prendre soin des personnes les plus d\u00e9munies\",\"publisher\":{\"@id\":\"https:\\\/\\\/filles-de-la-charite.org\\\/fr\\\/#organization\"},\"potentialAction\":[{\"@type\":\"SearchAction\",\"target\":{\"@type\":\"EntryPoint\",\"urlTemplate\":\"https:\\\/\\\/filles-de-la-charite.org\\\/fr\\\/?s={search_term_string}\"},\"query-input\":{\"@type\":\"PropertyValueSpecification\",\"valueRequired\":true,\"valueName\":\"search_term_string\"}}],\"inLanguage\":\"fr-FR\"},{\"@type\":\"Organization\",\"@id\":\"https:\\\/\\\/filles-de-la-charite.org\\\/fr\\\/#organization\",\"name\":\"Hijas de la Caridad\",\"url\":\"https:\\\/\\\/filles-de-la-charite.org\\\/fr\\\/\",\"logo\":{\"@type\":\"ImageObject\",\"inLanguage\":\"fr-FR\",\"@id\":\"https:\\\/\\\/filles-de-la-charite.org\\\/fr\\\/#\\\/schema\\\/logo\\\/image\\\/\",\"url\":\"https:\\\/\\\/filles-de-la-charite.org\\\/wp-content\\\/uploads\\\/2023\\\/03\\\/isotipo-Hijas-de-la-Caridad.png\",\"contentUrl\":\"https:\\\/\\\/filles-de-la-charite.org\\\/wp-content\\\/uploads\\\/2023\\\/03\\\/isotipo-Hijas-de-la-Caridad.png\",\"width\":1417,\"height\":1417,\"caption\":\"Hijas de la Caridad\"},\"image\":{\"@id\":\"https:\\\/\\\/filles-de-la-charite.org\\\/fr\\\/#\\\/schema\\\/logo\\\/image\\\/\"}},{\"@type\":\"Person\",\"@id\":\"https:\\\/\\\/filles-de-la-charite.org\\\/fr\\\/#\\\/schema\\\/person\\\/427567b2eccfc2dd7d206da186a1f438\",\"name\":\"admin\",\"image\":{\"@type\":\"ImageObject\",\"inLanguage\":\"fr-FR\",\"@id\":\"https:\\\/\\\/secure.gravatar.com\\\/avatar\\\/948b492cce32b586ac2db0eaa926ee87024f7afe218d73b397ea5ddfc5f43ea1?s=96&d=mm&r=g\",\"url\":\"https:\\\/\\\/secure.gravatar.com\\\/avatar\\\/948b492cce32b586ac2db0eaa926ee87024f7afe218d73b397ea5ddfc5f43ea1?s=96&d=mm&r=g\",\"contentUrl\":\"https:\\\/\\\/secure.gravatar.com\\\/avatar\\\/948b492cce32b586ac2db0eaa926ee87024f7afe218d73b397ea5ddfc5f43ea1?s=96&d=mm&r=g\",\"caption\":\"admin\"},\"sameAs\":[\"https:\\\/\\\/filles-de-la-charite.org\"],\"url\":\"https:\\\/\\\/filles-de-la-charite.org\\\/fr\\\/author\\\/caridad\\\/\"}]}<\/script>\n<!-- \/ Yoast SEO plugin. -->","yoast_head_json":{"title":"Marchons dans l\u2019Esp\u00e9rance - Filles de la Charit\u00e9","robots":{"index":"index","follow":"follow","max-snippet":"max-snippet:-1","max-image-preview":"max-image-preview:large","max-video-preview":"max-video-preview:-1"},"canonical":"https:\/\/filles-de-la-charite.org\/fr\/marchons-dans-lesperance\/","og_locale":"fr_FR","og_type":"article","og_title":"Marchons dans l\u2019Esp\u00e9rance - Filles de la Charit\u00e9","og_description":"Nous partageons un r\u00eave, un d\u00e9sir enracin\u00e9 au plus profond de notre \u00eatre. Nous sommes tous fils et filles du m\u00eame P\u00e8re, enfants dans le Fils et fr\u00e8res et s\u0153urs entre nous. Quand la situation mondiale semble nier ce fait, il nous faut d\u2019abord croire et ensuite construire une vraie famille, ancr\u00e9e dans la r\u00e9alit\u00e9 [&hellip;]","og_url":"https:\/\/filles-de-la-charite.org\/fr\/marchons-dans-lesperance\/","og_site_name":"Filles de la Charit\u00e9","article_published_time":"2021-03-31T20:00:00+00:00","article_modified_time":"2024-03-17T16:46:39+00:00","og_image":[{"width":2560,"height":1440,"url":"https:\/\/filles-de-la-charite.org\/wp-content\/uploads\/2023\/06\/thumbnail-scaled-1.jpg","type":"image\/jpeg"}],"author":"admin","twitter_card":"summary_large_image","twitter_misc":{"\u00c9crit par":"admin","Dur\u00e9e de lecture estim\u00e9e":"1 minute"},"schema":{"@context":"https:\/\/schema.org","@graph":[{"@type":"Article","@id":"https:\/\/filles-de-la-charite.org\/fr\/marchons-dans-lesperance\/#article","isPartOf":{"@id":"https:\/\/filles-de-la-charite.org\/fr\/marchons-dans-lesperance\/"},"author":{"name":"admin","@id":"https:\/\/filles-de-la-charite.org\/fr\/#\/schema\/person\/427567b2eccfc2dd7d206da186a1f438"},"headline":"Marchons dans l\u2019Esp\u00e9rance","datePublished":"2021-03-31T20:00:00+00:00","dateModified":"2024-03-17T16:46:39+00:00","mainEntityOfPage":{"@id":"https:\/\/filles-de-la-charite.org\/fr\/marchons-dans-lesperance\/"},"wordCount":220,"publisher":{"@id":"https:\/\/filles-de-la-charite.org\/fr\/#organization"},"image":{"@id":"https:\/\/filles-de-la-charite.org\/fr\/marchons-dans-lesperance\/#primaryimage"},"thumbnailUrl":"https:\/\/filles-de-la-charite.org\/wp-content\/uploads\/2023\/06\/thumbnail-scaled-1.jpg","articleSection":["Cara\u00efbes"],"inLanguage":"fr-FR"},{"@type":"WebPage","@id":"https:\/\/filles-de-la-charite.org\/fr\/marchons-dans-lesperance\/","url":"https:\/\/filles-de-la-charite.org\/fr\/marchons-dans-lesperance\/","name":"Marchons dans l\u2019Esp\u00e9rance - Filles de la Charit\u00e9","isPartOf":{"@id":"https:\/\/filles-de-la-charite.org\/fr\/#website"},"primaryImageOfPage":{"@id":"https:\/\/filles-de-la-charite.org\/fr\/marchons-dans-lesperance\/#primaryimage"},"image":{"@id":"https:\/\/filles-de-la-charite.org\/fr\/marchons-dans-lesperance\/#primaryimage"},"thumbnailUrl":"https:\/\/filles-de-la-charite.org\/wp-content\/uploads\/2023\/06\/thumbnail-scaled-1.jpg","datePublished":"2021-03-31T20:00:00+00:00","dateModified":"2024-03-17T16:46:39+00:00","breadcrumb":{"@id":"https:\/\/filles-de-la-charite.org\/fr\/marchons-dans-lesperance\/#breadcrumb"},"inLanguage":"fr-FR","potentialAction":[{"@type":"ReadAction","target":["https:\/\/filles-de-la-charite.org\/fr\/marchons-dans-lesperance\/"]}]},{"@type":"ImageObject","inLanguage":"fr-FR","@id":"https:\/\/filles-de-la-charite.org\/fr\/marchons-dans-lesperance\/#primaryimage","url":"https:\/\/filles-de-la-charite.org\/wp-content\/uploads\/2023\/06\/thumbnail-scaled-1.jpg","contentUrl":"https:\/\/filles-de-la-charite.org\/wp-content\/uploads\/2023\/06\/thumbnail-scaled-1.jpg","width":2560,"height":1440},{"@type":"BreadcrumbList","@id":"https:\/\/filles-de-la-charite.org\/fr\/marchons-dans-lesperance\/#breadcrumb","itemListElement":[{"@type":"ListItem","position":1,"name":"Cara\u00efbes","item":"https:\/\/filles-de-la-charite.org\/fr\/category\/caribe-fr\/"},{"@type":"ListItem","position":2,"name":"Marchons dans l\u2019Esp\u00e9rance"}]},{"@type":"WebSite","@id":"https:\/\/filles-de-la-charite.org\/fr\/#website","url":"https:\/\/filles-de-la-charite.org\/fr\/","name":"Hijas de la Caridad","description":"L\u2019amour de J\u00e9sus nous presse \u00e0 prendre soin des personnes les plus d\u00e9munies","publisher":{"@id":"https:\/\/filles-de-la-charite.org\/fr\/#organization"},"potentialAction":[{"@type":"SearchAction","target":{"@type":"EntryPoint","urlTemplate":"https:\/\/filles-de-la-charite.org\/fr\/?s={search_term_string}"},"query-input":{"@type":"PropertyValueSpecification","valueRequired":true,"valueName":"search_term_string"}}],"inLanguage":"fr-FR"},{"@type":"Organization","@id":"https:\/\/filles-de-la-charite.org\/fr\/#organization","name":"Hijas de la Caridad","url":"https:\/\/filles-de-la-charite.org\/fr\/","logo":{"@type":"ImageObject","inLanguage":"fr-FR","@id":"https:\/\/filles-de-la-charite.org\/fr\/#\/schema\/logo\/image\/","url":"https:\/\/filles-de-la-charite.org\/wp-content\/uploads\/2023\/03\/isotipo-Hijas-de-la-Caridad.png","contentUrl":"https:\/\/filles-de-la-charite.org\/wp-content\/uploads\/2023\/03\/isotipo-Hijas-de-la-Caridad.png","width":1417,"height":1417,"caption":"Hijas de la Caridad"},"image":{"@id":"https:\/\/filles-de-la-charite.org\/fr\/#\/schema\/logo\/image\/"}},{"@type":"Person","@id":"https:\/\/filles-de-la-charite.org\/fr\/#\/schema\/person\/427567b2eccfc2dd7d206da186a1f438","name":"admin","image":{"@type":"ImageObject","inLanguage":"fr-FR","@id":"https:\/\/secure.gravatar.com\/avatar\/948b492cce32b586ac2db0eaa926ee87024f7afe218d73b397ea5ddfc5f43ea1?s=96&d=mm&r=g","url":"https:\/\/secure.gravatar.com\/avatar\/948b492cce32b586ac2db0eaa926ee87024f7afe218d73b397ea5ddfc5f43ea1?s=96&d=mm&r=g","contentUrl":"https:\/\/secure.gravatar.com\/avatar\/948b492cce32b586ac2db0eaa926ee87024f7afe218d73b397ea5ddfc5f43ea1?s=96&d=mm&r=g","caption":"admin"},"sameAs":["https:\/\/filles-de-la-charite.org"],"url":"https:\/\/filles-de-la-charite.org\/fr\/author\/caridad\/"}]}},"_links":{"self":[{"href":"https:\/\/filles-de-la-charite.org\/fr\/wp-json\/wp\/v2\/posts\/22527","targetHints":{"allow":["GET"]}}],"collection":[{"href":"https:\/\/filles-de-la-charite.org\/fr\/wp-json\/wp\/v2\/posts"}],"about":[{"href":"https:\/\/filles-de-la-charite.org\/fr\/wp-json\/wp\/v2\/types\/post"}],"author":[{"embeddable":true,"href":"https:\/\/filles-de-la-charite.org\/fr\/wp-json\/wp\/v2\/users\/1"}],"replies":[{"embeddable":true,"href":"https:\/\/filles-de-la-charite.org\/fr\/wp-json\/wp\/v2\/comments?post=22527"}],"version-history":[{"count":1,"href":"https:\/\/filles-de-la-charite.org\/fr\/wp-json\/wp\/v2\/posts\/22527\/revisions"}],"predecessor-version":[{"id":34508,"href":"https:\/\/filles-de-la-charite.org\/fr\/wp-json\/wp\/v2\/posts\/22527\/revisions\/34508"}],"wp:featuredmedia":[{"embeddable":true,"href":"https:\/\/filles-de-la-charite.org\/fr\/wp-json\/wp\/v2\/media\/15620"}],"wp:attachment":[{"href":"https:\/\/filles-de-la-charite.org\/fr\/wp-json\/wp\/v2\/media?parent=22527"}],"wp:term":[{"taxonomy":"category","embeddable":true,"href":"https:\/\/filles-de-la-charite.org\/fr\/wp-json\/wp\/v2\/categories?post=22527"},{"taxonomy":"post_tag","embeddable":true,"href":"https:\/\/filles-de-la-charite.org\/fr\/wp-json\/wp\/v2\/tags?post=22527"}],"curies":[{"name":"wp","href":"https:\/\/api.w.org\/{rel}","templated":true}]}}