{"id":22528,"date":"2021-03-31T22:00:00","date_gmt":"2021-03-31T20:00:00","guid":{"rendered":"https:\/\/hijascaridad.sjdigitaldemo.ovh\/61982\/"},"modified":"2024-03-17T17:46:50","modified_gmt":"2024-03-17T16:46:50","slug":"61982","status":"publish","type":"post","link":"https:\/\/filles-de-la-charite.org\/fr\/61982\/","title":{"rendered":"PROJET de PR\u00c9VENTION : \u201cJe suis un D\u00e9fenseur\u201d"},"content":{"rendered":"\n<h6 class=\"has-text-align-center wp-block-heading\"><strong>Les Filles de la Charit\u00e9 de la Province de Bogota&nbsp;: Engag\u00e9es pour la D\u00e9fense de la Vie<\/strong><\/h6>\n\n\n\n<p><\/p>\n\n\n\n<p>Il y a 10 ans, dans la Province, a \u00e9t\u00e9 cr\u00e9\u00e9 un service pastoral qui cherche \u00e0 faire face aux multiples formes de violence faites aux enfants et aux adolescents, sp\u00e9cialement au trafic humain, avec la cr\u00e9ation du R\u00e9seau <strong>\u00ab&nbsp;D\u00e9fenseurs de Vies&nbsp;\u00bb<\/strong>. Il s\u2019articule autour de trois axes&nbsp;: <strong>Recherche, Communication, P\u00e9dagogie<\/strong>.<\/p>\n\n\n\n<p>Le R\u00e9seau vise \u00e0 minimiser l\u2019impact de la violence avec la devise&nbsp;:<\/p>\n\n\n\n<div class=\"wp-block-image\"><figure class=\"aligncenter size-large\"><img decoding=\"async\" src=\"https:\/\/filles-de-la-charite.org\/wp-content\/uploads\/2023\/06\/2-1024x822-1.png\" alt=\"\" class=\"wp-image-61951\"\/><figcaption>\u201cUne main de plus, une victime de moins\u201d<\/figcaption><\/figure><\/div>\n\n\n\n<p>Le Projet vise les \u00e9coles, les communaut\u00e9s et les paroisses par le biais d\u2019un d\u00e9marche p\u00e9dagogique con\u00e7ue pour les enfants, les adolescents, les parents, les enseignants et les animateurs de Jeunes. Intitul\u00e9 <strong>\u00ab&nbsp;un voyage en faveur de la vie&nbsp;\u00bb<\/strong>, il cherche \u00e0 responsabiliser les participants et invite chacun d\u2019eux \u00e0 utiliser le slogan <strong>\u00ab&nbsp;<em>Je suis un D\u00e9fenseur<\/em>&nbsp;\u00bb<\/strong><\/p>\n\n\n\n<figure class=\"wp-block-gallery alignfull columns-2 is-cropped wp-block-gallery-1 is-layout-flex wp-block-gallery-is-layout-flex\"><ul class=\"blocks-gallery-grid\"><li class=\"blocks-gallery-item\"><figure><img decoding=\"async\" src=\"https:\/\/filles-de-la-charite.org\/wp-content\/uploads\/2023\/06\/3-1024x735-1.png\" alt=\"\" data-id=\"61952\" data-full-url=\"https:\/\/www.filles-de-la-charite.org\/wp-content\/uploads\/news\/September 2021\/Poland\/April 2021\/COLOMBIA\/3.png\" data-link=\"https:\/\/www.filles-de-la-charite.org\/3-16\/\" class=\"wp-image-61952\"\/><figcaption class=\"blocks-gallery-item__caption\">\"Un voyage en faveur de la vie\"<\/figcaption><\/figure><\/li><li class=\"blocks-gallery-item\"><figure><img decoding=\"async\" src=\"https:\/\/filles-de-la-charite.org\/wp-content\/uploads\/2023\/06\/7-1024x576-1.jpg\" alt=\"\" data-id=\"61956\" data-full-url=\"https:\/\/www.filles-de-la-charite.org\/wp-content\/uploads\/news\/April 2021\/COLOMBIA\/7.jpg\" data-link=\"https:\/\/www.filles-de-la-charite.org\/7-14\/\" class=\"wp-image-61956\"\/><\/figure><\/li><\/ul><\/figure>\n\n\n\n<figure class=\"wp-block-gallery alignfull columns-2 is-cropped wp-block-gallery-2 is-layout-flex wp-block-gallery-is-layout-flex\"><ul class=\"blocks-gallery-grid\"><li class=\"blocks-gallery-item\"><figure><img decoding=\"async\" src=\"https:\/\/filles-de-la-charite.org\/wp-content\/uploads\/2023\/06\/4-1024x683-1.jpg\" alt=\"\" data-id=\"61953\" data-full-url=\"https:\/\/www.filles-de-la-charite.org\/wp-content\/uploads\/news\/September 2021\/Poland\/April 2021\/COLOMBIA\/4-scaled.jpg\" data-link=\"https:\/\/www.filles-de-la-charite.org\/4-24\/\" class=\"wp-image-61953\"\/><\/figure><\/li><li class=\"blocks-gallery-item\"><figure><img decoding=\"async\" src=\"https:\/\/filles-de-la-charite.org\/wp-content\/uploads\/2023\/06\/8-1024x683-1.jpg\" alt=\"\" data-id=\"61957\" data-full-url=\"https:\/\/www.filles-de-la-charite.org\/wp-content\/uploads\/news\/April 2021\/COLOMBIA\/8-scaled.jpg\" data-link=\"https:\/\/www.filles-de-la-charite.org\/8-9\/\" class=\"wp-image-61957\"\/><\/figure><\/li><\/ul><\/figure>\n\n\n\n<p>Notre r\u00e9seau est constitu\u00e9 d\u2019une \u00e9quipe de Filles de la Charit\u00e9 et de La\u00efcs de disciplines vari\u00e9es, qui, en fonction de leur sp\u00e9cialisation, s\u2019organisent pour rendre possible cet engagement p\u00e9dagogique.<\/p>\n\n\n\n<figure class=\"wp-block-image alignfull size-large\"><img decoding=\"async\" src=\"https:\/\/filles-de-la-charite.org\/wp-content\/uploads\/2023\/06\/5-1.jpg\" alt=\"\" class=\"wp-image-61954\"\/><\/figure>\n\n\n\n<p>Nous r\u00eavons d\u2019une soci\u00e9t\u00e9 sans violence, o\u00f9 la vie et la dignit\u00e9 sont prioritaires, o\u00f9 des espaces prot\u00e9g\u00e9s sont pr\u00e9vus pour les enfants et les adolescents afin qu\u2019ils puissent grandir et se d\u00e9velopper hors des menaces et des traumatismes. Nous basons notre vie sur ce r\u00eave, aid\u00e9s par les ressources humaines et logistiques de la Province ainsi que sur son appui plein de sollicitude.<\/p>\n\n\n\n<figure class=\"wp-block-image alignfull size-large\"><img decoding=\"async\" src=\"https:\/\/filles-de-la-charite.org\/wp-content\/uploads\/2023\/06\/1-1024x190-1.png\" alt=\"\" class=\"wp-image-61958\"\/><\/figure>\n","protected":false},"excerpt":{"rendered":"<p>Les Filles de la Charit\u00e9 de la Province de Bogota&nbsp;: Engag\u00e9es pour la D\u00e9fense de la Vie Il y a 10 ans, dans la Province, a \u00e9t\u00e9 cr\u00e9\u00e9 un service pastoral qui cherche \u00e0 faire face aux multiples formes de violence faites aux enfants et aux adolescents, sp\u00e9cialement au trafic humain, avec la cr\u00e9ation du [&hellip;]<\/p>\n","protected":false},"author":1,"featured_media":15670,"comment_status":"closed","ping_status":"closed","sticky":false,"template":"","format":"standard","meta":{"_acf_changed":false,"footnotes":"","_links_to":"","_links_to_target":""},"categories":[615],"tags":[],"class_list":["post-22528","post","type-post","status-publish","format-standard","has-post-thumbnail","hentry","category-la-milagrosa-venezuela-fr"],"acf":[],"yoast_head":"<!-- This site is optimized with the Yoast SEO plugin v27.5 - https:\/\/yoast.com\/product\/yoast-seo-wordpress\/ -->\n<title>PROJET de PR\u00c9VENTION : \u201cJe suis un D\u00e9fenseur\u201d - Filles de la Charit\u00e9<\/title>\n<meta name=\"robots\" content=\"index, follow, max-snippet:-1, max-image-preview:large, max-video-preview:-1\" \/>\n<link rel=\"canonical\" href=\"https:\/\/filles-de-la-charite.org\/fr\/61982\/\" \/>\n<meta property=\"og:locale\" content=\"fr_FR\" \/>\n<meta property=\"og:type\" content=\"article\" \/>\n<meta property=\"og:title\" content=\"PROJET de PR\u00c9VENTION : \u201cJe suis un D\u00e9fenseur\u201d - Filles de la Charit\u00e9\" \/>\n<meta property=\"og:description\" content=\"Les Filles de la Charit\u00e9 de la Province de Bogota&nbsp;: Engag\u00e9es pour la D\u00e9fense de la Vie Il y a 10 ans, dans la Province, a \u00e9t\u00e9 cr\u00e9\u00e9 un service pastoral qui cherche \u00e0 faire face aux multiples formes de violence faites aux enfants et aux adolescents, sp\u00e9cialement au trafic humain, avec la cr\u00e9ation du [&hellip;]\" \/>\n<meta property=\"og:url\" content=\"https:\/\/filles-de-la-charite.org\/fr\/61982\/\" \/>\n<meta property=\"og:site_name\" content=\"Filles de la Charit\u00e9\" \/>\n<meta property=\"article:published_time\" content=\"2021-03-31T20:00:00+00:00\" \/>\n<meta property=\"article:modified_time\" content=\"2024-03-17T16:46:50+00:00\" \/>\n<meta property=\"og:image\" content=\"https:\/\/filles-de-la-charite.org\/wp-content\/uploads\/2023\/06\/6-scaled-1.jpg\" \/>\n\t<meta property=\"og:image:width\" content=\"2560\" \/>\n\t<meta property=\"og:image:height\" content=\"1707\" \/>\n\t<meta property=\"og:image:type\" content=\"image\/jpeg\" \/>\n<meta name=\"author\" content=\"admin\" \/>\n<meta name=\"twitter:card\" content=\"summary_large_image\" \/>\n<meta name=\"twitter:label1\" content=\"\u00c9crit par\" \/>\n\t<meta name=\"twitter:data1\" content=\"admin\" \/>\n\t<meta name=\"twitter:label2\" content=\"Dur\u00e9e de lecture estim\u00e9e\" \/>\n\t<meta name=\"twitter:data2\" content=\"3 minutes\" \/>\n<script type=\"application\/ld+json\" class=\"yoast-schema-graph\">{\"@context\":\"https:\\\/\\\/schema.org\",\"@graph\":[{\"@type\":\"Article\",\"@id\":\"https:\\\/\\\/filles-de-la-charite.org\\\/fr\\\/61982\\\/#article\",\"isPartOf\":{\"@id\":\"https:\\\/\\\/filles-de-la-charite.org\\\/fr\\\/61982\\\/\"},\"author\":{\"name\":\"admin\",\"@id\":\"https:\\\/\\\/filles-de-la-charite.org\\\/fr\\\/#\\\/schema\\\/person\\\/427567b2eccfc2dd7d206da186a1f438\"},\"headline\":\"PROJET de PR\u00c9VENTION : \u201cJe suis un D\u00e9fenseur\u201d\",\"datePublished\":\"2021-03-31T20:00:00+00:00\",\"dateModified\":\"2024-03-17T16:46:50+00:00\",\"mainEntityOfPage\":{\"@id\":\"https:\\\/\\\/filles-de-la-charite.org\\\/fr\\\/61982\\\/\"},\"wordCount\":293,\"publisher\":{\"@id\":\"https:\\\/\\\/filles-de-la-charite.org\\\/fr\\\/#organization\"},\"image\":{\"@id\":\"https:\\\/\\\/filles-de-la-charite.org\\\/fr\\\/61982\\\/#primaryimage\"},\"thumbnailUrl\":\"https:\\\/\\\/filles-de-la-charite.org\\\/wp-content\\\/uploads\\\/2023\\\/06\\\/6-scaled-1.jpg\",\"articleSection\":[\"La Milagrosa - Venezuela\"],\"inLanguage\":\"fr-FR\"},{\"@type\":\"WebPage\",\"@id\":\"https:\\\/\\\/filles-de-la-charite.org\\\/fr\\\/61982\\\/\",\"url\":\"https:\\\/\\\/filles-de-la-charite.org\\\/fr\\\/61982\\\/\",\"name\":\"PROJET de PR\u00c9VENTION : \u201cJe suis un D\u00e9fenseur\u201d - Filles de la Charit\u00e9\",\"isPartOf\":{\"@id\":\"https:\\\/\\\/filles-de-la-charite.org\\\/fr\\\/#website\"},\"primaryImageOfPage\":{\"@id\":\"https:\\\/\\\/filles-de-la-charite.org\\\/fr\\\/61982\\\/#primaryimage\"},\"image\":{\"@id\":\"https:\\\/\\\/filles-de-la-charite.org\\\/fr\\\/61982\\\/#primaryimage\"},\"thumbnailUrl\":\"https:\\\/\\\/filles-de-la-charite.org\\\/wp-content\\\/uploads\\\/2023\\\/06\\\/6-scaled-1.jpg\",\"datePublished\":\"2021-03-31T20:00:00+00:00\",\"dateModified\":\"2024-03-17T16:46:50+00:00\",\"breadcrumb\":{\"@id\":\"https:\\\/\\\/filles-de-la-charite.org\\\/fr\\\/61982\\\/#breadcrumb\"},\"inLanguage\":\"fr-FR\",\"potentialAction\":[{\"@type\":\"ReadAction\",\"target\":[\"https:\\\/\\\/filles-de-la-charite.org\\\/fr\\\/61982\\\/\"]}]},{\"@type\":\"ImageObject\",\"inLanguage\":\"fr-FR\",\"@id\":\"https:\\\/\\\/filles-de-la-charite.org\\\/fr\\\/61982\\\/#primaryimage\",\"url\":\"https:\\\/\\\/filles-de-la-charite.org\\\/wp-content\\\/uploads\\\/2023\\\/06\\\/6-scaled-1.jpg\",\"contentUrl\":\"https:\\\/\\\/filles-de-la-charite.org\\\/wp-content\\\/uploads\\\/2023\\\/06\\\/6-scaled-1.jpg\",\"width\":2560,\"height\":1707},{\"@type\":\"BreadcrumbList\",\"@id\":\"https:\\\/\\\/filles-de-la-charite.org\\\/fr\\\/61982\\\/#breadcrumb\",\"itemListElement\":[{\"@type\":\"ListItem\",\"position\":1,\"name\":\"Slov\u00e9nie\",\"item\":\"https:\\\/\\\/filles-de-la-charite.org\\\/fr\\\/category\\\/slovenie-fr\\\/\"},{\"@type\":\"ListItem\",\"position\":2,\"name\":\"PROJET de PR\u00c9VENTION : \u201cJe suis un D\u00e9fenseur\u201d\"}]},{\"@type\":\"WebSite\",\"@id\":\"https:\\\/\\\/filles-de-la-charite.org\\\/fr\\\/#website\",\"url\":\"https:\\\/\\\/filles-de-la-charite.org\\\/fr\\\/\",\"name\":\"Hijas de la Caridad\",\"description\":\"L\u2019amour de J\u00e9sus nous presse \u00e0 prendre soin des personnes les plus d\u00e9munies\",\"publisher\":{\"@id\":\"https:\\\/\\\/filles-de-la-charite.org\\\/fr\\\/#organization\"},\"potentialAction\":[{\"@type\":\"SearchAction\",\"target\":{\"@type\":\"EntryPoint\",\"urlTemplate\":\"https:\\\/\\\/filles-de-la-charite.org\\\/fr\\\/?s={search_term_string}\"},\"query-input\":{\"@type\":\"PropertyValueSpecification\",\"valueRequired\":true,\"valueName\":\"search_term_string\"}}],\"inLanguage\":\"fr-FR\"},{\"@type\":\"Organization\",\"@id\":\"https:\\\/\\\/filles-de-la-charite.org\\\/fr\\\/#organization\",\"name\":\"Hijas de la Caridad\",\"url\":\"https:\\\/\\\/filles-de-la-charite.org\\\/fr\\\/\",\"logo\":{\"@type\":\"ImageObject\",\"inLanguage\":\"fr-FR\",\"@id\":\"https:\\\/\\\/filles-de-la-charite.org\\\/fr\\\/#\\\/schema\\\/logo\\\/image\\\/\",\"url\":\"https:\\\/\\\/filles-de-la-charite.org\\\/wp-content\\\/uploads\\\/2023\\\/03\\\/isotipo-Hijas-de-la-Caridad.png\",\"contentUrl\":\"https:\\\/\\\/filles-de-la-charite.org\\\/wp-content\\\/uploads\\\/2023\\\/03\\\/isotipo-Hijas-de-la-Caridad.png\",\"width\":1417,\"height\":1417,\"caption\":\"Hijas de la Caridad\"},\"image\":{\"@id\":\"https:\\\/\\\/filles-de-la-charite.org\\\/fr\\\/#\\\/schema\\\/logo\\\/image\\\/\"}},{\"@type\":\"Person\",\"@id\":\"https:\\\/\\\/filles-de-la-charite.org\\\/fr\\\/#\\\/schema\\\/person\\\/427567b2eccfc2dd7d206da186a1f438\",\"name\":\"admin\",\"image\":{\"@type\":\"ImageObject\",\"inLanguage\":\"fr-FR\",\"@id\":\"https:\\\/\\\/secure.gravatar.com\\\/avatar\\\/948b492cce32b586ac2db0eaa926ee87024f7afe218d73b397ea5ddfc5f43ea1?s=96&d=mm&r=g\",\"url\":\"https:\\\/\\\/secure.gravatar.com\\\/avatar\\\/948b492cce32b586ac2db0eaa926ee87024f7afe218d73b397ea5ddfc5f43ea1?s=96&d=mm&r=g\",\"contentUrl\":\"https:\\\/\\\/secure.gravatar.com\\\/avatar\\\/948b492cce32b586ac2db0eaa926ee87024f7afe218d73b397ea5ddfc5f43ea1?s=96&d=mm&r=g\",\"caption\":\"admin\"},\"sameAs\":[\"https:\\\/\\\/filles-de-la-charite.org\"],\"url\":\"https:\\\/\\\/filles-de-la-charite.org\\\/fr\\\/author\\\/caridad\\\/\"}]}<\/script>\n<!-- \/ Yoast SEO plugin. -->","yoast_head_json":{"title":"PROJET de PR\u00c9VENTION : \u201cJe suis un D\u00e9fenseur\u201d - Filles de la Charit\u00e9","robots":{"index":"index","follow":"follow","max-snippet":"max-snippet:-1","max-image-preview":"max-image-preview:large","max-video-preview":"max-video-preview:-1"},"canonical":"https:\/\/filles-de-la-charite.org\/fr\/61982\/","og_locale":"fr_FR","og_type":"article","og_title":"PROJET de PR\u00c9VENTION : \u201cJe suis un D\u00e9fenseur\u201d - Filles de la Charit\u00e9","og_description":"Les Filles de la Charit\u00e9 de la Province de Bogota&nbsp;: Engag\u00e9es pour la D\u00e9fense de la Vie Il y a 10 ans, dans la Province, a \u00e9t\u00e9 cr\u00e9\u00e9 un service pastoral qui cherche \u00e0 faire face aux multiples formes de violence faites aux enfants et aux adolescents, sp\u00e9cialement au trafic humain, avec la cr\u00e9ation du [&hellip;]","og_url":"https:\/\/filles-de-la-charite.org\/fr\/61982\/","og_site_name":"Filles de la Charit\u00e9","article_published_time":"2021-03-31T20:00:00+00:00","article_modified_time":"2024-03-17T16:46:50+00:00","og_image":[{"width":2560,"height":1707,"url":"https:\/\/filles-de-la-charite.org\/wp-content\/uploads\/2023\/06\/6-scaled-1.jpg","type":"image\/jpeg"}],"author":"admin","twitter_card":"summary_large_image","twitter_misc":{"\u00c9crit par":"admin","Dur\u00e9e de lecture estim\u00e9e":"3 minutes"},"schema":{"@context":"https:\/\/schema.org","@graph":[{"@type":"Article","@id":"https:\/\/filles-de-la-charite.org\/fr\/61982\/#article","isPartOf":{"@id":"https:\/\/filles-de-la-charite.org\/fr\/61982\/"},"author":{"name":"admin","@id":"https:\/\/filles-de-la-charite.org\/fr\/#\/schema\/person\/427567b2eccfc2dd7d206da186a1f438"},"headline":"PROJET de PR\u00c9VENTION : \u201cJe suis un D\u00e9fenseur\u201d","datePublished":"2021-03-31T20:00:00+00:00","dateModified":"2024-03-17T16:46:50+00:00","mainEntityOfPage":{"@id":"https:\/\/filles-de-la-charite.org\/fr\/61982\/"},"wordCount":293,"publisher":{"@id":"https:\/\/filles-de-la-charite.org\/fr\/#organization"},"image":{"@id":"https:\/\/filles-de-la-charite.org\/fr\/61982\/#primaryimage"},"thumbnailUrl":"https:\/\/filles-de-la-charite.org\/wp-content\/uploads\/2023\/06\/6-scaled-1.jpg","articleSection":["La Milagrosa - Venezuela"],"inLanguage":"fr-FR"},{"@type":"WebPage","@id":"https:\/\/filles-de-la-charite.org\/fr\/61982\/","url":"https:\/\/filles-de-la-charite.org\/fr\/61982\/","name":"PROJET de PR\u00c9VENTION : \u201cJe suis un D\u00e9fenseur\u201d - Filles de la Charit\u00e9","isPartOf":{"@id":"https:\/\/filles-de-la-charite.org\/fr\/#website"},"primaryImageOfPage":{"@id":"https:\/\/filles-de-la-charite.org\/fr\/61982\/#primaryimage"},"image":{"@id":"https:\/\/filles-de-la-charite.org\/fr\/61982\/#primaryimage"},"thumbnailUrl":"https:\/\/filles-de-la-charite.org\/wp-content\/uploads\/2023\/06\/6-scaled-1.jpg","datePublished":"2021-03-31T20:00:00+00:00","dateModified":"2024-03-17T16:46:50+00:00","breadcrumb":{"@id":"https:\/\/filles-de-la-charite.org\/fr\/61982\/#breadcrumb"},"inLanguage":"fr-FR","potentialAction":[{"@type":"ReadAction","target":["https:\/\/filles-de-la-charite.org\/fr\/61982\/"]}]},{"@type":"ImageObject","inLanguage":"fr-FR","@id":"https:\/\/filles-de-la-charite.org\/fr\/61982\/#primaryimage","url":"https:\/\/filles-de-la-charite.org\/wp-content\/uploads\/2023\/06\/6-scaled-1.jpg","contentUrl":"https:\/\/filles-de-la-charite.org\/wp-content\/uploads\/2023\/06\/6-scaled-1.jpg","width":2560,"height":1707},{"@type":"BreadcrumbList","@id":"https:\/\/filles-de-la-charite.org\/fr\/61982\/#breadcrumb","itemListElement":[{"@type":"ListItem","position":1,"name":"Slov\u00e9nie","item":"https:\/\/filles-de-la-charite.org\/fr\/category\/slovenie-fr\/"},{"@type":"ListItem","position":2,"name":"PROJET de PR\u00c9VENTION : \u201cJe suis un D\u00e9fenseur\u201d"}]},{"@type":"WebSite","@id":"https:\/\/filles-de-la-charite.org\/fr\/#website","url":"https:\/\/filles-de-la-charite.org\/fr\/","name":"Hijas de la Caridad","description":"L\u2019amour de J\u00e9sus nous presse \u00e0 prendre soin des personnes les plus d\u00e9munies","publisher":{"@id":"https:\/\/filles-de-la-charite.org\/fr\/#organization"},"potentialAction":[{"@type":"SearchAction","target":{"@type":"EntryPoint","urlTemplate":"https:\/\/filles-de-la-charite.org\/fr\/?s={search_term_string}"},"query-input":{"@type":"PropertyValueSpecification","valueRequired":true,"valueName":"search_term_string"}}],"inLanguage":"fr-FR"},{"@type":"Organization","@id":"https:\/\/filles-de-la-charite.org\/fr\/#organization","name":"Hijas de la Caridad","url":"https:\/\/filles-de-la-charite.org\/fr\/","logo":{"@type":"ImageObject","inLanguage":"fr-FR","@id":"https:\/\/filles-de-la-charite.org\/fr\/#\/schema\/logo\/image\/","url":"https:\/\/filles-de-la-charite.org\/wp-content\/uploads\/2023\/03\/isotipo-Hijas-de-la-Caridad.png","contentUrl":"https:\/\/filles-de-la-charite.org\/wp-content\/uploads\/2023\/03\/isotipo-Hijas-de-la-Caridad.png","width":1417,"height":1417,"caption":"Hijas de la Caridad"},"image":{"@id":"https:\/\/filles-de-la-charite.org\/fr\/#\/schema\/logo\/image\/"}},{"@type":"Person","@id":"https:\/\/filles-de-la-charite.org\/fr\/#\/schema\/person\/427567b2eccfc2dd7d206da186a1f438","name":"admin","image":{"@type":"ImageObject","inLanguage":"fr-FR","@id":"https:\/\/secure.gravatar.com\/avatar\/948b492cce32b586ac2db0eaa926ee87024f7afe218d73b397ea5ddfc5f43ea1?s=96&d=mm&r=g","url":"https:\/\/secure.gravatar.com\/avatar\/948b492cce32b586ac2db0eaa926ee87024f7afe218d73b397ea5ddfc5f43ea1?s=96&d=mm&r=g","contentUrl":"https:\/\/secure.gravatar.com\/avatar\/948b492cce32b586ac2db0eaa926ee87024f7afe218d73b397ea5ddfc5f43ea1?s=96&d=mm&r=g","caption":"admin"},"sameAs":["https:\/\/filles-de-la-charite.org"],"url":"https:\/\/filles-de-la-charite.org\/fr\/author\/caridad\/"}]}},"_links":{"self":[{"href":"https:\/\/filles-de-la-charite.org\/fr\/wp-json\/wp\/v2\/posts\/22528","targetHints":{"allow":["GET"]}}],"collection":[{"href":"https:\/\/filles-de-la-charite.org\/fr\/wp-json\/wp\/v2\/posts"}],"about":[{"href":"https:\/\/filles-de-la-charite.org\/fr\/wp-json\/wp\/v2\/types\/post"}],"author":[{"embeddable":true,"href":"https:\/\/filles-de-la-charite.org\/fr\/wp-json\/wp\/v2\/users\/1"}],"replies":[{"embeddable":true,"href":"https:\/\/filles-de-la-charite.org\/fr\/wp-json\/wp\/v2\/comments?post=22528"}],"version-history":[{"count":1,"href":"https:\/\/filles-de-la-charite.org\/fr\/wp-json\/wp\/v2\/posts\/22528\/revisions"}],"predecessor-version":[{"id":22529,"href":"https:\/\/filles-de-la-charite.org\/fr\/wp-json\/wp\/v2\/posts\/22528\/revisions\/22529"}],"wp:featuredmedia":[{"embeddable":true,"href":"https:\/\/filles-de-la-charite.org\/fr\/wp-json\/wp\/v2\/media\/15670"}],"wp:attachment":[{"href":"https:\/\/filles-de-la-charite.org\/fr\/wp-json\/wp\/v2\/media?parent=22528"}],"wp:term":[{"taxonomy":"category","embeddable":true,"href":"https:\/\/filles-de-la-charite.org\/fr\/wp-json\/wp\/v2\/categories?post=22528"},{"taxonomy":"post_tag","embeddable":true,"href":"https:\/\/filles-de-la-charite.org\/fr\/wp-json\/wp\/v2\/tags?post=22528"}],"curies":[{"name":"wp","href":"https:\/\/api.w.org\/{rel}","templated":true}]}}