{"id":22534,"date":"2021-04-26T11:31:33","date_gmt":"2021-04-26T09:31:33","guid":{"rendered":"https:\/\/hijascaridad.sjdigitaldemo.ovh\/conference-vincentienne-2021-lhomme-blesse-qui-nous-liberera-de-la-peur-2\/"},"modified":"2024-03-17T17:46:00","modified_gmt":"2024-03-17T16:46:00","slug":"conference-vincentienne-2021-lhomme-blesse-qui-nous-liberera-de-la-peur-2","status":"publish","type":"post","link":"https:\/\/filles-de-la-charite.org\/fr\/conference-vincentienne-2021-lhomme-blesse-qui-nous-liberera-de-la-peur-2\/","title":{"rendered":"Conf\u00e9rence Vincentienne 2021: \u00ab\u00a0L\u2019homme bless\u00e9\u2026 Qui nous lib\u00e8rera de la peur?\u00a0\u00bb"},"content":{"rendered":"\n<div class=\"wp-block-image\"><figure class=\"aligncenter size-large\"><img decoding=\"async\" src=\"https:\/\/filles-de-la-charite.org\/wp-content\/uploads\/2023\/06\/Poster-Seminario-2021-724x1024-1.jpg\" alt=\"\" class=\"wp-image-62235\"\/><\/figure><\/div>\n\n\n\n<p>La Conf\u00e9rence Vincentienne 2021 a \u00e9t\u00e9 diffus\u00e9e en direct pour la premi\u00e8re fois sur la plateforme Zoom le 24 janvier 2021 et s'est d\u00e9roul\u00e9e en une journ\u00e9e pour l'ensemble de la Sardaigne, au lieu de deux jours diff\u00e9rents (un pour le Nord et un pour le Sud de notre \u00eele) comme c'\u00e9tait le cas dans le pass\u00e9. La diffusion en direct entrera dans l'histoire pour la fa\u00e7on dont elle a \u00e9t\u00e9 v\u00e9cue en raison de la pand\u00e9mie. La formation s'est d\u00e9roul\u00e9e en une seule journ\u00e9e, pour tous les membres qui s\u2019adonnent \u00e0 l'\u00e9tude, \u00e0 l'approfondissement de la spiritualit\u00e9 et de l'enseignement de St. Vincent de Paul.<\/p>\n\n\n\n<p>Les branches de la Famille Vincentienne se sont r\u00e9unies virtuellement, se connectant depuis Sassari, Olbia et Cagliari : la\u00efcs et femmes des Conf\u00e9rences de Saint Vincent de Paul fond\u00e9es par le Bienheureux Fr\u00e9d\u00e9ric Ozanam, les S\u0153urs de Sainte Jeanne Antide Thouret, les S\u0153urs de la Congr\u00e9gation de Geths\u00e9mani fond\u00e9e par le P\u00e8re Manzella, un missionnaire Vincentien, le plus grand groupe de volontaires Vincentiens, les pr\u00eatres de la Mission qui travaillent \u00e0 Sassari et Cagliari, et les Filles de la Charit\u00e9 qui sont bien connues dans tous les coins de notre pays.<\/p>\n\n\n\n<div class=\"wp-block-image\"><figure class=\"aligncenter size-large\"><img decoding=\"async\" src=\"https:\/\/filles-de-la-charite.org\/wp-content\/uploads\/2023\/06\/2-1024x569-1.jpg\" alt=\"\" class=\"wp-image-62237\"\/><\/figure><\/div>\n\n\n\n<p>Apr\u00e8s un bref moment de pri\u00e8re anim\u00e9 par le P\u00e8re Beppe Crobu, Sup\u00e9rieur de la Casa della Missione de Cagliari, l'orateur, le P\u00e8re Nicola Albanesi, C.M., a introduit le th\u00e8me de l'\u00e9tude de la journ\u00e9e : \u00ab&nbsp;L'homme bless\u00e9 ... Qui nous lib\u00e9rera de la peur ?&nbsp;\u00bb L'orateur a clairement mis en \u00e9vidence comment saint Vincent, face au bless\u00e9 (la pand\u00e9mie est, pour nous tous, une blessure aussi difficile \u00e0 gu\u00e9rir), a v\u00e9cu le d\u00e9fi de la foi ; lui, notre enseignant, continue de nous montrer comment nous pencher sur les blessures de l'humanit\u00e9 souffrante de notre temps.<\/p>\n\n\n\n<p>Au c\u0153ur de la Conf\u00e9rence, il y a des questions qui nous ont toujours interpell\u00e9s concernant l'amour que nous, Vincentiens, avons pour les Pauvres : quel est-il et d'o\u00f9 vient-il? Il nous a souvent \u00e9t\u00e9 dit que nous devons faire un effort pour aimer les autres, pour surmonter l'aversion, pour faire face \u00e0 des situations r\u00e9pugnantes ; d'une mani\u00e8re ou d'une autre, nous avons \u00e9t\u00e9 amen\u00e9s \u00e0 croire que l'amour du prochain d\u00e9pend de notre bonne volont\u00e9. Bien s\u00fbr, l'amour pour nos fr\u00e8res et s\u0153urs, \u00e0 commencer par les plus Petits, n\u00e9cessite notre action et un certain engagement mais cela vient d'une r\u00e9alit\u00e9 qui se situe au plus profond de notre \u00eatre o\u00f9 l'Amour est omnipr\u00e9sent.<\/p>\n\n\n\n<p>Le P\u00e8re Nicola nous a \u00e9clair\u00e9s sur ce que doit \u00eatre pour nous la source authentique de l'amour, ce qui doit animer notre action caritative : \"La source de notre amour n'est autre que l'Amour que nous avons re\u00e7u. Il jaillit de la connaissance que Dieu nous aime. La Charit\u00e9 est toujours le fruit de l'action du Christ en nous ! Nous comprenons alors comment un c\u0153ur p\u00e9n\u00e9tr\u00e9 de l'amour du Christ conna\u00eet non seulement l'amour du prochain mais aussi le don de la pri\u00e8re ! L'amour pour les Pauvres a besoin d'une foi vivante, d'une recherche incessante et continue du visage de Dieu. L'amour de Dieu, manifest\u00e9 dans le Christ et r\u00e9pandu par l'Esprit, nourrit l'amour pour les Pauvres, soutient dans les moments d'\u00e9preuve, se r\u00e9veille dans les moments de crise et prot\u00e8ge en cas de risque d\u2019\u00e9chec. La communaut\u00e9 qui prie, qui contemple le myst\u00e8re du Christ, et qui vit en communion, prenant soin les uns des autres est le lieu o\u00f9 chacun puise \u00e0 une source d'amour inconditionnel et acquiert la force d'aimer ceux qui ne sont pas aim\u00e9s, ceux qui ont le plus de mal \u00e0 croire \u00e0 l\u2019amour et \u00e0 s\u2019ouvrir \u00e0 la beaut\u00e9 de la vie.\u00bb<\/p>\n\n\n\n<div class=\"wp-block-image\"><figure class=\"aligncenter size-large\"><img decoding=\"async\" src=\"https:\/\/filles-de-la-charite.org\/wp-content\/uploads\/2023\/06\/5-1024x574-1.jpg\" alt=\"\" class=\"wp-image-62240\"\/><\/figure><\/div>\n\n\n\n<p>\u00c0 la fin de la Conf\u00e9rence, nous avons accueilli avec joie la br\u00e8ve intervention de Monseigneur Giuseppe Batturi, \u00c9v\u00eaque de Cagliari, qui nous a exhort\u00e9s \u00e0 continuer \u00e0 nous engager dans la construction d'une image de l'\u00c9glise qui r\u00e9ponde aux besoins actuels. Nous esp\u00e9rons pouvoir participer physiquement \u00e0 la Conf\u00e9rence Vincentienne 2022 ! Le P\u00e8re Nicola a cit\u00e9 saint Vincent \u00e0 la fin de la rencontre\u2026 faisons n\u00f4tres ces paroles:<\/p>\n\n\n\n<div class=\"wp-block-image\"><figure class=\"aligncenter size-large\"><img decoding=\"async\" src=\"https:\/\/filles-de-la-charite.org\/wp-content\/uploads\/2023\/06\/6-1024x568-1.jpg\" alt=\"\" class=\"wp-image-62241\"\/><\/figure><\/div>\n\n\n\n<p><em>\u00abLa meilleure fa\u00e7on d'assurer notre bonheur \u00e9ternel est de vivre<br>et de mourir dans le service des Pauvres, dans les bras de la Divine Providence, <br>dans le renoncement total \u00e0 nous-m\u00eames pour suivre J\u00e9sus-Chris\u00bb.<\/em><\/p>\n\n\n\n<figure class=\"wp-block-gallery aligncenter columns-2 is-cropped wp-block-gallery-1 is-layout-flex wp-block-gallery-is-layout-flex\"><ul class=\"blocks-gallery-grid\"><li class=\"blocks-gallery-item\"><figure><img decoding=\"async\" src=\"https:\/\/filles-de-la-charite.org\/wp-content\/uploads\/2023\/06\/4-1024x573-1.jpg\" alt=\"\" data-id=\"62239\" data-full-url=\"https:\/\/www.filles-de-la-charite.org\/wp-content\/uploads\/news\/April 2021\/SARDINIA\/4.jpg\" data-link=\"https:\/\/www.filles-de-la-charite.org\/?attachment_id=62239\" class=\"wp-image-62239\"\/><\/figure><\/li><li class=\"blocks-gallery-item\"><figure><img decoding=\"async\" src=\"https:\/\/filles-de-la-charite.org\/wp-content\/uploads\/2023\/06\/3-1024x577-1.jpg\" alt=\"\" data-id=\"62238\" data-full-url=\"https:\/\/www.filles-de-la-charite.org\/wp-content\/uploads\/news\/April 2021\/SARDINIA\/3.jpg\" data-link=\"https:\/\/www.filles-de-la-charite.org\/?attachment_id=62238\" class=\"wp-image-62238\"\/><\/figure><\/li><\/ul><\/figure>\n","protected":false},"excerpt":{"rendered":"<p>La Conf\u00e9rence Vincentienne 2021 a \u00e9t\u00e9 diffus\u00e9e en direct pour la premi\u00e8re fois sur la plateforme Zoom le 24 janvier 2021 et s&rsquo;est d\u00e9roul\u00e9e en une journ\u00e9e pour l&rsquo;ensemble de la Sardaigne, au lieu de deux jours diff\u00e9rents (un pour le Nord et un pour le Sud de notre \u00eele) comme c&rsquo;\u00e9tait le cas dans [&hellip;]<\/p>\n","protected":false},"author":1,"featured_media":15784,"comment_status":"closed","ping_status":"closed","sticky":false,"template":"","format":"standard","meta":{"_acf_changed":false,"footnotes":"","_links_to":"","_links_to_target":""},"categories":[684],"tags":[],"class_list":["post-22534","post","type-post","status-publish","format-standard","has-post-thumbnail","hentry","category-sardaigne-italie-fr"],"acf":[],"yoast_head":"<!-- This site is optimized with the Yoast SEO plugin v27.5 - https:\/\/yoast.com\/product\/yoast-seo-wordpress\/ -->\n<title>Conf\u00e9rence Vincentienne 2021: &quot;L\u2019homme bless\u00e9\u2026 Qui nous lib\u00e8rera de la peur?&quot; - Filles de la Charit\u00e9<\/title>\n<meta name=\"robots\" content=\"index, follow, max-snippet:-1, max-image-preview:large, max-video-preview:-1\" \/>\n<link rel=\"canonical\" href=\"https:\/\/filles-de-la-charite.org\/fr\/conference-vincentienne-2021-lhomme-blesse-qui-nous-liberera-de-la-peur-2\/\" \/>\n<meta property=\"og:locale\" content=\"fr_FR\" \/>\n<meta property=\"og:type\" content=\"article\" \/>\n<meta property=\"og:title\" content=\"Conf\u00e9rence Vincentienne 2021: &quot;L\u2019homme bless\u00e9\u2026 Qui nous lib\u00e8rera de la peur?&quot; - Filles de la Charit\u00e9\" \/>\n<meta property=\"og:description\" content=\"La Conf\u00e9rence Vincentienne 2021 a \u00e9t\u00e9 diffus\u00e9e en direct pour la premi\u00e8re fois sur la plateforme Zoom le 24 janvier 2021 et s&rsquo;est d\u00e9roul\u00e9e en une journ\u00e9e pour l&rsquo;ensemble de la Sardaigne, au lieu de deux jours diff\u00e9rents (un pour le Nord et un pour le Sud de notre \u00eele) comme c&rsquo;\u00e9tait le cas dans [&hellip;]\" \/>\n<meta property=\"og:url\" content=\"https:\/\/filles-de-la-charite.org\/fr\/conference-vincentienne-2021-lhomme-blesse-qui-nous-liberera-de-la-peur-2\/\" \/>\n<meta property=\"og:site_name\" content=\"Filles de la Charit\u00e9\" \/>\n<meta property=\"article:published_time\" content=\"2021-04-26T09:31:33+00:00\" \/>\n<meta property=\"article:modified_time\" content=\"2024-03-17T16:46:00+00:00\" \/>\n<meta property=\"og:image\" content=\"https:\/\/filles-de-la-charite.org\/wp-content\/uploads\/2023\/06\/1-5.jpg\" \/>\n\t<meta property=\"og:image:width\" content=\"1364\" \/>\n\t<meta property=\"og:image:height\" content=\"764\" \/>\n\t<meta property=\"og:image:type\" content=\"image\/jpeg\" \/>\n<meta name=\"author\" content=\"admin\" \/>\n<meta name=\"twitter:card\" content=\"summary_large_image\" \/>\n<meta name=\"twitter:label1\" content=\"\u00c9crit par\" \/>\n\t<meta name=\"twitter:data1\" content=\"admin\" \/>\n\t<meta name=\"twitter:label2\" content=\"Dur\u00e9e de lecture estim\u00e9e\" \/>\n\t<meta name=\"twitter:data2\" content=\"5 minutes\" \/>\n<script type=\"application\/ld+json\" class=\"yoast-schema-graph\">{\"@context\":\"https:\\\/\\\/schema.org\",\"@graph\":[{\"@type\":\"Article\",\"@id\":\"https:\\\/\\\/filles-de-la-charite.org\\\/fr\\\/conference-vincentienne-2021-lhomme-blesse-qui-nous-liberera-de-la-peur-2\\\/#article\",\"isPartOf\":{\"@id\":\"https:\\\/\\\/filles-de-la-charite.org\\\/fr\\\/conference-vincentienne-2021-lhomme-blesse-qui-nous-liberera-de-la-peur-2\\\/\"},\"author\":{\"name\":\"admin\",\"@id\":\"https:\\\/\\\/filles-de-la-charite.org\\\/fr\\\/#\\\/schema\\\/person\\\/427567b2eccfc2dd7d206da186a1f438\"},\"headline\":\"Conf\u00e9rence Vincentienne 2021: \u00ab\u00a0L\u2019homme bless\u00e9\u2026 Qui nous lib\u00e8rera de la peur?\u00a0\u00bb\",\"datePublished\":\"2021-04-26T09:31:33+00:00\",\"dateModified\":\"2024-03-17T16:46:00+00:00\",\"mainEntityOfPage\":{\"@id\":\"https:\\\/\\\/filles-de-la-charite.org\\\/fr\\\/conference-vincentienne-2021-lhomme-blesse-qui-nous-liberera-de-la-peur-2\\\/\"},\"wordCount\":818,\"publisher\":{\"@id\":\"https:\\\/\\\/filles-de-la-charite.org\\\/fr\\\/#organization\"},\"image\":{\"@id\":\"https:\\\/\\\/filles-de-la-charite.org\\\/fr\\\/conference-vincentienne-2021-lhomme-blesse-qui-nous-liberera-de-la-peur-2\\\/#primaryimage\"},\"thumbnailUrl\":\"https:\\\/\\\/filles-de-la-charite.org\\\/wp-content\\\/uploads\\\/2023\\\/06\\\/1-5.jpg\",\"articleSection\":[\"Sardaigne - Italie\"],\"inLanguage\":\"fr-FR\"},{\"@type\":\"WebPage\",\"@id\":\"https:\\\/\\\/filles-de-la-charite.org\\\/fr\\\/conference-vincentienne-2021-lhomme-blesse-qui-nous-liberera-de-la-peur-2\\\/\",\"url\":\"https:\\\/\\\/filles-de-la-charite.org\\\/fr\\\/conference-vincentienne-2021-lhomme-blesse-qui-nous-liberera-de-la-peur-2\\\/\",\"name\":\"Conf\u00e9rence Vincentienne 2021: \\\"L\u2019homme bless\u00e9\u2026 Qui nous lib\u00e8rera de la peur?\\\" - Filles de la Charit\u00e9\",\"isPartOf\":{\"@id\":\"https:\\\/\\\/filles-de-la-charite.org\\\/fr\\\/#website\"},\"primaryImageOfPage\":{\"@id\":\"https:\\\/\\\/filles-de-la-charite.org\\\/fr\\\/conference-vincentienne-2021-lhomme-blesse-qui-nous-liberera-de-la-peur-2\\\/#primaryimage\"},\"image\":{\"@id\":\"https:\\\/\\\/filles-de-la-charite.org\\\/fr\\\/conference-vincentienne-2021-lhomme-blesse-qui-nous-liberera-de-la-peur-2\\\/#primaryimage\"},\"thumbnailUrl\":\"https:\\\/\\\/filles-de-la-charite.org\\\/wp-content\\\/uploads\\\/2023\\\/06\\\/1-5.jpg\",\"datePublished\":\"2021-04-26T09:31:33+00:00\",\"dateModified\":\"2024-03-17T16:46:00+00:00\",\"breadcrumb\":{\"@id\":\"https:\\\/\\\/filles-de-la-charite.org\\\/fr\\\/conference-vincentienne-2021-lhomme-blesse-qui-nous-liberera-de-la-peur-2\\\/#breadcrumb\"},\"inLanguage\":\"fr-FR\",\"potentialAction\":[{\"@type\":\"ReadAction\",\"target\":[\"https:\\\/\\\/filles-de-la-charite.org\\\/fr\\\/conference-vincentienne-2021-lhomme-blesse-qui-nous-liberera-de-la-peur-2\\\/\"]}]},{\"@type\":\"ImageObject\",\"inLanguage\":\"fr-FR\",\"@id\":\"https:\\\/\\\/filles-de-la-charite.org\\\/fr\\\/conference-vincentienne-2021-lhomme-blesse-qui-nous-liberera-de-la-peur-2\\\/#primaryimage\",\"url\":\"https:\\\/\\\/filles-de-la-charite.org\\\/wp-content\\\/uploads\\\/2023\\\/06\\\/1-5.jpg\",\"contentUrl\":\"https:\\\/\\\/filles-de-la-charite.org\\\/wp-content\\\/uploads\\\/2023\\\/06\\\/1-5.jpg\",\"width\":1364,\"height\":764},{\"@type\":\"BreadcrumbList\",\"@id\":\"https:\\\/\\\/filles-de-la-charite.org\\\/fr\\\/conference-vincentienne-2021-lhomme-blesse-qui-nous-liberera-de-la-peur-2\\\/#breadcrumb\",\"itemListElement\":[{\"@type\":\"ListItem\",\"position\":1,\"name\":\"San Vincenzo &#8211; Italia\",\"item\":\"https:\\\/\\\/filles-de-la-charite.org\\\/fr\\\/category\\\/san-vincenzo-italia-fr\\\/\"},{\"@type\":\"ListItem\",\"position\":2,\"name\":\"Conf\u00e9rence Vincentienne 2021: \u00abL\u2019homme bless\u00e9\u2026 Qui nous lib\u00e8rera de la peur?\u00bb\"}]},{\"@type\":\"WebSite\",\"@id\":\"https:\\\/\\\/filles-de-la-charite.org\\\/fr\\\/#website\",\"url\":\"https:\\\/\\\/filles-de-la-charite.org\\\/fr\\\/\",\"name\":\"Hijas de la Caridad\",\"description\":\"L\u2019amour de J\u00e9sus nous presse \u00e0 prendre soin des personnes les plus d\u00e9munies\",\"publisher\":{\"@id\":\"https:\\\/\\\/filles-de-la-charite.org\\\/fr\\\/#organization\"},\"potentialAction\":[{\"@type\":\"SearchAction\",\"target\":{\"@type\":\"EntryPoint\",\"urlTemplate\":\"https:\\\/\\\/filles-de-la-charite.org\\\/fr\\\/?s={search_term_string}\"},\"query-input\":{\"@type\":\"PropertyValueSpecification\",\"valueRequired\":true,\"valueName\":\"search_term_string\"}}],\"inLanguage\":\"fr-FR\"},{\"@type\":\"Organization\",\"@id\":\"https:\\\/\\\/filles-de-la-charite.org\\\/fr\\\/#organization\",\"name\":\"Hijas de la Caridad\",\"url\":\"https:\\\/\\\/filles-de-la-charite.org\\\/fr\\\/\",\"logo\":{\"@type\":\"ImageObject\",\"inLanguage\":\"fr-FR\",\"@id\":\"https:\\\/\\\/filles-de-la-charite.org\\\/fr\\\/#\\\/schema\\\/logo\\\/image\\\/\",\"url\":\"https:\\\/\\\/filles-de-la-charite.org\\\/wp-content\\\/uploads\\\/2023\\\/03\\\/isotipo-Hijas-de-la-Caridad.png\",\"contentUrl\":\"https:\\\/\\\/filles-de-la-charite.org\\\/wp-content\\\/uploads\\\/2023\\\/03\\\/isotipo-Hijas-de-la-Caridad.png\",\"width\":1417,\"height\":1417,\"caption\":\"Hijas de la Caridad\"},\"image\":{\"@id\":\"https:\\\/\\\/filles-de-la-charite.org\\\/fr\\\/#\\\/schema\\\/logo\\\/image\\\/\"}},{\"@type\":\"Person\",\"@id\":\"https:\\\/\\\/filles-de-la-charite.org\\\/fr\\\/#\\\/schema\\\/person\\\/427567b2eccfc2dd7d206da186a1f438\",\"name\":\"admin\",\"image\":{\"@type\":\"ImageObject\",\"inLanguage\":\"fr-FR\",\"@id\":\"https:\\\/\\\/secure.gravatar.com\\\/avatar\\\/948b492cce32b586ac2db0eaa926ee87024f7afe218d73b397ea5ddfc5f43ea1?s=96&d=mm&r=g\",\"url\":\"https:\\\/\\\/secure.gravatar.com\\\/avatar\\\/948b492cce32b586ac2db0eaa926ee87024f7afe218d73b397ea5ddfc5f43ea1?s=96&d=mm&r=g\",\"contentUrl\":\"https:\\\/\\\/secure.gravatar.com\\\/avatar\\\/948b492cce32b586ac2db0eaa926ee87024f7afe218d73b397ea5ddfc5f43ea1?s=96&d=mm&r=g\",\"caption\":\"admin\"},\"sameAs\":[\"https:\\\/\\\/filles-de-la-charite.org\"],\"url\":\"https:\\\/\\\/filles-de-la-charite.org\\\/fr\\\/author\\\/caridad\\\/\"}]}<\/script>\n<!-- \/ Yoast SEO plugin. -->","yoast_head_json":{"title":"Conf\u00e9rence Vincentienne 2021: \"L\u2019homme bless\u00e9\u2026 Qui nous lib\u00e8rera de la peur?\" - Filles de la Charit\u00e9","robots":{"index":"index","follow":"follow","max-snippet":"max-snippet:-1","max-image-preview":"max-image-preview:large","max-video-preview":"max-video-preview:-1"},"canonical":"https:\/\/filles-de-la-charite.org\/fr\/conference-vincentienne-2021-lhomme-blesse-qui-nous-liberera-de-la-peur-2\/","og_locale":"fr_FR","og_type":"article","og_title":"Conf\u00e9rence Vincentienne 2021: \"L\u2019homme bless\u00e9\u2026 Qui nous lib\u00e8rera de la peur?\" - Filles de la Charit\u00e9","og_description":"La Conf\u00e9rence Vincentienne 2021 a \u00e9t\u00e9 diffus\u00e9e en direct pour la premi\u00e8re fois sur la plateforme Zoom le 24 janvier 2021 et s&rsquo;est d\u00e9roul\u00e9e en une journ\u00e9e pour l&rsquo;ensemble de la Sardaigne, au lieu de deux jours diff\u00e9rents (un pour le Nord et un pour le Sud de notre \u00eele) comme c&rsquo;\u00e9tait le cas dans [&hellip;]","og_url":"https:\/\/filles-de-la-charite.org\/fr\/conference-vincentienne-2021-lhomme-blesse-qui-nous-liberera-de-la-peur-2\/","og_site_name":"Filles de la Charit\u00e9","article_published_time":"2021-04-26T09:31:33+00:00","article_modified_time":"2024-03-17T16:46:00+00:00","og_image":[{"width":1364,"height":764,"url":"https:\/\/filles-de-la-charite.org\/wp-content\/uploads\/2023\/06\/1-5.jpg","type":"image\/jpeg"}],"author":"admin","twitter_card":"summary_large_image","twitter_misc":{"\u00c9crit par":"admin","Dur\u00e9e de lecture estim\u00e9e":"5 minutes"},"schema":{"@context":"https:\/\/schema.org","@graph":[{"@type":"Article","@id":"https:\/\/filles-de-la-charite.org\/fr\/conference-vincentienne-2021-lhomme-blesse-qui-nous-liberera-de-la-peur-2\/#article","isPartOf":{"@id":"https:\/\/filles-de-la-charite.org\/fr\/conference-vincentienne-2021-lhomme-blesse-qui-nous-liberera-de-la-peur-2\/"},"author":{"name":"admin","@id":"https:\/\/filles-de-la-charite.org\/fr\/#\/schema\/person\/427567b2eccfc2dd7d206da186a1f438"},"headline":"Conf\u00e9rence Vincentienne 2021: \u00ab\u00a0L\u2019homme bless\u00e9\u2026 Qui nous lib\u00e8rera de la peur?\u00a0\u00bb","datePublished":"2021-04-26T09:31:33+00:00","dateModified":"2024-03-17T16:46:00+00:00","mainEntityOfPage":{"@id":"https:\/\/filles-de-la-charite.org\/fr\/conference-vincentienne-2021-lhomme-blesse-qui-nous-liberera-de-la-peur-2\/"},"wordCount":818,"publisher":{"@id":"https:\/\/filles-de-la-charite.org\/fr\/#organization"},"image":{"@id":"https:\/\/filles-de-la-charite.org\/fr\/conference-vincentienne-2021-lhomme-blesse-qui-nous-liberera-de-la-peur-2\/#primaryimage"},"thumbnailUrl":"https:\/\/filles-de-la-charite.org\/wp-content\/uploads\/2023\/06\/1-5.jpg","articleSection":["Sardaigne - Italie"],"inLanguage":"fr-FR"},{"@type":"WebPage","@id":"https:\/\/filles-de-la-charite.org\/fr\/conference-vincentienne-2021-lhomme-blesse-qui-nous-liberera-de-la-peur-2\/","url":"https:\/\/filles-de-la-charite.org\/fr\/conference-vincentienne-2021-lhomme-blesse-qui-nous-liberera-de-la-peur-2\/","name":"Conf\u00e9rence Vincentienne 2021: \"L\u2019homme bless\u00e9\u2026 Qui nous lib\u00e8rera de la peur?\" - Filles de la Charit\u00e9","isPartOf":{"@id":"https:\/\/filles-de-la-charite.org\/fr\/#website"},"primaryImageOfPage":{"@id":"https:\/\/filles-de-la-charite.org\/fr\/conference-vincentienne-2021-lhomme-blesse-qui-nous-liberera-de-la-peur-2\/#primaryimage"},"image":{"@id":"https:\/\/filles-de-la-charite.org\/fr\/conference-vincentienne-2021-lhomme-blesse-qui-nous-liberera-de-la-peur-2\/#primaryimage"},"thumbnailUrl":"https:\/\/filles-de-la-charite.org\/wp-content\/uploads\/2023\/06\/1-5.jpg","datePublished":"2021-04-26T09:31:33+00:00","dateModified":"2024-03-17T16:46:00+00:00","breadcrumb":{"@id":"https:\/\/filles-de-la-charite.org\/fr\/conference-vincentienne-2021-lhomme-blesse-qui-nous-liberera-de-la-peur-2\/#breadcrumb"},"inLanguage":"fr-FR","potentialAction":[{"@type":"ReadAction","target":["https:\/\/filles-de-la-charite.org\/fr\/conference-vincentienne-2021-lhomme-blesse-qui-nous-liberera-de-la-peur-2\/"]}]},{"@type":"ImageObject","inLanguage":"fr-FR","@id":"https:\/\/filles-de-la-charite.org\/fr\/conference-vincentienne-2021-lhomme-blesse-qui-nous-liberera-de-la-peur-2\/#primaryimage","url":"https:\/\/filles-de-la-charite.org\/wp-content\/uploads\/2023\/06\/1-5.jpg","contentUrl":"https:\/\/filles-de-la-charite.org\/wp-content\/uploads\/2023\/06\/1-5.jpg","width":1364,"height":764},{"@type":"BreadcrumbList","@id":"https:\/\/filles-de-la-charite.org\/fr\/conference-vincentienne-2021-lhomme-blesse-qui-nous-liberera-de-la-peur-2\/#breadcrumb","itemListElement":[{"@type":"ListItem","position":1,"name":"San Vincenzo &#8211; Italia","item":"https:\/\/filles-de-la-charite.org\/fr\/category\/san-vincenzo-italia-fr\/"},{"@type":"ListItem","position":2,"name":"Conf\u00e9rence Vincentienne 2021: \u00abL\u2019homme bless\u00e9\u2026 Qui nous lib\u00e8rera de la peur?\u00bb"}]},{"@type":"WebSite","@id":"https:\/\/filles-de-la-charite.org\/fr\/#website","url":"https:\/\/filles-de-la-charite.org\/fr\/","name":"Hijas de la Caridad","description":"L\u2019amour de J\u00e9sus nous presse \u00e0 prendre soin des personnes les plus d\u00e9munies","publisher":{"@id":"https:\/\/filles-de-la-charite.org\/fr\/#organization"},"potentialAction":[{"@type":"SearchAction","target":{"@type":"EntryPoint","urlTemplate":"https:\/\/filles-de-la-charite.org\/fr\/?s={search_term_string}"},"query-input":{"@type":"PropertyValueSpecification","valueRequired":true,"valueName":"search_term_string"}}],"inLanguage":"fr-FR"},{"@type":"Organization","@id":"https:\/\/filles-de-la-charite.org\/fr\/#organization","name":"Hijas de la Caridad","url":"https:\/\/filles-de-la-charite.org\/fr\/","logo":{"@type":"ImageObject","inLanguage":"fr-FR","@id":"https:\/\/filles-de-la-charite.org\/fr\/#\/schema\/logo\/image\/","url":"https:\/\/filles-de-la-charite.org\/wp-content\/uploads\/2023\/03\/isotipo-Hijas-de-la-Caridad.png","contentUrl":"https:\/\/filles-de-la-charite.org\/wp-content\/uploads\/2023\/03\/isotipo-Hijas-de-la-Caridad.png","width":1417,"height":1417,"caption":"Hijas de la Caridad"},"image":{"@id":"https:\/\/filles-de-la-charite.org\/fr\/#\/schema\/logo\/image\/"}},{"@type":"Person","@id":"https:\/\/filles-de-la-charite.org\/fr\/#\/schema\/person\/427567b2eccfc2dd7d206da186a1f438","name":"admin","image":{"@type":"ImageObject","inLanguage":"fr-FR","@id":"https:\/\/secure.gravatar.com\/avatar\/948b492cce32b586ac2db0eaa926ee87024f7afe218d73b397ea5ddfc5f43ea1?s=96&d=mm&r=g","url":"https:\/\/secure.gravatar.com\/avatar\/948b492cce32b586ac2db0eaa926ee87024f7afe218d73b397ea5ddfc5f43ea1?s=96&d=mm&r=g","contentUrl":"https:\/\/secure.gravatar.com\/avatar\/948b492cce32b586ac2db0eaa926ee87024f7afe218d73b397ea5ddfc5f43ea1?s=96&d=mm&r=g","caption":"admin"},"sameAs":["https:\/\/filles-de-la-charite.org"],"url":"https:\/\/filles-de-la-charite.org\/fr\/author\/caridad\/"}]}},"_links":{"self":[{"href":"https:\/\/filles-de-la-charite.org\/fr\/wp-json\/wp\/v2\/posts\/22534","targetHints":{"allow":["GET"]}}],"collection":[{"href":"https:\/\/filles-de-la-charite.org\/fr\/wp-json\/wp\/v2\/posts"}],"about":[{"href":"https:\/\/filles-de-la-charite.org\/fr\/wp-json\/wp\/v2\/types\/post"}],"author":[{"embeddable":true,"href":"https:\/\/filles-de-la-charite.org\/fr\/wp-json\/wp\/v2\/users\/1"}],"replies":[{"embeddable":true,"href":"https:\/\/filles-de-la-charite.org\/fr\/wp-json\/wp\/v2\/comments?post=22534"}],"version-history":[{"count":1,"href":"https:\/\/filles-de-la-charite.org\/fr\/wp-json\/wp\/v2\/posts\/22534\/revisions"}],"predecessor-version":[{"id":22535,"href":"https:\/\/filles-de-la-charite.org\/fr\/wp-json\/wp\/v2\/posts\/22534\/revisions\/22535"}],"wp:featuredmedia":[{"embeddable":true,"href":"https:\/\/filles-de-la-charite.org\/fr\/wp-json\/wp\/v2\/media\/15784"}],"wp:attachment":[{"href":"https:\/\/filles-de-la-charite.org\/fr\/wp-json\/wp\/v2\/media?parent=22534"}],"wp:term":[{"taxonomy":"category","embeddable":true,"href":"https:\/\/filles-de-la-charite.org\/fr\/wp-json\/wp\/v2\/categories?post=22534"},{"taxonomy":"post_tag","embeddable":true,"href":"https:\/\/filles-de-la-charite.org\/fr\/wp-json\/wp\/v2\/tags?post=22534"}],"curies":[{"name":"wp","href":"https:\/\/api.w.org\/{rel}","templated":true}]}}