{"id":22536,"date":"2021-05-01T17:59:40","date_gmt":"2021-05-01T15:59:40","guid":{"rendered":"https:\/\/hijascaridad.sjdigitaldemo.ovh\/communaute-itinerante-de-cabo-delgado-au-service-des-personnes-deplacees-par-la-guerre\/"},"modified":"2024-03-17T17:45:32","modified_gmt":"2024-03-17T16:45:32","slug":"communaute-itinerante-de-cabo-delgado-au-service-des-personnes-deplacees-par-la-guerre","status":"publish","type":"post","link":"https:\/\/filles-de-la-charite.org\/fr\/communaute-itinerante-de-cabo-delgado-au-service-des-personnes-deplacees-par-la-guerre\/","title":{"rendered":"Communaut\u00e9 Itin\u00e9rante de Cabo Delgado, au Service des Personnes D\u00e9plac\u00e9es par la Guerre"},"content":{"rendered":"\n<div class=\"wp-block-image\"><figure class=\"aligncenter size-large\"><img decoding=\"async\" src=\"https:\/\/filles-de-la-charite.org\/wp-content\/uploads\/2023\/06\/2.png\" alt=\"\" class=\"wp-image-62330\" \/><\/figure><\/div>\n\n\n\n<p>La situation des Personnes d\u00e9plac\u00e9es dans le nord du Mozambique a remu\u00e9 notre sensibilit\u00e9, nos c\u0153urs et nos esprits puisque nous nous souvenons qu\u2019\u00ab \u00c0 l'\u00e9cole du Fils de Dieu, les Filles de la Charit\u00e9 apprennent qu'il n\u2019y a pas de mis\u00e8re qui leur soit \u00e9trang\u00e8re. Le Christ appelle continuellement leur Compagnie par leurs fr\u00e8res et s\u0153urs souffrants, par les signes des temps, par l'\u00c9glise. Multiples sont les formes de service... (C.11).\u00a0\u00bb De m\u00eame, le th\u00e8me de notre Assembl\u00e9e nous invite et nous incite \u00e0 sortir pour <em>rencontrer<\/em> nos fr\u00e8res et s\u0153urs souffrants.<\/p>\n\n\n\n<p>Le Conseil Provincial, apr\u00e8s r\u00e9flexion, consultation des S\u0153urs de la Province, et communication avec Dom Luis Lisboa, \u00c9v\u00eaque de Pemba, a offert notre disponibilit\u00e9 et notre collaboration \u00e0 divers services aux Personnes d\u00e9plac\u00e9es dans cette r\u00e9gion pour une p\u00e9riode de quatre mois : de janvier \u00e0 mai 2021. L'\u00c9v\u00eaque a accept\u00e9 cela avec une grande joie et nous avons commenc\u00e9 la mission le 07 janvier 2021 avec quatre S\u0153urs. Nous sommes heureuses de servir nos fr\u00e8res et s\u0153urs qui souffrent \u00e0 cause des conflits arm\u00e9s d\u00e9clench\u00e9s par les terroristes.<\/p>\n\n\n\n<p><strong><strong>Servant J\u00e9sus dans les Personnes d\u00e9plac\u00e9es par la guerre<\/strong><\/strong><\/p>\n\n\n\n<figure class=\"wp-block-image alignwide size-large\"><img decoding=\"async\" src=\"https:\/\/filles-de-la-charite.org\/wp-content\/uploads\/2023\/06\/3-825x1024-1.png\" alt=\"\" class=\"wp-image-62331\" \/><\/figure>\n\n\n\n<p>Amen, Je vous le dis\u00a0: chaque fois que vous l\u2019avez fait \u00e0 l\u2019un de ces plus petits de mes fr\u00e8res, c\u2019est \u00e0 Moi que vous l\u2019avez fait.\u00a0\u00bb (Mt 25, 40)<\/p>\n\n\n\n<p>Le travail a commenc\u00e9 \u00e0 Pemba, la capitale de la Province, o\u00f9 les Personnes d\u00e9plac\u00e9es sont arriv\u00e9es par bateau, emmen\u00e9es dans des camps et ont attendu leur r\u00e9installation. Ce service a \u00e9t\u00e9 r\u00e9alis\u00e9 en collaboration avec la Caritas Dioc\u00e9saine de Pemba. Plusieurs kits leur ont \u00e9t\u00e9 distribu\u00e9s : nourriture, cuisine, hygi\u00e8ne, v\u00eatements et produits agricoles ; de courtes c\u00e9l\u00e9brations de la Parole ont \u00e9galement \u00e9t\u00e9 organis\u00e9es en petits groupes. Plus tard, les S\u0153urs de la communaut\u00e9 itin\u00e9rante\/mobile se sont d\u00e9plac\u00e9es dans le district de Montepuez et ont \u00e9t\u00e9 accueillies par l'\u00e9quipe missionnaire de la Mission Saint Joseph du Sanctuaire de Notre-Dame de Fatima, o\u00f9 elles r\u00e9sident \u00e9galement. Au d\u00e9part, il y avait quatre S\u0153urs et, gr\u00e2ce \u00e0 la g\u00e9n\u00e9rosit\u00e9 de la Province, les S\u0153urs se sont port\u00e9es volontaires pour servir \u00e0 tour de r\u00f4le dans cette mission. Actuellement, il y en a six, dont deux S\u0153urs du S\u00e9minaire en stage apostolique.<\/p>\n\n\n\n<p>Montepuez est la deuxi\u00e8me ville de Cabo Delgado, Pemba. Il y a quatre camps de r\u00e9installation dont chacun abrite pr\u00e8s de deux mille familles. La plupart des habitants sont des femmes, des Personnes \u00e2g\u00e9es et des enfants. Ils vivent dans une extr\u00eame pauvret\u00e9.<\/p>\n\n\n\n<div class=\"wp-block-image\"><figure class=\"aligncenter size-large\"><img decoding=\"async\" src=\"https:\/\/filles-de-la-charite.org\/wp-content\/uploads\/2023\/06\/4.png\" alt=\"\" class=\"wp-image-62332\" \/><\/figure><\/div>\n\n\n\n<p>Ces personnes ont \u00e9t\u00e9 oblig\u00e9es de quitter leurs terres et tous leurs biens, fuyant la terreur, la guerre et la violence qui s\u00e9vissent dans la r\u00e9gion nord de la Province de Cabo-Delgado depuis 2017. Elles ont parcouru de longues distances \u00e0 pied, travers\u00e9 des for\u00eats pendant de nombreux jours et sont arriv\u00e9es aux centres d'h\u00e9bergement bless\u00e9es, malades, d\u00e9shydrat\u00e9es et d\u00e9figur\u00e9es ; certains membres de leurs familles se sont perdus dans les for\u00eats et on ne sait pas s'ils sont vivants ou morts.<\/p>\n\n\n\n<p>Notre service \u00e0 ces Personnes d\u00e9plac\u00e9es consiste \u00e0 rendre visite aux familles dans leurs huttes, \u00e0 \u00eatre proches d'elles par une attitude d'accueil et une \u00e9coute attentive de leurs histoires charg\u00e9es de tristesse et de douleur profondes. Nous les encourageons alors \u00e0 essayer de cultiver l'esp\u00e9rance et la confiance en Dieu qui est notre unique refuge bien qu\u2019il leur soit encore tr\u00e8s difficile d'accepter la condition d'extr\u00eame pauvret\u00e9 et le fait qu'ils ont vu des membres de leur famille d\u00e9capit\u00e9s par les terroristes. De nombreuses familles pleurent, inconsolables, lorsqu'elles partagent avec nous l'agonie qu'elles ont v\u00e9cue dans leurs villages. Elles ont perdu tout ce qui leur tenait \u00e0 c\u0153ur\u2026 leurs familles et la terre de leur naissance. Elles se retrouvent priv\u00e9es de tout et vivent dans une atmosph\u00e8re d'ins\u00e9curit\u00e9, de m\u00e9fiance, de peur et d'incertitude.<\/p>\n\n\n\n<div class=\"wp-block-image\"><figure class=\"aligncenter size-large\"><img decoding=\"async\" src=\"https:\/\/filles-de-la-charite.org\/wp-content\/uploads\/2023\/06\/5.png\" alt=\"\" class=\"wp-image-62327\" \/><\/figure><\/div>\n\n\n\n<p>Dans notre service, nous collaborons avec les S\u0153urs Franciscaines Missionnaires de Marie r\u00e9sidant \u00e0 Montepuez ; ensemble, nous persuadons les familles de construire leurs maisons puisqu'elles n'ont pas d\u2019endroit o\u00f9 reposer la t\u00eate (cf. Lc 9, 58). Ces maisons sont construites avec des ressources locales telles que le bambou, l'argile et l'herbe, et nous soutenons leurs efforts en donnant des b\u00e2ches comme mat\u00e9riels pour le toit. Nous distribuons des couvertures, des nattes, des portes, de la nourriture emball\u00e9e, des v\u00eatements et d'autres articles n\u00e9cessaires. Nous assistons les malades et orientons ceux qui souffrent de maladies graves vers un centre g\u00e9r\u00e9 par <em>M\u00e9decins Sans Fronti\u00e8res<\/em>. Nous fournissons \u00e9galement un accompagnement spirituel et distribuons des objets religieux comme le chapelet en apprenant \u00e0 ceux qui ne le savent pas \u00e0 le prier.<\/p>\n\n\n\n<p><em>Province du Mozambique<\/em><\/p>\n\n\n\n<div class=\"wp-block-image\"><figure class=\"aligncenter size-large\"><img decoding=\"async\" src=\"https:\/\/filles-de-la-charite.org\/wp-content\/uploads\/2023\/06\/6.png\" alt=\"\" class=\"wp-image-62328\" \/><\/figure><\/div>\n","protected":false},"excerpt":{"rendered":"<p>La situation des Personnes d\u00e9plac\u00e9es dans le nord du Mozambique a remu\u00e9 notre sensibilit\u00e9, nos c\u0153urs et nos esprits puisque nous nous souvenons qu\u2019\u00ab \u00c0 l&rsquo;\u00e9cole du Fils de Dieu, les Filles de la Charit\u00e9 apprennent qu&rsquo;il n\u2019y a pas de mis\u00e8re qui leur soit \u00e9trang\u00e8re. Le Christ appelle continuellement leur Compagnie par leurs fr\u00e8res [&hellip;]<\/p>\n","protected":false},"author":1,"featured_media":15822,"comment_status":"closed","ping_status":"closed","sticky":false,"template":"","format":"standard","meta":{"_acf_changed":false,"footnotes":"","_links_to":"","_links_to_target":""},"categories":[624],"tags":[],"class_list":["post-22536","post","type-post","status-publish","format-standard","has-post-thumbnail","hentry","category-mozambique-fr"],"acf":[],"yoast_head":"<!-- This site is optimized with the Yoast SEO plugin v27.5 - https:\/\/yoast.com\/product\/yoast-seo-wordpress\/ -->\n<title>Communaut\u00e9 Itin\u00e9rante de Cabo Delgado, au Service des Personnes D\u00e9plac\u00e9es par la Guerre - Filles de la Charit\u00e9<\/title>\n<meta name=\"robots\" content=\"index, follow, max-snippet:-1, max-image-preview:large, max-video-preview:-1\" \/>\n<link rel=\"canonical\" href=\"https:\/\/filles-de-la-charite.org\/fr\/communaute-itinerante-de-cabo-delgado-au-service-des-personnes-deplacees-par-la-guerre\/\" \/>\n<meta property=\"og:locale\" content=\"fr_FR\" \/>\n<meta property=\"og:type\" content=\"article\" \/>\n<meta property=\"og:title\" content=\"Communaut\u00e9 Itin\u00e9rante de Cabo Delgado, au Service des Personnes D\u00e9plac\u00e9es par la Guerre - Filles de la Charit\u00e9\" \/>\n<meta property=\"og:description\" content=\"La situation des Personnes d\u00e9plac\u00e9es dans le nord du Mozambique a remu\u00e9 notre sensibilit\u00e9, nos c\u0153urs et nos esprits puisque nous nous souvenons qu\u2019\u00ab \u00c0 l&rsquo;\u00e9cole du Fils de Dieu, les Filles de la Charit\u00e9 apprennent qu&rsquo;il n\u2019y a pas de mis\u00e8re qui leur soit \u00e9trang\u00e8re. Le Christ appelle continuellement leur Compagnie par leurs fr\u00e8res [&hellip;]\" \/>\n<meta property=\"og:url\" content=\"https:\/\/filles-de-la-charite.org\/fr\/communaute-itinerante-de-cabo-delgado-au-service-des-personnes-deplacees-par-la-guerre\/\" \/>\n<meta property=\"og:site_name\" content=\"Filles de la Charit\u00e9\" \/>\n<meta property=\"article:published_time\" content=\"2021-05-01T15:59:40+00:00\" \/>\n<meta property=\"article:modified_time\" content=\"2024-03-17T16:45:32+00:00\" \/>\n<meta property=\"og:image\" content=\"https:\/\/filles-de-la-charite.org\/wp-content\/uploads\/2023\/06\/1-1.png\" \/>\n\t<meta property=\"og:image:width\" content=\"964\" \/>\n\t<meta property=\"og:image:height\" content=\"723\" \/>\n\t<meta property=\"og:image:type\" content=\"image\/png\" \/>\n<meta name=\"author\" content=\"admin\" \/>\n<meta name=\"twitter:card\" content=\"summary_large_image\" \/>\n<meta name=\"twitter:label1\" content=\"\u00c9crit par\" \/>\n\t<meta name=\"twitter:data1\" content=\"admin\" \/>\n\t<meta name=\"twitter:label2\" content=\"Dur\u00e9e de lecture estim\u00e9e\" \/>\n\t<meta name=\"twitter:data2\" content=\"5 minutes\" \/>\n<script type=\"application\/ld+json\" class=\"yoast-schema-graph\">{\"@context\":\"https:\\\/\\\/schema.org\",\"@graph\":[{\"@type\":\"Article\",\"@id\":\"https:\\\/\\\/filles-de-la-charite.org\\\/fr\\\/communaute-itinerante-de-cabo-delgado-au-service-des-personnes-deplacees-par-la-guerre\\\/#article\",\"isPartOf\":{\"@id\":\"https:\\\/\\\/filles-de-la-charite.org\\\/fr\\\/communaute-itinerante-de-cabo-delgado-au-service-des-personnes-deplacees-par-la-guerre\\\/\"},\"author\":{\"name\":\"admin\",\"@id\":\"https:\\\/\\\/filles-de-la-charite.org\\\/fr\\\/#\\\/schema\\\/person\\\/427567b2eccfc2dd7d206da186a1f438\"},\"headline\":\"Communaut\u00e9 Itin\u00e9rante de Cabo Delgado, au Service des Personnes D\u00e9plac\u00e9es par la Guerre\",\"datePublished\":\"2021-05-01T15:59:40+00:00\",\"dateModified\":\"2024-03-17T16:45:32+00:00\",\"mainEntityOfPage\":{\"@id\":\"https:\\\/\\\/filles-de-la-charite.org\\\/fr\\\/communaute-itinerante-de-cabo-delgado-au-service-des-personnes-deplacees-par-la-guerre\\\/\"},\"wordCount\":881,\"publisher\":{\"@id\":\"https:\\\/\\\/filles-de-la-charite.org\\\/fr\\\/#organization\"},\"image\":{\"@id\":\"https:\\\/\\\/filles-de-la-charite.org\\\/fr\\\/communaute-itinerante-de-cabo-delgado-au-service-des-personnes-deplacees-par-la-guerre\\\/#primaryimage\"},\"thumbnailUrl\":\"https:\\\/\\\/filles-de-la-charite.org\\\/wp-content\\\/uploads\\\/2023\\\/06\\\/1-1.png\",\"articleSection\":[\"Mozambique\"],\"inLanguage\":\"fr-FR\"},{\"@type\":\"WebPage\",\"@id\":\"https:\\\/\\\/filles-de-la-charite.org\\\/fr\\\/communaute-itinerante-de-cabo-delgado-au-service-des-personnes-deplacees-par-la-guerre\\\/\",\"url\":\"https:\\\/\\\/filles-de-la-charite.org\\\/fr\\\/communaute-itinerante-de-cabo-delgado-au-service-des-personnes-deplacees-par-la-guerre\\\/\",\"name\":\"Communaut\u00e9 Itin\u00e9rante de Cabo Delgado, au Service des Personnes D\u00e9plac\u00e9es par la Guerre - Filles de la Charit\u00e9\",\"isPartOf\":{\"@id\":\"https:\\\/\\\/filles-de-la-charite.org\\\/fr\\\/#website\"},\"primaryImageOfPage\":{\"@id\":\"https:\\\/\\\/filles-de-la-charite.org\\\/fr\\\/communaute-itinerante-de-cabo-delgado-au-service-des-personnes-deplacees-par-la-guerre\\\/#primaryimage\"},\"image\":{\"@id\":\"https:\\\/\\\/filles-de-la-charite.org\\\/fr\\\/communaute-itinerante-de-cabo-delgado-au-service-des-personnes-deplacees-par-la-guerre\\\/#primaryimage\"},\"thumbnailUrl\":\"https:\\\/\\\/filles-de-la-charite.org\\\/wp-content\\\/uploads\\\/2023\\\/06\\\/1-1.png\",\"datePublished\":\"2021-05-01T15:59:40+00:00\",\"dateModified\":\"2024-03-17T16:45:32+00:00\",\"breadcrumb\":{\"@id\":\"https:\\\/\\\/filles-de-la-charite.org\\\/fr\\\/communaute-itinerante-de-cabo-delgado-au-service-des-personnes-deplacees-par-la-guerre\\\/#breadcrumb\"},\"inLanguage\":\"fr-FR\",\"potentialAction\":[{\"@type\":\"ReadAction\",\"target\":[\"https:\\\/\\\/filles-de-la-charite.org\\\/fr\\\/communaute-itinerante-de-cabo-delgado-au-service-des-personnes-deplacees-par-la-guerre\\\/\"]}]},{\"@type\":\"ImageObject\",\"inLanguage\":\"fr-FR\",\"@id\":\"https:\\\/\\\/filles-de-la-charite.org\\\/fr\\\/communaute-itinerante-de-cabo-delgado-au-service-des-personnes-deplacees-par-la-guerre\\\/#primaryimage\",\"url\":\"https:\\\/\\\/filles-de-la-charite.org\\\/wp-content\\\/uploads\\\/2023\\\/06\\\/1-1.png\",\"contentUrl\":\"https:\\\/\\\/filles-de-la-charite.org\\\/wp-content\\\/uploads\\\/2023\\\/06\\\/1-1.png\",\"width\":964,\"height\":723},{\"@type\":\"BreadcrumbList\",\"@id\":\"https:\\\/\\\/filles-de-la-charite.org\\\/fr\\\/communaute-itinerante-de-cabo-delgado-au-service-des-personnes-deplacees-par-la-guerre\\\/#breadcrumb\",\"itemListElement\":[{\"@type\":\"ListItem\",\"position\":1,\"name\":\"Famille vincentienne\",\"item\":\"https:\\\/\\\/filles-de-la-charite.org\\\/fr\\\/category\\\/famille-vincentienne-fr\\\/\"},{\"@type\":\"ListItem\",\"position\":2,\"name\":\"Communaut\u00e9 Itin\u00e9rante de Cabo Delgado, au Service des Personnes D\u00e9plac\u00e9es par la Guerre\"}]},{\"@type\":\"WebSite\",\"@id\":\"https:\\\/\\\/filles-de-la-charite.org\\\/fr\\\/#website\",\"url\":\"https:\\\/\\\/filles-de-la-charite.org\\\/fr\\\/\",\"name\":\"Hijas de la Caridad\",\"description\":\"L\u2019amour de J\u00e9sus nous presse \u00e0 prendre soin des personnes les plus d\u00e9munies\",\"publisher\":{\"@id\":\"https:\\\/\\\/filles-de-la-charite.org\\\/fr\\\/#organization\"},\"potentialAction\":[{\"@type\":\"SearchAction\",\"target\":{\"@type\":\"EntryPoint\",\"urlTemplate\":\"https:\\\/\\\/filles-de-la-charite.org\\\/fr\\\/?s={search_term_string}\"},\"query-input\":{\"@type\":\"PropertyValueSpecification\",\"valueRequired\":true,\"valueName\":\"search_term_string\"}}],\"inLanguage\":\"fr-FR\"},{\"@type\":\"Organization\",\"@id\":\"https:\\\/\\\/filles-de-la-charite.org\\\/fr\\\/#organization\",\"name\":\"Hijas de la Caridad\",\"url\":\"https:\\\/\\\/filles-de-la-charite.org\\\/fr\\\/\",\"logo\":{\"@type\":\"ImageObject\",\"inLanguage\":\"fr-FR\",\"@id\":\"https:\\\/\\\/filles-de-la-charite.org\\\/fr\\\/#\\\/schema\\\/logo\\\/image\\\/\",\"url\":\"https:\\\/\\\/filles-de-la-charite.org\\\/wp-content\\\/uploads\\\/2023\\\/03\\\/isotipo-Hijas-de-la-Caridad.png\",\"contentUrl\":\"https:\\\/\\\/filles-de-la-charite.org\\\/wp-content\\\/uploads\\\/2023\\\/03\\\/isotipo-Hijas-de-la-Caridad.png\",\"width\":1417,\"height\":1417,\"caption\":\"Hijas de la Caridad\"},\"image\":{\"@id\":\"https:\\\/\\\/filles-de-la-charite.org\\\/fr\\\/#\\\/schema\\\/logo\\\/image\\\/\"}},{\"@type\":\"Person\",\"@id\":\"https:\\\/\\\/filles-de-la-charite.org\\\/fr\\\/#\\\/schema\\\/person\\\/427567b2eccfc2dd7d206da186a1f438\",\"name\":\"admin\",\"image\":{\"@type\":\"ImageObject\",\"inLanguage\":\"fr-FR\",\"@id\":\"https:\\\/\\\/secure.gravatar.com\\\/avatar\\\/948b492cce32b586ac2db0eaa926ee87024f7afe218d73b397ea5ddfc5f43ea1?s=96&d=mm&r=g\",\"url\":\"https:\\\/\\\/secure.gravatar.com\\\/avatar\\\/948b492cce32b586ac2db0eaa926ee87024f7afe218d73b397ea5ddfc5f43ea1?s=96&d=mm&r=g\",\"contentUrl\":\"https:\\\/\\\/secure.gravatar.com\\\/avatar\\\/948b492cce32b586ac2db0eaa926ee87024f7afe218d73b397ea5ddfc5f43ea1?s=96&d=mm&r=g\",\"caption\":\"admin\"},\"sameAs\":[\"https:\\\/\\\/filles-de-la-charite.org\"],\"url\":\"https:\\\/\\\/filles-de-la-charite.org\\\/fr\\\/author\\\/caridad\\\/\"}]}<\/script>\n<!-- \/ Yoast SEO plugin. -->","yoast_head_json":{"title":"Communaut\u00e9 Itin\u00e9rante de Cabo Delgado, au Service des Personnes D\u00e9plac\u00e9es par la Guerre - Filles de la Charit\u00e9","robots":{"index":"index","follow":"follow","max-snippet":"max-snippet:-1","max-image-preview":"max-image-preview:large","max-video-preview":"max-video-preview:-1"},"canonical":"https:\/\/filles-de-la-charite.org\/fr\/communaute-itinerante-de-cabo-delgado-au-service-des-personnes-deplacees-par-la-guerre\/","og_locale":"fr_FR","og_type":"article","og_title":"Communaut\u00e9 Itin\u00e9rante de Cabo Delgado, au Service des Personnes D\u00e9plac\u00e9es par la Guerre - Filles de la Charit\u00e9","og_description":"La situation des Personnes d\u00e9plac\u00e9es dans le nord du Mozambique a remu\u00e9 notre sensibilit\u00e9, nos c\u0153urs et nos esprits puisque nous nous souvenons qu\u2019\u00ab \u00c0 l&rsquo;\u00e9cole du Fils de Dieu, les Filles de la Charit\u00e9 apprennent qu&rsquo;il n\u2019y a pas de mis\u00e8re qui leur soit \u00e9trang\u00e8re. Le Christ appelle continuellement leur Compagnie par leurs fr\u00e8res [&hellip;]","og_url":"https:\/\/filles-de-la-charite.org\/fr\/communaute-itinerante-de-cabo-delgado-au-service-des-personnes-deplacees-par-la-guerre\/","og_site_name":"Filles de la Charit\u00e9","article_published_time":"2021-05-01T15:59:40+00:00","article_modified_time":"2024-03-17T16:45:32+00:00","og_image":[{"width":964,"height":723,"url":"https:\/\/filles-de-la-charite.org\/wp-content\/uploads\/2023\/06\/1-1.png","type":"image\/png"}],"author":"admin","twitter_card":"summary_large_image","twitter_misc":{"\u00c9crit par":"admin","Dur\u00e9e de lecture estim\u00e9e":"5 minutes"},"schema":{"@context":"https:\/\/schema.org","@graph":[{"@type":"Article","@id":"https:\/\/filles-de-la-charite.org\/fr\/communaute-itinerante-de-cabo-delgado-au-service-des-personnes-deplacees-par-la-guerre\/#article","isPartOf":{"@id":"https:\/\/filles-de-la-charite.org\/fr\/communaute-itinerante-de-cabo-delgado-au-service-des-personnes-deplacees-par-la-guerre\/"},"author":{"name":"admin","@id":"https:\/\/filles-de-la-charite.org\/fr\/#\/schema\/person\/427567b2eccfc2dd7d206da186a1f438"},"headline":"Communaut\u00e9 Itin\u00e9rante de Cabo Delgado, au Service des Personnes D\u00e9plac\u00e9es par la Guerre","datePublished":"2021-05-01T15:59:40+00:00","dateModified":"2024-03-17T16:45:32+00:00","mainEntityOfPage":{"@id":"https:\/\/filles-de-la-charite.org\/fr\/communaute-itinerante-de-cabo-delgado-au-service-des-personnes-deplacees-par-la-guerre\/"},"wordCount":881,"publisher":{"@id":"https:\/\/filles-de-la-charite.org\/fr\/#organization"},"image":{"@id":"https:\/\/filles-de-la-charite.org\/fr\/communaute-itinerante-de-cabo-delgado-au-service-des-personnes-deplacees-par-la-guerre\/#primaryimage"},"thumbnailUrl":"https:\/\/filles-de-la-charite.org\/wp-content\/uploads\/2023\/06\/1-1.png","articleSection":["Mozambique"],"inLanguage":"fr-FR"},{"@type":"WebPage","@id":"https:\/\/filles-de-la-charite.org\/fr\/communaute-itinerante-de-cabo-delgado-au-service-des-personnes-deplacees-par-la-guerre\/","url":"https:\/\/filles-de-la-charite.org\/fr\/communaute-itinerante-de-cabo-delgado-au-service-des-personnes-deplacees-par-la-guerre\/","name":"Communaut\u00e9 Itin\u00e9rante de Cabo Delgado, au Service des Personnes D\u00e9plac\u00e9es par la Guerre - Filles de la Charit\u00e9","isPartOf":{"@id":"https:\/\/filles-de-la-charite.org\/fr\/#website"},"primaryImageOfPage":{"@id":"https:\/\/filles-de-la-charite.org\/fr\/communaute-itinerante-de-cabo-delgado-au-service-des-personnes-deplacees-par-la-guerre\/#primaryimage"},"image":{"@id":"https:\/\/filles-de-la-charite.org\/fr\/communaute-itinerante-de-cabo-delgado-au-service-des-personnes-deplacees-par-la-guerre\/#primaryimage"},"thumbnailUrl":"https:\/\/filles-de-la-charite.org\/wp-content\/uploads\/2023\/06\/1-1.png","datePublished":"2021-05-01T15:59:40+00:00","dateModified":"2024-03-17T16:45:32+00:00","breadcrumb":{"@id":"https:\/\/filles-de-la-charite.org\/fr\/communaute-itinerante-de-cabo-delgado-au-service-des-personnes-deplacees-par-la-guerre\/#breadcrumb"},"inLanguage":"fr-FR","potentialAction":[{"@type":"ReadAction","target":["https:\/\/filles-de-la-charite.org\/fr\/communaute-itinerante-de-cabo-delgado-au-service-des-personnes-deplacees-par-la-guerre\/"]}]},{"@type":"ImageObject","inLanguage":"fr-FR","@id":"https:\/\/filles-de-la-charite.org\/fr\/communaute-itinerante-de-cabo-delgado-au-service-des-personnes-deplacees-par-la-guerre\/#primaryimage","url":"https:\/\/filles-de-la-charite.org\/wp-content\/uploads\/2023\/06\/1-1.png","contentUrl":"https:\/\/filles-de-la-charite.org\/wp-content\/uploads\/2023\/06\/1-1.png","width":964,"height":723},{"@type":"BreadcrumbList","@id":"https:\/\/filles-de-la-charite.org\/fr\/communaute-itinerante-de-cabo-delgado-au-service-des-personnes-deplacees-par-la-guerre\/#breadcrumb","itemListElement":[{"@type":"ListItem","position":1,"name":"Famille vincentienne","item":"https:\/\/filles-de-la-charite.org\/fr\/category\/famille-vincentienne-fr\/"},{"@type":"ListItem","position":2,"name":"Communaut\u00e9 Itin\u00e9rante de Cabo Delgado, au Service des Personnes D\u00e9plac\u00e9es par la Guerre"}]},{"@type":"WebSite","@id":"https:\/\/filles-de-la-charite.org\/fr\/#website","url":"https:\/\/filles-de-la-charite.org\/fr\/","name":"Hijas de la Caridad","description":"L\u2019amour de J\u00e9sus nous presse \u00e0 prendre soin des personnes les plus d\u00e9munies","publisher":{"@id":"https:\/\/filles-de-la-charite.org\/fr\/#organization"},"potentialAction":[{"@type":"SearchAction","target":{"@type":"EntryPoint","urlTemplate":"https:\/\/filles-de-la-charite.org\/fr\/?s={search_term_string}"},"query-input":{"@type":"PropertyValueSpecification","valueRequired":true,"valueName":"search_term_string"}}],"inLanguage":"fr-FR"},{"@type":"Organization","@id":"https:\/\/filles-de-la-charite.org\/fr\/#organization","name":"Hijas de la Caridad","url":"https:\/\/filles-de-la-charite.org\/fr\/","logo":{"@type":"ImageObject","inLanguage":"fr-FR","@id":"https:\/\/filles-de-la-charite.org\/fr\/#\/schema\/logo\/image\/","url":"https:\/\/filles-de-la-charite.org\/wp-content\/uploads\/2023\/03\/isotipo-Hijas-de-la-Caridad.png","contentUrl":"https:\/\/filles-de-la-charite.org\/wp-content\/uploads\/2023\/03\/isotipo-Hijas-de-la-Caridad.png","width":1417,"height":1417,"caption":"Hijas de la Caridad"},"image":{"@id":"https:\/\/filles-de-la-charite.org\/fr\/#\/schema\/logo\/image\/"}},{"@type":"Person","@id":"https:\/\/filles-de-la-charite.org\/fr\/#\/schema\/person\/427567b2eccfc2dd7d206da186a1f438","name":"admin","image":{"@type":"ImageObject","inLanguage":"fr-FR","@id":"https:\/\/secure.gravatar.com\/avatar\/948b492cce32b586ac2db0eaa926ee87024f7afe218d73b397ea5ddfc5f43ea1?s=96&d=mm&r=g","url":"https:\/\/secure.gravatar.com\/avatar\/948b492cce32b586ac2db0eaa926ee87024f7afe218d73b397ea5ddfc5f43ea1?s=96&d=mm&r=g","contentUrl":"https:\/\/secure.gravatar.com\/avatar\/948b492cce32b586ac2db0eaa926ee87024f7afe218d73b397ea5ddfc5f43ea1?s=96&d=mm&r=g","caption":"admin"},"sameAs":["https:\/\/filles-de-la-charite.org"],"url":"https:\/\/filles-de-la-charite.org\/fr\/author\/caridad\/"}]}},"_links":{"self":[{"href":"https:\/\/filles-de-la-charite.org\/fr\/wp-json\/wp\/v2\/posts\/22536","targetHints":{"allow":["GET"]}}],"collection":[{"href":"https:\/\/filles-de-la-charite.org\/fr\/wp-json\/wp\/v2\/posts"}],"about":[{"href":"https:\/\/filles-de-la-charite.org\/fr\/wp-json\/wp\/v2\/types\/post"}],"author":[{"embeddable":true,"href":"https:\/\/filles-de-la-charite.org\/fr\/wp-json\/wp\/v2\/users\/1"}],"replies":[{"embeddable":true,"href":"https:\/\/filles-de-la-charite.org\/fr\/wp-json\/wp\/v2\/comments?post=22536"}],"version-history":[{"count":1,"href":"https:\/\/filles-de-la-charite.org\/fr\/wp-json\/wp\/v2\/posts\/22536\/revisions"}],"predecessor-version":[{"id":22537,"href":"https:\/\/filles-de-la-charite.org\/fr\/wp-json\/wp\/v2\/posts\/22536\/revisions\/22537"}],"wp:featuredmedia":[{"embeddable":true,"href":"https:\/\/filles-de-la-charite.org\/fr\/wp-json\/wp\/v2\/media\/15822"}],"wp:attachment":[{"href":"https:\/\/filles-de-la-charite.org\/fr\/wp-json\/wp\/v2\/media?parent=22536"}],"wp:term":[{"taxonomy":"category","embeddable":true,"href":"https:\/\/filles-de-la-charite.org\/fr\/wp-json\/wp\/v2\/categories?post=22536"},{"taxonomy":"post_tag","embeddable":true,"href":"https:\/\/filles-de-la-charite.org\/fr\/wp-json\/wp\/v2\/tags?post=22536"}],"curies":[{"name":"wp","href":"https:\/\/api.w.org\/{rel}","templated":true}]}}