{"id":22542,"date":"2021-05-31T22:00:21","date_gmt":"2021-05-31T20:00:21","guid":{"rendered":"https:\/\/hijascaridad.sjdigitaldemo.ovh\/la-coree-releve-le-defi-du-superieur-general\/"},"modified":"2024-03-17T17:44:43","modified_gmt":"2024-03-17T16:44:43","slug":"la-coree-releve-le-defi-du-superieur-general","status":"publish","type":"post","link":"https:\/\/filles-de-la-charite.org\/fr\/la-coree-releve-le-defi-du-superieur-general\/","title":{"rendered":"La Cor\u00e9e rel\u00e8ve le d\u00e9fi du Sup\u00e9rieur g\u00e9n\u00e9ral"},"content":{"rendered":"\n<p>Quand le P. Toma\u017e Mavri\u010d, CM, Sup\u00e9rieur g\u00e9n\u00e9ral, a visit\u00e9 la Cor\u00e9e en 2019, il a pr\u00e9sent\u00e9 la Campagne des 13 Maisons et a encourag\u00e9 la Famille Vincentienne en Cor\u00e9e \u00e0 \u0153uvrer pour son succ\u00e8s. Apr\u00e8s sa visite, le Conseil de la Famille Vincentienne, en Cor\u00e9e a invit\u00e9 les branches de la Famille Vincentienne \u00e0 reprendre ce projet mais en raison de la pand\u00e9mie de coronavirus 19, les membres n&rsquo;ont pas pu participer activement.<\/p>\n\n\n\n<div class=\"wp-block-image\"><figure class=\"alignleft size-large\"><img decoding=\"async\" src=\"https:\/\/filles-de-la-charite.org\/wp-content\/uploads\/2023\/06\/S.-Korea-3a.jpg\" alt=\"\" class=\"wp-image-62471\" \/><\/figure><\/div>\n\n\n\n<p>En 2020, le Conseil de la Famille Vincentienne a tenu une r\u00e9union et a invit\u00e9 les Filles de la Charit\u00e9 du Foyer Sainte-Louise qui s&rsquo;occupent des femmes migrantes, victimes de violence domestique, \u00e0 partager leur mission. Ces femmes sont dans une situation extr\u00eamement difficile qui a \u00e9t\u00e9 aggrav\u00e9e par la pand\u00e9mie puisqu&rsquo;elles vivent dans les locaux du foyer et ne peuvent pas aller travailler. De plus, apr\u00e8s deux ann\u00e9es maximum de s\u00e9jour dans l\u2019\u00e9tablissement, elles doivent partir chercher un logement et subvenir \u00e0 leurs besoins. Une parmi elles, une femme avec son b\u00e9b\u00e9, \u00e9tait dans cette situation.<\/p>\n\n\n\n<p>Cette dame et son b\u00e9b\u00e9 ont d\u00fb quitter le foyer mais les S\u0153urs, voyant que cette m\u00e8re et son enfant n&rsquo;avaient pas de moyens financiers, ont facilit\u00e9 le processus pour qu&rsquo;ils soient les b\u00e9n\u00e9ficiaires de la premi\u00e8re des 13 maisons. Les S\u0153urs sont all\u00e9es plus loin encore en l\u2019aidant \u00e0 trouver un emploi! Maintenant, elle travaille pendant que le b\u00e9b\u00e9 est accueilli dans une garderie. Elle prend en charge les frais de subsistance tels que la nourriture, l&rsquo;eau, l&rsquo;\u00e9lectricit\u00e9, les frais de t\u00e9l\u00e9phone portable, etc. les S\u0153urs l&rsquo;ont \u00e9galement aid\u00e9e \u00e0 obtenir une subvention gouvernementale pour les d\u00e9penses de la garderie. Aujourd&rsquo;hui, on peut dire qu&rsquo;elle est \u00abconsciente de sa propre dignit\u00e9 et agente de promotion de sa propre vie\u00bb (cf. C.24e). Merci \u00e0 DIEU et merci \u00e0 notre Famille Vincentienne!<\/p>\n\n\n\n<div class=\"wp-block-image\"><figure class=\"aligncenter size-large\"><img decoding=\"async\" src=\"https:\/\/filles-de-la-charite.org\/wp-content\/uploads\/2023\/06\/S.-Korea-2a.jpg\" alt=\"\" class=\"wp-image-62474\" \/><\/figure><\/div>\n","protected":false},"excerpt":{"rendered":"<p>Quand le P. Toma\u017e Mavri\u010d, CM, Sup\u00e9rieur g\u00e9n\u00e9ral, a visit\u00e9 la Cor\u00e9e en 2019, il a pr\u00e9sent\u00e9 la Campagne des 13 Maisons et a encourag\u00e9 la Famille Vincentienne en Cor\u00e9e \u00e0 \u0153uvrer pour son succ\u00e8s. Apr\u00e8s sa visite, le Conseil de la Famille Vincentienne, en Cor\u00e9e a invit\u00e9 les branches de la Famille Vincentienne \u00e0 [&hellip;]<\/p>\n","protected":false},"author":1,"featured_media":15886,"comment_status":"closed","ping_status":"closed","sticky":false,"template":"","format":"standard","meta":{"_acf_changed":false,"_et_pb_use_builder":"","_et_pb_old_content":"","_et_gb_content_width":"","footnotes":"","_links_to":"","_links_to_target":""},"categories":[760],"tags":[],"class_list":["post-22542","post","type-post","status-publish","format-standard","has-post-thumbnail","hentry","category-sainte-louise-asie-fr"],"acf":[],"yoast_head":"<!-- This site is optimized with the Yoast SEO plugin v27.4 - https:\/\/yoast.com\/product\/yoast-seo-wordpress\/ -->\n<title>La Cor\u00e9e rel\u00e8ve le d\u00e9fi du Sup\u00e9rieur g\u00e9n\u00e9ral - Filles de la Charit\u00e9<\/title>\n<meta name=\"robots\" content=\"index, follow, max-snippet:-1, max-image-preview:large, max-video-preview:-1\" \/>\n<link rel=\"canonical\" href=\"https:\/\/filles-de-la-charite.org\/fr\/la-coree-releve-le-defi-du-superieur-general\/\" \/>\n<meta property=\"og:locale\" content=\"fr_FR\" \/>\n<meta property=\"og:type\" content=\"article\" \/>\n<meta property=\"og:title\" content=\"La Cor\u00e9e rel\u00e8ve le d\u00e9fi du Sup\u00e9rieur g\u00e9n\u00e9ral - Filles de la Charit\u00e9\" \/>\n<meta property=\"og:description\" content=\"Quand le P. Toma\u017e Mavri\u010d, CM, Sup\u00e9rieur g\u00e9n\u00e9ral, a visit\u00e9 la Cor\u00e9e en 2019, il a pr\u00e9sent\u00e9 la Campagne des 13 Maisons et a encourag\u00e9 la Famille Vincentienne en Cor\u00e9e \u00e0 \u0153uvrer pour son succ\u00e8s. Apr\u00e8s sa visite, le Conseil de la Famille Vincentienne, en Cor\u00e9e a invit\u00e9 les branches de la Famille Vincentienne \u00e0 [&hellip;]\" \/>\n<meta property=\"og:url\" content=\"https:\/\/filles-de-la-charite.org\/fr\/la-coree-releve-le-defi-du-superieur-general\/\" \/>\n<meta property=\"og:site_name\" content=\"Filles de la Charit\u00e9\" \/>\n<meta property=\"article:published_time\" content=\"2021-05-31T20:00:21+00:00\" \/>\n<meta property=\"article:modified_time\" content=\"2024-03-17T16:44:43+00:00\" \/>\n<meta property=\"og:image\" content=\"https:\/\/filles-de-la-charite.org\/wp-content\/uploads\/2023\/06\/S.-Korea-1a.jpg\" \/>\n\t<meta property=\"og:image:width\" content=\"826\" \/>\n\t<meta property=\"og:image:height\" content=\"397\" \/>\n\t<meta property=\"og:image:type\" content=\"image\/jpeg\" \/>\n<meta name=\"author\" content=\"admin\" \/>\n<meta name=\"twitter:card\" content=\"summary_large_image\" \/>\n<meta name=\"twitter:label1\" content=\"\u00c9crit par\" \/>\n\t<meta name=\"twitter:data1\" content=\"admin\" \/>\n\t<meta name=\"twitter:label2\" content=\"Dur\u00e9e de lecture estim\u00e9e\" \/>\n\t<meta name=\"twitter:data2\" content=\"2 minutes\" \/>\n<script type=\"application\/ld+json\" class=\"yoast-schema-graph\">{\"@context\":\"https:\\\/\\\/schema.org\",\"@graph\":[{\"@type\":\"Article\",\"@id\":\"https:\\\/\\\/filles-de-la-charite.org\\\/fr\\\/la-coree-releve-le-defi-du-superieur-general\\\/#article\",\"isPartOf\":{\"@id\":\"https:\\\/\\\/filles-de-la-charite.org\\\/fr\\\/la-coree-releve-le-defi-du-superieur-general\\\/\"},\"author\":{\"name\":\"admin\",\"@id\":\"https:\\\/\\\/filles-de-la-charite.org\\\/fr\\\/#\\\/schema\\\/person\\\/427567b2eccfc2dd7d206da186a1f438\"},\"headline\":\"La Cor\u00e9e rel\u00e8ve le d\u00e9fi du Sup\u00e9rieur g\u00e9n\u00e9ral\",\"datePublished\":\"2021-05-31T20:00:21+00:00\",\"dateModified\":\"2024-03-17T16:44:43+00:00\",\"mainEntityOfPage\":{\"@id\":\"https:\\\/\\\/filles-de-la-charite.org\\\/fr\\\/la-coree-releve-le-defi-du-superieur-general\\\/\"},\"wordCount\":348,\"publisher\":{\"@id\":\"https:\\\/\\\/filles-de-la-charite.org\\\/fr\\\/#organization\"},\"image\":{\"@id\":\"https:\\\/\\\/filles-de-la-charite.org\\\/fr\\\/la-coree-releve-le-defi-du-superieur-general\\\/#primaryimage\"},\"thumbnailUrl\":\"https:\\\/\\\/filles-de-la-charite.org\\\/wp-content\\\/uploads\\\/2023\\\/06\\\/S.-Korea-1a.jpg\",\"articleSection\":[\"Sainte Louise - Asie\"],\"inLanguage\":\"fr-FR\"},{\"@type\":\"WebPage\",\"@id\":\"https:\\\/\\\/filles-de-la-charite.org\\\/fr\\\/la-coree-releve-le-defi-du-superieur-general\\\/\",\"url\":\"https:\\\/\\\/filles-de-la-charite.org\\\/fr\\\/la-coree-releve-le-defi-du-superieur-general\\\/\",\"name\":\"La Cor\u00e9e rel\u00e8ve le d\u00e9fi du Sup\u00e9rieur g\u00e9n\u00e9ral - Filles de la Charit\u00e9\",\"isPartOf\":{\"@id\":\"https:\\\/\\\/filles-de-la-charite.org\\\/fr\\\/#website\"},\"primaryImageOfPage\":{\"@id\":\"https:\\\/\\\/filles-de-la-charite.org\\\/fr\\\/la-coree-releve-le-defi-du-superieur-general\\\/#primaryimage\"},\"image\":{\"@id\":\"https:\\\/\\\/filles-de-la-charite.org\\\/fr\\\/la-coree-releve-le-defi-du-superieur-general\\\/#primaryimage\"},\"thumbnailUrl\":\"https:\\\/\\\/filles-de-la-charite.org\\\/wp-content\\\/uploads\\\/2023\\\/06\\\/S.-Korea-1a.jpg\",\"datePublished\":\"2021-05-31T20:00:21+00:00\",\"dateModified\":\"2024-03-17T16:44:43+00:00\",\"breadcrumb\":{\"@id\":\"https:\\\/\\\/filles-de-la-charite.org\\\/fr\\\/la-coree-releve-le-defi-du-superieur-general\\\/#breadcrumb\"},\"inLanguage\":\"fr-FR\",\"potentialAction\":[{\"@type\":\"ReadAction\",\"target\":[\"https:\\\/\\\/filles-de-la-charite.org\\\/fr\\\/la-coree-releve-le-defi-du-superieur-general\\\/\"]}]},{\"@type\":\"ImageObject\",\"inLanguage\":\"fr-FR\",\"@id\":\"https:\\\/\\\/filles-de-la-charite.org\\\/fr\\\/la-coree-releve-le-defi-du-superieur-general\\\/#primaryimage\",\"url\":\"https:\\\/\\\/filles-de-la-charite.org\\\/wp-content\\\/uploads\\\/2023\\\/06\\\/S.-Korea-1a.jpg\",\"contentUrl\":\"https:\\\/\\\/filles-de-la-charite.org\\\/wp-content\\\/uploads\\\/2023\\\/06\\\/S.-Korea-1a.jpg\",\"width\":826,\"height\":397},{\"@type\":\"BreadcrumbList\",\"@id\":\"https:\\\/\\\/filles-de-la-charite.org\\\/fr\\\/la-coree-releve-le-defi-du-superieur-general\\\/#breadcrumb\",\"itemListElement\":[{\"@type\":\"ListItem\",\"position\":1,\"name\":\"Indon\u00e9sie\",\"item\":\"https:\\\/\\\/filles-de-la-charite.org\\\/fr\\\/category\\\/indonesie\\\/\"},{\"@type\":\"ListItem\",\"position\":2,\"name\":\"La Cor\u00e9e rel\u00e8ve le d\u00e9fi du Sup\u00e9rieur g\u00e9n\u00e9ral\"}]},{\"@type\":\"WebSite\",\"@id\":\"https:\\\/\\\/filles-de-la-charite.org\\\/fr\\\/#website\",\"url\":\"https:\\\/\\\/filles-de-la-charite.org\\\/fr\\\/\",\"name\":\"Hijas de la Caridad\",\"description\":\"L\u2019amour de J\u00e9sus nous presse \u00e0 prendre soin des personnes les plus d\u00e9munies\",\"publisher\":{\"@id\":\"https:\\\/\\\/filles-de-la-charite.org\\\/fr\\\/#organization\"},\"potentialAction\":[{\"@type\":\"SearchAction\",\"target\":{\"@type\":\"EntryPoint\",\"urlTemplate\":\"https:\\\/\\\/filles-de-la-charite.org\\\/fr\\\/?s={search_term_string}\"},\"query-input\":{\"@type\":\"PropertyValueSpecification\",\"valueRequired\":true,\"valueName\":\"search_term_string\"}}],\"inLanguage\":\"fr-FR\"},{\"@type\":\"Organization\",\"@id\":\"https:\\\/\\\/filles-de-la-charite.org\\\/fr\\\/#organization\",\"name\":\"Hijas de la Caridad\",\"url\":\"https:\\\/\\\/filles-de-la-charite.org\\\/fr\\\/\",\"logo\":{\"@type\":\"ImageObject\",\"inLanguage\":\"fr-FR\",\"@id\":\"https:\\\/\\\/filles-de-la-charite.org\\\/fr\\\/#\\\/schema\\\/logo\\\/image\\\/\",\"url\":\"https:\\\/\\\/filles-de-la-charite.org\\\/wp-content\\\/uploads\\\/2023\\\/03\\\/isotipo-Hijas-de-la-Caridad.png\",\"contentUrl\":\"https:\\\/\\\/filles-de-la-charite.org\\\/wp-content\\\/uploads\\\/2023\\\/03\\\/isotipo-Hijas-de-la-Caridad.png\",\"width\":1417,\"height\":1417,\"caption\":\"Hijas de la Caridad\"},\"image\":{\"@id\":\"https:\\\/\\\/filles-de-la-charite.org\\\/fr\\\/#\\\/schema\\\/logo\\\/image\\\/\"}},{\"@type\":\"Person\",\"@id\":\"https:\\\/\\\/filles-de-la-charite.org\\\/fr\\\/#\\\/schema\\\/person\\\/427567b2eccfc2dd7d206da186a1f438\",\"name\":\"admin\",\"image\":{\"@type\":\"ImageObject\",\"inLanguage\":\"fr-FR\",\"@id\":\"https:\\\/\\\/secure.gravatar.com\\\/avatar\\\/948b492cce32b586ac2db0eaa926ee87024f7afe218d73b397ea5ddfc5f43ea1?s=96&d=mm&r=g\",\"url\":\"https:\\\/\\\/secure.gravatar.com\\\/avatar\\\/948b492cce32b586ac2db0eaa926ee87024f7afe218d73b397ea5ddfc5f43ea1?s=96&d=mm&r=g\",\"contentUrl\":\"https:\\\/\\\/secure.gravatar.com\\\/avatar\\\/948b492cce32b586ac2db0eaa926ee87024f7afe218d73b397ea5ddfc5f43ea1?s=96&d=mm&r=g\",\"caption\":\"admin\"},\"sameAs\":[\"https:\\\/\\\/filles-de-la-charite.org\"],\"url\":\"https:\\\/\\\/filles-de-la-charite.org\\\/fr\\\/author\\\/caridad\\\/\"}]}<\/script>\n<!-- \/ Yoast SEO plugin. -->","yoast_head_json":{"title":"La Cor\u00e9e rel\u00e8ve le d\u00e9fi du Sup\u00e9rieur g\u00e9n\u00e9ral - Filles de la Charit\u00e9","robots":{"index":"index","follow":"follow","max-snippet":"max-snippet:-1","max-image-preview":"max-image-preview:large","max-video-preview":"max-video-preview:-1"},"canonical":"https:\/\/filles-de-la-charite.org\/fr\/la-coree-releve-le-defi-du-superieur-general\/","og_locale":"fr_FR","og_type":"article","og_title":"La Cor\u00e9e rel\u00e8ve le d\u00e9fi du Sup\u00e9rieur g\u00e9n\u00e9ral - Filles de la Charit\u00e9","og_description":"Quand le P. Toma\u017e Mavri\u010d, CM, Sup\u00e9rieur g\u00e9n\u00e9ral, a visit\u00e9 la Cor\u00e9e en 2019, il a pr\u00e9sent\u00e9 la Campagne des 13 Maisons et a encourag\u00e9 la Famille Vincentienne en Cor\u00e9e \u00e0 \u0153uvrer pour son succ\u00e8s. Apr\u00e8s sa visite, le Conseil de la Famille Vincentienne, en Cor\u00e9e a invit\u00e9 les branches de la Famille Vincentienne \u00e0 [&hellip;]","og_url":"https:\/\/filles-de-la-charite.org\/fr\/la-coree-releve-le-defi-du-superieur-general\/","og_site_name":"Filles de la Charit\u00e9","article_published_time":"2021-05-31T20:00:21+00:00","article_modified_time":"2024-03-17T16:44:43+00:00","og_image":[{"width":826,"height":397,"url":"https:\/\/filles-de-la-charite.org\/wp-content\/uploads\/2023\/06\/S.-Korea-1a.jpg","type":"image\/jpeg"}],"author":"admin","twitter_card":"summary_large_image","twitter_misc":{"\u00c9crit par":"admin","Dur\u00e9e de lecture estim\u00e9e":"2 minutes"},"schema":{"@context":"https:\/\/schema.org","@graph":[{"@type":"Article","@id":"https:\/\/filles-de-la-charite.org\/fr\/la-coree-releve-le-defi-du-superieur-general\/#article","isPartOf":{"@id":"https:\/\/filles-de-la-charite.org\/fr\/la-coree-releve-le-defi-du-superieur-general\/"},"author":{"name":"admin","@id":"https:\/\/filles-de-la-charite.org\/fr\/#\/schema\/person\/427567b2eccfc2dd7d206da186a1f438"},"headline":"La Cor\u00e9e rel\u00e8ve le d\u00e9fi du Sup\u00e9rieur g\u00e9n\u00e9ral","datePublished":"2021-05-31T20:00:21+00:00","dateModified":"2024-03-17T16:44:43+00:00","mainEntityOfPage":{"@id":"https:\/\/filles-de-la-charite.org\/fr\/la-coree-releve-le-defi-du-superieur-general\/"},"wordCount":348,"publisher":{"@id":"https:\/\/filles-de-la-charite.org\/fr\/#organization"},"image":{"@id":"https:\/\/filles-de-la-charite.org\/fr\/la-coree-releve-le-defi-du-superieur-general\/#primaryimage"},"thumbnailUrl":"https:\/\/filles-de-la-charite.org\/wp-content\/uploads\/2023\/06\/S.-Korea-1a.jpg","articleSection":["Sainte Louise - Asie"],"inLanguage":"fr-FR"},{"@type":"WebPage","@id":"https:\/\/filles-de-la-charite.org\/fr\/la-coree-releve-le-defi-du-superieur-general\/","url":"https:\/\/filles-de-la-charite.org\/fr\/la-coree-releve-le-defi-du-superieur-general\/","name":"La Cor\u00e9e rel\u00e8ve le d\u00e9fi du Sup\u00e9rieur g\u00e9n\u00e9ral - Filles de la Charit\u00e9","isPartOf":{"@id":"https:\/\/filles-de-la-charite.org\/fr\/#website"},"primaryImageOfPage":{"@id":"https:\/\/filles-de-la-charite.org\/fr\/la-coree-releve-le-defi-du-superieur-general\/#primaryimage"},"image":{"@id":"https:\/\/filles-de-la-charite.org\/fr\/la-coree-releve-le-defi-du-superieur-general\/#primaryimage"},"thumbnailUrl":"https:\/\/filles-de-la-charite.org\/wp-content\/uploads\/2023\/06\/S.-Korea-1a.jpg","datePublished":"2021-05-31T20:00:21+00:00","dateModified":"2024-03-17T16:44:43+00:00","breadcrumb":{"@id":"https:\/\/filles-de-la-charite.org\/fr\/la-coree-releve-le-defi-du-superieur-general\/#breadcrumb"},"inLanguage":"fr-FR","potentialAction":[{"@type":"ReadAction","target":["https:\/\/filles-de-la-charite.org\/fr\/la-coree-releve-le-defi-du-superieur-general\/"]}]},{"@type":"ImageObject","inLanguage":"fr-FR","@id":"https:\/\/filles-de-la-charite.org\/fr\/la-coree-releve-le-defi-du-superieur-general\/#primaryimage","url":"https:\/\/filles-de-la-charite.org\/wp-content\/uploads\/2023\/06\/S.-Korea-1a.jpg","contentUrl":"https:\/\/filles-de-la-charite.org\/wp-content\/uploads\/2023\/06\/S.-Korea-1a.jpg","width":826,"height":397},{"@type":"BreadcrumbList","@id":"https:\/\/filles-de-la-charite.org\/fr\/la-coree-releve-le-defi-du-superieur-general\/#breadcrumb","itemListElement":[{"@type":"ListItem","position":1,"name":"Indon\u00e9sie","item":"https:\/\/filles-de-la-charite.org\/fr\/category\/indonesie\/"},{"@type":"ListItem","position":2,"name":"La Cor\u00e9e rel\u00e8ve le d\u00e9fi du Sup\u00e9rieur g\u00e9n\u00e9ral"}]},{"@type":"WebSite","@id":"https:\/\/filles-de-la-charite.org\/fr\/#website","url":"https:\/\/filles-de-la-charite.org\/fr\/","name":"Hijas de la Caridad","description":"L\u2019amour de J\u00e9sus nous presse \u00e0 prendre soin des personnes les plus d\u00e9munies","publisher":{"@id":"https:\/\/filles-de-la-charite.org\/fr\/#organization"},"potentialAction":[{"@type":"SearchAction","target":{"@type":"EntryPoint","urlTemplate":"https:\/\/filles-de-la-charite.org\/fr\/?s={search_term_string}"},"query-input":{"@type":"PropertyValueSpecification","valueRequired":true,"valueName":"search_term_string"}}],"inLanguage":"fr-FR"},{"@type":"Organization","@id":"https:\/\/filles-de-la-charite.org\/fr\/#organization","name":"Hijas de la Caridad","url":"https:\/\/filles-de-la-charite.org\/fr\/","logo":{"@type":"ImageObject","inLanguage":"fr-FR","@id":"https:\/\/filles-de-la-charite.org\/fr\/#\/schema\/logo\/image\/","url":"https:\/\/filles-de-la-charite.org\/wp-content\/uploads\/2023\/03\/isotipo-Hijas-de-la-Caridad.png","contentUrl":"https:\/\/filles-de-la-charite.org\/wp-content\/uploads\/2023\/03\/isotipo-Hijas-de-la-Caridad.png","width":1417,"height":1417,"caption":"Hijas de la Caridad"},"image":{"@id":"https:\/\/filles-de-la-charite.org\/fr\/#\/schema\/logo\/image\/"}},{"@type":"Person","@id":"https:\/\/filles-de-la-charite.org\/fr\/#\/schema\/person\/427567b2eccfc2dd7d206da186a1f438","name":"admin","image":{"@type":"ImageObject","inLanguage":"fr-FR","@id":"https:\/\/secure.gravatar.com\/avatar\/948b492cce32b586ac2db0eaa926ee87024f7afe218d73b397ea5ddfc5f43ea1?s=96&d=mm&r=g","url":"https:\/\/secure.gravatar.com\/avatar\/948b492cce32b586ac2db0eaa926ee87024f7afe218d73b397ea5ddfc5f43ea1?s=96&d=mm&r=g","contentUrl":"https:\/\/secure.gravatar.com\/avatar\/948b492cce32b586ac2db0eaa926ee87024f7afe218d73b397ea5ddfc5f43ea1?s=96&d=mm&r=g","caption":"admin"},"sameAs":["https:\/\/filles-de-la-charite.org"],"url":"https:\/\/filles-de-la-charite.org\/fr\/author\/caridad\/"}]}},"_links":{"self":[{"href":"https:\/\/filles-de-la-charite.org\/fr\/wp-json\/wp\/v2\/posts\/22542","targetHints":{"allow":["GET"]}}],"collection":[{"href":"https:\/\/filles-de-la-charite.org\/fr\/wp-json\/wp\/v2\/posts"}],"about":[{"href":"https:\/\/filles-de-la-charite.org\/fr\/wp-json\/wp\/v2\/types\/post"}],"author":[{"embeddable":true,"href":"https:\/\/filles-de-la-charite.org\/fr\/wp-json\/wp\/v2\/users\/1"}],"replies":[{"embeddable":true,"href":"https:\/\/filles-de-la-charite.org\/fr\/wp-json\/wp\/v2\/comments?post=22542"}],"version-history":[{"count":1,"href":"https:\/\/filles-de-la-charite.org\/fr\/wp-json\/wp\/v2\/posts\/22542\/revisions"}],"predecessor-version":[{"id":22543,"href":"https:\/\/filles-de-la-charite.org\/fr\/wp-json\/wp\/v2\/posts\/22542\/revisions\/22543"}],"wp:featuredmedia":[{"embeddable":true,"href":"https:\/\/filles-de-la-charite.org\/fr\/wp-json\/wp\/v2\/media\/15886"}],"wp:attachment":[{"href":"https:\/\/filles-de-la-charite.org\/fr\/wp-json\/wp\/v2\/media?parent=22542"}],"wp:term":[{"taxonomy":"category","embeddable":true,"href":"https:\/\/filles-de-la-charite.org\/fr\/wp-json\/wp\/v2\/categories?post=22542"},{"taxonomy":"post_tag","embeddable":true,"href":"https:\/\/filles-de-la-charite.org\/fr\/wp-json\/wp\/v2\/tags?post=22542"}],"curies":[{"name":"wp","href":"https:\/\/api.w.org\/{rel}","templated":true}]}}