{"id":22552,"date":"2021-07-23T12:02:41","date_gmt":"2021-07-23T10:02:41","guid":{"rendered":"https:\/\/hijascaridad.sjdigitaldemo.ovh\/reunion-des-membres-de-lequipe-du-site\/"},"modified":"2024-03-17T16:54:43","modified_gmt":"2024-03-17T15:54:43","slug":"reunion-des-membres-de-lequipe-du-site","status":"publish","type":"post","link":"https:\/\/filles-de-la-charite.org\/fr\/reunion-des-membres-de-lequipe-du-site\/","title":{"rendered":"R\u00c9UNION DES MEMBRES DE L&rsquo;\u00c9QUIPE DU SITE"},"content":{"rendered":"\n<div class=\"wp-block-image\"><figure class=\"aligncenter size-large\"><img decoding=\"async\" src=\"https:\/\/filles-de-la-charite.org\/wp-content\/uploads\/2023\/06\/a-1.jpg\" alt=\"\" class=\"wp-image-63216\" \/><figcaption><em>\u00c9quipe du site Web avec la Sup\u00e9rieure g\u00e9n\u00e9rale et la Conseill\u00e8re g\u00e9n\u00e9rale<\/em><\/figcaption><\/figure><\/div>\n\n\n\n<p>Du 19 au 23 juillet, \u00e0 la Maison-M\u00e8re des Filles de la Charit\u00e9 \u00e0 Paris se d\u00e9roule la rencontre annuelle des membres du Site Internet de la Compagnie. Deux S\u0153urs des Philippines et du Mozambique n'ont pas pu venir \u00e0 Paris en raison des restrictions dues \u00e0 la pand\u00e9mie de coronavirus mais elles ont pu travailler avec les autres membres de l'\u00e9quipe par vid\u00e9oconf\u00e9rence.<\/p>\n\n\n\n<p>La Rencontre a commenc\u00e9 avec une pri\u00e8re communautaire (via une diffusion en direct) qui a repris les paroles de M\u00e8re Elizondo prononc\u00e9es \u00e0 l\u2019occasion du lancement du site Web de la Compagnie : \u00ab<em>Nous souhaitons utiliser le site Web pour promouvoir une culture du dialogue, de participation et de solidarit\u00e9 au service de la Compagnie. \u2026 Internet est un excellent outil pour \u00eatre la voix des sans-voix dans le monde\u00bb<\/em>.<\/p>\n\n\n\n<p>La pr\u00e9paration de l'Assembl\u00e9e G\u00e9n\u00e9rale des Filles de la Charit\u00e9 qui aura lieu au mois d'octobre et novembre 2021 a \u00e9t\u00e9 le point le plus important de cette r\u00e9union. L'\u00e9quipe pr\u00e9pare la section publique et priv\u00e9e du site Web et s'occupe des aspects techniques ainsi que des questions d'organisation.<\/p>\n\n\n\n<div class=\"wp-block-image\"><figure class=\"aligncenter size-large\"><img decoding=\"async\" src=\"https:\/\/filles-de-la-charite.org\/wp-content\/uploads\/2023\/06\/2-1024x577-1.jpg\" alt=\"\" class=\"wp-image-63208\" \/><\/figure><\/div>\n\n\n\n<p>Un autre th\u00e8me \u00e9tait la programmation des contributions mensuelles de chaque membre de l'\u00e9quipe pour les prochains mois.<\/p>\n\n\n\n<p>L'\u00e9quipe a pu clarifier de nombreuses questions lors d'un entretien avec la Sup\u00e9rieure g\u00e9n\u00e9rale, Sr Fran\u00e7oise Petit et la Conseill\u00e8re g\u00e9n\u00e9rale, Sr Maria Teresa Mueda, l'avant-dernier jour.<\/p>\n\n\n\n<p>M\u00eame si nous sommes une petite \u00c9quipe de S\u0153urs, nous essayons de faire de notre mieux dans ce service de notre \u00ab Petite Compagnie \u00bb comme nous l'avons dit dans la pri\u00e8re d'ouverture:<\/p>\n\n\n\n<p>\u00abSeigneur, montre-nous comment assumer notre t\u00e2che avec joie et enthousiasme\u2026 Aide-nous \u00e0 travailler ensemble et nous encourager mutuellement vers l'excellence. ... Nous te le demandons au nom de J\u00e9sus-Christ. Amen.\u00bb<\/p>\n\n\n\n<div class=\"wp-block-image\"><figure class=\"aligncenter size-large\"><img decoding=\"async\" src=\"https:\/\/filles-de-la-charite.org\/wp-content\/uploads\/2023\/06\/4-1024x667-1.jpg\" alt=\"\" class=\"wp-image-63206\" \/><\/figure><\/div>\n","protected":false},"excerpt":{"rendered":"<p>Du 19 au 23 juillet, \u00e0 la Maison-M\u00e8re des Filles de la Charit\u00e9 \u00e0 Paris se d\u00e9roule la rencontre annuelle des membres du Site Internet de la Compagnie. Deux S\u0153urs des Philippines et du Mozambique n&rsquo;ont pas pu venir \u00e0 Paris en raison des restrictions dues \u00e0 la pand\u00e9mie de coronavirus mais elles ont pu [&hellip;]<\/p>\n","protected":false},"author":1,"featured_media":16034,"comment_status":"closed","ping_status":"closed","sticky":false,"template":"","format":"standard","meta":{"_acf_changed":false,"footnotes":"","_links_to":"","_links_to_target":""},"categories":[558],"tags":[],"class_list":["post-22552","post","type-post","status-publish","format-standard","has-post-thumbnail","hentry","category-maison-mere-fr"],"acf":[],"yoast_head":"<!-- This site is optimized with the Yoast SEO plugin v27.5 - https:\/\/yoast.com\/product\/yoast-seo-wordpress\/ -->\n<title>R\u00c9UNION DES MEMBRES DE L&#039;\u00c9QUIPE DU SITE - Filles de la Charit\u00e9<\/title>\n<meta name=\"robots\" content=\"index, follow, max-snippet:-1, max-image-preview:large, max-video-preview:-1\" \/>\n<link rel=\"canonical\" href=\"https:\/\/filles-de-la-charite.org\/fr\/reunion-des-membres-de-lequipe-du-site\/\" \/>\n<meta property=\"og:locale\" content=\"fr_FR\" \/>\n<meta property=\"og:type\" content=\"article\" \/>\n<meta property=\"og:title\" content=\"R\u00c9UNION DES MEMBRES DE L&#039;\u00c9QUIPE DU SITE - Filles de la Charit\u00e9\" \/>\n<meta property=\"og:description\" content=\"Du 19 au 23 juillet, \u00e0 la Maison-M\u00e8re des Filles de la Charit\u00e9 \u00e0 Paris se d\u00e9roule la rencontre annuelle des membres du Site Internet de la Compagnie. Deux S\u0153urs des Philippines et du Mozambique n&rsquo;ont pas pu venir \u00e0 Paris en raison des restrictions dues \u00e0 la pand\u00e9mie de coronavirus mais elles ont pu [&hellip;]\" \/>\n<meta property=\"og:url\" content=\"https:\/\/filles-de-la-charite.org\/fr\/reunion-des-membres-de-lequipe-du-site\/\" \/>\n<meta property=\"og:site_name\" content=\"Filles de la Charit\u00e9\" \/>\n<meta property=\"article:published_time\" content=\"2021-07-23T10:02:41+00:00\" \/>\n<meta property=\"article:modified_time\" content=\"2024-03-17T15:54:43+00:00\" \/>\n<meta property=\"og:image\" content=\"https:\/\/filles-de-la-charite.org\/wp-content\/uploads\/2023\/06\/1-7.jpg\" \/>\n\t<meta property=\"og:image:width\" content=\"1540\" \/>\n\t<meta property=\"og:image:height\" content=\"978\" \/>\n\t<meta property=\"og:image:type\" content=\"image\/jpeg\" \/>\n<meta name=\"author\" content=\"admin\" \/>\n<meta name=\"twitter:card\" content=\"summary_large_image\" \/>\n<meta name=\"twitter:label1\" content=\"\u00c9crit par\" \/>\n\t<meta name=\"twitter:data1\" content=\"admin\" \/>\n\t<meta name=\"twitter:label2\" content=\"Dur\u00e9e de lecture estim\u00e9e\" \/>\n\t<meta name=\"twitter:data2\" content=\"2 minutes\" \/>\n<script type=\"application\/ld+json\" class=\"yoast-schema-graph\">{\"@context\":\"https:\\\/\\\/schema.org\",\"@graph\":[{\"@type\":\"Article\",\"@id\":\"https:\\\/\\\/filles-de-la-charite.org\\\/fr\\\/reunion-des-membres-de-lequipe-du-site\\\/#article\",\"isPartOf\":{\"@id\":\"https:\\\/\\\/filles-de-la-charite.org\\\/fr\\\/reunion-des-membres-de-lequipe-du-site\\\/\"},\"author\":{\"name\":\"admin\",\"@id\":\"https:\\\/\\\/filles-de-la-charite.org\\\/fr\\\/#\\\/schema\\\/person\\\/427567b2eccfc2dd7d206da186a1f438\"},\"headline\":\"R\u00c9UNION DES MEMBRES DE L&rsquo;\u00c9QUIPE DU SITE\",\"datePublished\":\"2021-07-23T10:02:41+00:00\",\"dateModified\":\"2024-03-17T15:54:43+00:00\",\"mainEntityOfPage\":{\"@id\":\"https:\\\/\\\/filles-de-la-charite.org\\\/fr\\\/reunion-des-membres-de-lequipe-du-site\\\/\"},\"wordCount\":348,\"publisher\":{\"@id\":\"https:\\\/\\\/filles-de-la-charite.org\\\/fr\\\/#organization\"},\"image\":{\"@id\":\"https:\\\/\\\/filles-de-la-charite.org\\\/fr\\\/reunion-des-membres-de-lequipe-du-site\\\/#primaryimage\"},\"thumbnailUrl\":\"https:\\\/\\\/filles-de-la-charite.org\\\/wp-content\\\/uploads\\\/2023\\\/06\\\/1-7.jpg\",\"articleSection\":[\"Maison-M\u00e8re\"],\"inLanguage\":\"fr-FR\"},{\"@type\":\"WebPage\",\"@id\":\"https:\\\/\\\/filles-de-la-charite.org\\\/fr\\\/reunion-des-membres-de-lequipe-du-site\\\/\",\"url\":\"https:\\\/\\\/filles-de-la-charite.org\\\/fr\\\/reunion-des-membres-de-lequipe-du-site\\\/\",\"name\":\"R\u00c9UNION DES MEMBRES DE L'\u00c9QUIPE DU SITE - Filles de la Charit\u00e9\",\"isPartOf\":{\"@id\":\"https:\\\/\\\/filles-de-la-charite.org\\\/fr\\\/#website\"},\"primaryImageOfPage\":{\"@id\":\"https:\\\/\\\/filles-de-la-charite.org\\\/fr\\\/reunion-des-membres-de-lequipe-du-site\\\/#primaryimage\"},\"image\":{\"@id\":\"https:\\\/\\\/filles-de-la-charite.org\\\/fr\\\/reunion-des-membres-de-lequipe-du-site\\\/#primaryimage\"},\"thumbnailUrl\":\"https:\\\/\\\/filles-de-la-charite.org\\\/wp-content\\\/uploads\\\/2023\\\/06\\\/1-7.jpg\",\"datePublished\":\"2021-07-23T10:02:41+00:00\",\"dateModified\":\"2024-03-17T15:54:43+00:00\",\"breadcrumb\":{\"@id\":\"https:\\\/\\\/filles-de-la-charite.org\\\/fr\\\/reunion-des-membres-de-lequipe-du-site\\\/#breadcrumb\"},\"inLanguage\":\"fr-FR\",\"potentialAction\":[{\"@type\":\"ReadAction\",\"target\":[\"https:\\\/\\\/filles-de-la-charite.org\\\/fr\\\/reunion-des-membres-de-lequipe-du-site\\\/\"]}]},{\"@type\":\"ImageObject\",\"inLanguage\":\"fr-FR\",\"@id\":\"https:\\\/\\\/filles-de-la-charite.org\\\/fr\\\/reunion-des-membres-de-lequipe-du-site\\\/#primaryimage\",\"url\":\"https:\\\/\\\/filles-de-la-charite.org\\\/wp-content\\\/uploads\\\/2023\\\/06\\\/1-7.jpg\",\"contentUrl\":\"https:\\\/\\\/filles-de-la-charite.org\\\/wp-content\\\/uploads\\\/2023\\\/06\\\/1-7.jpg\",\"width\":1540,\"height\":978},{\"@type\":\"BreadcrumbList\",\"@id\":\"https:\\\/\\\/filles-de-la-charite.org\\\/fr\\\/reunion-des-membres-de-lequipe-du-site\\\/#breadcrumb\",\"itemListElement\":[{\"@type\":\"ListItem\",\"position\":1,\"name\":\"Varsovie - Pologne\",\"item\":\"https:\\\/\\\/filles-de-la-charite.org\\\/fr\\\/category\\\/varsovie-pologne-fr\\\/\"},{\"@type\":\"ListItem\",\"position\":2,\"name\":\"R\u00c9UNION DES MEMBRES DE L&#8217;\u00c9QUIPE DU SITE\"}]},{\"@type\":\"WebSite\",\"@id\":\"https:\\\/\\\/filles-de-la-charite.org\\\/fr\\\/#website\",\"url\":\"https:\\\/\\\/filles-de-la-charite.org\\\/fr\\\/\",\"name\":\"Hijas de la Caridad\",\"description\":\"L\u2019amour de J\u00e9sus nous presse \u00e0 prendre soin des personnes les plus d\u00e9munies\",\"publisher\":{\"@id\":\"https:\\\/\\\/filles-de-la-charite.org\\\/fr\\\/#organization\"},\"potentialAction\":[{\"@type\":\"SearchAction\",\"target\":{\"@type\":\"EntryPoint\",\"urlTemplate\":\"https:\\\/\\\/filles-de-la-charite.org\\\/fr\\\/?s={search_term_string}\"},\"query-input\":{\"@type\":\"PropertyValueSpecification\",\"valueRequired\":true,\"valueName\":\"search_term_string\"}}],\"inLanguage\":\"fr-FR\"},{\"@type\":\"Organization\",\"@id\":\"https:\\\/\\\/filles-de-la-charite.org\\\/fr\\\/#organization\",\"name\":\"Hijas de la Caridad\",\"url\":\"https:\\\/\\\/filles-de-la-charite.org\\\/fr\\\/\",\"logo\":{\"@type\":\"ImageObject\",\"inLanguage\":\"fr-FR\",\"@id\":\"https:\\\/\\\/filles-de-la-charite.org\\\/fr\\\/#\\\/schema\\\/logo\\\/image\\\/\",\"url\":\"https:\\\/\\\/filles-de-la-charite.org\\\/wp-content\\\/uploads\\\/2023\\\/03\\\/isotipo-Hijas-de-la-Caridad.png\",\"contentUrl\":\"https:\\\/\\\/filles-de-la-charite.org\\\/wp-content\\\/uploads\\\/2023\\\/03\\\/isotipo-Hijas-de-la-Caridad.png\",\"width\":1417,\"height\":1417,\"caption\":\"Hijas de la Caridad\"},\"image\":{\"@id\":\"https:\\\/\\\/filles-de-la-charite.org\\\/fr\\\/#\\\/schema\\\/logo\\\/image\\\/\"}},{\"@type\":\"Person\",\"@id\":\"https:\\\/\\\/filles-de-la-charite.org\\\/fr\\\/#\\\/schema\\\/person\\\/427567b2eccfc2dd7d206da186a1f438\",\"name\":\"admin\",\"image\":{\"@type\":\"ImageObject\",\"inLanguage\":\"fr-FR\",\"@id\":\"https:\\\/\\\/secure.gravatar.com\\\/avatar\\\/948b492cce32b586ac2db0eaa926ee87024f7afe218d73b397ea5ddfc5f43ea1?s=96&d=mm&r=g\",\"url\":\"https:\\\/\\\/secure.gravatar.com\\\/avatar\\\/948b492cce32b586ac2db0eaa926ee87024f7afe218d73b397ea5ddfc5f43ea1?s=96&d=mm&r=g\",\"contentUrl\":\"https:\\\/\\\/secure.gravatar.com\\\/avatar\\\/948b492cce32b586ac2db0eaa926ee87024f7afe218d73b397ea5ddfc5f43ea1?s=96&d=mm&r=g\",\"caption\":\"admin\"},\"sameAs\":[\"https:\\\/\\\/filles-de-la-charite.org\"],\"url\":\"https:\\\/\\\/filles-de-la-charite.org\\\/fr\\\/author\\\/caridad\\\/\"}]}<\/script>\n<!-- \/ Yoast SEO plugin. -->","yoast_head_json":{"title":"R\u00c9UNION DES MEMBRES DE L'\u00c9QUIPE DU SITE - Filles de la Charit\u00e9","robots":{"index":"index","follow":"follow","max-snippet":"max-snippet:-1","max-image-preview":"max-image-preview:large","max-video-preview":"max-video-preview:-1"},"canonical":"https:\/\/filles-de-la-charite.org\/fr\/reunion-des-membres-de-lequipe-du-site\/","og_locale":"fr_FR","og_type":"article","og_title":"R\u00c9UNION DES MEMBRES DE L'\u00c9QUIPE DU SITE - Filles de la Charit\u00e9","og_description":"Du 19 au 23 juillet, \u00e0 la Maison-M\u00e8re des Filles de la Charit\u00e9 \u00e0 Paris se d\u00e9roule la rencontre annuelle des membres du Site Internet de la Compagnie. Deux S\u0153urs des Philippines et du Mozambique n&rsquo;ont pas pu venir \u00e0 Paris en raison des restrictions dues \u00e0 la pand\u00e9mie de coronavirus mais elles ont pu [&hellip;]","og_url":"https:\/\/filles-de-la-charite.org\/fr\/reunion-des-membres-de-lequipe-du-site\/","og_site_name":"Filles de la Charit\u00e9","article_published_time":"2021-07-23T10:02:41+00:00","article_modified_time":"2024-03-17T15:54:43+00:00","og_image":[{"width":1540,"height":978,"url":"https:\/\/filles-de-la-charite.org\/wp-content\/uploads\/2023\/06\/1-7.jpg","type":"image\/jpeg"}],"author":"admin","twitter_card":"summary_large_image","twitter_misc":{"\u00c9crit par":"admin","Dur\u00e9e de lecture estim\u00e9e":"2 minutes"},"schema":{"@context":"https:\/\/schema.org","@graph":[{"@type":"Article","@id":"https:\/\/filles-de-la-charite.org\/fr\/reunion-des-membres-de-lequipe-du-site\/#article","isPartOf":{"@id":"https:\/\/filles-de-la-charite.org\/fr\/reunion-des-membres-de-lequipe-du-site\/"},"author":{"name":"admin","@id":"https:\/\/filles-de-la-charite.org\/fr\/#\/schema\/person\/427567b2eccfc2dd7d206da186a1f438"},"headline":"R\u00c9UNION DES MEMBRES DE L&rsquo;\u00c9QUIPE DU SITE","datePublished":"2021-07-23T10:02:41+00:00","dateModified":"2024-03-17T15:54:43+00:00","mainEntityOfPage":{"@id":"https:\/\/filles-de-la-charite.org\/fr\/reunion-des-membres-de-lequipe-du-site\/"},"wordCount":348,"publisher":{"@id":"https:\/\/filles-de-la-charite.org\/fr\/#organization"},"image":{"@id":"https:\/\/filles-de-la-charite.org\/fr\/reunion-des-membres-de-lequipe-du-site\/#primaryimage"},"thumbnailUrl":"https:\/\/filles-de-la-charite.org\/wp-content\/uploads\/2023\/06\/1-7.jpg","articleSection":["Maison-M\u00e8re"],"inLanguage":"fr-FR"},{"@type":"WebPage","@id":"https:\/\/filles-de-la-charite.org\/fr\/reunion-des-membres-de-lequipe-du-site\/","url":"https:\/\/filles-de-la-charite.org\/fr\/reunion-des-membres-de-lequipe-du-site\/","name":"R\u00c9UNION DES MEMBRES DE L'\u00c9QUIPE DU SITE - Filles de la Charit\u00e9","isPartOf":{"@id":"https:\/\/filles-de-la-charite.org\/fr\/#website"},"primaryImageOfPage":{"@id":"https:\/\/filles-de-la-charite.org\/fr\/reunion-des-membres-de-lequipe-du-site\/#primaryimage"},"image":{"@id":"https:\/\/filles-de-la-charite.org\/fr\/reunion-des-membres-de-lequipe-du-site\/#primaryimage"},"thumbnailUrl":"https:\/\/filles-de-la-charite.org\/wp-content\/uploads\/2023\/06\/1-7.jpg","datePublished":"2021-07-23T10:02:41+00:00","dateModified":"2024-03-17T15:54:43+00:00","breadcrumb":{"@id":"https:\/\/filles-de-la-charite.org\/fr\/reunion-des-membres-de-lequipe-du-site\/#breadcrumb"},"inLanguage":"fr-FR","potentialAction":[{"@type":"ReadAction","target":["https:\/\/filles-de-la-charite.org\/fr\/reunion-des-membres-de-lequipe-du-site\/"]}]},{"@type":"ImageObject","inLanguage":"fr-FR","@id":"https:\/\/filles-de-la-charite.org\/fr\/reunion-des-membres-de-lequipe-du-site\/#primaryimage","url":"https:\/\/filles-de-la-charite.org\/wp-content\/uploads\/2023\/06\/1-7.jpg","contentUrl":"https:\/\/filles-de-la-charite.org\/wp-content\/uploads\/2023\/06\/1-7.jpg","width":1540,"height":978},{"@type":"BreadcrumbList","@id":"https:\/\/filles-de-la-charite.org\/fr\/reunion-des-membres-de-lequipe-du-site\/#breadcrumb","itemListElement":[{"@type":"ListItem","position":1,"name":"Varsovie - Pologne","item":"https:\/\/filles-de-la-charite.org\/fr\/category\/varsovie-pologne-fr\/"},{"@type":"ListItem","position":2,"name":"R\u00c9UNION DES MEMBRES DE L&#8217;\u00c9QUIPE DU SITE"}]},{"@type":"WebSite","@id":"https:\/\/filles-de-la-charite.org\/fr\/#website","url":"https:\/\/filles-de-la-charite.org\/fr\/","name":"Hijas de la Caridad","description":"L\u2019amour de J\u00e9sus nous presse \u00e0 prendre soin des personnes les plus d\u00e9munies","publisher":{"@id":"https:\/\/filles-de-la-charite.org\/fr\/#organization"},"potentialAction":[{"@type":"SearchAction","target":{"@type":"EntryPoint","urlTemplate":"https:\/\/filles-de-la-charite.org\/fr\/?s={search_term_string}"},"query-input":{"@type":"PropertyValueSpecification","valueRequired":true,"valueName":"search_term_string"}}],"inLanguage":"fr-FR"},{"@type":"Organization","@id":"https:\/\/filles-de-la-charite.org\/fr\/#organization","name":"Hijas de la Caridad","url":"https:\/\/filles-de-la-charite.org\/fr\/","logo":{"@type":"ImageObject","inLanguage":"fr-FR","@id":"https:\/\/filles-de-la-charite.org\/fr\/#\/schema\/logo\/image\/","url":"https:\/\/filles-de-la-charite.org\/wp-content\/uploads\/2023\/03\/isotipo-Hijas-de-la-Caridad.png","contentUrl":"https:\/\/filles-de-la-charite.org\/wp-content\/uploads\/2023\/03\/isotipo-Hijas-de-la-Caridad.png","width":1417,"height":1417,"caption":"Hijas de la Caridad"},"image":{"@id":"https:\/\/filles-de-la-charite.org\/fr\/#\/schema\/logo\/image\/"}},{"@type":"Person","@id":"https:\/\/filles-de-la-charite.org\/fr\/#\/schema\/person\/427567b2eccfc2dd7d206da186a1f438","name":"admin","image":{"@type":"ImageObject","inLanguage":"fr-FR","@id":"https:\/\/secure.gravatar.com\/avatar\/948b492cce32b586ac2db0eaa926ee87024f7afe218d73b397ea5ddfc5f43ea1?s=96&d=mm&r=g","url":"https:\/\/secure.gravatar.com\/avatar\/948b492cce32b586ac2db0eaa926ee87024f7afe218d73b397ea5ddfc5f43ea1?s=96&d=mm&r=g","contentUrl":"https:\/\/secure.gravatar.com\/avatar\/948b492cce32b586ac2db0eaa926ee87024f7afe218d73b397ea5ddfc5f43ea1?s=96&d=mm&r=g","caption":"admin"},"sameAs":["https:\/\/filles-de-la-charite.org"],"url":"https:\/\/filles-de-la-charite.org\/fr\/author\/caridad\/"}]}},"_links":{"self":[{"href":"https:\/\/filles-de-la-charite.org\/fr\/wp-json\/wp\/v2\/posts\/22552","targetHints":{"allow":["GET"]}}],"collection":[{"href":"https:\/\/filles-de-la-charite.org\/fr\/wp-json\/wp\/v2\/posts"}],"about":[{"href":"https:\/\/filles-de-la-charite.org\/fr\/wp-json\/wp\/v2\/types\/post"}],"author":[{"embeddable":true,"href":"https:\/\/filles-de-la-charite.org\/fr\/wp-json\/wp\/v2\/users\/1"}],"replies":[{"embeddable":true,"href":"https:\/\/filles-de-la-charite.org\/fr\/wp-json\/wp\/v2\/comments?post=22552"}],"version-history":[{"count":1,"href":"https:\/\/filles-de-la-charite.org\/fr\/wp-json\/wp\/v2\/posts\/22552\/revisions"}],"predecessor-version":[{"id":22553,"href":"https:\/\/filles-de-la-charite.org\/fr\/wp-json\/wp\/v2\/posts\/22552\/revisions\/22553"}],"wp:featuredmedia":[{"embeddable":true,"href":"https:\/\/filles-de-la-charite.org\/fr\/wp-json\/wp\/v2\/media\/16034"}],"wp:attachment":[{"href":"https:\/\/filles-de-la-charite.org\/fr\/wp-json\/wp\/v2\/media?parent=22552"}],"wp:term":[{"taxonomy":"category","embeddable":true,"href":"https:\/\/filles-de-la-charite.org\/fr\/wp-json\/wp\/v2\/categories?post=22552"},{"taxonomy":"post_tag","embeddable":true,"href":"https:\/\/filles-de-la-charite.org\/fr\/wp-json\/wp\/v2\/tags?post=22552"}],"curies":[{"name":"wp","href":"https:\/\/api.w.org\/{rel}","templated":true}]}}