{"id":22554,"date":"2021-07-31T22:00:28","date_gmt":"2021-07-31T20:00:28","guid":{"rendered":"https:\/\/hijascaridad.sjdigitaldemo.ovh\/des-nouvelles-dune-soeur-missionnaire-a-bahia-blanca-argentine\/"},"modified":"2024-03-17T16:54:32","modified_gmt":"2024-03-17T15:54:32","slug":"des-nouvelles-dune-soeur-missionnaire-a-bahia-blanca-argentine","status":"publish","type":"post","link":"https:\/\/filles-de-la-charite.org\/fr\/des-nouvelles-dune-soeur-missionnaire-a-bahia-blanca-argentine\/","title":{"rendered":"Des nouvelles d&rsquo;une S\u0153ur missionnaire \u00e0 Bahia Blanca (Argentine)"},"content":{"rendered":"\n<div class=\"wp-block-image\"><figure class=\"aligncenter size-large\"><img decoding=\"async\" src=\"https:\/\/filles-de-la-charite.org\/wp-content\/uploads\/2023\/06\/Vincentian-Charity-Association-1024x690-1.jpg\" alt=\"\" class=\"wp-image-63212\" \/><figcaption><em>Association caritative vincentienne<\/em><\/figcaption><\/figure><\/div>\n\n\n\n<p>Nous sommes cinq s\u0153urs de notre communaut\u00e9 de Bah\u00eda Blanca, \u00e2g\u00e9es de 78 \u00e0 88 ans ; en tant que Communaut\u00e9 locale, nous avons trois objectifs : bonheur, fraternit\u00e9 et mis\u00e9ricorde.<\/p>\n\n\n\n<p>Nous sommes en service dans une \u00e9cole du village de \u00ab Villa Mitre \u00bb ainsi que dans un service socio-pastoral d\u00e9nomm\u00e9 \u00ab <em>9 de Noviembre<\/em> \u00bb o\u00f9 je travaille depuis mon arriv\u00e9e \u00e0 Bahia en 2013. Avec l&rsquo;aide inconditionnelle de ma communaut\u00e9 locale et la Province\u00a0 en collaboration avec la Communaut\u00e9 \u00c9ducative o\u00f9 s&rsquo;est \u00e9rig\u00e9e l&rsquo;Association Internationale Vincentienne des Charit\u00e9s (AIC) en 2016, nous avons d\u00e9cid\u00e9 d\u2019ouvrir une \u00c9cole de \u00ab disciples missionnaires \u00bb.<\/p>\n\n\n\n<div class=\"wp-block-image\"><figure class=\"aligncenter size-large\"><img decoding=\"async\" src=\"https:\/\/filles-de-la-charite.org\/wp-content\/uploads\/2023\/06\/second-hand-sale.jpg\" alt=\"\" class=\"wp-image-63211\" \/><figcaption><em>Vente d&rsquo;occasion<\/em><\/figcaption><\/figure><\/div>\n\n\n\n<p>Le projet initial du \u00ab 9 de Noviembre \u00bb \u00e9tait bas\u00e9 sur la visite \u00e0 domicile et l&rsquo;analyse de la r\u00e9alit\u00e9. Avec les petites contributions des membres, en tant que cha\u00eene de solidarit\u00e9, et avec l&rsquo;argent r\u00e9colt\u00e9 lors d&rsquo;une vente de charit\u00e9, nous avons fourni les mat\u00e9riaux de construction pour que les familles puissent changer leurs baraques en t\u00f4le pour des maisons en briques.<\/p>\n\n\n\n<div class=\"wp-block-image\"><figure class=\"aligncenter size-large\"><img decoding=\"async\" src=\"https:\/\/filles-de-la-charite.org\/wp-content\/uploads\/2023\/06\/9-de-Noviembre-neighbourhood-1024x577-1.png\" alt=\"\" class=\"wp-image-63214\" \/><figcaption><em>Quartier \u00ab\u00a0du 9 novembre\u00a0\u00bb<\/em><\/figcaption><\/figure><\/div>\n\n\n\n<p>Le projet de construction a \u00e9t\u00e9 r\u00e9alis\u00e9 de 2013 \u00e0 2017 et 31 maisons ont \u00e9t\u00e9 construites. En 2017 et 2018, nous avons allou\u00e9 : des dons, des projets et le remboursement des pr\u00eats du quartier pour la construction du Centre social vincentien afin qu&rsquo;il revienne \u00e0 leur propre usage. Ce Centre appartient \u00e0 l&rsquo;Association Internationale Vincentienne des Charit\u00e9s car le terrain leur a \u00e9t\u00e9 accord\u00e9 en pr\u00eat par la Municipalit\u00e9.<\/p>\n\n\n\n<p>Les activit\u00e9s du Centre social vincentien au cours de la p\u00e9riode 2018-2019 \u00e9taient \u00e9ducatives (alphab\u00e9tisation des adultes au primaire et au secondaire, soutien aux \u00e9coles primaires et secondaires, cours d&rsquo;anglais \u00e0 l&rsquo;Institut Juan XXIII et informatique) et \u00e9conomie domestique (formation \u00e0 la manipulation des aliments, \u00e0 la cuisine saine, \u00e0 la boulangerie et aux confiseries). , atelier de couture, r\u00e9servoirs solaires thermiques).<\/p>\n\n\n\n<div class=\"wp-block-image\"><figure class=\"aligncenter size-large\"><img decoding=\"async\" src=\"https:\/\/filles-de-la-charite.org\/wp-content\/uploads\/2023\/06\/Vincentian-Social-Center-1024x647-1.jpg\" alt=\"\" class=\"wp-image-63213\" \/><figcaption><em>Centre Social Vincentien<\/em><\/figcaption><\/figure><\/div>\n\n\n\n<p>En 2020, tout au long de la pand\u00e9mie de Covid19, bien qu&rsquo;il n&rsquo;ait pas \u00e9t\u00e9 possible de r\u00e9aliser des activit\u00e9s \u00e9ducatives et de promotion sociale comme les ann\u00e9es pr\u00e9c\u00e9dentes, le soutien scolaire, les cours\u00a0 d\u2019Anglais virtuels et la distribution de nourriture \u00e0 une centaine de familles du quartier se sont poursuivis en collaboration avec la Municipalit\u00e9.<\/p>\n\n\n\n<p>En 2021, 7 terrains ont \u00e9t\u00e9 donn\u00e9s aux Filles de la Charit\u00e9 pour construire le Projet 2020-2025 \u00ab CENTRE D&rsquo;INT\u00c9GRATION DE MARILLAC \u00bb compos\u00e9 de 12 jardins familiaux, d&rsquo;un entrep\u00f4t ou remise pour ateliers d&rsquo;artisanat et d&rsquo;un Centre pour l&rsquo;Enfance.<\/p>\n\n\n\n<p>Dans ma pri\u00e8re sinc\u00e8re, je demande au Seigneur d&rsquo;aller lui-m\u00eame dans les endroits l\u00e0 o\u00f9 nous ne pouvions pas aller car \u00ab La moisson est abondante mais les ouvriers sont peu nombreux \u00bb (Lc 10,2) et fragiles. Nous sommes certaines que son temps n&rsquo;est pas le n\u00f4tre et qu&rsquo;il agit dans nos faiblesses.<\/p>\n\n\n\n<div class=\"wp-block-image\"><figure class=\"aligncenter size-large\"><img decoding=\"async\" src=\"https:\/\/filles-de-la-charite.org\/wp-content\/uploads\/2023\/06\/Project-2020-2025-MARILLAC-INTEGRATION-CENTER-1024x465-1.jpg\" alt=\"\" class=\"wp-image-63210\" \/><figcaption><em>Projet 2020-2025- CENTRE D&rsquo;INT\u00c9GRATION DE MARILLAC<\/em><\/figcaption><\/figure><\/div>\n","protected":false},"excerpt":{"rendered":"<p>Nous sommes cinq s\u0153urs de notre communaut\u00e9 de Bah\u00eda Blanca, \u00e2g\u00e9es de 78 \u00e0 88 ans ; en tant que Communaut\u00e9 locale, nous avons trois objectifs : bonheur, fraternit\u00e9 et mis\u00e9ricorde. Nous sommes en service dans une \u00e9cole du village de \u00ab Villa Mitre \u00bb ainsi que dans un service socio-pastoral d\u00e9nomm\u00e9 \u00ab 9 de [&hellip;]<\/p>\n","protected":false},"author":1,"featured_media":16072,"comment_status":"closed","ping_status":"closed","sticky":false,"template":"","format":"standard","meta":{"_acf_changed":false,"_et_pb_use_builder":"","_et_pb_old_content":"","_et_gb_content_width":"","footnotes":"","_links_to":"","_links_to_target":""},"categories":[772],"tags":[],"class_list":["post-22554","post","type-post","status-publish","format-standard","has-post-thumbnail","hentry","category-america-del-sur-fr"],"acf":[],"yoast_head":"<!-- This site is optimized with the Yoast SEO plugin v27.5 - https:\/\/yoast.com\/product\/yoast-seo-wordpress\/ -->\n<title>Des nouvelles d&#039;une S\u0153ur missionnaire \u00e0 Bahia Blanca (Argentine) - Filles de la Charit\u00e9<\/title>\n<meta name=\"robots\" content=\"index, follow, max-snippet:-1, max-image-preview:large, max-video-preview:-1\" \/>\n<link rel=\"canonical\" href=\"https:\/\/filles-de-la-charite.org\/fr\/des-nouvelles-dune-soeur-missionnaire-a-bahia-blanca-argentine\/\" \/>\n<meta property=\"og:locale\" content=\"fr_FR\" \/>\n<meta property=\"og:type\" content=\"article\" \/>\n<meta property=\"og:title\" content=\"Des nouvelles d&#039;une S\u0153ur missionnaire \u00e0 Bahia Blanca (Argentine) - Filles de la Charit\u00e9\" \/>\n<meta property=\"og:description\" content=\"Nous sommes cinq s\u0153urs de notre communaut\u00e9 de Bah\u00eda Blanca, \u00e2g\u00e9es de 78 \u00e0 88 ans ; en tant que Communaut\u00e9 locale, nous avons trois objectifs : bonheur, fraternit\u00e9 et mis\u00e9ricorde. Nous sommes en service dans une \u00e9cole du village de \u00ab Villa Mitre \u00bb ainsi que dans un service socio-pastoral d\u00e9nomm\u00e9 \u00ab 9 de [&hellip;]\" \/>\n<meta property=\"og:url\" content=\"https:\/\/filles-de-la-charite.org\/fr\/des-nouvelles-dune-soeur-missionnaire-a-bahia-blanca-argentine\/\" \/>\n<meta property=\"og:site_name\" content=\"Filles de la Charit\u00e9\" \/>\n<meta property=\"article:published_time\" content=\"2021-07-31T20:00:28+00:00\" \/>\n<meta property=\"article:modified_time\" content=\"2024-03-17T15:54:32+00:00\" \/>\n<meta property=\"og:image\" content=\"https:\/\/filles-de-la-charite.org\/wp-content\/uploads\/2023\/06\/1Imagen1.jpg\" \/>\n\t<meta property=\"og:image:width\" content=\"1497\" \/>\n\t<meta property=\"og:image:height\" content=\"855\" \/>\n\t<meta property=\"og:image:type\" content=\"image\/jpeg\" \/>\n<meta name=\"author\" content=\"admin\" \/>\n<meta name=\"twitter:card\" content=\"summary_large_image\" \/>\n<meta name=\"twitter:label1\" content=\"\u00c9crit par\" \/>\n\t<meta name=\"twitter:data1\" content=\"admin\" \/>\n\t<meta name=\"twitter:label2\" content=\"Dur\u00e9e de lecture estim\u00e9e\" \/>\n\t<meta name=\"twitter:data2\" content=\"3 minutes\" \/>\n<script type=\"application\/ld+json\" class=\"yoast-schema-graph\">{\"@context\":\"https:\\\/\\\/schema.org\",\"@graph\":[{\"@type\":\"Article\",\"@id\":\"https:\\\/\\\/filles-de-la-charite.org\\\/fr\\\/des-nouvelles-dune-soeur-missionnaire-a-bahia-blanca-argentine\\\/#article\",\"isPartOf\":{\"@id\":\"https:\\\/\\\/filles-de-la-charite.org\\\/fr\\\/des-nouvelles-dune-soeur-missionnaire-a-bahia-blanca-argentine\\\/\"},\"author\":{\"name\":\"admin\",\"@id\":\"https:\\\/\\\/filles-de-la-charite.org\\\/fr\\\/#\\\/schema\\\/person\\\/427567b2eccfc2dd7d206da186a1f438\"},\"headline\":\"Des nouvelles d&rsquo;une S\u0153ur missionnaire \u00e0 Bahia Blanca (Argentine)\",\"datePublished\":\"2021-07-31T20:00:28+00:00\",\"dateModified\":\"2024-03-17T15:54:32+00:00\",\"mainEntityOfPage\":{\"@id\":\"https:\\\/\\\/filles-de-la-charite.org\\\/fr\\\/des-nouvelles-dune-soeur-missionnaire-a-bahia-blanca-argentine\\\/\"},\"wordCount\":496,\"publisher\":{\"@id\":\"https:\\\/\\\/filles-de-la-charite.org\\\/fr\\\/#organization\"},\"image\":{\"@id\":\"https:\\\/\\\/filles-de-la-charite.org\\\/fr\\\/des-nouvelles-dune-soeur-missionnaire-a-bahia-blanca-argentine\\\/#primaryimage\"},\"thumbnailUrl\":\"https:\\\/\\\/filles-de-la-charite.org\\\/wp-content\\\/uploads\\\/2023\\\/06\\\/1Imagen1.jpg\",\"articleSection\":[\"Am\u00e9rique du Sud\"],\"inLanguage\":\"fr-FR\"},{\"@type\":\"WebPage\",\"@id\":\"https:\\\/\\\/filles-de-la-charite.org\\\/fr\\\/des-nouvelles-dune-soeur-missionnaire-a-bahia-blanca-argentine\\\/\",\"url\":\"https:\\\/\\\/filles-de-la-charite.org\\\/fr\\\/des-nouvelles-dune-soeur-missionnaire-a-bahia-blanca-argentine\\\/\",\"name\":\"Des nouvelles d'une S\u0153ur missionnaire \u00e0 Bahia Blanca (Argentine) - Filles de la Charit\u00e9\",\"isPartOf\":{\"@id\":\"https:\\\/\\\/filles-de-la-charite.org\\\/fr\\\/#website\"},\"primaryImageOfPage\":{\"@id\":\"https:\\\/\\\/filles-de-la-charite.org\\\/fr\\\/des-nouvelles-dune-soeur-missionnaire-a-bahia-blanca-argentine\\\/#primaryimage\"},\"image\":{\"@id\":\"https:\\\/\\\/filles-de-la-charite.org\\\/fr\\\/des-nouvelles-dune-soeur-missionnaire-a-bahia-blanca-argentine\\\/#primaryimage\"},\"thumbnailUrl\":\"https:\\\/\\\/filles-de-la-charite.org\\\/wp-content\\\/uploads\\\/2023\\\/06\\\/1Imagen1.jpg\",\"datePublished\":\"2021-07-31T20:00:28+00:00\",\"dateModified\":\"2024-03-17T15:54:32+00:00\",\"breadcrumb\":{\"@id\":\"https:\\\/\\\/filles-de-la-charite.org\\\/fr\\\/des-nouvelles-dune-soeur-missionnaire-a-bahia-blanca-argentine\\\/#breadcrumb\"},\"inLanguage\":\"fr-FR\",\"potentialAction\":[{\"@type\":\"ReadAction\",\"target\":[\"https:\\\/\\\/filles-de-la-charite.org\\\/fr\\\/des-nouvelles-dune-soeur-missionnaire-a-bahia-blanca-argentine\\\/\"]}]},{\"@type\":\"ImageObject\",\"inLanguage\":\"fr-FR\",\"@id\":\"https:\\\/\\\/filles-de-la-charite.org\\\/fr\\\/des-nouvelles-dune-soeur-missionnaire-a-bahia-blanca-argentine\\\/#primaryimage\",\"url\":\"https:\\\/\\\/filles-de-la-charite.org\\\/wp-content\\\/uploads\\\/2023\\\/06\\\/1Imagen1.jpg\",\"contentUrl\":\"https:\\\/\\\/filles-de-la-charite.org\\\/wp-content\\\/uploads\\\/2023\\\/06\\\/1Imagen1.jpg\",\"width\":1497,\"height\":855},{\"@type\":\"BreadcrumbList\",\"@id\":\"https:\\\/\\\/filles-de-la-charite.org\\\/fr\\\/des-nouvelles-dune-soeur-missionnaire-a-bahia-blanca-argentine\\\/#breadcrumb\",\"itemListElement\":[{\"@type\":\"ListItem\",\"position\":1,\"name\":\"Province de S\u00e3o Paulo, Br\u00e9sil\",\"item\":\"https:\\\/\\\/filles-de-la-charite.org\\\/fr\\\/category\\\/province-de-sao-paulo-bresil-fr\\\/\"},{\"@type\":\"ListItem\",\"position\":2,\"name\":\"Des nouvelles d&#8217;une S\u0153ur missionnaire \u00e0 Bahia Blanca (Argentine)\"}]},{\"@type\":\"WebSite\",\"@id\":\"https:\\\/\\\/filles-de-la-charite.org\\\/fr\\\/#website\",\"url\":\"https:\\\/\\\/filles-de-la-charite.org\\\/fr\\\/\",\"name\":\"Hijas de la Caridad\",\"description\":\"L\u2019amour de J\u00e9sus nous presse \u00e0 prendre soin des personnes les plus d\u00e9munies\",\"publisher\":{\"@id\":\"https:\\\/\\\/filles-de-la-charite.org\\\/fr\\\/#organization\"},\"potentialAction\":[{\"@type\":\"SearchAction\",\"target\":{\"@type\":\"EntryPoint\",\"urlTemplate\":\"https:\\\/\\\/filles-de-la-charite.org\\\/fr\\\/?s={search_term_string}\"},\"query-input\":{\"@type\":\"PropertyValueSpecification\",\"valueRequired\":true,\"valueName\":\"search_term_string\"}}],\"inLanguage\":\"fr-FR\"},{\"@type\":\"Organization\",\"@id\":\"https:\\\/\\\/filles-de-la-charite.org\\\/fr\\\/#organization\",\"name\":\"Hijas de la Caridad\",\"url\":\"https:\\\/\\\/filles-de-la-charite.org\\\/fr\\\/\",\"logo\":{\"@type\":\"ImageObject\",\"inLanguage\":\"fr-FR\",\"@id\":\"https:\\\/\\\/filles-de-la-charite.org\\\/fr\\\/#\\\/schema\\\/logo\\\/image\\\/\",\"url\":\"https:\\\/\\\/filles-de-la-charite.org\\\/wp-content\\\/uploads\\\/2023\\\/03\\\/isotipo-Hijas-de-la-Caridad.png\",\"contentUrl\":\"https:\\\/\\\/filles-de-la-charite.org\\\/wp-content\\\/uploads\\\/2023\\\/03\\\/isotipo-Hijas-de-la-Caridad.png\",\"width\":1417,\"height\":1417,\"caption\":\"Hijas de la Caridad\"},\"image\":{\"@id\":\"https:\\\/\\\/filles-de-la-charite.org\\\/fr\\\/#\\\/schema\\\/logo\\\/image\\\/\"}},{\"@type\":\"Person\",\"@id\":\"https:\\\/\\\/filles-de-la-charite.org\\\/fr\\\/#\\\/schema\\\/person\\\/427567b2eccfc2dd7d206da186a1f438\",\"name\":\"admin\",\"image\":{\"@type\":\"ImageObject\",\"inLanguage\":\"fr-FR\",\"@id\":\"https:\\\/\\\/secure.gravatar.com\\\/avatar\\\/948b492cce32b586ac2db0eaa926ee87024f7afe218d73b397ea5ddfc5f43ea1?s=96&d=mm&r=g\",\"url\":\"https:\\\/\\\/secure.gravatar.com\\\/avatar\\\/948b492cce32b586ac2db0eaa926ee87024f7afe218d73b397ea5ddfc5f43ea1?s=96&d=mm&r=g\",\"contentUrl\":\"https:\\\/\\\/secure.gravatar.com\\\/avatar\\\/948b492cce32b586ac2db0eaa926ee87024f7afe218d73b397ea5ddfc5f43ea1?s=96&d=mm&r=g\",\"caption\":\"admin\"},\"sameAs\":[\"https:\\\/\\\/filles-de-la-charite.org\"],\"url\":\"https:\\\/\\\/filles-de-la-charite.org\\\/fr\\\/author\\\/caridad\\\/\"}]}<\/script>\n<!-- \/ Yoast SEO plugin. -->","yoast_head_json":{"title":"Des nouvelles d'une S\u0153ur missionnaire \u00e0 Bahia Blanca (Argentine) - Filles de la Charit\u00e9","robots":{"index":"index","follow":"follow","max-snippet":"max-snippet:-1","max-image-preview":"max-image-preview:large","max-video-preview":"max-video-preview:-1"},"canonical":"https:\/\/filles-de-la-charite.org\/fr\/des-nouvelles-dune-soeur-missionnaire-a-bahia-blanca-argentine\/","og_locale":"fr_FR","og_type":"article","og_title":"Des nouvelles d'une S\u0153ur missionnaire \u00e0 Bahia Blanca (Argentine) - Filles de la Charit\u00e9","og_description":"Nous sommes cinq s\u0153urs de notre communaut\u00e9 de Bah\u00eda Blanca, \u00e2g\u00e9es de 78 \u00e0 88 ans ; en tant que Communaut\u00e9 locale, nous avons trois objectifs : bonheur, fraternit\u00e9 et mis\u00e9ricorde. Nous sommes en service dans une \u00e9cole du village de \u00ab Villa Mitre \u00bb ainsi que dans un service socio-pastoral d\u00e9nomm\u00e9 \u00ab 9 de [&hellip;]","og_url":"https:\/\/filles-de-la-charite.org\/fr\/des-nouvelles-dune-soeur-missionnaire-a-bahia-blanca-argentine\/","og_site_name":"Filles de la Charit\u00e9","article_published_time":"2021-07-31T20:00:28+00:00","article_modified_time":"2024-03-17T15:54:32+00:00","og_image":[{"width":1497,"height":855,"url":"https:\/\/filles-de-la-charite.org\/wp-content\/uploads\/2023\/06\/1Imagen1.jpg","type":"image\/jpeg"}],"author":"admin","twitter_card":"summary_large_image","twitter_misc":{"\u00c9crit par":"admin","Dur\u00e9e de lecture estim\u00e9e":"3 minutes"},"schema":{"@context":"https:\/\/schema.org","@graph":[{"@type":"Article","@id":"https:\/\/filles-de-la-charite.org\/fr\/des-nouvelles-dune-soeur-missionnaire-a-bahia-blanca-argentine\/#article","isPartOf":{"@id":"https:\/\/filles-de-la-charite.org\/fr\/des-nouvelles-dune-soeur-missionnaire-a-bahia-blanca-argentine\/"},"author":{"name":"admin","@id":"https:\/\/filles-de-la-charite.org\/fr\/#\/schema\/person\/427567b2eccfc2dd7d206da186a1f438"},"headline":"Des nouvelles d&rsquo;une S\u0153ur missionnaire \u00e0 Bahia Blanca (Argentine)","datePublished":"2021-07-31T20:00:28+00:00","dateModified":"2024-03-17T15:54:32+00:00","mainEntityOfPage":{"@id":"https:\/\/filles-de-la-charite.org\/fr\/des-nouvelles-dune-soeur-missionnaire-a-bahia-blanca-argentine\/"},"wordCount":496,"publisher":{"@id":"https:\/\/filles-de-la-charite.org\/fr\/#organization"},"image":{"@id":"https:\/\/filles-de-la-charite.org\/fr\/des-nouvelles-dune-soeur-missionnaire-a-bahia-blanca-argentine\/#primaryimage"},"thumbnailUrl":"https:\/\/filles-de-la-charite.org\/wp-content\/uploads\/2023\/06\/1Imagen1.jpg","articleSection":["Am\u00e9rique du Sud"],"inLanguage":"fr-FR"},{"@type":"WebPage","@id":"https:\/\/filles-de-la-charite.org\/fr\/des-nouvelles-dune-soeur-missionnaire-a-bahia-blanca-argentine\/","url":"https:\/\/filles-de-la-charite.org\/fr\/des-nouvelles-dune-soeur-missionnaire-a-bahia-blanca-argentine\/","name":"Des nouvelles d'une S\u0153ur missionnaire \u00e0 Bahia Blanca (Argentine) - Filles de la Charit\u00e9","isPartOf":{"@id":"https:\/\/filles-de-la-charite.org\/fr\/#website"},"primaryImageOfPage":{"@id":"https:\/\/filles-de-la-charite.org\/fr\/des-nouvelles-dune-soeur-missionnaire-a-bahia-blanca-argentine\/#primaryimage"},"image":{"@id":"https:\/\/filles-de-la-charite.org\/fr\/des-nouvelles-dune-soeur-missionnaire-a-bahia-blanca-argentine\/#primaryimage"},"thumbnailUrl":"https:\/\/filles-de-la-charite.org\/wp-content\/uploads\/2023\/06\/1Imagen1.jpg","datePublished":"2021-07-31T20:00:28+00:00","dateModified":"2024-03-17T15:54:32+00:00","breadcrumb":{"@id":"https:\/\/filles-de-la-charite.org\/fr\/des-nouvelles-dune-soeur-missionnaire-a-bahia-blanca-argentine\/#breadcrumb"},"inLanguage":"fr-FR","potentialAction":[{"@type":"ReadAction","target":["https:\/\/filles-de-la-charite.org\/fr\/des-nouvelles-dune-soeur-missionnaire-a-bahia-blanca-argentine\/"]}]},{"@type":"ImageObject","inLanguage":"fr-FR","@id":"https:\/\/filles-de-la-charite.org\/fr\/des-nouvelles-dune-soeur-missionnaire-a-bahia-blanca-argentine\/#primaryimage","url":"https:\/\/filles-de-la-charite.org\/wp-content\/uploads\/2023\/06\/1Imagen1.jpg","contentUrl":"https:\/\/filles-de-la-charite.org\/wp-content\/uploads\/2023\/06\/1Imagen1.jpg","width":1497,"height":855},{"@type":"BreadcrumbList","@id":"https:\/\/filles-de-la-charite.org\/fr\/des-nouvelles-dune-soeur-missionnaire-a-bahia-blanca-argentine\/#breadcrumb","itemListElement":[{"@type":"ListItem","position":1,"name":"Province de S\u00e3o Paulo, Br\u00e9sil","item":"https:\/\/filles-de-la-charite.org\/fr\/category\/province-de-sao-paulo-bresil-fr\/"},{"@type":"ListItem","position":2,"name":"Des nouvelles d&#8217;une S\u0153ur missionnaire \u00e0 Bahia Blanca (Argentine)"}]},{"@type":"WebSite","@id":"https:\/\/filles-de-la-charite.org\/fr\/#website","url":"https:\/\/filles-de-la-charite.org\/fr\/","name":"Hijas de la Caridad","description":"L\u2019amour de J\u00e9sus nous presse \u00e0 prendre soin des personnes les plus d\u00e9munies","publisher":{"@id":"https:\/\/filles-de-la-charite.org\/fr\/#organization"},"potentialAction":[{"@type":"SearchAction","target":{"@type":"EntryPoint","urlTemplate":"https:\/\/filles-de-la-charite.org\/fr\/?s={search_term_string}"},"query-input":{"@type":"PropertyValueSpecification","valueRequired":true,"valueName":"search_term_string"}}],"inLanguage":"fr-FR"},{"@type":"Organization","@id":"https:\/\/filles-de-la-charite.org\/fr\/#organization","name":"Hijas de la Caridad","url":"https:\/\/filles-de-la-charite.org\/fr\/","logo":{"@type":"ImageObject","inLanguage":"fr-FR","@id":"https:\/\/filles-de-la-charite.org\/fr\/#\/schema\/logo\/image\/","url":"https:\/\/filles-de-la-charite.org\/wp-content\/uploads\/2023\/03\/isotipo-Hijas-de-la-Caridad.png","contentUrl":"https:\/\/filles-de-la-charite.org\/wp-content\/uploads\/2023\/03\/isotipo-Hijas-de-la-Caridad.png","width":1417,"height":1417,"caption":"Hijas de la Caridad"},"image":{"@id":"https:\/\/filles-de-la-charite.org\/fr\/#\/schema\/logo\/image\/"}},{"@type":"Person","@id":"https:\/\/filles-de-la-charite.org\/fr\/#\/schema\/person\/427567b2eccfc2dd7d206da186a1f438","name":"admin","image":{"@type":"ImageObject","inLanguage":"fr-FR","@id":"https:\/\/secure.gravatar.com\/avatar\/948b492cce32b586ac2db0eaa926ee87024f7afe218d73b397ea5ddfc5f43ea1?s=96&d=mm&r=g","url":"https:\/\/secure.gravatar.com\/avatar\/948b492cce32b586ac2db0eaa926ee87024f7afe218d73b397ea5ddfc5f43ea1?s=96&d=mm&r=g","contentUrl":"https:\/\/secure.gravatar.com\/avatar\/948b492cce32b586ac2db0eaa926ee87024f7afe218d73b397ea5ddfc5f43ea1?s=96&d=mm&r=g","caption":"admin"},"sameAs":["https:\/\/filles-de-la-charite.org"],"url":"https:\/\/filles-de-la-charite.org\/fr\/author\/caridad\/"}]}},"_links":{"self":[{"href":"https:\/\/filles-de-la-charite.org\/fr\/wp-json\/wp\/v2\/posts\/22554","targetHints":{"allow":["GET"]}}],"collection":[{"href":"https:\/\/filles-de-la-charite.org\/fr\/wp-json\/wp\/v2\/posts"}],"about":[{"href":"https:\/\/filles-de-la-charite.org\/fr\/wp-json\/wp\/v2\/types\/post"}],"author":[{"embeddable":true,"href":"https:\/\/filles-de-la-charite.org\/fr\/wp-json\/wp\/v2\/users\/1"}],"replies":[{"embeddable":true,"href":"https:\/\/filles-de-la-charite.org\/fr\/wp-json\/wp\/v2\/comments?post=22554"}],"version-history":[{"count":1,"href":"https:\/\/filles-de-la-charite.org\/fr\/wp-json\/wp\/v2\/posts\/22554\/revisions"}],"predecessor-version":[{"id":22555,"href":"https:\/\/filles-de-la-charite.org\/fr\/wp-json\/wp\/v2\/posts\/22554\/revisions\/22555"}],"wp:featuredmedia":[{"embeddable":true,"href":"https:\/\/filles-de-la-charite.org\/fr\/wp-json\/wp\/v2\/media\/16072"}],"wp:attachment":[{"href":"https:\/\/filles-de-la-charite.org\/fr\/wp-json\/wp\/v2\/media?parent=22554"}],"wp:term":[{"taxonomy":"category","embeddable":true,"href":"https:\/\/filles-de-la-charite.org\/fr\/wp-json\/wp\/v2\/categories?post=22554"},{"taxonomy":"post_tag","embeddable":true,"href":"https:\/\/filles-de-la-charite.org\/fr\/wp-json\/wp\/v2\/tags?post=22554"}],"curies":[{"name":"wp","href":"https:\/\/api.w.org\/{rel}","templated":true}]}}