{"id":22560,"date":"2021-08-31T22:00:00","date_gmt":"2021-08-31T20:00:00","guid":{"rendered":"https:\/\/hijascaridad.sjdigitaldemo.ovh\/la-tendresse-de-dieu\/"},"modified":"2024-03-17T16:54:07","modified_gmt":"2024-03-17T15:54:07","slug":"la-tendresse-de-dieu","status":"publish","type":"post","link":"https:\/\/filles-de-la-charite.org\/fr\/la-tendresse-de-dieu\/","title":{"rendered":"La Tendresse de Dieu"},"content":{"rendered":"\n<p>Les six pays de la Province du Proche-Orient s\u2019enracinent dans la Bible : \u00ab Cyrus, roi de Perse [L\u2019IRAN actuel], est charg\u00e9 de b\u00e2tir \u00e0 l\u2019Eternel une maison \u00e0 J\u00e9rusalem \u00bb. \u00ab Encore un peu de temps et le [LIBAN] se changera en verger\u2026d\u00e9livr\u00e9s de l'obscurit\u00e9 et des t\u00e9n\u00e8bres, les yeux des aveugles verront\"\u2026IL na\u00eet \u00e0 Bethl\u00e9em [PALESTINE]. IL grandit \u00e0 Nazareth [Isra\u00ebl]. IL fuit avec ses parents en [EGYPTE] et IL convertit Paul sur la route de Damas [SYRIE].<\/p>\n\n\n\n<p>Les Missions de nos 28 Communaut\u00e9s sont diverses : Educatives (En Egypte en Syrie et au Liban) ; Sanitaires : H\u00f4pitaux et Centres M\u00e9dicaux-Sociaux (Egypte, Liban, Isra\u00ebl, Palestine et Syrie) ; Foyers m\u00e9dicalis\u00e9s pour personnes \u00e2g\u00e9es (Iran, Liban, Isra\u00ebl) ; Foyers pour enfants \u00e0 besoins sp\u00e9cifiques (Isra\u00ebl, Liban). Il faut y ajouter presque dans les 6 pays : les Mouvements de Jeunesse (sp\u00e9cialement les JMV) et surtout les visites \u00e0 domiciles, les secours aux personnes d\u00e9munies en produits de premi\u00e8re n\u00e9cessit\u00e9 et la promotion f\u00e9minine.<\/p>\n\n\n\n<h5 class=\"wp-block-heading\"><strong><strong>Le centre Medico-Social DE KOBAYAT<\/strong><\/strong><\/h5>\n\n\n\n<div class=\"wp-block-image\"><figure class=\"alignleft size-large\"><img decoding=\"async\" src=\"https:\/\/filles-de-la-charite.org\/wp-content\/uploads\/2023\/06\/KOBAYAT-1-Liban-576x1024-1.jpg\" alt=\"\" class=\"wp-image-63855\"\/><\/figure><\/div>\n\n\n\n<p>Au centre m\u00e9dico-social de l\u2019Ordre de Malte \u00e0 Kobayat au Liban-Nord, r\u00e9gion d\u00e9laiss\u00e9e par les autorit\u00e9s civiles \u2026 un programme nous permet d\u2019offrir des m\u00e9dicaments introuvables actuellement dans les pharmacies, surtout pour maladies incurables. Je suis frapp\u00e9e par la patience et la foi solide des personnes qui fr\u00e9quentent notre centre et ne cessent de remercier Dieu malgr\u00e9 l\u2019\u00e9tat de pauvret\u00e9 et m\u00eame de mis\u00e8re pour certains. Voir un homme pleurer dignement parce qu\u2019il n\u2019arrive plus \u00e0 suffire aux besoins les plus \u00e9l\u00e9mentaires de sa famille alors qu\u2019il avait un bon salaire et \u00e9tait ais\u00e9 financi\u00e8rement, \u00e7a me fend le c\u0153ur&nbsp;! Quand j\u2019entends des personnes que je sers me dire&nbsp;: \u00ab Vous refl\u00e9tez, Ma S\u0153ur, le visage de Dieu&nbsp;\u00bb, ne me reconnaissant vraiment pas dans ce qu\u2019ils disent, j\u2019y entends un appel du Seigneur \u00e0 L\u2019aimer encore plus, \u00e0 vivre de plus en plus le charisme de nos fondateurs et \u00e0 porter toutes ces personnes dans ma pri\u00e8re. Que le Seigneur prenne en piti\u00e9 notre pays le Liban et qu\u2019IL nous aide \u00e0 vivre les vertus chr\u00e9tiennes de solidarit\u00e9, de pardon et de mis\u00e9ricorde&nbsp;!<\/p>\n\n\n\n<p>Sr Eliane SALHAB FdlC.<\/p>\n\n\n\n<h5 class=\"wp-block-heading\"><strong><strong>H\u00f4pital du Sacr\u00e9-C\u0153ur - BEYROUTH<\/strong><br><\/strong><\/h5>\n\n\n\n<p>Aujourd\u2019hui, 15 ao\u00fbt 2021, f\u00eate de l\u2019Assomption de Marie : La pens\u00e9 d\u2019\u00eatre avec Marie \u00e0 la fin de temps nous donne courage en ce moment, o\u00f9 nous semblons parfois un peu perdus devant les \u00ab catastrophes \u00bb qui se succ\u00e8dent au LIBAN ! Le soir de l\u2019explosion au Port de Beyrouth le 4 Aout 2020, nous avons re\u00e7u aux Urgences environ 200 personnes presque en m\u00eame temps : Des plaies ayant besoins de sutures, des fractures \u00e0 op\u00e9rer, un traumatisme cr\u00e2nien \u00e0 surveiller. Une \u00ab foule\u00bb de personnes assises ou \u00e9tendues, parfois \u00e0 m\u00eame le sol, attendant avec patience leur tour, sans rien demander, sans se plaindre, ne sachant peut-\u00eatre pas qu\u2019ils n\u2019avaient plus de maison, ou, en certain cas ayant perdu un membre de leur famille.<\/p>\n\n\n\n<p>Les s\u0153urs de notre communaut\u00e9, dans nos diverses rencontres, ont partag\u00e9 ce qui nous a interpell\u00e9es cette nuit aux Urgences, o\u00f9 \u00e0 l\u2019h\u00f4pital : nous avons vu le visage du Christ :<\/p>\n\n\n\n<div class=\"wp-block-image\"><figure class=\"alignright size-large\"><img decoding=\"async\" src=\"https:\/\/filles-de-la-charite.org\/wp-content\/uploads\/2023\/06\/Visite-d_une-malade-SI-deux-soeurs-1-Liban-498x1024-1.jpg\" alt=\"\" class=\"wp-image-63854\"\/><\/figure><\/div>\n\n\n\n<p>*En celui de Sr Sophie, notre compagne, visage d\u00e9figur\u00e9 mais toujours consciente. Tr\u00e8s atteinte pourtant consciente, elle a succomb\u00e9 \u00e0 ses blessures, plus tard dans la nuit ;<\/p>\n\n\n\n<p>*En celui d\u2019une jeune dame, ayant perdu son mari dans l\u2019explosion. Elle r\u00e9p\u00e9tait : \u00ab C\u2019est ma faute, c\u2019est ma faute . . . \u00bb car elle lui avait demand\u00e9 de l\u2019accompagner \u00e0 un rendez-vous \u00e0 un h\u00f4pital pr\u00e8s du port ; son mari a \u00e9t\u00e9 tu\u00e9 \u00e0 c\u00f4t\u00e9 d\u2019elle. Venue \u00e0 notre h\u00f4pital avec plusieurs plaies profondes, elle n\u2019a cess\u00e9 de pleurer son mari et ne s\u2019inqui\u00e9tait pas pour elle-m\u00eame lorsque le chirurgien \u00e9tait en train de lui suturer ses plaies ;<\/p>\n\n\n\n<p>*Dans les visages de certains malades, qui, en partant apr\u00e8s avoir re\u00e7u les soins n\u00e9cessaires, exprimaient leurs remerciements au personnel soignant, malgr\u00e9 l\u2019 \u00e9tat de choc et leurs souffrances . . . . Une exp\u00e9rience que nous n\u2019oublierons jamais. De m\u00eame sont inoubliables ces gestes de solidarit\u00e9 manifest\u00e9s autour de nous.&nbsp; Nous \u00e9tions interpell\u00e9es par ce d\u00e9vouement et cette collaboration spontan\u00e9e, chacun se donnant au maximum :<\/p>\n\n\n\n<p>*Trois m\u00e9decins sont arriv\u00e9s, eux-m\u00eames bless\u00e9s. Ils se sont lav\u00e9s et ont chang\u00e9 de tenue, un a \u00e9t\u00e9 sutur\u00e9, pour ensuite prendre soin \u00e0 son tour des autres bless\u00e9s.<\/p>\n\n\n\n<p>Trois nouveaux internes qui avaient rejoint l\u2019h\u00f4pital le jour pr\u00e9c\u00e9dant seulement, ont sutur\u00e9 des dizaines de malades. Ils ont \u00e9t\u00e9 aid\u00e9s par le personnel du jour qui est rest\u00e9 jusqu\u2019au lendemain aidant le personnel de nuit.<\/p>\n\n\n\n<p>*Nos s\u0153urs infirmi\u00e8res, circulaient pour offrir de l\u2019eau a ceux qui en r\u00e9clamaient ; tout le personnel de la buanderie, de la maintenance, de l\u2019admission, du laboratoire et de l\u2019imagerie \u00e9tait pr\u00e9sent aussi pour r\u00e9pondre aux besoins des malades et du personnel. Quelques soldats de l\u2019Arm\u00e9e Libanaise nous aidaient \u00e0 maintenir l\u2019ordre autour des Urgences.&nbsp;&nbsp;&nbsp; Ensuite le soir et les journ\u00e9es suivantes, des messages de solidarit\u00e9 arrivaient de partout dans le monde, nous assurant de leurs pri\u00e8res.&nbsp; Nous avons v\u00e9cu une exp\u00e9rience Douloureuse&nbsp; et p\u00e9nible, mais nous n\u2019\u00e9tions pas seules.<\/p>\n","protected":false},"excerpt":{"rendered":"<p>Les six pays de la Province du Proche-Orient s\u2019enracinent dans la Bible : \u00ab Cyrus, roi de Perse [L\u2019IRAN actuel], est charg\u00e9 de b\u00e2tir \u00e0 l\u2019Eternel une maison \u00e0 J\u00e9rusalem \u00bb. \u00ab Encore un peu de temps et le [LIBAN] se changera en verger\u2026d\u00e9livr\u00e9s de l&rsquo;obscurit\u00e9 et des t\u00e9n\u00e8bres, les yeux des aveugles verront\u00a0\u00bb\u2026IL na\u00eet [&hellip;]<\/p>\n","protected":false},"author":1,"featured_media":16174,"comment_status":"closed","ping_status":"closed","sticky":false,"template":"","format":"standard","meta":{"_acf_changed":false,"footnotes":"","_links_to":"","_links_to_target":""},"categories":[643],"tags":[],"class_list":["post-22560","post","type-post","status-publish","format-standard","has-post-thumbnail","hentry","category-proche-orient-fr"],"acf":[],"yoast_head":"<!-- This site is optimized with the Yoast SEO plugin v27.5 - https:\/\/yoast.com\/product\/yoast-seo-wordpress\/ -->\n<title>La Tendresse de Dieu - Filles de la Charit\u00e9<\/title>\n<meta name=\"robots\" content=\"index, follow, max-snippet:-1, max-image-preview:large, max-video-preview:-1\" \/>\n<link rel=\"canonical\" href=\"https:\/\/filles-de-la-charite.org\/fr\/la-tendresse-de-dieu\/\" \/>\n<meta property=\"og:locale\" content=\"fr_FR\" \/>\n<meta property=\"og:type\" content=\"article\" \/>\n<meta property=\"og:title\" content=\"La Tendresse de Dieu - Filles de la Charit\u00e9\" \/>\n<meta property=\"og:description\" content=\"Les six pays de la Province du Proche-Orient s\u2019enracinent dans la Bible : \u00ab Cyrus, roi de Perse [L\u2019IRAN actuel], est charg\u00e9 de b\u00e2tir \u00e0 l\u2019Eternel une maison \u00e0 J\u00e9rusalem \u00bb. \u00ab Encore un peu de temps et le [LIBAN] se changera en verger\u2026d\u00e9livr\u00e9s de l&rsquo;obscurit\u00e9 et des t\u00e9n\u00e8bres, les yeux des aveugles verront\u00a0\u00bb\u2026IL na\u00eet [&hellip;]\" \/>\n<meta property=\"og:url\" content=\"https:\/\/filles-de-la-charite.org\/fr\/la-tendresse-de-dieu\/\" \/>\n<meta property=\"og:site_name\" content=\"Filles de la Charit\u00e9\" \/>\n<meta property=\"article:published_time\" content=\"2021-08-31T20:00:00+00:00\" \/>\n<meta property=\"article:modified_time\" content=\"2024-03-17T15:54:07+00:00\" \/>\n<meta property=\"og:image\" content=\"https:\/\/filles-de-la-charite.org\/wp-content\/uploads\/2023\/06\/KOBAYAT-3-Liban.jpg\" \/>\n\t<meta property=\"og:image:width\" content=\"1040\" \/>\n\t<meta property=\"og:image:height\" content=\"780\" \/>\n\t<meta property=\"og:image:type\" content=\"image\/jpeg\" \/>\n<meta name=\"author\" content=\"admin\" \/>\n<meta name=\"twitter:card\" content=\"summary_large_image\" \/>\n<meta name=\"twitter:label1\" content=\"\u00c9crit par\" \/>\n\t<meta name=\"twitter:data1\" content=\"admin\" \/>\n\t<meta name=\"twitter:label2\" content=\"Dur\u00e9e de lecture estim\u00e9e\" \/>\n\t<meta name=\"twitter:data2\" content=\"4 minutes\" \/>\n<script type=\"application\/ld+json\" class=\"yoast-schema-graph\">{\"@context\":\"https:\\\/\\\/schema.org\",\"@graph\":[{\"@type\":\"Article\",\"@id\":\"https:\\\/\\\/filles-de-la-charite.org\\\/fr\\\/la-tendresse-de-dieu\\\/#article\",\"isPartOf\":{\"@id\":\"https:\\\/\\\/filles-de-la-charite.org\\\/fr\\\/la-tendresse-de-dieu\\\/\"},\"author\":{\"name\":\"admin\",\"@id\":\"https:\\\/\\\/filles-de-la-charite.org\\\/fr\\\/#\\\/schema\\\/person\\\/427567b2eccfc2dd7d206da186a1f438\"},\"headline\":\"La Tendresse de Dieu\",\"datePublished\":\"2021-08-31T20:00:00+00:00\",\"dateModified\":\"2024-03-17T15:54:07+00:00\",\"mainEntityOfPage\":{\"@id\":\"https:\\\/\\\/filles-de-la-charite.org\\\/fr\\\/la-tendresse-de-dieu\\\/\"},\"wordCount\":941,\"publisher\":{\"@id\":\"https:\\\/\\\/filles-de-la-charite.org\\\/fr\\\/#organization\"},\"image\":{\"@id\":\"https:\\\/\\\/filles-de-la-charite.org\\\/fr\\\/la-tendresse-de-dieu\\\/#primaryimage\"},\"thumbnailUrl\":\"https:\\\/\\\/filles-de-la-charite.org\\\/wp-content\\\/uploads\\\/2023\\\/06\\\/KOBAYAT-3-Liban.jpg\",\"articleSection\":[\"Proche-Orient\"],\"inLanguage\":\"fr-FR\"},{\"@type\":\"WebPage\",\"@id\":\"https:\\\/\\\/filles-de-la-charite.org\\\/fr\\\/la-tendresse-de-dieu\\\/\",\"url\":\"https:\\\/\\\/filles-de-la-charite.org\\\/fr\\\/la-tendresse-de-dieu\\\/\",\"name\":\"La Tendresse de Dieu - Filles de la Charit\u00e9\",\"isPartOf\":{\"@id\":\"https:\\\/\\\/filles-de-la-charite.org\\\/fr\\\/#website\"},\"primaryImageOfPage\":{\"@id\":\"https:\\\/\\\/filles-de-la-charite.org\\\/fr\\\/la-tendresse-de-dieu\\\/#primaryimage\"},\"image\":{\"@id\":\"https:\\\/\\\/filles-de-la-charite.org\\\/fr\\\/la-tendresse-de-dieu\\\/#primaryimage\"},\"thumbnailUrl\":\"https:\\\/\\\/filles-de-la-charite.org\\\/wp-content\\\/uploads\\\/2023\\\/06\\\/KOBAYAT-3-Liban.jpg\",\"datePublished\":\"2021-08-31T20:00:00+00:00\",\"dateModified\":\"2024-03-17T15:54:07+00:00\",\"breadcrumb\":{\"@id\":\"https:\\\/\\\/filles-de-la-charite.org\\\/fr\\\/la-tendresse-de-dieu\\\/#breadcrumb\"},\"inLanguage\":\"fr-FR\",\"potentialAction\":[{\"@type\":\"ReadAction\",\"target\":[\"https:\\\/\\\/filles-de-la-charite.org\\\/fr\\\/la-tendresse-de-dieu\\\/\"]}]},{\"@type\":\"ImageObject\",\"inLanguage\":\"fr-FR\",\"@id\":\"https:\\\/\\\/filles-de-la-charite.org\\\/fr\\\/la-tendresse-de-dieu\\\/#primaryimage\",\"url\":\"https:\\\/\\\/filles-de-la-charite.org\\\/wp-content\\\/uploads\\\/2023\\\/06\\\/KOBAYAT-3-Liban.jpg\",\"contentUrl\":\"https:\\\/\\\/filles-de-la-charite.org\\\/wp-content\\\/uploads\\\/2023\\\/06\\\/KOBAYAT-3-Liban.jpg\",\"width\":1040,\"height\":780},{\"@type\":\"BreadcrumbList\",\"@id\":\"https:\\\/\\\/filles-de-la-charite.org\\\/fr\\\/la-tendresse-de-dieu\\\/#breadcrumb\",\"itemListElement\":[{\"@type\":\"ListItem\",\"position\":1,\"name\":\"Hijas de la Caridad\",\"item\":\"https:\\\/\\\/filles-de-la-charite.org\\\/layout_category\\\/hijas-de-la-caridad\\\/\"},{\"@type\":\"ListItem\",\"position\":2,\"name\":\"La Tendresse de Dieu\"}]},{\"@type\":\"WebSite\",\"@id\":\"https:\\\/\\\/filles-de-la-charite.org\\\/fr\\\/#website\",\"url\":\"https:\\\/\\\/filles-de-la-charite.org\\\/fr\\\/\",\"name\":\"Hijas de la Caridad\",\"description\":\"L\u2019amour de J\u00e9sus nous presse \u00e0 prendre soin des personnes les plus d\u00e9munies\",\"publisher\":{\"@id\":\"https:\\\/\\\/filles-de-la-charite.org\\\/fr\\\/#organization\"},\"potentialAction\":[{\"@type\":\"SearchAction\",\"target\":{\"@type\":\"EntryPoint\",\"urlTemplate\":\"https:\\\/\\\/filles-de-la-charite.org\\\/fr\\\/?s={search_term_string}\"},\"query-input\":{\"@type\":\"PropertyValueSpecification\",\"valueRequired\":true,\"valueName\":\"search_term_string\"}}],\"inLanguage\":\"fr-FR\"},{\"@type\":\"Organization\",\"@id\":\"https:\\\/\\\/filles-de-la-charite.org\\\/fr\\\/#organization\",\"name\":\"Hijas de la Caridad\",\"url\":\"https:\\\/\\\/filles-de-la-charite.org\\\/fr\\\/\",\"logo\":{\"@type\":\"ImageObject\",\"inLanguage\":\"fr-FR\",\"@id\":\"https:\\\/\\\/filles-de-la-charite.org\\\/fr\\\/#\\\/schema\\\/logo\\\/image\\\/\",\"url\":\"https:\\\/\\\/filles-de-la-charite.org\\\/wp-content\\\/uploads\\\/2023\\\/03\\\/isotipo-Hijas-de-la-Caridad.png\",\"contentUrl\":\"https:\\\/\\\/filles-de-la-charite.org\\\/wp-content\\\/uploads\\\/2023\\\/03\\\/isotipo-Hijas-de-la-Caridad.png\",\"width\":1417,\"height\":1417,\"caption\":\"Hijas de la Caridad\"},\"image\":{\"@id\":\"https:\\\/\\\/filles-de-la-charite.org\\\/fr\\\/#\\\/schema\\\/logo\\\/image\\\/\"}},{\"@type\":\"Person\",\"@id\":\"https:\\\/\\\/filles-de-la-charite.org\\\/fr\\\/#\\\/schema\\\/person\\\/427567b2eccfc2dd7d206da186a1f438\",\"name\":\"admin\",\"image\":{\"@type\":\"ImageObject\",\"inLanguage\":\"fr-FR\",\"@id\":\"https:\\\/\\\/secure.gravatar.com\\\/avatar\\\/948b492cce32b586ac2db0eaa926ee87024f7afe218d73b397ea5ddfc5f43ea1?s=96&d=mm&r=g\",\"url\":\"https:\\\/\\\/secure.gravatar.com\\\/avatar\\\/948b492cce32b586ac2db0eaa926ee87024f7afe218d73b397ea5ddfc5f43ea1?s=96&d=mm&r=g\",\"contentUrl\":\"https:\\\/\\\/secure.gravatar.com\\\/avatar\\\/948b492cce32b586ac2db0eaa926ee87024f7afe218d73b397ea5ddfc5f43ea1?s=96&d=mm&r=g\",\"caption\":\"admin\"},\"sameAs\":[\"https:\\\/\\\/filles-de-la-charite.org\"],\"url\":\"https:\\\/\\\/filles-de-la-charite.org\\\/fr\\\/author\\\/caridad\\\/\"}]}<\/script>\n<!-- \/ Yoast SEO plugin. -->","yoast_head_json":{"title":"La Tendresse de Dieu - Filles de la Charit\u00e9","robots":{"index":"index","follow":"follow","max-snippet":"max-snippet:-1","max-image-preview":"max-image-preview:large","max-video-preview":"max-video-preview:-1"},"canonical":"https:\/\/filles-de-la-charite.org\/fr\/la-tendresse-de-dieu\/","og_locale":"fr_FR","og_type":"article","og_title":"La Tendresse de Dieu - Filles de la Charit\u00e9","og_description":"Les six pays de la Province du Proche-Orient s\u2019enracinent dans la Bible : \u00ab Cyrus, roi de Perse [L\u2019IRAN actuel], est charg\u00e9 de b\u00e2tir \u00e0 l\u2019Eternel une maison \u00e0 J\u00e9rusalem \u00bb. \u00ab Encore un peu de temps et le [LIBAN] se changera en verger\u2026d\u00e9livr\u00e9s de l&rsquo;obscurit\u00e9 et des t\u00e9n\u00e8bres, les yeux des aveugles verront\u00a0\u00bb\u2026IL na\u00eet [&hellip;]","og_url":"https:\/\/filles-de-la-charite.org\/fr\/la-tendresse-de-dieu\/","og_site_name":"Filles de la Charit\u00e9","article_published_time":"2021-08-31T20:00:00+00:00","article_modified_time":"2024-03-17T15:54:07+00:00","og_image":[{"width":1040,"height":780,"url":"https:\/\/filles-de-la-charite.org\/wp-content\/uploads\/2023\/06\/KOBAYAT-3-Liban.jpg","type":"image\/jpeg"}],"author":"admin","twitter_card":"summary_large_image","twitter_misc":{"\u00c9crit par":"admin","Dur\u00e9e de lecture estim\u00e9e":"4 minutes"},"schema":{"@context":"https:\/\/schema.org","@graph":[{"@type":"Article","@id":"https:\/\/filles-de-la-charite.org\/fr\/la-tendresse-de-dieu\/#article","isPartOf":{"@id":"https:\/\/filles-de-la-charite.org\/fr\/la-tendresse-de-dieu\/"},"author":{"name":"admin","@id":"https:\/\/filles-de-la-charite.org\/fr\/#\/schema\/person\/427567b2eccfc2dd7d206da186a1f438"},"headline":"La Tendresse de Dieu","datePublished":"2021-08-31T20:00:00+00:00","dateModified":"2024-03-17T15:54:07+00:00","mainEntityOfPage":{"@id":"https:\/\/filles-de-la-charite.org\/fr\/la-tendresse-de-dieu\/"},"wordCount":941,"publisher":{"@id":"https:\/\/filles-de-la-charite.org\/fr\/#organization"},"image":{"@id":"https:\/\/filles-de-la-charite.org\/fr\/la-tendresse-de-dieu\/#primaryimage"},"thumbnailUrl":"https:\/\/filles-de-la-charite.org\/wp-content\/uploads\/2023\/06\/KOBAYAT-3-Liban.jpg","articleSection":["Proche-Orient"],"inLanguage":"fr-FR"},{"@type":"WebPage","@id":"https:\/\/filles-de-la-charite.org\/fr\/la-tendresse-de-dieu\/","url":"https:\/\/filles-de-la-charite.org\/fr\/la-tendresse-de-dieu\/","name":"La Tendresse de Dieu - Filles de la Charit\u00e9","isPartOf":{"@id":"https:\/\/filles-de-la-charite.org\/fr\/#website"},"primaryImageOfPage":{"@id":"https:\/\/filles-de-la-charite.org\/fr\/la-tendresse-de-dieu\/#primaryimage"},"image":{"@id":"https:\/\/filles-de-la-charite.org\/fr\/la-tendresse-de-dieu\/#primaryimage"},"thumbnailUrl":"https:\/\/filles-de-la-charite.org\/wp-content\/uploads\/2023\/06\/KOBAYAT-3-Liban.jpg","datePublished":"2021-08-31T20:00:00+00:00","dateModified":"2024-03-17T15:54:07+00:00","breadcrumb":{"@id":"https:\/\/filles-de-la-charite.org\/fr\/la-tendresse-de-dieu\/#breadcrumb"},"inLanguage":"fr-FR","potentialAction":[{"@type":"ReadAction","target":["https:\/\/filles-de-la-charite.org\/fr\/la-tendresse-de-dieu\/"]}]},{"@type":"ImageObject","inLanguage":"fr-FR","@id":"https:\/\/filles-de-la-charite.org\/fr\/la-tendresse-de-dieu\/#primaryimage","url":"https:\/\/filles-de-la-charite.org\/wp-content\/uploads\/2023\/06\/KOBAYAT-3-Liban.jpg","contentUrl":"https:\/\/filles-de-la-charite.org\/wp-content\/uploads\/2023\/06\/KOBAYAT-3-Liban.jpg","width":1040,"height":780},{"@type":"BreadcrumbList","@id":"https:\/\/filles-de-la-charite.org\/fr\/la-tendresse-de-dieu\/#breadcrumb","itemListElement":[{"@type":"ListItem","position":1,"name":"Hijas de la Caridad","item":"https:\/\/filles-de-la-charite.org\/layout_category\/hijas-de-la-caridad\/"},{"@type":"ListItem","position":2,"name":"La Tendresse de Dieu"}]},{"@type":"WebSite","@id":"https:\/\/filles-de-la-charite.org\/fr\/#website","url":"https:\/\/filles-de-la-charite.org\/fr\/","name":"Hijas de la Caridad","description":"L\u2019amour de J\u00e9sus nous presse \u00e0 prendre soin des personnes les plus d\u00e9munies","publisher":{"@id":"https:\/\/filles-de-la-charite.org\/fr\/#organization"},"potentialAction":[{"@type":"SearchAction","target":{"@type":"EntryPoint","urlTemplate":"https:\/\/filles-de-la-charite.org\/fr\/?s={search_term_string}"},"query-input":{"@type":"PropertyValueSpecification","valueRequired":true,"valueName":"search_term_string"}}],"inLanguage":"fr-FR"},{"@type":"Organization","@id":"https:\/\/filles-de-la-charite.org\/fr\/#organization","name":"Hijas de la Caridad","url":"https:\/\/filles-de-la-charite.org\/fr\/","logo":{"@type":"ImageObject","inLanguage":"fr-FR","@id":"https:\/\/filles-de-la-charite.org\/fr\/#\/schema\/logo\/image\/","url":"https:\/\/filles-de-la-charite.org\/wp-content\/uploads\/2023\/03\/isotipo-Hijas-de-la-Caridad.png","contentUrl":"https:\/\/filles-de-la-charite.org\/wp-content\/uploads\/2023\/03\/isotipo-Hijas-de-la-Caridad.png","width":1417,"height":1417,"caption":"Hijas de la Caridad"},"image":{"@id":"https:\/\/filles-de-la-charite.org\/fr\/#\/schema\/logo\/image\/"}},{"@type":"Person","@id":"https:\/\/filles-de-la-charite.org\/fr\/#\/schema\/person\/427567b2eccfc2dd7d206da186a1f438","name":"admin","image":{"@type":"ImageObject","inLanguage":"fr-FR","@id":"https:\/\/secure.gravatar.com\/avatar\/948b492cce32b586ac2db0eaa926ee87024f7afe218d73b397ea5ddfc5f43ea1?s=96&d=mm&r=g","url":"https:\/\/secure.gravatar.com\/avatar\/948b492cce32b586ac2db0eaa926ee87024f7afe218d73b397ea5ddfc5f43ea1?s=96&d=mm&r=g","contentUrl":"https:\/\/secure.gravatar.com\/avatar\/948b492cce32b586ac2db0eaa926ee87024f7afe218d73b397ea5ddfc5f43ea1?s=96&d=mm&r=g","caption":"admin"},"sameAs":["https:\/\/filles-de-la-charite.org"],"url":"https:\/\/filles-de-la-charite.org\/fr\/author\/caridad\/"}]}},"_links":{"self":[{"href":"https:\/\/filles-de-la-charite.org\/fr\/wp-json\/wp\/v2\/posts\/22560","targetHints":{"allow":["GET"]}}],"collection":[{"href":"https:\/\/filles-de-la-charite.org\/fr\/wp-json\/wp\/v2\/posts"}],"about":[{"href":"https:\/\/filles-de-la-charite.org\/fr\/wp-json\/wp\/v2\/types\/post"}],"author":[{"embeddable":true,"href":"https:\/\/filles-de-la-charite.org\/fr\/wp-json\/wp\/v2\/users\/1"}],"replies":[{"embeddable":true,"href":"https:\/\/filles-de-la-charite.org\/fr\/wp-json\/wp\/v2\/comments?post=22560"}],"version-history":[{"count":1,"href":"https:\/\/filles-de-la-charite.org\/fr\/wp-json\/wp\/v2\/posts\/22560\/revisions"}],"predecessor-version":[{"id":22561,"href":"https:\/\/filles-de-la-charite.org\/fr\/wp-json\/wp\/v2\/posts\/22560\/revisions\/22561"}],"wp:featuredmedia":[{"embeddable":true,"href":"https:\/\/filles-de-la-charite.org\/fr\/wp-json\/wp\/v2\/media\/16174"}],"wp:attachment":[{"href":"https:\/\/filles-de-la-charite.org\/fr\/wp-json\/wp\/v2\/media?parent=22560"}],"wp:term":[{"taxonomy":"category","embeddable":true,"href":"https:\/\/filles-de-la-charite.org\/fr\/wp-json\/wp\/v2\/categories?post=22560"},{"taxonomy":"post_tag","embeddable":true,"href":"https:\/\/filles-de-la-charite.org\/fr\/wp-json\/wp\/v2\/tags?post=22560"}],"curies":[{"name":"wp","href":"https:\/\/api.w.org\/{rel}","templated":true}]}}