{"id":22567,"date":"2022-01-31T23:00:00","date_gmt":"2022-01-31T22:00:00","guid":{"rendered":"https:\/\/hijascaridad.sjdigitaldemo.ovh\/la-province-de-st-elizabeth-ann-seton-californie-accueille-une-nouvelle-visitatrice\/"},"modified":"2024-03-17T16:52:00","modified_gmt":"2024-03-17T15:52:00","slug":"la-province-de-st-elizabeth-ann-seton-californie-accueille-une-nouvelle-visitatrice","status":"publish","type":"post","link":"https:\/\/filles-de-la-charite.org\/fr\/la-province-de-st-elizabeth-ann-seton-californie-accueille-une-nouvelle-visitatrice\/","title":{"rendered":"La Province de St. Elizabeth Ann Seton, Californie, accueille une nouvelle Visitatrice"},"content":{"rendered":"\n<p>Magnificat ! Le 8 janvier 2022, au cours d\u2019une c\u00e9l\u00e9bration Eucharistique, S\u0153ur Christina Maggi a \u00e9t\u00e9 install\u00e9e Visitatrice de la Province, en remplacement de S\u0153ur Julie Kubasak qui a \u00e9t\u00e9 \u00e9lue Assistante g\u00e9n\u00e9rale lors de la r\u00e9cente Assembl\u00e9e g\u00e9n\u00e9rale \u00e0 Paris. S\u0153ur Marjorie Ann Baez, ancienne Visitatrice de la Province, a exprim\u00e9 sa gratitude et celle des S\u0153urs de la Province, pour le service r\u00e9alis\u00e9 avec amour de S\u0153ur Julie en tant que Visitatrice depuis 2017. S\u0153ur Julie a ensuite remis \u00e0 S\u0153ur Christina Maggi la patente de la part de S\u0153ur Fran\u00e7oise Petit, Sup\u00e9rieure G\u00e9n\u00e9rale.<\/p>\n\n\n\n<div class=\"wp-block-image\"><figure class=\"aligncenter size-full\"><img decoding=\"async\" src=\"https:\/\/filles-de-la-charite.org\/wp-content\/uploads\/2023\/06\/25.01.2022-Photo-2-Sr.-Julie-during-installation-rites.jpg\" alt=\"\" class=\"wp-image-69578\" \/><figcaption><em>S\u0153ur Julie pendant l&rsquo;installation<\/em><\/figcaption><\/figure><\/div>\n\n\n\n<p>Rejoignez-nous dans la pri\u00e8re pour soutenir et remercier s\u0153ur Christina et s\u0153ur Julie dans leurs nouveaux r\u00f4les de responsabilit\u00e9 en vue de la promotion de la mission de la Petite Compagnie avec sagesse, compassion, justice et amour.<\/p>\n\n\n\n<p>S\u0153ur Christina (Chris) Maggi est originaire de San Francisco, en Californie. Elle est dipl\u00f4m\u00e9e de l&rsquo;Universit\u00e9 de San Francisco avec une Licence \u00e8s sciences en sciences biologiques et un Master en administration d\u2019\u00e9tablissements scolaires priv\u00e9s. Elle est entr\u00e9e chez les Filles de la Charit\u00e9 en 1980 et a \u00e9t\u00e9 enseignante et directrice d&rsquo;\u00e9cole, secr\u00e9taire provinciale, conseill\u00e8re provinciale et directrice g\u00e9n\u00e9rale de la Fondation des Filles de la Charit\u00e9<strong>.<\/strong><\/p>\n\n\n\n<figure class=\"wp-block-image alignwide size-full\"><img decoding=\"async\" src=\"https:\/\/filles-de-la-charite.org\/wp-content\/uploads\/2023\/06\/25.01.2022-Photo-3-Sr.-Chris-with-DC-Foundation-Staff.jpg\" alt=\"\" class=\"wp-image-69572\" \/><figcaption><em>S\u0153ur Chris avec le personnel de la Fondation des Filles de la Charit\u00e9<\/em><\/figcaption><\/figure>\n","protected":false},"excerpt":{"rendered":"<p>Magnificat ! Le 8 janvier 2022, au cours d\u2019une c\u00e9l\u00e9bration Eucharistique, S\u0153ur Christina Maggi a \u00e9t\u00e9 install\u00e9e Visitatrice de la Province, en remplacement de S\u0153ur Julie Kubasak qui a \u00e9t\u00e9 \u00e9lue Assistante g\u00e9n\u00e9rale lors de la r\u00e9cente Assembl\u00e9e g\u00e9n\u00e9rale \u00e0 Paris. S\u0153ur Marjorie Ann Baez, ancienne Visitatrice de la Province, a exprim\u00e9 sa gratitude et [&hellip;]<\/p>\n","protected":false},"author":1,"featured_media":16259,"comment_status":"closed","ping_status":"closed","sticky":false,"template":"","format":"standard","meta":{"_acf_changed":false,"_et_pb_use_builder":"","_et_pb_old_content":"","_et_gb_content_width":"","footnotes":"","_links_to":"","_links_to_target":""},"categories":[817],"tags":[],"class_list":["post-22567","post","type-post","status-publish","format-standard","has-post-thumbnail","hentry","category-st-e-a-seton-usa-fr"],"acf":[],"yoast_head":"<!-- This site is optimized with the Yoast SEO plugin v27.4 - https:\/\/yoast.com\/product\/yoast-seo-wordpress\/ -->\n<title>La Province de St. Elizabeth Ann Seton, Californie, accueille une nouvelle Visitatrice - Filles de la Charit\u00e9<\/title>\n<meta name=\"robots\" content=\"index, follow, max-snippet:-1, max-image-preview:large, max-video-preview:-1\" \/>\n<link rel=\"canonical\" href=\"https:\/\/filles-de-la-charite.org\/fr\/la-province-de-st-elizabeth-ann-seton-californie-accueille-une-nouvelle-visitatrice\/\" \/>\n<meta property=\"og:locale\" content=\"fr_FR\" \/>\n<meta property=\"og:type\" content=\"article\" \/>\n<meta property=\"og:title\" content=\"La Province de St. Elizabeth Ann Seton, Californie, accueille une nouvelle Visitatrice - Filles de la Charit\u00e9\" \/>\n<meta property=\"og:description\" content=\"Magnificat ! Le 8 janvier 2022, au cours d\u2019une c\u00e9l\u00e9bration Eucharistique, S\u0153ur Christina Maggi a \u00e9t\u00e9 install\u00e9e Visitatrice de la Province, en remplacement de S\u0153ur Julie Kubasak qui a \u00e9t\u00e9 \u00e9lue Assistante g\u00e9n\u00e9rale lors de la r\u00e9cente Assembl\u00e9e g\u00e9n\u00e9rale \u00e0 Paris. S\u0153ur Marjorie Ann Baez, ancienne Visitatrice de la Province, a exprim\u00e9 sa gratitude et [&hellip;]\" \/>\n<meta property=\"og:url\" content=\"https:\/\/filles-de-la-charite.org\/fr\/la-province-de-st-elizabeth-ann-seton-californie-accueille-une-nouvelle-visitatrice\/\" \/>\n<meta property=\"og:site_name\" content=\"Filles de la Charit\u00e9\" \/>\n<meta property=\"article:published_time\" content=\"2022-01-31T22:00:00+00:00\" \/>\n<meta property=\"article:modified_time\" content=\"2024-03-17T15:52:00+00:00\" \/>\n<meta property=\"og:image\" content=\"https:\/\/filles-de-la-charite.org\/wp-content\/uploads\/2023\/06\/25.01.2022-Photo-1-Sr.-Christina-Maggi.jpg\" \/>\n\t<meta property=\"og:image:width\" content=\"1600\" \/>\n\t<meta property=\"og:image:height\" content=\"1200\" \/>\n\t<meta property=\"og:image:type\" content=\"image\/jpeg\" \/>\n<meta name=\"author\" content=\"admin\" \/>\n<meta name=\"twitter:card\" content=\"summary_large_image\" \/>\n<meta name=\"twitter:label1\" content=\"\u00c9crit par\" \/>\n\t<meta name=\"twitter:data1\" content=\"admin\" \/>\n\t<meta name=\"twitter:label2\" content=\"Dur\u00e9e de lecture estim\u00e9e\" \/>\n\t<meta name=\"twitter:data2\" content=\"2 minutes\" \/>\n<script type=\"application\/ld+json\" class=\"yoast-schema-graph\">{\"@context\":\"https:\\\/\\\/schema.org\",\"@graph\":[{\"@type\":\"Article\",\"@id\":\"https:\\\/\\\/filles-de-la-charite.org\\\/fr\\\/la-province-de-st-elizabeth-ann-seton-californie-accueille-une-nouvelle-visitatrice\\\/#article\",\"isPartOf\":{\"@id\":\"https:\\\/\\\/filles-de-la-charite.org\\\/fr\\\/la-province-de-st-elizabeth-ann-seton-californie-accueille-une-nouvelle-visitatrice\\\/\"},\"author\":{\"name\":\"admin\",\"@id\":\"https:\\\/\\\/filles-de-la-charite.org\\\/fr\\\/#\\\/schema\\\/person\\\/427567b2eccfc2dd7d206da186a1f438\"},\"headline\":\"La Province de St. Elizabeth Ann Seton, Californie, accueille une nouvelle Visitatrice\",\"datePublished\":\"2022-01-31T22:00:00+00:00\",\"dateModified\":\"2024-03-17T15:52:00+00:00\",\"mainEntityOfPage\":{\"@id\":\"https:\\\/\\\/filles-de-la-charite.org\\\/fr\\\/la-province-de-st-elizabeth-ann-seton-californie-accueille-une-nouvelle-visitatrice\\\/\"},\"wordCount\":265,\"publisher\":{\"@id\":\"https:\\\/\\\/filles-de-la-charite.org\\\/fr\\\/#organization\"},\"image\":{\"@id\":\"https:\\\/\\\/filles-de-la-charite.org\\\/fr\\\/la-province-de-st-elizabeth-ann-seton-californie-accueille-une-nouvelle-visitatrice\\\/#primaryimage\"},\"thumbnailUrl\":\"https:\\\/\\\/filles-de-la-charite.org\\\/wp-content\\\/uploads\\\/2023\\\/06\\\/25.01.2022-Photo-1-Sr.-Christina-Maggi.jpg\",\"articleSection\":[\"St E.A. Seton - USA\"],\"inLanguage\":\"fr-FR\"},{\"@type\":\"WebPage\",\"@id\":\"https:\\\/\\\/filles-de-la-charite.org\\\/fr\\\/la-province-de-st-elizabeth-ann-seton-californie-accueille-une-nouvelle-visitatrice\\\/\",\"url\":\"https:\\\/\\\/filles-de-la-charite.org\\\/fr\\\/la-province-de-st-elizabeth-ann-seton-californie-accueille-une-nouvelle-visitatrice\\\/\",\"name\":\"La Province de St. Elizabeth Ann Seton, Californie, accueille une nouvelle Visitatrice - Filles de la Charit\u00e9\",\"isPartOf\":{\"@id\":\"https:\\\/\\\/filles-de-la-charite.org\\\/fr\\\/#website\"},\"primaryImageOfPage\":{\"@id\":\"https:\\\/\\\/filles-de-la-charite.org\\\/fr\\\/la-province-de-st-elizabeth-ann-seton-californie-accueille-une-nouvelle-visitatrice\\\/#primaryimage\"},\"image\":{\"@id\":\"https:\\\/\\\/filles-de-la-charite.org\\\/fr\\\/la-province-de-st-elizabeth-ann-seton-californie-accueille-une-nouvelle-visitatrice\\\/#primaryimage\"},\"thumbnailUrl\":\"https:\\\/\\\/filles-de-la-charite.org\\\/wp-content\\\/uploads\\\/2023\\\/06\\\/25.01.2022-Photo-1-Sr.-Christina-Maggi.jpg\",\"datePublished\":\"2022-01-31T22:00:00+00:00\",\"dateModified\":\"2024-03-17T15:52:00+00:00\",\"breadcrumb\":{\"@id\":\"https:\\\/\\\/filles-de-la-charite.org\\\/fr\\\/la-province-de-st-elizabeth-ann-seton-californie-accueille-une-nouvelle-visitatrice\\\/#breadcrumb\"},\"inLanguage\":\"fr-FR\",\"potentialAction\":[{\"@type\":\"ReadAction\",\"target\":[\"https:\\\/\\\/filles-de-la-charite.org\\\/fr\\\/la-province-de-st-elizabeth-ann-seton-californie-accueille-une-nouvelle-visitatrice\\\/\"]}]},{\"@type\":\"ImageObject\",\"inLanguage\":\"fr-FR\",\"@id\":\"https:\\\/\\\/filles-de-la-charite.org\\\/fr\\\/la-province-de-st-elizabeth-ann-seton-californie-accueille-une-nouvelle-visitatrice\\\/#primaryimage\",\"url\":\"https:\\\/\\\/filles-de-la-charite.org\\\/wp-content\\\/uploads\\\/2023\\\/06\\\/25.01.2022-Photo-1-Sr.-Christina-Maggi.jpg\",\"contentUrl\":\"https:\\\/\\\/filles-de-la-charite.org\\\/wp-content\\\/uploads\\\/2023\\\/06\\\/25.01.2022-Photo-1-Sr.-Christina-Maggi.jpg\",\"width\":1600,\"height\":1200},{\"@type\":\"BreadcrumbList\",\"@id\":\"https:\\\/\\\/filles-de-la-charite.org\\\/fr\\\/la-province-de-st-elizabeth-ann-seton-californie-accueille-une-nouvelle-visitatrice\\\/#breadcrumb\",\"itemListElement\":[{\"@type\":\"ListItem\",\"position\":1,\"name\":\"St E.A. Seton - USA\",\"item\":\"https:\\\/\\\/filles-de-la-charite.org\\\/fr\\\/category\\\/st-e-a-seton-usa-fr\\\/\"},{\"@type\":\"ListItem\",\"position\":2,\"name\":\"La Province de St. Elizabeth Ann Seton, Californie, accueille une nouvelle Visitatrice\"}]},{\"@type\":\"WebSite\",\"@id\":\"https:\\\/\\\/filles-de-la-charite.org\\\/fr\\\/#website\",\"url\":\"https:\\\/\\\/filles-de-la-charite.org\\\/fr\\\/\",\"name\":\"Hijas de la Caridad\",\"description\":\"L\u2019amour de J\u00e9sus nous presse \u00e0 prendre soin des personnes les plus d\u00e9munies\",\"publisher\":{\"@id\":\"https:\\\/\\\/filles-de-la-charite.org\\\/fr\\\/#organization\"},\"potentialAction\":[{\"@type\":\"SearchAction\",\"target\":{\"@type\":\"EntryPoint\",\"urlTemplate\":\"https:\\\/\\\/filles-de-la-charite.org\\\/fr\\\/?s={search_term_string}\"},\"query-input\":{\"@type\":\"PropertyValueSpecification\",\"valueRequired\":true,\"valueName\":\"search_term_string\"}}],\"inLanguage\":\"fr-FR\"},{\"@type\":\"Organization\",\"@id\":\"https:\\\/\\\/filles-de-la-charite.org\\\/fr\\\/#organization\",\"name\":\"Hijas de la Caridad\",\"url\":\"https:\\\/\\\/filles-de-la-charite.org\\\/fr\\\/\",\"logo\":{\"@type\":\"ImageObject\",\"inLanguage\":\"fr-FR\",\"@id\":\"https:\\\/\\\/filles-de-la-charite.org\\\/fr\\\/#\\\/schema\\\/logo\\\/image\\\/\",\"url\":\"https:\\\/\\\/filles-de-la-charite.org\\\/wp-content\\\/uploads\\\/2023\\\/03\\\/isotipo-Hijas-de-la-Caridad.png\",\"contentUrl\":\"https:\\\/\\\/filles-de-la-charite.org\\\/wp-content\\\/uploads\\\/2023\\\/03\\\/isotipo-Hijas-de-la-Caridad.png\",\"width\":1417,\"height\":1417,\"caption\":\"Hijas de la Caridad\"},\"image\":{\"@id\":\"https:\\\/\\\/filles-de-la-charite.org\\\/fr\\\/#\\\/schema\\\/logo\\\/image\\\/\"}},{\"@type\":\"Person\",\"@id\":\"https:\\\/\\\/filles-de-la-charite.org\\\/fr\\\/#\\\/schema\\\/person\\\/427567b2eccfc2dd7d206da186a1f438\",\"name\":\"admin\",\"image\":{\"@type\":\"ImageObject\",\"inLanguage\":\"fr-FR\",\"@id\":\"https:\\\/\\\/secure.gravatar.com\\\/avatar\\\/948b492cce32b586ac2db0eaa926ee87024f7afe218d73b397ea5ddfc5f43ea1?s=96&d=mm&r=g\",\"url\":\"https:\\\/\\\/secure.gravatar.com\\\/avatar\\\/948b492cce32b586ac2db0eaa926ee87024f7afe218d73b397ea5ddfc5f43ea1?s=96&d=mm&r=g\",\"contentUrl\":\"https:\\\/\\\/secure.gravatar.com\\\/avatar\\\/948b492cce32b586ac2db0eaa926ee87024f7afe218d73b397ea5ddfc5f43ea1?s=96&d=mm&r=g\",\"caption\":\"admin\"},\"sameAs\":[\"https:\\\/\\\/filles-de-la-charite.org\"],\"url\":\"https:\\\/\\\/filles-de-la-charite.org\\\/fr\\\/author\\\/caridad\\\/\"}]}<\/script>\n<!-- \/ Yoast SEO plugin. -->","yoast_head_json":{"title":"La Province de St. Elizabeth Ann Seton, Californie, accueille une nouvelle Visitatrice - Filles de la Charit\u00e9","robots":{"index":"index","follow":"follow","max-snippet":"max-snippet:-1","max-image-preview":"max-image-preview:large","max-video-preview":"max-video-preview:-1"},"canonical":"https:\/\/filles-de-la-charite.org\/fr\/la-province-de-st-elizabeth-ann-seton-californie-accueille-une-nouvelle-visitatrice\/","og_locale":"fr_FR","og_type":"article","og_title":"La Province de St. Elizabeth Ann Seton, Californie, accueille une nouvelle Visitatrice - Filles de la Charit\u00e9","og_description":"Magnificat ! Le 8 janvier 2022, au cours d\u2019une c\u00e9l\u00e9bration Eucharistique, S\u0153ur Christina Maggi a \u00e9t\u00e9 install\u00e9e Visitatrice de la Province, en remplacement de S\u0153ur Julie Kubasak qui a \u00e9t\u00e9 \u00e9lue Assistante g\u00e9n\u00e9rale lors de la r\u00e9cente Assembl\u00e9e g\u00e9n\u00e9rale \u00e0 Paris. S\u0153ur Marjorie Ann Baez, ancienne Visitatrice de la Province, a exprim\u00e9 sa gratitude et [&hellip;]","og_url":"https:\/\/filles-de-la-charite.org\/fr\/la-province-de-st-elizabeth-ann-seton-californie-accueille-une-nouvelle-visitatrice\/","og_site_name":"Filles de la Charit\u00e9","article_published_time":"2022-01-31T22:00:00+00:00","article_modified_time":"2024-03-17T15:52:00+00:00","og_image":[{"width":1600,"height":1200,"url":"https:\/\/filles-de-la-charite.org\/wp-content\/uploads\/2023\/06\/25.01.2022-Photo-1-Sr.-Christina-Maggi.jpg","type":"image\/jpeg"}],"author":"admin","twitter_card":"summary_large_image","twitter_misc":{"\u00c9crit par":"admin","Dur\u00e9e de lecture estim\u00e9e":"2 minutes"},"schema":{"@context":"https:\/\/schema.org","@graph":[{"@type":"Article","@id":"https:\/\/filles-de-la-charite.org\/fr\/la-province-de-st-elizabeth-ann-seton-californie-accueille-une-nouvelle-visitatrice\/#article","isPartOf":{"@id":"https:\/\/filles-de-la-charite.org\/fr\/la-province-de-st-elizabeth-ann-seton-californie-accueille-une-nouvelle-visitatrice\/"},"author":{"name":"admin","@id":"https:\/\/filles-de-la-charite.org\/fr\/#\/schema\/person\/427567b2eccfc2dd7d206da186a1f438"},"headline":"La Province de St. Elizabeth Ann Seton, Californie, accueille une nouvelle Visitatrice","datePublished":"2022-01-31T22:00:00+00:00","dateModified":"2024-03-17T15:52:00+00:00","mainEntityOfPage":{"@id":"https:\/\/filles-de-la-charite.org\/fr\/la-province-de-st-elizabeth-ann-seton-californie-accueille-une-nouvelle-visitatrice\/"},"wordCount":265,"publisher":{"@id":"https:\/\/filles-de-la-charite.org\/fr\/#organization"},"image":{"@id":"https:\/\/filles-de-la-charite.org\/fr\/la-province-de-st-elizabeth-ann-seton-californie-accueille-une-nouvelle-visitatrice\/#primaryimage"},"thumbnailUrl":"https:\/\/filles-de-la-charite.org\/wp-content\/uploads\/2023\/06\/25.01.2022-Photo-1-Sr.-Christina-Maggi.jpg","articleSection":["St E.A. Seton - USA"],"inLanguage":"fr-FR"},{"@type":"WebPage","@id":"https:\/\/filles-de-la-charite.org\/fr\/la-province-de-st-elizabeth-ann-seton-californie-accueille-une-nouvelle-visitatrice\/","url":"https:\/\/filles-de-la-charite.org\/fr\/la-province-de-st-elizabeth-ann-seton-californie-accueille-une-nouvelle-visitatrice\/","name":"La Province de St. Elizabeth Ann Seton, Californie, accueille une nouvelle Visitatrice - Filles de la Charit\u00e9","isPartOf":{"@id":"https:\/\/filles-de-la-charite.org\/fr\/#website"},"primaryImageOfPage":{"@id":"https:\/\/filles-de-la-charite.org\/fr\/la-province-de-st-elizabeth-ann-seton-californie-accueille-une-nouvelle-visitatrice\/#primaryimage"},"image":{"@id":"https:\/\/filles-de-la-charite.org\/fr\/la-province-de-st-elizabeth-ann-seton-californie-accueille-une-nouvelle-visitatrice\/#primaryimage"},"thumbnailUrl":"https:\/\/filles-de-la-charite.org\/wp-content\/uploads\/2023\/06\/25.01.2022-Photo-1-Sr.-Christina-Maggi.jpg","datePublished":"2022-01-31T22:00:00+00:00","dateModified":"2024-03-17T15:52:00+00:00","breadcrumb":{"@id":"https:\/\/filles-de-la-charite.org\/fr\/la-province-de-st-elizabeth-ann-seton-californie-accueille-une-nouvelle-visitatrice\/#breadcrumb"},"inLanguage":"fr-FR","potentialAction":[{"@type":"ReadAction","target":["https:\/\/filles-de-la-charite.org\/fr\/la-province-de-st-elizabeth-ann-seton-californie-accueille-une-nouvelle-visitatrice\/"]}]},{"@type":"ImageObject","inLanguage":"fr-FR","@id":"https:\/\/filles-de-la-charite.org\/fr\/la-province-de-st-elizabeth-ann-seton-californie-accueille-une-nouvelle-visitatrice\/#primaryimage","url":"https:\/\/filles-de-la-charite.org\/wp-content\/uploads\/2023\/06\/25.01.2022-Photo-1-Sr.-Christina-Maggi.jpg","contentUrl":"https:\/\/filles-de-la-charite.org\/wp-content\/uploads\/2023\/06\/25.01.2022-Photo-1-Sr.-Christina-Maggi.jpg","width":1600,"height":1200},{"@type":"BreadcrumbList","@id":"https:\/\/filles-de-la-charite.org\/fr\/la-province-de-st-elizabeth-ann-seton-californie-accueille-une-nouvelle-visitatrice\/#breadcrumb","itemListElement":[{"@type":"ListItem","position":1,"name":"St E.A. Seton - USA","item":"https:\/\/filles-de-la-charite.org\/fr\/category\/st-e-a-seton-usa-fr\/"},{"@type":"ListItem","position":2,"name":"La Province de St. Elizabeth Ann Seton, Californie, accueille une nouvelle Visitatrice"}]},{"@type":"WebSite","@id":"https:\/\/filles-de-la-charite.org\/fr\/#website","url":"https:\/\/filles-de-la-charite.org\/fr\/","name":"Hijas de la Caridad","description":"L\u2019amour de J\u00e9sus nous presse \u00e0 prendre soin des personnes les plus d\u00e9munies","publisher":{"@id":"https:\/\/filles-de-la-charite.org\/fr\/#organization"},"potentialAction":[{"@type":"SearchAction","target":{"@type":"EntryPoint","urlTemplate":"https:\/\/filles-de-la-charite.org\/fr\/?s={search_term_string}"},"query-input":{"@type":"PropertyValueSpecification","valueRequired":true,"valueName":"search_term_string"}}],"inLanguage":"fr-FR"},{"@type":"Organization","@id":"https:\/\/filles-de-la-charite.org\/fr\/#organization","name":"Hijas de la Caridad","url":"https:\/\/filles-de-la-charite.org\/fr\/","logo":{"@type":"ImageObject","inLanguage":"fr-FR","@id":"https:\/\/filles-de-la-charite.org\/fr\/#\/schema\/logo\/image\/","url":"https:\/\/filles-de-la-charite.org\/wp-content\/uploads\/2023\/03\/isotipo-Hijas-de-la-Caridad.png","contentUrl":"https:\/\/filles-de-la-charite.org\/wp-content\/uploads\/2023\/03\/isotipo-Hijas-de-la-Caridad.png","width":1417,"height":1417,"caption":"Hijas de la Caridad"},"image":{"@id":"https:\/\/filles-de-la-charite.org\/fr\/#\/schema\/logo\/image\/"}},{"@type":"Person","@id":"https:\/\/filles-de-la-charite.org\/fr\/#\/schema\/person\/427567b2eccfc2dd7d206da186a1f438","name":"admin","image":{"@type":"ImageObject","inLanguage":"fr-FR","@id":"https:\/\/secure.gravatar.com\/avatar\/948b492cce32b586ac2db0eaa926ee87024f7afe218d73b397ea5ddfc5f43ea1?s=96&d=mm&r=g","url":"https:\/\/secure.gravatar.com\/avatar\/948b492cce32b586ac2db0eaa926ee87024f7afe218d73b397ea5ddfc5f43ea1?s=96&d=mm&r=g","contentUrl":"https:\/\/secure.gravatar.com\/avatar\/948b492cce32b586ac2db0eaa926ee87024f7afe218d73b397ea5ddfc5f43ea1?s=96&d=mm&r=g","caption":"admin"},"sameAs":["https:\/\/filles-de-la-charite.org"],"url":"https:\/\/filles-de-la-charite.org\/fr\/author\/caridad\/"}]}},"_links":{"self":[{"href":"https:\/\/filles-de-la-charite.org\/fr\/wp-json\/wp\/v2\/posts\/22567","targetHints":{"allow":["GET"]}}],"collection":[{"href":"https:\/\/filles-de-la-charite.org\/fr\/wp-json\/wp\/v2\/posts"}],"about":[{"href":"https:\/\/filles-de-la-charite.org\/fr\/wp-json\/wp\/v2\/types\/post"}],"author":[{"embeddable":true,"href":"https:\/\/filles-de-la-charite.org\/fr\/wp-json\/wp\/v2\/users\/1"}],"replies":[{"embeddable":true,"href":"https:\/\/filles-de-la-charite.org\/fr\/wp-json\/wp\/v2\/comments?post=22567"}],"version-history":[{"count":1,"href":"https:\/\/filles-de-la-charite.org\/fr\/wp-json\/wp\/v2\/posts\/22567\/revisions"}],"predecessor-version":[{"id":22568,"href":"https:\/\/filles-de-la-charite.org\/fr\/wp-json\/wp\/v2\/posts\/22567\/revisions\/22568"}],"wp:featuredmedia":[{"embeddable":true,"href":"https:\/\/filles-de-la-charite.org\/fr\/wp-json\/wp\/v2\/media\/16259"}],"wp:attachment":[{"href":"https:\/\/filles-de-la-charite.org\/fr\/wp-json\/wp\/v2\/media?parent=22567"}],"wp:term":[{"taxonomy":"category","embeddable":true,"href":"https:\/\/filles-de-la-charite.org\/fr\/wp-json\/wp\/v2\/categories?post=22567"},{"taxonomy":"post_tag","embeddable":true,"href":"https:\/\/filles-de-la-charite.org\/fr\/wp-json\/wp\/v2\/tags?post=22567"}],"curies":[{"name":"wp","href":"https:\/\/api.w.org\/{rel}","templated":true}]}}