{"id":22569,"date":"2022-01-31T23:00:00","date_gmt":"2022-01-31T22:00:00","guid":{"rendered":"https:\/\/hijascaridad.sjdigitaldemo.ovh\/maison-saint-joseph-damas-syrie\/"},"modified":"2024-03-17T16:52:17","modified_gmt":"2024-03-17T15:52:17","slug":"maison-saint-joseph-damas-syrie","status":"publish","type":"post","link":"https:\/\/filles-de-la-charite.org\/fr\/maison-saint-joseph-damas-syrie\/","title":{"rendered":"Maison Saint Joseph &#8211; Damas- SYRIE"},"content":{"rendered":"\n<p>Comment continuer notre Mission apr\u00e8s tant d\u2019ann\u00e9es de guerre et qui n\u2019est pas encore termin\u00e9e&nbsp;? Souffrance, crise \u00e9conomique, chert\u00e9 de vie, pand\u00e9mie\u2026 Nous sommes 3 S\u0153urs au service de la population que le Seigneur nous envoie.<\/p>\n\n\n\n<div class=\"wp-block-image\"><figure class=\"aligncenter size-full\"><img decoding=\"async\" src=\"https:\/\/filles-de-la-charite.org\/wp-content\/uploads\/2023\/06\/1-10.jpg\" alt=\"\" class=\"wp-image-69603\"\/><\/figure><\/div>\n\n\n\n<p>Notre Maison \u00e0 Damas n\u2019a pas ferm\u00e9 ses portes m\u00eame durant les moments les plus durs&nbsp;:&nbsp; Un Foyer accueille 40 jeunes filles universitaires, chr\u00e9tiennes et musulmanes qui viennent de r\u00e9gions lointaines et qui cohabitent <em>fraternellement<\/em>\u2026 Des rencontres de promotion f\u00e9minine sont donn\u00e9es r\u00e9guli\u00e8rement aux femmes r\u00e9fugi\u00e9es que nous avons accueillies avec leurs enfants. En collaboration avec la famille vincentienne, nous accompagnons plusieurs mouvements de jeunes (JMV et autres) &nbsp;et d\u2019adultes. Notre \u00e9cole qui scolarise 650 \u00e9l\u00e8ves dont 10% musulmans n\u2019a pas encore oubli\u00e9 la protection divine suite \u00e0 plusieurs obus re\u00e7us pendant que les enfants \u00e9taient en classes. Nous essayons d\u2019aider autant que possible les familles d\u2019\u00e9l\u00e8ves en gardant la dignit\u00e9 des bless\u00e9es par la vie et la guerre.<\/p>\n\n\n\n<p>Nous sommes tr\u00e8s reconnaissantes pour le partage et l\u2019encouragement de la Compagnie, de la Province, et l\u2019aide des Associations et des bienfaiteurs. Dans toutes nos \u0153uvres, notre premier souci est la promotion des personnes au plan humain, \u00e9ducatif, moral et spirituel. Que le Seigneur nous aide \u00e0 vivre notre Mission dans la Foi et \u00e0 \u00eatre des signes de Paix et d\u2019esp\u00e9rance!<\/p>\n\n\n\n<div class=\"wp-block-image\"><figure class=\"aligncenter size-full\"><img decoding=\"async\" src=\"https:\/\/filles-de-la-charite.org\/wp-content\/uploads\/2023\/06\/3-7.jpg\" alt=\"\" class=\"wp-image-69602\"\/><\/figure><\/div>\n","protected":false},"excerpt":{"rendered":"<p>Comment continuer notre Mission apr\u00e8s tant d\u2019ann\u00e9es de guerre et qui n\u2019est pas encore termin\u00e9e&nbsp;? Souffrance, crise \u00e9conomique, chert\u00e9 de vie, pand\u00e9mie\u2026 Nous sommes 3 S\u0153urs au service de la population que le Seigneur nous envoie. Notre Maison \u00e0 Damas n\u2019a pas ferm\u00e9 ses portes m\u00eame durant les moments les plus durs&nbsp;:&nbsp; Un Foyer accueille [&hellip;]<\/p>\n","protected":false},"author":1,"featured_media":16279,"comment_status":"closed","ping_status":"closed","sticky":false,"template":"","format":"standard","meta":{"_acf_changed":false,"footnotes":"","_links_to":"","_links_to_target":""},"categories":[643],"tags":[],"class_list":["post-22569","post","type-post","status-publish","format-standard","has-post-thumbnail","hentry","category-proche-orient-fr"],"acf":[],"yoast_head":"<!-- This site is optimized with the Yoast SEO plugin v27.5 - https:\/\/yoast.com\/product\/yoast-seo-wordpress\/ -->\n<title>Maison Saint Joseph - Damas- SYRIE - Filles de la Charit\u00e9<\/title>\n<meta name=\"robots\" content=\"index, follow, max-snippet:-1, max-image-preview:large, max-video-preview:-1\" \/>\n<link rel=\"canonical\" href=\"https:\/\/filles-de-la-charite.org\/fr\/maison-saint-joseph-damas-syrie\/\" \/>\n<meta property=\"og:locale\" content=\"fr_FR\" \/>\n<meta property=\"og:type\" content=\"article\" \/>\n<meta property=\"og:title\" content=\"Maison Saint Joseph - Damas- SYRIE - Filles de la Charit\u00e9\" \/>\n<meta property=\"og:description\" content=\"Comment continuer notre Mission apr\u00e8s tant d\u2019ann\u00e9es de guerre et qui n\u2019est pas encore termin\u00e9e&nbsp;? Souffrance, crise \u00e9conomique, chert\u00e9 de vie, pand\u00e9mie\u2026 Nous sommes 3 S\u0153urs au service de la population que le Seigneur nous envoie. Notre Maison \u00e0 Damas n\u2019a pas ferm\u00e9 ses portes m\u00eame durant les moments les plus durs&nbsp;:&nbsp; Un Foyer accueille [&hellip;]\" \/>\n<meta property=\"og:url\" content=\"https:\/\/filles-de-la-charite.org\/fr\/maison-saint-joseph-damas-syrie\/\" \/>\n<meta property=\"og:site_name\" content=\"Filles de la Charit\u00e9\" \/>\n<meta property=\"article:published_time\" content=\"2022-01-31T22:00:00+00:00\" \/>\n<meta property=\"article:modified_time\" content=\"2024-03-17T15:52:17+00:00\" \/>\n<meta property=\"og:image\" content=\"https:\/\/filles-de-la-charite.org\/wp-content\/uploads\/2023\/06\/2-7.jpg\" \/>\n\t<meta property=\"og:image:width\" content=\"1032\" \/>\n\t<meta property=\"og:image:height\" content=\"774\" \/>\n\t<meta property=\"og:image:type\" content=\"image\/jpeg\" \/>\n<meta name=\"author\" content=\"admin\" \/>\n<meta name=\"twitter:card\" content=\"summary_large_image\" \/>\n<meta name=\"twitter:label1\" content=\"\u00c9crit par\" \/>\n\t<meta name=\"twitter:data1\" content=\"admin\" \/>\n\t<meta name=\"twitter:label2\" content=\"Dur\u00e9e de lecture estim\u00e9e\" \/>\n\t<meta name=\"twitter:data2\" content=\"2 minutes\" \/>\n<script type=\"application\/ld+json\" class=\"yoast-schema-graph\">{\"@context\":\"https:\\\/\\\/schema.org\",\"@graph\":[{\"@type\":\"Article\",\"@id\":\"https:\\\/\\\/filles-de-la-charite.org\\\/fr\\\/maison-saint-joseph-damas-syrie\\\/#article\",\"isPartOf\":{\"@id\":\"https:\\\/\\\/filles-de-la-charite.org\\\/fr\\\/maison-saint-joseph-damas-syrie\\\/\"},\"author\":{\"name\":\"admin\",\"@id\":\"https:\\\/\\\/filles-de-la-charite.org\\\/fr\\\/#\\\/schema\\\/person\\\/427567b2eccfc2dd7d206da186a1f438\"},\"headline\":\"Maison Saint Joseph &#8211; Damas- SYRIE\",\"datePublished\":\"2022-01-31T22:00:00+00:00\",\"dateModified\":\"2024-03-17T15:52:17+00:00\",\"mainEntityOfPage\":{\"@id\":\"https:\\\/\\\/filles-de-la-charite.org\\\/fr\\\/maison-saint-joseph-damas-syrie\\\/\"},\"wordCount\":249,\"publisher\":{\"@id\":\"https:\\\/\\\/filles-de-la-charite.org\\\/fr\\\/#organization\"},\"image\":{\"@id\":\"https:\\\/\\\/filles-de-la-charite.org\\\/fr\\\/maison-saint-joseph-damas-syrie\\\/#primaryimage\"},\"thumbnailUrl\":\"https:\\\/\\\/filles-de-la-charite.org\\\/wp-content\\\/uploads\\\/2023\\\/06\\\/2-7.jpg\",\"articleSection\":[\"Proche-Orient\"],\"inLanguage\":\"fr-FR\"},{\"@type\":\"WebPage\",\"@id\":\"https:\\\/\\\/filles-de-la-charite.org\\\/fr\\\/maison-saint-joseph-damas-syrie\\\/\",\"url\":\"https:\\\/\\\/filles-de-la-charite.org\\\/fr\\\/maison-saint-joseph-damas-syrie\\\/\",\"name\":\"Maison Saint Joseph - Damas- SYRIE - Filles de la Charit\u00e9\",\"isPartOf\":{\"@id\":\"https:\\\/\\\/filles-de-la-charite.org\\\/fr\\\/#website\"},\"primaryImageOfPage\":{\"@id\":\"https:\\\/\\\/filles-de-la-charite.org\\\/fr\\\/maison-saint-joseph-damas-syrie\\\/#primaryimage\"},\"image\":{\"@id\":\"https:\\\/\\\/filles-de-la-charite.org\\\/fr\\\/maison-saint-joseph-damas-syrie\\\/#primaryimage\"},\"thumbnailUrl\":\"https:\\\/\\\/filles-de-la-charite.org\\\/wp-content\\\/uploads\\\/2023\\\/06\\\/2-7.jpg\",\"datePublished\":\"2022-01-31T22:00:00+00:00\",\"dateModified\":\"2024-03-17T15:52:17+00:00\",\"breadcrumb\":{\"@id\":\"https:\\\/\\\/filles-de-la-charite.org\\\/fr\\\/maison-saint-joseph-damas-syrie\\\/#breadcrumb\"},\"inLanguage\":\"fr-FR\",\"potentialAction\":[{\"@type\":\"ReadAction\",\"target\":[\"https:\\\/\\\/filles-de-la-charite.org\\\/fr\\\/maison-saint-joseph-damas-syrie\\\/\"]}]},{\"@type\":\"ImageObject\",\"inLanguage\":\"fr-FR\",\"@id\":\"https:\\\/\\\/filles-de-la-charite.org\\\/fr\\\/maison-saint-joseph-damas-syrie\\\/#primaryimage\",\"url\":\"https:\\\/\\\/filles-de-la-charite.org\\\/wp-content\\\/uploads\\\/2023\\\/06\\\/2-7.jpg\",\"contentUrl\":\"https:\\\/\\\/filles-de-la-charite.org\\\/wp-content\\\/uploads\\\/2023\\\/06\\\/2-7.jpg\",\"width\":1032,\"height\":774},{\"@type\":\"BreadcrumbList\",\"@id\":\"https:\\\/\\\/filles-de-la-charite.org\\\/fr\\\/maison-saint-joseph-damas-syrie\\\/#breadcrumb\",\"itemListElement\":[{\"@type\":\"ListItem\",\"position\":1,\"name\":\"Proche-Orient\",\"item\":\"https:\\\/\\\/filles-de-la-charite.org\\\/fr\\\/category\\\/proche-orient-fr\\\/\"},{\"@type\":\"ListItem\",\"position\":2,\"name\":\"Maison Saint Joseph &#8211; Damas- SYRIE\"}]},{\"@type\":\"WebSite\",\"@id\":\"https:\\\/\\\/filles-de-la-charite.org\\\/fr\\\/#website\",\"url\":\"https:\\\/\\\/filles-de-la-charite.org\\\/fr\\\/\",\"name\":\"Hijas de la Caridad\",\"description\":\"L\u2019amour de J\u00e9sus nous presse \u00e0 prendre soin des personnes les plus d\u00e9munies\",\"publisher\":{\"@id\":\"https:\\\/\\\/filles-de-la-charite.org\\\/fr\\\/#organization\"},\"potentialAction\":[{\"@type\":\"SearchAction\",\"target\":{\"@type\":\"EntryPoint\",\"urlTemplate\":\"https:\\\/\\\/filles-de-la-charite.org\\\/fr\\\/?s={search_term_string}\"},\"query-input\":{\"@type\":\"PropertyValueSpecification\",\"valueRequired\":true,\"valueName\":\"search_term_string\"}}],\"inLanguage\":\"fr-FR\"},{\"@type\":\"Organization\",\"@id\":\"https:\\\/\\\/filles-de-la-charite.org\\\/fr\\\/#organization\",\"name\":\"Hijas de la Caridad\",\"url\":\"https:\\\/\\\/filles-de-la-charite.org\\\/fr\\\/\",\"logo\":{\"@type\":\"ImageObject\",\"inLanguage\":\"fr-FR\",\"@id\":\"https:\\\/\\\/filles-de-la-charite.org\\\/fr\\\/#\\\/schema\\\/logo\\\/image\\\/\",\"url\":\"https:\\\/\\\/filles-de-la-charite.org\\\/wp-content\\\/uploads\\\/2023\\\/03\\\/isotipo-Hijas-de-la-Caridad.png\",\"contentUrl\":\"https:\\\/\\\/filles-de-la-charite.org\\\/wp-content\\\/uploads\\\/2023\\\/03\\\/isotipo-Hijas-de-la-Caridad.png\",\"width\":1417,\"height\":1417,\"caption\":\"Hijas de la Caridad\"},\"image\":{\"@id\":\"https:\\\/\\\/filles-de-la-charite.org\\\/fr\\\/#\\\/schema\\\/logo\\\/image\\\/\"}},{\"@type\":\"Person\",\"@id\":\"https:\\\/\\\/filles-de-la-charite.org\\\/fr\\\/#\\\/schema\\\/person\\\/427567b2eccfc2dd7d206da186a1f438\",\"name\":\"admin\",\"image\":{\"@type\":\"ImageObject\",\"inLanguage\":\"fr-FR\",\"@id\":\"https:\\\/\\\/secure.gravatar.com\\\/avatar\\\/948b492cce32b586ac2db0eaa926ee87024f7afe218d73b397ea5ddfc5f43ea1?s=96&d=mm&r=g\",\"url\":\"https:\\\/\\\/secure.gravatar.com\\\/avatar\\\/948b492cce32b586ac2db0eaa926ee87024f7afe218d73b397ea5ddfc5f43ea1?s=96&d=mm&r=g\",\"contentUrl\":\"https:\\\/\\\/secure.gravatar.com\\\/avatar\\\/948b492cce32b586ac2db0eaa926ee87024f7afe218d73b397ea5ddfc5f43ea1?s=96&d=mm&r=g\",\"caption\":\"admin\"},\"sameAs\":[\"https:\\\/\\\/filles-de-la-charite.org\"],\"url\":\"https:\\\/\\\/filles-de-la-charite.org\\\/fr\\\/author\\\/caridad\\\/\"}]}<\/script>\n<!-- \/ Yoast SEO plugin. -->","yoast_head_json":{"title":"Maison Saint Joseph - Damas- SYRIE - Filles de la Charit\u00e9","robots":{"index":"index","follow":"follow","max-snippet":"max-snippet:-1","max-image-preview":"max-image-preview:large","max-video-preview":"max-video-preview:-1"},"canonical":"https:\/\/filles-de-la-charite.org\/fr\/maison-saint-joseph-damas-syrie\/","og_locale":"fr_FR","og_type":"article","og_title":"Maison Saint Joseph - Damas- SYRIE - Filles de la Charit\u00e9","og_description":"Comment continuer notre Mission apr\u00e8s tant d\u2019ann\u00e9es de guerre et qui n\u2019est pas encore termin\u00e9e&nbsp;? Souffrance, crise \u00e9conomique, chert\u00e9 de vie, pand\u00e9mie\u2026 Nous sommes 3 S\u0153urs au service de la population que le Seigneur nous envoie. Notre Maison \u00e0 Damas n\u2019a pas ferm\u00e9 ses portes m\u00eame durant les moments les plus durs&nbsp;:&nbsp; Un Foyer accueille [&hellip;]","og_url":"https:\/\/filles-de-la-charite.org\/fr\/maison-saint-joseph-damas-syrie\/","og_site_name":"Filles de la Charit\u00e9","article_published_time":"2022-01-31T22:00:00+00:00","article_modified_time":"2024-03-17T15:52:17+00:00","og_image":[{"width":1032,"height":774,"url":"https:\/\/filles-de-la-charite.org\/wp-content\/uploads\/2023\/06\/2-7.jpg","type":"image\/jpeg"}],"author":"admin","twitter_card":"summary_large_image","twitter_misc":{"\u00c9crit par":"admin","Dur\u00e9e de lecture estim\u00e9e":"2 minutes"},"schema":{"@context":"https:\/\/schema.org","@graph":[{"@type":"Article","@id":"https:\/\/filles-de-la-charite.org\/fr\/maison-saint-joseph-damas-syrie\/#article","isPartOf":{"@id":"https:\/\/filles-de-la-charite.org\/fr\/maison-saint-joseph-damas-syrie\/"},"author":{"name":"admin","@id":"https:\/\/filles-de-la-charite.org\/fr\/#\/schema\/person\/427567b2eccfc2dd7d206da186a1f438"},"headline":"Maison Saint Joseph &#8211; Damas- SYRIE","datePublished":"2022-01-31T22:00:00+00:00","dateModified":"2024-03-17T15:52:17+00:00","mainEntityOfPage":{"@id":"https:\/\/filles-de-la-charite.org\/fr\/maison-saint-joseph-damas-syrie\/"},"wordCount":249,"publisher":{"@id":"https:\/\/filles-de-la-charite.org\/fr\/#organization"},"image":{"@id":"https:\/\/filles-de-la-charite.org\/fr\/maison-saint-joseph-damas-syrie\/#primaryimage"},"thumbnailUrl":"https:\/\/filles-de-la-charite.org\/wp-content\/uploads\/2023\/06\/2-7.jpg","articleSection":["Proche-Orient"],"inLanguage":"fr-FR"},{"@type":"WebPage","@id":"https:\/\/filles-de-la-charite.org\/fr\/maison-saint-joseph-damas-syrie\/","url":"https:\/\/filles-de-la-charite.org\/fr\/maison-saint-joseph-damas-syrie\/","name":"Maison Saint Joseph - Damas- SYRIE - Filles de la Charit\u00e9","isPartOf":{"@id":"https:\/\/filles-de-la-charite.org\/fr\/#website"},"primaryImageOfPage":{"@id":"https:\/\/filles-de-la-charite.org\/fr\/maison-saint-joseph-damas-syrie\/#primaryimage"},"image":{"@id":"https:\/\/filles-de-la-charite.org\/fr\/maison-saint-joseph-damas-syrie\/#primaryimage"},"thumbnailUrl":"https:\/\/filles-de-la-charite.org\/wp-content\/uploads\/2023\/06\/2-7.jpg","datePublished":"2022-01-31T22:00:00+00:00","dateModified":"2024-03-17T15:52:17+00:00","breadcrumb":{"@id":"https:\/\/filles-de-la-charite.org\/fr\/maison-saint-joseph-damas-syrie\/#breadcrumb"},"inLanguage":"fr-FR","potentialAction":[{"@type":"ReadAction","target":["https:\/\/filles-de-la-charite.org\/fr\/maison-saint-joseph-damas-syrie\/"]}]},{"@type":"ImageObject","inLanguage":"fr-FR","@id":"https:\/\/filles-de-la-charite.org\/fr\/maison-saint-joseph-damas-syrie\/#primaryimage","url":"https:\/\/filles-de-la-charite.org\/wp-content\/uploads\/2023\/06\/2-7.jpg","contentUrl":"https:\/\/filles-de-la-charite.org\/wp-content\/uploads\/2023\/06\/2-7.jpg","width":1032,"height":774},{"@type":"BreadcrumbList","@id":"https:\/\/filles-de-la-charite.org\/fr\/maison-saint-joseph-damas-syrie\/#breadcrumb","itemListElement":[{"@type":"ListItem","position":1,"name":"Proche-Orient","item":"https:\/\/filles-de-la-charite.org\/fr\/category\/proche-orient-fr\/"},{"@type":"ListItem","position":2,"name":"Maison Saint Joseph &#8211; Damas- SYRIE"}]},{"@type":"WebSite","@id":"https:\/\/filles-de-la-charite.org\/fr\/#website","url":"https:\/\/filles-de-la-charite.org\/fr\/","name":"Hijas de la Caridad","description":"L\u2019amour de J\u00e9sus nous presse \u00e0 prendre soin des personnes les plus d\u00e9munies","publisher":{"@id":"https:\/\/filles-de-la-charite.org\/fr\/#organization"},"potentialAction":[{"@type":"SearchAction","target":{"@type":"EntryPoint","urlTemplate":"https:\/\/filles-de-la-charite.org\/fr\/?s={search_term_string}"},"query-input":{"@type":"PropertyValueSpecification","valueRequired":true,"valueName":"search_term_string"}}],"inLanguage":"fr-FR"},{"@type":"Organization","@id":"https:\/\/filles-de-la-charite.org\/fr\/#organization","name":"Hijas de la Caridad","url":"https:\/\/filles-de-la-charite.org\/fr\/","logo":{"@type":"ImageObject","inLanguage":"fr-FR","@id":"https:\/\/filles-de-la-charite.org\/fr\/#\/schema\/logo\/image\/","url":"https:\/\/filles-de-la-charite.org\/wp-content\/uploads\/2023\/03\/isotipo-Hijas-de-la-Caridad.png","contentUrl":"https:\/\/filles-de-la-charite.org\/wp-content\/uploads\/2023\/03\/isotipo-Hijas-de-la-Caridad.png","width":1417,"height":1417,"caption":"Hijas de la Caridad"},"image":{"@id":"https:\/\/filles-de-la-charite.org\/fr\/#\/schema\/logo\/image\/"}},{"@type":"Person","@id":"https:\/\/filles-de-la-charite.org\/fr\/#\/schema\/person\/427567b2eccfc2dd7d206da186a1f438","name":"admin","image":{"@type":"ImageObject","inLanguage":"fr-FR","@id":"https:\/\/secure.gravatar.com\/avatar\/948b492cce32b586ac2db0eaa926ee87024f7afe218d73b397ea5ddfc5f43ea1?s=96&d=mm&r=g","url":"https:\/\/secure.gravatar.com\/avatar\/948b492cce32b586ac2db0eaa926ee87024f7afe218d73b397ea5ddfc5f43ea1?s=96&d=mm&r=g","contentUrl":"https:\/\/secure.gravatar.com\/avatar\/948b492cce32b586ac2db0eaa926ee87024f7afe218d73b397ea5ddfc5f43ea1?s=96&d=mm&r=g","caption":"admin"},"sameAs":["https:\/\/filles-de-la-charite.org"],"url":"https:\/\/filles-de-la-charite.org\/fr\/author\/caridad\/"}]}},"_links":{"self":[{"href":"https:\/\/filles-de-la-charite.org\/fr\/wp-json\/wp\/v2\/posts\/22569","targetHints":{"allow":["GET"]}}],"collection":[{"href":"https:\/\/filles-de-la-charite.org\/fr\/wp-json\/wp\/v2\/posts"}],"about":[{"href":"https:\/\/filles-de-la-charite.org\/fr\/wp-json\/wp\/v2\/types\/post"}],"author":[{"embeddable":true,"href":"https:\/\/filles-de-la-charite.org\/fr\/wp-json\/wp\/v2\/users\/1"}],"replies":[{"embeddable":true,"href":"https:\/\/filles-de-la-charite.org\/fr\/wp-json\/wp\/v2\/comments?post=22569"}],"version-history":[{"count":1,"href":"https:\/\/filles-de-la-charite.org\/fr\/wp-json\/wp\/v2\/posts\/22569\/revisions"}],"predecessor-version":[{"id":22570,"href":"https:\/\/filles-de-la-charite.org\/fr\/wp-json\/wp\/v2\/posts\/22569\/revisions\/22570"}],"wp:featuredmedia":[{"embeddable":true,"href":"https:\/\/filles-de-la-charite.org\/fr\/wp-json\/wp\/v2\/media\/16279"}],"wp:attachment":[{"href":"https:\/\/filles-de-la-charite.org\/fr\/wp-json\/wp\/v2\/media?parent=22569"}],"wp:term":[{"taxonomy":"category","embeddable":true,"href":"https:\/\/filles-de-la-charite.org\/fr\/wp-json\/wp\/v2\/categories?post=22569"},{"taxonomy":"post_tag","embeddable":true,"href":"https:\/\/filles-de-la-charite.org\/fr\/wp-json\/wp\/v2\/tags?post=22569"}],"curies":[{"name":"wp","href":"https:\/\/api.w.org\/{rel}","templated":true}]}}